{"id":46377,"date":"2026-09-02T13:24:04","date_gmt":"2026-09-02T10:24:04","guid":{"rendered":"https:\/\/haberkuzey.com\/index.php\/2026\/09\/02\/trumpin-yeni-tehdidi-falkland-adalari\/"},"modified":"2026-09-02T13:24:04","modified_gmt":"2026-09-02T10:24:04","slug":"trumpin-yeni-tehdidi-falkland-adalari","status":"publish","type":"post","link":"https:\/\/haberkuzey.com\/index.php\/2026\/09\/02\/trumpin-yeni-tehdidi-falkland-adalari\/","title":{"rendered":"Trump&#8217;\u0131n yeni tehdidi: Falkland Adalar\u0131"},"content":{"rendered":"<p><\/p>\n<div>\n<p>&#13;<br \/>\n\tABD Ba\u015fkan\u0131 Donald Trump, Birle\u015fik Krall\u0131k\u2019\u0131n Falkland Adalar\u0131 \u00fczerindeki egemenli\u011fine ili\u015fkin ABD\u2019nin mevcut tutumunu g\u00f6zden ge\u00e7irebilece\u011fini a\u00e7\u0131klad\u0131.<\/p>\n<p>&#13;<br \/>\n\tTrump, Oval Ofis\u2019te gazetecilerin Falkland Adalar\u0131\u2019n\u0131n egemenli\u011fi konusundaki tutumunun de\u011fi\u015fip de\u011fi\u015fmeyece\u011fine ili\u015fkin sorusu \u00fczerine, \u201cHer tutumu her zaman g\u00f6zden ge\u00e7iririm. Bu da pek \u00e7ok tutumdan yaln\u0131zca biri\u201d ifadelerini kulland\u0131.<\/p>\n<p>&#13;<br \/>\n\tTrump\u2019\u0131n a\u00e7\u0131klamas\u0131, ABD y\u00f6netiminin Birle\u015fik Krall\u0131k\u2019\u0131 savunma harcamalar\u0131n\u0131 art\u0131rmaya te\u015fvik etmek amac\u0131yla Falkland Adalar\u0131 konusundaki politikas\u0131n\u0131 de\u011fi\u015ftirebilece\u011fi y\u00f6n\u00fcndeki haberlerin ard\u0131ndan geldi.<\/p>\n<h2>&#13;<br \/>\n\t<strong>ABD\u2019den Londra\u2019ya savunma harcamas\u0131 bask\u0131s\u0131<\/strong><\/h2>\n<p>&#13;<br \/>\n\t\u00dcst d\u00fczey bir ABD yetkilisi, <em>The Telegraph<\/em> gazetesine yapt\u0131\u011f\u0131 a\u00e7\u0131klamada, Pentagon\u2019un NATO m\u00fcttefiklerinin savunma harcamalar\u0131n\u0131 art\u0131rma taahh\u00fctlerini g\u00f6zden ge\u00e7irdi\u011fini ve bu de\u011ferlendirmede Birle\u015fik Krall\u0131k\u2019a \u201c\u00f6zel \u00f6nem\u201d verilece\u011fini belirtti.<\/p>\n<p>&#13;<br \/>\n\tYetkililer, Washington\u2019\u0131n Falkland Adalar\u0131 \u00fczerindeki Britanya egemenli\u011fine ili\u015fkin tutumunu de\u011fi\u015ftirmesinin, Londra\u2019y\u0131 savunma harcamalar\u0131n\u0131 art\u0131rmaya te\u015fvik etmek i\u00e7in de\u011ferlendirilen se\u00e7eneklerden biri oldu\u011funu ifade etti.<\/p>\n<p>&#13;<br \/>\n\tBirle\u015fik Krall\u0131k Maliye Bakan\u0131 John Healey ise \u00fclkesinin savunma harcamalar\u0131n\u0131 GSY\u0130H\u2019nin y\u00fczde 3\u2019\u00fcne \u00e7\u0131karma hedefinin arkas\u0131nda oldu\u011funu belirtti. Healey, s\u00f6z konusu plan\u0131n ilkbaharda yap\u0131lacak de\u011ferlendirmede a\u00e7\u0131klanaca\u011f\u0131n\u0131 s\u00f6yledi.<\/p>\n<p>&#13;<br \/>\n\tHealey ayr\u0131ca ABD\u2019nin Falkland Adalar\u0131\u2019n\u0131n egemenli\u011fi konusunda Arjantin\u2019in yan\u0131nda yer alabilece\u011fi y\u00f6n\u00fcndeki iddialar\u0131 duymad\u0131\u011f\u0131n\u0131 belirterek, \u201cFalkland Adalar\u0131 Britanya\u2019ya aittir. Ada halk\u0131 bunu istedi\u011fi s\u00fcrece de Britanya\u2019ya ba\u011fl\u0131 kalacakt\u0131r.\u201d dedi.<\/p>\n<h2>&#13;<br \/>\n\t<strong>Falkland Adalar\u0131 \u00fczerindeki egemenlik tart\u0131\u015fmas\u0131<\/strong><\/h2>\n<p>&#13;<br \/>\n\tG\u00fcney Atlantik\u2019te bulunan Falkland Adalar\u0131, Birle\u015fik Krall\u0131k taraf\u0131ndan y\u00f6netiliyor. Arjantin ise adalar \u00fczerinde uzun s\u00fcredir egemenlik iddias\u0131nda bulunuyor.<\/p>\n<p>&#13;<br \/>\n\tBirle\u015fik Krall\u0131k h\u00fck\u00fcmeti de Falkland Adalar\u0131\u2019n\u0131n, halk\u0131n\u0131n iradesi do\u011frultusunda Britanya Deniza\u015f\u0131r\u0131 B\u00f6lgesi olarak kalmas\u0131na y\u00f6nelik \u201ck\u00f6kl\u00fc ve sars\u0131lmaz\u201d ba\u011fl\u0131l\u0131\u011f\u0131n\u0131 yineledi.<\/p>\n<p>&#13;<br \/>\n\tLondra y\u00f6netimi ayr\u0131ca NATO\u2019daki rol\u00fcne ve Avrupa\u2019n\u0131n kolektif savunmas\u0131na yapt\u0131\u011f\u0131 katk\u0131ya dikkat \u00e7ekerek savunma harcamalar\u0131n\u0131n \u00f6nemini vurgulad\u0131.<\/p>\n<h2>&#13;<br \/>\n\t<strong>Pentagon\u2019dan daha \u00f6nce de Falkland tehdidi<\/strong><\/h2>\n<p>&#13;<br \/>\n\tFalkland Adalar\u0131 tart\u0131\u015fmas\u0131, Pentagon\u2019a ait oldu\u011fu belirtilen ve nisanda s\u0131zd\u0131r\u0131lan bir i\u00e7 yaz\u0131\u015fmayla yeniden g\u00fcndeme gelmi\u015fti. S\u00f6z konusu yaz\u0131\u015fmada, Birle\u015fik Krall\u0131k\u2019\u0131n \u0130ran sava\u015f\u0131na yeterli destek vermemesi halinde ABD\u2019nin Falkland Adalar\u0131 \u00fczerindeki Britanya egemenli\u011fine ili\u015fkin tutumunu g\u00f6zden ge\u00e7irebilece\u011fi \u00f6ne s\u00fcr\u00fclm\u00fc\u015ft\u00fc.<\/p>\n<p>&#13;<br \/>\n\tTrump y\u00f6netimi ile Avrupa \u00fclkeleri aras\u0131ndaki gerilim ise son aylarda NATO\u2019ya yap\u0131lan savunma harcamalar\u0131 ve \u0130ran\u2019a y\u00f6nelik ABD askeri operasyonlar\u0131na verilen destek konusunda art\u0131yor.<\/p>\n<p>&#13;<br \/>\n\tTrump daha \u00f6nce NATO m\u00fcttefiklerinin savunmaya yeterince kaynak ay\u0131rmad\u0131\u011f\u0131n\u0131 savunarak baz\u0131 Avrupa \u00fclkelerine y\u00f6nelik sert ele\u015ftirilerde bulunmu\u015f, ABD askerlerinin Avrupa\u2019dan \u00e7ekilebilece\u011fi ve Washington\u2019\u0131n NATO\u2019dan ayr\u0131labilece\u011fi y\u00f6n\u00fcnde de tehditlerde bulunmu\u015ftu.<\/p>\n<\/p><\/div>\n","protected":false},"excerpt":{"rendered":"<p>&#13; ABD Ba\u015fkan\u0131 Donald Trump, Birle\u015fik Krall\u0131k\u2019\u0131n Falkland Adalar\u0131 \u00fczerindeki egemenli\u011fine ili\u015fkin ABD\u2019nin mevcut tutumunu g\u00f6zden ge\u00e7irebilece\u011fini a\u00e7\u0131klad\u0131. &#13; Trump, Oval Ofis\u2019te gazetecilerin Falkland Adalar\u0131\u2019n\u0131n egemenli\u011fi konusundaki tutumunun de\u011fi\u015fip de\u011fi\u015fmeyece\u011fine ili\u015fkin sorusu \u00fczerine, \u201cHer tutumu her zaman g\u00f6zden ge\u00e7iririm. Bu da pek \u00e7ok tutumdan yaln\u0131zca biri\u201d ifadelerini kulland\u0131. &#13; Trump\u2019\u0131n a\u00e7\u0131klamas\u0131, ABD y\u00f6netiminin Birle\u015fik Krall\u0131k\u2019\u0131 [&hellip;]<\/p>\n","protected":false},"author":1,"featured_media":39130,"comment_status":"open","ping_status":"open","sticky":false,"template":"","format":"standard","meta":{"jnews-multi-image_gallery":[],"jnews_single_post":[],"jnews_primary_category":[],"footnotes":""},"categories":[2],"tags":[],"class_list":["post-46377","post","type-post","status-publish","format-standard","has-post-thumbnail","hentry","category-dunya"],"yoast_head":"<!-- This site is optimized with the Yoast SEO plugin v28.4 - https:\/\/yoast.com\/product\/yoast-seo-wordpress\/ -->\n<title>Trump&#039;\u0131n yeni tehdidi: Falkland Adalar\u0131 - Haber Kuzey<\/title>\n<meta name=\"robots\" content=\"index, follow, max-snippet:-1, max-image-preview:large, max-video-preview:-1\" \/>\n<link rel=\"canonical\" href=\"https:\/\/haberkuzey.com\/index.php\/2026\/09\/02\/trumpin-yeni-tehdidi-falkland-adalari\/\" \/>\n<meta property=\"og:locale\" content=\"tr_TR\" \/>\n<meta property=\"og:type\" content=\"article\" \/>\n<meta property=\"og:title\" content=\"Trump&#039;\u0131n yeni tehdidi: Falkland Adalar\u0131 - Haber Kuzey\" \/>\n<meta property=\"og:description\" content=\"&#013; ABD Ba\u015fkan\u0131 Donald Trump, Birle\u015fik Krall\u0131k\u2019\u0131n Falkland Adalar\u0131 \u00fczerindeki egemenli\u011fine ili\u015fkin ABD\u2019nin mevcut tutumunu g\u00f6zden ge\u00e7irebilece\u011fini a\u00e7\u0131klad\u0131. &#013; Trump, Oval Ofis\u2019te gazetecilerin Falkland Adalar\u0131\u2019n\u0131n egemenli\u011fi konusundaki tutumunun de\u011fi\u015fip de\u011fi\u015fmeyece\u011fine ili\u015fkin sorusu \u00fczerine, \u201cHer tutumu her zaman g\u00f6zden ge\u00e7iririm. Bu da pek \u00e7ok tutumdan yaln\u0131zca biri\u201d ifadelerini kulland\u0131. &#013; Trump\u2019\u0131n a\u00e7\u0131klamas\u0131, ABD y\u00f6netiminin Birle\u015fik Krall\u0131k\u2019\u0131 [&hellip;]\" \/>\n<meta property=\"og:url\" content=\"https:\/\/haberkuzey.com\/index.php\/2026\/09\/02\/trumpin-yeni-tehdidi-falkland-adalari\/\" \/>\n<meta property=\"og:site_name\" content=\"Haber Kuzey\" \/>\n<meta property=\"article:published_time\" content=\"2026-09-02T10:24:04+00:00\" \/>\n<meta property=\"og:image\" content=\"https:\/\/trthaberstatic.cdn.wp.trt.com.tr\/resimler\/2442000\/trump-re-2443233.jpg\" \/>\n<meta name=\"author\" content=\"haberkuzey\" \/>\n<meta name=\"twitter:card\" content=\"summary_large_image\" \/>\n<meta name=\"twitter:label1\" content=\"Yazan:\" \/>\n\t<meta name=\"twitter:data1\" content=\"haberkuzey\" \/>\n\t<meta name=\"twitter:label2\" content=\"Tahmini okuma s\u00fcresi\" \/>\n\t<meta name=\"twitter:data2\" content=\"3 dakika\" \/>\n<script type=\"application\/ld+json\" class=\"yoast-schema-graph\">{\"@context\":\"https:\\\/\\\/schema.org\",\"@graph\":[{\"@type\":\"Article\",\"@id\":\"https:\\\/\\\/haberkuzey.com\\\/index.php\\\/2026\\\/09\\\/02\\\/trumpin-yeni-tehdidi-falkland-adalari\\\/#article\",\"isPartOf\":{\"@id\":\"https:\\\/\\\/haberkuzey.com\\\/index.php\\\/2026\\\/09\\\/02\\\/trumpin-yeni-tehdidi-falkland-adalari\\\/\"},\"author\":{\"name\":\"haberkuzey\",\"@id\":\"https:\\\/\\\/haberkuzey.com\\\/#\\\/schema\\\/person\\\/3372109ec735f9333f4fa47ebb9605ca\"},\"headline\":\"Trump&#8217;\u0131n yeni tehdidi: Falkland Adalar\u0131\",\"datePublished\":\"2026-09-02T10:24:04+00:00\",\"mainEntityOfPage\":{\"@id\":\"https:\\\/\\\/haberkuzey.com\\\/index.php\\\/2026\\\/09\\\/02\\\/trumpin-yeni-tehdidi-falkland-adalari\\\/\"},\"wordCount\":530,\"commentCount\":0,\"image\":{\"@id\":\"https:\\\/\\\/haberkuzey.com\\\/index.php\\\/2026\\\/09\\\/02\\\/trumpin-yeni-tehdidi-falkland-adalari\\\/#primaryimage\"},\"thumbnailUrl\":\"https:\\\/\\\/haberkuzey.com\\\/wp-content\\\/uploads\\\/2026\\\/05\\\/trump-re-2443233.jpg\",\"articleSection\":[\"D\u00fcnya\"],\"inLanguage\":\"tr\",\"potentialAction\":[{\"@type\":\"CommentAction\",\"name\":\"Comment\",\"target\":[\"https:\\\/\\\/haberkuzey.com\\\/index.php\\\/2026\\\/09\\\/02\\\/trumpin-yeni-tehdidi-falkland-adalari\\\/#respond\"]}]},{\"@type\":\"WebPage\",\"@id\":\"https:\\\/\\\/haberkuzey.com\\\/index.php\\\/2026\\\/09\\\/02\\\/trumpin-yeni-tehdidi-falkland-adalari\\\/\",\"url\":\"https:\\\/\\\/haberkuzey.com\\\/index.php\\\/2026\\\/09\\\/02\\\/trumpin-yeni-tehdidi-falkland-adalari\\\/\",\"name\":\"Trump'\u0131n yeni tehdidi: Falkland Adalar\u0131 - Haber Kuzey\",\"isPartOf\":{\"@id\":\"https:\\\/\\\/haberkuzey.com\\\/#website\"},\"primaryImageOfPage\":{\"@id\":\"https:\\\/\\\/haberkuzey.com\\\/index.php\\\/2026\\\/09\\\/02\\\/trumpin-yeni-tehdidi-falkland-adalari\\\/#primaryimage\"},\"image\":{\"@id\":\"https:\\\/\\\/haberkuzey.com\\\/index.php\\\/2026\\\/09\\\/02\\\/trumpin-yeni-tehdidi-falkland-adalari\\\/#primaryimage\"},\"thumbnailUrl\":\"https:\\\/\\\/haberkuzey.com\\\/wp-content\\\/uploads\\\/2026\\\/05\\\/trump-re-2443233.jpg\",\"datePublished\":\"2026-09-02T10:24:04+00:00\",\"author\":{\"@id\":\"https:\\\/\\\/haberkuzey.com\\\/#\\\/schema\\\/person\\\/3372109ec735f9333f4fa47ebb9605ca\"},\"breadcrumb\":{\"@id\":\"https:\\\/\\\/haberkuzey.com\\\/index.php\\\/2026\\\/09\\\/02\\\/trumpin-yeni-tehdidi-falkland-adalari\\\/#breadcrumb\"},\"inLanguage\":\"tr\",\"potentialAction\":[{\"@type\":\"ReadAction\",\"target\":[\"https:\\\/\\\/haberkuzey.com\\\/index.php\\\/2026\\\/09\\\/02\\\/trumpin-yeni-tehdidi-falkland-adalari\\\/\"]}]},{\"@type\":\"ImageObject\",\"inLanguage\":\"tr\",\"@id\":\"https:\\\/\\\/haberkuzey.com\\\/index.php\\\/2026\\\/09\\\/02\\\/trumpin-yeni-tehdidi-falkland-adalari\\\/#primaryimage\",\"url\":\"https:\\\/\\\/haberkuzey.com\\\/wp-content\\\/uploads\\\/2026\\\/05\\\/trump-re-2443233.jpg\",\"contentUrl\":\"https:\\\/\\\/haberkuzey.com\\\/wp-content\\\/uploads\\\/2026\\\/05\\\/trump-re-2443233.jpg\",\"width\":1280,\"height\":720},{\"@type\":\"BreadcrumbList\",\"@id\":\"https:\\\/\\\/haberkuzey.com\\\/index.php\\\/2026\\\/09\\\/02\\\/trumpin-yeni-tehdidi-falkland-adalari\\\/#breadcrumb\",\"itemListElement\":[{\"@type\":\"ListItem\",\"position\":1,\"name\":\"Anasayfa\",\"item\":\"https:\\\/\\\/haberkuzey.com\\\/\"},{\"@type\":\"ListItem\",\"position\":2,\"name\":\"Trump&#8217;\u0131n yeni tehdidi: Falkland Adalar\u0131\"}]},{\"@type\":\"WebSite\",\"@id\":\"https:\\\/\\\/haberkuzey.com\\\/#website\",\"url\":\"https:\\\/\\\/haberkuzey.com\\\/\",\"name\":\"Haber Kuzey\",\"description\":\"Do\u011fru Haberin Adresi\",\"potentialAction\":[{\"@type\":\"SearchAction\",\"target\":{\"@type\":\"EntryPoint\",\"urlTemplate\":\"https:\\\/\\\/haberkuzey.com\\\/?s={search_term_string}\"},\"query-input\":{\"@type\":\"PropertyValueSpecification\",\"valueRequired\":true,\"valueName\":\"search_term_string\"}}],\"inLanguage\":\"tr\"},{\"@type\":\"Person\",\"@id\":\"https:\\\/\\\/haberkuzey.com\\\/#\\\/schema\\\/person\\\/3372109ec735f9333f4fa47ebb9605ca\",\"name\":\"haberkuzey\",\"image\":{\"@type\":\"ImageObject\",\"inLanguage\":\"tr\",\"@id\":\"https:\\\/\\\/secure.gravatar.com\\\/avatar\\\/f5fc875574b1575324358c3b9e6a32b8227aa5b74f3fa22e3cadb63e26fcc39c?s=96&d=mm&r=g\",\"url\":\"https:\\\/\\\/secure.gravatar.com\\\/avatar\\\/f5fc875574b1575324358c3b9e6a32b8227aa5b74f3fa22e3cadb63e26fcc39c?s=96&d=mm&r=g\",\"contentUrl\":\"https:\\\/\\\/secure.gravatar.com\\\/avatar\\\/f5fc875574b1575324358c3b9e6a32b8227aa5b74f3fa22e3cadb63e26fcc39c?s=96&d=mm&r=g\",\"caption\":\"haberkuzey\"},\"sameAs\":[\"https:\\\/\\\/haberkuzey.com\"],\"url\":\"https:\\\/\\\/haberkuzey.com\\\/index.php\\\/author\\\/haberkuzey\\\/\"}]}<\/script>\n<!-- \/ Yoast SEO plugin. -->","yoast_head_json":{"title":"Trump'\u0131n yeni tehdidi: Falkland Adalar\u0131 - Haber Kuzey","robots":{"index":"index","follow":"follow","max-snippet":"max-snippet:-1","max-image-preview":"max-image-preview:large","max-video-preview":"max-video-preview:-1"},"canonical":"https:\/\/haberkuzey.com\/index.php\/2026\/09\/02\/trumpin-yeni-tehdidi-falkland-adalari\/","og_locale":"tr_TR","og_type":"article","og_title":"Trump'\u0131n yeni tehdidi: Falkland Adalar\u0131 - Haber Kuzey","og_description":"&#13; ABD Ba\u015fkan\u0131 Donald Trump, Birle\u015fik Krall\u0131k\u2019\u0131n Falkland Adalar\u0131 \u00fczerindeki egemenli\u011fine ili\u015fkin ABD\u2019nin mevcut tutumunu g\u00f6zden ge\u00e7irebilece\u011fini a\u00e7\u0131klad\u0131. &#13; Trump, Oval Ofis\u2019te gazetecilerin Falkland Adalar\u0131\u2019n\u0131n egemenli\u011fi konusundaki tutumunun de\u011fi\u015fip de\u011fi\u015fmeyece\u011fine ili\u015fkin sorusu \u00fczerine, \u201cHer tutumu her zaman g\u00f6zden ge\u00e7iririm. Bu da pek \u00e7ok tutumdan yaln\u0131zca biri\u201d ifadelerini kulland\u0131. &#13; Trump\u2019\u0131n a\u00e7\u0131klamas\u0131, ABD y\u00f6netiminin Birle\u015fik Krall\u0131k\u2019\u0131 [&hellip;]","og_url":"https:\/\/haberkuzey.com\/index.php\/2026\/09\/02\/trumpin-yeni-tehdidi-falkland-adalari\/","og_site_name":"Haber Kuzey","article_published_time":"2026-09-02T10:24:04+00:00","og_image":[{"url":"https:\/\/trthaberstatic.cdn.wp.trt.com.tr\/resimler\/2442000\/trump-re-2443233.jpg","type":"","width":"","height":""}],"author":"haberkuzey","twitter_card":"summary_large_image","twitter_misc":{"Yazan:":"haberkuzey","Tahmini okuma s\u00fcresi":"3 dakika"},"schema":{"@context":"https:\/\/schema.org","@graph":[{"@type":"Article","@id":"https:\/\/haberkuzey.com\/index.php\/2026\/09\/02\/trumpin-yeni-tehdidi-falkland-adalari\/#article","isPartOf":{"@id":"https:\/\/haberkuzey.com\/index.php\/2026\/09\/02\/trumpin-yeni-tehdidi-falkland-adalari\/"},"author":{"name":"haberkuzey","@id":"https:\/\/haberkuzey.com\/#\/schema\/person\/3372109ec735f9333f4fa47ebb9605ca"},"headline":"Trump&#8217;\u0131n yeni tehdidi: Falkland Adalar\u0131","datePublished":"2026-09-02T10:24:04+00:00","mainEntityOfPage":{"@id":"https:\/\/haberkuzey.com\/index.php\/2026\/09\/02\/trumpin-yeni-tehdidi-falkland-adalari\/"},"wordCount":530,"commentCount":0,"image":{"@id":"https:\/\/haberkuzey.com\/index.php\/2026\/09\/02\/trumpin-yeni-tehdidi-falkland-adalari\/#primaryimage"},"thumbnailUrl":"https:\/\/haberkuzey.com\/wp-content\/uploads\/2026\/05\/trump-re-2443233.jpg","articleSection":["D\u00fcnya"],"inLanguage":"tr","potentialAction":[{"@type":"CommentAction","name":"Comment","target":["https:\/\/haberkuzey.com\/index.php\/2026\/09\/02\/trumpin-yeni-tehdidi-falkland-adalari\/#respond"]}]},{"@type":"WebPage","@id":"https:\/\/haberkuzey.com\/index.php\/2026\/09\/02\/trumpin-yeni-tehdidi-falkland-adalari\/","url":"https:\/\/haberkuzey.com\/index.php\/2026\/09\/02\/trumpin-yeni-tehdidi-falkland-adalari\/","name":"Trump'\u0131n yeni tehdidi: Falkland Adalar\u0131 - Haber Kuzey","isPartOf":{"@id":"https:\/\/haberkuzey.com\/#website"},"primaryImageOfPage":{"@id":"https:\/\/haberkuzey.com\/index.php\/2026\/09\/02\/trumpin-yeni-tehdidi-falkland-adalari\/#primaryimage"},"image":{"@id":"https:\/\/haberkuzey.com\/index.php\/2026\/09\/02\/trumpin-yeni-tehdidi-falkland-adalari\/#primaryimage"},"thumbnailUrl":"https:\/\/haberkuzey.com\/wp-content\/uploads\/2026\/05\/trump-re-2443233.jpg","datePublished":"2026-09-02T10:24:04+00:00","author":{"@id":"https:\/\/haberkuzey.com\/#\/schema\/person\/3372109ec735f9333f4fa47ebb9605ca"},"breadcrumb":{"@id":"https:\/\/haberkuzey.com\/index.php\/2026\/09\/02\/trumpin-yeni-tehdidi-falkland-adalari\/#breadcrumb"},"inLanguage":"tr","potentialAction":[{"@type":"ReadAction","target":["https:\/\/haberkuzey.com\/index.php\/2026\/09\/02\/trumpin-yeni-tehdidi-falkland-adalari\/"]}]},{"@type":"ImageObject","inLanguage":"tr","@id":"https:\/\/haberkuzey.com\/index.php\/2026\/09\/02\/trumpin-yeni-tehdidi-falkland-adalari\/#primaryimage","url":"https:\/\/haberkuzey.com\/wp-content\/uploads\/2026\/05\/trump-re-2443233.jpg","contentUrl":"https:\/\/haberkuzey.com\/wp-content\/uploads\/2026\/05\/trump-re-2443233.jpg","width":1280,"height":720},{"@type":"BreadcrumbList","@id":"https:\/\/haberkuzey.com\/index.php\/2026\/09\/02\/trumpin-yeni-tehdidi-falkland-adalari\/#breadcrumb","itemListElement":[{"@type":"ListItem","position":1,"name":"Anasayfa","item":"https:\/\/haberkuzey.com\/"},{"@type":"ListItem","position":2,"name":"Trump&#8217;\u0131n yeni tehdidi: Falkland Adalar\u0131"}]},{"@type":"WebSite","@id":"https:\/\/haberkuzey.com\/#website","url":"https:\/\/haberkuzey.com\/","name":"Haber Kuzey","description":"Do\u011fru Haberin Adresi","potentialAction":[{"@type":"SearchAction","target":{"@type":"EntryPoint","urlTemplate":"https:\/\/haberkuzey.com\/?s={search_term_string}"},"query-input":{"@type":"PropertyValueSpecification","valueRequired":true,"valueName":"search_term_string"}}],"inLanguage":"tr"},{"@type":"Person","@id":"https:\/\/haberkuzey.com\/#\/schema\/person\/3372109ec735f9333f4fa47ebb9605ca","name":"haberkuzey","image":{"@type":"ImageObject","inLanguage":"tr","@id":"https:\/\/secure.gravatar.com\/avatar\/f5fc875574b1575324358c3b9e6a32b8227aa5b74f3fa22e3cadb63e26fcc39c?s=96&d=mm&r=g","url":"https:\/\/secure.gravatar.com\/avatar\/f5fc875574b1575324358c3b9e6a32b8227aa5b74f3fa22e3cadb63e26fcc39c?s=96&d=mm&r=g","contentUrl":"https:\/\/secure.gravatar.com\/avatar\/f5fc875574b1575324358c3b9e6a32b8227aa5b74f3fa22e3cadb63e26fcc39c?s=96&d=mm&r=g","caption":"haberkuzey"},"sameAs":["https:\/\/haberkuzey.com"],"url":"https:\/\/haberkuzey.com\/index.php\/author\/haberkuzey\/"}]}},"_links":{"self":[{"href":"https:\/\/haberkuzey.com\/index.php\/wp-json\/wp\/v2\/posts\/46377","targetHints":{"allow":["GET"]}}],"collection":[{"href":"https:\/\/haberkuzey.com\/index.php\/wp-json\/wp\/v2\/posts"}],"about":[{"href":"https:\/\/haberkuzey.com\/index.php\/wp-json\/wp\/v2\/types\/post"}],"author":[{"embeddable":true,"href":"https:\/\/haberkuzey.com\/index.php\/wp-json\/wp\/v2\/users\/1"}],"replies":[{"embeddable":true,"href":"https:\/\/haberkuzey.com\/index.php\/wp-json\/wp\/v2\/comments?post=46377"}],"version-history":[{"count":0,"href":"https:\/\/haberkuzey.com\/index.php\/wp-json\/wp\/v2\/posts\/46377\/revisions"}],"wp:featuredmedia":[{"embeddable":true,"href":"https:\/\/haberkuzey.com\/index.php\/wp-json\/wp\/v2\/media\/39130"}],"wp:attachment":[{"href":"https:\/\/haberkuzey.com\/index.php\/wp-json\/wp\/v2\/media?parent=46377"}],"wp:term":[{"taxonomy":"category","embeddable":true,"href":"https:\/\/haberkuzey.com\/index.php\/wp-json\/wp\/v2\/categories?post=46377"},{"taxonomy":"post_tag","embeddable":true,"href":"https:\/\/haberkuzey.com\/index.php\/wp-json\/wp\/v2\/tags?post=46377"}],"curies":[{"name":"wp","href":"https:\/\/api.w.org\/{rel}","templated":true}]}}