{"id":46360,"date":"2026-09-02T01:12:03","date_gmt":"2026-09-01T22:12:03","guid":{"rendered":"https:\/\/haberkuzey.com\/index.php\/2026\/09\/02\/iran-ordusu-bahreynde-abd-hedeflerini-vurdugunu-duyurdu\/"},"modified":"2026-09-02T01:12:03","modified_gmt":"2026-09-01T22:12:03","slug":"iran-ordusu-bahreynde-abd-hedeflerini-vurdugunu-duyurdu","status":"publish","type":"post","link":"https:\/\/haberkuzey.com\/index.php\/2026\/09\/02\/iran-ordusu-bahreynde-abd-hedeflerini-vurdugunu-duyurdu\/","title":{"rendered":"\u0130ran ordusu, Bahreyn&#8217;de ABD hedeflerini vurdu\u011funu duyurdu"},"content":{"rendered":"<p><\/p>\n<div>\n<p>&#13;<br \/>\n\t\u0130ran Ordusu Halkla \u0130li\u015fkiler Biriminden yap\u0131lan a\u00e7\u0131klamada, sald\u0131r\u0131n\u0131n &#8220;\u015eim\u015fek&#8221; operasyonunun 29. a\u015famas\u0131 kapsam\u0131nda ger\u00e7ekle\u015ftirildi\u011fi belirtildi.<\/p>\n<p>&#13;<br \/>\n\tA\u00e7\u0131klamada, &#8220;\u0130ran \u0130slam Cumhuriyeti Ordusu, Bahreyn&#8217;de \u015eeyh \u0130sa Hava \u00dcss\u00fc&#8217;ndeki radar tesislerini ve ABD&#8217;li ter\u00f6rist g\u00fc\u00e7lerin topland\u0131\u011f\u0131 merkezleri yo\u011fun imha edici \u0130HA sald\u0131r\u0131lar\u0131yla hedef ald\u0131.&#8221; ifadelerine yer verildi.<\/p>\n<p>&#13;<br \/>\n\tBahreyn&#8217;deki \u015eeyh \u0130sa Hava \u00dcss\u00fc&#8217;n\u00fcn Basra K\u00f6rfezi b\u00f6lgesindeki ABD&#8217;nin en \u00f6nemli ve hassas \u00fcslerinden biri oldu\u011fu belirtilen a\u00e7\u0131klamada, \u00fcss\u00fcn helikopter ve \u0130HA par\u00e7alar\u0131n\u0131n bak\u0131m onar\u0131m\u0131n\u0131n yap\u0131ld\u0131\u011f\u0131 merkezlerden biri oldu\u011fu ve ke\u015fif u\u00e7aklar\u0131na ev sahipli\u011fi yapt\u0131\u011f\u0131 kaydedildi.<\/p>\n<p>&#13;<br \/>\n\t\u0130ran ordusu, sald\u0131r\u0131lar\u0131n devam edece\u011fini bildirdi.<\/p>\n<p>&#13;<br \/>\n\tABD Merkez Kuvvetler Komutanl\u0131\u011f\u0131 (CENTCOM), d\u00fcn, \u0130ran&#8217;da Devrim Muhaf\u0131zlar\u0131 Ordusu hedeflerine sald\u0131r\u0131 ba\u015flatt\u0131\u011f\u0131n\u0131 a\u00e7\u0131klam\u0131\u015ft\u0131.<\/p>\n<p>&#13;<br \/>\n\tABD ordusunun sald\u0131r\u0131 ba\u015flatt\u0131\u011f\u0131n\u0131 ilan etmesinin ard\u0131ndan \u0130ran bas\u0131n\u0131, Ke\u015fm Adas\u0131, Bender Abbas, Sirik, \u00c7abahar ve Kunarek&#8217;te patlama sesleri duyuldu\u011funu bildirmi\u015fti.<\/p>\n<p>&#13;<br \/>\n\t\u0130ran devlet televizyonu, Kirman eyaletindeki Ciroft Havaalan\u0131&#8217;n\u0131n hedef al\u0131nd\u0131\u011f\u0131n\u0131 duyurmu\u015ftu.<\/p>\n<p>&#13;<br \/>\n\tH\u00fcrm\u00fczgan Vali Yard\u0131mc\u0131s\u0131 Nefisi, daha \u00f6nce yapt\u0131\u011f\u0131 a\u00e7\u0131klamada, ABD&#8217;nin Sirik il\u00e7esine ba\u011fl\u0131 Kuhe\u015ftek kentinde bir konutu ve d\u00fc\u011f\u00fcn t\u00f6renini hedef almas\u0131 sonucu ilk belirlemelere g\u00f6re 4 ki\u015finin \u00f6ld\u00fc\u011f\u00fcn\u00fc, 50 ki\u015finin yaraland\u0131\u011f\u0131n\u0131 ifade etmi\u015fti.<\/p>\n<p>&#13;<br \/>\n\t\u0130ran Devrim Muhaf\u0131zlar\u0131 Ordusu, ABD&#8217;nin Sirik&#8217;teki d\u00fc\u011f\u00fcn evine sald\u0131r\u0131s\u0131na misilleme olarak \u00dcrd\u00fcn&#8217;deki ABD deniz piyadelerine ait &#8220;Camp Titin&#8221; \u00fcss\u00fcn\u00fcn balistik f\u00fczelerle hedef al\u0131nd\u0131\u011f\u0131n\u0131 duyurmu\u015ftu.<\/p>\n<\/p><\/div>\n","protected":false},"excerpt":{"rendered":"<p>&#13; \u0130ran Ordusu Halkla \u0130li\u015fkiler Biriminden yap\u0131lan a\u00e7\u0131klamada, sald\u0131r\u0131n\u0131n &#8220;\u015eim\u015fek&#8221; operasyonunun 29. a\u015famas\u0131 kapsam\u0131nda ger\u00e7ekle\u015ftirildi\u011fi belirtildi. &#13; A\u00e7\u0131klamada, &#8220;\u0130ran \u0130slam Cumhuriyeti Ordusu, Bahreyn&#8217;de \u015eeyh \u0130sa Hava \u00dcss\u00fc&#8217;ndeki radar tesislerini ve ABD&#8217;li ter\u00f6rist g\u00fc\u00e7lerin topland\u0131\u011f\u0131 merkezleri yo\u011fun imha edici \u0130HA sald\u0131r\u0131lar\u0131yla hedef ald\u0131.&#8221; ifadelerine yer verildi. &#13; Bahreyn&#8217;deki \u015eeyh \u0130sa Hava \u00dcss\u00fc&#8217;n\u00fcn Basra K\u00f6rfezi b\u00f6lgesindeki ABD&#8217;nin [&hellip;]<\/p>\n","protected":false},"author":1,"featured_media":32112,"comment_status":"open","ping_status":"open","sticky":false,"template":"","format":"standard","meta":{"jnews-multi-image_gallery":[],"jnews_single_post":[],"jnews_primary_category":[],"footnotes":""},"categories":[2],"tags":[],"class_list":["post-46360","post","type-post","status-publish","format-standard","has-post-thumbnail","hentry","category-dunya"],"yoast_head":"<!-- This site is optimized with the Yoast SEO plugin v28.4 - https:\/\/yoast.com\/product\/yoast-seo-wordpress\/ -->\n<title>\u0130ran ordusu, Bahreyn&#039;de ABD hedeflerini vurdu\u011funu duyurdu - Haber Kuzey<\/title>\n<meta name=\"robots\" content=\"index, follow, max-snippet:-1, max-image-preview:large, max-video-preview:-1\" \/>\n<link rel=\"canonical\" href=\"https:\/\/haberkuzey.com\/index.php\/2026\/09\/02\/iran-ordusu-bahreynde-abd-hedeflerini-vurdugunu-duyurdu\/\" \/>\n<meta property=\"og:locale\" content=\"tr_TR\" \/>\n<meta property=\"og:type\" content=\"article\" \/>\n<meta property=\"og:title\" content=\"\u0130ran ordusu, Bahreyn&#039;de ABD hedeflerini vurdu\u011funu duyurdu - Haber Kuzey\" \/>\n<meta property=\"og:description\" content=\"&#013; \u0130ran Ordusu Halkla \u0130li\u015fkiler Biriminden yap\u0131lan a\u00e7\u0131klamada, sald\u0131r\u0131n\u0131n &#8220;\u015eim\u015fek&#8221; operasyonunun 29. a\u015famas\u0131 kapsam\u0131nda ger\u00e7ekle\u015ftirildi\u011fi belirtildi. &#013; A\u00e7\u0131klamada, &#8220;\u0130ran \u0130slam Cumhuriyeti Ordusu, Bahreyn&#8217;de \u015eeyh \u0130sa Hava \u00dcss\u00fc&#8217;ndeki radar tesislerini ve ABD&#8217;li ter\u00f6rist g\u00fc\u00e7lerin topland\u0131\u011f\u0131 merkezleri yo\u011fun imha edici \u0130HA sald\u0131r\u0131lar\u0131yla hedef ald\u0131.&#8221; ifadelerine yer verildi. &#013; Bahreyn&#8217;deki \u015eeyh \u0130sa Hava \u00dcss\u00fc&#8217;n\u00fcn Basra K\u00f6rfezi b\u00f6lgesindeki ABD&#8217;nin [&hellip;]\" \/>\n<meta property=\"og:url\" content=\"https:\/\/haberkuzey.com\/index.php\/2026\/09\/02\/iran-ordusu-bahreynde-abd-hedeflerini-vurdugunu-duyurdu\/\" \/>\n<meta property=\"og:site_name\" content=\"Haber Kuzey\" \/>\n<meta property=\"article:published_time\" content=\"2026-09-01T22:12:03+00:00\" \/>\n<meta property=\"og:image\" content=\"https:\/\/trthaberstatic.cdn.wp.trt.com.tr\/resimler\/1950000\/iran-abd-reu-1951157.jpg\" \/>\n<meta name=\"author\" content=\"haberkuzey\" \/>\n<meta name=\"twitter:card\" content=\"summary_large_image\" \/>\n<meta name=\"twitter:label1\" content=\"Yazan:\" \/>\n\t<meta name=\"twitter:data1\" content=\"haberkuzey\" \/>\n\t<meta name=\"twitter:label2\" content=\"Tahmini okuma s\u00fcresi\" \/>\n\t<meta name=\"twitter:data2\" content=\"1 dakika\" \/>\n<script type=\"application\/ld+json\" class=\"yoast-schema-graph\">{\"@context\":\"https:\\\/\\\/schema.org\",\"@graph\":[{\"@type\":\"Article\",\"@id\":\"https:\\\/\\\/haberkuzey.com\\\/index.php\\\/2026\\\/09\\\/02\\\/iran-ordusu-bahreynde-abd-hedeflerini-vurdugunu-duyurdu\\\/#article\",\"isPartOf\":{\"@id\":\"https:\\\/\\\/haberkuzey.com\\\/index.php\\\/2026\\\/09\\\/02\\\/iran-ordusu-bahreynde-abd-hedeflerini-vurdugunu-duyurdu\\\/\"},\"author\":{\"name\":\"haberkuzey\",\"@id\":\"https:\\\/\\\/haberkuzey.com\\\/#\\\/schema\\\/person\\\/3372109ec735f9333f4fa47ebb9605ca\"},\"headline\":\"\u0130ran ordusu, Bahreyn&#8217;de ABD hedeflerini vurdu\u011funu duyurdu\",\"datePublished\":\"2026-09-01T22:12:03+00:00\",\"mainEntityOfPage\":{\"@id\":\"https:\\\/\\\/haberkuzey.com\\\/index.php\\\/2026\\\/09\\\/02\\\/iran-ordusu-bahreynde-abd-hedeflerini-vurdugunu-duyurdu\\\/\"},\"wordCount\":295,\"commentCount\":0,\"image\":{\"@id\":\"https:\\\/\\\/haberkuzey.com\\\/index.php\\\/2026\\\/09\\\/02\\\/iran-ordusu-bahreynde-abd-hedeflerini-vurdugunu-duyurdu\\\/#primaryimage\"},\"thumbnailUrl\":\"https:\\\/\\\/haberkuzey.com\\\/wp-content\\\/uploads\\\/2025\\\/11\\\/iran-abd-reu-1951157.jpg\",\"articleSection\":[\"D\u00fcnya\"],\"inLanguage\":\"tr\",\"potentialAction\":[{\"@type\":\"CommentAction\",\"name\":\"Comment\",\"target\":[\"https:\\\/\\\/haberkuzey.com\\\/index.php\\\/2026\\\/09\\\/02\\\/iran-ordusu-bahreynde-abd-hedeflerini-vurdugunu-duyurdu\\\/#respond\"]}]},{\"@type\":\"WebPage\",\"@id\":\"https:\\\/\\\/haberkuzey.com\\\/index.php\\\/2026\\\/09\\\/02\\\/iran-ordusu-bahreynde-abd-hedeflerini-vurdugunu-duyurdu\\\/\",\"url\":\"https:\\\/\\\/haberkuzey.com\\\/index.php\\\/2026\\\/09\\\/02\\\/iran-ordusu-bahreynde-abd-hedeflerini-vurdugunu-duyurdu\\\/\",\"name\":\"\u0130ran ordusu, Bahreyn'de ABD hedeflerini vurdu\u011funu duyurdu - Haber Kuzey\",\"isPartOf\":{\"@id\":\"https:\\\/\\\/haberkuzey.com\\\/#website\"},\"primaryImageOfPage\":{\"@id\":\"https:\\\/\\\/haberkuzey.com\\\/index.php\\\/2026\\\/09\\\/02\\\/iran-ordusu-bahreynde-abd-hedeflerini-vurdugunu-duyurdu\\\/#primaryimage\"},\"image\":{\"@id\":\"https:\\\/\\\/haberkuzey.com\\\/index.php\\\/2026\\\/09\\\/02\\\/iran-ordusu-bahreynde-abd-hedeflerini-vurdugunu-duyurdu\\\/#primaryimage\"},\"thumbnailUrl\":\"https:\\\/\\\/haberkuzey.com\\\/wp-content\\\/uploads\\\/2025\\\/11\\\/iran-abd-reu-1951157.jpg\",\"datePublished\":\"2026-09-01T22:12:03+00:00\",\"author\":{\"@id\":\"https:\\\/\\\/haberkuzey.com\\\/#\\\/schema\\\/person\\\/3372109ec735f9333f4fa47ebb9605ca\"},\"breadcrumb\":{\"@id\":\"https:\\\/\\\/haberkuzey.com\\\/index.php\\\/2026\\\/09\\\/02\\\/iran-ordusu-bahreynde-abd-hedeflerini-vurdugunu-duyurdu\\\/#breadcrumb\"},\"inLanguage\":\"tr\",\"potentialAction\":[{\"@type\":\"ReadAction\",\"target\":[\"https:\\\/\\\/haberkuzey.com\\\/index.php\\\/2026\\\/09\\\/02\\\/iran-ordusu-bahreynde-abd-hedeflerini-vurdugunu-duyurdu\\\/\"]}]},{\"@type\":\"ImageObject\",\"inLanguage\":\"tr\",\"@id\":\"https:\\\/\\\/haberkuzey.com\\\/index.php\\\/2026\\\/09\\\/02\\\/iran-ordusu-bahreynde-abd-hedeflerini-vurdugunu-duyurdu\\\/#primaryimage\",\"url\":\"https:\\\/\\\/haberkuzey.com\\\/wp-content\\\/uploads\\\/2025\\\/11\\\/iran-abd-reu-1951157.jpg\",\"contentUrl\":\"https:\\\/\\\/haberkuzey.com\\\/wp-content\\\/uploads\\\/2025\\\/11\\\/iran-abd-reu-1951157.jpg\",\"width\":1280,\"height\":720},{\"@type\":\"BreadcrumbList\",\"@id\":\"https:\\\/\\\/haberkuzey.com\\\/index.php\\\/2026\\\/09\\\/02\\\/iran-ordusu-bahreynde-abd-hedeflerini-vurdugunu-duyurdu\\\/#breadcrumb\",\"itemListElement\":[{\"@type\":\"ListItem\",\"position\":1,\"name\":\"Anasayfa\",\"item\":\"https:\\\/\\\/haberkuzey.com\\\/\"},{\"@type\":\"ListItem\",\"position\":2,\"name\":\"\u0130ran ordusu, Bahreyn&#8217;de ABD hedeflerini vurdu\u011funu duyurdu\"}]},{\"@type\":\"WebSite\",\"@id\":\"https:\\\/\\\/haberkuzey.com\\\/#website\",\"url\":\"https:\\\/\\\/haberkuzey.com\\\/\",\"name\":\"Haber Kuzey\",\"description\":\"Do\u011fru Haberin Adresi\",\"potentialAction\":[{\"@type\":\"SearchAction\",\"target\":{\"@type\":\"EntryPoint\",\"urlTemplate\":\"https:\\\/\\\/haberkuzey.com\\\/?s={search_term_string}\"},\"query-input\":{\"@type\":\"PropertyValueSpecification\",\"valueRequired\":true,\"valueName\":\"search_term_string\"}}],\"inLanguage\":\"tr\"},{\"@type\":\"Person\",\"@id\":\"https:\\\/\\\/haberkuzey.com\\\/#\\\/schema\\\/person\\\/3372109ec735f9333f4fa47ebb9605ca\",\"name\":\"haberkuzey\",\"image\":{\"@type\":\"ImageObject\",\"inLanguage\":\"tr\",\"@id\":\"https:\\\/\\\/secure.gravatar.com\\\/avatar\\\/f5fc875574b1575324358c3b9e6a32b8227aa5b74f3fa22e3cadb63e26fcc39c?s=96&d=mm&r=g\",\"url\":\"https:\\\/\\\/secure.gravatar.com\\\/avatar\\\/f5fc875574b1575324358c3b9e6a32b8227aa5b74f3fa22e3cadb63e26fcc39c?s=96&d=mm&r=g\",\"contentUrl\":\"https:\\\/\\\/secure.gravatar.com\\\/avatar\\\/f5fc875574b1575324358c3b9e6a32b8227aa5b74f3fa22e3cadb63e26fcc39c?s=96&d=mm&r=g\",\"caption\":\"haberkuzey\"},\"sameAs\":[\"https:\\\/\\\/haberkuzey.com\"],\"url\":\"https:\\\/\\\/haberkuzey.com\\\/index.php\\\/author\\\/haberkuzey\\\/\"}]}<\/script>\n<!-- \/ Yoast SEO plugin. -->","yoast_head_json":{"title":"\u0130ran ordusu, Bahreyn'de ABD hedeflerini vurdu\u011funu duyurdu - Haber Kuzey","robots":{"index":"index","follow":"follow","max-snippet":"max-snippet:-1","max-image-preview":"max-image-preview:large","max-video-preview":"max-video-preview:-1"},"canonical":"https:\/\/haberkuzey.com\/index.php\/2026\/09\/02\/iran-ordusu-bahreynde-abd-hedeflerini-vurdugunu-duyurdu\/","og_locale":"tr_TR","og_type":"article","og_title":"\u0130ran ordusu, Bahreyn'de ABD hedeflerini vurdu\u011funu duyurdu - Haber Kuzey","og_description":"&#13; \u0130ran Ordusu Halkla \u0130li\u015fkiler Biriminden yap\u0131lan a\u00e7\u0131klamada, sald\u0131r\u0131n\u0131n &#8220;\u015eim\u015fek&#8221; operasyonunun 29. a\u015famas\u0131 kapsam\u0131nda ger\u00e7ekle\u015ftirildi\u011fi belirtildi. &#13; A\u00e7\u0131klamada, &#8220;\u0130ran \u0130slam Cumhuriyeti Ordusu, Bahreyn&#8217;de \u015eeyh \u0130sa Hava \u00dcss\u00fc&#8217;ndeki radar tesislerini ve ABD&#8217;li ter\u00f6rist g\u00fc\u00e7lerin topland\u0131\u011f\u0131 merkezleri yo\u011fun imha edici \u0130HA sald\u0131r\u0131lar\u0131yla hedef ald\u0131.&#8221; ifadelerine yer verildi. &#13; Bahreyn&#8217;deki \u015eeyh \u0130sa Hava \u00dcss\u00fc&#8217;n\u00fcn Basra K\u00f6rfezi b\u00f6lgesindeki ABD&#8217;nin [&hellip;]","og_url":"https:\/\/haberkuzey.com\/index.php\/2026\/09\/02\/iran-ordusu-bahreynde-abd-hedeflerini-vurdugunu-duyurdu\/","og_site_name":"Haber Kuzey","article_published_time":"2026-09-01T22:12:03+00:00","og_image":[{"url":"https:\/\/trthaberstatic.cdn.wp.trt.com.tr\/resimler\/1950000\/iran-abd-reu-1951157.jpg","type":"","width":"","height":""}],"author":"haberkuzey","twitter_card":"summary_large_image","twitter_misc":{"Yazan:":"haberkuzey","Tahmini okuma s\u00fcresi":"1 dakika"},"schema":{"@context":"https:\/\/schema.org","@graph":[{"@type":"Article","@id":"https:\/\/haberkuzey.com\/index.php\/2026\/09\/02\/iran-ordusu-bahreynde-abd-hedeflerini-vurdugunu-duyurdu\/#article","isPartOf":{"@id":"https:\/\/haberkuzey.com\/index.php\/2026\/09\/02\/iran-ordusu-bahreynde-abd-hedeflerini-vurdugunu-duyurdu\/"},"author":{"name":"haberkuzey","@id":"https:\/\/haberkuzey.com\/#\/schema\/person\/3372109ec735f9333f4fa47ebb9605ca"},"headline":"\u0130ran ordusu, Bahreyn&#8217;de ABD hedeflerini vurdu\u011funu duyurdu","datePublished":"2026-09-01T22:12:03+00:00","mainEntityOfPage":{"@id":"https:\/\/haberkuzey.com\/index.php\/2026\/09\/02\/iran-ordusu-bahreynde-abd-hedeflerini-vurdugunu-duyurdu\/"},"wordCount":295,"commentCount":0,"image":{"@id":"https:\/\/haberkuzey.com\/index.php\/2026\/09\/02\/iran-ordusu-bahreynde-abd-hedeflerini-vurdugunu-duyurdu\/#primaryimage"},"thumbnailUrl":"https:\/\/haberkuzey.com\/wp-content\/uploads\/2025\/11\/iran-abd-reu-1951157.jpg","articleSection":["D\u00fcnya"],"inLanguage":"tr","potentialAction":[{"@type":"CommentAction","name":"Comment","target":["https:\/\/haberkuzey.com\/index.php\/2026\/09\/02\/iran-ordusu-bahreynde-abd-hedeflerini-vurdugunu-duyurdu\/#respond"]}]},{"@type":"WebPage","@id":"https:\/\/haberkuzey.com\/index.php\/2026\/09\/02\/iran-ordusu-bahreynde-abd-hedeflerini-vurdugunu-duyurdu\/","url":"https:\/\/haberkuzey.com\/index.php\/2026\/09\/02\/iran-ordusu-bahreynde-abd-hedeflerini-vurdugunu-duyurdu\/","name":"\u0130ran ordusu, Bahreyn'de ABD hedeflerini vurdu\u011funu duyurdu - Haber Kuzey","isPartOf":{"@id":"https:\/\/haberkuzey.com\/#website"},"primaryImageOfPage":{"@id":"https:\/\/haberkuzey.com\/index.php\/2026\/09\/02\/iran-ordusu-bahreynde-abd-hedeflerini-vurdugunu-duyurdu\/#primaryimage"},"image":{"@id":"https:\/\/haberkuzey.com\/index.php\/2026\/09\/02\/iran-ordusu-bahreynde-abd-hedeflerini-vurdugunu-duyurdu\/#primaryimage"},"thumbnailUrl":"https:\/\/haberkuzey.com\/wp-content\/uploads\/2025\/11\/iran-abd-reu-1951157.jpg","datePublished":"2026-09-01T22:12:03+00:00","author":{"@id":"https:\/\/haberkuzey.com\/#\/schema\/person\/3372109ec735f9333f4fa47ebb9605ca"},"breadcrumb":{"@id":"https:\/\/haberkuzey.com\/index.php\/2026\/09\/02\/iran-ordusu-bahreynde-abd-hedeflerini-vurdugunu-duyurdu\/#breadcrumb"},"inLanguage":"tr","potentialAction":[{"@type":"ReadAction","target":["https:\/\/haberkuzey.com\/index.php\/2026\/09\/02\/iran-ordusu-bahreynde-abd-hedeflerini-vurdugunu-duyurdu\/"]}]},{"@type":"ImageObject","inLanguage":"tr","@id":"https:\/\/haberkuzey.com\/index.php\/2026\/09\/02\/iran-ordusu-bahreynde-abd-hedeflerini-vurdugunu-duyurdu\/#primaryimage","url":"https:\/\/haberkuzey.com\/wp-content\/uploads\/2025\/11\/iran-abd-reu-1951157.jpg","contentUrl":"https:\/\/haberkuzey.com\/wp-content\/uploads\/2025\/11\/iran-abd-reu-1951157.jpg","width":1280,"height":720},{"@type":"BreadcrumbList","@id":"https:\/\/haberkuzey.com\/index.php\/2026\/09\/02\/iran-ordusu-bahreynde-abd-hedeflerini-vurdugunu-duyurdu\/#breadcrumb","itemListElement":[{"@type":"ListItem","position":1,"name":"Anasayfa","item":"https:\/\/haberkuzey.com\/"},{"@type":"ListItem","position":2,"name":"\u0130ran ordusu, Bahreyn&#8217;de ABD hedeflerini vurdu\u011funu duyurdu"}]},{"@type":"WebSite","@id":"https:\/\/haberkuzey.com\/#website","url":"https:\/\/haberkuzey.com\/","name":"Haber Kuzey","description":"Do\u011fru Haberin Adresi","potentialAction":[{"@type":"SearchAction","target":{"@type":"EntryPoint","urlTemplate":"https:\/\/haberkuzey.com\/?s={search_term_string}"},"query-input":{"@type":"PropertyValueSpecification","valueRequired":true,"valueName":"search_term_string"}}],"inLanguage":"tr"},{"@type":"Person","@id":"https:\/\/haberkuzey.com\/#\/schema\/person\/3372109ec735f9333f4fa47ebb9605ca","name":"haberkuzey","image":{"@type":"ImageObject","inLanguage":"tr","@id":"https:\/\/secure.gravatar.com\/avatar\/f5fc875574b1575324358c3b9e6a32b8227aa5b74f3fa22e3cadb63e26fcc39c?s=96&d=mm&r=g","url":"https:\/\/secure.gravatar.com\/avatar\/f5fc875574b1575324358c3b9e6a32b8227aa5b74f3fa22e3cadb63e26fcc39c?s=96&d=mm&r=g","contentUrl":"https:\/\/secure.gravatar.com\/avatar\/f5fc875574b1575324358c3b9e6a32b8227aa5b74f3fa22e3cadb63e26fcc39c?s=96&d=mm&r=g","caption":"haberkuzey"},"sameAs":["https:\/\/haberkuzey.com"],"url":"https:\/\/haberkuzey.com\/index.php\/author\/haberkuzey\/"}]}},"_links":{"self":[{"href":"https:\/\/haberkuzey.com\/index.php\/wp-json\/wp\/v2\/posts\/46360","targetHints":{"allow":["GET"]}}],"collection":[{"href":"https:\/\/haberkuzey.com\/index.php\/wp-json\/wp\/v2\/posts"}],"about":[{"href":"https:\/\/haberkuzey.com\/index.php\/wp-json\/wp\/v2\/types\/post"}],"author":[{"embeddable":true,"href":"https:\/\/haberkuzey.com\/index.php\/wp-json\/wp\/v2\/users\/1"}],"replies":[{"embeddable":true,"href":"https:\/\/haberkuzey.com\/index.php\/wp-json\/wp\/v2\/comments?post=46360"}],"version-history":[{"count":0,"href":"https:\/\/haberkuzey.com\/index.php\/wp-json\/wp\/v2\/posts\/46360\/revisions"}],"wp:featuredmedia":[{"embeddable":true,"href":"https:\/\/haberkuzey.com\/index.php\/wp-json\/wp\/v2\/media\/32112"}],"wp:attachment":[{"href":"https:\/\/haberkuzey.com\/index.php\/wp-json\/wp\/v2\/media?parent=46360"}],"wp:term":[{"taxonomy":"category","embeddable":true,"href":"https:\/\/haberkuzey.com\/index.php\/wp-json\/wp\/v2\/categories?post=46360"},{"taxonomy":"post_tag","embeddable":true,"href":"https:\/\/haberkuzey.com\/index.php\/wp-json\/wp\/v2\/tags?post=46360"}],"curies":[{"name":"wp","href":"https:\/\/api.w.org\/{rel}","templated":true}]}}