{"id":46348,"date":"2026-09-01T18:15:05","date_gmt":"2026-09-01T15:15:05","guid":{"rendered":"https:\/\/haberkuzey.com\/index.php\/2026\/09\/01\/trabzonsporda-fatih-tekke-ile-yollar-ayrildi\/"},"modified":"2026-09-01T18:15:05","modified_gmt":"2026-09-01T15:15:05","slug":"trabzonsporda-fatih-tekke-ile-yollar-ayrildi","status":"publish","type":"post","link":"https:\/\/haberkuzey.com\/index.php\/2026\/09\/01\/trabzonsporda-fatih-tekke-ile-yollar-ayrildi\/","title":{"rendered":"Trabzonspor&#8217;da Fatih Tekke ile yollar ayr\u0131ld\u0131"},"content":{"rendered":"<p><\/p>\n<div>\n<p>&#13;<br \/>\n\tTrendyol S\u00fcper Lig&#8217;de Amed Sportif Faaliyetler deplasman\u0131nda al\u0131nan yenilginin ard\u0131ndan yollar\u0131n ayr\u0131ld\u0131\u011f\u0131 Fatih Tekke, bordo-mavili tak\u0131m ile 11 Mart 2025&#8217;te 4,5 y\u0131ll\u0131k s\u00f6zle\u015fme imzalamas\u0131n\u0131n ard\u0131ndan 48 lig ma\u00e7\u0131na \u00e7\u0131kt\u0131.<\/p>\n<p>&#13;<br \/>\n\tKaradeniz ekibi, Tekke y\u00f6netiminde 26 galibiyet, 14 beraberlik, 8 ma\u011flubiyet al\u0131rken 1,91 puan ortalamas\u0131 elde etti.<\/p>\n<h2>&#13;<br \/>\n\t48 lig ma\u00e7\u0131<\/h2>\n<p>&#13;<br \/>\n\tLigde 2024-25 sezonunun 27. haftas\u0131ndaki Ataka\u015f Hatayspor yenilgisinin ard\u0131ndan 32 puanla 11. s\u0131rada yer alan bordo-mavili tak\u0131m, teknik direkt\u00f6r \u015eenol G\u00fcne\u015f&#8217;in ard\u0131ndan g\u00f6reve gelen Fatih Tekke ile \u00e7\u0131k\u0131\u015fa ge\u00e7ti.<\/p>\n<p>&#13;<br \/>\n\tKaradeniz ekibi, 48 ya\u015f\u0131ndaki \u00e7al\u0131\u015ft\u0131r\u0131c\u0131 y\u00f6netiminde 2024-25 sezonunda ligde \u00e7\u0131kt\u0131\u011f\u0131 11 kar\u015f\u0131la\u015fmada 5 galibiyet, 4 beraberlik, 2 ma\u011flubiyet sonucunda 19 puan elde ederek ligi 51 puanla 7. tamamlad\u0131.<\/p>\n<p>&#13;<br \/>\n\tGe\u00e7en sezon 34 hafta sonunda 20 galibiyet, 9 beraberlik, 5 ma\u011flubiyet ya\u015fayan bordo-mavililer, sezonu \u015fampiyon Galatasaray&#8217;\u0131n 8, ikinci s\u0131radaki Fenerbah\u00e7e&#8217;nin ise 5 puan gerisinde \u00fc\u00e7\u00fcnc\u00fc bitirdi.<\/p>\n<p>&#13;<br \/>\n\tLigin 28. haftas\u0131nda 67 puanl\u0131 lider Galatasaray&#8217;\u0131 ma\u011flup ederek aradaki puan fark\u0131n\u0131 4&#8217;e indiren, ikinci s\u0131radaki Fenerbah\u00e7e ile ayn\u0131 puanda 3. s\u0131rada yer alan Karadeniz ekibi, daha sonra zirveden uzakla\u015fmas\u0131na kar\u015f\u0131n uzun s\u00fcre \u015fampiyonluk yar\u0131\u015f\u0131n\u0131n i\u00e7inde yer alarak Avrupa Kupalar\u0131&#8217;na kat\u0131lma hakk\u0131 elde etti.<\/p>\n<p>&#13;<br \/>\n\tTrabzonspor, bu sezon ise Fatih Tekke y\u00f6netiminde 3 lig ma\u00e7\u0131nda 1 galibiyet, 1 ma\u011flubiyet, 1 beraberlik ald\u0131. UEFA Avrupa Ligi play-off turunda ise Macaristan&#8217;\u0131n Ferencvaro tak\u0131m\u0131na 1-0 ve 4-0&#8217;l\u0131k ma\u011flubiyetlerle elendi.<\/p>\n<h2>&#13;<br \/>\n\t1,91 puan ortalamas\u0131<\/h2>\n<p>&#13;<br \/>\n\tTrabzonspor, teknik direkt\u00f6r Fatih Tekke y\u00f6netiminde \u00e7\u0131kt\u0131\u011f\u0131 48 lig ma\u00e7\u0131nda 1,91 puan ortalamas\u0131 elde etti.<\/p>\n<p>&#13;<br \/>\n\tMart 2023&#8217;te g\u00f6reve gelen Ertu\u011frul Do\u011fan&#8217;\u0131n ba\u015fkanl\u0131\u011f\u0131 d\u00f6neminde g\u00f6rev alan Abdullah Avc\u0131 1,8, \u015eenol G\u00fcne\u015f 1,3, Nenad Bjelica 1,5, Orhan Ak 1,5 ve \u0130hsan Derelio\u011flu 0,66 puan ortalamas\u0131 elde etmi\u015fti.<\/p>\n<h2>&#13;<br \/>\n\t18 ayl\u0131k s\u00fcrede kupa ba\u015far\u0131s\u0131<\/h2>\n<p>&#13;<br \/>\n\tTrabzonspor, Fatih Tekke ile ikinci sezonundaki ikinci kupa finalinde T\u00dcMOSAN Konyaspor&#8217;u 2-1 yenerek bu kez mutlu sona ula\u015ft\u0131.<\/p>\n<p>&#13;<br \/>\n\tBordo-mavili tak\u0131mda ilk teknik direkt\u00f6rl\u00fck deneyimini ya\u015fayan Fatih Tekke, 11 Mart 2025&#8217;teki imza t\u00f6reninin ard\u0131ndan 18 ayl\u0131k s\u00fcrede ilk kupas\u0131n\u0131 elde etti.<\/p>\n<p>&#13;<br \/>\n\tKaradeniz temsilcisi, Fatih Tekke y\u00f6netiminde 5 sezonluk Ziraat T\u00fcrkiye Kupas\u0131 hasretine ge\u00e7en sezon T\u00dcMOSAN Konyaspor kar\u015f\u0131s\u0131nda son verdi.<\/p>\n<p>&#13;<br \/>\n\tFatih Tekke y\u00f6netimindeki Karadeniz ekibi, 2024-25 sezonunda kupada Gaziantep&#8217;teki final m\u00fccadelesinde Galatasaray&#8217;a 3-0 ma\u011flup olmu\u015ftu.<\/p>\n<\/p><\/div>\n","protected":false},"excerpt":{"rendered":"<p>&#13; Trendyol S\u00fcper Lig&#8217;de Amed Sportif Faaliyetler deplasman\u0131nda al\u0131nan yenilginin ard\u0131ndan yollar\u0131n ayr\u0131ld\u0131\u011f\u0131 Fatih Tekke, bordo-mavili tak\u0131m ile 11 Mart 2025&#8217;te 4,5 y\u0131ll\u0131k s\u00f6zle\u015fme imzalamas\u0131n\u0131n ard\u0131ndan 48 lig ma\u00e7\u0131na \u00e7\u0131kt\u0131. &#13; Karadeniz ekibi, Tekke y\u00f6netiminde 26 galibiyet, 14 beraberlik, 8 ma\u011flubiyet al\u0131rken 1,91 puan ortalamas\u0131 elde etti. &#13; 48 lig ma\u00e7\u0131 &#13; Ligde 2024-25 sezonunun [&hellip;]<\/p>\n","protected":false},"author":1,"featured_media":46349,"comment_status":"open","ping_status":"open","sticky":false,"template":"","format":"standard","meta":{"jnews-multi-image_gallery":[],"jnews_single_post":[],"jnews_primary_category":[],"footnotes":""},"categories":[4],"tags":[],"class_list":["post-46348","post","type-post","status-publish","format-standard","has-post-thumbnail","hentry","category-spor"],"yoast_head":"<!-- This site is optimized with the Yoast SEO plugin v28.4 - https:\/\/yoast.com\/product\/yoast-seo-wordpress\/ -->\n<title>Trabzonspor&#039;da Fatih Tekke ile yollar ayr\u0131ld\u0131 - Haber Kuzey<\/title>\n<meta name=\"robots\" content=\"index, follow, max-snippet:-1, max-image-preview:large, max-video-preview:-1\" \/>\n<link rel=\"canonical\" href=\"https:\/\/haberkuzey.com\/index.php\/2026\/09\/01\/trabzonsporda-fatih-tekke-ile-yollar-ayrildi\/\" \/>\n<meta property=\"og:locale\" content=\"tr_TR\" \/>\n<meta property=\"og:type\" content=\"article\" \/>\n<meta property=\"og:title\" content=\"Trabzonspor&#039;da Fatih Tekke ile yollar ayr\u0131ld\u0131 - Haber Kuzey\" \/>\n<meta property=\"og:description\" content=\"&#013; Trendyol S\u00fcper Lig&#8217;de Amed Sportif Faaliyetler deplasman\u0131nda al\u0131nan yenilginin ard\u0131ndan yollar\u0131n ayr\u0131ld\u0131\u011f\u0131 Fatih Tekke, bordo-mavili tak\u0131m ile 11 Mart 2025&#8217;te 4,5 y\u0131ll\u0131k s\u00f6zle\u015fme imzalamas\u0131n\u0131n ard\u0131ndan 48 lig ma\u00e7\u0131na \u00e7\u0131kt\u0131. &#013; Karadeniz ekibi, Tekke y\u00f6netiminde 26 galibiyet, 14 beraberlik, 8 ma\u011flubiyet al\u0131rken 1,91 puan ortalamas\u0131 elde etti. &#013; 48 lig ma\u00e7\u0131 &#013; Ligde 2024-25 sezonunun [&hellip;]\" \/>\n<meta property=\"og:url\" content=\"https:\/\/haberkuzey.com\/index.php\/2026\/09\/01\/trabzonsporda-fatih-tekke-ile-yollar-ayrildi\/\" \/>\n<meta property=\"og:site_name\" content=\"Haber Kuzey\" \/>\n<meta property=\"article:published_time\" content=\"2026-09-01T15:15:05+00:00\" \/>\n<meta property=\"og:image\" content=\"https:\/\/trthaberstatic.cdn.wp.trt.com.tr\/resimler\/2160000\/2160122.jpg\" \/>\n<meta name=\"author\" content=\"haberkuzey\" \/>\n<meta name=\"twitter:card\" content=\"summary_large_image\" \/>\n<meta name=\"twitter:label1\" content=\"Yazan:\" \/>\n\t<meta name=\"twitter:data1\" content=\"haberkuzey\" \/>\n\t<meta name=\"twitter:label2\" content=\"Tahmini okuma s\u00fcresi\" \/>\n\t<meta name=\"twitter:data2\" content=\"2 dakika\" \/>\n<script type=\"application\/ld+json\" class=\"yoast-schema-graph\">{\"@context\":\"https:\\\/\\\/schema.org\",\"@graph\":[{\"@type\":\"Article\",\"@id\":\"https:\\\/\\\/haberkuzey.com\\\/index.php\\\/2026\\\/09\\\/01\\\/trabzonsporda-fatih-tekke-ile-yollar-ayrildi\\\/#article\",\"isPartOf\":{\"@id\":\"https:\\\/\\\/haberkuzey.com\\\/index.php\\\/2026\\\/09\\\/01\\\/trabzonsporda-fatih-tekke-ile-yollar-ayrildi\\\/\"},\"author\":{\"name\":\"haberkuzey\",\"@id\":\"https:\\\/\\\/haberkuzey.com\\\/#\\\/schema\\\/person\\\/3372109ec735f9333f4fa47ebb9605ca\"},\"headline\":\"Trabzonspor&#8217;da Fatih Tekke ile yollar ayr\u0131ld\u0131\",\"datePublished\":\"2026-09-01T15:15:05+00:00\",\"mainEntityOfPage\":{\"@id\":\"https:\\\/\\\/haberkuzey.com\\\/index.php\\\/2026\\\/09\\\/01\\\/trabzonsporda-fatih-tekke-ile-yollar-ayrildi\\\/\"},\"wordCount\":406,\"commentCount\":0,\"image\":{\"@id\":\"https:\\\/\\\/haberkuzey.com\\\/index.php\\\/2026\\\/09\\\/01\\\/trabzonsporda-fatih-tekke-ile-yollar-ayrildi\\\/#primaryimage\"},\"thumbnailUrl\":\"https:\\\/\\\/haberkuzey.com\\\/wp-content\\\/uploads\\\/2026\\\/09\\\/2160122.jpg\",\"articleSection\":[\"Spor\"],\"inLanguage\":\"tr\",\"potentialAction\":[{\"@type\":\"CommentAction\",\"name\":\"Comment\",\"target\":[\"https:\\\/\\\/haberkuzey.com\\\/index.php\\\/2026\\\/09\\\/01\\\/trabzonsporda-fatih-tekke-ile-yollar-ayrildi\\\/#respond\"]}]},{\"@type\":\"WebPage\",\"@id\":\"https:\\\/\\\/haberkuzey.com\\\/index.php\\\/2026\\\/09\\\/01\\\/trabzonsporda-fatih-tekke-ile-yollar-ayrildi\\\/\",\"url\":\"https:\\\/\\\/haberkuzey.com\\\/index.php\\\/2026\\\/09\\\/01\\\/trabzonsporda-fatih-tekke-ile-yollar-ayrildi\\\/\",\"name\":\"Trabzonspor'da Fatih Tekke ile yollar ayr\u0131ld\u0131 - Haber Kuzey\",\"isPartOf\":{\"@id\":\"https:\\\/\\\/haberkuzey.com\\\/#website\"},\"primaryImageOfPage\":{\"@id\":\"https:\\\/\\\/haberkuzey.com\\\/index.php\\\/2026\\\/09\\\/01\\\/trabzonsporda-fatih-tekke-ile-yollar-ayrildi\\\/#primaryimage\"},\"image\":{\"@id\":\"https:\\\/\\\/haberkuzey.com\\\/index.php\\\/2026\\\/09\\\/01\\\/trabzonsporda-fatih-tekke-ile-yollar-ayrildi\\\/#primaryimage\"},\"thumbnailUrl\":\"https:\\\/\\\/haberkuzey.com\\\/wp-content\\\/uploads\\\/2026\\\/09\\\/2160122.jpg\",\"datePublished\":\"2026-09-01T15:15:05+00:00\",\"author\":{\"@id\":\"https:\\\/\\\/haberkuzey.com\\\/#\\\/schema\\\/person\\\/3372109ec735f9333f4fa47ebb9605ca\"},\"breadcrumb\":{\"@id\":\"https:\\\/\\\/haberkuzey.com\\\/index.php\\\/2026\\\/09\\\/01\\\/trabzonsporda-fatih-tekke-ile-yollar-ayrildi\\\/#breadcrumb\"},\"inLanguage\":\"tr\",\"potentialAction\":[{\"@type\":\"ReadAction\",\"target\":[\"https:\\\/\\\/haberkuzey.com\\\/index.php\\\/2026\\\/09\\\/01\\\/trabzonsporda-fatih-tekke-ile-yollar-ayrildi\\\/\"]}]},{\"@type\":\"ImageObject\",\"inLanguage\":\"tr\",\"@id\":\"https:\\\/\\\/haberkuzey.com\\\/index.php\\\/2026\\\/09\\\/01\\\/trabzonsporda-fatih-tekke-ile-yollar-ayrildi\\\/#primaryimage\",\"url\":\"https:\\\/\\\/haberkuzey.com\\\/wp-content\\\/uploads\\\/2026\\\/09\\\/2160122.jpg\",\"contentUrl\":\"https:\\\/\\\/haberkuzey.com\\\/wp-content\\\/uploads\\\/2026\\\/09\\\/2160122.jpg\",\"width\":1280,\"height\":720},{\"@type\":\"BreadcrumbList\",\"@id\":\"https:\\\/\\\/haberkuzey.com\\\/index.php\\\/2026\\\/09\\\/01\\\/trabzonsporda-fatih-tekke-ile-yollar-ayrildi\\\/#breadcrumb\",\"itemListElement\":[{\"@type\":\"ListItem\",\"position\":1,\"name\":\"Anasayfa\",\"item\":\"https:\\\/\\\/haberkuzey.com\\\/\"},{\"@type\":\"ListItem\",\"position\":2,\"name\":\"Trabzonspor&#8217;da Fatih Tekke ile yollar ayr\u0131ld\u0131\"}]},{\"@type\":\"WebSite\",\"@id\":\"https:\\\/\\\/haberkuzey.com\\\/#website\",\"url\":\"https:\\\/\\\/haberkuzey.com\\\/\",\"name\":\"Haber Kuzey\",\"description\":\"Do\u011fru Haberin Adresi\",\"potentialAction\":[{\"@type\":\"SearchAction\",\"target\":{\"@type\":\"EntryPoint\",\"urlTemplate\":\"https:\\\/\\\/haberkuzey.com\\\/?s={search_term_string}\"},\"query-input\":{\"@type\":\"PropertyValueSpecification\",\"valueRequired\":true,\"valueName\":\"search_term_string\"}}],\"inLanguage\":\"tr\"},{\"@type\":\"Person\",\"@id\":\"https:\\\/\\\/haberkuzey.com\\\/#\\\/schema\\\/person\\\/3372109ec735f9333f4fa47ebb9605ca\",\"name\":\"haberkuzey\",\"image\":{\"@type\":\"ImageObject\",\"inLanguage\":\"tr\",\"@id\":\"https:\\\/\\\/secure.gravatar.com\\\/avatar\\\/f5fc875574b1575324358c3b9e6a32b8227aa5b74f3fa22e3cadb63e26fcc39c?s=96&d=mm&r=g\",\"url\":\"https:\\\/\\\/secure.gravatar.com\\\/avatar\\\/f5fc875574b1575324358c3b9e6a32b8227aa5b74f3fa22e3cadb63e26fcc39c?s=96&d=mm&r=g\",\"contentUrl\":\"https:\\\/\\\/secure.gravatar.com\\\/avatar\\\/f5fc875574b1575324358c3b9e6a32b8227aa5b74f3fa22e3cadb63e26fcc39c?s=96&d=mm&r=g\",\"caption\":\"haberkuzey\"},\"sameAs\":[\"https:\\\/\\\/haberkuzey.com\"],\"url\":\"https:\\\/\\\/haberkuzey.com\\\/index.php\\\/author\\\/haberkuzey\\\/\"}]}<\/script>\n<!-- \/ Yoast SEO plugin. -->","yoast_head_json":{"title":"Trabzonspor'da Fatih Tekke ile yollar ayr\u0131ld\u0131 - Haber Kuzey","robots":{"index":"index","follow":"follow","max-snippet":"max-snippet:-1","max-image-preview":"max-image-preview:large","max-video-preview":"max-video-preview:-1"},"canonical":"https:\/\/haberkuzey.com\/index.php\/2026\/09\/01\/trabzonsporda-fatih-tekke-ile-yollar-ayrildi\/","og_locale":"tr_TR","og_type":"article","og_title":"Trabzonspor'da Fatih Tekke ile yollar ayr\u0131ld\u0131 - Haber Kuzey","og_description":"&#13; Trendyol S\u00fcper Lig&#8217;de Amed Sportif Faaliyetler deplasman\u0131nda al\u0131nan yenilginin ard\u0131ndan yollar\u0131n ayr\u0131ld\u0131\u011f\u0131 Fatih Tekke, bordo-mavili tak\u0131m ile 11 Mart 2025&#8217;te 4,5 y\u0131ll\u0131k s\u00f6zle\u015fme imzalamas\u0131n\u0131n ard\u0131ndan 48 lig ma\u00e7\u0131na \u00e7\u0131kt\u0131. &#13; Karadeniz ekibi, Tekke y\u00f6netiminde 26 galibiyet, 14 beraberlik, 8 ma\u011flubiyet al\u0131rken 1,91 puan ortalamas\u0131 elde etti. &#13; 48 lig ma\u00e7\u0131 &#13; Ligde 2024-25 sezonunun [&hellip;]","og_url":"https:\/\/haberkuzey.com\/index.php\/2026\/09\/01\/trabzonsporda-fatih-tekke-ile-yollar-ayrildi\/","og_site_name":"Haber Kuzey","article_published_time":"2026-09-01T15:15:05+00:00","og_image":[{"url":"https:\/\/trthaberstatic.cdn.wp.trt.com.tr\/resimler\/2160000\/2160122.jpg","type":"","width":"","height":""}],"author":"haberkuzey","twitter_card":"summary_large_image","twitter_misc":{"Yazan:":"haberkuzey","Tahmini okuma s\u00fcresi":"2 dakika"},"schema":{"@context":"https:\/\/schema.org","@graph":[{"@type":"Article","@id":"https:\/\/haberkuzey.com\/index.php\/2026\/09\/01\/trabzonsporda-fatih-tekke-ile-yollar-ayrildi\/#article","isPartOf":{"@id":"https:\/\/haberkuzey.com\/index.php\/2026\/09\/01\/trabzonsporda-fatih-tekke-ile-yollar-ayrildi\/"},"author":{"name":"haberkuzey","@id":"https:\/\/haberkuzey.com\/#\/schema\/person\/3372109ec735f9333f4fa47ebb9605ca"},"headline":"Trabzonspor&#8217;da Fatih Tekke ile yollar ayr\u0131ld\u0131","datePublished":"2026-09-01T15:15:05+00:00","mainEntityOfPage":{"@id":"https:\/\/haberkuzey.com\/index.php\/2026\/09\/01\/trabzonsporda-fatih-tekke-ile-yollar-ayrildi\/"},"wordCount":406,"commentCount":0,"image":{"@id":"https:\/\/haberkuzey.com\/index.php\/2026\/09\/01\/trabzonsporda-fatih-tekke-ile-yollar-ayrildi\/#primaryimage"},"thumbnailUrl":"https:\/\/haberkuzey.com\/wp-content\/uploads\/2026\/09\/2160122.jpg","articleSection":["Spor"],"inLanguage":"tr","potentialAction":[{"@type":"CommentAction","name":"Comment","target":["https:\/\/haberkuzey.com\/index.php\/2026\/09\/01\/trabzonsporda-fatih-tekke-ile-yollar-ayrildi\/#respond"]}]},{"@type":"WebPage","@id":"https:\/\/haberkuzey.com\/index.php\/2026\/09\/01\/trabzonsporda-fatih-tekke-ile-yollar-ayrildi\/","url":"https:\/\/haberkuzey.com\/index.php\/2026\/09\/01\/trabzonsporda-fatih-tekke-ile-yollar-ayrildi\/","name":"Trabzonspor'da Fatih Tekke ile yollar ayr\u0131ld\u0131 - Haber Kuzey","isPartOf":{"@id":"https:\/\/haberkuzey.com\/#website"},"primaryImageOfPage":{"@id":"https:\/\/haberkuzey.com\/index.php\/2026\/09\/01\/trabzonsporda-fatih-tekke-ile-yollar-ayrildi\/#primaryimage"},"image":{"@id":"https:\/\/haberkuzey.com\/index.php\/2026\/09\/01\/trabzonsporda-fatih-tekke-ile-yollar-ayrildi\/#primaryimage"},"thumbnailUrl":"https:\/\/haberkuzey.com\/wp-content\/uploads\/2026\/09\/2160122.jpg","datePublished":"2026-09-01T15:15:05+00:00","author":{"@id":"https:\/\/haberkuzey.com\/#\/schema\/person\/3372109ec735f9333f4fa47ebb9605ca"},"breadcrumb":{"@id":"https:\/\/haberkuzey.com\/index.php\/2026\/09\/01\/trabzonsporda-fatih-tekke-ile-yollar-ayrildi\/#breadcrumb"},"inLanguage":"tr","potentialAction":[{"@type":"ReadAction","target":["https:\/\/haberkuzey.com\/index.php\/2026\/09\/01\/trabzonsporda-fatih-tekke-ile-yollar-ayrildi\/"]}]},{"@type":"ImageObject","inLanguage":"tr","@id":"https:\/\/haberkuzey.com\/index.php\/2026\/09\/01\/trabzonsporda-fatih-tekke-ile-yollar-ayrildi\/#primaryimage","url":"https:\/\/haberkuzey.com\/wp-content\/uploads\/2026\/09\/2160122.jpg","contentUrl":"https:\/\/haberkuzey.com\/wp-content\/uploads\/2026\/09\/2160122.jpg","width":1280,"height":720},{"@type":"BreadcrumbList","@id":"https:\/\/haberkuzey.com\/index.php\/2026\/09\/01\/trabzonsporda-fatih-tekke-ile-yollar-ayrildi\/#breadcrumb","itemListElement":[{"@type":"ListItem","position":1,"name":"Anasayfa","item":"https:\/\/haberkuzey.com\/"},{"@type":"ListItem","position":2,"name":"Trabzonspor&#8217;da Fatih Tekke ile yollar ayr\u0131ld\u0131"}]},{"@type":"WebSite","@id":"https:\/\/haberkuzey.com\/#website","url":"https:\/\/haberkuzey.com\/","name":"Haber Kuzey","description":"Do\u011fru Haberin Adresi","potentialAction":[{"@type":"SearchAction","target":{"@type":"EntryPoint","urlTemplate":"https:\/\/haberkuzey.com\/?s={search_term_string}"},"query-input":{"@type":"PropertyValueSpecification","valueRequired":true,"valueName":"search_term_string"}}],"inLanguage":"tr"},{"@type":"Person","@id":"https:\/\/haberkuzey.com\/#\/schema\/person\/3372109ec735f9333f4fa47ebb9605ca","name":"haberkuzey","image":{"@type":"ImageObject","inLanguage":"tr","@id":"https:\/\/secure.gravatar.com\/avatar\/f5fc875574b1575324358c3b9e6a32b8227aa5b74f3fa22e3cadb63e26fcc39c?s=96&d=mm&r=g","url":"https:\/\/secure.gravatar.com\/avatar\/f5fc875574b1575324358c3b9e6a32b8227aa5b74f3fa22e3cadb63e26fcc39c?s=96&d=mm&r=g","contentUrl":"https:\/\/secure.gravatar.com\/avatar\/f5fc875574b1575324358c3b9e6a32b8227aa5b74f3fa22e3cadb63e26fcc39c?s=96&d=mm&r=g","caption":"haberkuzey"},"sameAs":["https:\/\/haberkuzey.com"],"url":"https:\/\/haberkuzey.com\/index.php\/author\/haberkuzey\/"}]}},"_links":{"self":[{"href":"https:\/\/haberkuzey.com\/index.php\/wp-json\/wp\/v2\/posts\/46348","targetHints":{"allow":["GET"]}}],"collection":[{"href":"https:\/\/haberkuzey.com\/index.php\/wp-json\/wp\/v2\/posts"}],"about":[{"href":"https:\/\/haberkuzey.com\/index.php\/wp-json\/wp\/v2\/types\/post"}],"author":[{"embeddable":true,"href":"https:\/\/haberkuzey.com\/index.php\/wp-json\/wp\/v2\/users\/1"}],"replies":[{"embeddable":true,"href":"https:\/\/haberkuzey.com\/index.php\/wp-json\/wp\/v2\/comments?post=46348"}],"version-history":[{"count":0,"href":"https:\/\/haberkuzey.com\/index.php\/wp-json\/wp\/v2\/posts\/46348\/revisions"}],"wp:featuredmedia":[{"embeddable":true,"href":"https:\/\/haberkuzey.com\/index.php\/wp-json\/wp\/v2\/media\/46349"}],"wp:attachment":[{"href":"https:\/\/haberkuzey.com\/index.php\/wp-json\/wp\/v2\/media?parent=46348"}],"wp:term":[{"taxonomy":"category","embeddable":true,"href":"https:\/\/haberkuzey.com\/index.php\/wp-json\/wp\/v2\/categories?post=46348"},{"taxonomy":"post_tag","embeddable":true,"href":"https:\/\/haberkuzey.com\/index.php\/wp-json\/wp\/v2\/tags?post=46348"}],"curies":[{"name":"wp","href":"https:\/\/api.w.org\/{rel}","templated":true}]}}