{"id":46329,"date":"2026-09-01T01:49:03","date_gmt":"2026-08-31T22:49:03","guid":{"rendered":"https:\/\/haberkuzey.com\/index.php\/2026\/09\/01\/almanyada-turk-kiz-kardeslere-yonelik-irkci-hakaret\/"},"modified":"2026-09-01T01:49:03","modified_gmt":"2026-08-31T22:49:03","slug":"almanyada-turk-kiz-kardeslere-yonelik-irkci-hakaret","status":"publish","type":"post","link":"https:\/\/haberkuzey.com\/index.php\/2026\/09\/01\/almanyada-turk-kiz-kardeslere-yonelik-irkci-hakaret\/","title":{"rendered":"Almanya&#8217;da T\u00fcrk k\u0131z karde\u015flere y\u00f6nelik \u0131rk\u00e7\u0131 hakaret"},"content":{"rendered":"<p><\/p>\n<div>\n<p>&#13;<br \/>\n\tBestwig tren istasyonunda 20 A\u011fustos&#8217;ta ya\u015fanan olay\u0131n g\u00f6r\u00fcnt\u00fcleri sosyal medyada yay\u0131larak b\u00fcy\u00fck tepki toplarken, Alman \u00e7ift hakk\u0131nda polis soru\u015fturma ba\u015flatt\u0131.<\/p>\n<p>&#13;<br \/>\n\tG\u00f6r\u00fcnt\u00fclerde, Alman kad\u0131n ve erke\u011fin, ba\u015f\u00f6rt\u00fcl\u00fc olan T\u00fcrk k\u0131z karde\u015flere &#8220;Sizi ilk u\u00e7akla evlerinize geri g\u00f6ndermeliyiz&#8221; \u015feklinde s\u00f6zler sarf etti\u011fi duyuluyor.<\/p>\n<p>&#13;<br \/>\n\tAlman kad\u0131n\u0131n ayr\u0131ca k\u0131z karde\u015flere y\u00f6nelik, &#8220;S\u00fcrekli tecav\u00fcze u\u011framan\u0131z\u0131 diliyorum&#8221; ifadesini kulland\u0131\u011f\u0131 g\u00f6r\u00fcl\u00fcyor.<\/p>\n<p>&#13;<br \/>\n\tHochsauerland b\u00f6lgesi emniyeti ceza soru\u015fturmas\u0131n\u0131n ba\u015flat\u0131ld\u0131\u011f\u0131n\u0131 ve Dortmund Emniyet M\u00fcd\u00fcrl\u00fc\u011f\u00fc taraf\u0131ndan y\u00fcr\u00fct\u00fcld\u00fc\u011f\u00fcn\u00fc aktard\u0131.<\/p>\n<p>&#13;<br \/>\n\tMa\u011fdur gen\u00e7lerin akrabas\u0131 olan Sosyal Demokrat Parti (SPD) Overath Meclis Grubu Ba\u015fkan Yard\u0131mc\u0131s\u0131 Osman Yusuf da, bu \u0131rk\u00e7\u0131 s\u00f6zlerin sarfedilmesinin insan\u0131n akl\u0131n\u0131n alabilece\u011fi bir durum olmad\u0131\u011f\u0131n\u0131 ve mazur g\u00f6r\u00fclemeyece\u011fini belirtti.<\/p>\n<p>&#13;<br \/>\n\tYusuf, soru\u015fturman\u0131n takip\u00e7isi olacaklar\u0131n\u0131 bildirdi.<\/p>\n<\/p><\/div>\n","protected":false},"excerpt":{"rendered":"<p>&#13; Bestwig tren istasyonunda 20 A\u011fustos&#8217;ta ya\u015fanan olay\u0131n g\u00f6r\u00fcnt\u00fcleri sosyal medyada yay\u0131larak b\u00fcy\u00fck tepki toplarken, Alman \u00e7ift hakk\u0131nda polis soru\u015fturma ba\u015flatt\u0131. &#13; G\u00f6r\u00fcnt\u00fclerde, Alman kad\u0131n ve erke\u011fin, ba\u015f\u00f6rt\u00fcl\u00fc olan T\u00fcrk k\u0131z karde\u015flere &#8220;Sizi ilk u\u00e7akla evlerinize geri g\u00f6ndermeliyiz&#8221; \u015feklinde s\u00f6zler sarf etti\u011fi duyuluyor. &#13; Alman kad\u0131n\u0131n ayr\u0131ca k\u0131z karde\u015flere y\u00f6nelik, &#8220;S\u00fcrekli tecav\u00fcze u\u011framan\u0131z\u0131 diliyorum&#8221; ifadesini [&hellip;]<\/p>\n","protected":false},"author":1,"featured_media":33036,"comment_status":"open","ping_status":"open","sticky":false,"template":"","format":"standard","meta":{"jnews-multi-image_gallery":[],"jnews_single_post":[],"jnews_primary_category":[],"footnotes":""},"categories":[2],"tags":[],"class_list":["post-46329","post","type-post","status-publish","format-standard","has-post-thumbnail","hentry","category-dunya"],"yoast_head":"<!-- This site is optimized with the Yoast SEO plugin v28.3 - https:\/\/yoast.com\/product\/yoast-seo-wordpress\/ -->\n<title>Almanya&#039;da T\u00fcrk k\u0131z karde\u015flere y\u00f6nelik \u0131rk\u00e7\u0131 hakaret - Haber Kuzey<\/title>\n<meta name=\"robots\" content=\"index, follow, max-snippet:-1, max-image-preview:large, max-video-preview:-1\" \/>\n<link rel=\"canonical\" href=\"https:\/\/haberkuzey.com\/index.php\/2026\/09\/01\/almanyada-turk-kiz-kardeslere-yonelik-irkci-hakaret\/\" \/>\n<meta property=\"og:locale\" content=\"tr_TR\" \/>\n<meta property=\"og:type\" content=\"article\" \/>\n<meta property=\"og:title\" content=\"Almanya&#039;da T\u00fcrk k\u0131z karde\u015flere y\u00f6nelik \u0131rk\u00e7\u0131 hakaret - Haber Kuzey\" \/>\n<meta property=\"og:description\" content=\"&#013; Bestwig tren istasyonunda 20 A\u011fustos&#8217;ta ya\u015fanan olay\u0131n g\u00f6r\u00fcnt\u00fcleri sosyal medyada yay\u0131larak b\u00fcy\u00fck tepki toplarken, Alman \u00e7ift hakk\u0131nda polis soru\u015fturma ba\u015flatt\u0131. &#013; G\u00f6r\u00fcnt\u00fclerde, Alman kad\u0131n ve erke\u011fin, ba\u015f\u00f6rt\u00fcl\u00fc olan T\u00fcrk k\u0131z karde\u015flere &#8220;Sizi ilk u\u00e7akla evlerinize geri g\u00f6ndermeliyiz&#8221; \u015feklinde s\u00f6zler sarf etti\u011fi duyuluyor. &#013; Alman kad\u0131n\u0131n ayr\u0131ca k\u0131z karde\u015flere y\u00f6nelik, &#8220;S\u00fcrekli tecav\u00fcze u\u011framan\u0131z\u0131 diliyorum&#8221; ifadesini [&hellip;]\" \/>\n<meta property=\"og:url\" content=\"https:\/\/haberkuzey.com\/index.php\/2026\/09\/01\/almanyada-turk-kiz-kardeslere-yonelik-irkci-hakaret\/\" \/>\n<meta property=\"og:site_name\" content=\"Haber Kuzey\" \/>\n<meta property=\"article:published_time\" content=\"2026-08-31T22:49:03+00:00\" \/>\n<meta property=\"og:image\" content=\"https:\/\/trthaberstatic.cdn.wp.trt.com.tr\/resimler\/2290000\/almanya-bayragi-depophotos-2291094.jpg\" \/>\n<meta name=\"author\" content=\"haberkuzey\" \/>\n<meta name=\"twitter:card\" content=\"summary_large_image\" \/>\n<meta name=\"twitter:label1\" content=\"Yazan:\" \/>\n\t<meta name=\"twitter:data1\" content=\"haberkuzey\" \/>\n\t<meta name=\"twitter:label2\" content=\"Tahmini okuma s\u00fcresi\" \/>\n\t<meta name=\"twitter:data2\" content=\"1 dakika\" \/>\n<script type=\"application\/ld+json\" class=\"yoast-schema-graph\">{\"@context\":\"https:\\\/\\\/schema.org\",\"@graph\":[{\"@type\":\"Article\",\"@id\":\"https:\\\/\\\/haberkuzey.com\\\/index.php\\\/2026\\\/09\\\/01\\\/almanyada-turk-kiz-kardeslere-yonelik-irkci-hakaret\\\/#article\",\"isPartOf\":{\"@id\":\"https:\\\/\\\/haberkuzey.com\\\/index.php\\\/2026\\\/09\\\/01\\\/almanyada-turk-kiz-kardeslere-yonelik-irkci-hakaret\\\/\"},\"author\":{\"name\":\"haberkuzey\",\"@id\":\"https:\\\/\\\/haberkuzey.com\\\/#\\\/schema\\\/person\\\/3372109ec735f9333f4fa47ebb9605ca\"},\"headline\":\"Almanya&#8217;da T\u00fcrk k\u0131z karde\u015flere y\u00f6nelik \u0131rk\u00e7\u0131 hakaret\",\"datePublished\":\"2026-08-31T22:49:03+00:00\",\"mainEntityOfPage\":{\"@id\":\"https:\\\/\\\/haberkuzey.com\\\/index.php\\\/2026\\\/09\\\/01\\\/almanyada-turk-kiz-kardeslere-yonelik-irkci-hakaret\\\/\"},\"wordCount\":185,\"commentCount\":0,\"image\":{\"@id\":\"https:\\\/\\\/haberkuzey.com\\\/index.php\\\/2026\\\/09\\\/01\\\/almanyada-turk-kiz-kardeslere-yonelik-irkci-hakaret\\\/#primaryimage\"},\"thumbnailUrl\":\"https:\\\/\\\/haberkuzey.com\\\/wp-content\\\/uploads\\\/2025\\\/12\\\/almanya-bayragi-depophotos-2291094.jpg\",\"articleSection\":[\"D\u00fcnya\"],\"inLanguage\":\"tr\",\"potentialAction\":[{\"@type\":\"CommentAction\",\"name\":\"Comment\",\"target\":[\"https:\\\/\\\/haberkuzey.com\\\/index.php\\\/2026\\\/09\\\/01\\\/almanyada-turk-kiz-kardeslere-yonelik-irkci-hakaret\\\/#respond\"]}]},{\"@type\":\"WebPage\",\"@id\":\"https:\\\/\\\/haberkuzey.com\\\/index.php\\\/2026\\\/09\\\/01\\\/almanyada-turk-kiz-kardeslere-yonelik-irkci-hakaret\\\/\",\"url\":\"https:\\\/\\\/haberkuzey.com\\\/index.php\\\/2026\\\/09\\\/01\\\/almanyada-turk-kiz-kardeslere-yonelik-irkci-hakaret\\\/\",\"name\":\"Almanya'da T\u00fcrk k\u0131z karde\u015flere y\u00f6nelik \u0131rk\u00e7\u0131 hakaret - Haber Kuzey\",\"isPartOf\":{\"@id\":\"https:\\\/\\\/haberkuzey.com\\\/#website\"},\"primaryImageOfPage\":{\"@id\":\"https:\\\/\\\/haberkuzey.com\\\/index.php\\\/2026\\\/09\\\/01\\\/almanyada-turk-kiz-kardeslere-yonelik-irkci-hakaret\\\/#primaryimage\"},\"image\":{\"@id\":\"https:\\\/\\\/haberkuzey.com\\\/index.php\\\/2026\\\/09\\\/01\\\/almanyada-turk-kiz-kardeslere-yonelik-irkci-hakaret\\\/#primaryimage\"},\"thumbnailUrl\":\"https:\\\/\\\/haberkuzey.com\\\/wp-content\\\/uploads\\\/2025\\\/12\\\/almanya-bayragi-depophotos-2291094.jpg\",\"datePublished\":\"2026-08-31T22:49:03+00:00\",\"author\":{\"@id\":\"https:\\\/\\\/haberkuzey.com\\\/#\\\/schema\\\/person\\\/3372109ec735f9333f4fa47ebb9605ca\"},\"breadcrumb\":{\"@id\":\"https:\\\/\\\/haberkuzey.com\\\/index.php\\\/2026\\\/09\\\/01\\\/almanyada-turk-kiz-kardeslere-yonelik-irkci-hakaret\\\/#breadcrumb\"},\"inLanguage\":\"tr\",\"potentialAction\":[{\"@type\":\"ReadAction\",\"target\":[\"https:\\\/\\\/haberkuzey.com\\\/index.php\\\/2026\\\/09\\\/01\\\/almanyada-turk-kiz-kardeslere-yonelik-irkci-hakaret\\\/\"]}]},{\"@type\":\"ImageObject\",\"inLanguage\":\"tr\",\"@id\":\"https:\\\/\\\/haberkuzey.com\\\/index.php\\\/2026\\\/09\\\/01\\\/almanyada-turk-kiz-kardeslere-yonelik-irkci-hakaret\\\/#primaryimage\",\"url\":\"https:\\\/\\\/haberkuzey.com\\\/wp-content\\\/uploads\\\/2025\\\/12\\\/almanya-bayragi-depophotos-2291094.jpg\",\"contentUrl\":\"https:\\\/\\\/haberkuzey.com\\\/wp-content\\\/uploads\\\/2025\\\/12\\\/almanya-bayragi-depophotos-2291094.jpg\",\"width\":1280,\"height\":720},{\"@type\":\"BreadcrumbList\",\"@id\":\"https:\\\/\\\/haberkuzey.com\\\/index.php\\\/2026\\\/09\\\/01\\\/almanyada-turk-kiz-kardeslere-yonelik-irkci-hakaret\\\/#breadcrumb\",\"itemListElement\":[{\"@type\":\"ListItem\",\"position\":1,\"name\":\"Anasayfa\",\"item\":\"https:\\\/\\\/haberkuzey.com\\\/\"},{\"@type\":\"ListItem\",\"position\":2,\"name\":\"Almanya&#8217;da T\u00fcrk k\u0131z karde\u015flere y\u00f6nelik \u0131rk\u00e7\u0131 hakaret\"}]},{\"@type\":\"WebSite\",\"@id\":\"https:\\\/\\\/haberkuzey.com\\\/#website\",\"url\":\"https:\\\/\\\/haberkuzey.com\\\/\",\"name\":\"Haber Kuzey\",\"description\":\"Do\u011fru Haberin Adresi\",\"potentialAction\":[{\"@type\":\"SearchAction\",\"target\":{\"@type\":\"EntryPoint\",\"urlTemplate\":\"https:\\\/\\\/haberkuzey.com\\\/?s={search_term_string}\"},\"query-input\":{\"@type\":\"PropertyValueSpecification\",\"valueRequired\":true,\"valueName\":\"search_term_string\"}}],\"inLanguage\":\"tr\"},{\"@type\":\"Person\",\"@id\":\"https:\\\/\\\/haberkuzey.com\\\/#\\\/schema\\\/person\\\/3372109ec735f9333f4fa47ebb9605ca\",\"name\":\"haberkuzey\",\"image\":{\"@type\":\"ImageObject\",\"inLanguage\":\"tr\",\"@id\":\"https:\\\/\\\/secure.gravatar.com\\\/avatar\\\/f5fc875574b1575324358c3b9e6a32b8227aa5b74f3fa22e3cadb63e26fcc39c?s=96&d=mm&r=g\",\"url\":\"https:\\\/\\\/secure.gravatar.com\\\/avatar\\\/f5fc875574b1575324358c3b9e6a32b8227aa5b74f3fa22e3cadb63e26fcc39c?s=96&d=mm&r=g\",\"contentUrl\":\"https:\\\/\\\/secure.gravatar.com\\\/avatar\\\/f5fc875574b1575324358c3b9e6a32b8227aa5b74f3fa22e3cadb63e26fcc39c?s=96&d=mm&r=g\",\"caption\":\"haberkuzey\"},\"sameAs\":[\"https:\\\/\\\/haberkuzey.com\"],\"url\":\"https:\\\/\\\/haberkuzey.com\\\/index.php\\\/author\\\/haberkuzey\\\/\"}]}<\/script>\n<!-- \/ Yoast SEO plugin. -->","yoast_head_json":{"title":"Almanya'da T\u00fcrk k\u0131z karde\u015flere y\u00f6nelik \u0131rk\u00e7\u0131 hakaret - Haber Kuzey","robots":{"index":"index","follow":"follow","max-snippet":"max-snippet:-1","max-image-preview":"max-image-preview:large","max-video-preview":"max-video-preview:-1"},"canonical":"https:\/\/haberkuzey.com\/index.php\/2026\/09\/01\/almanyada-turk-kiz-kardeslere-yonelik-irkci-hakaret\/","og_locale":"tr_TR","og_type":"article","og_title":"Almanya'da T\u00fcrk k\u0131z karde\u015flere y\u00f6nelik \u0131rk\u00e7\u0131 hakaret - Haber Kuzey","og_description":"&#13; Bestwig tren istasyonunda 20 A\u011fustos&#8217;ta ya\u015fanan olay\u0131n g\u00f6r\u00fcnt\u00fcleri sosyal medyada yay\u0131larak b\u00fcy\u00fck tepki toplarken, Alman \u00e7ift hakk\u0131nda polis soru\u015fturma ba\u015flatt\u0131. &#13; G\u00f6r\u00fcnt\u00fclerde, Alman kad\u0131n ve erke\u011fin, ba\u015f\u00f6rt\u00fcl\u00fc olan T\u00fcrk k\u0131z karde\u015flere &#8220;Sizi ilk u\u00e7akla evlerinize geri g\u00f6ndermeliyiz&#8221; \u015feklinde s\u00f6zler sarf etti\u011fi duyuluyor. &#13; Alman kad\u0131n\u0131n ayr\u0131ca k\u0131z karde\u015flere y\u00f6nelik, &#8220;S\u00fcrekli tecav\u00fcze u\u011framan\u0131z\u0131 diliyorum&#8221; ifadesini [&hellip;]","og_url":"https:\/\/haberkuzey.com\/index.php\/2026\/09\/01\/almanyada-turk-kiz-kardeslere-yonelik-irkci-hakaret\/","og_site_name":"Haber Kuzey","article_published_time":"2026-08-31T22:49:03+00:00","og_image":[{"url":"https:\/\/trthaberstatic.cdn.wp.trt.com.tr\/resimler\/2290000\/almanya-bayragi-depophotos-2291094.jpg","type":"","width":"","height":""}],"author":"haberkuzey","twitter_card":"summary_large_image","twitter_misc":{"Yazan:":"haberkuzey","Tahmini okuma s\u00fcresi":"1 dakika"},"schema":{"@context":"https:\/\/schema.org","@graph":[{"@type":"Article","@id":"https:\/\/haberkuzey.com\/index.php\/2026\/09\/01\/almanyada-turk-kiz-kardeslere-yonelik-irkci-hakaret\/#article","isPartOf":{"@id":"https:\/\/haberkuzey.com\/index.php\/2026\/09\/01\/almanyada-turk-kiz-kardeslere-yonelik-irkci-hakaret\/"},"author":{"name":"haberkuzey","@id":"https:\/\/haberkuzey.com\/#\/schema\/person\/3372109ec735f9333f4fa47ebb9605ca"},"headline":"Almanya&#8217;da T\u00fcrk k\u0131z karde\u015flere y\u00f6nelik \u0131rk\u00e7\u0131 hakaret","datePublished":"2026-08-31T22:49:03+00:00","mainEntityOfPage":{"@id":"https:\/\/haberkuzey.com\/index.php\/2026\/09\/01\/almanyada-turk-kiz-kardeslere-yonelik-irkci-hakaret\/"},"wordCount":185,"commentCount":0,"image":{"@id":"https:\/\/haberkuzey.com\/index.php\/2026\/09\/01\/almanyada-turk-kiz-kardeslere-yonelik-irkci-hakaret\/#primaryimage"},"thumbnailUrl":"https:\/\/haberkuzey.com\/wp-content\/uploads\/2025\/12\/almanya-bayragi-depophotos-2291094.jpg","articleSection":["D\u00fcnya"],"inLanguage":"tr","potentialAction":[{"@type":"CommentAction","name":"Comment","target":["https:\/\/haberkuzey.com\/index.php\/2026\/09\/01\/almanyada-turk-kiz-kardeslere-yonelik-irkci-hakaret\/#respond"]}]},{"@type":"WebPage","@id":"https:\/\/haberkuzey.com\/index.php\/2026\/09\/01\/almanyada-turk-kiz-kardeslere-yonelik-irkci-hakaret\/","url":"https:\/\/haberkuzey.com\/index.php\/2026\/09\/01\/almanyada-turk-kiz-kardeslere-yonelik-irkci-hakaret\/","name":"Almanya'da T\u00fcrk k\u0131z karde\u015flere y\u00f6nelik \u0131rk\u00e7\u0131 hakaret - Haber Kuzey","isPartOf":{"@id":"https:\/\/haberkuzey.com\/#website"},"primaryImageOfPage":{"@id":"https:\/\/haberkuzey.com\/index.php\/2026\/09\/01\/almanyada-turk-kiz-kardeslere-yonelik-irkci-hakaret\/#primaryimage"},"image":{"@id":"https:\/\/haberkuzey.com\/index.php\/2026\/09\/01\/almanyada-turk-kiz-kardeslere-yonelik-irkci-hakaret\/#primaryimage"},"thumbnailUrl":"https:\/\/haberkuzey.com\/wp-content\/uploads\/2025\/12\/almanya-bayragi-depophotos-2291094.jpg","datePublished":"2026-08-31T22:49:03+00:00","author":{"@id":"https:\/\/haberkuzey.com\/#\/schema\/person\/3372109ec735f9333f4fa47ebb9605ca"},"breadcrumb":{"@id":"https:\/\/haberkuzey.com\/index.php\/2026\/09\/01\/almanyada-turk-kiz-kardeslere-yonelik-irkci-hakaret\/#breadcrumb"},"inLanguage":"tr","potentialAction":[{"@type":"ReadAction","target":["https:\/\/haberkuzey.com\/index.php\/2026\/09\/01\/almanyada-turk-kiz-kardeslere-yonelik-irkci-hakaret\/"]}]},{"@type":"ImageObject","inLanguage":"tr","@id":"https:\/\/haberkuzey.com\/index.php\/2026\/09\/01\/almanyada-turk-kiz-kardeslere-yonelik-irkci-hakaret\/#primaryimage","url":"https:\/\/haberkuzey.com\/wp-content\/uploads\/2025\/12\/almanya-bayragi-depophotos-2291094.jpg","contentUrl":"https:\/\/haberkuzey.com\/wp-content\/uploads\/2025\/12\/almanya-bayragi-depophotos-2291094.jpg","width":1280,"height":720},{"@type":"BreadcrumbList","@id":"https:\/\/haberkuzey.com\/index.php\/2026\/09\/01\/almanyada-turk-kiz-kardeslere-yonelik-irkci-hakaret\/#breadcrumb","itemListElement":[{"@type":"ListItem","position":1,"name":"Anasayfa","item":"https:\/\/haberkuzey.com\/"},{"@type":"ListItem","position":2,"name":"Almanya&#8217;da T\u00fcrk k\u0131z karde\u015flere y\u00f6nelik \u0131rk\u00e7\u0131 hakaret"}]},{"@type":"WebSite","@id":"https:\/\/haberkuzey.com\/#website","url":"https:\/\/haberkuzey.com\/","name":"Haber Kuzey","description":"Do\u011fru Haberin Adresi","potentialAction":[{"@type":"SearchAction","target":{"@type":"EntryPoint","urlTemplate":"https:\/\/haberkuzey.com\/?s={search_term_string}"},"query-input":{"@type":"PropertyValueSpecification","valueRequired":true,"valueName":"search_term_string"}}],"inLanguage":"tr"},{"@type":"Person","@id":"https:\/\/haberkuzey.com\/#\/schema\/person\/3372109ec735f9333f4fa47ebb9605ca","name":"haberkuzey","image":{"@type":"ImageObject","inLanguage":"tr","@id":"https:\/\/secure.gravatar.com\/avatar\/f5fc875574b1575324358c3b9e6a32b8227aa5b74f3fa22e3cadb63e26fcc39c?s=96&d=mm&r=g","url":"https:\/\/secure.gravatar.com\/avatar\/f5fc875574b1575324358c3b9e6a32b8227aa5b74f3fa22e3cadb63e26fcc39c?s=96&d=mm&r=g","contentUrl":"https:\/\/secure.gravatar.com\/avatar\/f5fc875574b1575324358c3b9e6a32b8227aa5b74f3fa22e3cadb63e26fcc39c?s=96&d=mm&r=g","caption":"haberkuzey"},"sameAs":["https:\/\/haberkuzey.com"],"url":"https:\/\/haberkuzey.com\/index.php\/author\/haberkuzey\/"}]}},"_links":{"self":[{"href":"https:\/\/haberkuzey.com\/index.php\/wp-json\/wp\/v2\/posts\/46329","targetHints":{"allow":["GET"]}}],"collection":[{"href":"https:\/\/haberkuzey.com\/index.php\/wp-json\/wp\/v2\/posts"}],"about":[{"href":"https:\/\/haberkuzey.com\/index.php\/wp-json\/wp\/v2\/types\/post"}],"author":[{"embeddable":true,"href":"https:\/\/haberkuzey.com\/index.php\/wp-json\/wp\/v2\/users\/1"}],"replies":[{"embeddable":true,"href":"https:\/\/haberkuzey.com\/index.php\/wp-json\/wp\/v2\/comments?post=46329"}],"version-history":[{"count":0,"href":"https:\/\/haberkuzey.com\/index.php\/wp-json\/wp\/v2\/posts\/46329\/revisions"}],"wp:featuredmedia":[{"embeddable":true,"href":"https:\/\/haberkuzey.com\/index.php\/wp-json\/wp\/v2\/media\/33036"}],"wp:attachment":[{"href":"https:\/\/haberkuzey.com\/index.php\/wp-json\/wp\/v2\/media?parent=46329"}],"wp:term":[{"taxonomy":"category","embeddable":true,"href":"https:\/\/haberkuzey.com\/index.php\/wp-json\/wp\/v2\/categories?post=46329"},{"taxonomy":"post_tag","embeddable":true,"href":"https:\/\/haberkuzey.com\/index.php\/wp-json\/wp\/v2\/tags?post=46329"}],"curies":[{"name":"wp","href":"https:\/\/api.w.org\/{rel}","templated":true}]}}