{"id":46326,"date":"2026-09-01T00:48:03","date_gmt":"2026-08-31T21:48:03","guid":{"rendered":"https:\/\/haberkuzey.com\/index.php\/2026\/09\/01\/nepaldeki-selde-hayatini-kaybedenlerin-sayisi-939a-yukseldi\/"},"modified":"2026-09-01T00:48:03","modified_gmt":"2026-08-31T21:48:03","slug":"nepaldeki-selde-hayatini-kaybedenlerin-sayisi-939a-yukseldi","status":"publish","type":"post","link":"https:\/\/haberkuzey.com\/index.php\/2026\/09\/01\/nepaldeki-selde-hayatini-kaybedenlerin-sayisi-939a-yukseldi\/","title":{"rendered":"Nepal&#8217;deki selde hayat\u0131n\u0131 kaybedenlerin say\u0131s\u0131 939&#8217;a y\u00fckseldi"},"content":{"rendered":"<p><\/p>\n<div>\n<p>&#13;<br \/>\n\tNepal&#8217;in \u00c7in s\u0131n\u0131r\u0131na yak\u0131n b\u00f6lgelerini etkileyen felaket nedeniyle sel sular\u0131na kap\u0131lanlar\u0131 kurtarmak i\u00e7in ba\u015flat\u0131lan \u00e7al\u0131\u015fmalar devam ediyor.<\/p>\n<p>&#13;<br \/>\n\tNepal Ulusal Afet Risk Azaltma ve Y\u00f6netim Kurumu, \u00f6l\u00fc say\u0131s\u0131n\u0131n 939&#8217;a, kay\u0131p ki\u015fi say\u0131s\u0131n\u0131n ise 592&#8217;si yabanc\u0131 uyruklu olmak \u00fczere toplam 3 bin 925&#8217;e y\u00fckseldi\u011fini duyurdu.<\/p>\n<h2>&#13;<br \/>\n\tNepal&#8217;den teknik ekipman ve malzeme talebi<\/h2>\n<p>&#13;<br \/>\n\tNepal D\u0131\u015fi\u015fleri Bakanl\u0131\u011f\u0131ndan konuya ili\u015fkin yap\u0131lan a\u00e7\u0131klamada, Hindistan, \u00c7in, Japonya, ABD, Birle\u015fik Arap Emirlikleri (BAE), G\u00fcney Kore ve di\u011fer \u00fclkelerden dondurucu, jenerat\u00f6r, g\u00fcne\u015f enerjili lamba, DNA test kitleri, acil yard\u0131m ekipmanlar\u0131, \u00e7ad\u0131r, battaniye, uyku tulumu, g\u0131da ve ila\u00e7 gibi arama kurtarma ve yard\u0131m malzemeleri al\u0131nd\u0131\u011f\u0131 kaydedildi.<\/p>\n<p>&#13;<br \/>\n\tKurtarma \u00e7al\u0131\u015fmalar\u0131na destek amac\u0131yla ABD&#8217;den DNA test kitleri dahil teknik ekipman istendi\u011fi belirtilen a\u00e7\u0131klamada, \u00c7in ve Singapur&#8217;dan k\u00f6pr\u00fc sistemleri ve y\u00fcksek kapasiteli insans\u0131z hava ara\u00e7lar\u0131 (\u0130HA) talep edildi\u011fi aktar\u0131ld\u0131.<\/p>\n<p>&#13;<br \/>\n\tA\u00e7\u0131klamada, benzer \u00f6zel malzeme ve teknik ekipmanlar\u0131n \u00e7ok yak\u0131nda Japonya ve G\u00fcney Kore&#8217;den de ula\u015fmas\u0131n\u0131n beklendi\u011fi ifade edildi.<\/p>\n<p>&#13;<br \/>\n\t\u00d6te yandan, Nepal&#8217;deki sel nedeniyle \u00c7in&#8217;in Tibet \u00d6zerk B\u00f6lgesi&#8217;nde ya\u015fam\u0131n\u0131 yitirenlerin say\u0131s\u0131n\u0131n 16&#8217;ya y\u00fckseldi\u011fi bildirilmi\u015fti.<\/p>\n<h2>&#13;<br \/>\n\tUzmanlar, buzul \u00e7\u00f6kmesine i\u015faret ediyor<\/h2>\n<p>&#13;<br \/>\n\tNepal&#8217;in Rasuwa b\u00f6lgesinde 26 A\u011fustos&#8217;ta sel meydana gelmi\u015f, sel sular\u0131 nedeniyle d\u00fczinelerce k\u00f6pr\u00fcn\u00fcn y\u0131k\u0131ld\u0131\u011f\u0131, yollar\u0131n hasar ald\u0131\u011f\u0131 ve arama kurtarma \u00e7al\u0131\u015fmalar\u0131 i\u00e7in helikopterlerin sevk edildi\u011fi bildirilmi\u015fti.<\/p>\n<p>&#13;<br \/>\n\tSel \u00f6ncesi b\u00f6lgede ilk olarak deprem meydana geldi\u011fini a\u00e7\u0131klayan ABD Jeolojik Ara\u015ft\u0131rmalar Merkezi, verilerini g\u00fcncelleyerek 5,2 b\u00fcy\u00fckl\u00fc\u011f\u00fcndeki sismik hareketin kayna\u011f\u0131n\u0131n buzul \u00e7\u00f6kmesi oldu\u011funu ifade etmi\u015fti.<\/p>\n<p>&#13;<br \/>\n\tMerkezi Katmandu&#8217;da bulunan Uluslararas\u0131 Da\u011fl\u0131k Kalk\u0131nma Merkezi&#8217;nde g\u00f6revli uzmanlar, selin b\u00f6lgedeki da\u011fl\u0131k alandan kopan buzul par\u00e7alar\u0131n\u0131n tetikledi\u011fi \u00e7\u0131\u011f nedeniyle meydana geldi\u011fini belirtmi\u015fti.<\/p>\n<\/p><\/div>\n","protected":false},"excerpt":{"rendered":"<p>&#13; Nepal&#8217;in \u00c7in s\u0131n\u0131r\u0131na yak\u0131n b\u00f6lgelerini etkileyen felaket nedeniyle sel sular\u0131na kap\u0131lanlar\u0131 kurtarmak i\u00e7in ba\u015flat\u0131lan \u00e7al\u0131\u015fmalar devam ediyor. &#13; Nepal Ulusal Afet Risk Azaltma ve Y\u00f6netim Kurumu, \u00f6l\u00fc say\u0131s\u0131n\u0131n 939&#8217;a, kay\u0131p ki\u015fi say\u0131s\u0131n\u0131n ise 592&#8217;si yabanc\u0131 uyruklu olmak \u00fczere toplam 3 bin 925&#8217;e y\u00fckseldi\u011fini duyurdu. &#13; Nepal&#8217;den teknik ekipman ve malzeme talebi &#13; Nepal D\u0131\u015fi\u015fleri [&hellip;]<\/p>\n","protected":false},"author":1,"featured_media":46294,"comment_status":"open","ping_status":"open","sticky":false,"template":"","format":"standard","meta":{"jnews-multi-image_gallery":[],"jnews_single_post":[],"jnews_primary_category":[],"footnotes":""},"categories":[2],"tags":[],"class_list":["post-46326","post","type-post","status-publish","format-standard","has-post-thumbnail","hentry","category-dunya"],"yoast_head":"<!-- This site is optimized with the Yoast SEO plugin v28.3 - https:\/\/yoast.com\/product\/yoast-seo-wordpress\/ -->\n<title>Nepal&#039;deki selde hayat\u0131n\u0131 kaybedenlerin say\u0131s\u0131 939&#039;a y\u00fckseldi - Haber Kuzey<\/title>\n<meta name=\"robots\" content=\"index, follow, max-snippet:-1, max-image-preview:large, max-video-preview:-1\" \/>\n<link rel=\"canonical\" href=\"https:\/\/haberkuzey.com\/index.php\/2026\/09\/01\/nepaldeki-selde-hayatini-kaybedenlerin-sayisi-939a-yukseldi\/\" \/>\n<meta property=\"og:locale\" content=\"tr_TR\" \/>\n<meta property=\"og:type\" content=\"article\" \/>\n<meta property=\"og:title\" content=\"Nepal&#039;deki selde hayat\u0131n\u0131 kaybedenlerin say\u0131s\u0131 939&#039;a y\u00fckseldi - Haber Kuzey\" \/>\n<meta property=\"og:description\" content=\"&#013; Nepal&#8217;in \u00c7in s\u0131n\u0131r\u0131na yak\u0131n b\u00f6lgelerini etkileyen felaket nedeniyle sel sular\u0131na kap\u0131lanlar\u0131 kurtarmak i\u00e7in ba\u015flat\u0131lan \u00e7al\u0131\u015fmalar devam ediyor. &#013; Nepal Ulusal Afet Risk Azaltma ve Y\u00f6netim Kurumu, \u00f6l\u00fc say\u0131s\u0131n\u0131n 939&#8217;a, kay\u0131p ki\u015fi say\u0131s\u0131n\u0131n ise 592&#8217;si yabanc\u0131 uyruklu olmak \u00fczere toplam 3 bin 925&#8217;e y\u00fckseldi\u011fini duyurdu. &#013; Nepal&#8217;den teknik ekipman ve malzeme talebi &#013; Nepal D\u0131\u015fi\u015fleri [&hellip;]\" \/>\n<meta property=\"og:url\" content=\"https:\/\/haberkuzey.com\/index.php\/2026\/09\/01\/nepaldeki-selde-hayatini-kaybedenlerin-sayisi-939a-yukseldi\/\" \/>\n<meta property=\"og:site_name\" content=\"Haber Kuzey\" \/>\n<meta property=\"article:published_time\" content=\"2026-08-31T21:48:03+00:00\" \/>\n<meta property=\"og:image\" content=\"https:\/\/trthaberstatic.cdn.wp.trt.com.tr\/resimler\/2484000\/nepal-reu-2485806.jpg\" \/>\n<meta name=\"author\" content=\"haberkuzey\" \/>\n<meta name=\"twitter:card\" content=\"summary_large_image\" \/>\n<meta name=\"twitter:label1\" content=\"Yazan:\" \/>\n\t<meta name=\"twitter:data1\" content=\"haberkuzey\" \/>\n\t<meta name=\"twitter:label2\" content=\"Tahmini okuma s\u00fcresi\" \/>\n\t<meta name=\"twitter:data2\" content=\"2 dakika\" \/>\n<script type=\"application\/ld+json\" class=\"yoast-schema-graph\">{\"@context\":\"https:\\\/\\\/schema.org\",\"@graph\":[{\"@type\":\"Article\",\"@id\":\"https:\\\/\\\/haberkuzey.com\\\/index.php\\\/2026\\\/09\\\/01\\\/nepaldeki-selde-hayatini-kaybedenlerin-sayisi-939a-yukseldi\\\/#article\",\"isPartOf\":{\"@id\":\"https:\\\/\\\/haberkuzey.com\\\/index.php\\\/2026\\\/09\\\/01\\\/nepaldeki-selde-hayatini-kaybedenlerin-sayisi-939a-yukseldi\\\/\"},\"author\":{\"name\":\"haberkuzey\",\"@id\":\"https:\\\/\\\/haberkuzey.com\\\/#\\\/schema\\\/person\\\/3372109ec735f9333f4fa47ebb9605ca\"},\"headline\":\"Nepal&#8217;deki selde hayat\u0131n\u0131 kaybedenlerin say\u0131s\u0131 939&#8217;a y\u00fckseldi\",\"datePublished\":\"2026-08-31T21:48:03+00:00\",\"mainEntityOfPage\":{\"@id\":\"https:\\\/\\\/haberkuzey.com\\\/index.php\\\/2026\\\/09\\\/01\\\/nepaldeki-selde-hayatini-kaybedenlerin-sayisi-939a-yukseldi\\\/\"},\"wordCount\":360,\"commentCount\":0,\"image\":{\"@id\":\"https:\\\/\\\/haberkuzey.com\\\/index.php\\\/2026\\\/09\\\/01\\\/nepaldeki-selde-hayatini-kaybedenlerin-sayisi-939a-yukseldi\\\/#primaryimage\"},\"thumbnailUrl\":\"https:\\\/\\\/haberkuzey.com\\\/wp-content\\\/uploads\\\/2026\\\/08\\\/nepal-reu-2485806.jpg\",\"articleSection\":[\"D\u00fcnya\"],\"inLanguage\":\"tr\",\"potentialAction\":[{\"@type\":\"CommentAction\",\"name\":\"Comment\",\"target\":[\"https:\\\/\\\/haberkuzey.com\\\/index.php\\\/2026\\\/09\\\/01\\\/nepaldeki-selde-hayatini-kaybedenlerin-sayisi-939a-yukseldi\\\/#respond\"]}]},{\"@type\":\"WebPage\",\"@id\":\"https:\\\/\\\/haberkuzey.com\\\/index.php\\\/2026\\\/09\\\/01\\\/nepaldeki-selde-hayatini-kaybedenlerin-sayisi-939a-yukseldi\\\/\",\"url\":\"https:\\\/\\\/haberkuzey.com\\\/index.php\\\/2026\\\/09\\\/01\\\/nepaldeki-selde-hayatini-kaybedenlerin-sayisi-939a-yukseldi\\\/\",\"name\":\"Nepal'deki selde hayat\u0131n\u0131 kaybedenlerin say\u0131s\u0131 939'a y\u00fckseldi - Haber Kuzey\",\"isPartOf\":{\"@id\":\"https:\\\/\\\/haberkuzey.com\\\/#website\"},\"primaryImageOfPage\":{\"@id\":\"https:\\\/\\\/haberkuzey.com\\\/index.php\\\/2026\\\/09\\\/01\\\/nepaldeki-selde-hayatini-kaybedenlerin-sayisi-939a-yukseldi\\\/#primaryimage\"},\"image\":{\"@id\":\"https:\\\/\\\/haberkuzey.com\\\/index.php\\\/2026\\\/09\\\/01\\\/nepaldeki-selde-hayatini-kaybedenlerin-sayisi-939a-yukseldi\\\/#primaryimage\"},\"thumbnailUrl\":\"https:\\\/\\\/haberkuzey.com\\\/wp-content\\\/uploads\\\/2026\\\/08\\\/nepal-reu-2485806.jpg\",\"datePublished\":\"2026-08-31T21:48:03+00:00\",\"author\":{\"@id\":\"https:\\\/\\\/haberkuzey.com\\\/#\\\/schema\\\/person\\\/3372109ec735f9333f4fa47ebb9605ca\"},\"breadcrumb\":{\"@id\":\"https:\\\/\\\/haberkuzey.com\\\/index.php\\\/2026\\\/09\\\/01\\\/nepaldeki-selde-hayatini-kaybedenlerin-sayisi-939a-yukseldi\\\/#breadcrumb\"},\"inLanguage\":\"tr\",\"potentialAction\":[{\"@type\":\"ReadAction\",\"target\":[\"https:\\\/\\\/haberkuzey.com\\\/index.php\\\/2026\\\/09\\\/01\\\/nepaldeki-selde-hayatini-kaybedenlerin-sayisi-939a-yukseldi\\\/\"]}]},{\"@type\":\"ImageObject\",\"inLanguage\":\"tr\",\"@id\":\"https:\\\/\\\/haberkuzey.com\\\/index.php\\\/2026\\\/09\\\/01\\\/nepaldeki-selde-hayatini-kaybedenlerin-sayisi-939a-yukseldi\\\/#primaryimage\",\"url\":\"https:\\\/\\\/haberkuzey.com\\\/wp-content\\\/uploads\\\/2026\\\/08\\\/nepal-reu-2485806.jpg\",\"contentUrl\":\"https:\\\/\\\/haberkuzey.com\\\/wp-content\\\/uploads\\\/2026\\\/08\\\/nepal-reu-2485806.jpg\",\"width\":1280,\"height\":720},{\"@type\":\"BreadcrumbList\",\"@id\":\"https:\\\/\\\/haberkuzey.com\\\/index.php\\\/2026\\\/09\\\/01\\\/nepaldeki-selde-hayatini-kaybedenlerin-sayisi-939a-yukseldi\\\/#breadcrumb\",\"itemListElement\":[{\"@type\":\"ListItem\",\"position\":1,\"name\":\"Anasayfa\",\"item\":\"https:\\\/\\\/haberkuzey.com\\\/\"},{\"@type\":\"ListItem\",\"position\":2,\"name\":\"Nepal&#8217;deki selde hayat\u0131n\u0131 kaybedenlerin say\u0131s\u0131 939&#8217;a y\u00fckseldi\"}]},{\"@type\":\"WebSite\",\"@id\":\"https:\\\/\\\/haberkuzey.com\\\/#website\",\"url\":\"https:\\\/\\\/haberkuzey.com\\\/\",\"name\":\"Haber Kuzey\",\"description\":\"Do\u011fru Haberin Adresi\",\"potentialAction\":[{\"@type\":\"SearchAction\",\"target\":{\"@type\":\"EntryPoint\",\"urlTemplate\":\"https:\\\/\\\/haberkuzey.com\\\/?s={search_term_string}\"},\"query-input\":{\"@type\":\"PropertyValueSpecification\",\"valueRequired\":true,\"valueName\":\"search_term_string\"}}],\"inLanguage\":\"tr\"},{\"@type\":\"Person\",\"@id\":\"https:\\\/\\\/haberkuzey.com\\\/#\\\/schema\\\/person\\\/3372109ec735f9333f4fa47ebb9605ca\",\"name\":\"haberkuzey\",\"image\":{\"@type\":\"ImageObject\",\"inLanguage\":\"tr\",\"@id\":\"https:\\\/\\\/secure.gravatar.com\\\/avatar\\\/f5fc875574b1575324358c3b9e6a32b8227aa5b74f3fa22e3cadb63e26fcc39c?s=96&d=mm&r=g\",\"url\":\"https:\\\/\\\/secure.gravatar.com\\\/avatar\\\/f5fc875574b1575324358c3b9e6a32b8227aa5b74f3fa22e3cadb63e26fcc39c?s=96&d=mm&r=g\",\"contentUrl\":\"https:\\\/\\\/secure.gravatar.com\\\/avatar\\\/f5fc875574b1575324358c3b9e6a32b8227aa5b74f3fa22e3cadb63e26fcc39c?s=96&d=mm&r=g\",\"caption\":\"haberkuzey\"},\"sameAs\":[\"https:\\\/\\\/haberkuzey.com\"],\"url\":\"https:\\\/\\\/haberkuzey.com\\\/index.php\\\/author\\\/haberkuzey\\\/\"}]}<\/script>\n<!-- \/ Yoast SEO plugin. -->","yoast_head_json":{"title":"Nepal'deki selde hayat\u0131n\u0131 kaybedenlerin say\u0131s\u0131 939'a y\u00fckseldi - Haber Kuzey","robots":{"index":"index","follow":"follow","max-snippet":"max-snippet:-1","max-image-preview":"max-image-preview:large","max-video-preview":"max-video-preview:-1"},"canonical":"https:\/\/haberkuzey.com\/index.php\/2026\/09\/01\/nepaldeki-selde-hayatini-kaybedenlerin-sayisi-939a-yukseldi\/","og_locale":"tr_TR","og_type":"article","og_title":"Nepal'deki selde hayat\u0131n\u0131 kaybedenlerin say\u0131s\u0131 939'a y\u00fckseldi - Haber Kuzey","og_description":"&#13; Nepal&#8217;in \u00c7in s\u0131n\u0131r\u0131na yak\u0131n b\u00f6lgelerini etkileyen felaket nedeniyle sel sular\u0131na kap\u0131lanlar\u0131 kurtarmak i\u00e7in ba\u015flat\u0131lan \u00e7al\u0131\u015fmalar devam ediyor. &#13; Nepal Ulusal Afet Risk Azaltma ve Y\u00f6netim Kurumu, \u00f6l\u00fc say\u0131s\u0131n\u0131n 939&#8217;a, kay\u0131p ki\u015fi say\u0131s\u0131n\u0131n ise 592&#8217;si yabanc\u0131 uyruklu olmak \u00fczere toplam 3 bin 925&#8217;e y\u00fckseldi\u011fini duyurdu. &#13; Nepal&#8217;den teknik ekipman ve malzeme talebi &#13; Nepal D\u0131\u015fi\u015fleri [&hellip;]","og_url":"https:\/\/haberkuzey.com\/index.php\/2026\/09\/01\/nepaldeki-selde-hayatini-kaybedenlerin-sayisi-939a-yukseldi\/","og_site_name":"Haber Kuzey","article_published_time":"2026-08-31T21:48:03+00:00","og_image":[{"url":"https:\/\/trthaberstatic.cdn.wp.trt.com.tr\/resimler\/2484000\/nepal-reu-2485806.jpg","type":"","width":"","height":""}],"author":"haberkuzey","twitter_card":"summary_large_image","twitter_misc":{"Yazan:":"haberkuzey","Tahmini okuma s\u00fcresi":"2 dakika"},"schema":{"@context":"https:\/\/schema.org","@graph":[{"@type":"Article","@id":"https:\/\/haberkuzey.com\/index.php\/2026\/09\/01\/nepaldeki-selde-hayatini-kaybedenlerin-sayisi-939a-yukseldi\/#article","isPartOf":{"@id":"https:\/\/haberkuzey.com\/index.php\/2026\/09\/01\/nepaldeki-selde-hayatini-kaybedenlerin-sayisi-939a-yukseldi\/"},"author":{"name":"haberkuzey","@id":"https:\/\/haberkuzey.com\/#\/schema\/person\/3372109ec735f9333f4fa47ebb9605ca"},"headline":"Nepal&#8217;deki selde hayat\u0131n\u0131 kaybedenlerin say\u0131s\u0131 939&#8217;a y\u00fckseldi","datePublished":"2026-08-31T21:48:03+00:00","mainEntityOfPage":{"@id":"https:\/\/haberkuzey.com\/index.php\/2026\/09\/01\/nepaldeki-selde-hayatini-kaybedenlerin-sayisi-939a-yukseldi\/"},"wordCount":360,"commentCount":0,"image":{"@id":"https:\/\/haberkuzey.com\/index.php\/2026\/09\/01\/nepaldeki-selde-hayatini-kaybedenlerin-sayisi-939a-yukseldi\/#primaryimage"},"thumbnailUrl":"https:\/\/haberkuzey.com\/wp-content\/uploads\/2026\/08\/nepal-reu-2485806.jpg","articleSection":["D\u00fcnya"],"inLanguage":"tr","potentialAction":[{"@type":"CommentAction","name":"Comment","target":["https:\/\/haberkuzey.com\/index.php\/2026\/09\/01\/nepaldeki-selde-hayatini-kaybedenlerin-sayisi-939a-yukseldi\/#respond"]}]},{"@type":"WebPage","@id":"https:\/\/haberkuzey.com\/index.php\/2026\/09\/01\/nepaldeki-selde-hayatini-kaybedenlerin-sayisi-939a-yukseldi\/","url":"https:\/\/haberkuzey.com\/index.php\/2026\/09\/01\/nepaldeki-selde-hayatini-kaybedenlerin-sayisi-939a-yukseldi\/","name":"Nepal'deki selde hayat\u0131n\u0131 kaybedenlerin say\u0131s\u0131 939'a y\u00fckseldi - Haber Kuzey","isPartOf":{"@id":"https:\/\/haberkuzey.com\/#website"},"primaryImageOfPage":{"@id":"https:\/\/haberkuzey.com\/index.php\/2026\/09\/01\/nepaldeki-selde-hayatini-kaybedenlerin-sayisi-939a-yukseldi\/#primaryimage"},"image":{"@id":"https:\/\/haberkuzey.com\/index.php\/2026\/09\/01\/nepaldeki-selde-hayatini-kaybedenlerin-sayisi-939a-yukseldi\/#primaryimage"},"thumbnailUrl":"https:\/\/haberkuzey.com\/wp-content\/uploads\/2026\/08\/nepal-reu-2485806.jpg","datePublished":"2026-08-31T21:48:03+00:00","author":{"@id":"https:\/\/haberkuzey.com\/#\/schema\/person\/3372109ec735f9333f4fa47ebb9605ca"},"breadcrumb":{"@id":"https:\/\/haberkuzey.com\/index.php\/2026\/09\/01\/nepaldeki-selde-hayatini-kaybedenlerin-sayisi-939a-yukseldi\/#breadcrumb"},"inLanguage":"tr","potentialAction":[{"@type":"ReadAction","target":["https:\/\/haberkuzey.com\/index.php\/2026\/09\/01\/nepaldeki-selde-hayatini-kaybedenlerin-sayisi-939a-yukseldi\/"]}]},{"@type":"ImageObject","inLanguage":"tr","@id":"https:\/\/haberkuzey.com\/index.php\/2026\/09\/01\/nepaldeki-selde-hayatini-kaybedenlerin-sayisi-939a-yukseldi\/#primaryimage","url":"https:\/\/haberkuzey.com\/wp-content\/uploads\/2026\/08\/nepal-reu-2485806.jpg","contentUrl":"https:\/\/haberkuzey.com\/wp-content\/uploads\/2026\/08\/nepal-reu-2485806.jpg","width":1280,"height":720},{"@type":"BreadcrumbList","@id":"https:\/\/haberkuzey.com\/index.php\/2026\/09\/01\/nepaldeki-selde-hayatini-kaybedenlerin-sayisi-939a-yukseldi\/#breadcrumb","itemListElement":[{"@type":"ListItem","position":1,"name":"Anasayfa","item":"https:\/\/haberkuzey.com\/"},{"@type":"ListItem","position":2,"name":"Nepal&#8217;deki selde hayat\u0131n\u0131 kaybedenlerin say\u0131s\u0131 939&#8217;a y\u00fckseldi"}]},{"@type":"WebSite","@id":"https:\/\/haberkuzey.com\/#website","url":"https:\/\/haberkuzey.com\/","name":"Haber Kuzey","description":"Do\u011fru Haberin Adresi","potentialAction":[{"@type":"SearchAction","target":{"@type":"EntryPoint","urlTemplate":"https:\/\/haberkuzey.com\/?s={search_term_string}"},"query-input":{"@type":"PropertyValueSpecification","valueRequired":true,"valueName":"search_term_string"}}],"inLanguage":"tr"},{"@type":"Person","@id":"https:\/\/haberkuzey.com\/#\/schema\/person\/3372109ec735f9333f4fa47ebb9605ca","name":"haberkuzey","image":{"@type":"ImageObject","inLanguage":"tr","@id":"https:\/\/secure.gravatar.com\/avatar\/f5fc875574b1575324358c3b9e6a32b8227aa5b74f3fa22e3cadb63e26fcc39c?s=96&d=mm&r=g","url":"https:\/\/secure.gravatar.com\/avatar\/f5fc875574b1575324358c3b9e6a32b8227aa5b74f3fa22e3cadb63e26fcc39c?s=96&d=mm&r=g","contentUrl":"https:\/\/secure.gravatar.com\/avatar\/f5fc875574b1575324358c3b9e6a32b8227aa5b74f3fa22e3cadb63e26fcc39c?s=96&d=mm&r=g","caption":"haberkuzey"},"sameAs":["https:\/\/haberkuzey.com"],"url":"https:\/\/haberkuzey.com\/index.php\/author\/haberkuzey\/"}]}},"_links":{"self":[{"href":"https:\/\/haberkuzey.com\/index.php\/wp-json\/wp\/v2\/posts\/46326","targetHints":{"allow":["GET"]}}],"collection":[{"href":"https:\/\/haberkuzey.com\/index.php\/wp-json\/wp\/v2\/posts"}],"about":[{"href":"https:\/\/haberkuzey.com\/index.php\/wp-json\/wp\/v2\/types\/post"}],"author":[{"embeddable":true,"href":"https:\/\/haberkuzey.com\/index.php\/wp-json\/wp\/v2\/users\/1"}],"replies":[{"embeddable":true,"href":"https:\/\/haberkuzey.com\/index.php\/wp-json\/wp\/v2\/comments?post=46326"}],"version-history":[{"count":0,"href":"https:\/\/haberkuzey.com\/index.php\/wp-json\/wp\/v2\/posts\/46326\/revisions"}],"wp:featuredmedia":[{"embeddable":true,"href":"https:\/\/haberkuzey.com\/index.php\/wp-json\/wp\/v2\/media\/46294"}],"wp:attachment":[{"href":"https:\/\/haberkuzey.com\/index.php\/wp-json\/wp\/v2\/media?parent=46326"}],"wp:term":[{"taxonomy":"category","embeddable":true,"href":"https:\/\/haberkuzey.com\/index.php\/wp-json\/wp\/v2\/categories?post=46326"},{"taxonomy":"post_tag","embeddable":true,"href":"https:\/\/haberkuzey.com\/index.php\/wp-json\/wp\/v2\/tags?post=46326"}],"curies":[{"name":"wp","href":"https:\/\/api.w.org\/{rel}","templated":true}]}}