{"id":46318,"date":"2026-08-31T18:42:04","date_gmt":"2026-08-31T15:42:04","guid":{"rendered":"https:\/\/haberkuzey.com\/index.php\/2026\/08\/31\/ab-ucus-emniyeti-kurumu-basra-korfezi-icin-ucus-uyarisini-30-eylule-uzatti\/"},"modified":"2026-08-31T18:42:04","modified_gmt":"2026-08-31T15:42:04","slug":"ab-ucus-emniyeti-kurumu-basra-korfezi-icin-ucus-uyarisini-30-eylule-uzatti","status":"publish","type":"post","link":"https:\/\/haberkuzey.com\/index.php\/2026\/08\/31\/ab-ucus-emniyeti-kurumu-basra-korfezi-icin-ucus-uyarisini-30-eylule-uzatti\/","title":{"rendered":"AB u\u00e7u\u015f emniyeti kurumu, Basra K\u00f6rfezi i\u00e7in &#8220;u\u00e7u\u015f uyar\u0131s\u0131&#8221;n\u0131 30 Eyl\u00fcl\u2019e uzatt\u0131"},"content":{"rendered":"<p><\/p>\n<div>\n<p>&#13;<br \/>\n\tK\u00f6ln merkezli Avrupa Birli\u011fi Havac\u0131l\u0131k Emniyeti Ajans\u0131 (EASA), Orta Do\u011fu ve Basra K\u00f6rfezi\u2019ne ili\u015fkin \u00c7at\u0131\u015fma B\u00f6lgesi Bilgi B\u00fclteni (CZIB) kapsam\u0131ndaki uyar\u0131s\u0131n\u0131 g\u00fcncelledi.<\/p>\n<p>&#13;<br \/>\n\tBuna g\u00f6re, Bahreyn, Kuveyt, Katar ve Birle\u015fik Arap Emirlikleri (BAE) hava sahalar\u0131n\u0131 kapsayan Basra K\u00f6rfezi \u00fczerindeki sivil u\u00e7u\u015f uyar\u0131s\u0131, 30 Eyl\u00fcl 2026&#8217;ya kadar uzat\u0131ld\u0131.<\/p>\n<p>&#13;<br \/>\n\tYeni tavsiye karar\u0131, ABD ile \u0130ran aras\u0131ndaki askeri gerilimin temmuz ay\u0131 sonundan bu yana ilk kez t\u0131rmanmas\u0131n\u0131n ard\u0131ndan geldi.<\/p>\n<h2>&#13;<br \/>\n\tKapsam daralt\u0131ld\u0131, riskler s\u00fcr\u00fcyor<\/h2>\n<p>&#13;<br \/>\n\tEASA, daha \u00f6nce s\u00f6z konusu \u00fclkelerin t\u00fcm hava sahalar\u0131ndan ka\u00e7\u0131n\u0131lmas\u0131n\u0131 \u00f6neren genel tavsiyesini de daraltt\u0131. Yeni b\u00fcltende, Basra K\u00f6rfezi sular\u0131nda risklerin y\u00fcksek kalmaya devam etti\u011fi aktar\u0131l\u0131rken, etkilenen U\u00e7u\u015f Bilgi B\u00f6lgeleri&#8217;ndeki (FIR) havalimanlar\u0131na ini\u015f ve kalk\u0131\u015flar\u0131n &#8220;yeterli risk azalt\u0131c\u0131 \u00f6nlemler al\u0131nmas\u0131&#8221; kayd\u0131yla ger\u00e7ekle\u015ftirilebilece\u011fi belirtildi.<\/p>\n<p>&#13;<br \/>\n\tHava yolu \u015firketlerine bu \u00fclkelerin kara kesimleri \u00fczerinde u\u00e7arken ihtiyatl\u0131 olmalar\u0131 \u00e7a\u011fr\u0131s\u0131 yap\u0131l\u0131rken, Umman&#8217;\u0131n Maskat u\u00e7u\u015f bilgi b\u00f6lgesi i\u00e7indeki Umman K\u00f6rfezi sular\u0131 \u00fczerinde de u\u00e7u\u015f yap\u0131lmamas\u0131 gerekti\u011fi kaydedildi.<\/p>\n<h2>&#13;<br \/>\n\t\u00dcrd\u00fcn k\u0131s\u0131tlamas\u0131 kald\u0131r\u0131ld\u0131<\/h2>\n<p>&#13;<br \/>\n\tEASA, hava yolu \u015firketlerine \u00dcrd\u00fcn hava sahas\u0131ndan ka\u00e7\u0131nmalar\u0131 y\u00f6n\u00fcndeki eski tavsiyesini kald\u0131rd\u0131 ancak 30 Eyl\u00fcl&#8217;e kadar bu b\u00f6lgede de temkinli olunmas\u0131n\u0131 \u00f6nerdi.<\/p>\n<p>&#13;<br \/>\n\t\u00d6te yandan kurum, \u0130ran, Irak ve L\u00fcbnan hava sahalar\u0131nda sivil u\u00e7u\u015f yap\u0131lmamas\u0131 y\u00f6n\u00fcndeki mevcut tavsiye karar\u0131n\u0131n s\u00fcresini de eyl\u00fcl ay\u0131 sonuna kadar uzatt\u0131. Ancak L\u00fcbnan\u2019\u0131n ba\u015fkenti Beyrut\u2019a var\u0131\u015f veya kalk\u0131\u015f yapacak u\u00e7u\u015flar\u0131n, yakla\u015fman\u0131n denizden ba\u015flamas\u0131 ya da kalk\u0131\u015f\u0131n deniz \u00fczerinde sonlanmas\u0131 \u015fart\u0131yla ger\u00e7ekle\u015ftirilebilece\u011fi belirtildi.<\/p>\n<h2>&#13;<br \/>\n\tHava savunma sistemleri sivil u\u00e7aklar i\u00e7in risk olu\u015fturuyor<\/h2>\n<p>&#13;<br \/>\n\tAvrupa Komisyonu ve \u00fcye devletlerden gelen veriler do\u011frultusunda haz\u0131rlanan b\u00fcltende, b\u00f6lgedeki g\u00fcvenlik durumunun istikrars\u0131zl\u0131\u011f\u0131n\u0131 korudu\u011fu vurguland\u0131.<\/p>\n<p>&#13;<br \/>\n\t\u0130ran&#8217;\u0131n H\u00fcrm\u00fcz Bo\u011faz\u0131 \u00fczerindeki kontrol \u00e7abalar\u0131, ticari gemilere y\u00f6nelik tekrarlanan sald\u0131r\u0131lar ve ABD&#8217;nin askeri \u00fcslerinin varl\u0131\u011f\u0131 nedeniyle f\u00fcze veya \u0130HA sald\u0131r\u0131s\u0131 riskinin y\u00fcksek oldu\u011fu vurguland\u0131. B\u00f6lgedeki ulusal ve ABD hava savunma sistemlerinin y\u00fcksek teyakkuz durumunda olmas\u0131n\u0131n, sivil u\u00e7aklar\u0131n yanl\u0131\u015f te\u015fhis edilmesi ve hedef al\u0131nmas\u0131 riskini art\u0131rd\u0131\u011f\u0131 belirtildi.<\/p>\n<p>&#13;<br \/>\n\tEASA, AB hava yolu operat\u00f6rleri i\u00e7in risk durumunu yak\u0131ndan izlemeye devam edece\u011fini de bildirdi.<\/p>\n<\/p><\/div>\n","protected":false},"excerpt":{"rendered":"<p>&#13; K\u00f6ln merkezli Avrupa Birli\u011fi Havac\u0131l\u0131k Emniyeti Ajans\u0131 (EASA), Orta Do\u011fu ve Basra K\u00f6rfezi\u2019ne ili\u015fkin \u00c7at\u0131\u015fma B\u00f6lgesi Bilgi B\u00fclteni (CZIB) kapsam\u0131ndaki uyar\u0131s\u0131n\u0131 g\u00fcncelledi. &#13; Buna g\u00f6re, Bahreyn, Kuveyt, Katar ve Birle\u015fik Arap Emirlikleri (BAE) hava sahalar\u0131n\u0131 kapsayan Basra K\u00f6rfezi \u00fczerindeki sivil u\u00e7u\u015f uyar\u0131s\u0131, 30 Eyl\u00fcl 2026&#8217;ya kadar uzat\u0131ld\u0131. &#13; Yeni tavsiye karar\u0131, ABD ile \u0130ran [&hellip;]<\/p>\n","protected":false},"author":1,"featured_media":29692,"comment_status":"open","ping_status":"open","sticky":false,"template":"","format":"standard","meta":{"jnews-multi-image_gallery":[],"jnews_single_post":[],"jnews_primary_category":[],"footnotes":""},"categories":[2],"tags":[],"class_list":["post-46318","post","type-post","status-publish","format-standard","has-post-thumbnail","hentry","category-dunya"],"yoast_head":"<!-- This site is optimized with the Yoast SEO plugin v28.3 - https:\/\/yoast.com\/product\/yoast-seo-wordpress\/ -->\n<title>AB u\u00e7u\u015f emniyeti kurumu, Basra K\u00f6rfezi i\u00e7in &quot;u\u00e7u\u015f uyar\u0131s\u0131&quot;n\u0131 30 Eyl\u00fcl\u2019e uzatt\u0131 - Haber Kuzey<\/title>\n<meta name=\"robots\" content=\"index, follow, max-snippet:-1, max-image-preview:large, max-video-preview:-1\" \/>\n<link rel=\"canonical\" href=\"https:\/\/haberkuzey.com\/index.php\/2026\/08\/31\/ab-ucus-emniyeti-kurumu-basra-korfezi-icin-ucus-uyarisini-30-eylule-uzatti\/\" \/>\n<meta property=\"og:locale\" content=\"tr_TR\" \/>\n<meta property=\"og:type\" content=\"article\" \/>\n<meta property=\"og:title\" content=\"AB u\u00e7u\u015f emniyeti kurumu, Basra K\u00f6rfezi i\u00e7in &quot;u\u00e7u\u015f uyar\u0131s\u0131&quot;n\u0131 30 Eyl\u00fcl\u2019e uzatt\u0131 - Haber Kuzey\" \/>\n<meta property=\"og:description\" content=\"&#013; K\u00f6ln merkezli Avrupa Birli\u011fi Havac\u0131l\u0131k Emniyeti Ajans\u0131 (EASA), Orta Do\u011fu ve Basra K\u00f6rfezi\u2019ne ili\u015fkin \u00c7at\u0131\u015fma B\u00f6lgesi Bilgi B\u00fclteni (CZIB) kapsam\u0131ndaki uyar\u0131s\u0131n\u0131 g\u00fcncelledi. &#013; Buna g\u00f6re, Bahreyn, Kuveyt, Katar ve Birle\u015fik Arap Emirlikleri (BAE) hava sahalar\u0131n\u0131 kapsayan Basra K\u00f6rfezi \u00fczerindeki sivil u\u00e7u\u015f uyar\u0131s\u0131, 30 Eyl\u00fcl 2026&#8217;ya kadar uzat\u0131ld\u0131. &#013; Yeni tavsiye karar\u0131, ABD ile \u0130ran [&hellip;]\" \/>\n<meta property=\"og:url\" content=\"https:\/\/haberkuzey.com\/index.php\/2026\/08\/31\/ab-ucus-emniyeti-kurumu-basra-korfezi-icin-ucus-uyarisini-30-eylule-uzatti\/\" \/>\n<meta property=\"og:site_name\" content=\"Haber Kuzey\" \/>\n<meta property=\"article:published_time\" content=\"2026-08-31T15:42:04+00:00\" \/>\n<meta property=\"og:image\" content=\"https:\/\/trthaberstatic.cdn.wp.trt.com.tr\/resimler\/1826000\/ucak-reu-1827981.jpg\" \/>\n<meta name=\"author\" content=\"haberkuzey\" \/>\n<meta name=\"twitter:card\" content=\"summary_large_image\" \/>\n<meta name=\"twitter:label1\" content=\"Yazan:\" \/>\n\t<meta name=\"twitter:data1\" content=\"haberkuzey\" \/>\n\t<meta name=\"twitter:label2\" content=\"Tahmini okuma s\u00fcresi\" \/>\n\t<meta name=\"twitter:data2\" content=\"2 dakika\" \/>\n<script type=\"application\/ld+json\" class=\"yoast-schema-graph\">{\"@context\":\"https:\\\/\\\/schema.org\",\"@graph\":[{\"@type\":\"Article\",\"@id\":\"https:\\\/\\\/haberkuzey.com\\\/index.php\\\/2026\\\/08\\\/31\\\/ab-ucus-emniyeti-kurumu-basra-korfezi-icin-ucus-uyarisini-30-eylule-uzatti\\\/#article\",\"isPartOf\":{\"@id\":\"https:\\\/\\\/haberkuzey.com\\\/index.php\\\/2026\\\/08\\\/31\\\/ab-ucus-emniyeti-kurumu-basra-korfezi-icin-ucus-uyarisini-30-eylule-uzatti\\\/\"},\"author\":{\"name\":\"haberkuzey\",\"@id\":\"https:\\\/\\\/haberkuzey.com\\\/#\\\/schema\\\/person\\\/3372109ec735f9333f4fa47ebb9605ca\"},\"headline\":\"AB u\u00e7u\u015f emniyeti kurumu, Basra K\u00f6rfezi i\u00e7in &#8220;u\u00e7u\u015f uyar\u0131s\u0131&#8221;n\u0131 30 Eyl\u00fcl\u2019e uzatt\u0131\",\"datePublished\":\"2026-08-31T15:42:04+00:00\",\"mainEntityOfPage\":{\"@id\":\"https:\\\/\\\/haberkuzey.com\\\/index.php\\\/2026\\\/08\\\/31\\\/ab-ucus-emniyeti-kurumu-basra-korfezi-icin-ucus-uyarisini-30-eylule-uzatti\\\/\"},\"wordCount\":457,\"commentCount\":0,\"image\":{\"@id\":\"https:\\\/\\\/haberkuzey.com\\\/index.php\\\/2026\\\/08\\\/31\\\/ab-ucus-emniyeti-kurumu-basra-korfezi-icin-ucus-uyarisini-30-eylule-uzatti\\\/#primaryimage\"},\"thumbnailUrl\":\"https:\\\/\\\/haberkuzey.com\\\/wp-content\\\/uploads\\\/2025\\\/09\\\/ucak-reu-1827981.jpg\",\"articleSection\":[\"D\u00fcnya\"],\"inLanguage\":\"tr\",\"potentialAction\":[{\"@type\":\"CommentAction\",\"name\":\"Comment\",\"target\":[\"https:\\\/\\\/haberkuzey.com\\\/index.php\\\/2026\\\/08\\\/31\\\/ab-ucus-emniyeti-kurumu-basra-korfezi-icin-ucus-uyarisini-30-eylule-uzatti\\\/#respond\"]}]},{\"@type\":\"WebPage\",\"@id\":\"https:\\\/\\\/haberkuzey.com\\\/index.php\\\/2026\\\/08\\\/31\\\/ab-ucus-emniyeti-kurumu-basra-korfezi-icin-ucus-uyarisini-30-eylule-uzatti\\\/\",\"url\":\"https:\\\/\\\/haberkuzey.com\\\/index.php\\\/2026\\\/08\\\/31\\\/ab-ucus-emniyeti-kurumu-basra-korfezi-icin-ucus-uyarisini-30-eylule-uzatti\\\/\",\"name\":\"AB u\u00e7u\u015f emniyeti kurumu, Basra K\u00f6rfezi i\u00e7in \\\"u\u00e7u\u015f uyar\u0131s\u0131\\\"n\u0131 30 Eyl\u00fcl\u2019e uzatt\u0131 - Haber Kuzey\",\"isPartOf\":{\"@id\":\"https:\\\/\\\/haberkuzey.com\\\/#website\"},\"primaryImageOfPage\":{\"@id\":\"https:\\\/\\\/haberkuzey.com\\\/index.php\\\/2026\\\/08\\\/31\\\/ab-ucus-emniyeti-kurumu-basra-korfezi-icin-ucus-uyarisini-30-eylule-uzatti\\\/#primaryimage\"},\"image\":{\"@id\":\"https:\\\/\\\/haberkuzey.com\\\/index.php\\\/2026\\\/08\\\/31\\\/ab-ucus-emniyeti-kurumu-basra-korfezi-icin-ucus-uyarisini-30-eylule-uzatti\\\/#primaryimage\"},\"thumbnailUrl\":\"https:\\\/\\\/haberkuzey.com\\\/wp-content\\\/uploads\\\/2025\\\/09\\\/ucak-reu-1827981.jpg\",\"datePublished\":\"2026-08-31T15:42:04+00:00\",\"author\":{\"@id\":\"https:\\\/\\\/haberkuzey.com\\\/#\\\/schema\\\/person\\\/3372109ec735f9333f4fa47ebb9605ca\"},\"breadcrumb\":{\"@id\":\"https:\\\/\\\/haberkuzey.com\\\/index.php\\\/2026\\\/08\\\/31\\\/ab-ucus-emniyeti-kurumu-basra-korfezi-icin-ucus-uyarisini-30-eylule-uzatti\\\/#breadcrumb\"},\"inLanguage\":\"tr\",\"potentialAction\":[{\"@type\":\"ReadAction\",\"target\":[\"https:\\\/\\\/haberkuzey.com\\\/index.php\\\/2026\\\/08\\\/31\\\/ab-ucus-emniyeti-kurumu-basra-korfezi-icin-ucus-uyarisini-30-eylule-uzatti\\\/\"]}]},{\"@type\":\"ImageObject\",\"inLanguage\":\"tr\",\"@id\":\"https:\\\/\\\/haberkuzey.com\\\/index.php\\\/2026\\\/08\\\/31\\\/ab-ucus-emniyeti-kurumu-basra-korfezi-icin-ucus-uyarisini-30-eylule-uzatti\\\/#primaryimage\",\"url\":\"https:\\\/\\\/haberkuzey.com\\\/wp-content\\\/uploads\\\/2025\\\/09\\\/ucak-reu-1827981.jpg\",\"contentUrl\":\"https:\\\/\\\/haberkuzey.com\\\/wp-content\\\/uploads\\\/2025\\\/09\\\/ucak-reu-1827981.jpg\",\"width\":1280,\"height\":720},{\"@type\":\"BreadcrumbList\",\"@id\":\"https:\\\/\\\/haberkuzey.com\\\/index.php\\\/2026\\\/08\\\/31\\\/ab-ucus-emniyeti-kurumu-basra-korfezi-icin-ucus-uyarisini-30-eylule-uzatti\\\/#breadcrumb\",\"itemListElement\":[{\"@type\":\"ListItem\",\"position\":1,\"name\":\"Anasayfa\",\"item\":\"https:\\\/\\\/haberkuzey.com\\\/\"},{\"@type\":\"ListItem\",\"position\":2,\"name\":\"AB u\u00e7u\u015f emniyeti kurumu, Basra K\u00f6rfezi i\u00e7in &#8220;u\u00e7u\u015f uyar\u0131s\u0131&#8221;n\u0131 30 Eyl\u00fcl\u2019e uzatt\u0131\"}]},{\"@type\":\"WebSite\",\"@id\":\"https:\\\/\\\/haberkuzey.com\\\/#website\",\"url\":\"https:\\\/\\\/haberkuzey.com\\\/\",\"name\":\"Haber Kuzey\",\"description\":\"Do\u011fru Haberin Adresi\",\"potentialAction\":[{\"@type\":\"SearchAction\",\"target\":{\"@type\":\"EntryPoint\",\"urlTemplate\":\"https:\\\/\\\/haberkuzey.com\\\/?s={search_term_string}\"},\"query-input\":{\"@type\":\"PropertyValueSpecification\",\"valueRequired\":true,\"valueName\":\"search_term_string\"}}],\"inLanguage\":\"tr\"},{\"@type\":\"Person\",\"@id\":\"https:\\\/\\\/haberkuzey.com\\\/#\\\/schema\\\/person\\\/3372109ec735f9333f4fa47ebb9605ca\",\"name\":\"haberkuzey\",\"image\":{\"@type\":\"ImageObject\",\"inLanguage\":\"tr\",\"@id\":\"https:\\\/\\\/secure.gravatar.com\\\/avatar\\\/f5fc875574b1575324358c3b9e6a32b8227aa5b74f3fa22e3cadb63e26fcc39c?s=96&d=mm&r=g\",\"url\":\"https:\\\/\\\/secure.gravatar.com\\\/avatar\\\/f5fc875574b1575324358c3b9e6a32b8227aa5b74f3fa22e3cadb63e26fcc39c?s=96&d=mm&r=g\",\"contentUrl\":\"https:\\\/\\\/secure.gravatar.com\\\/avatar\\\/f5fc875574b1575324358c3b9e6a32b8227aa5b74f3fa22e3cadb63e26fcc39c?s=96&d=mm&r=g\",\"caption\":\"haberkuzey\"},\"sameAs\":[\"https:\\\/\\\/haberkuzey.com\"],\"url\":\"https:\\\/\\\/haberkuzey.com\\\/index.php\\\/author\\\/haberkuzey\\\/\"}]}<\/script>\n<!-- \/ Yoast SEO plugin. -->","yoast_head_json":{"title":"AB u\u00e7u\u015f emniyeti kurumu, Basra K\u00f6rfezi i\u00e7in \"u\u00e7u\u015f uyar\u0131s\u0131\"n\u0131 30 Eyl\u00fcl\u2019e uzatt\u0131 - Haber Kuzey","robots":{"index":"index","follow":"follow","max-snippet":"max-snippet:-1","max-image-preview":"max-image-preview:large","max-video-preview":"max-video-preview:-1"},"canonical":"https:\/\/haberkuzey.com\/index.php\/2026\/08\/31\/ab-ucus-emniyeti-kurumu-basra-korfezi-icin-ucus-uyarisini-30-eylule-uzatti\/","og_locale":"tr_TR","og_type":"article","og_title":"AB u\u00e7u\u015f emniyeti kurumu, Basra K\u00f6rfezi i\u00e7in \"u\u00e7u\u015f uyar\u0131s\u0131\"n\u0131 30 Eyl\u00fcl\u2019e uzatt\u0131 - Haber Kuzey","og_description":"&#13; K\u00f6ln merkezli Avrupa Birli\u011fi Havac\u0131l\u0131k Emniyeti Ajans\u0131 (EASA), Orta Do\u011fu ve Basra K\u00f6rfezi\u2019ne ili\u015fkin \u00c7at\u0131\u015fma B\u00f6lgesi Bilgi B\u00fclteni (CZIB) kapsam\u0131ndaki uyar\u0131s\u0131n\u0131 g\u00fcncelledi. &#13; Buna g\u00f6re, Bahreyn, Kuveyt, Katar ve Birle\u015fik Arap Emirlikleri (BAE) hava sahalar\u0131n\u0131 kapsayan Basra K\u00f6rfezi \u00fczerindeki sivil u\u00e7u\u015f uyar\u0131s\u0131, 30 Eyl\u00fcl 2026&#8217;ya kadar uzat\u0131ld\u0131. &#13; Yeni tavsiye karar\u0131, ABD ile \u0130ran [&hellip;]","og_url":"https:\/\/haberkuzey.com\/index.php\/2026\/08\/31\/ab-ucus-emniyeti-kurumu-basra-korfezi-icin-ucus-uyarisini-30-eylule-uzatti\/","og_site_name":"Haber Kuzey","article_published_time":"2026-08-31T15:42:04+00:00","og_image":[{"url":"https:\/\/trthaberstatic.cdn.wp.trt.com.tr\/resimler\/1826000\/ucak-reu-1827981.jpg","type":"","width":"","height":""}],"author":"haberkuzey","twitter_card":"summary_large_image","twitter_misc":{"Yazan:":"haberkuzey","Tahmini okuma s\u00fcresi":"2 dakika"},"schema":{"@context":"https:\/\/schema.org","@graph":[{"@type":"Article","@id":"https:\/\/haberkuzey.com\/index.php\/2026\/08\/31\/ab-ucus-emniyeti-kurumu-basra-korfezi-icin-ucus-uyarisini-30-eylule-uzatti\/#article","isPartOf":{"@id":"https:\/\/haberkuzey.com\/index.php\/2026\/08\/31\/ab-ucus-emniyeti-kurumu-basra-korfezi-icin-ucus-uyarisini-30-eylule-uzatti\/"},"author":{"name":"haberkuzey","@id":"https:\/\/haberkuzey.com\/#\/schema\/person\/3372109ec735f9333f4fa47ebb9605ca"},"headline":"AB u\u00e7u\u015f emniyeti kurumu, Basra K\u00f6rfezi i\u00e7in &#8220;u\u00e7u\u015f uyar\u0131s\u0131&#8221;n\u0131 30 Eyl\u00fcl\u2019e uzatt\u0131","datePublished":"2026-08-31T15:42:04+00:00","mainEntityOfPage":{"@id":"https:\/\/haberkuzey.com\/index.php\/2026\/08\/31\/ab-ucus-emniyeti-kurumu-basra-korfezi-icin-ucus-uyarisini-30-eylule-uzatti\/"},"wordCount":457,"commentCount":0,"image":{"@id":"https:\/\/haberkuzey.com\/index.php\/2026\/08\/31\/ab-ucus-emniyeti-kurumu-basra-korfezi-icin-ucus-uyarisini-30-eylule-uzatti\/#primaryimage"},"thumbnailUrl":"https:\/\/haberkuzey.com\/wp-content\/uploads\/2025\/09\/ucak-reu-1827981.jpg","articleSection":["D\u00fcnya"],"inLanguage":"tr","potentialAction":[{"@type":"CommentAction","name":"Comment","target":["https:\/\/haberkuzey.com\/index.php\/2026\/08\/31\/ab-ucus-emniyeti-kurumu-basra-korfezi-icin-ucus-uyarisini-30-eylule-uzatti\/#respond"]}]},{"@type":"WebPage","@id":"https:\/\/haberkuzey.com\/index.php\/2026\/08\/31\/ab-ucus-emniyeti-kurumu-basra-korfezi-icin-ucus-uyarisini-30-eylule-uzatti\/","url":"https:\/\/haberkuzey.com\/index.php\/2026\/08\/31\/ab-ucus-emniyeti-kurumu-basra-korfezi-icin-ucus-uyarisini-30-eylule-uzatti\/","name":"AB u\u00e7u\u015f emniyeti kurumu, Basra K\u00f6rfezi i\u00e7in \"u\u00e7u\u015f uyar\u0131s\u0131\"n\u0131 30 Eyl\u00fcl\u2019e uzatt\u0131 - Haber Kuzey","isPartOf":{"@id":"https:\/\/haberkuzey.com\/#website"},"primaryImageOfPage":{"@id":"https:\/\/haberkuzey.com\/index.php\/2026\/08\/31\/ab-ucus-emniyeti-kurumu-basra-korfezi-icin-ucus-uyarisini-30-eylule-uzatti\/#primaryimage"},"image":{"@id":"https:\/\/haberkuzey.com\/index.php\/2026\/08\/31\/ab-ucus-emniyeti-kurumu-basra-korfezi-icin-ucus-uyarisini-30-eylule-uzatti\/#primaryimage"},"thumbnailUrl":"https:\/\/haberkuzey.com\/wp-content\/uploads\/2025\/09\/ucak-reu-1827981.jpg","datePublished":"2026-08-31T15:42:04+00:00","author":{"@id":"https:\/\/haberkuzey.com\/#\/schema\/person\/3372109ec735f9333f4fa47ebb9605ca"},"breadcrumb":{"@id":"https:\/\/haberkuzey.com\/index.php\/2026\/08\/31\/ab-ucus-emniyeti-kurumu-basra-korfezi-icin-ucus-uyarisini-30-eylule-uzatti\/#breadcrumb"},"inLanguage":"tr","potentialAction":[{"@type":"ReadAction","target":["https:\/\/haberkuzey.com\/index.php\/2026\/08\/31\/ab-ucus-emniyeti-kurumu-basra-korfezi-icin-ucus-uyarisini-30-eylule-uzatti\/"]}]},{"@type":"ImageObject","inLanguage":"tr","@id":"https:\/\/haberkuzey.com\/index.php\/2026\/08\/31\/ab-ucus-emniyeti-kurumu-basra-korfezi-icin-ucus-uyarisini-30-eylule-uzatti\/#primaryimage","url":"https:\/\/haberkuzey.com\/wp-content\/uploads\/2025\/09\/ucak-reu-1827981.jpg","contentUrl":"https:\/\/haberkuzey.com\/wp-content\/uploads\/2025\/09\/ucak-reu-1827981.jpg","width":1280,"height":720},{"@type":"BreadcrumbList","@id":"https:\/\/haberkuzey.com\/index.php\/2026\/08\/31\/ab-ucus-emniyeti-kurumu-basra-korfezi-icin-ucus-uyarisini-30-eylule-uzatti\/#breadcrumb","itemListElement":[{"@type":"ListItem","position":1,"name":"Anasayfa","item":"https:\/\/haberkuzey.com\/"},{"@type":"ListItem","position":2,"name":"AB u\u00e7u\u015f emniyeti kurumu, Basra K\u00f6rfezi i\u00e7in &#8220;u\u00e7u\u015f uyar\u0131s\u0131&#8221;n\u0131 30 Eyl\u00fcl\u2019e uzatt\u0131"}]},{"@type":"WebSite","@id":"https:\/\/haberkuzey.com\/#website","url":"https:\/\/haberkuzey.com\/","name":"Haber Kuzey","description":"Do\u011fru Haberin Adresi","potentialAction":[{"@type":"SearchAction","target":{"@type":"EntryPoint","urlTemplate":"https:\/\/haberkuzey.com\/?s={search_term_string}"},"query-input":{"@type":"PropertyValueSpecification","valueRequired":true,"valueName":"search_term_string"}}],"inLanguage":"tr"},{"@type":"Person","@id":"https:\/\/haberkuzey.com\/#\/schema\/person\/3372109ec735f9333f4fa47ebb9605ca","name":"haberkuzey","image":{"@type":"ImageObject","inLanguage":"tr","@id":"https:\/\/secure.gravatar.com\/avatar\/f5fc875574b1575324358c3b9e6a32b8227aa5b74f3fa22e3cadb63e26fcc39c?s=96&d=mm&r=g","url":"https:\/\/secure.gravatar.com\/avatar\/f5fc875574b1575324358c3b9e6a32b8227aa5b74f3fa22e3cadb63e26fcc39c?s=96&d=mm&r=g","contentUrl":"https:\/\/secure.gravatar.com\/avatar\/f5fc875574b1575324358c3b9e6a32b8227aa5b74f3fa22e3cadb63e26fcc39c?s=96&d=mm&r=g","caption":"haberkuzey"},"sameAs":["https:\/\/haberkuzey.com"],"url":"https:\/\/haberkuzey.com\/index.php\/author\/haberkuzey\/"}]}},"_links":{"self":[{"href":"https:\/\/haberkuzey.com\/index.php\/wp-json\/wp\/v2\/posts\/46318","targetHints":{"allow":["GET"]}}],"collection":[{"href":"https:\/\/haberkuzey.com\/index.php\/wp-json\/wp\/v2\/posts"}],"about":[{"href":"https:\/\/haberkuzey.com\/index.php\/wp-json\/wp\/v2\/types\/post"}],"author":[{"embeddable":true,"href":"https:\/\/haberkuzey.com\/index.php\/wp-json\/wp\/v2\/users\/1"}],"replies":[{"embeddable":true,"href":"https:\/\/haberkuzey.com\/index.php\/wp-json\/wp\/v2\/comments?post=46318"}],"version-history":[{"count":0,"href":"https:\/\/haberkuzey.com\/index.php\/wp-json\/wp\/v2\/posts\/46318\/revisions"}],"wp:featuredmedia":[{"embeddable":true,"href":"https:\/\/haberkuzey.com\/index.php\/wp-json\/wp\/v2\/media\/29692"}],"wp:attachment":[{"href":"https:\/\/haberkuzey.com\/index.php\/wp-json\/wp\/v2\/media?parent=46318"}],"wp:term":[{"taxonomy":"category","embeddable":true,"href":"https:\/\/haberkuzey.com\/index.php\/wp-json\/wp\/v2\/categories?post=46318"},{"taxonomy":"post_tag","embeddable":true,"href":"https:\/\/haberkuzey.com\/index.php\/wp-json\/wp\/v2\/tags?post=46318"}],"curies":[{"name":"wp","href":"https:\/\/api.w.org\/{rel}","templated":true}]}}