{"id":46317,"date":"2026-08-31T17:41:04","date_gmt":"2026-08-31T14:41:04","guid":{"rendered":"https:\/\/haberkuzey.com\/index.php\/2026\/08\/31\/nijeryada-65-binden-fazla-supheli-kolera-vakasi-tespit-edildi\/"},"modified":"2026-08-31T17:41:04","modified_gmt":"2026-08-31T14:41:04","slug":"nijeryada-65-binden-fazla-supheli-kolera-vakasi-tespit-edildi","status":"publish","type":"post","link":"https:\/\/haberkuzey.com\/index.php\/2026\/08\/31\/nijeryada-65-binden-fazla-supheli-kolera-vakasi-tespit-edildi\/","title":{"rendered":"Nijerya&#8217;da 65 binden fazla \u015f\u00fcpheli kolera vakas\u0131 tespit edildi"},"content":{"rendered":"<p><\/p>\n<div>\n<p>&#13;<br \/>\n\tNijerya Hastal\u0131k Kontrol ve \u00d6nleme Merkezi (NCDC) Genel Direkt\u00f6r\u00fc Jide \u0130dris \u00fclkede y\u0131l ba\u015f\u0131ndan bu yana 65 binden fazla \u015f\u00fcpheli kolera vakas\u0131n\u0131n g\u00f6r\u00fcld\u00fc\u011f\u00fcn\u00fc kaydederek, vakalar\u0131n 35 eyalet ve yakla\u015f\u0131k 195 yerel y\u00f6netim b\u00f6lgesinde tespit edildi\u011fini belirtti.<\/p>\n<p>&#13;<br \/>\n\tHaftal\u0131k kolera vakalar\u0131n\u0131n y\u0131l\u0131n ba\u015flar\u0131nda ula\u015f\u0131lan zirvenin ard\u0131ndan \u00f6nemli \u00f6l\u00e7\u00fcde azald\u0131\u011f\u0131n\u0131 aktaran \u0130dris, bildirilen vakalar aras\u0131ndaki \u00f6l\u00fcm oran\u0131n\u0131n da ge\u00e7en y\u0131l\u0131n ayn\u0131 d\u00f6nemine k\u0131yasla ciddi \u015fekilde d\u00fc\u015ft\u00fc\u011f\u00fcn\u00fc kaydetti.<\/p>\n<p>&#13;<br \/>\n\t\u0130dris, vakalardaki d\u00fc\u015f\u00fc\u015f\u00fcn salg\u0131n\u0131n sona erdi\u011fi anlam\u0131na gelmedi\u011fini vurgulayarak, &#8220;Haftal\u0131k vakalar\u0131n sezonun ba\u015flar\u0131nda kaydedilen zirveden bu yana \u00f6nemli \u00f6l\u00e7\u00fcde azalmas\u0131 ve vakalar aras\u0131ndaki \u00f6l\u00fcm oran\u0131n\u0131n ge\u00e7en y\u0131l\u0131n ayn\u0131 d\u00f6nemine g\u00f6re ciddi \u015fekilde d\u00fc\u015fmesi cesaret verici. Ancak salg\u0131n\u0131n sona ermedi\u011fi konusunda \u00e7ok net olmak istiyorum.&#8221; ifadesini kulland\u0131.<\/p>\n<h2>&#13;<br \/>\n\tKolerayla m\u00fccadele i\u00e7in temiz su ve sanitasyon\u00a0<\/h2>\n<p>&#13;<br \/>\n\tNCDC ve di\u011fer kamu kurumlar\u0131n\u0131n salg\u0131n\u0131 kontrol alt\u0131na almak amac\u0131yla g\u00f6zetim ve laboratuvar kapasitesini g\u00fc\u00e7lendirdi\u011fini belirten \u0130dris, sa\u011fl\u0131k \u00e7al\u0131\u015fanlar\u0131na vaka y\u00f6netimi ile enfeksiyonlar\u0131n \u00f6nlenmesi ve kontrol\u00fc konusunda destek verildi\u011fini aktard\u0131.<\/p>\n<p>&#13;<br \/>\n\t\u0130dris, etkilenen topluluklarla ileti\u015fim \u00e7al\u0131\u015fmalar\u0131n\u0131n da s\u00fcrd\u00fc\u011f\u00fcn\u00fc kaydederek, ihtiya\u00e7 duyulan eyaletlere ulusal h\u0131zl\u0131 m\u00fcdahale ekiplerinin g\u00f6nderildi\u011fini bildirdi.<\/p>\n<p>&#13;<br \/>\n\tY\u00fcksek riskli b\u00f6lgelerde a\u011f\u0131zdan kolera a\u015f\u0131s\u0131 uygulamalar\u0131n\u0131n ger\u00e7ekle\u015ftirildi\u011fini belirten \u0130dris, su kaynaklar\u0131n\u0131n klorlanmas\u0131, rehabilitasyonu ve hijyen konusunda fark\u0131ndal\u0131k \u00e7al\u0131\u015fmalar\u0131n\u0131n s\u00fcrd\u00fc\u011f\u00fcn\u00fc ifade etti.<\/p>\n<h2>&#13;<br \/>\n\t&#8220;Ulusal acil durum&#8221; ilan edilmi\u015fti<\/h2>\n<p>&#13;<br \/>\n\tNijerya&#8217;da kolera salg\u0131n\u0131 nedeniyle 26 Haziran 2024&#8217;te &#8220;ulusal acil durum&#8221; ilan edilmi\u015fti.<\/p>\n<p>&#13;<br \/>\n\t&#8220;Vibrio&#8221; bakterisinin neden oldu\u011fu; g\u0131da ve su yoluyla bula\u015fan kolera, ishale ve dolay\u0131s\u0131yla v\u00fccutta su kayb\u0131na yol a\u00e7\u0131yor. Hastal\u0131k tedavi edilmedi\u011fi takdirde \u00f6l\u00fcmc\u00fcl olabiliyor.<\/p>\n<p>&#13;<br \/>\n\tNijerya&#8217;da temiz su yetersizli\u011finin yan\u0131nda t\u0131bbi m\u00fcdahalenin etkin yap\u0131lamamas\u0131 da hastal\u0131k ve \u00f6l\u00fcm riskini art\u0131r\u0131yor. \u00dclkede s\u0131tma, \u00e7ocuk felci, tifo ve M \u00e7i\u00e7e\u011fi vir\u00fcs\u00fc gibi salg\u0131n hastal\u0131klara da s\u0131kl\u0131kla rastlan\u0131yor.<\/p>\n<p>&#13;<br \/>\n\t<span>DS\u00d6 verilerine g\u00f6re, Nijerya <\/span>Afrika<span> k\u0131tas\u0131nda koleradan en \u00e7ok etkilenen \u00fclkeler aras\u0131nda yer al\u0131yor.<\/span><\/p>\n<\/p><\/div>\n","protected":false},"excerpt":{"rendered":"<p>&#13; Nijerya Hastal\u0131k Kontrol ve \u00d6nleme Merkezi (NCDC) Genel Direkt\u00f6r\u00fc Jide \u0130dris \u00fclkede y\u0131l ba\u015f\u0131ndan bu yana 65 binden fazla \u015f\u00fcpheli kolera vakas\u0131n\u0131n g\u00f6r\u00fcld\u00fc\u011f\u00fcn\u00fc kaydederek, vakalar\u0131n 35 eyalet ve yakla\u015f\u0131k 195 yerel y\u00f6netim b\u00f6lgesinde tespit edildi\u011fini belirtti. &#13; Haftal\u0131k kolera vakalar\u0131n\u0131n y\u0131l\u0131n ba\u015flar\u0131nda ula\u015f\u0131lan zirvenin ard\u0131ndan \u00f6nemli \u00f6l\u00e7\u00fcde azald\u0131\u011f\u0131n\u0131 aktaran \u0130dris, bildirilen vakalar aras\u0131ndaki \u00f6l\u00fcm [&hellip;]<\/p>\n","protected":false},"author":1,"featured_media":38275,"comment_status":"open","ping_status":"open","sticky":false,"template":"","format":"standard","meta":{"jnews-multi-image_gallery":[],"jnews_single_post":[],"jnews_primary_category":[],"footnotes":""},"categories":[2],"tags":[],"class_list":["post-46317","post","type-post","status-publish","format-standard","has-post-thumbnail","hentry","category-dunya"],"yoast_head":"<!-- This site is optimized with the Yoast SEO plugin v28.3 - https:\/\/yoast.com\/product\/yoast-seo-wordpress\/ -->\n<title>Nijerya&#039;da 65 binden fazla \u015f\u00fcpheli kolera vakas\u0131 tespit edildi - Haber Kuzey<\/title>\n<meta name=\"robots\" content=\"index, follow, max-snippet:-1, max-image-preview:large, max-video-preview:-1\" \/>\n<link rel=\"canonical\" href=\"https:\/\/haberkuzey.com\/index.php\/2026\/08\/31\/nijeryada-65-binden-fazla-supheli-kolera-vakasi-tespit-edildi\/\" \/>\n<meta property=\"og:locale\" content=\"tr_TR\" \/>\n<meta property=\"og:type\" content=\"article\" \/>\n<meta property=\"og:title\" content=\"Nijerya&#039;da 65 binden fazla \u015f\u00fcpheli kolera vakas\u0131 tespit edildi - Haber Kuzey\" \/>\n<meta property=\"og:description\" content=\"&#013; Nijerya Hastal\u0131k Kontrol ve \u00d6nleme Merkezi (NCDC) Genel Direkt\u00f6r\u00fc Jide \u0130dris \u00fclkede y\u0131l ba\u015f\u0131ndan bu yana 65 binden fazla \u015f\u00fcpheli kolera vakas\u0131n\u0131n g\u00f6r\u00fcld\u00fc\u011f\u00fcn\u00fc kaydederek, vakalar\u0131n 35 eyalet ve yakla\u015f\u0131k 195 yerel y\u00f6netim b\u00f6lgesinde tespit edildi\u011fini belirtti. &#013; Haftal\u0131k kolera vakalar\u0131n\u0131n y\u0131l\u0131n ba\u015flar\u0131nda ula\u015f\u0131lan zirvenin ard\u0131ndan \u00f6nemli \u00f6l\u00e7\u00fcde azald\u0131\u011f\u0131n\u0131 aktaran \u0130dris, bildirilen vakalar aras\u0131ndaki \u00f6l\u00fcm [&hellip;]\" \/>\n<meta property=\"og:url\" content=\"https:\/\/haberkuzey.com\/index.php\/2026\/08\/31\/nijeryada-65-binden-fazla-supheli-kolera-vakasi-tespit-edildi\/\" \/>\n<meta property=\"og:site_name\" content=\"Haber Kuzey\" \/>\n<meta property=\"article:published_time\" content=\"2026-08-31T14:41:04+00:00\" \/>\n<meta property=\"og:image\" content=\"https:\/\/trthaberstatic.cdn.wp.trt.com.tr\/resimler\/1620000\/kolera-nijerya-1621778.jpg\" \/>\n<meta name=\"author\" content=\"haberkuzey\" \/>\n<meta name=\"twitter:card\" content=\"summary_large_image\" \/>\n<meta name=\"twitter:label1\" content=\"Yazan:\" \/>\n\t<meta name=\"twitter:data1\" content=\"haberkuzey\" \/>\n\t<meta name=\"twitter:label2\" content=\"Tahmini okuma s\u00fcresi\" \/>\n\t<meta name=\"twitter:data2\" content=\"2 dakika\" \/>\n<script type=\"application\/ld+json\" class=\"yoast-schema-graph\">{\"@context\":\"https:\\\/\\\/schema.org\",\"@graph\":[{\"@type\":\"Article\",\"@id\":\"https:\\\/\\\/haberkuzey.com\\\/index.php\\\/2026\\\/08\\\/31\\\/nijeryada-65-binden-fazla-supheli-kolera-vakasi-tespit-edildi\\\/#article\",\"isPartOf\":{\"@id\":\"https:\\\/\\\/haberkuzey.com\\\/index.php\\\/2026\\\/08\\\/31\\\/nijeryada-65-binden-fazla-supheli-kolera-vakasi-tespit-edildi\\\/\"},\"author\":{\"name\":\"haberkuzey\",\"@id\":\"https:\\\/\\\/haberkuzey.com\\\/#\\\/schema\\\/person\\\/3372109ec735f9333f4fa47ebb9605ca\"},\"headline\":\"Nijerya&#8217;da 65 binden fazla \u015f\u00fcpheli kolera vakas\u0131 tespit edildi\",\"datePublished\":\"2026-08-31T14:41:04+00:00\",\"mainEntityOfPage\":{\"@id\":\"https:\\\/\\\/haberkuzey.com\\\/index.php\\\/2026\\\/08\\\/31\\\/nijeryada-65-binden-fazla-supheli-kolera-vakasi-tespit-edildi\\\/\"},\"wordCount\":422,\"commentCount\":0,\"image\":{\"@id\":\"https:\\\/\\\/haberkuzey.com\\\/index.php\\\/2026\\\/08\\\/31\\\/nijeryada-65-binden-fazla-supheli-kolera-vakasi-tespit-edildi\\\/#primaryimage\"},\"thumbnailUrl\":\"https:\\\/\\\/haberkuzey.com\\\/wp-content\\\/uploads\\\/2026\\\/05\\\/kolera-nijerya-1621778.jpg\",\"articleSection\":[\"D\u00fcnya\"],\"inLanguage\":\"tr\",\"potentialAction\":[{\"@type\":\"CommentAction\",\"name\":\"Comment\",\"target\":[\"https:\\\/\\\/haberkuzey.com\\\/index.php\\\/2026\\\/08\\\/31\\\/nijeryada-65-binden-fazla-supheli-kolera-vakasi-tespit-edildi\\\/#respond\"]}]},{\"@type\":\"WebPage\",\"@id\":\"https:\\\/\\\/haberkuzey.com\\\/index.php\\\/2026\\\/08\\\/31\\\/nijeryada-65-binden-fazla-supheli-kolera-vakasi-tespit-edildi\\\/\",\"url\":\"https:\\\/\\\/haberkuzey.com\\\/index.php\\\/2026\\\/08\\\/31\\\/nijeryada-65-binden-fazla-supheli-kolera-vakasi-tespit-edildi\\\/\",\"name\":\"Nijerya'da 65 binden fazla \u015f\u00fcpheli kolera vakas\u0131 tespit edildi - Haber Kuzey\",\"isPartOf\":{\"@id\":\"https:\\\/\\\/haberkuzey.com\\\/#website\"},\"primaryImageOfPage\":{\"@id\":\"https:\\\/\\\/haberkuzey.com\\\/index.php\\\/2026\\\/08\\\/31\\\/nijeryada-65-binden-fazla-supheli-kolera-vakasi-tespit-edildi\\\/#primaryimage\"},\"image\":{\"@id\":\"https:\\\/\\\/haberkuzey.com\\\/index.php\\\/2026\\\/08\\\/31\\\/nijeryada-65-binden-fazla-supheli-kolera-vakasi-tespit-edildi\\\/#primaryimage\"},\"thumbnailUrl\":\"https:\\\/\\\/haberkuzey.com\\\/wp-content\\\/uploads\\\/2026\\\/05\\\/kolera-nijerya-1621778.jpg\",\"datePublished\":\"2026-08-31T14:41:04+00:00\",\"author\":{\"@id\":\"https:\\\/\\\/haberkuzey.com\\\/#\\\/schema\\\/person\\\/3372109ec735f9333f4fa47ebb9605ca\"},\"breadcrumb\":{\"@id\":\"https:\\\/\\\/haberkuzey.com\\\/index.php\\\/2026\\\/08\\\/31\\\/nijeryada-65-binden-fazla-supheli-kolera-vakasi-tespit-edildi\\\/#breadcrumb\"},\"inLanguage\":\"tr\",\"potentialAction\":[{\"@type\":\"ReadAction\",\"target\":[\"https:\\\/\\\/haberkuzey.com\\\/index.php\\\/2026\\\/08\\\/31\\\/nijeryada-65-binden-fazla-supheli-kolera-vakasi-tespit-edildi\\\/\"]}]},{\"@type\":\"ImageObject\",\"inLanguage\":\"tr\",\"@id\":\"https:\\\/\\\/haberkuzey.com\\\/index.php\\\/2026\\\/08\\\/31\\\/nijeryada-65-binden-fazla-supheli-kolera-vakasi-tespit-edildi\\\/#primaryimage\",\"url\":\"https:\\\/\\\/haberkuzey.com\\\/wp-content\\\/uploads\\\/2026\\\/05\\\/kolera-nijerya-1621778.jpg\",\"contentUrl\":\"https:\\\/\\\/haberkuzey.com\\\/wp-content\\\/uploads\\\/2026\\\/05\\\/kolera-nijerya-1621778.jpg\",\"width\":1280,\"height\":720},{\"@type\":\"BreadcrumbList\",\"@id\":\"https:\\\/\\\/haberkuzey.com\\\/index.php\\\/2026\\\/08\\\/31\\\/nijeryada-65-binden-fazla-supheli-kolera-vakasi-tespit-edildi\\\/#breadcrumb\",\"itemListElement\":[{\"@type\":\"ListItem\",\"position\":1,\"name\":\"Anasayfa\",\"item\":\"https:\\\/\\\/haberkuzey.com\\\/\"},{\"@type\":\"ListItem\",\"position\":2,\"name\":\"Nijerya&#8217;da 65 binden fazla \u015f\u00fcpheli kolera vakas\u0131 tespit edildi\"}]},{\"@type\":\"WebSite\",\"@id\":\"https:\\\/\\\/haberkuzey.com\\\/#website\",\"url\":\"https:\\\/\\\/haberkuzey.com\\\/\",\"name\":\"Haber Kuzey\",\"description\":\"Do\u011fru Haberin Adresi\",\"potentialAction\":[{\"@type\":\"SearchAction\",\"target\":{\"@type\":\"EntryPoint\",\"urlTemplate\":\"https:\\\/\\\/haberkuzey.com\\\/?s={search_term_string}\"},\"query-input\":{\"@type\":\"PropertyValueSpecification\",\"valueRequired\":true,\"valueName\":\"search_term_string\"}}],\"inLanguage\":\"tr\"},{\"@type\":\"Person\",\"@id\":\"https:\\\/\\\/haberkuzey.com\\\/#\\\/schema\\\/person\\\/3372109ec735f9333f4fa47ebb9605ca\",\"name\":\"haberkuzey\",\"image\":{\"@type\":\"ImageObject\",\"inLanguage\":\"tr\",\"@id\":\"https:\\\/\\\/secure.gravatar.com\\\/avatar\\\/f5fc875574b1575324358c3b9e6a32b8227aa5b74f3fa22e3cadb63e26fcc39c?s=96&d=mm&r=g\",\"url\":\"https:\\\/\\\/secure.gravatar.com\\\/avatar\\\/f5fc875574b1575324358c3b9e6a32b8227aa5b74f3fa22e3cadb63e26fcc39c?s=96&d=mm&r=g\",\"contentUrl\":\"https:\\\/\\\/secure.gravatar.com\\\/avatar\\\/f5fc875574b1575324358c3b9e6a32b8227aa5b74f3fa22e3cadb63e26fcc39c?s=96&d=mm&r=g\",\"caption\":\"haberkuzey\"},\"sameAs\":[\"https:\\\/\\\/haberkuzey.com\"],\"url\":\"https:\\\/\\\/haberkuzey.com\\\/index.php\\\/author\\\/haberkuzey\\\/\"}]}<\/script>\n<!-- \/ Yoast SEO plugin. -->","yoast_head_json":{"title":"Nijerya'da 65 binden fazla \u015f\u00fcpheli kolera vakas\u0131 tespit edildi - Haber Kuzey","robots":{"index":"index","follow":"follow","max-snippet":"max-snippet:-1","max-image-preview":"max-image-preview:large","max-video-preview":"max-video-preview:-1"},"canonical":"https:\/\/haberkuzey.com\/index.php\/2026\/08\/31\/nijeryada-65-binden-fazla-supheli-kolera-vakasi-tespit-edildi\/","og_locale":"tr_TR","og_type":"article","og_title":"Nijerya'da 65 binden fazla \u015f\u00fcpheli kolera vakas\u0131 tespit edildi - Haber Kuzey","og_description":"&#13; Nijerya Hastal\u0131k Kontrol ve \u00d6nleme Merkezi (NCDC) Genel Direkt\u00f6r\u00fc Jide \u0130dris \u00fclkede y\u0131l ba\u015f\u0131ndan bu yana 65 binden fazla \u015f\u00fcpheli kolera vakas\u0131n\u0131n g\u00f6r\u00fcld\u00fc\u011f\u00fcn\u00fc kaydederek, vakalar\u0131n 35 eyalet ve yakla\u015f\u0131k 195 yerel y\u00f6netim b\u00f6lgesinde tespit edildi\u011fini belirtti. &#13; Haftal\u0131k kolera vakalar\u0131n\u0131n y\u0131l\u0131n ba\u015flar\u0131nda ula\u015f\u0131lan zirvenin ard\u0131ndan \u00f6nemli \u00f6l\u00e7\u00fcde azald\u0131\u011f\u0131n\u0131 aktaran \u0130dris, bildirilen vakalar aras\u0131ndaki \u00f6l\u00fcm [&hellip;]","og_url":"https:\/\/haberkuzey.com\/index.php\/2026\/08\/31\/nijeryada-65-binden-fazla-supheli-kolera-vakasi-tespit-edildi\/","og_site_name":"Haber Kuzey","article_published_time":"2026-08-31T14:41:04+00:00","og_image":[{"url":"https:\/\/trthaberstatic.cdn.wp.trt.com.tr\/resimler\/1620000\/kolera-nijerya-1621778.jpg","type":"","width":"","height":""}],"author":"haberkuzey","twitter_card":"summary_large_image","twitter_misc":{"Yazan:":"haberkuzey","Tahmini okuma s\u00fcresi":"2 dakika"},"schema":{"@context":"https:\/\/schema.org","@graph":[{"@type":"Article","@id":"https:\/\/haberkuzey.com\/index.php\/2026\/08\/31\/nijeryada-65-binden-fazla-supheli-kolera-vakasi-tespit-edildi\/#article","isPartOf":{"@id":"https:\/\/haberkuzey.com\/index.php\/2026\/08\/31\/nijeryada-65-binden-fazla-supheli-kolera-vakasi-tespit-edildi\/"},"author":{"name":"haberkuzey","@id":"https:\/\/haberkuzey.com\/#\/schema\/person\/3372109ec735f9333f4fa47ebb9605ca"},"headline":"Nijerya&#8217;da 65 binden fazla \u015f\u00fcpheli kolera vakas\u0131 tespit edildi","datePublished":"2026-08-31T14:41:04+00:00","mainEntityOfPage":{"@id":"https:\/\/haberkuzey.com\/index.php\/2026\/08\/31\/nijeryada-65-binden-fazla-supheli-kolera-vakasi-tespit-edildi\/"},"wordCount":422,"commentCount":0,"image":{"@id":"https:\/\/haberkuzey.com\/index.php\/2026\/08\/31\/nijeryada-65-binden-fazla-supheli-kolera-vakasi-tespit-edildi\/#primaryimage"},"thumbnailUrl":"https:\/\/haberkuzey.com\/wp-content\/uploads\/2026\/05\/kolera-nijerya-1621778.jpg","articleSection":["D\u00fcnya"],"inLanguage":"tr","potentialAction":[{"@type":"CommentAction","name":"Comment","target":["https:\/\/haberkuzey.com\/index.php\/2026\/08\/31\/nijeryada-65-binden-fazla-supheli-kolera-vakasi-tespit-edildi\/#respond"]}]},{"@type":"WebPage","@id":"https:\/\/haberkuzey.com\/index.php\/2026\/08\/31\/nijeryada-65-binden-fazla-supheli-kolera-vakasi-tespit-edildi\/","url":"https:\/\/haberkuzey.com\/index.php\/2026\/08\/31\/nijeryada-65-binden-fazla-supheli-kolera-vakasi-tespit-edildi\/","name":"Nijerya'da 65 binden fazla \u015f\u00fcpheli kolera vakas\u0131 tespit edildi - Haber Kuzey","isPartOf":{"@id":"https:\/\/haberkuzey.com\/#website"},"primaryImageOfPage":{"@id":"https:\/\/haberkuzey.com\/index.php\/2026\/08\/31\/nijeryada-65-binden-fazla-supheli-kolera-vakasi-tespit-edildi\/#primaryimage"},"image":{"@id":"https:\/\/haberkuzey.com\/index.php\/2026\/08\/31\/nijeryada-65-binden-fazla-supheli-kolera-vakasi-tespit-edildi\/#primaryimage"},"thumbnailUrl":"https:\/\/haberkuzey.com\/wp-content\/uploads\/2026\/05\/kolera-nijerya-1621778.jpg","datePublished":"2026-08-31T14:41:04+00:00","author":{"@id":"https:\/\/haberkuzey.com\/#\/schema\/person\/3372109ec735f9333f4fa47ebb9605ca"},"breadcrumb":{"@id":"https:\/\/haberkuzey.com\/index.php\/2026\/08\/31\/nijeryada-65-binden-fazla-supheli-kolera-vakasi-tespit-edildi\/#breadcrumb"},"inLanguage":"tr","potentialAction":[{"@type":"ReadAction","target":["https:\/\/haberkuzey.com\/index.php\/2026\/08\/31\/nijeryada-65-binden-fazla-supheli-kolera-vakasi-tespit-edildi\/"]}]},{"@type":"ImageObject","inLanguage":"tr","@id":"https:\/\/haberkuzey.com\/index.php\/2026\/08\/31\/nijeryada-65-binden-fazla-supheli-kolera-vakasi-tespit-edildi\/#primaryimage","url":"https:\/\/haberkuzey.com\/wp-content\/uploads\/2026\/05\/kolera-nijerya-1621778.jpg","contentUrl":"https:\/\/haberkuzey.com\/wp-content\/uploads\/2026\/05\/kolera-nijerya-1621778.jpg","width":1280,"height":720},{"@type":"BreadcrumbList","@id":"https:\/\/haberkuzey.com\/index.php\/2026\/08\/31\/nijeryada-65-binden-fazla-supheli-kolera-vakasi-tespit-edildi\/#breadcrumb","itemListElement":[{"@type":"ListItem","position":1,"name":"Anasayfa","item":"https:\/\/haberkuzey.com\/"},{"@type":"ListItem","position":2,"name":"Nijerya&#8217;da 65 binden fazla \u015f\u00fcpheli kolera vakas\u0131 tespit edildi"}]},{"@type":"WebSite","@id":"https:\/\/haberkuzey.com\/#website","url":"https:\/\/haberkuzey.com\/","name":"Haber Kuzey","description":"Do\u011fru Haberin Adresi","potentialAction":[{"@type":"SearchAction","target":{"@type":"EntryPoint","urlTemplate":"https:\/\/haberkuzey.com\/?s={search_term_string}"},"query-input":{"@type":"PropertyValueSpecification","valueRequired":true,"valueName":"search_term_string"}}],"inLanguage":"tr"},{"@type":"Person","@id":"https:\/\/haberkuzey.com\/#\/schema\/person\/3372109ec735f9333f4fa47ebb9605ca","name":"haberkuzey","image":{"@type":"ImageObject","inLanguage":"tr","@id":"https:\/\/secure.gravatar.com\/avatar\/f5fc875574b1575324358c3b9e6a32b8227aa5b74f3fa22e3cadb63e26fcc39c?s=96&d=mm&r=g","url":"https:\/\/secure.gravatar.com\/avatar\/f5fc875574b1575324358c3b9e6a32b8227aa5b74f3fa22e3cadb63e26fcc39c?s=96&d=mm&r=g","contentUrl":"https:\/\/secure.gravatar.com\/avatar\/f5fc875574b1575324358c3b9e6a32b8227aa5b74f3fa22e3cadb63e26fcc39c?s=96&d=mm&r=g","caption":"haberkuzey"},"sameAs":["https:\/\/haberkuzey.com"],"url":"https:\/\/haberkuzey.com\/index.php\/author\/haberkuzey\/"}]}},"_links":{"self":[{"href":"https:\/\/haberkuzey.com\/index.php\/wp-json\/wp\/v2\/posts\/46317","targetHints":{"allow":["GET"]}}],"collection":[{"href":"https:\/\/haberkuzey.com\/index.php\/wp-json\/wp\/v2\/posts"}],"about":[{"href":"https:\/\/haberkuzey.com\/index.php\/wp-json\/wp\/v2\/types\/post"}],"author":[{"embeddable":true,"href":"https:\/\/haberkuzey.com\/index.php\/wp-json\/wp\/v2\/users\/1"}],"replies":[{"embeddable":true,"href":"https:\/\/haberkuzey.com\/index.php\/wp-json\/wp\/v2\/comments?post=46317"}],"version-history":[{"count":0,"href":"https:\/\/haberkuzey.com\/index.php\/wp-json\/wp\/v2\/posts\/46317\/revisions"}],"wp:featuredmedia":[{"embeddable":true,"href":"https:\/\/haberkuzey.com\/index.php\/wp-json\/wp\/v2\/media\/38275"}],"wp:attachment":[{"href":"https:\/\/haberkuzey.com\/index.php\/wp-json\/wp\/v2\/media?parent=46317"}],"wp:term":[{"taxonomy":"category","embeddable":true,"href":"https:\/\/haberkuzey.com\/index.php\/wp-json\/wp\/v2\/categories?post=46317"},{"taxonomy":"post_tag","embeddable":true,"href":"https:\/\/haberkuzey.com\/index.php\/wp-json\/wp\/v2\/tags?post=46317"}],"curies":[{"name":"wp","href":"https:\/\/api.w.org\/{rel}","templated":true}]}}