{"id":46315,"date":"2026-08-31T16:40:07","date_gmt":"2026-08-31T13:40:07","guid":{"rendered":"https:\/\/haberkuzey.com\/index.php\/2026\/08\/31\/fransada-asiri-sagci-milletvekilinden-secim-vaadi-basortululere-para-cezasi-uygulanacak\/"},"modified":"2026-08-31T16:40:07","modified_gmt":"2026-08-31T13:40:07","slug":"fransada-asiri-sagci-milletvekilinden-secim-vaadi-basortululere-para-cezasi-uygulanacak","status":"publish","type":"post","link":"https:\/\/haberkuzey.com\/index.php\/2026\/08\/31\/fransada-asiri-sagci-milletvekilinden-secim-vaadi-basortululere-para-cezasi-uygulanacak\/","title":{"rendered":"Fransa&#8217;da a\u015f\u0131r\u0131 sa\u011fc\u0131 milletvekilinden se\u00e7im vaadi: Ba\u015f\u00f6rt\u00fcl\u00fclere para cezas\u0131 uygulanacak"},"content":{"rendered":"<p><\/p>\n<div>\n<p>&#13;<br \/>\n\tFransa&#8217;da a\u015f\u0131r\u0131 sa\u011fc\u0131 Ulusal Birlik (RN) Partisi milletvekili Jean-Philippe Tanguy, BFMTV kanal\u0131nda kat\u0131ld\u0131\u011f\u0131 programda 2027 cumhurba\u015fkan\u0131 se\u00e7imlerine ili\u015fkin de\u011ferlendirmede bulundu.<\/p>\n<p>&#13;<br \/>\n\tMarine Le Pen&#8217;in, RN&#8217;nin aday\u0131 oldu\u011fu se\u00e7imleri kazanmalar\u0131 halinde ba\u015f\u00f6rt\u00fcs\u00fc takanlara para cezas\u0131 uygulamay\u0131 planlad\u0131klar\u0131n\u0131 duyuran Tanguy, &#8220;\u0130slamc\u0131 ideoloji ile kesinlikle m\u00fccadele edece\u011fiz.&#8221; dedi.<\/p>\n<p>&#13;<br \/>\n\tTanguy, \u00e7ocuklu\u011funun Paris&#8217;in bir banliy\u00f6s\u00fcnde ge\u00e7ti\u011fini ve b\u00fcy\u00fcd\u00fc\u011f\u00fc sokaklar\u0131n \u00e7ehresinin zamanla de\u011fi\u015fti\u011fini, bu de\u011fi\u015fimin ne g\u00f6\u00e7men ne de M\u00fcsl\u00fcman say\u0131s\u0131ndaki art\u0131\u015ftan kaynakland\u0131\u011f\u0131n\u0131 belirterek ba\u015f\u00f6rt\u00fcl\u00fc kad\u0131nlar\u0131 hedef g\u00f6sterdi.<\/p>\n<p>&#13;<br \/>\n\tFransa&#8217;da ba\u015f\u00f6rt\u00fcl\u00fc kad\u0131n say\u0131s\u0131ndaki art\u0131\u015ftan duydu\u011fu rahats\u0131zl\u0131\u011f\u0131 dile getiren Tanguy, bu durumun &#8220;kontrolden \u00e7\u0131kt\u0131\u011f\u0131n\u0131&#8221; ileri s\u00fcrd\u00fc.<\/p>\n<p>&#13;<br \/>\n\tA\u015f\u0131r\u0131 sa\u011fc\u0131 milletvekili Tanguy&#8217;un a\u00e7\u0131klamalar\u0131, \u00f6zellikle a\u015f\u0131r\u0131 solcu siyasiler taraf\u0131ndan tepkiyle kar\u015f\u0131land\u0131.<\/p>\n<p>&#13;<br \/>\n\t\u00dclkede kamusal alanda ba\u015f\u00f6rt\u00fcs\u00fc yasa\u011f\u0131, halihaz\u0131rda a\u015f\u0131r\u0131 sa\u011fc\u0131 partinin se\u00e7im vaatleri aras\u0131nda yer al\u0131yor.<\/p>\n<p>&#13;<br \/>\n\tFransa&#8217;da iki d\u00f6nem \u00fcst \u00fcste g\u00f6rev yapan Cumhurba\u015fkan\u0131 Emmanuel Macron, gelecek y\u0131l d\u00fczenlenecek se\u00e7imlerde aday olamayacak. \u0130ki turlu se\u00e7imlerin ilk turu 18 Nisan, ikinci turu da 2 May\u0131s 2027&#8217;de yap\u0131lacak.<\/p>\n<p>&#13;<br \/>\n\t\u00dclkede kamu \u00e7al\u0131\u015fanlar\u0131na y\u00f6nelik ba\u015f\u00f6rt\u00fcs\u00fc yasa\u011f\u0131, 2004&#8217;ten itibaren ilk ve orta\u00f6\u011fretim seviyesindeki \u00f6\u011frenciler i\u00e7in de uygulanmaya ba\u015flanm\u0131\u015ft\u0131.<\/p>\n<\/p><\/div>\n","protected":false},"excerpt":{"rendered":"<p>&#13; Fransa&#8217;da a\u015f\u0131r\u0131 sa\u011fc\u0131 Ulusal Birlik (RN) Partisi milletvekili Jean-Philippe Tanguy, BFMTV kanal\u0131nda kat\u0131ld\u0131\u011f\u0131 programda 2027 cumhurba\u015fkan\u0131 se\u00e7imlerine ili\u015fkin de\u011ferlendirmede bulundu. &#13; Marine Le Pen&#8217;in, RN&#8217;nin aday\u0131 oldu\u011fu se\u00e7imleri kazanmalar\u0131 halinde ba\u015f\u00f6rt\u00fcs\u00fc takanlara para cezas\u0131 uygulamay\u0131 planlad\u0131klar\u0131n\u0131 duyuran Tanguy, &#8220;\u0130slamc\u0131 ideoloji ile kesinlikle m\u00fccadele edece\u011fiz.&#8221; dedi. &#13; Tanguy, \u00e7ocuklu\u011funun Paris&#8217;in bir banliy\u00f6s\u00fcnde ge\u00e7ti\u011fini ve b\u00fcy\u00fcd\u00fc\u011f\u00fc [&hellip;]<\/p>\n","protected":false},"author":1,"featured_media":46316,"comment_status":"open","ping_status":"open","sticky":false,"template":"","format":"standard","meta":{"jnews-multi-image_gallery":[],"jnews_single_post":[],"jnews_primary_category":[],"footnotes":""},"categories":[2],"tags":[],"class_list":["post-46315","post","type-post","status-publish","format-standard","has-post-thumbnail","hentry","category-dunya"],"yoast_head":"<!-- This site is optimized with the Yoast SEO plugin v28.3 - https:\/\/yoast.com\/product\/yoast-seo-wordpress\/ -->\n<title>Fransa&#039;da a\u015f\u0131r\u0131 sa\u011fc\u0131 milletvekilinden se\u00e7im vaadi: Ba\u015f\u00f6rt\u00fcl\u00fclere para cezas\u0131 uygulanacak - Haber Kuzey<\/title>\n<meta name=\"robots\" content=\"index, follow, max-snippet:-1, max-image-preview:large, max-video-preview:-1\" \/>\n<link rel=\"canonical\" href=\"https:\/\/haberkuzey.com\/index.php\/2026\/08\/31\/fransada-asiri-sagci-milletvekilinden-secim-vaadi-basortululere-para-cezasi-uygulanacak\/\" \/>\n<meta property=\"og:locale\" content=\"tr_TR\" \/>\n<meta property=\"og:type\" content=\"article\" \/>\n<meta property=\"og:title\" content=\"Fransa&#039;da a\u015f\u0131r\u0131 sa\u011fc\u0131 milletvekilinden se\u00e7im vaadi: Ba\u015f\u00f6rt\u00fcl\u00fclere para cezas\u0131 uygulanacak - Haber Kuzey\" \/>\n<meta property=\"og:description\" content=\"&#013; Fransa&#8217;da a\u015f\u0131r\u0131 sa\u011fc\u0131 Ulusal Birlik (RN) Partisi milletvekili Jean-Philippe Tanguy, BFMTV kanal\u0131nda kat\u0131ld\u0131\u011f\u0131 programda 2027 cumhurba\u015fkan\u0131 se\u00e7imlerine ili\u015fkin de\u011ferlendirmede bulundu. &#013; Marine Le Pen&#8217;in, RN&#8217;nin aday\u0131 oldu\u011fu se\u00e7imleri kazanmalar\u0131 halinde ba\u015f\u00f6rt\u00fcs\u00fc takanlara para cezas\u0131 uygulamay\u0131 planlad\u0131klar\u0131n\u0131 duyuran Tanguy, &#8220;\u0130slamc\u0131 ideoloji ile kesinlikle m\u00fccadele edece\u011fiz.&#8221; dedi. &#013; Tanguy, \u00e7ocuklu\u011funun Paris&#8217;in bir banliy\u00f6s\u00fcnde ge\u00e7ti\u011fini ve b\u00fcy\u00fcd\u00fc\u011f\u00fc [&hellip;]\" \/>\n<meta property=\"og:url\" content=\"https:\/\/haberkuzey.com\/index.php\/2026\/08\/31\/fransada-asiri-sagci-milletvekilinden-secim-vaadi-basortululere-para-cezasi-uygulanacak\/\" \/>\n<meta property=\"og:site_name\" content=\"Haber Kuzey\" \/>\n<meta property=\"article:published_time\" content=\"2026-08-31T13:40:07+00:00\" \/>\n<meta property=\"og:image\" content=\"https:\/\/trthaberstatic.cdn.wp.trt.com.tr\/resimler\/2486000\/jean-philippe-tanguy-2486085.jpg\" \/>\n<meta name=\"author\" content=\"haberkuzey\" \/>\n<meta name=\"twitter:card\" content=\"summary_large_image\" \/>\n<meta name=\"twitter:label1\" content=\"Yazan:\" \/>\n\t<meta name=\"twitter:data1\" content=\"haberkuzey\" \/>\n\t<meta name=\"twitter:label2\" content=\"Tahmini okuma s\u00fcresi\" \/>\n\t<meta name=\"twitter:data2\" content=\"1 dakika\" \/>\n<script type=\"application\/ld+json\" class=\"yoast-schema-graph\">{\"@context\":\"https:\\\/\\\/schema.org\",\"@graph\":[{\"@type\":\"Article\",\"@id\":\"https:\\\/\\\/haberkuzey.com\\\/index.php\\\/2026\\\/08\\\/31\\\/fransada-asiri-sagci-milletvekilinden-secim-vaadi-basortululere-para-cezasi-uygulanacak\\\/#article\",\"isPartOf\":{\"@id\":\"https:\\\/\\\/haberkuzey.com\\\/index.php\\\/2026\\\/08\\\/31\\\/fransada-asiri-sagci-milletvekilinden-secim-vaadi-basortululere-para-cezasi-uygulanacak\\\/\"},\"author\":{\"name\":\"haberkuzey\",\"@id\":\"https:\\\/\\\/haberkuzey.com\\\/#\\\/schema\\\/person\\\/3372109ec735f9333f4fa47ebb9605ca\"},\"headline\":\"Fransa&#8217;da a\u015f\u0131r\u0131 sa\u011fc\u0131 milletvekilinden se\u00e7im vaadi: Ba\u015f\u00f6rt\u00fcl\u00fclere para cezas\u0131 uygulanacak\",\"datePublished\":\"2026-08-31T13:40:07+00:00\",\"mainEntityOfPage\":{\"@id\":\"https:\\\/\\\/haberkuzey.com\\\/index.php\\\/2026\\\/08\\\/31\\\/fransada-asiri-sagci-milletvekilinden-secim-vaadi-basortululere-para-cezasi-uygulanacak\\\/\"},\"wordCount\":263,\"commentCount\":0,\"image\":{\"@id\":\"https:\\\/\\\/haberkuzey.com\\\/index.php\\\/2026\\\/08\\\/31\\\/fransada-asiri-sagci-milletvekilinden-secim-vaadi-basortululere-para-cezasi-uygulanacak\\\/#primaryimage\"},\"thumbnailUrl\":\"https:\\\/\\\/haberkuzey.com\\\/wp-content\\\/uploads\\\/2026\\\/08\\\/jean-philippe-tanguy-2486085.jpg\",\"articleSection\":[\"D\u00fcnya\"],\"inLanguage\":\"tr\",\"potentialAction\":[{\"@type\":\"CommentAction\",\"name\":\"Comment\",\"target\":[\"https:\\\/\\\/haberkuzey.com\\\/index.php\\\/2026\\\/08\\\/31\\\/fransada-asiri-sagci-milletvekilinden-secim-vaadi-basortululere-para-cezasi-uygulanacak\\\/#respond\"]}]},{\"@type\":\"WebPage\",\"@id\":\"https:\\\/\\\/haberkuzey.com\\\/index.php\\\/2026\\\/08\\\/31\\\/fransada-asiri-sagci-milletvekilinden-secim-vaadi-basortululere-para-cezasi-uygulanacak\\\/\",\"url\":\"https:\\\/\\\/haberkuzey.com\\\/index.php\\\/2026\\\/08\\\/31\\\/fransada-asiri-sagci-milletvekilinden-secim-vaadi-basortululere-para-cezasi-uygulanacak\\\/\",\"name\":\"Fransa'da a\u015f\u0131r\u0131 sa\u011fc\u0131 milletvekilinden se\u00e7im vaadi: Ba\u015f\u00f6rt\u00fcl\u00fclere para cezas\u0131 uygulanacak - Haber Kuzey\",\"isPartOf\":{\"@id\":\"https:\\\/\\\/haberkuzey.com\\\/#website\"},\"primaryImageOfPage\":{\"@id\":\"https:\\\/\\\/haberkuzey.com\\\/index.php\\\/2026\\\/08\\\/31\\\/fransada-asiri-sagci-milletvekilinden-secim-vaadi-basortululere-para-cezasi-uygulanacak\\\/#primaryimage\"},\"image\":{\"@id\":\"https:\\\/\\\/haberkuzey.com\\\/index.php\\\/2026\\\/08\\\/31\\\/fransada-asiri-sagci-milletvekilinden-secim-vaadi-basortululere-para-cezasi-uygulanacak\\\/#primaryimage\"},\"thumbnailUrl\":\"https:\\\/\\\/haberkuzey.com\\\/wp-content\\\/uploads\\\/2026\\\/08\\\/jean-philippe-tanguy-2486085.jpg\",\"datePublished\":\"2026-08-31T13:40:07+00:00\",\"author\":{\"@id\":\"https:\\\/\\\/haberkuzey.com\\\/#\\\/schema\\\/person\\\/3372109ec735f9333f4fa47ebb9605ca\"},\"breadcrumb\":{\"@id\":\"https:\\\/\\\/haberkuzey.com\\\/index.php\\\/2026\\\/08\\\/31\\\/fransada-asiri-sagci-milletvekilinden-secim-vaadi-basortululere-para-cezasi-uygulanacak\\\/#breadcrumb\"},\"inLanguage\":\"tr\",\"potentialAction\":[{\"@type\":\"ReadAction\",\"target\":[\"https:\\\/\\\/haberkuzey.com\\\/index.php\\\/2026\\\/08\\\/31\\\/fransada-asiri-sagci-milletvekilinden-secim-vaadi-basortululere-para-cezasi-uygulanacak\\\/\"]}]},{\"@type\":\"ImageObject\",\"inLanguage\":\"tr\",\"@id\":\"https:\\\/\\\/haberkuzey.com\\\/index.php\\\/2026\\\/08\\\/31\\\/fransada-asiri-sagci-milletvekilinden-secim-vaadi-basortululere-para-cezasi-uygulanacak\\\/#primaryimage\",\"url\":\"https:\\\/\\\/haberkuzey.com\\\/wp-content\\\/uploads\\\/2026\\\/08\\\/jean-philippe-tanguy-2486085.jpg\",\"contentUrl\":\"https:\\\/\\\/haberkuzey.com\\\/wp-content\\\/uploads\\\/2026\\\/08\\\/jean-philippe-tanguy-2486085.jpg\",\"width\":1280,\"height\":720},{\"@type\":\"BreadcrumbList\",\"@id\":\"https:\\\/\\\/haberkuzey.com\\\/index.php\\\/2026\\\/08\\\/31\\\/fransada-asiri-sagci-milletvekilinden-secim-vaadi-basortululere-para-cezasi-uygulanacak\\\/#breadcrumb\",\"itemListElement\":[{\"@type\":\"ListItem\",\"position\":1,\"name\":\"Anasayfa\",\"item\":\"https:\\\/\\\/haberkuzey.com\\\/\"},{\"@type\":\"ListItem\",\"position\":2,\"name\":\"Fransa&#8217;da a\u015f\u0131r\u0131 sa\u011fc\u0131 milletvekilinden se\u00e7im vaadi: Ba\u015f\u00f6rt\u00fcl\u00fclere para cezas\u0131 uygulanacak\"}]},{\"@type\":\"WebSite\",\"@id\":\"https:\\\/\\\/haberkuzey.com\\\/#website\",\"url\":\"https:\\\/\\\/haberkuzey.com\\\/\",\"name\":\"Haber Kuzey\",\"description\":\"Do\u011fru Haberin Adresi\",\"potentialAction\":[{\"@type\":\"SearchAction\",\"target\":{\"@type\":\"EntryPoint\",\"urlTemplate\":\"https:\\\/\\\/haberkuzey.com\\\/?s={search_term_string}\"},\"query-input\":{\"@type\":\"PropertyValueSpecification\",\"valueRequired\":true,\"valueName\":\"search_term_string\"}}],\"inLanguage\":\"tr\"},{\"@type\":\"Person\",\"@id\":\"https:\\\/\\\/haberkuzey.com\\\/#\\\/schema\\\/person\\\/3372109ec735f9333f4fa47ebb9605ca\",\"name\":\"haberkuzey\",\"image\":{\"@type\":\"ImageObject\",\"inLanguage\":\"tr\",\"@id\":\"https:\\\/\\\/secure.gravatar.com\\\/avatar\\\/f5fc875574b1575324358c3b9e6a32b8227aa5b74f3fa22e3cadb63e26fcc39c?s=96&d=mm&r=g\",\"url\":\"https:\\\/\\\/secure.gravatar.com\\\/avatar\\\/f5fc875574b1575324358c3b9e6a32b8227aa5b74f3fa22e3cadb63e26fcc39c?s=96&d=mm&r=g\",\"contentUrl\":\"https:\\\/\\\/secure.gravatar.com\\\/avatar\\\/f5fc875574b1575324358c3b9e6a32b8227aa5b74f3fa22e3cadb63e26fcc39c?s=96&d=mm&r=g\",\"caption\":\"haberkuzey\"},\"sameAs\":[\"https:\\\/\\\/haberkuzey.com\"],\"url\":\"https:\\\/\\\/haberkuzey.com\\\/index.php\\\/author\\\/haberkuzey\\\/\"}]}<\/script>\n<!-- \/ Yoast SEO plugin. -->","yoast_head_json":{"title":"Fransa'da a\u015f\u0131r\u0131 sa\u011fc\u0131 milletvekilinden se\u00e7im vaadi: Ba\u015f\u00f6rt\u00fcl\u00fclere para cezas\u0131 uygulanacak - Haber Kuzey","robots":{"index":"index","follow":"follow","max-snippet":"max-snippet:-1","max-image-preview":"max-image-preview:large","max-video-preview":"max-video-preview:-1"},"canonical":"https:\/\/haberkuzey.com\/index.php\/2026\/08\/31\/fransada-asiri-sagci-milletvekilinden-secim-vaadi-basortululere-para-cezasi-uygulanacak\/","og_locale":"tr_TR","og_type":"article","og_title":"Fransa'da a\u015f\u0131r\u0131 sa\u011fc\u0131 milletvekilinden se\u00e7im vaadi: Ba\u015f\u00f6rt\u00fcl\u00fclere para cezas\u0131 uygulanacak - Haber Kuzey","og_description":"&#13; Fransa&#8217;da a\u015f\u0131r\u0131 sa\u011fc\u0131 Ulusal Birlik (RN) Partisi milletvekili Jean-Philippe Tanguy, BFMTV kanal\u0131nda kat\u0131ld\u0131\u011f\u0131 programda 2027 cumhurba\u015fkan\u0131 se\u00e7imlerine ili\u015fkin de\u011ferlendirmede bulundu. &#13; Marine Le Pen&#8217;in, RN&#8217;nin aday\u0131 oldu\u011fu se\u00e7imleri kazanmalar\u0131 halinde ba\u015f\u00f6rt\u00fcs\u00fc takanlara para cezas\u0131 uygulamay\u0131 planlad\u0131klar\u0131n\u0131 duyuran Tanguy, &#8220;\u0130slamc\u0131 ideoloji ile kesinlikle m\u00fccadele edece\u011fiz.&#8221; dedi. &#13; Tanguy, \u00e7ocuklu\u011funun Paris&#8217;in bir banliy\u00f6s\u00fcnde ge\u00e7ti\u011fini ve b\u00fcy\u00fcd\u00fc\u011f\u00fc [&hellip;]","og_url":"https:\/\/haberkuzey.com\/index.php\/2026\/08\/31\/fransada-asiri-sagci-milletvekilinden-secim-vaadi-basortululere-para-cezasi-uygulanacak\/","og_site_name":"Haber Kuzey","article_published_time":"2026-08-31T13:40:07+00:00","og_image":[{"url":"https:\/\/trthaberstatic.cdn.wp.trt.com.tr\/resimler\/2486000\/jean-philippe-tanguy-2486085.jpg","type":"","width":"","height":""}],"author":"haberkuzey","twitter_card":"summary_large_image","twitter_misc":{"Yazan:":"haberkuzey","Tahmini okuma s\u00fcresi":"1 dakika"},"schema":{"@context":"https:\/\/schema.org","@graph":[{"@type":"Article","@id":"https:\/\/haberkuzey.com\/index.php\/2026\/08\/31\/fransada-asiri-sagci-milletvekilinden-secim-vaadi-basortululere-para-cezasi-uygulanacak\/#article","isPartOf":{"@id":"https:\/\/haberkuzey.com\/index.php\/2026\/08\/31\/fransada-asiri-sagci-milletvekilinden-secim-vaadi-basortululere-para-cezasi-uygulanacak\/"},"author":{"name":"haberkuzey","@id":"https:\/\/haberkuzey.com\/#\/schema\/person\/3372109ec735f9333f4fa47ebb9605ca"},"headline":"Fransa&#8217;da a\u015f\u0131r\u0131 sa\u011fc\u0131 milletvekilinden se\u00e7im vaadi: Ba\u015f\u00f6rt\u00fcl\u00fclere para cezas\u0131 uygulanacak","datePublished":"2026-08-31T13:40:07+00:00","mainEntityOfPage":{"@id":"https:\/\/haberkuzey.com\/index.php\/2026\/08\/31\/fransada-asiri-sagci-milletvekilinden-secim-vaadi-basortululere-para-cezasi-uygulanacak\/"},"wordCount":263,"commentCount":0,"image":{"@id":"https:\/\/haberkuzey.com\/index.php\/2026\/08\/31\/fransada-asiri-sagci-milletvekilinden-secim-vaadi-basortululere-para-cezasi-uygulanacak\/#primaryimage"},"thumbnailUrl":"https:\/\/haberkuzey.com\/wp-content\/uploads\/2026\/08\/jean-philippe-tanguy-2486085.jpg","articleSection":["D\u00fcnya"],"inLanguage":"tr","potentialAction":[{"@type":"CommentAction","name":"Comment","target":["https:\/\/haberkuzey.com\/index.php\/2026\/08\/31\/fransada-asiri-sagci-milletvekilinden-secim-vaadi-basortululere-para-cezasi-uygulanacak\/#respond"]}]},{"@type":"WebPage","@id":"https:\/\/haberkuzey.com\/index.php\/2026\/08\/31\/fransada-asiri-sagci-milletvekilinden-secim-vaadi-basortululere-para-cezasi-uygulanacak\/","url":"https:\/\/haberkuzey.com\/index.php\/2026\/08\/31\/fransada-asiri-sagci-milletvekilinden-secim-vaadi-basortululere-para-cezasi-uygulanacak\/","name":"Fransa'da a\u015f\u0131r\u0131 sa\u011fc\u0131 milletvekilinden se\u00e7im vaadi: Ba\u015f\u00f6rt\u00fcl\u00fclere para cezas\u0131 uygulanacak - Haber Kuzey","isPartOf":{"@id":"https:\/\/haberkuzey.com\/#website"},"primaryImageOfPage":{"@id":"https:\/\/haberkuzey.com\/index.php\/2026\/08\/31\/fransada-asiri-sagci-milletvekilinden-secim-vaadi-basortululere-para-cezasi-uygulanacak\/#primaryimage"},"image":{"@id":"https:\/\/haberkuzey.com\/index.php\/2026\/08\/31\/fransada-asiri-sagci-milletvekilinden-secim-vaadi-basortululere-para-cezasi-uygulanacak\/#primaryimage"},"thumbnailUrl":"https:\/\/haberkuzey.com\/wp-content\/uploads\/2026\/08\/jean-philippe-tanguy-2486085.jpg","datePublished":"2026-08-31T13:40:07+00:00","author":{"@id":"https:\/\/haberkuzey.com\/#\/schema\/person\/3372109ec735f9333f4fa47ebb9605ca"},"breadcrumb":{"@id":"https:\/\/haberkuzey.com\/index.php\/2026\/08\/31\/fransada-asiri-sagci-milletvekilinden-secim-vaadi-basortululere-para-cezasi-uygulanacak\/#breadcrumb"},"inLanguage":"tr","potentialAction":[{"@type":"ReadAction","target":["https:\/\/haberkuzey.com\/index.php\/2026\/08\/31\/fransada-asiri-sagci-milletvekilinden-secim-vaadi-basortululere-para-cezasi-uygulanacak\/"]}]},{"@type":"ImageObject","inLanguage":"tr","@id":"https:\/\/haberkuzey.com\/index.php\/2026\/08\/31\/fransada-asiri-sagci-milletvekilinden-secim-vaadi-basortululere-para-cezasi-uygulanacak\/#primaryimage","url":"https:\/\/haberkuzey.com\/wp-content\/uploads\/2026\/08\/jean-philippe-tanguy-2486085.jpg","contentUrl":"https:\/\/haberkuzey.com\/wp-content\/uploads\/2026\/08\/jean-philippe-tanguy-2486085.jpg","width":1280,"height":720},{"@type":"BreadcrumbList","@id":"https:\/\/haberkuzey.com\/index.php\/2026\/08\/31\/fransada-asiri-sagci-milletvekilinden-secim-vaadi-basortululere-para-cezasi-uygulanacak\/#breadcrumb","itemListElement":[{"@type":"ListItem","position":1,"name":"Anasayfa","item":"https:\/\/haberkuzey.com\/"},{"@type":"ListItem","position":2,"name":"Fransa&#8217;da a\u015f\u0131r\u0131 sa\u011fc\u0131 milletvekilinden se\u00e7im vaadi: Ba\u015f\u00f6rt\u00fcl\u00fclere para cezas\u0131 uygulanacak"}]},{"@type":"WebSite","@id":"https:\/\/haberkuzey.com\/#website","url":"https:\/\/haberkuzey.com\/","name":"Haber Kuzey","description":"Do\u011fru Haberin Adresi","potentialAction":[{"@type":"SearchAction","target":{"@type":"EntryPoint","urlTemplate":"https:\/\/haberkuzey.com\/?s={search_term_string}"},"query-input":{"@type":"PropertyValueSpecification","valueRequired":true,"valueName":"search_term_string"}}],"inLanguage":"tr"},{"@type":"Person","@id":"https:\/\/haberkuzey.com\/#\/schema\/person\/3372109ec735f9333f4fa47ebb9605ca","name":"haberkuzey","image":{"@type":"ImageObject","inLanguage":"tr","@id":"https:\/\/secure.gravatar.com\/avatar\/f5fc875574b1575324358c3b9e6a32b8227aa5b74f3fa22e3cadb63e26fcc39c?s=96&d=mm&r=g","url":"https:\/\/secure.gravatar.com\/avatar\/f5fc875574b1575324358c3b9e6a32b8227aa5b74f3fa22e3cadb63e26fcc39c?s=96&d=mm&r=g","contentUrl":"https:\/\/secure.gravatar.com\/avatar\/f5fc875574b1575324358c3b9e6a32b8227aa5b74f3fa22e3cadb63e26fcc39c?s=96&d=mm&r=g","caption":"haberkuzey"},"sameAs":["https:\/\/haberkuzey.com"],"url":"https:\/\/haberkuzey.com\/index.php\/author\/haberkuzey\/"}]}},"_links":{"self":[{"href":"https:\/\/haberkuzey.com\/index.php\/wp-json\/wp\/v2\/posts\/46315","targetHints":{"allow":["GET"]}}],"collection":[{"href":"https:\/\/haberkuzey.com\/index.php\/wp-json\/wp\/v2\/posts"}],"about":[{"href":"https:\/\/haberkuzey.com\/index.php\/wp-json\/wp\/v2\/types\/post"}],"author":[{"embeddable":true,"href":"https:\/\/haberkuzey.com\/index.php\/wp-json\/wp\/v2\/users\/1"}],"replies":[{"embeddable":true,"href":"https:\/\/haberkuzey.com\/index.php\/wp-json\/wp\/v2\/comments?post=46315"}],"version-history":[{"count":0,"href":"https:\/\/haberkuzey.com\/index.php\/wp-json\/wp\/v2\/posts\/46315\/revisions"}],"wp:featuredmedia":[{"embeddable":true,"href":"https:\/\/haberkuzey.com\/index.php\/wp-json\/wp\/v2\/media\/46316"}],"wp:attachment":[{"href":"https:\/\/haberkuzey.com\/index.php\/wp-json\/wp\/v2\/media?parent=46315"}],"wp:term":[{"taxonomy":"category","embeddable":true,"href":"https:\/\/haberkuzey.com\/index.php\/wp-json\/wp\/v2\/categories?post=46315"},{"taxonomy":"post_tag","embeddable":true,"href":"https:\/\/haberkuzey.com\/index.php\/wp-json\/wp\/v2\/tags?post=46315"}],"curies":[{"name":"wp","href":"https:\/\/api.w.org\/{rel}","templated":true}]}}