{"id":46311,"date":"2026-08-31T14:38:04","date_gmt":"2026-08-31T11:38:04","guid":{"rendered":"https:\/\/haberkuzey.com\/index.php\/2026\/08\/31\/libyada-birlige-dogru-yol-aliniyor\/"},"modified":"2026-08-31T14:38:04","modified_gmt":"2026-08-31T11:38:04","slug":"libyada-birlige-dogru-yol-aliniyor","status":"publish","type":"post","link":"https:\/\/haberkuzey.com\/index.php\/2026\/08\/31\/libyada-birlige-dogru-yol-aliniyor\/","title":{"rendered":"Libya\u2019da &#8216;birli\u011fe&#8217; do\u011fru yol al\u0131n\u0131yor"},"content":{"rendered":"<div>\n<p>&#13;<br \/>\n\tAfrika&#8217;n\u0131n petrol ve do\u011falgaz zengini \u00fclkesi Libya\u2019da do\u011fu ve bat\u0131 aras\u0131nda uzun s\u00fcredir devam eden siyasi b\u00f6l\u00fcnm\u00fc\u015fl\u00fc\u011f\u00fcn sona erdirilmesi i\u00e7in \u00f6nemli bir ad\u0131m at\u0131ld\u0131. \u00dclkenin \u00f6nemli siyasi ve askeri g\u00fc\u00e7 merkezlerinin temsil edildi\u011fi \u201c4+4\u201d K\u00fc\u00e7\u00fck Diyalog Komitesi, Libya\u2019y\u0131 24 ay i\u00e7inde cumhurba\u015fkanl\u0131\u011f\u0131 ve parlamento se\u00e7imlerine g\u00f6t\u00fcrmeyi ama\u00e7layan anla\u015fmay\u0131 imzalad\u0131.<\/p>\n<p>&#13;<br \/>\n\tPeki anla\u015fmada hangi maddeler yer al\u0131yor? Daha \u00f6nce bir\u00e7ok kez t\u0131kanan se\u00e7im s\u00fcreci bu kez tamamlanabilecek mi?<\/p>\n<p>&#13;<br \/>\n\t\u00dclkeyi demir yumrukla y\u00f6neten Muammer Kaddafi&#8217;nin 2011 y\u0131l\u0131nda devrilmesinin ard\u0131ndan ba\u015flayan siyasi ve askeri istikrars\u0131zl\u0131k, Libya\u2019y\u0131 y\u0131llar i\u00e7erisinde iki ayr\u0131 g\u00fc\u00e7 merkezine ay\u0131rd\u0131. \u00dclkenin bat\u0131s\u0131nda ba\u015fkent Trablus merkezli y\u00f6netimler, do\u011fusunda ise Tobruk\u2019taki Temsilciler Meclisi ve Halife Hafter\u2019e ba\u011fl\u0131 g\u00fc\u00e7ler etkili oldu.<\/p>\n<div class=\"image-content\"><span class=\"image-spot\">[Muammer Kaddafi&#8217;nin devrilmesinin ard\u0131ndan kurulan askeri yap\u0131lar Libya&#8217;da hala etkisini s\u00fcrd\u00fcr\u00fcyor. Foto\u011fraf: AA]<\/span><\/div>\n<p>&#13;<br \/>\n\t2014\u2019te derinle\u015fen b\u00f6l\u00fcnm\u00fc\u015fl\u00fck, Nisan 2019\u2019da Hafter\u2019e ba\u011fl\u0131 g\u00fc\u00e7lerin ba\u015fkent Trablus\u2019u ele ge\u00e7irmek i\u00e7in sald\u0131r\u0131 ba\u015flatmas\u0131yla yeni bir a\u015famaya ge\u00e7ti. T\u00fcrkiye\u2019nin Birle\u015fmi\u015f Milletler taraf\u0131ndan tan\u0131nan Trablus y\u00f6netimine verdi\u011fi destek sahadaki dengeyi de\u011fi\u015ftirdi. Hafter\u2019e ba\u011fl\u0131 g\u00fc\u00e7lerin ba\u015fkent \u00e7evresinden \u00e7ekilmesinin ard\u0131ndan askeri \u00e7\u00f6z\u00fcm se\u00e7ene\u011fi zay\u0131flarken, siyasi m\u00fczakere masas\u0131 yeniden kuruldu.<\/p>\n<p>&#13;<br \/>\n\tBirle\u015fmi\u015f Milletler (BM) \u00f6nc\u00fcl\u00fc\u011f\u00fcnde y\u00fcr\u00fct\u00fclen g\u00f6r\u00fc\u015fmeler sonucunda Ekim 2020\u2019de ate\u015fkes anla\u015fmas\u0131 imzaland\u0131. \u015eubat 2021\u2019de toplanan Libya Siyasi Diyalog Forumu ise Abdulhamid Dibeybe liderli\u011findeki Ulusal Birlik H\u00fck\u00fcmeti ile Muhammed el-Menfi ba\u015fkanl\u0131\u011f\u0131ndaki Ba\u015fkanl\u0131k Konseyini se\u00e7ti.<\/p>\n<p>&#13;<br \/>\n\tYeni y\u00f6netimin temel g\u00f6revi, \u00fclkeyi 24 Aral\u0131k 2021\u2019de cumhurba\u015fkanl\u0131\u011f\u0131 ve parlamento se\u00e7imlerine g\u00f6t\u00fcrmekti. Ancak adayl\u0131k \u015fartlar\u0131, se\u00e7imlerin hangi s\u0131rayla yap\u0131laca\u011f\u0131 ve sonu\u00e7lara ili\u015fkin itirazlar\u0131n nas\u0131l karara ba\u011flanaca\u011f\u0131 konusunda ya\u015fanan anla\u015fmazl\u0131klar nedeniyle sand\u0131klar kurulamad\u0131.<\/p>\n<p>&#13;<br \/>\n\t\u00d6zellikle askerlerin ve \u00e7ifte vatanda\u015flar\u0131n cumhurba\u015fkanl\u0131\u011f\u0131na aday olup olamayaca\u011f\u0131 tart\u0131\u015fmas\u0131 s\u00fcreci \u00e7\u0131kmaza s\u00fcr\u00fckledi. Abdulhamid Dibeybe, Halife Hafter ve Muammer Kaddafi\u2019nin o\u011flu Seyf\u00fclislam Kaddafi gibi isimlerin adayl\u0131klar\u0131 \u00fczerinden ba\u015flayan hukuki tart\u0131\u015fmalar, se\u00e7im takviminin belirsiz bir tarihe ertelenmesine yol a\u00e7t\u0131.<\/p>\n<h2>&#13;<br \/>\n\t24 ayl\u0131k yol haritas\u0131nda neler var?<\/h2>\n<p>&#13;<br \/>\n\tAnla\u015fman\u0131n temel hedefini, Libya\u2019da cumhurba\u015fkanl\u0131\u011f\u0131 ve parlamento se\u00e7imlerinin 24 ay\u0131 a\u015fmayacak bir s\u00fcre i\u00e7erisinde ger\u00e7ekle\u015ftirilmesi olu\u015fturuyor. Ancak se\u00e7imlere tek bir y\u00fcr\u00fctme organ\u0131 ve birle\u015ftirilmi\u015f ulusal kurumlarla gidilmesi \u00f6ng\u00f6r\u00fcl\u00fcyor.<\/p>\n<p>&#13;<br \/>\n\tSe\u00e7imlerden \u00f6nce Trablus ve Bingazi\u2019deki iki ayr\u0131 h\u00fck\u00fcmet yap\u0131s\u0131n\u0131n yerine b\u00fct\u00fcn \u00fclkede yetkili olacak birle\u015fik bir y\u00fcr\u00fctme organ\u0131n\u0131n kurulmas\u0131 gerekiyor.<\/p>\n<p>&#13;<br \/>\n\tAnla\u015fma, se\u00e7imlerin yap\u0131lamamas\u0131n\u0131n ba\u015fl\u0131ca nedenlerinden biri olan Ulusal Y\u00fcksek Se\u00e7im Komisyonunun y\u00f6netimine ili\u015fkin anla\u015fmazl\u0131\u011f\u0131 da \u00e7\u00f6zmeyi ama\u00e7l\u0131yor. Bu kapsamda komisyon y\u00f6netiminin do\u011fu ve bat\u0131y\u0131 temsil edecek bi\u00e7imde yeniden olu\u015fturulmas\u0131 kararla\u015ft\u0131r\u0131ld\u0131.<\/p>\n<p><img decoding=\"async\" alt=\"Libya\u2019da 'birli\u011fe' do\u011fru yol al\u0131n\u0131yor\" src=\"https:\/\/www.trthaber.com\/dosyalar\/images\/AA-38846543.jpg\"\/><\/p>\n<p>&#13;<br \/>\n\tCumhurba\u015fkanl\u0131\u011f\u0131 se\u00e7imlerinde Temsilciler Meclisinin 2023 y\u0131l\u0131nda \u00e7\u0131kard\u0131\u011f\u0131 28 say\u0131l\u0131 yasan\u0131n esas al\u0131nmas\u0131, ancak tart\u0131\u015fmal\u0131 maddelerin de\u011fi\u015ftirilmesi \u00f6ng\u00f6r\u00fcl\u00fcyor. Parlamento se\u00e7imlerinin ise 2014 tarihli 10 say\u0131l\u0131 yasa temelinde yap\u0131lmas\u0131 planlan\u0131yor.<\/p>\n<h2>&#13;<br \/>\n\tAskerler aday olabilecek<\/h2>\n<p>&#13;<br \/>\n\t\u00dczerinde uzla\u015f\u0131 sa\u011flanan en \u00f6nemli maddelerden biri askerlerin ve \u00e7ifte vatanda\u015flar\u0131n adayl\u0131\u011f\u0131 oldu. Anla\u015fmaya g\u00f6re askerler cumhurba\u015fkanl\u0131\u011f\u0131 se\u00e7iminde hem se\u00e7men hem de aday olarak yer alabilecek. Ancak askeri kurumlar\u0131n tarafs\u0131zl\u0131\u011f\u0131n\u0131n korunmas\u0131 i\u00e7in gerekli hukuki ve idari d\u00fczenlemelerin yap\u0131lmas\u0131 gerekecek.<\/p>\n<p>&#13;<br \/>\n\t\u00c7ifte vatanda\u015fl\u0131\u011f\u0131 bulunan Libyal\u0131lar\u0131n da cumhurba\u015fkanl\u0131\u011f\u0131na aday olmas\u0131na izin verilecek. Se\u00e7imi kazanan aday\u0131n ise anayasal yeminini etmeden \u00f6nce Libya d\u0131\u015f\u0131ndaki vatanda\u015fl\u0131\u011f\u0131ndan vazge\u00e7mesi istenecek. Kazanan aday\u0131n bu \u015fart\u0131 yerine getirememesi durumunda se\u00e7im s\u00fcrecinin yenilenmesini sa\u011flayacak hukuki bir mekanizma olu\u015fturulacak.<\/p>\n<p>&#13;<br \/>\n\tBu d\u00fczenleme, \u00f6zellikle uzun y\u0131llar Amerika Birle\u015fik Devletleri\u2019nde ya\u015fayan ve ABD vatanda\u015fl\u0131\u011f\u0131n\u0131n bulundu\u011fu belirtilen Halife Hafter\u2019in adayl\u0131\u011f\u0131n\u0131n \u00f6n\u00fcndeki en \u00f6nemli tart\u0131\u015fmalardan birini ortadan kald\u0131rabilir.<\/p>\n<div class=\"image-content\"><img decoding=\"async\" alt=\"Kaddafi d\u00f6neminde s\u00fcrg\u00fcn edilen Halife Hafter, bug\u00fcn Libya'n\u0131n en etkili fig\u00fcrlerinden biri. Foto\u011fraf: AA\" src=\"https:\/\/www.trthaber.com\/dosyalar\/images\/AA-29465764.jpg\"\/><span class=\"image-spot\">[Kaddafi d\u00f6neminde s\u00fcrg\u00fcn edilen Halife Hafter, bug\u00fcn Libya&#8217;n\u0131n en etkili fig\u00fcrlerinden biri. Foto\u011fraf: AA]<\/span><\/div>\n<p>&#13;<br \/>\n\tCumhurba\u015fkanl\u0131\u011f\u0131na aday olacak isimlerin, Libya\u2019n\u0131n farkl\u0131 b\u00f6lgelerinde kay\u0131tl\u0131 se\u00e7menlerden en az 20 bin destek imzas\u0131 toplamas\u0131 da anla\u015fman\u0131n h\u00fck\u00fcmleri aras\u0131nda yer al\u0131yor.<\/p>\n<p>&#13;<br \/>\n\tBir aday\u0131n ilk turda y\u00fczde 50\u2019nin \u00fczerinde oy almas\u0131 halinde ikinci turun yap\u0131lmas\u0131 zorunlu olmayacak. Cumhurba\u015fkanl\u0131\u011f\u0131 ve parlamento se\u00e7imlerinin sonu\u00e7lar\u0131 da daha \u00f6nceki d\u00fczenlemede oldu\u011fu gibi birbirine ba\u011flanmayacak. B\u00f6ylece se\u00e7imlerden birinde ya\u015fanabilecek hukuki ya da siyasi bir anla\u015fmazl\u0131\u011f\u0131n di\u011fer se\u00e7imi ge\u00e7ersiz hale getirmesinin \u00f6n\u00fcne ge\u00e7ilmesi ama\u00e7lan\u0131yor.<\/p>\n<p>&#13;<br \/>\n\tAnla\u015fma, Libya\u2019n\u0131n kal\u0131c\u0131 anayasa sorununu ise se\u00e7imlerden sonra kurulacak yeni parlamentoya b\u0131rak\u0131yor. Yeni meclis, anayasa tasla\u011f\u0131n\u0131n g\u00f6r\u00fc\u015f\u00fclmesi ve kal\u0131c\u0131 anayasal d\u00fczenin olu\u015fturulmas\u0131ndan sorumlu olacak.<\/p>\n<h2>&#13;<br \/>\n\t\u00dc\u00e7 tarihi b\u00f6lge<\/h2>\n<p>&#13;<br \/>\n\t\u00dclkenin \u00fc\u00e7 tarihi b\u00f6lgesi aras\u0131ndaki dengenin korunmas\u0131 i\u00e7in de \u00f6nemli bir d\u00fczenlemeye gidiliyor. Se\u00e7ilecek parlamentonun ve y\u00fcr\u00fctme organ\u0131n\u0131n toplant\u0131lar\u0131n\u0131n Trablus, Bingazi ve Sebha\u2019da d\u00f6n\u00fc\u015f\u00fcml\u00fc olarak ger\u00e7ekle\u015ftirilmesi planlan\u0131yor. B\u00f6ylece yaln\u0131zca do\u011fu ve bat\u0131 aras\u0131nda de\u011fil, uzun s\u00fcredir siyasi ve ekonomik a\u00e7\u0131dan geri planda kald\u0131\u011f\u0131n\u0131 d\u00fc\u015f\u00fcnen g\u00fcney b\u00f6lgesiyle de bir denge kurulmas\u0131 hedefleniyor.<\/p>\n<p>&#13;<br \/>\n\tTemsilciler Meclisi ile Devlet Y\u00fcksek Konseyine anla\u015fmay\u0131 onaylamalar\u0131 i\u00e7in bir ayl\u0131k s\u00fcre tan\u0131n\u0131yor. \u0130ki kurumun metni kabul etmemesi halinde anla\u015fman\u0131n daha geni\u015f kat\u0131l\u0131ml\u0131 ulusal bir mekanizma arac\u0131l\u0131\u011f\u0131yla \u201canayasal belge\u201d haline getirilmesi ve BM G\u00fcvenlik Konseyinin deste\u011finin al\u0131nmas\u0131 \u00f6ng\u00f6r\u00fcl\u00fcyor.<\/p>\n<p>&#13;<br \/>\n\tUlusal Birlik H\u00fck\u00fcmeti Ba\u015fbakan\u0131 Abdulhamid Dibeybe, Libya\u2019daki b\u00fct\u00fcn kurumlar\u0131n ger\u00e7ek me\u015fruiyetlerini halk\u0131n iradesinden almas\u0131 gerekti\u011fini belirterek anla\u015fmay\u0131 destekledi. Halife Hafter de imzalanan metnin y\u0131llard\u0131r \u00e7\u00f6z\u00fclemeyen ve se\u00e7imleri engelleyen meselelerin a\u015f\u0131lmas\u0131 y\u00f6n\u00fcnde ilerleme sa\u011flad\u0131\u011f\u0131n\u0131 a\u00e7\u0131klad\u0131.<\/p>\n<h2>&#13;<br \/>\n\tAnla\u015fma sahada kar\u015f\u0131l\u0131k bulacak m\u0131?<\/h2>\n<p>&#13;<br \/>\n\tLibya\u2019da ge\u00e7mi\u015f y\u0131llarda da se\u00e7imleri ger\u00e7ekle\u015ftirmek ve devlet kurumlar\u0131n\u0131 birle\u015ftirmek amac\u0131yla \u00e7ok say\u0131da anla\u015fma imzaland\u0131. Ancak bu anla\u015fmalar\u0131n b\u00fcy\u00fck b\u00f6l\u00fcm\u00fc, taraflar\u0131n yetki ve g\u00fc\u00e7 payla\u015f\u0131m\u0131nda uzla\u015famamas\u0131 nedeniyle uygulamaya ge\u00e7irilemedi.<\/p>\n<p>&#13;<br \/>\n\tYeni anla\u015fman\u0131n \u00f6n\u00fcndeki ilk sorun da daha imzalar\u0131n at\u0131ld\u0131\u011f\u0131 g\u00fcn ortaya \u00e7\u0131kt\u0131.<\/p>\n<p>&#13;<br \/>\n\t4+4 Komitesi, Ulusal Y\u00fcksek Se\u00e7im Komisyonunun ba\u015fkanl\u0131\u011f\u0131na Dhaou \u0130brahim Atiyye\u2019nin getirilmesini \u00f6nerdi. Ba\u015fkanl\u0131k Konseyi Ba\u015fkan\u0131 Muhammed el-Menfi ise ayn\u0131 g\u00fcn ayr\u0131 bir kararname yay\u0131mlayarak mevcut komisyon ba\u015fkan\u0131 \u0130mad es-Sayih\u2019i yeniden g\u00f6revlendirdi.<\/p>\n<p>&#13;<br \/>\n\tMenfi\u2019nin karar\u0131, se\u00e7imleri y\u00f6netecek kurumun ba\u015f\u0131nda kimin bulunaca\u011f\u0131 ve 4+4 Komitesinin ald\u0131\u011f\u0131 kararlar\u0131n hangi makam taraf\u0131ndan y\u00fcr\u00fcrl\u00fc\u011fe konulaca\u011f\u0131 konusunda yeni bir tart\u0131\u015fma ba\u015flatt\u0131.<\/p>\n<p>&#13;<br \/>\n\tDevlet Y\u00fcksek Konseyi y\u00f6netimi de anla\u015fman\u0131n b\u00fct\u00fcn maddelerine ili\u015fkin yeterli bilgilendirme yap\u0131lmad\u0131\u011f\u0131n\u0131 belirterek s\u00fcrece itiraz etti. Konseyden iki \u00fcyenin 4+4 Komitesinde yer almas\u0131 ve metni imzalamas\u0131na ra\u011fmen kurum y\u00f6netiminin anla\u015fmaya kar\u015f\u0131 \u00e7\u0131kmas\u0131, temsilcilerin kararlar\u0131n\u0131n ilgili kurumlar\u0131 ne \u00f6l\u00e7\u00fcde ba\u011flayaca\u011f\u0131 sorusunu g\u00fcndeme getirdi.<\/p>\n<div class=\"image-content\"><img decoding=\"async\" alt=\"Libya Genelkurmay Ba\u015fkan Vekili Nemru\u015f ile Halid Hafter. Foto\u011fraf :AA\" src=\"https:\/\/www.trthaber.com\/dosyalar\/images\/AA-41960872.jpg\"\/><span class=\"image-spot\">[Libya Genelkurmay Ba\u015fkan Vekili Nemru\u015f ile Halid Hafter. Foto\u011fraf :AA]<\/span><\/div>\n<p>&#13;<br \/>\n\tAnla\u015fmada, Temsilciler Meclisi ile Devlet Y\u00fcksek Konseyinin metni bir ay i\u00e7erisinde onaylamamas\u0131 halinde daha geni\u015f bir ulusal mekanizmaya ba\u015fvurulaca\u011f\u0131 belirtiliyor. Ancak bu mekanizman\u0131n kimlerden olu\u015faca\u011f\u0131 ve kararlar\u0131n\u0131n Libya\u2019n\u0131n mevcut anayasal d\u00fczeninde nas\u0131l ba\u011flay\u0131c\u0131 hale getirilece\u011fi hen\u00fcz a\u00e7\u0131k de\u011fil.<\/p>\n<p>&#13;<br \/>\n\tBir di\u011fer \u00f6nemli mesele ise, se\u00e7imlere kadar \u00fclkeyi y\u00f6netecek birle\u015fik h\u00fck\u00fcmetin nas\u0131l kurulaca\u011f\u0131. Taraflar se\u00e7imlerin tek y\u00fcr\u00fctme organ\u0131 alt\u0131nda yap\u0131lmas\u0131nda uzla\u015ft\u0131 ancak h\u00fck\u00fcmetin kimlerden olu\u015faca\u011f\u0131, ba\u015fbakanl\u0131k g\u00f6revini kimin \u00fcstlenece\u011fi ve yetkilerin nas\u0131l payla\u015f\u0131laca\u011f\u0131 konusunda kesin bir model a\u00e7\u0131klanmad\u0131.<\/p>\n<p>&#13;<br \/>\n\tUluslararas\u0131 analizlerde de yeni bir ge\u00e7ici h\u00fck\u00fcmet kurulmas\u0131n\u0131n tek ba\u015f\u0131na \u00e7\u00f6z\u00fcm olmayaca\u011f\u0131na dikkat \u00e7ekiliyor. Zira Libya\u2019da ge\u00e7ici y\u00f6netimler, kal\u0131c\u0131 se\u00e7imlere ula\u015fmak i\u00e7in olu\u015fturulmas\u0131na ra\u011fmen zaman i\u00e7erisinde siyasi sistemin de\u011fi\u015fmez par\u00e7alar\u0131na d\u00f6n\u00fc\u015ft\u00fc.<\/p>\n<p>&#13;<br \/>\n\t\u00d6te yandan nisan ay\u0131nda do\u011fu ve bat\u0131daki kurumlar\u0131n 2013\u2019ten bu yana ilk kez yakla\u015f\u0131k 190 milyar Libya dinarl\u0131k ortak b\u00fct\u00e7ede uzla\u015fmas\u0131 \u00f6nemli bir geli\u015fmeydi. Ancak b\u00fct\u00e7enin sahada b\u00fct\u00fcn\u00fcyle uygulanamamas\u0131, Libya\u2019da anla\u015fmaya varmakla anla\u015fmay\u0131 hayata ge\u00e7irmek aras\u0131ndaki fark\u0131 bir kez daha ortaya koydu.<\/p>\n<p>&#13;<br \/>\n\tG\u00fcvenlik alan\u0131nda ise daha somut bir yak\u0131nla\u015fma ya\u015fan\u0131yor. Do\u011fu ve bat\u0131daki askeri yap\u0131lar\u0131n genelkurmay ba\u015fkanlar\u0131 temmuz ay\u0131nda Sirte\u2019de bir araya geldi. G\u00f6r\u00fc\u015fmede ortak askeri tatbikat d\u00fczenlenmesi, s\u0131n\u0131r g\u00fcvenli\u011finin birlikte sa\u011flanmas\u0131 ve askeri kurumlar\u0131n birle\u015ftirilmesi ele al\u0131nd\u0131.<\/p>\n<p>&#13;<br \/>\n\tBununla birlikte Libya\u2019n\u0131n bat\u0131s\u0131nda merkezi y\u00f6netime tam olarak ba\u011fl\u0131 olmayan \u00e7ok say\u0131da silahl\u0131 yap\u0131 bulunuyor. Do\u011fuda ise askeri g\u00fc\u00e7 b\u00fcy\u00fck \u00f6l\u00e7\u00fcde Hafter ailesinin kontrol\u00fc alt\u0131nda. Se\u00e7im g\u00fcvenli\u011finin \u00fclke genelinde sa\u011flanmas\u0131 ve sonu\u00e7lar\u0131n b\u00fct\u00fcn silahl\u0131 akt\u00f6rler taraf\u0131ndan kabul edilmesi i\u00e7in siyasi anla\u015fman\u0131n g\u00fcvenlik alan\u0131ndaki ad\u0131mlarla desteklenmesi gerekiyor.<\/p>\n<p>&#13;<br \/>\n\tYeni anla\u015fmay\u0131 \u00f6nceki giri\u015fimlerden ay\u0131ran en \u00f6nemli nokta, Trablus y\u00f6netimi ile Hafter\u2019e ba\u011fl\u0131 g\u00fc\u00e7lerin s\u00fcrece do\u011frudan kat\u0131lmas\u0131. Ge\u00e7mi\u015fte haz\u0131rlanan baz\u0131 se\u00e7im d\u00fczenlemeleri yasama organlar\u0131 aras\u0131nda kal\u0131rken, bu kez sahada askeri ve siyasi g\u00fcc\u00fc bulunan akt\u00f6rler de metne imza att\u0131.<\/p>\n<p>&#13;<br \/>\n\tDibeybe ve Hafter\u2019in anla\u015fmaya a\u00e7\u0131k destek vermesi, s\u00fcrecin uygulanma ihtimalini g\u00fc\u00e7lendiriyor. Ancak her iki taraf\u0131n da se\u00e7imler sonucunda mevcut yetkilerini kaybetme ihtimalini kabul edip etmeyece\u011fi, yol haritas\u0131n\u0131n en \u00f6nemli s\u0131nav\u0131 olacak.<\/p>\n<\/p><\/div>\n","protected":false},"excerpt":{"rendered":"<p>&#13; Afrika&#8217;n\u0131n petrol ve do\u011falgaz zengini \u00fclkesi Libya\u2019da do\u011fu ve bat\u0131 aras\u0131nda uzun s\u00fcredir devam eden siyasi b\u00f6l\u00fcnm\u00fc\u015fl\u00fc\u011f\u00fcn sona erdirilmesi i\u00e7in \u00f6nemli bir ad\u0131m at\u0131ld\u0131. \u00dclkenin \u00f6nemli siyasi ve askeri g\u00fc\u00e7 merkezlerinin temsil edildi\u011fi \u201c4+4\u201d K\u00fc\u00e7\u00fck Diyalog Komitesi, Libya\u2019y\u0131 24 ay i\u00e7inde cumhurba\u015fkanl\u0131\u011f\u0131 ve parlamento se\u00e7imlerine g\u00f6t\u00fcrmeyi ama\u00e7layan anla\u015fmay\u0131 imzalad\u0131. &#13; Peki anla\u015fmada hangi maddeler [&hellip;]<\/p>\n","protected":false},"author":1,"featured_media":46312,"comment_status":"open","ping_status":"open","sticky":false,"template":"","format":"standard","meta":{"jnews-multi-image_gallery":[],"jnews_single_post":[],"jnews_primary_category":[],"footnotes":""},"categories":[2],"tags":[],"class_list":["post-46311","post","type-post","status-publish","format-standard","has-post-thumbnail","hentry","category-dunya"],"yoast_head":"<!-- This site is optimized with the Yoast SEO plugin v28.3 - https:\/\/yoast.com\/product\/yoast-seo-wordpress\/ -->\n<title>Libya\u2019da &#039;birli\u011fe&#039; do\u011fru yol al\u0131n\u0131yor - Haber Kuzey<\/title>\n<meta name=\"robots\" content=\"index, follow, max-snippet:-1, max-image-preview:large, max-video-preview:-1\" \/>\n<link rel=\"canonical\" href=\"https:\/\/haberkuzey.com\/index.php\/2026\/08\/31\/libyada-birlige-dogru-yol-aliniyor\/\" \/>\n<meta property=\"og:locale\" content=\"tr_TR\" \/>\n<meta property=\"og:type\" content=\"article\" \/>\n<meta property=\"og:title\" content=\"Libya\u2019da &#039;birli\u011fe&#039; do\u011fru yol al\u0131n\u0131yor - Haber Kuzey\" \/>\n<meta property=\"og:description\" content=\"&#013; Afrika&#8217;n\u0131n petrol ve do\u011falgaz zengini \u00fclkesi Libya\u2019da do\u011fu ve bat\u0131 aras\u0131nda uzun s\u00fcredir devam eden siyasi b\u00f6l\u00fcnm\u00fc\u015fl\u00fc\u011f\u00fcn sona erdirilmesi i\u00e7in \u00f6nemli bir ad\u0131m at\u0131ld\u0131. \u00dclkenin \u00f6nemli siyasi ve askeri g\u00fc\u00e7 merkezlerinin temsil edildi\u011fi \u201c4+4\u201d K\u00fc\u00e7\u00fck Diyalog Komitesi, Libya\u2019y\u0131 24 ay i\u00e7inde cumhurba\u015fkanl\u0131\u011f\u0131 ve parlamento se\u00e7imlerine g\u00f6t\u00fcrmeyi ama\u00e7layan anla\u015fmay\u0131 imzalad\u0131. &#013; Peki anla\u015fmada hangi maddeler [&hellip;]\" \/>\n<meta property=\"og:url\" content=\"https:\/\/haberkuzey.com\/index.php\/2026\/08\/31\/libyada-birlige-dogru-yol-aliniyor\/\" \/>\n<meta property=\"og:site_name\" content=\"Haber Kuzey\" \/>\n<meta property=\"article:published_time\" content=\"2026-08-31T11:38:04+00:00\" \/>\n<meta property=\"og:image\" content=\"https:\/\/www.trthaber.com\/dosyalar\/images\/AA-37937195.jpg\" \/>\n<meta name=\"author\" content=\"haberkuzey\" \/>\n<meta name=\"twitter:card\" content=\"summary_large_image\" \/>\n<meta name=\"twitter:label1\" content=\"Yazan:\" \/>\n\t<meta name=\"twitter:data1\" content=\"haberkuzey\" \/>\n\t<meta name=\"twitter:label2\" content=\"Tahmini okuma s\u00fcresi\" \/>\n\t<meta name=\"twitter:data2\" content=\"9 dakika\" \/>\n<script type=\"application\/ld+json\" class=\"yoast-schema-graph\">{\"@context\":\"https:\\\/\\\/schema.org\",\"@graph\":[{\"@type\":\"Article\",\"@id\":\"https:\\\/\\\/haberkuzey.com\\\/index.php\\\/2026\\\/08\\\/31\\\/libyada-birlige-dogru-yol-aliniyor\\\/#article\",\"isPartOf\":{\"@id\":\"https:\\\/\\\/haberkuzey.com\\\/index.php\\\/2026\\\/08\\\/31\\\/libyada-birlige-dogru-yol-aliniyor\\\/\"},\"author\":{\"name\":\"haberkuzey\",\"@id\":\"https:\\\/\\\/haberkuzey.com\\\/#\\\/schema\\\/person\\\/3372109ec735f9333f4fa47ebb9605ca\"},\"headline\":\"Libya\u2019da &#8216;birli\u011fe&#8217; do\u011fru yol al\u0131n\u0131yor\",\"datePublished\":\"2026-08-31T11:38:04+00:00\",\"mainEntityOfPage\":{\"@id\":\"https:\\\/\\\/haberkuzey.com\\\/index.php\\\/2026\\\/08\\\/31\\\/libyada-birlige-dogru-yol-aliniyor\\\/\"},\"wordCount\":1807,\"commentCount\":0,\"image\":{\"@id\":\"https:\\\/\\\/haberkuzey.com\\\/index.php\\\/2026\\\/08\\\/31\\\/libyada-birlige-dogru-yol-aliniyor\\\/#primaryimage\"},\"thumbnailUrl\":\"https:\\\/\\\/haberkuzey.com\\\/wp-content\\\/uploads\\\/2026\\\/08\\\/libya-2486110.jpg\",\"articleSection\":[\"D\u00fcnya\"],\"inLanguage\":\"tr\",\"potentialAction\":[{\"@type\":\"CommentAction\",\"name\":\"Comment\",\"target\":[\"https:\\\/\\\/haberkuzey.com\\\/index.php\\\/2026\\\/08\\\/31\\\/libyada-birlige-dogru-yol-aliniyor\\\/#respond\"]}]},{\"@type\":\"WebPage\",\"@id\":\"https:\\\/\\\/haberkuzey.com\\\/index.php\\\/2026\\\/08\\\/31\\\/libyada-birlige-dogru-yol-aliniyor\\\/\",\"url\":\"https:\\\/\\\/haberkuzey.com\\\/index.php\\\/2026\\\/08\\\/31\\\/libyada-birlige-dogru-yol-aliniyor\\\/\",\"name\":\"Libya\u2019da 'birli\u011fe' do\u011fru yol al\u0131n\u0131yor - Haber Kuzey\",\"isPartOf\":{\"@id\":\"https:\\\/\\\/haberkuzey.com\\\/#website\"},\"primaryImageOfPage\":{\"@id\":\"https:\\\/\\\/haberkuzey.com\\\/index.php\\\/2026\\\/08\\\/31\\\/libyada-birlige-dogru-yol-aliniyor\\\/#primaryimage\"},\"image\":{\"@id\":\"https:\\\/\\\/haberkuzey.com\\\/index.php\\\/2026\\\/08\\\/31\\\/libyada-birlige-dogru-yol-aliniyor\\\/#primaryimage\"},\"thumbnailUrl\":\"https:\\\/\\\/haberkuzey.com\\\/wp-content\\\/uploads\\\/2026\\\/08\\\/libya-2486110.jpg\",\"datePublished\":\"2026-08-31T11:38:04+00:00\",\"author\":{\"@id\":\"https:\\\/\\\/haberkuzey.com\\\/#\\\/schema\\\/person\\\/3372109ec735f9333f4fa47ebb9605ca\"},\"breadcrumb\":{\"@id\":\"https:\\\/\\\/haberkuzey.com\\\/index.php\\\/2026\\\/08\\\/31\\\/libyada-birlige-dogru-yol-aliniyor\\\/#breadcrumb\"},\"inLanguage\":\"tr\",\"potentialAction\":[{\"@type\":\"ReadAction\",\"target\":[\"https:\\\/\\\/haberkuzey.com\\\/index.php\\\/2026\\\/08\\\/31\\\/libyada-birlige-dogru-yol-aliniyor\\\/\"]}]},{\"@type\":\"ImageObject\",\"inLanguage\":\"tr\",\"@id\":\"https:\\\/\\\/haberkuzey.com\\\/index.php\\\/2026\\\/08\\\/31\\\/libyada-birlige-dogru-yol-aliniyor\\\/#primaryimage\",\"url\":\"https:\\\/\\\/haberkuzey.com\\\/wp-content\\\/uploads\\\/2026\\\/08\\\/libya-2486110.jpg\",\"contentUrl\":\"https:\\\/\\\/haberkuzey.com\\\/wp-content\\\/uploads\\\/2026\\\/08\\\/libya-2486110.jpg\",\"width\":1280,\"height\":720},{\"@type\":\"BreadcrumbList\",\"@id\":\"https:\\\/\\\/haberkuzey.com\\\/index.php\\\/2026\\\/08\\\/31\\\/libyada-birlige-dogru-yol-aliniyor\\\/#breadcrumb\",\"itemListElement\":[{\"@type\":\"ListItem\",\"position\":1,\"name\":\"Anasayfa\",\"item\":\"https:\\\/\\\/haberkuzey.com\\\/\"},{\"@type\":\"ListItem\",\"position\":2,\"name\":\"Libya\u2019da &#8216;birli\u011fe&#8217; do\u011fru yol al\u0131n\u0131yor\"}]},{\"@type\":\"WebSite\",\"@id\":\"https:\\\/\\\/haberkuzey.com\\\/#website\",\"url\":\"https:\\\/\\\/haberkuzey.com\\\/\",\"name\":\"Haber Kuzey\",\"description\":\"Do\u011fru Haberin Adresi\",\"potentialAction\":[{\"@type\":\"SearchAction\",\"target\":{\"@type\":\"EntryPoint\",\"urlTemplate\":\"https:\\\/\\\/haberkuzey.com\\\/?s={search_term_string}\"},\"query-input\":{\"@type\":\"PropertyValueSpecification\",\"valueRequired\":true,\"valueName\":\"search_term_string\"}}],\"inLanguage\":\"tr\"},{\"@type\":\"Person\",\"@id\":\"https:\\\/\\\/haberkuzey.com\\\/#\\\/schema\\\/person\\\/3372109ec735f9333f4fa47ebb9605ca\",\"name\":\"haberkuzey\",\"image\":{\"@type\":\"ImageObject\",\"inLanguage\":\"tr\",\"@id\":\"https:\\\/\\\/secure.gravatar.com\\\/avatar\\\/f5fc875574b1575324358c3b9e6a32b8227aa5b74f3fa22e3cadb63e26fcc39c?s=96&d=mm&r=g\",\"url\":\"https:\\\/\\\/secure.gravatar.com\\\/avatar\\\/f5fc875574b1575324358c3b9e6a32b8227aa5b74f3fa22e3cadb63e26fcc39c?s=96&d=mm&r=g\",\"contentUrl\":\"https:\\\/\\\/secure.gravatar.com\\\/avatar\\\/f5fc875574b1575324358c3b9e6a32b8227aa5b74f3fa22e3cadb63e26fcc39c?s=96&d=mm&r=g\",\"caption\":\"haberkuzey\"},\"sameAs\":[\"https:\\\/\\\/haberkuzey.com\"],\"url\":\"https:\\\/\\\/haberkuzey.com\\\/index.php\\\/author\\\/haberkuzey\\\/\"}]}<\/script>\n<!-- \/ Yoast SEO plugin. -->","yoast_head_json":{"title":"Libya\u2019da 'birli\u011fe' do\u011fru yol al\u0131n\u0131yor - Haber Kuzey","robots":{"index":"index","follow":"follow","max-snippet":"max-snippet:-1","max-image-preview":"max-image-preview:large","max-video-preview":"max-video-preview:-1"},"canonical":"https:\/\/haberkuzey.com\/index.php\/2026\/08\/31\/libyada-birlige-dogru-yol-aliniyor\/","og_locale":"tr_TR","og_type":"article","og_title":"Libya\u2019da 'birli\u011fe' do\u011fru yol al\u0131n\u0131yor - Haber Kuzey","og_description":"&#13; Afrika&#8217;n\u0131n petrol ve do\u011falgaz zengini \u00fclkesi Libya\u2019da do\u011fu ve bat\u0131 aras\u0131nda uzun s\u00fcredir devam eden siyasi b\u00f6l\u00fcnm\u00fc\u015fl\u00fc\u011f\u00fcn sona erdirilmesi i\u00e7in \u00f6nemli bir ad\u0131m at\u0131ld\u0131. \u00dclkenin \u00f6nemli siyasi ve askeri g\u00fc\u00e7 merkezlerinin temsil edildi\u011fi \u201c4+4\u201d K\u00fc\u00e7\u00fck Diyalog Komitesi, Libya\u2019y\u0131 24 ay i\u00e7inde cumhurba\u015fkanl\u0131\u011f\u0131 ve parlamento se\u00e7imlerine g\u00f6t\u00fcrmeyi ama\u00e7layan anla\u015fmay\u0131 imzalad\u0131. &#13; Peki anla\u015fmada hangi maddeler [&hellip;]","og_url":"https:\/\/haberkuzey.com\/index.php\/2026\/08\/31\/libyada-birlige-dogru-yol-aliniyor\/","og_site_name":"Haber Kuzey","article_published_time":"2026-08-31T11:38:04+00:00","og_image":[{"url":"https:\/\/www.trthaber.com\/dosyalar\/images\/AA-37937195.jpg","type":"","width":"","height":""}],"author":"haberkuzey","twitter_card":"summary_large_image","twitter_misc":{"Yazan:":"haberkuzey","Tahmini okuma s\u00fcresi":"9 dakika"},"schema":{"@context":"https:\/\/schema.org","@graph":[{"@type":"Article","@id":"https:\/\/haberkuzey.com\/index.php\/2026\/08\/31\/libyada-birlige-dogru-yol-aliniyor\/#article","isPartOf":{"@id":"https:\/\/haberkuzey.com\/index.php\/2026\/08\/31\/libyada-birlige-dogru-yol-aliniyor\/"},"author":{"name":"haberkuzey","@id":"https:\/\/haberkuzey.com\/#\/schema\/person\/3372109ec735f9333f4fa47ebb9605ca"},"headline":"Libya\u2019da &#8216;birli\u011fe&#8217; do\u011fru yol al\u0131n\u0131yor","datePublished":"2026-08-31T11:38:04+00:00","mainEntityOfPage":{"@id":"https:\/\/haberkuzey.com\/index.php\/2026\/08\/31\/libyada-birlige-dogru-yol-aliniyor\/"},"wordCount":1807,"commentCount":0,"image":{"@id":"https:\/\/haberkuzey.com\/index.php\/2026\/08\/31\/libyada-birlige-dogru-yol-aliniyor\/#primaryimage"},"thumbnailUrl":"https:\/\/haberkuzey.com\/wp-content\/uploads\/2026\/08\/libya-2486110.jpg","articleSection":["D\u00fcnya"],"inLanguage":"tr","potentialAction":[{"@type":"CommentAction","name":"Comment","target":["https:\/\/haberkuzey.com\/index.php\/2026\/08\/31\/libyada-birlige-dogru-yol-aliniyor\/#respond"]}]},{"@type":"WebPage","@id":"https:\/\/haberkuzey.com\/index.php\/2026\/08\/31\/libyada-birlige-dogru-yol-aliniyor\/","url":"https:\/\/haberkuzey.com\/index.php\/2026\/08\/31\/libyada-birlige-dogru-yol-aliniyor\/","name":"Libya\u2019da 'birli\u011fe' do\u011fru yol al\u0131n\u0131yor - Haber Kuzey","isPartOf":{"@id":"https:\/\/haberkuzey.com\/#website"},"primaryImageOfPage":{"@id":"https:\/\/haberkuzey.com\/index.php\/2026\/08\/31\/libyada-birlige-dogru-yol-aliniyor\/#primaryimage"},"image":{"@id":"https:\/\/haberkuzey.com\/index.php\/2026\/08\/31\/libyada-birlige-dogru-yol-aliniyor\/#primaryimage"},"thumbnailUrl":"https:\/\/haberkuzey.com\/wp-content\/uploads\/2026\/08\/libya-2486110.jpg","datePublished":"2026-08-31T11:38:04+00:00","author":{"@id":"https:\/\/haberkuzey.com\/#\/schema\/person\/3372109ec735f9333f4fa47ebb9605ca"},"breadcrumb":{"@id":"https:\/\/haberkuzey.com\/index.php\/2026\/08\/31\/libyada-birlige-dogru-yol-aliniyor\/#breadcrumb"},"inLanguage":"tr","potentialAction":[{"@type":"ReadAction","target":["https:\/\/haberkuzey.com\/index.php\/2026\/08\/31\/libyada-birlige-dogru-yol-aliniyor\/"]}]},{"@type":"ImageObject","inLanguage":"tr","@id":"https:\/\/haberkuzey.com\/index.php\/2026\/08\/31\/libyada-birlige-dogru-yol-aliniyor\/#primaryimage","url":"https:\/\/haberkuzey.com\/wp-content\/uploads\/2026\/08\/libya-2486110.jpg","contentUrl":"https:\/\/haberkuzey.com\/wp-content\/uploads\/2026\/08\/libya-2486110.jpg","width":1280,"height":720},{"@type":"BreadcrumbList","@id":"https:\/\/haberkuzey.com\/index.php\/2026\/08\/31\/libyada-birlige-dogru-yol-aliniyor\/#breadcrumb","itemListElement":[{"@type":"ListItem","position":1,"name":"Anasayfa","item":"https:\/\/haberkuzey.com\/"},{"@type":"ListItem","position":2,"name":"Libya\u2019da &#8216;birli\u011fe&#8217; do\u011fru yol al\u0131n\u0131yor"}]},{"@type":"WebSite","@id":"https:\/\/haberkuzey.com\/#website","url":"https:\/\/haberkuzey.com\/","name":"Haber Kuzey","description":"Do\u011fru Haberin Adresi","potentialAction":[{"@type":"SearchAction","target":{"@type":"EntryPoint","urlTemplate":"https:\/\/haberkuzey.com\/?s={search_term_string}"},"query-input":{"@type":"PropertyValueSpecification","valueRequired":true,"valueName":"search_term_string"}}],"inLanguage":"tr"},{"@type":"Person","@id":"https:\/\/haberkuzey.com\/#\/schema\/person\/3372109ec735f9333f4fa47ebb9605ca","name":"haberkuzey","image":{"@type":"ImageObject","inLanguage":"tr","@id":"https:\/\/secure.gravatar.com\/avatar\/f5fc875574b1575324358c3b9e6a32b8227aa5b74f3fa22e3cadb63e26fcc39c?s=96&d=mm&r=g","url":"https:\/\/secure.gravatar.com\/avatar\/f5fc875574b1575324358c3b9e6a32b8227aa5b74f3fa22e3cadb63e26fcc39c?s=96&d=mm&r=g","contentUrl":"https:\/\/secure.gravatar.com\/avatar\/f5fc875574b1575324358c3b9e6a32b8227aa5b74f3fa22e3cadb63e26fcc39c?s=96&d=mm&r=g","caption":"haberkuzey"},"sameAs":["https:\/\/haberkuzey.com"],"url":"https:\/\/haberkuzey.com\/index.php\/author\/haberkuzey\/"}]}},"_links":{"self":[{"href":"https:\/\/haberkuzey.com\/index.php\/wp-json\/wp\/v2\/posts\/46311","targetHints":{"allow":["GET"]}}],"collection":[{"href":"https:\/\/haberkuzey.com\/index.php\/wp-json\/wp\/v2\/posts"}],"about":[{"href":"https:\/\/haberkuzey.com\/index.php\/wp-json\/wp\/v2\/types\/post"}],"author":[{"embeddable":true,"href":"https:\/\/haberkuzey.com\/index.php\/wp-json\/wp\/v2\/users\/1"}],"replies":[{"embeddable":true,"href":"https:\/\/haberkuzey.com\/index.php\/wp-json\/wp\/v2\/comments?post=46311"}],"version-history":[{"count":0,"href":"https:\/\/haberkuzey.com\/index.php\/wp-json\/wp\/v2\/posts\/46311\/revisions"}],"wp:featuredmedia":[{"embeddable":true,"href":"https:\/\/haberkuzey.com\/index.php\/wp-json\/wp\/v2\/media\/46312"}],"wp:attachment":[{"href":"https:\/\/haberkuzey.com\/index.php\/wp-json\/wp\/v2\/media?parent=46311"}],"wp:term":[{"taxonomy":"category","embeddable":true,"href":"https:\/\/haberkuzey.com\/index.php\/wp-json\/wp\/v2\/categories?post=46311"},{"taxonomy":"post_tag","embeddable":true,"href":"https:\/\/haberkuzey.com\/index.php\/wp-json\/wp\/v2\/tags?post=46311"}],"curies":[{"name":"wp","href":"https:\/\/api.w.org\/{rel}","templated":true}]}}