{"id":46309,"date":"2026-08-31T13:37:04","date_gmt":"2026-08-31T10:37:04","guid":{"rendered":"https:\/\/haberkuzey.com\/index.php\/2026\/08\/31\/libyanin-batisindaki-kentlerde-genel-elektrik-kesintisi-yasandi\/"},"modified":"2026-08-31T13:37:04","modified_gmt":"2026-08-31T10:37:04","slug":"libyanin-batisindaki-kentlerde-genel-elektrik-kesintisi-yasandi","status":"publish","type":"post","link":"https:\/\/haberkuzey.com\/index.php\/2026\/08\/31\/libyanin-batisindaki-kentlerde-genel-elektrik-kesintisi-yasandi\/","title":{"rendered":"Libya\u2019n\u0131n bat\u0131s\u0131ndaki kentlerde genel elektrik kesintisi ya\u015fand\u0131"},"content":{"rendered":"<p><\/p>\n<div>\n<p>&#13;<br \/>\n\tLibya Genel Elektrik \u015eirketinden yap\u0131lan a\u00e7\u0131klamada, kesintinin Misrata ve Humus ile Bi\u2019r el-Ganem ve Ruveys hatlar\u0131ndaki devre kesicilerin ani ar\u0131zas\u0131 nedeniyle ger\u00e7ekle\u015fti\u011fi duyuruldu.<\/p>\n<p>&#13;<br \/>\n\tKesintinin d\u0131\u015far\u0131dan m\u00fcdahaleyle ger\u00e7ekle\u015fmi\u015f olabilece\u011fi kaydedilen a\u00e7\u0131klamada teknik ekiplerin sorunu gidermek i\u00e7in \u00e7al\u0131\u015fmalar\u0131n\u0131 s\u00fcrd\u00fcrd\u00fckleri bildirildi.<\/p>\n<p>&#13;<br \/>\n\tOlayla ilgili ba\u015flat\u0131lan teknik soru\u015fturman\u0131n sonu\u00e7lar\u0131n\u0131n kamuoyuyla payla\u015f\u0131laca\u011f\u0131, ihmalin tespiti halinde sorumlular hakk\u0131nda gerekli tedbirlerin al\u0131naca\u011f\u0131 belirtildi.<\/p>\n<p>&#13;<br \/>\n\tLibya genelinde yakla\u015f\u0131k 3 ayd\u0131r g\u00fcnl\u00fck 4 ila 10 saat s\u00fcren elektrik kesintileri ya\u015fan\u0131yor.<\/p>\n<p>&#13;<br \/>\n\t\u00dclkede son d\u00f6nemde elektrik santrallerine ve petrol tesislerine y\u00f6nelik sabotajlar d\u00fczenleniyor.<\/p>\n<p>&#13;<br \/>\n\tZaviye kentinde a\u011fustos ay\u0131n\u0131n ba\u015flar\u0131nda elektrik santraline silahl\u0131 gruplar kamikaze insans\u0131z hava arac\u0131yla (\u0130HA) sald\u0131r\u0131 d\u00fczenlemi\u015f ve enerji tesisi tamamen yanarak hizmet d\u0131\u015f\u0131 kalm\u0131\u015ft\u0131.<\/p>\n<\/p><\/div>\n","protected":false},"excerpt":{"rendered":"<p>&#13; Libya Genel Elektrik \u015eirketinden yap\u0131lan a\u00e7\u0131klamada, kesintinin Misrata ve Humus ile Bi\u2019r el-Ganem ve Ruveys hatlar\u0131ndaki devre kesicilerin ani ar\u0131zas\u0131 nedeniyle ger\u00e7ekle\u015fti\u011fi duyuruldu. &#13; Kesintinin d\u0131\u015far\u0131dan m\u00fcdahaleyle ger\u00e7ekle\u015fmi\u015f olabilece\u011fi kaydedilen a\u00e7\u0131klamada teknik ekiplerin sorunu gidermek i\u00e7in \u00e7al\u0131\u015fmalar\u0131n\u0131 s\u00fcrd\u00fcrd\u00fckleri bildirildi. &#13; Olayla ilgili ba\u015flat\u0131lan teknik soru\u015fturman\u0131n sonu\u00e7lar\u0131n\u0131n kamuoyuyla payla\u015f\u0131laca\u011f\u0131, ihmalin tespiti halinde sorumlular hakk\u0131nda gerekli [&hellip;]<\/p>\n","protected":false},"author":1,"featured_media":46310,"comment_status":"open","ping_status":"open","sticky":false,"template":"","format":"standard","meta":{"jnews-multi-image_gallery":[],"jnews_single_post":[],"jnews_primary_category":[],"footnotes":""},"categories":[2],"tags":[],"class_list":["post-46309","post","type-post","status-publish","format-standard","has-post-thumbnail","hentry","category-dunya"],"yoast_head":"<!-- This site is optimized with the Yoast SEO plugin v28.3 - https:\/\/yoast.com\/product\/yoast-seo-wordpress\/ -->\n<title>Libya\u2019n\u0131n bat\u0131s\u0131ndaki kentlerde genel elektrik kesintisi ya\u015fand\u0131 - Haber Kuzey<\/title>\n<meta name=\"robots\" content=\"index, follow, max-snippet:-1, max-image-preview:large, max-video-preview:-1\" \/>\n<link rel=\"canonical\" href=\"https:\/\/haberkuzey.com\/index.php\/2026\/08\/31\/libyanin-batisindaki-kentlerde-genel-elektrik-kesintisi-yasandi\/\" \/>\n<meta property=\"og:locale\" content=\"tr_TR\" \/>\n<meta property=\"og:type\" content=\"article\" \/>\n<meta property=\"og:title\" content=\"Libya\u2019n\u0131n bat\u0131s\u0131ndaki kentlerde genel elektrik kesintisi ya\u015fand\u0131 - Haber Kuzey\" \/>\n<meta property=\"og:description\" content=\"&#013; Libya Genel Elektrik \u015eirketinden yap\u0131lan a\u00e7\u0131klamada, kesintinin Misrata ve Humus ile Bi\u2019r el-Ganem ve Ruveys hatlar\u0131ndaki devre kesicilerin ani ar\u0131zas\u0131 nedeniyle ger\u00e7ekle\u015fti\u011fi duyuruldu. &#013; Kesintinin d\u0131\u015far\u0131dan m\u00fcdahaleyle ger\u00e7ekle\u015fmi\u015f olabilece\u011fi kaydedilen a\u00e7\u0131klamada teknik ekiplerin sorunu gidermek i\u00e7in \u00e7al\u0131\u015fmalar\u0131n\u0131 s\u00fcrd\u00fcrd\u00fckleri bildirildi. &#013; Olayla ilgili ba\u015flat\u0131lan teknik soru\u015fturman\u0131n sonu\u00e7lar\u0131n\u0131n kamuoyuyla payla\u015f\u0131laca\u011f\u0131, ihmalin tespiti halinde sorumlular hakk\u0131nda gerekli [&hellip;]\" \/>\n<meta property=\"og:url\" content=\"https:\/\/haberkuzey.com\/index.php\/2026\/08\/31\/libyanin-batisindaki-kentlerde-genel-elektrik-kesintisi-yasandi\/\" \/>\n<meta property=\"og:site_name\" content=\"Haber Kuzey\" \/>\n<meta property=\"article:published_time\" content=\"2026-08-31T10:37:04+00:00\" \/>\n<meta property=\"og:image\" content=\"https:\/\/trthaberstatic.cdn.wp.trt.com.tr\/resimler\/2252000\/elektrik-teli-aa-2253882.jpg\" \/>\n<meta name=\"author\" content=\"haberkuzey\" \/>\n<meta name=\"twitter:card\" content=\"summary_large_image\" \/>\n<meta name=\"twitter:label1\" content=\"Yazan:\" \/>\n\t<meta name=\"twitter:data1\" content=\"haberkuzey\" \/>\n\t<meta name=\"twitter:label2\" content=\"Tahmini okuma s\u00fcresi\" \/>\n\t<meta name=\"twitter:data2\" content=\"1 dakika\" \/>\n<script type=\"application\/ld+json\" class=\"yoast-schema-graph\">{\"@context\":\"https:\\\/\\\/schema.org\",\"@graph\":[{\"@type\":\"Article\",\"@id\":\"https:\\\/\\\/haberkuzey.com\\\/index.php\\\/2026\\\/08\\\/31\\\/libyanin-batisindaki-kentlerde-genel-elektrik-kesintisi-yasandi\\\/#article\",\"isPartOf\":{\"@id\":\"https:\\\/\\\/haberkuzey.com\\\/index.php\\\/2026\\\/08\\\/31\\\/libyanin-batisindaki-kentlerde-genel-elektrik-kesintisi-yasandi\\\/\"},\"author\":{\"name\":\"haberkuzey\",\"@id\":\"https:\\\/\\\/haberkuzey.com\\\/#\\\/schema\\\/person\\\/3372109ec735f9333f4fa47ebb9605ca\"},\"headline\":\"Libya\u2019n\u0131n bat\u0131s\u0131ndaki kentlerde genel elektrik kesintisi ya\u015fand\u0131\",\"datePublished\":\"2026-08-31T10:37:04+00:00\",\"mainEntityOfPage\":{\"@id\":\"https:\\\/\\\/haberkuzey.com\\\/index.php\\\/2026\\\/08\\\/31\\\/libyanin-batisindaki-kentlerde-genel-elektrik-kesintisi-yasandi\\\/\"},\"wordCount\":164,\"commentCount\":0,\"image\":{\"@id\":\"https:\\\/\\\/haberkuzey.com\\\/index.php\\\/2026\\\/08\\\/31\\\/libyanin-batisindaki-kentlerde-genel-elektrik-kesintisi-yasandi\\\/#primaryimage\"},\"thumbnailUrl\":\"https:\\\/\\\/haberkuzey.com\\\/wp-content\\\/uploads\\\/2026\\\/08\\\/elektrik-teli-aa-2253882.jpg\",\"articleSection\":[\"D\u00fcnya\"],\"inLanguage\":\"tr\",\"potentialAction\":[{\"@type\":\"CommentAction\",\"name\":\"Comment\",\"target\":[\"https:\\\/\\\/haberkuzey.com\\\/index.php\\\/2026\\\/08\\\/31\\\/libyanin-batisindaki-kentlerde-genel-elektrik-kesintisi-yasandi\\\/#respond\"]}]},{\"@type\":\"WebPage\",\"@id\":\"https:\\\/\\\/haberkuzey.com\\\/index.php\\\/2026\\\/08\\\/31\\\/libyanin-batisindaki-kentlerde-genel-elektrik-kesintisi-yasandi\\\/\",\"url\":\"https:\\\/\\\/haberkuzey.com\\\/index.php\\\/2026\\\/08\\\/31\\\/libyanin-batisindaki-kentlerde-genel-elektrik-kesintisi-yasandi\\\/\",\"name\":\"Libya\u2019n\u0131n bat\u0131s\u0131ndaki kentlerde genel elektrik kesintisi ya\u015fand\u0131 - Haber Kuzey\",\"isPartOf\":{\"@id\":\"https:\\\/\\\/haberkuzey.com\\\/#website\"},\"primaryImageOfPage\":{\"@id\":\"https:\\\/\\\/haberkuzey.com\\\/index.php\\\/2026\\\/08\\\/31\\\/libyanin-batisindaki-kentlerde-genel-elektrik-kesintisi-yasandi\\\/#primaryimage\"},\"image\":{\"@id\":\"https:\\\/\\\/haberkuzey.com\\\/index.php\\\/2026\\\/08\\\/31\\\/libyanin-batisindaki-kentlerde-genel-elektrik-kesintisi-yasandi\\\/#primaryimage\"},\"thumbnailUrl\":\"https:\\\/\\\/haberkuzey.com\\\/wp-content\\\/uploads\\\/2026\\\/08\\\/elektrik-teli-aa-2253882.jpg\",\"datePublished\":\"2026-08-31T10:37:04+00:00\",\"author\":{\"@id\":\"https:\\\/\\\/haberkuzey.com\\\/#\\\/schema\\\/person\\\/3372109ec735f9333f4fa47ebb9605ca\"},\"breadcrumb\":{\"@id\":\"https:\\\/\\\/haberkuzey.com\\\/index.php\\\/2026\\\/08\\\/31\\\/libyanin-batisindaki-kentlerde-genel-elektrik-kesintisi-yasandi\\\/#breadcrumb\"},\"inLanguage\":\"tr\",\"potentialAction\":[{\"@type\":\"ReadAction\",\"target\":[\"https:\\\/\\\/haberkuzey.com\\\/index.php\\\/2026\\\/08\\\/31\\\/libyanin-batisindaki-kentlerde-genel-elektrik-kesintisi-yasandi\\\/\"]}]},{\"@type\":\"ImageObject\",\"inLanguage\":\"tr\",\"@id\":\"https:\\\/\\\/haberkuzey.com\\\/index.php\\\/2026\\\/08\\\/31\\\/libyanin-batisindaki-kentlerde-genel-elektrik-kesintisi-yasandi\\\/#primaryimage\",\"url\":\"https:\\\/\\\/haberkuzey.com\\\/wp-content\\\/uploads\\\/2026\\\/08\\\/elektrik-teli-aa-2253882.jpg\",\"contentUrl\":\"https:\\\/\\\/haberkuzey.com\\\/wp-content\\\/uploads\\\/2026\\\/08\\\/elektrik-teli-aa-2253882.jpg\",\"width\":1280,\"height\":720},{\"@type\":\"BreadcrumbList\",\"@id\":\"https:\\\/\\\/haberkuzey.com\\\/index.php\\\/2026\\\/08\\\/31\\\/libyanin-batisindaki-kentlerde-genel-elektrik-kesintisi-yasandi\\\/#breadcrumb\",\"itemListElement\":[{\"@type\":\"ListItem\",\"position\":1,\"name\":\"Anasayfa\",\"item\":\"https:\\\/\\\/haberkuzey.com\\\/\"},{\"@type\":\"ListItem\",\"position\":2,\"name\":\"Libya\u2019n\u0131n bat\u0131s\u0131ndaki kentlerde genel elektrik kesintisi ya\u015fand\u0131\"}]},{\"@type\":\"WebSite\",\"@id\":\"https:\\\/\\\/haberkuzey.com\\\/#website\",\"url\":\"https:\\\/\\\/haberkuzey.com\\\/\",\"name\":\"Haber Kuzey\",\"description\":\"Do\u011fru Haberin Adresi\",\"potentialAction\":[{\"@type\":\"SearchAction\",\"target\":{\"@type\":\"EntryPoint\",\"urlTemplate\":\"https:\\\/\\\/haberkuzey.com\\\/?s={search_term_string}\"},\"query-input\":{\"@type\":\"PropertyValueSpecification\",\"valueRequired\":true,\"valueName\":\"search_term_string\"}}],\"inLanguage\":\"tr\"},{\"@type\":\"Person\",\"@id\":\"https:\\\/\\\/haberkuzey.com\\\/#\\\/schema\\\/person\\\/3372109ec735f9333f4fa47ebb9605ca\",\"name\":\"haberkuzey\",\"image\":{\"@type\":\"ImageObject\",\"inLanguage\":\"tr\",\"@id\":\"https:\\\/\\\/secure.gravatar.com\\\/avatar\\\/f5fc875574b1575324358c3b9e6a32b8227aa5b74f3fa22e3cadb63e26fcc39c?s=96&d=mm&r=g\",\"url\":\"https:\\\/\\\/secure.gravatar.com\\\/avatar\\\/f5fc875574b1575324358c3b9e6a32b8227aa5b74f3fa22e3cadb63e26fcc39c?s=96&d=mm&r=g\",\"contentUrl\":\"https:\\\/\\\/secure.gravatar.com\\\/avatar\\\/f5fc875574b1575324358c3b9e6a32b8227aa5b74f3fa22e3cadb63e26fcc39c?s=96&d=mm&r=g\",\"caption\":\"haberkuzey\"},\"sameAs\":[\"https:\\\/\\\/haberkuzey.com\"],\"url\":\"https:\\\/\\\/haberkuzey.com\\\/index.php\\\/author\\\/haberkuzey\\\/\"}]}<\/script>\n<!-- \/ Yoast SEO plugin. -->","yoast_head_json":{"title":"Libya\u2019n\u0131n bat\u0131s\u0131ndaki kentlerde genel elektrik kesintisi ya\u015fand\u0131 - Haber Kuzey","robots":{"index":"index","follow":"follow","max-snippet":"max-snippet:-1","max-image-preview":"max-image-preview:large","max-video-preview":"max-video-preview:-1"},"canonical":"https:\/\/haberkuzey.com\/index.php\/2026\/08\/31\/libyanin-batisindaki-kentlerde-genel-elektrik-kesintisi-yasandi\/","og_locale":"tr_TR","og_type":"article","og_title":"Libya\u2019n\u0131n bat\u0131s\u0131ndaki kentlerde genel elektrik kesintisi ya\u015fand\u0131 - Haber Kuzey","og_description":"&#13; Libya Genel Elektrik \u015eirketinden yap\u0131lan a\u00e7\u0131klamada, kesintinin Misrata ve Humus ile Bi\u2019r el-Ganem ve Ruveys hatlar\u0131ndaki devre kesicilerin ani ar\u0131zas\u0131 nedeniyle ger\u00e7ekle\u015fti\u011fi duyuruldu. &#13; Kesintinin d\u0131\u015far\u0131dan m\u00fcdahaleyle ger\u00e7ekle\u015fmi\u015f olabilece\u011fi kaydedilen a\u00e7\u0131klamada teknik ekiplerin sorunu gidermek i\u00e7in \u00e7al\u0131\u015fmalar\u0131n\u0131 s\u00fcrd\u00fcrd\u00fckleri bildirildi. &#13; Olayla ilgili ba\u015flat\u0131lan teknik soru\u015fturman\u0131n sonu\u00e7lar\u0131n\u0131n kamuoyuyla payla\u015f\u0131laca\u011f\u0131, ihmalin tespiti halinde sorumlular hakk\u0131nda gerekli [&hellip;]","og_url":"https:\/\/haberkuzey.com\/index.php\/2026\/08\/31\/libyanin-batisindaki-kentlerde-genel-elektrik-kesintisi-yasandi\/","og_site_name":"Haber Kuzey","article_published_time":"2026-08-31T10:37:04+00:00","og_image":[{"url":"https:\/\/trthaberstatic.cdn.wp.trt.com.tr\/resimler\/2252000\/elektrik-teli-aa-2253882.jpg","type":"","width":"","height":""}],"author":"haberkuzey","twitter_card":"summary_large_image","twitter_misc":{"Yazan:":"haberkuzey","Tahmini okuma s\u00fcresi":"1 dakika"},"schema":{"@context":"https:\/\/schema.org","@graph":[{"@type":"Article","@id":"https:\/\/haberkuzey.com\/index.php\/2026\/08\/31\/libyanin-batisindaki-kentlerde-genel-elektrik-kesintisi-yasandi\/#article","isPartOf":{"@id":"https:\/\/haberkuzey.com\/index.php\/2026\/08\/31\/libyanin-batisindaki-kentlerde-genel-elektrik-kesintisi-yasandi\/"},"author":{"name":"haberkuzey","@id":"https:\/\/haberkuzey.com\/#\/schema\/person\/3372109ec735f9333f4fa47ebb9605ca"},"headline":"Libya\u2019n\u0131n bat\u0131s\u0131ndaki kentlerde genel elektrik kesintisi ya\u015fand\u0131","datePublished":"2026-08-31T10:37:04+00:00","mainEntityOfPage":{"@id":"https:\/\/haberkuzey.com\/index.php\/2026\/08\/31\/libyanin-batisindaki-kentlerde-genel-elektrik-kesintisi-yasandi\/"},"wordCount":164,"commentCount":0,"image":{"@id":"https:\/\/haberkuzey.com\/index.php\/2026\/08\/31\/libyanin-batisindaki-kentlerde-genel-elektrik-kesintisi-yasandi\/#primaryimage"},"thumbnailUrl":"https:\/\/haberkuzey.com\/wp-content\/uploads\/2026\/08\/elektrik-teli-aa-2253882.jpg","articleSection":["D\u00fcnya"],"inLanguage":"tr","potentialAction":[{"@type":"CommentAction","name":"Comment","target":["https:\/\/haberkuzey.com\/index.php\/2026\/08\/31\/libyanin-batisindaki-kentlerde-genel-elektrik-kesintisi-yasandi\/#respond"]}]},{"@type":"WebPage","@id":"https:\/\/haberkuzey.com\/index.php\/2026\/08\/31\/libyanin-batisindaki-kentlerde-genel-elektrik-kesintisi-yasandi\/","url":"https:\/\/haberkuzey.com\/index.php\/2026\/08\/31\/libyanin-batisindaki-kentlerde-genel-elektrik-kesintisi-yasandi\/","name":"Libya\u2019n\u0131n bat\u0131s\u0131ndaki kentlerde genel elektrik kesintisi ya\u015fand\u0131 - Haber Kuzey","isPartOf":{"@id":"https:\/\/haberkuzey.com\/#website"},"primaryImageOfPage":{"@id":"https:\/\/haberkuzey.com\/index.php\/2026\/08\/31\/libyanin-batisindaki-kentlerde-genel-elektrik-kesintisi-yasandi\/#primaryimage"},"image":{"@id":"https:\/\/haberkuzey.com\/index.php\/2026\/08\/31\/libyanin-batisindaki-kentlerde-genel-elektrik-kesintisi-yasandi\/#primaryimage"},"thumbnailUrl":"https:\/\/haberkuzey.com\/wp-content\/uploads\/2026\/08\/elektrik-teli-aa-2253882.jpg","datePublished":"2026-08-31T10:37:04+00:00","author":{"@id":"https:\/\/haberkuzey.com\/#\/schema\/person\/3372109ec735f9333f4fa47ebb9605ca"},"breadcrumb":{"@id":"https:\/\/haberkuzey.com\/index.php\/2026\/08\/31\/libyanin-batisindaki-kentlerde-genel-elektrik-kesintisi-yasandi\/#breadcrumb"},"inLanguage":"tr","potentialAction":[{"@type":"ReadAction","target":["https:\/\/haberkuzey.com\/index.php\/2026\/08\/31\/libyanin-batisindaki-kentlerde-genel-elektrik-kesintisi-yasandi\/"]}]},{"@type":"ImageObject","inLanguage":"tr","@id":"https:\/\/haberkuzey.com\/index.php\/2026\/08\/31\/libyanin-batisindaki-kentlerde-genel-elektrik-kesintisi-yasandi\/#primaryimage","url":"https:\/\/haberkuzey.com\/wp-content\/uploads\/2026\/08\/elektrik-teli-aa-2253882.jpg","contentUrl":"https:\/\/haberkuzey.com\/wp-content\/uploads\/2026\/08\/elektrik-teli-aa-2253882.jpg","width":1280,"height":720},{"@type":"BreadcrumbList","@id":"https:\/\/haberkuzey.com\/index.php\/2026\/08\/31\/libyanin-batisindaki-kentlerde-genel-elektrik-kesintisi-yasandi\/#breadcrumb","itemListElement":[{"@type":"ListItem","position":1,"name":"Anasayfa","item":"https:\/\/haberkuzey.com\/"},{"@type":"ListItem","position":2,"name":"Libya\u2019n\u0131n bat\u0131s\u0131ndaki kentlerde genel elektrik kesintisi ya\u015fand\u0131"}]},{"@type":"WebSite","@id":"https:\/\/haberkuzey.com\/#website","url":"https:\/\/haberkuzey.com\/","name":"Haber Kuzey","description":"Do\u011fru Haberin Adresi","potentialAction":[{"@type":"SearchAction","target":{"@type":"EntryPoint","urlTemplate":"https:\/\/haberkuzey.com\/?s={search_term_string}"},"query-input":{"@type":"PropertyValueSpecification","valueRequired":true,"valueName":"search_term_string"}}],"inLanguage":"tr"},{"@type":"Person","@id":"https:\/\/haberkuzey.com\/#\/schema\/person\/3372109ec735f9333f4fa47ebb9605ca","name":"haberkuzey","image":{"@type":"ImageObject","inLanguage":"tr","@id":"https:\/\/secure.gravatar.com\/avatar\/f5fc875574b1575324358c3b9e6a32b8227aa5b74f3fa22e3cadb63e26fcc39c?s=96&d=mm&r=g","url":"https:\/\/secure.gravatar.com\/avatar\/f5fc875574b1575324358c3b9e6a32b8227aa5b74f3fa22e3cadb63e26fcc39c?s=96&d=mm&r=g","contentUrl":"https:\/\/secure.gravatar.com\/avatar\/f5fc875574b1575324358c3b9e6a32b8227aa5b74f3fa22e3cadb63e26fcc39c?s=96&d=mm&r=g","caption":"haberkuzey"},"sameAs":["https:\/\/haberkuzey.com"],"url":"https:\/\/haberkuzey.com\/index.php\/author\/haberkuzey\/"}]}},"_links":{"self":[{"href":"https:\/\/haberkuzey.com\/index.php\/wp-json\/wp\/v2\/posts\/46309","targetHints":{"allow":["GET"]}}],"collection":[{"href":"https:\/\/haberkuzey.com\/index.php\/wp-json\/wp\/v2\/posts"}],"about":[{"href":"https:\/\/haberkuzey.com\/index.php\/wp-json\/wp\/v2\/types\/post"}],"author":[{"embeddable":true,"href":"https:\/\/haberkuzey.com\/index.php\/wp-json\/wp\/v2\/users\/1"}],"replies":[{"embeddable":true,"href":"https:\/\/haberkuzey.com\/index.php\/wp-json\/wp\/v2\/comments?post=46309"}],"version-history":[{"count":0,"href":"https:\/\/haberkuzey.com\/index.php\/wp-json\/wp\/v2\/posts\/46309\/revisions"}],"wp:featuredmedia":[{"embeddable":true,"href":"https:\/\/haberkuzey.com\/index.php\/wp-json\/wp\/v2\/media\/46310"}],"wp:attachment":[{"href":"https:\/\/haberkuzey.com\/index.php\/wp-json\/wp\/v2\/media?parent=46309"}],"wp:term":[{"taxonomy":"category","embeddable":true,"href":"https:\/\/haberkuzey.com\/index.php\/wp-json\/wp\/v2\/categories?post=46309"},{"taxonomy":"post_tag","embeddable":true,"href":"https:\/\/haberkuzey.com\/index.php\/wp-json\/wp\/v2\/tags?post=46309"}],"curies":[{"name":"wp","href":"https:\/\/api.w.org\/{rel}","templated":true}]}}