{"id":4489,"date":"2024-06-11T13:41:35","date_gmt":"2024-06-11T10:41:35","guid":{"rendered":"https:\/\/haberkuzey.com\/index.php\/2024\/06\/11\/cumhurbaskanligi-senfoni-orkestrasi-yaz-konseriyle-sanatseverlerle-bulustu\/"},"modified":"2024-06-11T13:41:35","modified_gmt":"2024-06-11T10:41:35","slug":"cumhurbaskanligi-senfoni-orkestrasi-yaz-konseriyle-sanatseverlerle-bulustu","status":"publish","type":"post","link":"https:\/\/haberkuzey.com\/index.php\/2024\/06\/11\/cumhurbaskanligi-senfoni-orkestrasi-yaz-konseriyle-sanatseverlerle-bulustu\/","title":{"rendered":"Cumhurba\u015fkanl\u0131\u011f\u0131 Senfoni Orkestras\u0131, \u201cYaz Konseri\u201dyle sanatseverlerle bulu\u015ftu"},"content":{"rendered":"<div>\n<div class=\"mariselle-image-container center\">\n                                            <\/div>\n<p>Cumhurba\u015fkanl\u0131\u011f\u0131 Senfoni Orkestras\u0131, \u201cYaz Konseri\u201dyle sanatseverlerle bulu\u015ftu.<\/p>\n<p>Cumhurba\u015fkanl\u0131\u011f\u0131\u2019ndan verilen bilgiye g\u00f6re, Girne Antik Liman\u2019da yap\u0131lan konserde, Murat Menket y\u00f6netimindeki orkestra  Todds and Friends ile sahne ald\u0131.<\/p>\n<p>Konser, Ba\u015fbakan Yard\u0131mc\u0131l\u0131\u011f\u0131, Turizm, K\u00fclt\u00fcr, Gen\u00e7lik ve \u00c7evre Bakanl\u0131\u011f\u0131 himayesinde, Kuzey K\u0131br\u0131s Turkcell\u2019in ileti\u015fim sponsorlu\u011funda yap\u0131ld\u0131.<\/p>\n<\/p><\/div>\n<p><script async\n                    defer\n                    crossorigin=\"anonymous\"\n                    src=\"https:\/\/connect.facebook.net\/tr_TR\/sdk.js#xfbml=1&#038;version=v3.3\"\n            ><\/script><\/p>\n","protected":false},"excerpt":{"rendered":"<p>Cumhurba\u015fkanl\u0131\u011f\u0131 Senfoni Orkestras\u0131, \u201cYaz Konseri\u201dyle sanatseverlerle bulu\u015ftu. Cumhurba\u015fkanl\u0131\u011f\u0131\u2019ndan verilen bilgiye g\u00f6re, Girne Antik Liman\u2019da yap\u0131lan konserde, Murat Menket y\u00f6netimindeki orkestra Todds and Friends ile sahne ald\u0131. Konser, Ba\u015fbakan Yard\u0131mc\u0131l\u0131\u011f\u0131, Turizm, K\u00fclt\u00fcr, Gen\u00e7lik ve \u00c7evre Bakanl\u0131\u011f\u0131 himayesinde, Kuzey K\u0131br\u0131s Turkcell\u2019in ileti\u015fim sponsorlu\u011funda yap\u0131ld\u0131.<\/p>\n","protected":false},"author":1,"featured_media":4490,"comment_status":"open","ping_status":"open","sticky":false,"template":"","format":"standard","meta":{"jnews-multi-image_gallery":[],"jnews_single_post":[],"jnews_primary_category":[],"footnotes":""},"categories":[5],"tags":[],"class_list":["post-4489","post","type-post","status-publish","format-standard","has-post-thumbnail","hentry","category-turkiye"],"yoast_head":"<!-- This site is optimized with the Yoast SEO plugin v27.5 - https:\/\/yoast.com\/product\/yoast-seo-wordpress\/ -->\n<title>Cumhurba\u015fkanl\u0131\u011f\u0131 Senfoni Orkestras\u0131, \u201cYaz Konseri\u201dyle sanatseverlerle bulu\u015ftu - Haber Kuzey<\/title>\n<meta name=\"robots\" content=\"index, follow, max-snippet:-1, max-image-preview:large, max-video-preview:-1\" \/>\n<link rel=\"canonical\" href=\"https:\/\/haberkuzey.com\/index.php\/2024\/06\/11\/cumhurbaskanligi-senfoni-orkestrasi-yaz-konseriyle-sanatseverlerle-bulustu\/\" \/>\n<meta property=\"og:locale\" content=\"tr_TR\" \/>\n<meta property=\"og:type\" content=\"article\" \/>\n<meta property=\"og:title\" content=\"Cumhurba\u015fkanl\u0131\u011f\u0131 Senfoni Orkestras\u0131, \u201cYaz Konseri\u201dyle sanatseverlerle bulu\u015ftu - Haber Kuzey\" \/>\n<meta property=\"og:description\" content=\"Cumhurba\u015fkanl\u0131\u011f\u0131 Senfoni Orkestras\u0131, \u201cYaz Konseri\u201dyle sanatseverlerle bulu\u015ftu. Cumhurba\u015fkanl\u0131\u011f\u0131\u2019ndan verilen bilgiye g\u00f6re, Girne Antik Liman\u2019da yap\u0131lan konserde, Murat Menket y\u00f6netimindeki orkestra Todds and Friends ile sahne ald\u0131. Konser, Ba\u015fbakan Yard\u0131mc\u0131l\u0131\u011f\u0131, Turizm, K\u00fclt\u00fcr, Gen\u00e7lik ve \u00c7evre Bakanl\u0131\u011f\u0131 himayesinde, Kuzey K\u0131br\u0131s Turkcell\u2019in ileti\u015fim sponsorlu\u011funda yap\u0131ld\u0131.\" \/>\n<meta property=\"og:url\" content=\"https:\/\/haberkuzey.com\/index.php\/2024\/06\/11\/cumhurbaskanligi-senfoni-orkestrasi-yaz-konseriyle-sanatseverlerle-bulustu\/\" \/>\n<meta property=\"og:site_name\" content=\"Haber Kuzey\" \/>\n<meta property=\"article:published_time\" content=\"2024-06-11T10:41:35+00:00\" \/>\n<meta property=\"og:image\" content=\"https:\/\/brtk.net\/wp-content\/uploads\/2024\/06\/11\/cso-2-.jpg?ver=7cc4d5ac5cae3f3202252caa04665806\" \/>\n<meta name=\"author\" content=\"haberkuzey\" \/>\n<meta name=\"twitter:card\" content=\"summary_large_image\" \/>\n<meta name=\"twitter:label1\" content=\"Yazan:\" \/>\n\t<meta name=\"twitter:data1\" content=\"haberkuzey\" \/>\n<script type=\"application\/ld+json\" class=\"yoast-schema-graph\">{\"@context\":\"https:\\\/\\\/schema.org\",\"@graph\":[{\"@type\":\"Article\",\"@id\":\"https:\\\/\\\/haberkuzey.com\\\/index.php\\\/2024\\\/06\\\/11\\\/cumhurbaskanligi-senfoni-orkestrasi-yaz-konseriyle-sanatseverlerle-bulustu\\\/#article\",\"isPartOf\":{\"@id\":\"https:\\\/\\\/haberkuzey.com\\\/index.php\\\/2024\\\/06\\\/11\\\/cumhurbaskanligi-senfoni-orkestrasi-yaz-konseriyle-sanatseverlerle-bulustu\\\/\"},\"author\":{\"name\":\"haberkuzey\",\"@id\":\"https:\\\/\\\/haberkuzey.com\\\/#\\\/schema\\\/person\\\/3372109ec735f9333f4fa47ebb9605ca\"},\"headline\":\"Cumhurba\u015fkanl\u0131\u011f\u0131 Senfoni Orkestras\u0131, \u201cYaz Konseri\u201dyle sanatseverlerle bulu\u015ftu\",\"datePublished\":\"2024-06-11T10:41:35+00:00\",\"mainEntityOfPage\":{\"@id\":\"https:\\\/\\\/haberkuzey.com\\\/index.php\\\/2024\\\/06\\\/11\\\/cumhurbaskanligi-senfoni-orkestrasi-yaz-konseriyle-sanatseverlerle-bulustu\\\/\"},\"wordCount\":73,\"commentCount\":0,\"image\":{\"@id\":\"https:\\\/\\\/haberkuzey.com\\\/index.php\\\/2024\\\/06\\\/11\\\/cumhurbaskanligi-senfoni-orkestrasi-yaz-konseriyle-sanatseverlerle-bulustu\\\/#primaryimage\"},\"thumbnailUrl\":\"https:\\\/\\\/haberkuzey.com\\\/wp-content\\\/uploads\\\/2024\\\/06\\\/cso-2-.jpg\",\"articleSection\":[\"T\u00fcrkiye\"],\"inLanguage\":\"tr\",\"potentialAction\":[{\"@type\":\"CommentAction\",\"name\":\"Comment\",\"target\":[\"https:\\\/\\\/haberkuzey.com\\\/index.php\\\/2024\\\/06\\\/11\\\/cumhurbaskanligi-senfoni-orkestrasi-yaz-konseriyle-sanatseverlerle-bulustu\\\/#respond\"]}]},{\"@type\":\"WebPage\",\"@id\":\"https:\\\/\\\/haberkuzey.com\\\/index.php\\\/2024\\\/06\\\/11\\\/cumhurbaskanligi-senfoni-orkestrasi-yaz-konseriyle-sanatseverlerle-bulustu\\\/\",\"url\":\"https:\\\/\\\/haberkuzey.com\\\/index.php\\\/2024\\\/06\\\/11\\\/cumhurbaskanligi-senfoni-orkestrasi-yaz-konseriyle-sanatseverlerle-bulustu\\\/\",\"name\":\"Cumhurba\u015fkanl\u0131\u011f\u0131 Senfoni Orkestras\u0131, \u201cYaz Konseri\u201dyle sanatseverlerle bulu\u015ftu - Haber Kuzey\",\"isPartOf\":{\"@id\":\"https:\\\/\\\/haberkuzey.com\\\/#website\"},\"primaryImageOfPage\":{\"@id\":\"https:\\\/\\\/haberkuzey.com\\\/index.php\\\/2024\\\/06\\\/11\\\/cumhurbaskanligi-senfoni-orkestrasi-yaz-konseriyle-sanatseverlerle-bulustu\\\/#primaryimage\"},\"image\":{\"@id\":\"https:\\\/\\\/haberkuzey.com\\\/index.php\\\/2024\\\/06\\\/11\\\/cumhurbaskanligi-senfoni-orkestrasi-yaz-konseriyle-sanatseverlerle-bulustu\\\/#primaryimage\"},\"thumbnailUrl\":\"https:\\\/\\\/haberkuzey.com\\\/wp-content\\\/uploads\\\/2024\\\/06\\\/cso-2-.jpg\",\"datePublished\":\"2024-06-11T10:41:35+00:00\",\"author\":{\"@id\":\"https:\\\/\\\/haberkuzey.com\\\/#\\\/schema\\\/person\\\/3372109ec735f9333f4fa47ebb9605ca\"},\"breadcrumb\":{\"@id\":\"https:\\\/\\\/haberkuzey.com\\\/index.php\\\/2024\\\/06\\\/11\\\/cumhurbaskanligi-senfoni-orkestrasi-yaz-konseriyle-sanatseverlerle-bulustu\\\/#breadcrumb\"},\"inLanguage\":\"tr\",\"potentialAction\":[{\"@type\":\"ReadAction\",\"target\":[\"https:\\\/\\\/haberkuzey.com\\\/index.php\\\/2024\\\/06\\\/11\\\/cumhurbaskanligi-senfoni-orkestrasi-yaz-konseriyle-sanatseverlerle-bulustu\\\/\"]}]},{\"@type\":\"ImageObject\",\"inLanguage\":\"tr\",\"@id\":\"https:\\\/\\\/haberkuzey.com\\\/index.php\\\/2024\\\/06\\\/11\\\/cumhurbaskanligi-senfoni-orkestrasi-yaz-konseriyle-sanatseverlerle-bulustu\\\/#primaryimage\",\"url\":\"https:\\\/\\\/haberkuzey.com\\\/wp-content\\\/uploads\\\/2024\\\/06\\\/cso-2-.jpg\",\"contentUrl\":\"https:\\\/\\\/haberkuzey.com\\\/wp-content\\\/uploads\\\/2024\\\/06\\\/cso-2-.jpg\",\"width\":1600,\"height\":1066},{\"@type\":\"BreadcrumbList\",\"@id\":\"https:\\\/\\\/haberkuzey.com\\\/index.php\\\/2024\\\/06\\\/11\\\/cumhurbaskanligi-senfoni-orkestrasi-yaz-konseriyle-sanatseverlerle-bulustu\\\/#breadcrumb\",\"itemListElement\":[{\"@type\":\"ListItem\",\"position\":1,\"name\":\"Anasayfa\",\"item\":\"https:\\\/\\\/haberkuzey.com\\\/\"},{\"@type\":\"ListItem\",\"position\":2,\"name\":\"Cumhurba\u015fkanl\u0131\u011f\u0131 Senfoni Orkestras\u0131, \u201cYaz Konseri\u201dyle sanatseverlerle bulu\u015ftu\"}]},{\"@type\":\"WebSite\",\"@id\":\"https:\\\/\\\/haberkuzey.com\\\/#website\",\"url\":\"https:\\\/\\\/haberkuzey.com\\\/\",\"name\":\"Haber Kuzey\",\"description\":\"Do\u011fru Haberin Adresi\",\"potentialAction\":[{\"@type\":\"SearchAction\",\"target\":{\"@type\":\"EntryPoint\",\"urlTemplate\":\"https:\\\/\\\/haberkuzey.com\\\/?s={search_term_string}\"},\"query-input\":{\"@type\":\"PropertyValueSpecification\",\"valueRequired\":true,\"valueName\":\"search_term_string\"}}],\"inLanguage\":\"tr\"},{\"@type\":\"Person\",\"@id\":\"https:\\\/\\\/haberkuzey.com\\\/#\\\/schema\\\/person\\\/3372109ec735f9333f4fa47ebb9605ca\",\"name\":\"haberkuzey\",\"image\":{\"@type\":\"ImageObject\",\"inLanguage\":\"tr\",\"@id\":\"https:\\\/\\\/secure.gravatar.com\\\/avatar\\\/f5fc875574b1575324358c3b9e6a32b8227aa5b74f3fa22e3cadb63e26fcc39c?s=96&d=mm&r=g\",\"url\":\"https:\\\/\\\/secure.gravatar.com\\\/avatar\\\/f5fc875574b1575324358c3b9e6a32b8227aa5b74f3fa22e3cadb63e26fcc39c?s=96&d=mm&r=g\",\"contentUrl\":\"https:\\\/\\\/secure.gravatar.com\\\/avatar\\\/f5fc875574b1575324358c3b9e6a32b8227aa5b74f3fa22e3cadb63e26fcc39c?s=96&d=mm&r=g\",\"caption\":\"haberkuzey\"},\"sameAs\":[\"https:\\\/\\\/haberkuzey.com\"],\"url\":\"https:\\\/\\\/haberkuzey.com\\\/index.php\\\/author\\\/haberkuzey\\\/\"}]}<\/script>\n<!-- \/ Yoast SEO plugin. -->","yoast_head_json":{"title":"Cumhurba\u015fkanl\u0131\u011f\u0131 Senfoni Orkestras\u0131, \u201cYaz Konseri\u201dyle sanatseverlerle bulu\u015ftu - Haber Kuzey","robots":{"index":"index","follow":"follow","max-snippet":"max-snippet:-1","max-image-preview":"max-image-preview:large","max-video-preview":"max-video-preview:-1"},"canonical":"https:\/\/haberkuzey.com\/index.php\/2024\/06\/11\/cumhurbaskanligi-senfoni-orkestrasi-yaz-konseriyle-sanatseverlerle-bulustu\/","og_locale":"tr_TR","og_type":"article","og_title":"Cumhurba\u015fkanl\u0131\u011f\u0131 Senfoni Orkestras\u0131, \u201cYaz Konseri\u201dyle sanatseverlerle bulu\u015ftu - Haber Kuzey","og_description":"Cumhurba\u015fkanl\u0131\u011f\u0131 Senfoni Orkestras\u0131, \u201cYaz Konseri\u201dyle sanatseverlerle bulu\u015ftu. Cumhurba\u015fkanl\u0131\u011f\u0131\u2019ndan verilen bilgiye g\u00f6re, Girne Antik Liman\u2019da yap\u0131lan konserde, Murat Menket y\u00f6netimindeki orkestra Todds and Friends ile sahne ald\u0131. Konser, Ba\u015fbakan Yard\u0131mc\u0131l\u0131\u011f\u0131, Turizm, K\u00fclt\u00fcr, Gen\u00e7lik ve \u00c7evre Bakanl\u0131\u011f\u0131 himayesinde, Kuzey K\u0131br\u0131s Turkcell\u2019in ileti\u015fim sponsorlu\u011funda yap\u0131ld\u0131.","og_url":"https:\/\/haberkuzey.com\/index.php\/2024\/06\/11\/cumhurbaskanligi-senfoni-orkestrasi-yaz-konseriyle-sanatseverlerle-bulustu\/","og_site_name":"Haber Kuzey","article_published_time":"2024-06-11T10:41:35+00:00","og_image":[{"url":"https:\/\/brtk.net\/wp-content\/uploads\/2024\/06\/11\/cso-2-.jpg?ver=7cc4d5ac5cae3f3202252caa04665806","type":"","width":"","height":""}],"author":"haberkuzey","twitter_card":"summary_large_image","twitter_misc":{"Yazan:":"haberkuzey"},"schema":{"@context":"https:\/\/schema.org","@graph":[{"@type":"Article","@id":"https:\/\/haberkuzey.com\/index.php\/2024\/06\/11\/cumhurbaskanligi-senfoni-orkestrasi-yaz-konseriyle-sanatseverlerle-bulustu\/#article","isPartOf":{"@id":"https:\/\/haberkuzey.com\/index.php\/2024\/06\/11\/cumhurbaskanligi-senfoni-orkestrasi-yaz-konseriyle-sanatseverlerle-bulustu\/"},"author":{"name":"haberkuzey","@id":"https:\/\/haberkuzey.com\/#\/schema\/person\/3372109ec735f9333f4fa47ebb9605ca"},"headline":"Cumhurba\u015fkanl\u0131\u011f\u0131 Senfoni Orkestras\u0131, \u201cYaz Konseri\u201dyle sanatseverlerle bulu\u015ftu","datePublished":"2024-06-11T10:41:35+00:00","mainEntityOfPage":{"@id":"https:\/\/haberkuzey.com\/index.php\/2024\/06\/11\/cumhurbaskanligi-senfoni-orkestrasi-yaz-konseriyle-sanatseverlerle-bulustu\/"},"wordCount":73,"commentCount":0,"image":{"@id":"https:\/\/haberkuzey.com\/index.php\/2024\/06\/11\/cumhurbaskanligi-senfoni-orkestrasi-yaz-konseriyle-sanatseverlerle-bulustu\/#primaryimage"},"thumbnailUrl":"https:\/\/haberkuzey.com\/wp-content\/uploads\/2024\/06\/cso-2-.jpg","articleSection":["T\u00fcrkiye"],"inLanguage":"tr","potentialAction":[{"@type":"CommentAction","name":"Comment","target":["https:\/\/haberkuzey.com\/index.php\/2024\/06\/11\/cumhurbaskanligi-senfoni-orkestrasi-yaz-konseriyle-sanatseverlerle-bulustu\/#respond"]}]},{"@type":"WebPage","@id":"https:\/\/haberkuzey.com\/index.php\/2024\/06\/11\/cumhurbaskanligi-senfoni-orkestrasi-yaz-konseriyle-sanatseverlerle-bulustu\/","url":"https:\/\/haberkuzey.com\/index.php\/2024\/06\/11\/cumhurbaskanligi-senfoni-orkestrasi-yaz-konseriyle-sanatseverlerle-bulustu\/","name":"Cumhurba\u015fkanl\u0131\u011f\u0131 Senfoni Orkestras\u0131, \u201cYaz Konseri\u201dyle sanatseverlerle bulu\u015ftu - Haber Kuzey","isPartOf":{"@id":"https:\/\/haberkuzey.com\/#website"},"primaryImageOfPage":{"@id":"https:\/\/haberkuzey.com\/index.php\/2024\/06\/11\/cumhurbaskanligi-senfoni-orkestrasi-yaz-konseriyle-sanatseverlerle-bulustu\/#primaryimage"},"image":{"@id":"https:\/\/haberkuzey.com\/index.php\/2024\/06\/11\/cumhurbaskanligi-senfoni-orkestrasi-yaz-konseriyle-sanatseverlerle-bulustu\/#primaryimage"},"thumbnailUrl":"https:\/\/haberkuzey.com\/wp-content\/uploads\/2024\/06\/cso-2-.jpg","datePublished":"2024-06-11T10:41:35+00:00","author":{"@id":"https:\/\/haberkuzey.com\/#\/schema\/person\/3372109ec735f9333f4fa47ebb9605ca"},"breadcrumb":{"@id":"https:\/\/haberkuzey.com\/index.php\/2024\/06\/11\/cumhurbaskanligi-senfoni-orkestrasi-yaz-konseriyle-sanatseverlerle-bulustu\/#breadcrumb"},"inLanguage":"tr","potentialAction":[{"@type":"ReadAction","target":["https:\/\/haberkuzey.com\/index.php\/2024\/06\/11\/cumhurbaskanligi-senfoni-orkestrasi-yaz-konseriyle-sanatseverlerle-bulustu\/"]}]},{"@type":"ImageObject","inLanguage":"tr","@id":"https:\/\/haberkuzey.com\/index.php\/2024\/06\/11\/cumhurbaskanligi-senfoni-orkestrasi-yaz-konseriyle-sanatseverlerle-bulustu\/#primaryimage","url":"https:\/\/haberkuzey.com\/wp-content\/uploads\/2024\/06\/cso-2-.jpg","contentUrl":"https:\/\/haberkuzey.com\/wp-content\/uploads\/2024\/06\/cso-2-.jpg","width":1600,"height":1066},{"@type":"BreadcrumbList","@id":"https:\/\/haberkuzey.com\/index.php\/2024\/06\/11\/cumhurbaskanligi-senfoni-orkestrasi-yaz-konseriyle-sanatseverlerle-bulustu\/#breadcrumb","itemListElement":[{"@type":"ListItem","position":1,"name":"Anasayfa","item":"https:\/\/haberkuzey.com\/"},{"@type":"ListItem","position":2,"name":"Cumhurba\u015fkanl\u0131\u011f\u0131 Senfoni Orkestras\u0131, \u201cYaz Konseri\u201dyle sanatseverlerle bulu\u015ftu"}]},{"@type":"WebSite","@id":"https:\/\/haberkuzey.com\/#website","url":"https:\/\/haberkuzey.com\/","name":"Haber Kuzey","description":"Do\u011fru Haberin Adresi","potentialAction":[{"@type":"SearchAction","target":{"@type":"EntryPoint","urlTemplate":"https:\/\/haberkuzey.com\/?s={search_term_string}"},"query-input":{"@type":"PropertyValueSpecification","valueRequired":true,"valueName":"search_term_string"}}],"inLanguage":"tr"},{"@type":"Person","@id":"https:\/\/haberkuzey.com\/#\/schema\/person\/3372109ec735f9333f4fa47ebb9605ca","name":"haberkuzey","image":{"@type":"ImageObject","inLanguage":"tr","@id":"https:\/\/secure.gravatar.com\/avatar\/f5fc875574b1575324358c3b9e6a32b8227aa5b74f3fa22e3cadb63e26fcc39c?s=96&d=mm&r=g","url":"https:\/\/secure.gravatar.com\/avatar\/f5fc875574b1575324358c3b9e6a32b8227aa5b74f3fa22e3cadb63e26fcc39c?s=96&d=mm&r=g","contentUrl":"https:\/\/secure.gravatar.com\/avatar\/f5fc875574b1575324358c3b9e6a32b8227aa5b74f3fa22e3cadb63e26fcc39c?s=96&d=mm&r=g","caption":"haberkuzey"},"sameAs":["https:\/\/haberkuzey.com"],"url":"https:\/\/haberkuzey.com\/index.php\/author\/haberkuzey\/"}]}},"_links":{"self":[{"href":"https:\/\/haberkuzey.com\/index.php\/wp-json\/wp\/v2\/posts\/4489","targetHints":{"allow":["GET"]}}],"collection":[{"href":"https:\/\/haberkuzey.com\/index.php\/wp-json\/wp\/v2\/posts"}],"about":[{"href":"https:\/\/haberkuzey.com\/index.php\/wp-json\/wp\/v2\/types\/post"}],"author":[{"embeddable":true,"href":"https:\/\/haberkuzey.com\/index.php\/wp-json\/wp\/v2\/users\/1"}],"replies":[{"embeddable":true,"href":"https:\/\/haberkuzey.com\/index.php\/wp-json\/wp\/v2\/comments?post=4489"}],"version-history":[{"count":0,"href":"https:\/\/haberkuzey.com\/index.php\/wp-json\/wp\/v2\/posts\/4489\/revisions"}],"wp:featuredmedia":[{"embeddable":true,"href":"https:\/\/haberkuzey.com\/index.php\/wp-json\/wp\/v2\/media\/4490"}],"wp:attachment":[{"href":"https:\/\/haberkuzey.com\/index.php\/wp-json\/wp\/v2\/media?parent=4489"}],"wp:term":[{"taxonomy":"category","embeddable":true,"href":"https:\/\/haberkuzey.com\/index.php\/wp-json\/wp\/v2\/categories?post=4489"},{"taxonomy":"post_tag","embeddable":true,"href":"https:\/\/haberkuzey.com\/index.php\/wp-json\/wp\/v2\/tags?post=4489"}],"curies":[{"name":"wp","href":"https:\/\/api.w.org\/{rel}","templated":true}]}}