{"id":431,"date":"2024-04-25T16:03:08","date_gmt":"2024-04-25T13:03:08","guid":{"rendered":"https:\/\/kuzeyinsesi.com\/index.php\/2024\/04\/25\/ingiltere-krali-duzensiz-gocmenlerin-ruandaya-sinir-disi-edilmesine-iliskin-tasariyi-onayladi\/"},"modified":"2024-04-25T16:03:08","modified_gmt":"2024-04-25T13:03:08","slug":"ingiltere-krali-duzensiz-gocmenlerin-ruandaya-sinir-disi-edilmesine-iliskin-tasariyi-onayladi","status":"publish","type":"post","link":"https:\/\/haberkuzey.com\/index.php\/2024\/04\/25\/ingiltere-krali-duzensiz-gocmenlerin-ruandaya-sinir-disi-edilmesine-iliskin-tasariyi-onayladi\/","title":{"rendered":"\u0130ngiltere Kral\u0131, d\u00fczensiz g\u00f6\u00e7menlerin Ruanda&#039;ya s\u0131n\u0131r d\u0131\u015f\u0131 edilmesine ili\u015fkin tasar\u0131y\u0131 onaylad\u0131"},"content":{"rendered":"<p><\/p>\n<div>\n<p>&#13;<br \/>\n\t\u00dclkedeki d\u00fczensiz g\u00f6\u00e7menleri Ruanda&#8217;ya s\u0131n\u0131r d\u0131\u015f\u0131 edecek yasa tasar\u0131s\u0131, 23 Nisan&#8217;da Avam Kamaras\u0131 ile Lordlar Kamaras\u0131 aras\u0131nda defalarca gidip gelmesinin ard\u0131ndan Parlamentodan ge\u00e7mi\u015fti.<\/p>\n<p>&#13;<br \/>\n\tBa\u015fbakan Rishi Sunak, d\u00fczensiz g\u00f6\u00e7menleri Ruanda&#8217;ya s\u0131n\u0131r d\u0131\u015f\u0131 edecek u\u00e7aklar\u0131n 10 ila 12 hafta i\u00e7inde kalkaca\u011f\u0131n\u0131 duyurmu\u015ftu.<\/p>\n<p>&#13;<br \/>\n\t<strong>Tart\u0131\u015fmal\u0131 &#8220;Ruanda Plan\u0131&#8221; nedir?<\/strong><\/p>\n<p>&#13;<br \/>\n\t\u0130ngiliz h\u00fck\u00fcmeti, Nisan 2022&#8217;de haz\u0131rlanan &#8220;Ruanda Plan\u0131&#8221; kapsam\u0131nda d\u00fczensiz g\u00f6\u00e7menleri ve \u00fclkeye yasa d\u0131\u015f\u0131 yollarla girip s\u0131\u011f\u0131nma talebinde bulunanlar\u0131, Ruanda&#8217;ya g\u00f6nderme hedefini a\u00e7\u0131klam\u0131\u015ft\u0131.<\/p>\n<p>&#13;<br \/>\n\t\u00dclkede muhalefet, insan haklar\u0131 \u00f6rg\u00fctleri ile <a href=\"https:\/\/www.trthaber.com\/etiket\/birlesmis-milletler\/\" target=\"_blank\" rel=\"noopener\">Birle\u015fmi\u015f Milletler<\/a> (BM) ba\u015fta olmak \u00fczere bir\u00e7ok uluslararas\u0131 kurulu\u015fun tepki g\u00f6sterdi\u011fi karar, <a href=\"https:\/\/www.trthaber.com\/etiket\/yargitay\/\" target=\"_blank\" rel=\"noopener\">Yarg\u0131tay<\/a> ve Y\u00fcksek Mahkemece yasaya uygun bulunmu\u015ftu.<\/p>\n<p>&#13;<br \/>\n\tKarar\u0131n ard\u0131ndan Haziran 2022&#8217;de Ruanda&#8217;ya 7 ki\u015fiyi ta\u015f\u0131yan ilk u\u00e7u\u015f ise Avrupa \u0130nsan Haklar\u0131 Mahkemesi (A\u0130HM) karar\u0131yla durdurulmu\u015ftu. Bunun \u00fczerine \u0130\u00e7i\u015fleri Bakanl\u0131\u011f\u0131, Y\u00fcksek Mahkemede yeni dava a\u00e7m\u0131\u015f, mahkeme de 19 Aral\u0131k 2022&#8217;de Ruanda u\u00e7u\u015funun yasal oldu\u011funa karar vermi\u015fti.<\/p>\n<p>&#13;<br \/>\n\tMahkeme, temyiz yolunu a\u00e7\u0131k tutmu\u015f, insan haklar\u0131 savunucular\u0131n\u0131n bu mahkemede a\u00e7t\u0131\u011f\u0131 dava sonucu 29 Haziran&#8217;da Ruanda Plan\u0131&#8217;n\u0131n yasalara uygun olmad\u0131\u011f\u0131na karar verilmi\u015fti. H\u00fck\u00fcmet ise Temyiz Mahkemesinin karar\u0131n\u0131 Y\u00fcksek Mahkemeye ta\u015f\u0131m\u0131\u015f, Y\u00fcksek Mahkeme de 15 Kas\u0131m&#8217;daki karar\u0131nda Ruanda&#8217;ya yollanacak ki\u015filerin k\u00f6t\u00fc muameleye maruz kalma ve kendi \u00fclkelerine g\u00f6nderilme gibi risklerin bulundu\u011fu gerek\u00e7esiyle plan\u0131n yasaya uygun olmad\u0131\u011f\u0131n\u0131 a\u00e7\u0131klam\u0131\u015ft\u0131.<\/p>\n<p>&#13;<br \/>\n\tBunun \u00fczerine Ruanda&#8217;yla 5 Aral\u0131k 2023&#8217;te yeni anla\u015fma imzalanm\u0131\u015ft\u0131.<\/p>\n<p>&#13;<br \/>\n\tBu anla\u015fmaya g\u00f6re Ruanda&#8217;ya g\u00f6nderilecek d\u00fczensiz g\u00f6\u00e7menler, <a href=\"https:\/\/www.trthaber.com\/etiket\/ingiltere\/\" target=\"_blank\" rel=\"noopener\">\u0130ngiltere<\/a> d\u0131\u015f\u0131nda ba\u015fka bir \u00fc\u00e7\u00fcnc\u00fc \u00fclkeye s\u0131n\u0131r d\u0131\u015f\u0131 edilemeyecek. Ruanda&#8217;daki di\u011fer s\u0131\u011f\u0131nmac\u0131larla ayn\u0131 haklara sahip olacak bu ki\u015filerin yasal talepleri i\u00e7in destek verilecek. Ruanda&#8217;n\u0131n sorumluluklar\u0131 ba\u011f\u0131ms\u0131z g\u00f6zlemciler taraf\u0131ndan kontrol edilecek. Yasa tasar\u0131s\u0131yla Ruanda, d\u00fczensiz g\u00f6\u00e7menlerin s\u0131n\u0131r d\u0131\u015f\u0131na g\u00f6nderilebilece\u011fi g\u00fcvenli \u00fclke kabul edilecek. Ruanda&#8217;n\u0131n g\u00fcvenli oldu\u011funu g\u00f6sterir yasal ad\u0131mlar ve uygulamalar da hayata ge\u00e7irilecek.<\/p>\n<\/p><\/div>\n","protected":false},"excerpt":{"rendered":"<p>&#13; \u00dclkedeki d\u00fczensiz g\u00f6\u00e7menleri Ruanda&#8217;ya s\u0131n\u0131r d\u0131\u015f\u0131 edecek yasa tasar\u0131s\u0131, 23 Nisan&#8217;da Avam Kamaras\u0131 ile Lordlar Kamaras\u0131 aras\u0131nda defalarca gidip gelmesinin ard\u0131ndan Parlamentodan ge\u00e7mi\u015fti. &#13; Ba\u015fbakan Rishi Sunak, d\u00fczensiz g\u00f6\u00e7menleri Ruanda&#8217;ya s\u0131n\u0131r d\u0131\u015f\u0131 edecek u\u00e7aklar\u0131n 10 ila 12 hafta i\u00e7inde kalkaca\u011f\u0131n\u0131 duyurmu\u015ftu. &#13; Tart\u0131\u015fmal\u0131 &#8220;Ruanda Plan\u0131&#8221; nedir? &#13; \u0130ngiliz h\u00fck\u00fcmeti, Nisan 2022&#8217;de haz\u0131rlanan &#8220;Ruanda Plan\u0131&#8221; [&hellip;]<\/p>\n","protected":false},"author":1,"featured_media":432,"comment_status":"open","ping_status":"open","sticky":false,"template":"","format":"standard","meta":{"jnews-multi-image_gallery":[],"jnews_single_post":[],"jnews_primary_category":[],"footnotes":""},"categories":[2],"tags":[],"class_list":["post-431","post","type-post","status-publish","format-standard","has-post-thumbnail","hentry","category-dunya"],"yoast_head":"<!-- This site is optimized with the Yoast SEO plugin v27.4 - https:\/\/yoast.com\/product\/yoast-seo-wordpress\/ -->\n<title>\u0130ngiltere Kral\u0131, d\u00fczensiz g\u00f6\u00e7menlerin Ruanda&#039;ya s\u0131n\u0131r d\u0131\u015f\u0131 edilmesine ili\u015fkin tasar\u0131y\u0131 onaylad\u0131 - Haber Kuzey<\/title>\n<meta name=\"robots\" content=\"index, follow, max-snippet:-1, max-image-preview:large, max-video-preview:-1\" \/>\n<link rel=\"canonical\" href=\"https:\/\/haberkuzey.com\/index.php\/2024\/04\/25\/ingiltere-krali-duzensiz-gocmenlerin-ruandaya-sinir-disi-edilmesine-iliskin-tasariyi-onayladi\/\" \/>\n<meta property=\"og:locale\" content=\"tr_TR\" \/>\n<meta property=\"og:type\" content=\"article\" \/>\n<meta property=\"og:title\" content=\"\u0130ngiltere Kral\u0131, d\u00fczensiz g\u00f6\u00e7menlerin Ruanda&#039;ya s\u0131n\u0131r d\u0131\u015f\u0131 edilmesine ili\u015fkin tasar\u0131y\u0131 onaylad\u0131 - Haber Kuzey\" \/>\n<meta property=\"og:description\" content=\"&#013; \u00dclkedeki d\u00fczensiz g\u00f6\u00e7menleri Ruanda&#8217;ya s\u0131n\u0131r d\u0131\u015f\u0131 edecek yasa tasar\u0131s\u0131, 23 Nisan&#8217;da Avam Kamaras\u0131 ile Lordlar Kamaras\u0131 aras\u0131nda defalarca gidip gelmesinin ard\u0131ndan Parlamentodan ge\u00e7mi\u015fti. &#013; Ba\u015fbakan Rishi Sunak, d\u00fczensiz g\u00f6\u00e7menleri Ruanda&#8217;ya s\u0131n\u0131r d\u0131\u015f\u0131 edecek u\u00e7aklar\u0131n 10 ila 12 hafta i\u00e7inde kalkaca\u011f\u0131n\u0131 duyurmu\u015ftu. &#013; Tart\u0131\u015fmal\u0131 &#8220;Ruanda Plan\u0131&#8221; nedir? &#013; \u0130ngiliz h\u00fck\u00fcmeti, Nisan 2022&#8217;de haz\u0131rlanan &#8220;Ruanda Plan\u0131&#8221; [&hellip;]\" \/>\n<meta property=\"og:url\" content=\"https:\/\/haberkuzey.com\/index.php\/2024\/04\/25\/ingiltere-krali-duzensiz-gocmenlerin-ruandaya-sinir-disi-edilmesine-iliskin-tasariyi-onayladi\/\" \/>\n<meta property=\"og:site_name\" content=\"Haber Kuzey\" \/>\n<meta property=\"article:published_time\" content=\"2024-04-25T13:03:08+00:00\" \/>\n<meta property=\"og:image\" content=\"https:\/\/haberkuzey.com\/wp-content\/uploads\/2024\/04\/king-charles-aa-2108182.jpg\" \/>\n\t<meta property=\"og:image:width\" content=\"1280\" \/>\n\t<meta property=\"og:image:height\" content=\"720\" \/>\n\t<meta property=\"og:image:type\" content=\"image\/jpeg\" \/>\n<meta name=\"author\" content=\"haberkuzey\" \/>\n<meta name=\"twitter:card\" content=\"summary_large_image\" \/>\n<meta name=\"twitter:label1\" content=\"Yazan:\" \/>\n\t<meta name=\"twitter:data1\" content=\"haberkuzey\" \/>\n\t<meta name=\"twitter:label2\" content=\"Tahmini okuma s\u00fcresi\" \/>\n\t<meta name=\"twitter:data2\" content=\"2 dakika\" \/>\n<script type=\"application\/ld+json\" class=\"yoast-schema-graph\">{\"@context\":\"https:\\\/\\\/schema.org\",\"@graph\":[{\"@type\":\"Article\",\"@id\":\"https:\\\/\\\/haberkuzey.com\\\/index.php\\\/2024\\\/04\\\/25\\\/ingiltere-krali-duzensiz-gocmenlerin-ruandaya-sinir-disi-edilmesine-iliskin-tasariyi-onayladi\\\/#article\",\"isPartOf\":{\"@id\":\"https:\\\/\\\/haberkuzey.com\\\/index.php\\\/2024\\\/04\\\/25\\\/ingiltere-krali-duzensiz-gocmenlerin-ruandaya-sinir-disi-edilmesine-iliskin-tasariyi-onayladi\\\/\"},\"author\":{\"name\":\"haberkuzey\",\"@id\":\"https:\\\/\\\/haberkuzey.com\\\/#\\\/schema\\\/person\\\/3372109ec735f9333f4fa47ebb9605ca\"},\"headline\":\"\u0130ngiltere Kral\u0131, d\u00fczensiz g\u00f6\u00e7menlerin Ruanda&#039;ya s\u0131n\u0131r d\u0131\u015f\u0131 edilmesine ili\u015fkin tasar\u0131y\u0131 onaylad\u0131\",\"datePublished\":\"2024-04-25T13:03:08+00:00\",\"mainEntityOfPage\":{\"@id\":\"https:\\\/\\\/haberkuzey.com\\\/index.php\\\/2024\\\/04\\\/25\\\/ingiltere-krali-duzensiz-gocmenlerin-ruandaya-sinir-disi-edilmesine-iliskin-tasariyi-onayladi\\\/\"},\"wordCount\":397,\"commentCount\":0,\"image\":{\"@id\":\"https:\\\/\\\/haberkuzey.com\\\/index.php\\\/2024\\\/04\\\/25\\\/ingiltere-krali-duzensiz-gocmenlerin-ruandaya-sinir-disi-edilmesine-iliskin-tasariyi-onayladi\\\/#primaryimage\"},\"thumbnailUrl\":\"https:\\\/\\\/haberkuzey.com\\\/wp-content\\\/uploads\\\/2024\\\/04\\\/king-charles-aa-2108182.jpg\",\"articleSection\":[\"D\u00fcnya\"],\"inLanguage\":\"tr\",\"potentialAction\":[{\"@type\":\"CommentAction\",\"name\":\"Comment\",\"target\":[\"https:\\\/\\\/haberkuzey.com\\\/index.php\\\/2024\\\/04\\\/25\\\/ingiltere-krali-duzensiz-gocmenlerin-ruandaya-sinir-disi-edilmesine-iliskin-tasariyi-onayladi\\\/#respond\"]}]},{\"@type\":\"WebPage\",\"@id\":\"https:\\\/\\\/haberkuzey.com\\\/index.php\\\/2024\\\/04\\\/25\\\/ingiltere-krali-duzensiz-gocmenlerin-ruandaya-sinir-disi-edilmesine-iliskin-tasariyi-onayladi\\\/\",\"url\":\"https:\\\/\\\/haberkuzey.com\\\/index.php\\\/2024\\\/04\\\/25\\\/ingiltere-krali-duzensiz-gocmenlerin-ruandaya-sinir-disi-edilmesine-iliskin-tasariyi-onayladi\\\/\",\"name\":\"\u0130ngiltere Kral\u0131, d\u00fczensiz g\u00f6\u00e7menlerin Ruanda&#039;ya s\u0131n\u0131r d\u0131\u015f\u0131 edilmesine ili\u015fkin tasar\u0131y\u0131 onaylad\u0131 - Haber Kuzey\",\"isPartOf\":{\"@id\":\"https:\\\/\\\/haberkuzey.com\\\/#website\"},\"primaryImageOfPage\":{\"@id\":\"https:\\\/\\\/haberkuzey.com\\\/index.php\\\/2024\\\/04\\\/25\\\/ingiltere-krali-duzensiz-gocmenlerin-ruandaya-sinir-disi-edilmesine-iliskin-tasariyi-onayladi\\\/#primaryimage\"},\"image\":{\"@id\":\"https:\\\/\\\/haberkuzey.com\\\/index.php\\\/2024\\\/04\\\/25\\\/ingiltere-krali-duzensiz-gocmenlerin-ruandaya-sinir-disi-edilmesine-iliskin-tasariyi-onayladi\\\/#primaryimage\"},\"thumbnailUrl\":\"https:\\\/\\\/haberkuzey.com\\\/wp-content\\\/uploads\\\/2024\\\/04\\\/king-charles-aa-2108182.jpg\",\"datePublished\":\"2024-04-25T13:03:08+00:00\",\"author\":{\"@id\":\"https:\\\/\\\/haberkuzey.com\\\/#\\\/schema\\\/person\\\/3372109ec735f9333f4fa47ebb9605ca\"},\"breadcrumb\":{\"@id\":\"https:\\\/\\\/haberkuzey.com\\\/index.php\\\/2024\\\/04\\\/25\\\/ingiltere-krali-duzensiz-gocmenlerin-ruandaya-sinir-disi-edilmesine-iliskin-tasariyi-onayladi\\\/#breadcrumb\"},\"inLanguage\":\"tr\",\"potentialAction\":[{\"@type\":\"ReadAction\",\"target\":[\"https:\\\/\\\/haberkuzey.com\\\/index.php\\\/2024\\\/04\\\/25\\\/ingiltere-krali-duzensiz-gocmenlerin-ruandaya-sinir-disi-edilmesine-iliskin-tasariyi-onayladi\\\/\"]}]},{\"@type\":\"ImageObject\",\"inLanguage\":\"tr\",\"@id\":\"https:\\\/\\\/haberkuzey.com\\\/index.php\\\/2024\\\/04\\\/25\\\/ingiltere-krali-duzensiz-gocmenlerin-ruandaya-sinir-disi-edilmesine-iliskin-tasariyi-onayladi\\\/#primaryimage\",\"url\":\"https:\\\/\\\/haberkuzey.com\\\/wp-content\\\/uploads\\\/2024\\\/04\\\/king-charles-aa-2108182.jpg\",\"contentUrl\":\"https:\\\/\\\/haberkuzey.com\\\/wp-content\\\/uploads\\\/2024\\\/04\\\/king-charles-aa-2108182.jpg\",\"width\":1280,\"height\":720},{\"@type\":\"BreadcrumbList\",\"@id\":\"https:\\\/\\\/haberkuzey.com\\\/index.php\\\/2024\\\/04\\\/25\\\/ingiltere-krali-duzensiz-gocmenlerin-ruandaya-sinir-disi-edilmesine-iliskin-tasariyi-onayladi\\\/#breadcrumb\",\"itemListElement\":[{\"@type\":\"ListItem\",\"position\":1,\"name\":\"Anasayfa\",\"item\":\"https:\\\/\\\/haberkuzey.com\\\/\"},{\"@type\":\"ListItem\",\"position\":2,\"name\":\"\u0130ngiltere Kral\u0131, d\u00fczensiz g\u00f6\u00e7menlerin Ruanda&#039;ya s\u0131n\u0131r d\u0131\u015f\u0131 edilmesine ili\u015fkin tasar\u0131y\u0131 onaylad\u0131\"}]},{\"@type\":\"WebSite\",\"@id\":\"https:\\\/\\\/haberkuzey.com\\\/#website\",\"url\":\"https:\\\/\\\/haberkuzey.com\\\/\",\"name\":\"Haber Kuzey\",\"description\":\"Do\u011fru Haberin Adresi\",\"potentialAction\":[{\"@type\":\"SearchAction\",\"target\":{\"@type\":\"EntryPoint\",\"urlTemplate\":\"https:\\\/\\\/haberkuzey.com\\\/?s={search_term_string}\"},\"query-input\":{\"@type\":\"PropertyValueSpecification\",\"valueRequired\":true,\"valueName\":\"search_term_string\"}}],\"inLanguage\":\"tr\"},{\"@type\":\"Person\",\"@id\":\"https:\\\/\\\/haberkuzey.com\\\/#\\\/schema\\\/person\\\/3372109ec735f9333f4fa47ebb9605ca\",\"name\":\"haberkuzey\",\"image\":{\"@type\":\"ImageObject\",\"inLanguage\":\"tr\",\"@id\":\"https:\\\/\\\/secure.gravatar.com\\\/avatar\\\/f5fc875574b1575324358c3b9e6a32b8227aa5b74f3fa22e3cadb63e26fcc39c?s=96&d=mm&r=g\",\"url\":\"https:\\\/\\\/secure.gravatar.com\\\/avatar\\\/f5fc875574b1575324358c3b9e6a32b8227aa5b74f3fa22e3cadb63e26fcc39c?s=96&d=mm&r=g\",\"contentUrl\":\"https:\\\/\\\/secure.gravatar.com\\\/avatar\\\/f5fc875574b1575324358c3b9e6a32b8227aa5b74f3fa22e3cadb63e26fcc39c?s=96&d=mm&r=g\",\"caption\":\"haberkuzey\"},\"sameAs\":[\"https:\\\/\\\/haberkuzey.com\"],\"url\":\"https:\\\/\\\/haberkuzey.com\\\/index.php\\\/author\\\/haberkuzey\\\/\"}]}<\/script>\n<!-- \/ Yoast SEO plugin. -->","yoast_head_json":{"title":"\u0130ngiltere Kral\u0131, d\u00fczensiz g\u00f6\u00e7menlerin Ruanda&#039;ya s\u0131n\u0131r d\u0131\u015f\u0131 edilmesine ili\u015fkin tasar\u0131y\u0131 onaylad\u0131 - Haber Kuzey","robots":{"index":"index","follow":"follow","max-snippet":"max-snippet:-1","max-image-preview":"max-image-preview:large","max-video-preview":"max-video-preview:-1"},"canonical":"https:\/\/haberkuzey.com\/index.php\/2024\/04\/25\/ingiltere-krali-duzensiz-gocmenlerin-ruandaya-sinir-disi-edilmesine-iliskin-tasariyi-onayladi\/","og_locale":"tr_TR","og_type":"article","og_title":"\u0130ngiltere Kral\u0131, d\u00fczensiz g\u00f6\u00e7menlerin Ruanda&#039;ya s\u0131n\u0131r d\u0131\u015f\u0131 edilmesine ili\u015fkin tasar\u0131y\u0131 onaylad\u0131 - Haber Kuzey","og_description":"&#13; \u00dclkedeki d\u00fczensiz g\u00f6\u00e7menleri Ruanda&#8217;ya s\u0131n\u0131r d\u0131\u015f\u0131 edecek yasa tasar\u0131s\u0131, 23 Nisan&#8217;da Avam Kamaras\u0131 ile Lordlar Kamaras\u0131 aras\u0131nda defalarca gidip gelmesinin ard\u0131ndan Parlamentodan ge\u00e7mi\u015fti. &#13; Ba\u015fbakan Rishi Sunak, d\u00fczensiz g\u00f6\u00e7menleri Ruanda&#8217;ya s\u0131n\u0131r d\u0131\u015f\u0131 edecek u\u00e7aklar\u0131n 10 ila 12 hafta i\u00e7inde kalkaca\u011f\u0131n\u0131 duyurmu\u015ftu. &#13; Tart\u0131\u015fmal\u0131 &#8220;Ruanda Plan\u0131&#8221; nedir? &#13; \u0130ngiliz h\u00fck\u00fcmeti, Nisan 2022&#8217;de haz\u0131rlanan &#8220;Ruanda Plan\u0131&#8221; [&hellip;]","og_url":"https:\/\/haberkuzey.com\/index.php\/2024\/04\/25\/ingiltere-krali-duzensiz-gocmenlerin-ruandaya-sinir-disi-edilmesine-iliskin-tasariyi-onayladi\/","og_site_name":"Haber Kuzey","article_published_time":"2024-04-25T13:03:08+00:00","og_image":[{"width":1280,"height":720,"url":"https:\/\/haberkuzey.com\/wp-content\/uploads\/2024\/04\/king-charles-aa-2108182.jpg","type":"image\/jpeg"}],"author":"haberkuzey","twitter_card":"summary_large_image","twitter_misc":{"Yazan:":"haberkuzey","Tahmini okuma s\u00fcresi":"2 dakika"},"schema":{"@context":"https:\/\/schema.org","@graph":[{"@type":"Article","@id":"https:\/\/haberkuzey.com\/index.php\/2024\/04\/25\/ingiltere-krali-duzensiz-gocmenlerin-ruandaya-sinir-disi-edilmesine-iliskin-tasariyi-onayladi\/#article","isPartOf":{"@id":"https:\/\/haberkuzey.com\/index.php\/2024\/04\/25\/ingiltere-krali-duzensiz-gocmenlerin-ruandaya-sinir-disi-edilmesine-iliskin-tasariyi-onayladi\/"},"author":{"name":"haberkuzey","@id":"https:\/\/haberkuzey.com\/#\/schema\/person\/3372109ec735f9333f4fa47ebb9605ca"},"headline":"\u0130ngiltere Kral\u0131, d\u00fczensiz g\u00f6\u00e7menlerin Ruanda&#039;ya s\u0131n\u0131r d\u0131\u015f\u0131 edilmesine ili\u015fkin tasar\u0131y\u0131 onaylad\u0131","datePublished":"2024-04-25T13:03:08+00:00","mainEntityOfPage":{"@id":"https:\/\/haberkuzey.com\/index.php\/2024\/04\/25\/ingiltere-krali-duzensiz-gocmenlerin-ruandaya-sinir-disi-edilmesine-iliskin-tasariyi-onayladi\/"},"wordCount":397,"commentCount":0,"image":{"@id":"https:\/\/haberkuzey.com\/index.php\/2024\/04\/25\/ingiltere-krali-duzensiz-gocmenlerin-ruandaya-sinir-disi-edilmesine-iliskin-tasariyi-onayladi\/#primaryimage"},"thumbnailUrl":"https:\/\/haberkuzey.com\/wp-content\/uploads\/2024\/04\/king-charles-aa-2108182.jpg","articleSection":["D\u00fcnya"],"inLanguage":"tr","potentialAction":[{"@type":"CommentAction","name":"Comment","target":["https:\/\/haberkuzey.com\/index.php\/2024\/04\/25\/ingiltere-krali-duzensiz-gocmenlerin-ruandaya-sinir-disi-edilmesine-iliskin-tasariyi-onayladi\/#respond"]}]},{"@type":"WebPage","@id":"https:\/\/haberkuzey.com\/index.php\/2024\/04\/25\/ingiltere-krali-duzensiz-gocmenlerin-ruandaya-sinir-disi-edilmesine-iliskin-tasariyi-onayladi\/","url":"https:\/\/haberkuzey.com\/index.php\/2024\/04\/25\/ingiltere-krali-duzensiz-gocmenlerin-ruandaya-sinir-disi-edilmesine-iliskin-tasariyi-onayladi\/","name":"\u0130ngiltere Kral\u0131, d\u00fczensiz g\u00f6\u00e7menlerin Ruanda&#039;ya s\u0131n\u0131r d\u0131\u015f\u0131 edilmesine ili\u015fkin tasar\u0131y\u0131 onaylad\u0131 - Haber Kuzey","isPartOf":{"@id":"https:\/\/haberkuzey.com\/#website"},"primaryImageOfPage":{"@id":"https:\/\/haberkuzey.com\/index.php\/2024\/04\/25\/ingiltere-krali-duzensiz-gocmenlerin-ruandaya-sinir-disi-edilmesine-iliskin-tasariyi-onayladi\/#primaryimage"},"image":{"@id":"https:\/\/haberkuzey.com\/index.php\/2024\/04\/25\/ingiltere-krali-duzensiz-gocmenlerin-ruandaya-sinir-disi-edilmesine-iliskin-tasariyi-onayladi\/#primaryimage"},"thumbnailUrl":"https:\/\/haberkuzey.com\/wp-content\/uploads\/2024\/04\/king-charles-aa-2108182.jpg","datePublished":"2024-04-25T13:03:08+00:00","author":{"@id":"https:\/\/haberkuzey.com\/#\/schema\/person\/3372109ec735f9333f4fa47ebb9605ca"},"breadcrumb":{"@id":"https:\/\/haberkuzey.com\/index.php\/2024\/04\/25\/ingiltere-krali-duzensiz-gocmenlerin-ruandaya-sinir-disi-edilmesine-iliskin-tasariyi-onayladi\/#breadcrumb"},"inLanguage":"tr","potentialAction":[{"@type":"ReadAction","target":["https:\/\/haberkuzey.com\/index.php\/2024\/04\/25\/ingiltere-krali-duzensiz-gocmenlerin-ruandaya-sinir-disi-edilmesine-iliskin-tasariyi-onayladi\/"]}]},{"@type":"ImageObject","inLanguage":"tr","@id":"https:\/\/haberkuzey.com\/index.php\/2024\/04\/25\/ingiltere-krali-duzensiz-gocmenlerin-ruandaya-sinir-disi-edilmesine-iliskin-tasariyi-onayladi\/#primaryimage","url":"https:\/\/haberkuzey.com\/wp-content\/uploads\/2024\/04\/king-charles-aa-2108182.jpg","contentUrl":"https:\/\/haberkuzey.com\/wp-content\/uploads\/2024\/04\/king-charles-aa-2108182.jpg","width":1280,"height":720},{"@type":"BreadcrumbList","@id":"https:\/\/haberkuzey.com\/index.php\/2024\/04\/25\/ingiltere-krali-duzensiz-gocmenlerin-ruandaya-sinir-disi-edilmesine-iliskin-tasariyi-onayladi\/#breadcrumb","itemListElement":[{"@type":"ListItem","position":1,"name":"Anasayfa","item":"https:\/\/haberkuzey.com\/"},{"@type":"ListItem","position":2,"name":"\u0130ngiltere Kral\u0131, d\u00fczensiz g\u00f6\u00e7menlerin Ruanda&#039;ya s\u0131n\u0131r d\u0131\u015f\u0131 edilmesine ili\u015fkin tasar\u0131y\u0131 onaylad\u0131"}]},{"@type":"WebSite","@id":"https:\/\/haberkuzey.com\/#website","url":"https:\/\/haberkuzey.com\/","name":"Haber Kuzey","description":"Do\u011fru Haberin Adresi","potentialAction":[{"@type":"SearchAction","target":{"@type":"EntryPoint","urlTemplate":"https:\/\/haberkuzey.com\/?s={search_term_string}"},"query-input":{"@type":"PropertyValueSpecification","valueRequired":true,"valueName":"search_term_string"}}],"inLanguage":"tr"},{"@type":"Person","@id":"https:\/\/haberkuzey.com\/#\/schema\/person\/3372109ec735f9333f4fa47ebb9605ca","name":"haberkuzey","image":{"@type":"ImageObject","inLanguage":"tr","@id":"https:\/\/secure.gravatar.com\/avatar\/f5fc875574b1575324358c3b9e6a32b8227aa5b74f3fa22e3cadb63e26fcc39c?s=96&d=mm&r=g","url":"https:\/\/secure.gravatar.com\/avatar\/f5fc875574b1575324358c3b9e6a32b8227aa5b74f3fa22e3cadb63e26fcc39c?s=96&d=mm&r=g","contentUrl":"https:\/\/secure.gravatar.com\/avatar\/f5fc875574b1575324358c3b9e6a32b8227aa5b74f3fa22e3cadb63e26fcc39c?s=96&d=mm&r=g","caption":"haberkuzey"},"sameAs":["https:\/\/haberkuzey.com"],"url":"https:\/\/haberkuzey.com\/index.php\/author\/haberkuzey\/"}]}},"_links":{"self":[{"href":"https:\/\/haberkuzey.com\/index.php\/wp-json\/wp\/v2\/posts\/431","targetHints":{"allow":["GET"]}}],"collection":[{"href":"https:\/\/haberkuzey.com\/index.php\/wp-json\/wp\/v2\/posts"}],"about":[{"href":"https:\/\/haberkuzey.com\/index.php\/wp-json\/wp\/v2\/types\/post"}],"author":[{"embeddable":true,"href":"https:\/\/haberkuzey.com\/index.php\/wp-json\/wp\/v2\/users\/1"}],"replies":[{"embeddable":true,"href":"https:\/\/haberkuzey.com\/index.php\/wp-json\/wp\/v2\/comments?post=431"}],"version-history":[{"count":0,"href":"https:\/\/haberkuzey.com\/index.php\/wp-json\/wp\/v2\/posts\/431\/revisions"}],"wp:featuredmedia":[{"embeddable":true,"href":"https:\/\/haberkuzey.com\/index.php\/wp-json\/wp\/v2\/media\/432"}],"wp:attachment":[{"href":"https:\/\/haberkuzey.com\/index.php\/wp-json\/wp\/v2\/media?parent=431"}],"wp:term":[{"taxonomy":"category","embeddable":true,"href":"https:\/\/haberkuzey.com\/index.php\/wp-json\/wp\/v2\/categories?post=431"},{"taxonomy":"post_tag","embeddable":true,"href":"https:\/\/haberkuzey.com\/index.php\/wp-json\/wp\/v2\/tags?post=431"}],"curies":[{"name":"wp","href":"https:\/\/api.w.org\/{rel}","templated":true}]}}