{"id":4162,"date":"2024-06-06T13:42:14","date_gmt":"2024-06-06T10:42:14","guid":{"rendered":"https:\/\/haberkuzey.com\/index.php\/2024\/06\/06\/saglik-bakani-dincyurek-asiri-sicaklardan-korunmak-gerektigi-konusunda-halki-uyardi\/"},"modified":"2024-06-06T13:42:14","modified_gmt":"2024-06-06T10:42:14","slug":"saglik-bakani-dincyurek-asiri-sicaklardan-korunmak-gerektigi-konusunda-halki-uyardi","status":"publish","type":"post","link":"https:\/\/haberkuzey.com\/index.php\/2024\/06\/06\/saglik-bakani-dincyurek-asiri-sicaklardan-korunmak-gerektigi-konusunda-halki-uyardi\/","title":{"rendered":"Sa\u011fl\u0131k Bakan\u0131 Din\u00e7y\u00fcrek, a\u015f\u0131r\u0131 s\u0131caklardan korunmak gerekti\u011fi konusunda halk\u0131 uyard\u0131"},"content":{"rendered":"<div>\n<div class=\"mariselle-image-container none\">\n                                            <\/div>\n<p>Sa\u011fl\u0131k Bakan\u0131\u00a0 Hakan Din\u00e7y\u00fcrek, a\u015f\u0131r\u0131 s\u0131caklardan korunmak gerekti\u011fi konusunda halk\u0131 uyard\u0131.<\/p>\n<p>Bakan Din\u00e7y\u00fcrek yapt\u0131\u011f\u0131 a\u00e7\u0131klamada, \u00f6zellikle g\u00fcn\u00fcn en s\u0131cak saatleri olan 11.00-16.00 aras\u0131nda mecbur kal\u0131nmad\u0131k\u00e7a d\u0131\u015far\u0131 \u00e7\u0131k\u0131lmamas\u0131 gerekti\u011fini, s\u0131k su ve s\u0131v\u0131 t\u00fcketmenin \u00f6nemli oldu\u011funu vurgulad\u0131.<\/p>\n<p>A\u00e7\u0131k renkli, hafif k\u0131yafetler tercih edilmesi gerekti\u011fini belirten Din\u00e7y\u00fcrek, d\u0131\u015far\u0131ya \u00e7\u0131kma zorunlulu\u011fu varsa \u015fapka tak\u0131lmas\u0131 gerekti\u011fini ve g\u00fcne\u015fin zararl\u0131 \u0131\u015f\u0131nlar\u0131ndan koruyan g\u00fcne\u015f ya\u011f\u0131 ve g\u00fcne\u015f g\u00f6zl\u00fc\u011f\u00fc kullan\u0131lmas\u0131 gerekti\u011fini belirtti.<\/p>\n<p>Din\u00e7y\u00fcrek, a\u011f\u0131r fizik aktivitelerden ka\u00e7\u0131n\u0131lmas\u0131, kalp, solunum ve b\u00f6brek gibi kronik hastal\u0131\u011f\u0131 olan ki\u015filerin, ya\u015fl\u0131lar\u0131n ve bebeklerin \u00f6zellikle g\u00fcne\u015f \u00e7arpmas\u0131 a\u00e7\u0131s\u0131ndan risk alt\u0131nda oldu\u011funu kaydetti.<\/p>\n<p>Din\u00e7y\u00fcrek, bebek, \u00e7ocuk ve hayvanlar\u0131n kapal\u0131 ve park etmi\u015f ara\u00e7larda kesinlikle b\u0131rak\u0131lmamas\u0131 gerekti\u011fini vurgulayarak, ba\u015f a\u011fr\u0131s\u0131, halsizlik, tansiyon d\u00fc\u015fmesi ve bulant\u0131 hissi veya kusma gibi olas\u0131 g\u00fcne\u015f \u00e7arpmas\u0131 belirtileri olmas\u0131 durumunda hemen doktora ba\u015fvurulmas\u0131 gerekti\u011fini ifade etti.<\/p>\n<\/p><\/div>\n<p><script async\n                    defer\n                    crossorigin=\"anonymous\"\n                    src=\"https:\/\/connect.facebook.net\/tr_TR\/sdk.js#xfbml=1&#038;version=v3.3\"\n            ><\/script><\/p>\n","protected":false},"excerpt":{"rendered":"<p>Sa\u011fl\u0131k Bakan\u0131\u00a0 Hakan Din\u00e7y\u00fcrek, a\u015f\u0131r\u0131 s\u0131caklardan korunmak gerekti\u011fi konusunda halk\u0131 uyard\u0131. Bakan Din\u00e7y\u00fcrek yapt\u0131\u011f\u0131 a\u00e7\u0131klamada, \u00f6zellikle g\u00fcn\u00fcn en s\u0131cak saatleri olan 11.00-16.00 aras\u0131nda mecbur kal\u0131nmad\u0131k\u00e7a d\u0131\u015far\u0131 \u00e7\u0131k\u0131lmamas\u0131 gerekti\u011fini, s\u0131k su ve s\u0131v\u0131 t\u00fcketmenin \u00f6nemli oldu\u011funu vurgulad\u0131. A\u00e7\u0131k renkli, hafif k\u0131yafetler tercih edilmesi gerekti\u011fini belirten Din\u00e7y\u00fcrek, d\u0131\u015far\u0131ya \u00e7\u0131kma zorunlulu\u011fu varsa \u015fapka tak\u0131lmas\u0131 gerekti\u011fini ve g\u00fcne\u015fin zararl\u0131 [&hellip;]<\/p>\n","protected":false},"author":1,"featured_media":4163,"comment_status":"open","ping_status":"open","sticky":false,"template":"","format":"standard","meta":{"jnews-multi-image_gallery":[],"jnews_single_post":[],"jnews_primary_category":[],"footnotes":""},"categories":[1],"tags":[],"class_list":["post-4162","post","type-post","status-publish","format-standard","has-post-thumbnail","hentry","category-kibris"],"yoast_head":"<!-- This site is optimized with the Yoast SEO plugin v27.5 - https:\/\/yoast.com\/product\/yoast-seo-wordpress\/ -->\n<title>Sa\u011fl\u0131k Bakan\u0131 Din\u00e7y\u00fcrek, a\u015f\u0131r\u0131 s\u0131caklardan korunmak gerekti\u011fi konusunda halk\u0131 uyard\u0131 - Haber Kuzey<\/title>\n<meta name=\"robots\" content=\"index, follow, max-snippet:-1, max-image-preview:large, max-video-preview:-1\" \/>\n<link rel=\"canonical\" href=\"https:\/\/haberkuzey.com\/index.php\/2024\/06\/06\/saglik-bakani-dincyurek-asiri-sicaklardan-korunmak-gerektigi-konusunda-halki-uyardi\/\" \/>\n<meta property=\"og:locale\" content=\"tr_TR\" \/>\n<meta property=\"og:type\" content=\"article\" \/>\n<meta property=\"og:title\" content=\"Sa\u011fl\u0131k Bakan\u0131 Din\u00e7y\u00fcrek, a\u015f\u0131r\u0131 s\u0131caklardan korunmak gerekti\u011fi konusunda halk\u0131 uyard\u0131 - Haber Kuzey\" \/>\n<meta property=\"og:description\" content=\"Sa\u011fl\u0131k Bakan\u0131\u00a0 Hakan Din\u00e7y\u00fcrek, a\u015f\u0131r\u0131 s\u0131caklardan korunmak gerekti\u011fi konusunda halk\u0131 uyard\u0131. Bakan Din\u00e7y\u00fcrek yapt\u0131\u011f\u0131 a\u00e7\u0131klamada, \u00f6zellikle g\u00fcn\u00fcn en s\u0131cak saatleri olan 11.00-16.00 aras\u0131nda mecbur kal\u0131nmad\u0131k\u00e7a d\u0131\u015far\u0131 \u00e7\u0131k\u0131lmamas\u0131 gerekti\u011fini, s\u0131k su ve s\u0131v\u0131 t\u00fcketmenin \u00f6nemli oldu\u011funu vurgulad\u0131. A\u00e7\u0131k renkli, hafif k\u0131yafetler tercih edilmesi gerekti\u011fini belirten Din\u00e7y\u00fcrek, d\u0131\u015far\u0131ya \u00e7\u0131kma zorunlulu\u011fu varsa \u015fapka tak\u0131lmas\u0131 gerekti\u011fini ve g\u00fcne\u015fin zararl\u0131 [&hellip;]\" \/>\n<meta property=\"og:url\" content=\"https:\/\/haberkuzey.com\/index.php\/2024\/06\/06\/saglik-bakani-dincyurek-asiri-sicaklardan-korunmak-gerektigi-konusunda-halki-uyardi\/\" \/>\n<meta property=\"og:site_name\" content=\"Haber Kuzey\" \/>\n<meta property=\"article:published_time\" content=\"2024-06-06T10:42:14+00:00\" \/>\n<meta property=\"og:image\" content=\"https:\/\/brtk.net\/wp-content\/uploads\/2024\/06\/06\/7222qq3lsiok-hakan-dincyurek-.jpg?ver=7d667efb251c3f2209f716c73bc078e9\" \/>\n<meta name=\"author\" content=\"haberkuzey\" \/>\n<meta name=\"twitter:card\" content=\"summary_large_image\" \/>\n<meta name=\"twitter:label1\" content=\"Yazan:\" \/>\n\t<meta name=\"twitter:data1\" content=\"haberkuzey\" \/>\n\t<meta name=\"twitter:label2\" content=\"Tahmini okuma s\u00fcresi\" \/>\n\t<meta name=\"twitter:data2\" content=\"1 dakika\" \/>\n<script type=\"application\/ld+json\" class=\"yoast-schema-graph\">{\"@context\":\"https:\\\/\\\/schema.org\",\"@graph\":[{\"@type\":\"Article\",\"@id\":\"https:\\\/\\\/haberkuzey.com\\\/index.php\\\/2024\\\/06\\\/06\\\/saglik-bakani-dincyurek-asiri-sicaklardan-korunmak-gerektigi-konusunda-halki-uyardi\\\/#article\",\"isPartOf\":{\"@id\":\"https:\\\/\\\/haberkuzey.com\\\/index.php\\\/2024\\\/06\\\/06\\\/saglik-bakani-dincyurek-asiri-sicaklardan-korunmak-gerektigi-konusunda-halki-uyardi\\\/\"},\"author\":{\"name\":\"haberkuzey\",\"@id\":\"https:\\\/\\\/haberkuzey.com\\\/#\\\/schema\\\/person\\\/3372109ec735f9333f4fa47ebb9605ca\"},\"headline\":\"Sa\u011fl\u0131k Bakan\u0131 Din\u00e7y\u00fcrek, a\u015f\u0131r\u0131 s\u0131caklardan korunmak gerekti\u011fi konusunda halk\u0131 uyard\u0131\",\"datePublished\":\"2024-06-06T10:42:14+00:00\",\"mainEntityOfPage\":{\"@id\":\"https:\\\/\\\/haberkuzey.com\\\/index.php\\\/2024\\\/06\\\/06\\\/saglik-bakani-dincyurek-asiri-sicaklardan-korunmak-gerektigi-konusunda-halki-uyardi\\\/\"},\"wordCount\":214,\"commentCount\":0,\"image\":{\"@id\":\"https:\\\/\\\/haberkuzey.com\\\/index.php\\\/2024\\\/06\\\/06\\\/saglik-bakani-dincyurek-asiri-sicaklardan-korunmak-gerektigi-konusunda-halki-uyardi\\\/#primaryimage\"},\"thumbnailUrl\":\"https:\\\/\\\/haberkuzey.com\\\/wp-content\\\/uploads\\\/2024\\\/06\\\/7222qq3lsiok-hakan-dincyurek-.jpg\",\"articleSection\":[\"K\u0131br\u0131s\"],\"inLanguage\":\"tr\",\"potentialAction\":[{\"@type\":\"CommentAction\",\"name\":\"Comment\",\"target\":[\"https:\\\/\\\/haberkuzey.com\\\/index.php\\\/2024\\\/06\\\/06\\\/saglik-bakani-dincyurek-asiri-sicaklardan-korunmak-gerektigi-konusunda-halki-uyardi\\\/#respond\"]}]},{\"@type\":\"WebPage\",\"@id\":\"https:\\\/\\\/haberkuzey.com\\\/index.php\\\/2024\\\/06\\\/06\\\/saglik-bakani-dincyurek-asiri-sicaklardan-korunmak-gerektigi-konusunda-halki-uyardi\\\/\",\"url\":\"https:\\\/\\\/haberkuzey.com\\\/index.php\\\/2024\\\/06\\\/06\\\/saglik-bakani-dincyurek-asiri-sicaklardan-korunmak-gerektigi-konusunda-halki-uyardi\\\/\",\"name\":\"Sa\u011fl\u0131k Bakan\u0131 Din\u00e7y\u00fcrek, a\u015f\u0131r\u0131 s\u0131caklardan korunmak gerekti\u011fi konusunda halk\u0131 uyard\u0131 - Haber Kuzey\",\"isPartOf\":{\"@id\":\"https:\\\/\\\/haberkuzey.com\\\/#website\"},\"primaryImageOfPage\":{\"@id\":\"https:\\\/\\\/haberkuzey.com\\\/index.php\\\/2024\\\/06\\\/06\\\/saglik-bakani-dincyurek-asiri-sicaklardan-korunmak-gerektigi-konusunda-halki-uyardi\\\/#primaryimage\"},\"image\":{\"@id\":\"https:\\\/\\\/haberkuzey.com\\\/index.php\\\/2024\\\/06\\\/06\\\/saglik-bakani-dincyurek-asiri-sicaklardan-korunmak-gerektigi-konusunda-halki-uyardi\\\/#primaryimage\"},\"thumbnailUrl\":\"https:\\\/\\\/haberkuzey.com\\\/wp-content\\\/uploads\\\/2024\\\/06\\\/7222qq3lsiok-hakan-dincyurek-.jpg\",\"datePublished\":\"2024-06-06T10:42:14+00:00\",\"author\":{\"@id\":\"https:\\\/\\\/haberkuzey.com\\\/#\\\/schema\\\/person\\\/3372109ec735f9333f4fa47ebb9605ca\"},\"breadcrumb\":{\"@id\":\"https:\\\/\\\/haberkuzey.com\\\/index.php\\\/2024\\\/06\\\/06\\\/saglik-bakani-dincyurek-asiri-sicaklardan-korunmak-gerektigi-konusunda-halki-uyardi\\\/#breadcrumb\"},\"inLanguage\":\"tr\",\"potentialAction\":[{\"@type\":\"ReadAction\",\"target\":[\"https:\\\/\\\/haberkuzey.com\\\/index.php\\\/2024\\\/06\\\/06\\\/saglik-bakani-dincyurek-asiri-sicaklardan-korunmak-gerektigi-konusunda-halki-uyardi\\\/\"]}]},{\"@type\":\"ImageObject\",\"inLanguage\":\"tr\",\"@id\":\"https:\\\/\\\/haberkuzey.com\\\/index.php\\\/2024\\\/06\\\/06\\\/saglik-bakani-dincyurek-asiri-sicaklardan-korunmak-gerektigi-konusunda-halki-uyardi\\\/#primaryimage\",\"url\":\"https:\\\/\\\/haberkuzey.com\\\/wp-content\\\/uploads\\\/2024\\\/06\\\/7222qq3lsiok-hakan-dincyurek-.jpg\",\"contentUrl\":\"https:\\\/\\\/haberkuzey.com\\\/wp-content\\\/uploads\\\/2024\\\/06\\\/7222qq3lsiok-hakan-dincyurek-.jpg\",\"width\":720,\"height\":405},{\"@type\":\"BreadcrumbList\",\"@id\":\"https:\\\/\\\/haberkuzey.com\\\/index.php\\\/2024\\\/06\\\/06\\\/saglik-bakani-dincyurek-asiri-sicaklardan-korunmak-gerektigi-konusunda-halki-uyardi\\\/#breadcrumb\",\"itemListElement\":[{\"@type\":\"ListItem\",\"position\":1,\"name\":\"Anasayfa\",\"item\":\"https:\\\/\\\/haberkuzey.com\\\/\"},{\"@type\":\"ListItem\",\"position\":2,\"name\":\"Sa\u011fl\u0131k Bakan\u0131 Din\u00e7y\u00fcrek, a\u015f\u0131r\u0131 s\u0131caklardan korunmak gerekti\u011fi konusunda halk\u0131 uyard\u0131\"}]},{\"@type\":\"WebSite\",\"@id\":\"https:\\\/\\\/haberkuzey.com\\\/#website\",\"url\":\"https:\\\/\\\/haberkuzey.com\\\/\",\"name\":\"Haber Kuzey\",\"description\":\"Do\u011fru Haberin Adresi\",\"potentialAction\":[{\"@type\":\"SearchAction\",\"target\":{\"@type\":\"EntryPoint\",\"urlTemplate\":\"https:\\\/\\\/haberkuzey.com\\\/?s={search_term_string}\"},\"query-input\":{\"@type\":\"PropertyValueSpecification\",\"valueRequired\":true,\"valueName\":\"search_term_string\"}}],\"inLanguage\":\"tr\"},{\"@type\":\"Person\",\"@id\":\"https:\\\/\\\/haberkuzey.com\\\/#\\\/schema\\\/person\\\/3372109ec735f9333f4fa47ebb9605ca\",\"name\":\"haberkuzey\",\"image\":{\"@type\":\"ImageObject\",\"inLanguage\":\"tr\",\"@id\":\"https:\\\/\\\/secure.gravatar.com\\\/avatar\\\/f5fc875574b1575324358c3b9e6a32b8227aa5b74f3fa22e3cadb63e26fcc39c?s=96&d=mm&r=g\",\"url\":\"https:\\\/\\\/secure.gravatar.com\\\/avatar\\\/f5fc875574b1575324358c3b9e6a32b8227aa5b74f3fa22e3cadb63e26fcc39c?s=96&d=mm&r=g\",\"contentUrl\":\"https:\\\/\\\/secure.gravatar.com\\\/avatar\\\/f5fc875574b1575324358c3b9e6a32b8227aa5b74f3fa22e3cadb63e26fcc39c?s=96&d=mm&r=g\",\"caption\":\"haberkuzey\"},\"sameAs\":[\"https:\\\/\\\/haberkuzey.com\"],\"url\":\"https:\\\/\\\/haberkuzey.com\\\/index.php\\\/author\\\/haberkuzey\\\/\"}]}<\/script>\n<!-- \/ Yoast SEO plugin. -->","yoast_head_json":{"title":"Sa\u011fl\u0131k Bakan\u0131 Din\u00e7y\u00fcrek, a\u015f\u0131r\u0131 s\u0131caklardan korunmak gerekti\u011fi konusunda halk\u0131 uyard\u0131 - Haber Kuzey","robots":{"index":"index","follow":"follow","max-snippet":"max-snippet:-1","max-image-preview":"max-image-preview:large","max-video-preview":"max-video-preview:-1"},"canonical":"https:\/\/haberkuzey.com\/index.php\/2024\/06\/06\/saglik-bakani-dincyurek-asiri-sicaklardan-korunmak-gerektigi-konusunda-halki-uyardi\/","og_locale":"tr_TR","og_type":"article","og_title":"Sa\u011fl\u0131k Bakan\u0131 Din\u00e7y\u00fcrek, a\u015f\u0131r\u0131 s\u0131caklardan korunmak gerekti\u011fi konusunda halk\u0131 uyard\u0131 - Haber Kuzey","og_description":"Sa\u011fl\u0131k Bakan\u0131\u00a0 Hakan Din\u00e7y\u00fcrek, a\u015f\u0131r\u0131 s\u0131caklardan korunmak gerekti\u011fi konusunda halk\u0131 uyard\u0131. Bakan Din\u00e7y\u00fcrek yapt\u0131\u011f\u0131 a\u00e7\u0131klamada, \u00f6zellikle g\u00fcn\u00fcn en s\u0131cak saatleri olan 11.00-16.00 aras\u0131nda mecbur kal\u0131nmad\u0131k\u00e7a d\u0131\u015far\u0131 \u00e7\u0131k\u0131lmamas\u0131 gerekti\u011fini, s\u0131k su ve s\u0131v\u0131 t\u00fcketmenin \u00f6nemli oldu\u011funu vurgulad\u0131. A\u00e7\u0131k renkli, hafif k\u0131yafetler tercih edilmesi gerekti\u011fini belirten Din\u00e7y\u00fcrek, d\u0131\u015far\u0131ya \u00e7\u0131kma zorunlulu\u011fu varsa \u015fapka tak\u0131lmas\u0131 gerekti\u011fini ve g\u00fcne\u015fin zararl\u0131 [&hellip;]","og_url":"https:\/\/haberkuzey.com\/index.php\/2024\/06\/06\/saglik-bakani-dincyurek-asiri-sicaklardan-korunmak-gerektigi-konusunda-halki-uyardi\/","og_site_name":"Haber Kuzey","article_published_time":"2024-06-06T10:42:14+00:00","og_image":[{"url":"https:\/\/brtk.net\/wp-content\/uploads\/2024\/06\/06\/7222qq3lsiok-hakan-dincyurek-.jpg?ver=7d667efb251c3f2209f716c73bc078e9","type":"","width":"","height":""}],"author":"haberkuzey","twitter_card":"summary_large_image","twitter_misc":{"Yazan:":"haberkuzey","Tahmini okuma s\u00fcresi":"1 dakika"},"schema":{"@context":"https:\/\/schema.org","@graph":[{"@type":"Article","@id":"https:\/\/haberkuzey.com\/index.php\/2024\/06\/06\/saglik-bakani-dincyurek-asiri-sicaklardan-korunmak-gerektigi-konusunda-halki-uyardi\/#article","isPartOf":{"@id":"https:\/\/haberkuzey.com\/index.php\/2024\/06\/06\/saglik-bakani-dincyurek-asiri-sicaklardan-korunmak-gerektigi-konusunda-halki-uyardi\/"},"author":{"name":"haberkuzey","@id":"https:\/\/haberkuzey.com\/#\/schema\/person\/3372109ec735f9333f4fa47ebb9605ca"},"headline":"Sa\u011fl\u0131k Bakan\u0131 Din\u00e7y\u00fcrek, a\u015f\u0131r\u0131 s\u0131caklardan korunmak gerekti\u011fi konusunda halk\u0131 uyard\u0131","datePublished":"2024-06-06T10:42:14+00:00","mainEntityOfPage":{"@id":"https:\/\/haberkuzey.com\/index.php\/2024\/06\/06\/saglik-bakani-dincyurek-asiri-sicaklardan-korunmak-gerektigi-konusunda-halki-uyardi\/"},"wordCount":214,"commentCount":0,"image":{"@id":"https:\/\/haberkuzey.com\/index.php\/2024\/06\/06\/saglik-bakani-dincyurek-asiri-sicaklardan-korunmak-gerektigi-konusunda-halki-uyardi\/#primaryimage"},"thumbnailUrl":"https:\/\/haberkuzey.com\/wp-content\/uploads\/2024\/06\/7222qq3lsiok-hakan-dincyurek-.jpg","articleSection":["K\u0131br\u0131s"],"inLanguage":"tr","potentialAction":[{"@type":"CommentAction","name":"Comment","target":["https:\/\/haberkuzey.com\/index.php\/2024\/06\/06\/saglik-bakani-dincyurek-asiri-sicaklardan-korunmak-gerektigi-konusunda-halki-uyardi\/#respond"]}]},{"@type":"WebPage","@id":"https:\/\/haberkuzey.com\/index.php\/2024\/06\/06\/saglik-bakani-dincyurek-asiri-sicaklardan-korunmak-gerektigi-konusunda-halki-uyardi\/","url":"https:\/\/haberkuzey.com\/index.php\/2024\/06\/06\/saglik-bakani-dincyurek-asiri-sicaklardan-korunmak-gerektigi-konusunda-halki-uyardi\/","name":"Sa\u011fl\u0131k Bakan\u0131 Din\u00e7y\u00fcrek, a\u015f\u0131r\u0131 s\u0131caklardan korunmak gerekti\u011fi konusunda halk\u0131 uyard\u0131 - Haber Kuzey","isPartOf":{"@id":"https:\/\/haberkuzey.com\/#website"},"primaryImageOfPage":{"@id":"https:\/\/haberkuzey.com\/index.php\/2024\/06\/06\/saglik-bakani-dincyurek-asiri-sicaklardan-korunmak-gerektigi-konusunda-halki-uyardi\/#primaryimage"},"image":{"@id":"https:\/\/haberkuzey.com\/index.php\/2024\/06\/06\/saglik-bakani-dincyurek-asiri-sicaklardan-korunmak-gerektigi-konusunda-halki-uyardi\/#primaryimage"},"thumbnailUrl":"https:\/\/haberkuzey.com\/wp-content\/uploads\/2024\/06\/7222qq3lsiok-hakan-dincyurek-.jpg","datePublished":"2024-06-06T10:42:14+00:00","author":{"@id":"https:\/\/haberkuzey.com\/#\/schema\/person\/3372109ec735f9333f4fa47ebb9605ca"},"breadcrumb":{"@id":"https:\/\/haberkuzey.com\/index.php\/2024\/06\/06\/saglik-bakani-dincyurek-asiri-sicaklardan-korunmak-gerektigi-konusunda-halki-uyardi\/#breadcrumb"},"inLanguage":"tr","potentialAction":[{"@type":"ReadAction","target":["https:\/\/haberkuzey.com\/index.php\/2024\/06\/06\/saglik-bakani-dincyurek-asiri-sicaklardan-korunmak-gerektigi-konusunda-halki-uyardi\/"]}]},{"@type":"ImageObject","inLanguage":"tr","@id":"https:\/\/haberkuzey.com\/index.php\/2024\/06\/06\/saglik-bakani-dincyurek-asiri-sicaklardan-korunmak-gerektigi-konusunda-halki-uyardi\/#primaryimage","url":"https:\/\/haberkuzey.com\/wp-content\/uploads\/2024\/06\/7222qq3lsiok-hakan-dincyurek-.jpg","contentUrl":"https:\/\/haberkuzey.com\/wp-content\/uploads\/2024\/06\/7222qq3lsiok-hakan-dincyurek-.jpg","width":720,"height":405},{"@type":"BreadcrumbList","@id":"https:\/\/haberkuzey.com\/index.php\/2024\/06\/06\/saglik-bakani-dincyurek-asiri-sicaklardan-korunmak-gerektigi-konusunda-halki-uyardi\/#breadcrumb","itemListElement":[{"@type":"ListItem","position":1,"name":"Anasayfa","item":"https:\/\/haberkuzey.com\/"},{"@type":"ListItem","position":2,"name":"Sa\u011fl\u0131k Bakan\u0131 Din\u00e7y\u00fcrek, a\u015f\u0131r\u0131 s\u0131caklardan korunmak gerekti\u011fi konusunda halk\u0131 uyard\u0131"}]},{"@type":"WebSite","@id":"https:\/\/haberkuzey.com\/#website","url":"https:\/\/haberkuzey.com\/","name":"Haber Kuzey","description":"Do\u011fru Haberin Adresi","potentialAction":[{"@type":"SearchAction","target":{"@type":"EntryPoint","urlTemplate":"https:\/\/haberkuzey.com\/?s={search_term_string}"},"query-input":{"@type":"PropertyValueSpecification","valueRequired":true,"valueName":"search_term_string"}}],"inLanguage":"tr"},{"@type":"Person","@id":"https:\/\/haberkuzey.com\/#\/schema\/person\/3372109ec735f9333f4fa47ebb9605ca","name":"haberkuzey","image":{"@type":"ImageObject","inLanguage":"tr","@id":"https:\/\/secure.gravatar.com\/avatar\/f5fc875574b1575324358c3b9e6a32b8227aa5b74f3fa22e3cadb63e26fcc39c?s=96&d=mm&r=g","url":"https:\/\/secure.gravatar.com\/avatar\/f5fc875574b1575324358c3b9e6a32b8227aa5b74f3fa22e3cadb63e26fcc39c?s=96&d=mm&r=g","contentUrl":"https:\/\/secure.gravatar.com\/avatar\/f5fc875574b1575324358c3b9e6a32b8227aa5b74f3fa22e3cadb63e26fcc39c?s=96&d=mm&r=g","caption":"haberkuzey"},"sameAs":["https:\/\/haberkuzey.com"],"url":"https:\/\/haberkuzey.com\/index.php\/author\/haberkuzey\/"}]}},"_links":{"self":[{"href":"https:\/\/haberkuzey.com\/index.php\/wp-json\/wp\/v2\/posts\/4162","targetHints":{"allow":["GET"]}}],"collection":[{"href":"https:\/\/haberkuzey.com\/index.php\/wp-json\/wp\/v2\/posts"}],"about":[{"href":"https:\/\/haberkuzey.com\/index.php\/wp-json\/wp\/v2\/types\/post"}],"author":[{"embeddable":true,"href":"https:\/\/haberkuzey.com\/index.php\/wp-json\/wp\/v2\/users\/1"}],"replies":[{"embeddable":true,"href":"https:\/\/haberkuzey.com\/index.php\/wp-json\/wp\/v2\/comments?post=4162"}],"version-history":[{"count":0,"href":"https:\/\/haberkuzey.com\/index.php\/wp-json\/wp\/v2\/posts\/4162\/revisions"}],"wp:featuredmedia":[{"embeddable":true,"href":"https:\/\/haberkuzey.com\/index.php\/wp-json\/wp\/v2\/media\/4163"}],"wp:attachment":[{"href":"https:\/\/haberkuzey.com\/index.php\/wp-json\/wp\/v2\/media?parent=4162"}],"wp:term":[{"taxonomy":"category","embeddable":true,"href":"https:\/\/haberkuzey.com\/index.php\/wp-json\/wp\/v2\/categories?post=4162"},{"taxonomy":"post_tag","embeddable":true,"href":"https:\/\/haberkuzey.com\/index.php\/wp-json\/wp\/v2\/tags?post=4162"}],"curies":[{"name":"wp","href":"https:\/\/api.w.org\/{rel}","templated":true}]}}