{"id":405,"date":"2024-04-25T14:51:10","date_gmt":"2024-04-25T11:51:10","guid":{"rendered":"https:\/\/kuzeyinsesi.com\/index.php\/2024\/04\/25\/ctp-annan-plani-referandumu-20nci-yili-nedeniyle-kugulu-parkta-etkinlik-duzenledi\/"},"modified":"2024-04-25T14:51:10","modified_gmt":"2024-04-25T11:51:10","slug":"ctp-annan-plani-referandumu-20nci-yili-nedeniyle-kugulu-parkta-etkinlik-duzenledi","status":"publish","type":"post","link":"https:\/\/haberkuzey.com\/index.php\/2024\/04\/25\/ctp-annan-plani-referandumu-20nci-yili-nedeniyle-kugulu-parkta-etkinlik-duzenledi\/","title":{"rendered":"CTP, Annan Plan\u0131 Referandumu 20\u2019nci y\u0131l\u0131 nedeniyle Ku\u011fulu Park\u2019ta etkinlik d\u00fczenledi"},"content":{"rendered":"<div>\n<div class=\"mariselle-image-container center\">\n                                            <\/div>\n<p> Cumhuriyet\u00e7i T\u00fcrk Partisi\u2019nin (CTP) Annan Plan\u0131 Referandumu\u2019nun 20\u2019nci y\u0131l\u0131 nedeniyle \u201cBu \u00dclke Biziz, Var\u0131z, Tarih Yazar\u0131z\u201d ba\u015fl\u0131\u011f\u0131 alt\u0131nda organize etti\u011fi etkinlikler, d\u00fcn Lefko\u015fa Ku\u011fulu Park\u2019ta ger\u00e7ekle\u015ftirilen konserle sona erdi. <\/p>\n<p>CTP\u2019den yap\u0131lan a\u00e7\u0131klamaya g\u00f6re, konserde Let\u2019s Sing Together Band, Deniz Tekin ve Umut Albayrak sahne ald\u0131, kat\u0131l\u0131mc\u0131lar \u201cK\u0131br\u0131s\u2019ta bar\u0131\u015f engellenemez.\u201d sloganlar\u0131 att\u0131. <\/p>\n<p>Gazeteci Cenk Mutluyakal\u0131 ile Sami \u00d6zuslu da konser \u00f6ncesi sunum yaparak d\u00f6neme dair an\u0131lar\u0131n\u0131 payla\u015ft\u0131lar. <\/p>\n<p>CTP Genel Sekreteri As\u0131m Akansoy, konser \u00f6ncesi yapt\u0131\u011f\u0131 konu\u015fmada, bir haftad\u0131r \u00e7ok yo\u011fun bir \u015fekilde Annan Plan\u0131\u2019n\u0131n 20\u2019nci y\u0131l\u0131 ile ilgili etkinlikler yapt\u0131klar\u0131n\u0131 kaydederek, \u201cDerdimiz, K\u0131br\u0131s\u2019ta bar\u0131\u015fa varabilmek i\u00e7in sorgulamak, tart\u0131\u015fmak ve yeniden anlamakt\u0131r.\u201d dedi. \u00c7\u0131kar\u0131lacak dersler oldu\u011funa i\u015faret eden Akansoy, \u201cGe\u00e7mi\u015fte ya\u015fananlardan ders \u00e7\u0131karmadan \u00f6n\u00fcm\u00fcz\u00fc g\u00f6remeyiz.\u201d diye konu\u015ftu.<\/p>\n<p>Ger\u00e7ekle\u015ftirdikleri etkinliklerle bir fark\u0131ndal\u0131k yarat\u0131ld\u0131\u011f\u0131n\u0131 s\u00f6yleyen Akansoy, CTP\u2019nin K\u0131br\u0131s\u2019ta iki b\u00f6lgeli, iki toplumlu, siyasal e\u015fitli\u011fe dayal\u0131 federasyon i\u00e7in m\u00fccadelesinin, kararl\u0131l\u0131kla s\u00fcrece\u011fine vurgu yapt\u0131. As\u0131m Akansoy, \u201cBu konuda verece\u011fimiz m\u00fccadele sadece CTP\u2019liler olarak de\u011fil, t\u00fcm \u00e7\u00f6z\u00fcm g\u00fc\u00e7leriyle kucakla\u015farak, kararl\u0131l\u0131kla ve cesaretle olacakt\u0131r. Yolumuza devam edece\u011fiz.\u201d diye ekledi.<\/p>\n<\/p><\/div>\n<p><script async\n                    defer\n                    crossorigin=\"anonymous\"\n                    src=\"https:\/\/connect.facebook.net\/tr_TR\/sdk.js#xfbml=1&#038;version=v3.3\"\n            ><\/script><\/p>\n","protected":false},"excerpt":{"rendered":"<p>Cumhuriyet\u00e7i T\u00fcrk Partisi\u2019nin (CTP) Annan Plan\u0131 Referandumu\u2019nun 20\u2019nci y\u0131l\u0131 nedeniyle \u201cBu \u00dclke Biziz, Var\u0131z, Tarih Yazar\u0131z\u201d ba\u015fl\u0131\u011f\u0131 alt\u0131nda organize etti\u011fi etkinlikler, d\u00fcn Lefko\u015fa Ku\u011fulu Park\u2019ta ger\u00e7ekle\u015ftirilen konserle sona erdi. CTP\u2019den yap\u0131lan a\u00e7\u0131klamaya g\u00f6re, konserde Let\u2019s Sing Together Band, Deniz Tekin ve Umut Albayrak sahne ald\u0131, kat\u0131l\u0131mc\u0131lar \u201cK\u0131br\u0131s\u2019ta bar\u0131\u015f engellenemez.\u201d sloganlar\u0131 att\u0131. Gazeteci Cenk Mutluyakal\u0131 ile [&hellip;]<\/p>\n","protected":false},"author":1,"featured_media":406,"comment_status":"open","ping_status":"open","sticky":false,"template":"","format":"standard","meta":{"jnews-multi-image_gallery":[],"jnews_single_post":[],"jnews_primary_category":[],"footnotes":""},"categories":[1],"tags":[],"class_list":["post-405","post","type-post","status-publish","format-standard","has-post-thumbnail","hentry","category-kibris"],"yoast_head":"<!-- This site is optimized with the Yoast SEO plugin v27.5 - https:\/\/yoast.com\/product\/yoast-seo-wordpress\/ -->\n<title>CTP, Annan Plan\u0131 Referandumu 20\u2019nci y\u0131l\u0131 nedeniyle Ku\u011fulu Park\u2019ta etkinlik d\u00fczenledi - Haber Kuzey<\/title>\n<meta name=\"robots\" content=\"index, follow, max-snippet:-1, max-image-preview:large, max-video-preview:-1\" \/>\n<link rel=\"canonical\" href=\"https:\/\/haberkuzey.com\/index.php\/2024\/04\/25\/ctp-annan-plani-referandumu-20nci-yili-nedeniyle-kugulu-parkta-etkinlik-duzenledi\/\" \/>\n<meta property=\"og:locale\" content=\"tr_TR\" \/>\n<meta property=\"og:type\" content=\"article\" \/>\n<meta property=\"og:title\" content=\"CTP, Annan Plan\u0131 Referandumu 20\u2019nci y\u0131l\u0131 nedeniyle Ku\u011fulu Park\u2019ta etkinlik d\u00fczenledi - Haber Kuzey\" \/>\n<meta property=\"og:description\" content=\"Cumhuriyet\u00e7i T\u00fcrk Partisi\u2019nin (CTP) Annan Plan\u0131 Referandumu\u2019nun 20\u2019nci y\u0131l\u0131 nedeniyle \u201cBu \u00dclke Biziz, Var\u0131z, Tarih Yazar\u0131z\u201d ba\u015fl\u0131\u011f\u0131 alt\u0131nda organize etti\u011fi etkinlikler, d\u00fcn Lefko\u015fa Ku\u011fulu Park\u2019ta ger\u00e7ekle\u015ftirilen konserle sona erdi. CTP\u2019den yap\u0131lan a\u00e7\u0131klamaya g\u00f6re, konserde Let\u2019s Sing Together Band, Deniz Tekin ve Umut Albayrak sahne ald\u0131, kat\u0131l\u0131mc\u0131lar \u201cK\u0131br\u0131s\u2019ta bar\u0131\u015f engellenemez.\u201d sloganlar\u0131 att\u0131. Gazeteci Cenk Mutluyakal\u0131 ile [&hellip;]\" \/>\n<meta property=\"og:url\" content=\"https:\/\/haberkuzey.com\/index.php\/2024\/04\/25\/ctp-annan-plani-referandumu-20nci-yili-nedeniyle-kugulu-parkta-etkinlik-duzenledi\/\" \/>\n<meta property=\"og:site_name\" content=\"Haber Kuzey\" \/>\n<meta property=\"article:published_time\" content=\"2024-04-25T11:51:10+00:00\" \/>\n<meta property=\"og:image\" content=\"https:\/\/haberkuzey.com\/wp-content\/uploads\/2024\/04\/assdksa-scaled-1.jpg\" \/>\n\t<meta property=\"og:image:width\" content=\"2560\" \/>\n\t<meta property=\"og:image:height\" content=\"1703\" \/>\n\t<meta property=\"og:image:type\" content=\"image\/jpeg\" \/>\n<meta name=\"author\" content=\"haberkuzey\" \/>\n<meta name=\"twitter:card\" content=\"summary_large_image\" \/>\n<meta name=\"twitter:label1\" content=\"Yazan:\" \/>\n\t<meta name=\"twitter:data1\" content=\"haberkuzey\" \/>\n\t<meta name=\"twitter:label2\" content=\"Tahmini okuma s\u00fcresi\" \/>\n\t<meta name=\"twitter:data2\" content=\"1 dakika\" \/>\n<script type=\"application\/ld+json\" class=\"yoast-schema-graph\">{\"@context\":\"https:\\\/\\\/schema.org\",\"@graph\":[{\"@type\":\"Article\",\"@id\":\"https:\\\/\\\/haberkuzey.com\\\/index.php\\\/2024\\\/04\\\/25\\\/ctp-annan-plani-referandumu-20nci-yili-nedeniyle-kugulu-parkta-etkinlik-duzenledi\\\/#article\",\"isPartOf\":{\"@id\":\"https:\\\/\\\/haberkuzey.com\\\/index.php\\\/2024\\\/04\\\/25\\\/ctp-annan-plani-referandumu-20nci-yili-nedeniyle-kugulu-parkta-etkinlik-duzenledi\\\/\"},\"author\":{\"name\":\"haberkuzey\",\"@id\":\"https:\\\/\\\/haberkuzey.com\\\/#\\\/schema\\\/person\\\/3372109ec735f9333f4fa47ebb9605ca\"},\"headline\":\"CTP, Annan Plan\u0131 Referandumu 20\u2019nci y\u0131l\u0131 nedeniyle Ku\u011fulu Park\u2019ta etkinlik d\u00fczenledi\",\"datePublished\":\"2024-04-25T11:51:10+00:00\",\"mainEntityOfPage\":{\"@id\":\"https:\\\/\\\/haberkuzey.com\\\/index.php\\\/2024\\\/04\\\/25\\\/ctp-annan-plani-referandumu-20nci-yili-nedeniyle-kugulu-parkta-etkinlik-duzenledi\\\/\"},\"wordCount\":267,\"commentCount\":0,\"image\":{\"@id\":\"https:\\\/\\\/haberkuzey.com\\\/index.php\\\/2024\\\/04\\\/25\\\/ctp-annan-plani-referandumu-20nci-yili-nedeniyle-kugulu-parkta-etkinlik-duzenledi\\\/#primaryimage\"},\"thumbnailUrl\":\"https:\\\/\\\/haberkuzey.com\\\/wp-content\\\/uploads\\\/2024\\\/04\\\/assdksa-scaled-1.jpg\",\"articleSection\":[\"K\u0131br\u0131s\"],\"inLanguage\":\"tr\",\"potentialAction\":[{\"@type\":\"CommentAction\",\"name\":\"Comment\",\"target\":[\"https:\\\/\\\/haberkuzey.com\\\/index.php\\\/2024\\\/04\\\/25\\\/ctp-annan-plani-referandumu-20nci-yili-nedeniyle-kugulu-parkta-etkinlik-duzenledi\\\/#respond\"]}]},{\"@type\":\"WebPage\",\"@id\":\"https:\\\/\\\/haberkuzey.com\\\/index.php\\\/2024\\\/04\\\/25\\\/ctp-annan-plani-referandumu-20nci-yili-nedeniyle-kugulu-parkta-etkinlik-duzenledi\\\/\",\"url\":\"https:\\\/\\\/haberkuzey.com\\\/index.php\\\/2024\\\/04\\\/25\\\/ctp-annan-plani-referandumu-20nci-yili-nedeniyle-kugulu-parkta-etkinlik-duzenledi\\\/\",\"name\":\"CTP, Annan Plan\u0131 Referandumu 20\u2019nci y\u0131l\u0131 nedeniyle Ku\u011fulu Park\u2019ta etkinlik d\u00fczenledi - Haber Kuzey\",\"isPartOf\":{\"@id\":\"https:\\\/\\\/haberkuzey.com\\\/#website\"},\"primaryImageOfPage\":{\"@id\":\"https:\\\/\\\/haberkuzey.com\\\/index.php\\\/2024\\\/04\\\/25\\\/ctp-annan-plani-referandumu-20nci-yili-nedeniyle-kugulu-parkta-etkinlik-duzenledi\\\/#primaryimage\"},\"image\":{\"@id\":\"https:\\\/\\\/haberkuzey.com\\\/index.php\\\/2024\\\/04\\\/25\\\/ctp-annan-plani-referandumu-20nci-yili-nedeniyle-kugulu-parkta-etkinlik-duzenledi\\\/#primaryimage\"},\"thumbnailUrl\":\"https:\\\/\\\/haberkuzey.com\\\/wp-content\\\/uploads\\\/2024\\\/04\\\/assdksa-scaled-1.jpg\",\"datePublished\":\"2024-04-25T11:51:10+00:00\",\"author\":{\"@id\":\"https:\\\/\\\/haberkuzey.com\\\/#\\\/schema\\\/person\\\/3372109ec735f9333f4fa47ebb9605ca\"},\"breadcrumb\":{\"@id\":\"https:\\\/\\\/haberkuzey.com\\\/index.php\\\/2024\\\/04\\\/25\\\/ctp-annan-plani-referandumu-20nci-yili-nedeniyle-kugulu-parkta-etkinlik-duzenledi\\\/#breadcrumb\"},\"inLanguage\":\"tr\",\"potentialAction\":[{\"@type\":\"ReadAction\",\"target\":[\"https:\\\/\\\/haberkuzey.com\\\/index.php\\\/2024\\\/04\\\/25\\\/ctp-annan-plani-referandumu-20nci-yili-nedeniyle-kugulu-parkta-etkinlik-duzenledi\\\/\"]}]},{\"@type\":\"ImageObject\",\"inLanguage\":\"tr\",\"@id\":\"https:\\\/\\\/haberkuzey.com\\\/index.php\\\/2024\\\/04\\\/25\\\/ctp-annan-plani-referandumu-20nci-yili-nedeniyle-kugulu-parkta-etkinlik-duzenledi\\\/#primaryimage\",\"url\":\"https:\\\/\\\/haberkuzey.com\\\/wp-content\\\/uploads\\\/2024\\\/04\\\/assdksa-scaled-1.jpg\",\"contentUrl\":\"https:\\\/\\\/haberkuzey.com\\\/wp-content\\\/uploads\\\/2024\\\/04\\\/assdksa-scaled-1.jpg\",\"width\":2560,\"height\":1703},{\"@type\":\"BreadcrumbList\",\"@id\":\"https:\\\/\\\/haberkuzey.com\\\/index.php\\\/2024\\\/04\\\/25\\\/ctp-annan-plani-referandumu-20nci-yili-nedeniyle-kugulu-parkta-etkinlik-duzenledi\\\/#breadcrumb\",\"itemListElement\":[{\"@type\":\"ListItem\",\"position\":1,\"name\":\"Anasayfa\",\"item\":\"https:\\\/\\\/haberkuzey.com\\\/\"},{\"@type\":\"ListItem\",\"position\":2,\"name\":\"CTP, Annan Plan\u0131 Referandumu 20\u2019nci y\u0131l\u0131 nedeniyle Ku\u011fulu Park\u2019ta etkinlik d\u00fczenledi\"}]},{\"@type\":\"WebSite\",\"@id\":\"https:\\\/\\\/haberkuzey.com\\\/#website\",\"url\":\"https:\\\/\\\/haberkuzey.com\\\/\",\"name\":\"Haber Kuzey\",\"description\":\"Do\u011fru Haberin Adresi\",\"potentialAction\":[{\"@type\":\"SearchAction\",\"target\":{\"@type\":\"EntryPoint\",\"urlTemplate\":\"https:\\\/\\\/haberkuzey.com\\\/?s={search_term_string}\"},\"query-input\":{\"@type\":\"PropertyValueSpecification\",\"valueRequired\":true,\"valueName\":\"search_term_string\"}}],\"inLanguage\":\"tr\"},{\"@type\":\"Person\",\"@id\":\"https:\\\/\\\/haberkuzey.com\\\/#\\\/schema\\\/person\\\/3372109ec735f9333f4fa47ebb9605ca\",\"name\":\"haberkuzey\",\"image\":{\"@type\":\"ImageObject\",\"inLanguage\":\"tr\",\"@id\":\"https:\\\/\\\/secure.gravatar.com\\\/avatar\\\/f5fc875574b1575324358c3b9e6a32b8227aa5b74f3fa22e3cadb63e26fcc39c?s=96&d=mm&r=g\",\"url\":\"https:\\\/\\\/secure.gravatar.com\\\/avatar\\\/f5fc875574b1575324358c3b9e6a32b8227aa5b74f3fa22e3cadb63e26fcc39c?s=96&d=mm&r=g\",\"contentUrl\":\"https:\\\/\\\/secure.gravatar.com\\\/avatar\\\/f5fc875574b1575324358c3b9e6a32b8227aa5b74f3fa22e3cadb63e26fcc39c?s=96&d=mm&r=g\",\"caption\":\"haberkuzey\"},\"sameAs\":[\"https:\\\/\\\/haberkuzey.com\"],\"url\":\"https:\\\/\\\/haberkuzey.com\\\/index.php\\\/author\\\/haberkuzey\\\/\"}]}<\/script>\n<!-- \/ Yoast SEO plugin. -->","yoast_head_json":{"title":"CTP, Annan Plan\u0131 Referandumu 20\u2019nci y\u0131l\u0131 nedeniyle Ku\u011fulu Park\u2019ta etkinlik d\u00fczenledi - Haber Kuzey","robots":{"index":"index","follow":"follow","max-snippet":"max-snippet:-1","max-image-preview":"max-image-preview:large","max-video-preview":"max-video-preview:-1"},"canonical":"https:\/\/haberkuzey.com\/index.php\/2024\/04\/25\/ctp-annan-plani-referandumu-20nci-yili-nedeniyle-kugulu-parkta-etkinlik-duzenledi\/","og_locale":"tr_TR","og_type":"article","og_title":"CTP, Annan Plan\u0131 Referandumu 20\u2019nci y\u0131l\u0131 nedeniyle Ku\u011fulu Park\u2019ta etkinlik d\u00fczenledi - Haber Kuzey","og_description":"Cumhuriyet\u00e7i T\u00fcrk Partisi\u2019nin (CTP) Annan Plan\u0131 Referandumu\u2019nun 20\u2019nci y\u0131l\u0131 nedeniyle \u201cBu \u00dclke Biziz, Var\u0131z, Tarih Yazar\u0131z\u201d ba\u015fl\u0131\u011f\u0131 alt\u0131nda organize etti\u011fi etkinlikler, d\u00fcn Lefko\u015fa Ku\u011fulu Park\u2019ta ger\u00e7ekle\u015ftirilen konserle sona erdi. CTP\u2019den yap\u0131lan a\u00e7\u0131klamaya g\u00f6re, konserde Let\u2019s Sing Together Band, Deniz Tekin ve Umut Albayrak sahne ald\u0131, kat\u0131l\u0131mc\u0131lar \u201cK\u0131br\u0131s\u2019ta bar\u0131\u015f engellenemez.\u201d sloganlar\u0131 att\u0131. Gazeteci Cenk Mutluyakal\u0131 ile [&hellip;]","og_url":"https:\/\/haberkuzey.com\/index.php\/2024\/04\/25\/ctp-annan-plani-referandumu-20nci-yili-nedeniyle-kugulu-parkta-etkinlik-duzenledi\/","og_site_name":"Haber Kuzey","article_published_time":"2024-04-25T11:51:10+00:00","og_image":[{"width":2560,"height":1703,"url":"https:\/\/haberkuzey.com\/wp-content\/uploads\/2024\/04\/assdksa-scaled-1.jpg","type":"image\/jpeg"}],"author":"haberkuzey","twitter_card":"summary_large_image","twitter_misc":{"Yazan:":"haberkuzey","Tahmini okuma s\u00fcresi":"1 dakika"},"schema":{"@context":"https:\/\/schema.org","@graph":[{"@type":"Article","@id":"https:\/\/haberkuzey.com\/index.php\/2024\/04\/25\/ctp-annan-plani-referandumu-20nci-yili-nedeniyle-kugulu-parkta-etkinlik-duzenledi\/#article","isPartOf":{"@id":"https:\/\/haberkuzey.com\/index.php\/2024\/04\/25\/ctp-annan-plani-referandumu-20nci-yili-nedeniyle-kugulu-parkta-etkinlik-duzenledi\/"},"author":{"name":"haberkuzey","@id":"https:\/\/haberkuzey.com\/#\/schema\/person\/3372109ec735f9333f4fa47ebb9605ca"},"headline":"CTP, Annan Plan\u0131 Referandumu 20\u2019nci y\u0131l\u0131 nedeniyle Ku\u011fulu Park\u2019ta etkinlik d\u00fczenledi","datePublished":"2024-04-25T11:51:10+00:00","mainEntityOfPage":{"@id":"https:\/\/haberkuzey.com\/index.php\/2024\/04\/25\/ctp-annan-plani-referandumu-20nci-yili-nedeniyle-kugulu-parkta-etkinlik-duzenledi\/"},"wordCount":267,"commentCount":0,"image":{"@id":"https:\/\/haberkuzey.com\/index.php\/2024\/04\/25\/ctp-annan-plani-referandumu-20nci-yili-nedeniyle-kugulu-parkta-etkinlik-duzenledi\/#primaryimage"},"thumbnailUrl":"https:\/\/haberkuzey.com\/wp-content\/uploads\/2024\/04\/assdksa-scaled-1.jpg","articleSection":["K\u0131br\u0131s"],"inLanguage":"tr","potentialAction":[{"@type":"CommentAction","name":"Comment","target":["https:\/\/haberkuzey.com\/index.php\/2024\/04\/25\/ctp-annan-plani-referandumu-20nci-yili-nedeniyle-kugulu-parkta-etkinlik-duzenledi\/#respond"]}]},{"@type":"WebPage","@id":"https:\/\/haberkuzey.com\/index.php\/2024\/04\/25\/ctp-annan-plani-referandumu-20nci-yili-nedeniyle-kugulu-parkta-etkinlik-duzenledi\/","url":"https:\/\/haberkuzey.com\/index.php\/2024\/04\/25\/ctp-annan-plani-referandumu-20nci-yili-nedeniyle-kugulu-parkta-etkinlik-duzenledi\/","name":"CTP, Annan Plan\u0131 Referandumu 20\u2019nci y\u0131l\u0131 nedeniyle Ku\u011fulu Park\u2019ta etkinlik d\u00fczenledi - Haber Kuzey","isPartOf":{"@id":"https:\/\/haberkuzey.com\/#website"},"primaryImageOfPage":{"@id":"https:\/\/haberkuzey.com\/index.php\/2024\/04\/25\/ctp-annan-plani-referandumu-20nci-yili-nedeniyle-kugulu-parkta-etkinlik-duzenledi\/#primaryimage"},"image":{"@id":"https:\/\/haberkuzey.com\/index.php\/2024\/04\/25\/ctp-annan-plani-referandumu-20nci-yili-nedeniyle-kugulu-parkta-etkinlik-duzenledi\/#primaryimage"},"thumbnailUrl":"https:\/\/haberkuzey.com\/wp-content\/uploads\/2024\/04\/assdksa-scaled-1.jpg","datePublished":"2024-04-25T11:51:10+00:00","author":{"@id":"https:\/\/haberkuzey.com\/#\/schema\/person\/3372109ec735f9333f4fa47ebb9605ca"},"breadcrumb":{"@id":"https:\/\/haberkuzey.com\/index.php\/2024\/04\/25\/ctp-annan-plani-referandumu-20nci-yili-nedeniyle-kugulu-parkta-etkinlik-duzenledi\/#breadcrumb"},"inLanguage":"tr","potentialAction":[{"@type":"ReadAction","target":["https:\/\/haberkuzey.com\/index.php\/2024\/04\/25\/ctp-annan-plani-referandumu-20nci-yili-nedeniyle-kugulu-parkta-etkinlik-duzenledi\/"]}]},{"@type":"ImageObject","inLanguage":"tr","@id":"https:\/\/haberkuzey.com\/index.php\/2024\/04\/25\/ctp-annan-plani-referandumu-20nci-yili-nedeniyle-kugulu-parkta-etkinlik-duzenledi\/#primaryimage","url":"https:\/\/haberkuzey.com\/wp-content\/uploads\/2024\/04\/assdksa-scaled-1.jpg","contentUrl":"https:\/\/haberkuzey.com\/wp-content\/uploads\/2024\/04\/assdksa-scaled-1.jpg","width":2560,"height":1703},{"@type":"BreadcrumbList","@id":"https:\/\/haberkuzey.com\/index.php\/2024\/04\/25\/ctp-annan-plani-referandumu-20nci-yili-nedeniyle-kugulu-parkta-etkinlik-duzenledi\/#breadcrumb","itemListElement":[{"@type":"ListItem","position":1,"name":"Anasayfa","item":"https:\/\/haberkuzey.com\/"},{"@type":"ListItem","position":2,"name":"CTP, Annan Plan\u0131 Referandumu 20\u2019nci y\u0131l\u0131 nedeniyle Ku\u011fulu Park\u2019ta etkinlik d\u00fczenledi"}]},{"@type":"WebSite","@id":"https:\/\/haberkuzey.com\/#website","url":"https:\/\/haberkuzey.com\/","name":"Haber Kuzey","description":"Do\u011fru Haberin Adresi","potentialAction":[{"@type":"SearchAction","target":{"@type":"EntryPoint","urlTemplate":"https:\/\/haberkuzey.com\/?s={search_term_string}"},"query-input":{"@type":"PropertyValueSpecification","valueRequired":true,"valueName":"search_term_string"}}],"inLanguage":"tr"},{"@type":"Person","@id":"https:\/\/haberkuzey.com\/#\/schema\/person\/3372109ec735f9333f4fa47ebb9605ca","name":"haberkuzey","image":{"@type":"ImageObject","inLanguage":"tr","@id":"https:\/\/secure.gravatar.com\/avatar\/f5fc875574b1575324358c3b9e6a32b8227aa5b74f3fa22e3cadb63e26fcc39c?s=96&d=mm&r=g","url":"https:\/\/secure.gravatar.com\/avatar\/f5fc875574b1575324358c3b9e6a32b8227aa5b74f3fa22e3cadb63e26fcc39c?s=96&d=mm&r=g","contentUrl":"https:\/\/secure.gravatar.com\/avatar\/f5fc875574b1575324358c3b9e6a32b8227aa5b74f3fa22e3cadb63e26fcc39c?s=96&d=mm&r=g","caption":"haberkuzey"},"sameAs":["https:\/\/haberkuzey.com"],"url":"https:\/\/haberkuzey.com\/index.php\/author\/haberkuzey\/"}]}},"_links":{"self":[{"href":"https:\/\/haberkuzey.com\/index.php\/wp-json\/wp\/v2\/posts\/405","targetHints":{"allow":["GET"]}}],"collection":[{"href":"https:\/\/haberkuzey.com\/index.php\/wp-json\/wp\/v2\/posts"}],"about":[{"href":"https:\/\/haberkuzey.com\/index.php\/wp-json\/wp\/v2\/types\/post"}],"author":[{"embeddable":true,"href":"https:\/\/haberkuzey.com\/index.php\/wp-json\/wp\/v2\/users\/1"}],"replies":[{"embeddable":true,"href":"https:\/\/haberkuzey.com\/index.php\/wp-json\/wp\/v2\/comments?post=405"}],"version-history":[{"count":0,"href":"https:\/\/haberkuzey.com\/index.php\/wp-json\/wp\/v2\/posts\/405\/revisions"}],"wp:featuredmedia":[{"embeddable":true,"href":"https:\/\/haberkuzey.com\/index.php\/wp-json\/wp\/v2\/media\/406"}],"wp:attachment":[{"href":"https:\/\/haberkuzey.com\/index.php\/wp-json\/wp\/v2\/media?parent=405"}],"wp:term":[{"taxonomy":"category","embeddable":true,"href":"https:\/\/haberkuzey.com\/index.php\/wp-json\/wp\/v2\/categories?post=405"},{"taxonomy":"post_tag","embeddable":true,"href":"https:\/\/haberkuzey.com\/index.php\/wp-json\/wp\/v2\/tags?post=405"}],"curies":[{"name":"wp","href":"https:\/\/api.w.org\/{rel}","templated":true}]}}