{"id":383,"date":"2024-04-25T11:59:27","date_gmt":"2024-04-25T08:59:27","guid":{"rendered":"https:\/\/kuzeyinsesi.com\/index.php\/2024\/04\/25\/sivil-yahudi-isgalciler-mescidi-aksaya-baskin-duzenledi\/"},"modified":"2024-04-25T11:59:27","modified_gmt":"2024-04-25T08:59:27","slug":"sivil-yahudi-isgalciler-mescidi-aksaya-baskin-duzenledi","status":"publish","type":"post","link":"https:\/\/haberkuzey.com\/index.php\/2024\/04\/25\/sivil-yahudi-isgalciler-mescidi-aksaya-baskin-duzenledi\/","title":{"rendered":"Sivil Yahudi i\u015fgalciler Mescidi Aksa&#039;ya bask\u0131n d\u00fczenledi"},"content":{"rendered":"<p><\/p>\n<div>\n<p>&#13;<br \/>\n\t<a href=\"https:\/\/www.trthaber.com\/etiket\/kudus\/\" target=\"_blank\" rel=\"noopener\">Kud\u00fcs<\/a> \u0130slami Vak\u0131flar \u0130daresinden yap\u0131lan a\u00e7\u0131klamaya g\u00f6re, sabah saatlerinde yakla\u015f\u0131k 950 sivil Yahudi i\u015fgalci, Mescid-i Aksa&#8217;n\u0131n g\u00fcneybat\u0131s\u0131ndaki El-Me\u011faribe (Fas) Kap\u0131s\u0131&#8217;ndan Harem-i \u015eerif&#8217;e bask\u0131n d\u00fczenledi.<\/p>\n<p>&#13;<br \/>\n\t<a href=\"https:\/\/www.trthaber.com\/etiket\/israil\/\" target=\"_blank\" rel=\"noopener\">\u0130srail<\/a> polisi korumas\u0131ndaki i\u015fgalci Yahudi grup, Harem-i \u015eerif&#8217;in avlusunda dola\u015ft\u0131ktan sonra Mescid-i Aksa&#8217;dan ayr\u0131ld\u0131.<\/p>\n<p>&#13;<br \/>\n\tYahudi i\u015fgalcilerin \u0130srail polisi g\u00f6zetiminde Aksa&#8217;ya bask\u0131nlar\u0131n\u0131n sabah saatlerinde bug\u00fcn \u00f6\u011fle namaz\u0131na kadar, \u00f6\u011fle namaz\u0131n\u0131n ard\u0131ndan da ikindi namaz\u0131na kadar devam etmesi bekleniyor.<\/p>\n<p>&#13;<br \/>\n\t\u00d6te yandan Hamursuz Bayram\u0131 nedeniyle baz\u0131 Yahudilerin dua etmek i\u00e7in Burak (A\u011flama) Duvar\u0131&#8217;na gelmesiyle Eski \u015eehir&#8217;de yo\u011funluk ya\u015fand\u0131.<\/p>\n<p>&#13;<br \/>\n\t\u0130srail polisi, \u00e7ok say\u0131da birli\u011fini Eski \u015eehir&#8217;de konu\u015fland\u0131rd\u0131.<\/p>\n<p>&#13;<br \/>\n\tHamursuz Bayram\u0131&#8217;n\u0131n ilk iki g\u00fcn\u00fcnde, 1167 sivil Yahudi i\u015fgalci Mescid-i Aksa&#8217;ya bask\u0131n d\u00fczenlemi\u015fti.<\/p>\n<p>&#13;<br \/>\n\tYahudilerin Harem-i \u015eerif&#8217;e d\u00fczenledi\u011fi bu t\u00fcr bask\u0131nlar b\u00f6lgede gerginli\u011fin t\u0131rmanmas\u0131na neden oluyor.<\/p>\n<p>&#13;<br \/>\n\t22 Nisan&#8217;da ba\u015flayan ve 30 Nisan ak\u015fam\u0131na kadar devam edecek Hamursuz Bayram\u0131 (Pesah) dolay\u0131s\u0131yla i\u015fgalci Yahudilerin Mescid-i Aksa&#8217;ya bask\u0131nlar\u0131n\u0131n artmas\u0131 bekleniyor.<\/p>\n<p>&#13;<br \/>\n\t<strong>Mescid-i Aksa&#8217;ya ili\u015fkin stat\u00fcko<\/strong><\/p>\n<p>&#13;<br \/>\n\t\u00dcrd\u00fcn, 1994&#8217;te \u0130srail ile imzalad\u0131\u011f\u0131 Vadi Araba Anla\u015fmas\u0131 uyar\u0131nca Kud\u00fcs&#8217;teki dini i\u015flerden sorumlu \u00fclke olarak kabul ediliyor.<\/p>\n<p>&#13;<br \/>\n\tYine 2013&#8217;te <a href=\"https:\/\/www.trthaber.com\/etiket\/urdun\/\" target=\"_blank\" rel=\"noopener\">\u00dcrd\u00fcn<\/a> Kral\u0131 2. Abdullah ile Filistin Devlet Ba\u015fkan\u0131 <a href=\"https:\/\/www.trthaber.com\/etiket\/mahmud-abbas\/\" target=\"_blank\" rel=\"noopener\">Mahmud Abbas<\/a> aras\u0131nda imzalanan anla\u015fmaya g\u00f6re, Kud\u00fcs ve oradaki kutsal mekanlar\u0131n savunulmas\u0131 ve vesayet hakk\u0131 da \u00dcrd\u00fcn&#8217;e verildi.<\/p>\n<p>&#13;<br \/>\n\tAnla\u015fmaya g\u00f6re Mescid-i Aksa; \u00dcrd\u00fcn Vak\u0131flar, \u0130slami \u0130\u015fler ve Mukaddesat Bakanl\u0131\u011f\u0131na ba\u011fl\u0131 Kud\u00fcs \u0130slami Vak\u0131flar \u0130daresinin himayesinde bulunuyor.<\/p>\n<p>&#13;<br \/>\n\tDaha \u00f6nce Kud\u00fcs \u0130slami Vak\u0131flar \u0130daresinin izni dahilinde Mescid-i Aksa&#8217;y\u0131 ziyaret eden Yahudiler, 2003&#8217;ten bu yana Vak\u0131flar \u0130daresinin egemenli\u011fini ihlal eden \u0130srail&#8217;in tek tarafl\u0131 karar\u0131 \u00e7er\u00e7evesinde <a href=\"https:\/\/www.trthaber.com\/etiket\/polis\/\" target=\"_blank\" rel=\"noopener\">polis<\/a> e\u015fli\u011finde M\u00fcsl\u00fcmanlar\u0131n kutsal mabedine giriyor.<\/p>\n<p>&#13;<br \/>\n\t\u0130srail y\u00f6netimi, Mescid-i Aksa&#8217;da &#8220;sadece M\u00fcsl\u00fcmanlar\u0131n ibadet edebildi\u011fi di\u011fer dinlerin mensuplar\u0131n\u0131nsa sadece ziyaret edebilece\u011fi&#8221; tarihi stat\u00fckonun korundu\u011funu savunuyor.<\/p>\n<p>&#13;<br \/>\n\tAncak sivil Yahudi i\u015fgalcilerin \u0130srail polisi korumas\u0131nda Aksa&#8217;ya d\u00fczenledikleri bask\u0131nlarda dua etmeleri ve dini rit\u00fcelleri yerine getirmeleri s\u0131k\u00e7a kameralara yans\u0131yor.<\/p>\n<\/p><\/div>\n","protected":false},"excerpt":{"rendered":"<p>&#13; Kud\u00fcs \u0130slami Vak\u0131flar \u0130daresinden yap\u0131lan a\u00e7\u0131klamaya g\u00f6re, sabah saatlerinde yakla\u015f\u0131k 950 sivil Yahudi i\u015fgalci, Mescid-i Aksa&#8217;n\u0131n g\u00fcneybat\u0131s\u0131ndaki El-Me\u011faribe (Fas) Kap\u0131s\u0131&#8217;ndan Harem-i \u015eerif&#8217;e bask\u0131n d\u00fczenledi. &#13; \u0130srail polisi korumas\u0131ndaki i\u015fgalci Yahudi grup, Harem-i \u015eerif&#8217;in avlusunda dola\u015ft\u0131ktan sonra Mescid-i Aksa&#8217;dan ayr\u0131ld\u0131. &#13; Yahudi i\u015fgalcilerin \u0130srail polisi g\u00f6zetiminde Aksa&#8217;ya bask\u0131nlar\u0131n\u0131n sabah saatlerinde bug\u00fcn \u00f6\u011fle namaz\u0131na kadar, \u00f6\u011fle [&hellip;]<\/p>\n","protected":false},"author":1,"featured_media":384,"comment_status":"open","ping_status":"open","sticky":false,"template":"","format":"standard","meta":{"jnews-multi-image_gallery":[],"jnews_single_post":[],"jnews_primary_category":[],"footnotes":""},"categories":[2],"tags":[],"class_list":["post-383","post","type-post","status-publish","format-standard","has-post-thumbnail","hentry","category-dunya"],"yoast_head":"<!-- This site is optimized with the Yoast SEO plugin v27.5 - https:\/\/yoast.com\/product\/yoast-seo-wordpress\/ -->\n<title>Sivil Yahudi i\u015fgalciler Mescidi Aksa&#039;ya bask\u0131n d\u00fczenledi - Haber Kuzey<\/title>\n<meta name=\"robots\" content=\"index, follow, max-snippet:-1, max-image-preview:large, max-video-preview:-1\" \/>\n<link rel=\"canonical\" href=\"https:\/\/haberkuzey.com\/index.php\/2024\/04\/25\/sivil-yahudi-isgalciler-mescidi-aksaya-baskin-duzenledi\/\" \/>\n<meta property=\"og:locale\" content=\"tr_TR\" \/>\n<meta property=\"og:type\" content=\"article\" \/>\n<meta property=\"og:title\" content=\"Sivil Yahudi i\u015fgalciler Mescidi Aksa&#039;ya bask\u0131n d\u00fczenledi - Haber Kuzey\" \/>\n<meta property=\"og:description\" content=\"&#013; Kud\u00fcs \u0130slami Vak\u0131flar \u0130daresinden yap\u0131lan a\u00e7\u0131klamaya g\u00f6re, sabah saatlerinde yakla\u015f\u0131k 950 sivil Yahudi i\u015fgalci, Mescid-i Aksa&#8217;n\u0131n g\u00fcneybat\u0131s\u0131ndaki El-Me\u011faribe (Fas) Kap\u0131s\u0131&#8217;ndan Harem-i \u015eerif&#8217;e bask\u0131n d\u00fczenledi. &#013; \u0130srail polisi korumas\u0131ndaki i\u015fgalci Yahudi grup, Harem-i \u015eerif&#8217;in avlusunda dola\u015ft\u0131ktan sonra Mescid-i Aksa&#8217;dan ayr\u0131ld\u0131. &#013; Yahudi i\u015fgalcilerin \u0130srail polisi g\u00f6zetiminde Aksa&#8217;ya bask\u0131nlar\u0131n\u0131n sabah saatlerinde bug\u00fcn \u00f6\u011fle namaz\u0131na kadar, \u00f6\u011fle [&hellip;]\" \/>\n<meta property=\"og:url\" content=\"https:\/\/haberkuzey.com\/index.php\/2024\/04\/25\/sivil-yahudi-isgalciler-mescidi-aksaya-baskin-duzenledi\/\" \/>\n<meta property=\"og:site_name\" content=\"Haber Kuzey\" \/>\n<meta property=\"article:published_time\" content=\"2024-04-25T08:59:27+00:00\" \/>\n<meta property=\"og:image\" content=\"https:\/\/haberkuzey.com\/wp-content\/uploads\/2024\/04\/aksa-baskin-aa-2027846.jpg\" \/>\n\t<meta property=\"og:image:width\" content=\"1280\" \/>\n\t<meta property=\"og:image:height\" content=\"720\" \/>\n\t<meta property=\"og:image:type\" content=\"image\/jpeg\" \/>\n<meta name=\"author\" content=\"haberkuzey\" \/>\n<meta name=\"twitter:card\" content=\"summary_large_image\" \/>\n<meta name=\"twitter:label1\" content=\"Yazan:\" \/>\n\t<meta name=\"twitter:data1\" content=\"haberkuzey\" \/>\n\t<meta name=\"twitter:label2\" content=\"Tahmini okuma s\u00fcresi\" \/>\n\t<meta name=\"twitter:data2\" content=\"2 dakika\" \/>\n<script type=\"application\/ld+json\" class=\"yoast-schema-graph\">{\"@context\":\"https:\\\/\\\/schema.org\",\"@graph\":[{\"@type\":\"Article\",\"@id\":\"https:\\\/\\\/haberkuzey.com\\\/index.php\\\/2024\\\/04\\\/25\\\/sivil-yahudi-isgalciler-mescidi-aksaya-baskin-duzenledi\\\/#article\",\"isPartOf\":{\"@id\":\"https:\\\/\\\/haberkuzey.com\\\/index.php\\\/2024\\\/04\\\/25\\\/sivil-yahudi-isgalciler-mescidi-aksaya-baskin-duzenledi\\\/\"},\"author\":{\"name\":\"haberkuzey\",\"@id\":\"https:\\\/\\\/haberkuzey.com\\\/#\\\/schema\\\/person\\\/3372109ec735f9333f4fa47ebb9605ca\"},\"headline\":\"Sivil Yahudi i\u015fgalciler Mescidi Aksa&#039;ya bask\u0131n d\u00fczenledi\",\"datePublished\":\"2024-04-25T08:59:27+00:00\",\"mainEntityOfPage\":{\"@id\":\"https:\\\/\\\/haberkuzey.com\\\/index.php\\\/2024\\\/04\\\/25\\\/sivil-yahudi-isgalciler-mescidi-aksaya-baskin-duzenledi\\\/\"},\"wordCount\":412,\"commentCount\":0,\"image\":{\"@id\":\"https:\\\/\\\/haberkuzey.com\\\/index.php\\\/2024\\\/04\\\/25\\\/sivil-yahudi-isgalciler-mescidi-aksaya-baskin-duzenledi\\\/#primaryimage\"},\"thumbnailUrl\":\"https:\\\/\\\/haberkuzey.com\\\/wp-content\\\/uploads\\\/2024\\\/04\\\/aksa-baskin-aa-2027846.jpg\",\"articleSection\":[\"D\u00fcnya\"],\"inLanguage\":\"tr\",\"potentialAction\":[{\"@type\":\"CommentAction\",\"name\":\"Comment\",\"target\":[\"https:\\\/\\\/haberkuzey.com\\\/index.php\\\/2024\\\/04\\\/25\\\/sivil-yahudi-isgalciler-mescidi-aksaya-baskin-duzenledi\\\/#respond\"]}]},{\"@type\":\"WebPage\",\"@id\":\"https:\\\/\\\/haberkuzey.com\\\/index.php\\\/2024\\\/04\\\/25\\\/sivil-yahudi-isgalciler-mescidi-aksaya-baskin-duzenledi\\\/\",\"url\":\"https:\\\/\\\/haberkuzey.com\\\/index.php\\\/2024\\\/04\\\/25\\\/sivil-yahudi-isgalciler-mescidi-aksaya-baskin-duzenledi\\\/\",\"name\":\"Sivil Yahudi i\u015fgalciler Mescidi Aksa&#039;ya bask\u0131n d\u00fczenledi - Haber Kuzey\",\"isPartOf\":{\"@id\":\"https:\\\/\\\/haberkuzey.com\\\/#website\"},\"primaryImageOfPage\":{\"@id\":\"https:\\\/\\\/haberkuzey.com\\\/index.php\\\/2024\\\/04\\\/25\\\/sivil-yahudi-isgalciler-mescidi-aksaya-baskin-duzenledi\\\/#primaryimage\"},\"image\":{\"@id\":\"https:\\\/\\\/haberkuzey.com\\\/index.php\\\/2024\\\/04\\\/25\\\/sivil-yahudi-isgalciler-mescidi-aksaya-baskin-duzenledi\\\/#primaryimage\"},\"thumbnailUrl\":\"https:\\\/\\\/haberkuzey.com\\\/wp-content\\\/uploads\\\/2024\\\/04\\\/aksa-baskin-aa-2027846.jpg\",\"datePublished\":\"2024-04-25T08:59:27+00:00\",\"author\":{\"@id\":\"https:\\\/\\\/haberkuzey.com\\\/#\\\/schema\\\/person\\\/3372109ec735f9333f4fa47ebb9605ca\"},\"breadcrumb\":{\"@id\":\"https:\\\/\\\/haberkuzey.com\\\/index.php\\\/2024\\\/04\\\/25\\\/sivil-yahudi-isgalciler-mescidi-aksaya-baskin-duzenledi\\\/#breadcrumb\"},\"inLanguage\":\"tr\",\"potentialAction\":[{\"@type\":\"ReadAction\",\"target\":[\"https:\\\/\\\/haberkuzey.com\\\/index.php\\\/2024\\\/04\\\/25\\\/sivil-yahudi-isgalciler-mescidi-aksaya-baskin-duzenledi\\\/\"]}]},{\"@type\":\"ImageObject\",\"inLanguage\":\"tr\",\"@id\":\"https:\\\/\\\/haberkuzey.com\\\/index.php\\\/2024\\\/04\\\/25\\\/sivil-yahudi-isgalciler-mescidi-aksaya-baskin-duzenledi\\\/#primaryimage\",\"url\":\"https:\\\/\\\/haberkuzey.com\\\/wp-content\\\/uploads\\\/2024\\\/04\\\/aksa-baskin-aa-2027846.jpg\",\"contentUrl\":\"https:\\\/\\\/haberkuzey.com\\\/wp-content\\\/uploads\\\/2024\\\/04\\\/aksa-baskin-aa-2027846.jpg\",\"width\":1280,\"height\":720},{\"@type\":\"BreadcrumbList\",\"@id\":\"https:\\\/\\\/haberkuzey.com\\\/index.php\\\/2024\\\/04\\\/25\\\/sivil-yahudi-isgalciler-mescidi-aksaya-baskin-duzenledi\\\/#breadcrumb\",\"itemListElement\":[{\"@type\":\"ListItem\",\"position\":1,\"name\":\"Anasayfa\",\"item\":\"https:\\\/\\\/haberkuzey.com\\\/\"},{\"@type\":\"ListItem\",\"position\":2,\"name\":\"Sivil Yahudi i\u015fgalciler Mescidi Aksa&#039;ya bask\u0131n d\u00fczenledi\"}]},{\"@type\":\"WebSite\",\"@id\":\"https:\\\/\\\/haberkuzey.com\\\/#website\",\"url\":\"https:\\\/\\\/haberkuzey.com\\\/\",\"name\":\"Haber Kuzey\",\"description\":\"Do\u011fru Haberin Adresi\",\"potentialAction\":[{\"@type\":\"SearchAction\",\"target\":{\"@type\":\"EntryPoint\",\"urlTemplate\":\"https:\\\/\\\/haberkuzey.com\\\/?s={search_term_string}\"},\"query-input\":{\"@type\":\"PropertyValueSpecification\",\"valueRequired\":true,\"valueName\":\"search_term_string\"}}],\"inLanguage\":\"tr\"},{\"@type\":\"Person\",\"@id\":\"https:\\\/\\\/haberkuzey.com\\\/#\\\/schema\\\/person\\\/3372109ec735f9333f4fa47ebb9605ca\",\"name\":\"haberkuzey\",\"image\":{\"@type\":\"ImageObject\",\"inLanguage\":\"tr\",\"@id\":\"https:\\\/\\\/secure.gravatar.com\\\/avatar\\\/f5fc875574b1575324358c3b9e6a32b8227aa5b74f3fa22e3cadb63e26fcc39c?s=96&d=mm&r=g\",\"url\":\"https:\\\/\\\/secure.gravatar.com\\\/avatar\\\/f5fc875574b1575324358c3b9e6a32b8227aa5b74f3fa22e3cadb63e26fcc39c?s=96&d=mm&r=g\",\"contentUrl\":\"https:\\\/\\\/secure.gravatar.com\\\/avatar\\\/f5fc875574b1575324358c3b9e6a32b8227aa5b74f3fa22e3cadb63e26fcc39c?s=96&d=mm&r=g\",\"caption\":\"haberkuzey\"},\"sameAs\":[\"https:\\\/\\\/haberkuzey.com\"],\"url\":\"https:\\\/\\\/haberkuzey.com\\\/index.php\\\/author\\\/haberkuzey\\\/\"}]}<\/script>\n<!-- \/ Yoast SEO plugin. -->","yoast_head_json":{"title":"Sivil Yahudi i\u015fgalciler Mescidi Aksa&#039;ya bask\u0131n d\u00fczenledi - Haber Kuzey","robots":{"index":"index","follow":"follow","max-snippet":"max-snippet:-1","max-image-preview":"max-image-preview:large","max-video-preview":"max-video-preview:-1"},"canonical":"https:\/\/haberkuzey.com\/index.php\/2024\/04\/25\/sivil-yahudi-isgalciler-mescidi-aksaya-baskin-duzenledi\/","og_locale":"tr_TR","og_type":"article","og_title":"Sivil Yahudi i\u015fgalciler Mescidi Aksa&#039;ya bask\u0131n d\u00fczenledi - Haber Kuzey","og_description":"&#13; Kud\u00fcs \u0130slami Vak\u0131flar \u0130daresinden yap\u0131lan a\u00e7\u0131klamaya g\u00f6re, sabah saatlerinde yakla\u015f\u0131k 950 sivil Yahudi i\u015fgalci, Mescid-i Aksa&#8217;n\u0131n g\u00fcneybat\u0131s\u0131ndaki El-Me\u011faribe (Fas) Kap\u0131s\u0131&#8217;ndan Harem-i \u015eerif&#8217;e bask\u0131n d\u00fczenledi. &#13; \u0130srail polisi korumas\u0131ndaki i\u015fgalci Yahudi grup, Harem-i \u015eerif&#8217;in avlusunda dola\u015ft\u0131ktan sonra Mescid-i Aksa&#8217;dan ayr\u0131ld\u0131. &#13; Yahudi i\u015fgalcilerin \u0130srail polisi g\u00f6zetiminde Aksa&#8217;ya bask\u0131nlar\u0131n\u0131n sabah saatlerinde bug\u00fcn \u00f6\u011fle namaz\u0131na kadar, \u00f6\u011fle [&hellip;]","og_url":"https:\/\/haberkuzey.com\/index.php\/2024\/04\/25\/sivil-yahudi-isgalciler-mescidi-aksaya-baskin-duzenledi\/","og_site_name":"Haber Kuzey","article_published_time":"2024-04-25T08:59:27+00:00","og_image":[{"width":1280,"height":720,"url":"https:\/\/haberkuzey.com\/wp-content\/uploads\/2024\/04\/aksa-baskin-aa-2027846.jpg","type":"image\/jpeg"}],"author":"haberkuzey","twitter_card":"summary_large_image","twitter_misc":{"Yazan:":"haberkuzey","Tahmini okuma s\u00fcresi":"2 dakika"},"schema":{"@context":"https:\/\/schema.org","@graph":[{"@type":"Article","@id":"https:\/\/haberkuzey.com\/index.php\/2024\/04\/25\/sivil-yahudi-isgalciler-mescidi-aksaya-baskin-duzenledi\/#article","isPartOf":{"@id":"https:\/\/haberkuzey.com\/index.php\/2024\/04\/25\/sivil-yahudi-isgalciler-mescidi-aksaya-baskin-duzenledi\/"},"author":{"name":"haberkuzey","@id":"https:\/\/haberkuzey.com\/#\/schema\/person\/3372109ec735f9333f4fa47ebb9605ca"},"headline":"Sivil Yahudi i\u015fgalciler Mescidi Aksa&#039;ya bask\u0131n d\u00fczenledi","datePublished":"2024-04-25T08:59:27+00:00","mainEntityOfPage":{"@id":"https:\/\/haberkuzey.com\/index.php\/2024\/04\/25\/sivil-yahudi-isgalciler-mescidi-aksaya-baskin-duzenledi\/"},"wordCount":412,"commentCount":0,"image":{"@id":"https:\/\/haberkuzey.com\/index.php\/2024\/04\/25\/sivil-yahudi-isgalciler-mescidi-aksaya-baskin-duzenledi\/#primaryimage"},"thumbnailUrl":"https:\/\/haberkuzey.com\/wp-content\/uploads\/2024\/04\/aksa-baskin-aa-2027846.jpg","articleSection":["D\u00fcnya"],"inLanguage":"tr","potentialAction":[{"@type":"CommentAction","name":"Comment","target":["https:\/\/haberkuzey.com\/index.php\/2024\/04\/25\/sivil-yahudi-isgalciler-mescidi-aksaya-baskin-duzenledi\/#respond"]}]},{"@type":"WebPage","@id":"https:\/\/haberkuzey.com\/index.php\/2024\/04\/25\/sivil-yahudi-isgalciler-mescidi-aksaya-baskin-duzenledi\/","url":"https:\/\/haberkuzey.com\/index.php\/2024\/04\/25\/sivil-yahudi-isgalciler-mescidi-aksaya-baskin-duzenledi\/","name":"Sivil Yahudi i\u015fgalciler Mescidi Aksa&#039;ya bask\u0131n d\u00fczenledi - Haber Kuzey","isPartOf":{"@id":"https:\/\/haberkuzey.com\/#website"},"primaryImageOfPage":{"@id":"https:\/\/haberkuzey.com\/index.php\/2024\/04\/25\/sivil-yahudi-isgalciler-mescidi-aksaya-baskin-duzenledi\/#primaryimage"},"image":{"@id":"https:\/\/haberkuzey.com\/index.php\/2024\/04\/25\/sivil-yahudi-isgalciler-mescidi-aksaya-baskin-duzenledi\/#primaryimage"},"thumbnailUrl":"https:\/\/haberkuzey.com\/wp-content\/uploads\/2024\/04\/aksa-baskin-aa-2027846.jpg","datePublished":"2024-04-25T08:59:27+00:00","author":{"@id":"https:\/\/haberkuzey.com\/#\/schema\/person\/3372109ec735f9333f4fa47ebb9605ca"},"breadcrumb":{"@id":"https:\/\/haberkuzey.com\/index.php\/2024\/04\/25\/sivil-yahudi-isgalciler-mescidi-aksaya-baskin-duzenledi\/#breadcrumb"},"inLanguage":"tr","potentialAction":[{"@type":"ReadAction","target":["https:\/\/haberkuzey.com\/index.php\/2024\/04\/25\/sivil-yahudi-isgalciler-mescidi-aksaya-baskin-duzenledi\/"]}]},{"@type":"ImageObject","inLanguage":"tr","@id":"https:\/\/haberkuzey.com\/index.php\/2024\/04\/25\/sivil-yahudi-isgalciler-mescidi-aksaya-baskin-duzenledi\/#primaryimage","url":"https:\/\/haberkuzey.com\/wp-content\/uploads\/2024\/04\/aksa-baskin-aa-2027846.jpg","contentUrl":"https:\/\/haberkuzey.com\/wp-content\/uploads\/2024\/04\/aksa-baskin-aa-2027846.jpg","width":1280,"height":720},{"@type":"BreadcrumbList","@id":"https:\/\/haberkuzey.com\/index.php\/2024\/04\/25\/sivil-yahudi-isgalciler-mescidi-aksaya-baskin-duzenledi\/#breadcrumb","itemListElement":[{"@type":"ListItem","position":1,"name":"Anasayfa","item":"https:\/\/haberkuzey.com\/"},{"@type":"ListItem","position":2,"name":"Sivil Yahudi i\u015fgalciler Mescidi Aksa&#039;ya bask\u0131n d\u00fczenledi"}]},{"@type":"WebSite","@id":"https:\/\/haberkuzey.com\/#website","url":"https:\/\/haberkuzey.com\/","name":"Haber Kuzey","description":"Do\u011fru Haberin Adresi","potentialAction":[{"@type":"SearchAction","target":{"@type":"EntryPoint","urlTemplate":"https:\/\/haberkuzey.com\/?s={search_term_string}"},"query-input":{"@type":"PropertyValueSpecification","valueRequired":true,"valueName":"search_term_string"}}],"inLanguage":"tr"},{"@type":"Person","@id":"https:\/\/haberkuzey.com\/#\/schema\/person\/3372109ec735f9333f4fa47ebb9605ca","name":"haberkuzey","image":{"@type":"ImageObject","inLanguage":"tr","@id":"https:\/\/secure.gravatar.com\/avatar\/f5fc875574b1575324358c3b9e6a32b8227aa5b74f3fa22e3cadb63e26fcc39c?s=96&d=mm&r=g","url":"https:\/\/secure.gravatar.com\/avatar\/f5fc875574b1575324358c3b9e6a32b8227aa5b74f3fa22e3cadb63e26fcc39c?s=96&d=mm&r=g","contentUrl":"https:\/\/secure.gravatar.com\/avatar\/f5fc875574b1575324358c3b9e6a32b8227aa5b74f3fa22e3cadb63e26fcc39c?s=96&d=mm&r=g","caption":"haberkuzey"},"sameAs":["https:\/\/haberkuzey.com"],"url":"https:\/\/haberkuzey.com\/index.php\/author\/haberkuzey\/"}]}},"_links":{"self":[{"href":"https:\/\/haberkuzey.com\/index.php\/wp-json\/wp\/v2\/posts\/383","targetHints":{"allow":["GET"]}}],"collection":[{"href":"https:\/\/haberkuzey.com\/index.php\/wp-json\/wp\/v2\/posts"}],"about":[{"href":"https:\/\/haberkuzey.com\/index.php\/wp-json\/wp\/v2\/types\/post"}],"author":[{"embeddable":true,"href":"https:\/\/haberkuzey.com\/index.php\/wp-json\/wp\/v2\/users\/1"}],"replies":[{"embeddable":true,"href":"https:\/\/haberkuzey.com\/index.php\/wp-json\/wp\/v2\/comments?post=383"}],"version-history":[{"count":0,"href":"https:\/\/haberkuzey.com\/index.php\/wp-json\/wp\/v2\/posts\/383\/revisions"}],"wp:featuredmedia":[{"embeddable":true,"href":"https:\/\/haberkuzey.com\/index.php\/wp-json\/wp\/v2\/media\/384"}],"wp:attachment":[{"href":"https:\/\/haberkuzey.com\/index.php\/wp-json\/wp\/v2\/media?parent=383"}],"wp:term":[{"taxonomy":"category","embeddable":true,"href":"https:\/\/haberkuzey.com\/index.php\/wp-json\/wp\/v2\/categories?post=383"},{"taxonomy":"post_tag","embeddable":true,"href":"https:\/\/haberkuzey.com\/index.php\/wp-json\/wp\/v2\/tags?post=383"}],"curies":[{"name":"wp","href":"https:\/\/api.w.org\/{rel}","templated":true}]}}