{"id":37134,"date":"2026-05-03T13:22:47","date_gmt":"2026-05-03T10:22:47","guid":{"rendered":"https:\/\/haberkuzey.com\/index.php\/2026\/05\/03\/pertev-denizlerimiz-tehlikede\/"},"modified":"2026-05-03T13:22:56","modified_gmt":"2026-05-03T10:22:56","slug":"pertev-denizlerimiz-tehlikede","status":"publish","type":"post","link":"https:\/\/haberkuzey.com\/index.php\/2026\/05\/03\/pertev-denizlerimiz-tehlikede\/","title":{"rendered":"Pertev: Denizlerimiz tehlikede"},"content":{"rendered":"<p>Tar\u0131m ve Orman Eski Bakan\u0131 Ra\u015fit Pertev, iklim de\u011fi\u015fikli\u011fi nedeniyle denizlerimizde ya\u015fanan de\u011fi\u015fimin y\u0131llard\u0131r birikti\u011fini ve art\u0131k g\u00f6zle g\u00f6r\u00fcl\u00fcr hale geldi\u011fini belirterek \u00f6nemli uyar\u0131larda bulundu.<\/p>\n<p>Pertev, deniz s\u0131cakl\u0131klar\u0131ndaki art\u0131\u015f\u0131n san\u0131ld\u0131\u011f\u0131ndan \u00e7ok daha ciddi sonu\u00e7lar do\u011furdu\u011funu ifade ederek \u015fu bilgileri payla\u015ft\u0131:<br \/>\n\u201c1974\u2019ten itibaren denizlerimizin ortalama s\u0131cakl\u0131\u011f\u0131 yakla\u015f\u0131k +2 derece artm\u0131\u015ft\u0131r. Daha \u00e7arp\u0131c\u0131 olan ise, 2004\u2019ten bu yana denizlerimizin ortalama s\u0131cakl\u0131\u011f\u0131n\u0131n yakla\u015f\u0131k +1 derece y\u00fckselmi\u015f olmas\u0131d\u0131r\u201d dedi.<br \/>\nBu art\u0131\u015f\u0131n deniz ya\u015fam\u0131 a\u00e7\u0131s\u0131ndan ciddi sonu\u00e7lar do\u011furdu\u011funu vurgulayan Pertev, bu geli\u015fmeler kar\u015f\u0131s\u0131nda AB \u00fclkelerde acil \u00f6nlem ve uyum programlar\u0131n\u0131n devreye sokuldu\u011funu, KKTC\u2019de de benzer uygulamalar\u0131n ivedilikle al\u0131nmas\u0131 gerekti\u011fini belirtti.<\/p>\n<p>Pertev, denizlerimizde ya\u015fanan bu olumsuz de\u011fi\u015fimlere ra\u011fmen hem iktidar\u0131n hem de muhalefetin konuya nedense e\u011filmedi\u011fini belirterek, ya durumun ciddiyetinin fark\u0131nda olmad\u0131klar\u0131n\u0131 ya da gereken \u00f6nemi vermediklerini s\u00f6yledi. Pertev, her iki ihtimalin de affedilemez oldu\u011funu vurgulad\u0131.<\/p>\n<p>Pertev, KKTC\u2019de ya\u015fanan yerel bal\u0131k k\u0131tl\u0131\u011f\u0131n\u0131n y\u0131llarca G\u00fcney\u2019e yap\u0131lan bal\u0131k sat\u0131\u015flar\u0131na ba\u011fland\u0131\u011f\u0131n\u0131, ancak bug\u00fcn ortaya \u00e7\u0131kan tablonun yaln\u0131zca bal\u0131k ihracat\u0131yla a\u00e7\u0131klanamayacak kadar karma\u015f\u0131k ve ciddi oldu\u011funu belirtti.<br \/>\n\u201cDeniz \u0131s\u0131nd\u0131k\u00e7a yerel bal\u0131klar daha derin ve serin sulara \u00e7ekiliyor. K\u00fc\u00e7\u00fck teknelerle k\u0131y\u0131ya yak\u0131n avlanan bal\u0131k\u00e7\u0131lar bu bal\u0131klara ula\u015fmakta zorlan\u0131yor. Yerel bal\u0131klar\u0131n yerini ise istilac\u0131 t\u00fcrler al\u0131yor\u201d dedi.<\/p>\n<p>Pertev, G\u00fcney K\u0131br\u0131s\u2019taki lokantalarda bal\u0131\u011f\u0131n bol bulunmas\u0131n\u0131n bir tesad\u00fcf olmad\u0131\u011f\u0131n\u0131 s\u00f6yledi.<br \/>\n\u201cDenizlerin \u0131s\u0131nmas\u0131na kar\u015f\u0131 bir\u00e7ok AB \u00fclkesi uyum ve tedbir programlar\u0131n\u0131 devreye koymu\u015ftur. G\u00fcneyde de bu \u00e7er\u00e7evede \u00e7e\u015fitli uygulamalar yap\u0131lmaktad\u0131r\u201d dedi. Pertev, bu uygulamalar aras\u0131nda k\u00fc\u00e7\u00fck bal\u0131k\u00e7\u0131lara daha derin sularda avlanabilmeleri i\u00e7in destek verilmesi; istilac\u0131 t\u00fcrlerle m\u00fccadele programlar\u0131 y\u00fcr\u00fct\u00fclmesi; bal\u0131klar\u0131n \u00fcreme alan\u0131 olan deniz \u00e7ay\u0131rlar\u0131n\u0131n tespiti ve korunmas\u0131 bulundu\u011funu belirterek \u201cBundan dolay\u0131 G\u00fcney\u2019deki lokantalarda g\u00f6r\u00fclen bal\u0131k bollu\u011fu \u015fa\u015f\u0131rt\u0131c\u0131 de\u011fildir\u201d dedi.<\/p>\n<p>Kuzeyde bu gibi tedbirlerin olmamas\u0131n\u0131n yaln\u0131zca bal\u0131k\u00e7\u0131lar\u0131 de\u011fil, halk\u0131 da \u00a0do\u011frudan etkiledi\u011fini belirten Pertev, \u201cGerek bal\u0131k d\u00fckk\u00e2nlar\u0131nda gerekse lokantalarda ithal bal\u0131k art\u0131k istisna de\u011fil, norm haline gelmi\u015ftir\u201d dedi.<br \/>\nPertev, ya\u015fanan s\u00fcrecin yaln\u0131zca \u00e7evresel de\u011fil, ayn\u0131 zamanda ekonomik ve toplumsal bir mesele oldu\u011funu vurgulad\u0131. Gerekli ad\u0131mlar\u0131n at\u0131lmad\u0131\u011f\u0131 takdirde, yerli bal\u0131k\u00e7\u0131l\u0131k sekt\u00f6r\u00fcn\u00fcn yok olabilece\u011fininin, s\u0131n\u0131rlar\u0131m\u0131z i\u00e7inde bulunan deniz \u00e7ay\u0131rlar\u0131 dahil denizlerimizde s\u00fcregelen tahribat\u0131n da geri d\u00f6n\u00fclemez bir noktaya ula\u015fabilece\u011finin alt\u0131n\u0131 \u00e7izdi.<\/p>\n","protected":false},"excerpt":{"rendered":"<p>Tar\u0131m ve Orman Eski Bakan\u0131 Ra\u015fit Pertev, iklim de\u011fi\u015fikli\u011fi nedeniyle denizlerimizde ya\u015fanan de\u011fi\u015fimin y\u0131llard\u0131r birikti\u011fini ve art\u0131k g\u00f6zle g\u00f6r\u00fcl\u00fcr hale geldi\u011fini belirterek \u00f6nemli uyar\u0131larda bulundu. Pertev, deniz s\u0131cakl\u0131klar\u0131ndaki art\u0131\u015f\u0131n san\u0131ld\u0131\u011f\u0131ndan \u00e7ok daha ciddi sonu\u00e7lar do\u011furdu\u011funu ifade ederek \u015fu bilgileri payla\u015ft\u0131: \u201c1974\u2019ten itibaren denizlerimizin ortalama s\u0131cakl\u0131\u011f\u0131 yakla\u015f\u0131k +2 derece artm\u0131\u015ft\u0131r. Daha \u00e7arp\u0131c\u0131 olan ise, 2004\u2019ten bu [&hellip;]<\/p>\n","protected":false},"author":1,"featured_media":37135,"comment_status":"open","ping_status":"open","sticky":false,"template":"","format":"standard","meta":{"jnews-multi-image_gallery":[],"jnews_single_post":[],"jnews_primary_category":[],"footnotes":""},"categories":[1],"tags":[],"class_list":["post-37134","post","type-post","status-publish","format-standard","has-post-thumbnail","hentry","category-kibris"],"yoast_head":"<!-- This site is optimized with the Yoast SEO plugin v27.5 - https:\/\/yoast.com\/product\/yoast-seo-wordpress\/ -->\n<title>Pertev: Denizlerimiz tehlikede - Haber Kuzey<\/title>\n<meta name=\"robots\" content=\"index, follow, max-snippet:-1, max-image-preview:large, max-video-preview:-1\" \/>\n<link rel=\"canonical\" href=\"https:\/\/haberkuzey.com\/index.php\/2026\/05\/03\/pertev-denizlerimiz-tehlikede\/\" \/>\n<meta property=\"og:locale\" content=\"tr_TR\" \/>\n<meta property=\"og:type\" content=\"article\" \/>\n<meta property=\"og:title\" content=\"Pertev: Denizlerimiz tehlikede - Haber Kuzey\" \/>\n<meta property=\"og:description\" content=\"Tar\u0131m ve Orman Eski Bakan\u0131 Ra\u015fit Pertev, iklim de\u011fi\u015fikli\u011fi nedeniyle denizlerimizde ya\u015fanan de\u011fi\u015fimin y\u0131llard\u0131r birikti\u011fini ve art\u0131k g\u00f6zle g\u00f6r\u00fcl\u00fcr hale geldi\u011fini belirterek \u00f6nemli uyar\u0131larda bulundu. Pertev, deniz s\u0131cakl\u0131klar\u0131ndaki art\u0131\u015f\u0131n san\u0131ld\u0131\u011f\u0131ndan \u00e7ok daha ciddi sonu\u00e7lar do\u011furdu\u011funu ifade ederek \u015fu bilgileri payla\u015ft\u0131: \u201c1974\u2019ten itibaren denizlerimizin ortalama s\u0131cakl\u0131\u011f\u0131 yakla\u015f\u0131k +2 derece artm\u0131\u015ft\u0131r. Daha \u00e7arp\u0131c\u0131 olan ise, 2004\u2019ten bu [&hellip;]\" \/>\n<meta property=\"og:url\" content=\"https:\/\/haberkuzey.com\/index.php\/2026\/05\/03\/pertev-denizlerimiz-tehlikede\/\" \/>\n<meta property=\"og:site_name\" content=\"Haber Kuzey\" \/>\n<meta property=\"article:published_time\" content=\"2026-05-03T10:22:47+00:00\" \/>\n<meta property=\"article:modified_time\" content=\"2026-05-03T10:22:56+00:00\" \/>\n<meta property=\"og:image\" content=\"https:\/\/haberkuzey.com\/wp-content\/uploads\/2026\/05\/1744530885362rasit-pertev-3.webp\" \/>\n\t<meta property=\"og:image:width\" content=\"1280\" \/>\n\t<meta property=\"og:image:height\" content=\"720\" \/>\n\t<meta property=\"og:image:type\" content=\"image\/webp\" \/>\n<meta name=\"author\" content=\"haberkuzey\" \/>\n<meta name=\"twitter:card\" content=\"summary_large_image\" \/>\n<meta name=\"twitter:label1\" content=\"Yazan:\" \/>\n\t<meta name=\"twitter:data1\" content=\"haberkuzey\" \/>\n\t<meta name=\"twitter:label2\" content=\"Tahmini okuma s\u00fcresi\" \/>\n\t<meta name=\"twitter:data2\" content=\"3 dakika\" \/>\n<script type=\"application\/ld+json\" class=\"yoast-schema-graph\">{\"@context\":\"https:\\\/\\\/schema.org\",\"@graph\":[{\"@type\":\"Article\",\"@id\":\"https:\\\/\\\/haberkuzey.com\\\/index.php\\\/2026\\\/05\\\/03\\\/pertev-denizlerimiz-tehlikede\\\/#article\",\"isPartOf\":{\"@id\":\"https:\\\/\\\/haberkuzey.com\\\/index.php\\\/2026\\\/05\\\/03\\\/pertev-denizlerimiz-tehlikede\\\/\"},\"author\":{\"name\":\"haberkuzey\",\"@id\":\"https:\\\/\\\/haberkuzey.com\\\/#\\\/schema\\\/person\\\/3372109ec735f9333f4fa47ebb9605ca\"},\"headline\":\"Pertev: Denizlerimiz tehlikede\",\"datePublished\":\"2026-05-03T10:22:47+00:00\",\"dateModified\":\"2026-05-03T10:22:56+00:00\",\"mainEntityOfPage\":{\"@id\":\"https:\\\/\\\/haberkuzey.com\\\/index.php\\\/2026\\\/05\\\/03\\\/pertev-denizlerimiz-tehlikede\\\/\"},\"wordCount\":522,\"commentCount\":0,\"image\":{\"@id\":\"https:\\\/\\\/haberkuzey.com\\\/index.php\\\/2026\\\/05\\\/03\\\/pertev-denizlerimiz-tehlikede\\\/#primaryimage\"},\"thumbnailUrl\":\"https:\\\/\\\/haberkuzey.com\\\/wp-content\\\/uploads\\\/2026\\\/05\\\/1744530885362rasit-pertev-3.webp\",\"articleSection\":[\"K\u0131br\u0131s\"],\"inLanguage\":\"tr\",\"potentialAction\":[{\"@type\":\"CommentAction\",\"name\":\"Comment\",\"target\":[\"https:\\\/\\\/haberkuzey.com\\\/index.php\\\/2026\\\/05\\\/03\\\/pertev-denizlerimiz-tehlikede\\\/#respond\"]}]},{\"@type\":\"WebPage\",\"@id\":\"https:\\\/\\\/haberkuzey.com\\\/index.php\\\/2026\\\/05\\\/03\\\/pertev-denizlerimiz-tehlikede\\\/\",\"url\":\"https:\\\/\\\/haberkuzey.com\\\/index.php\\\/2026\\\/05\\\/03\\\/pertev-denizlerimiz-tehlikede\\\/\",\"name\":\"Pertev: Denizlerimiz tehlikede - Haber Kuzey\",\"isPartOf\":{\"@id\":\"https:\\\/\\\/haberkuzey.com\\\/#website\"},\"primaryImageOfPage\":{\"@id\":\"https:\\\/\\\/haberkuzey.com\\\/index.php\\\/2026\\\/05\\\/03\\\/pertev-denizlerimiz-tehlikede\\\/#primaryimage\"},\"image\":{\"@id\":\"https:\\\/\\\/haberkuzey.com\\\/index.php\\\/2026\\\/05\\\/03\\\/pertev-denizlerimiz-tehlikede\\\/#primaryimage\"},\"thumbnailUrl\":\"https:\\\/\\\/haberkuzey.com\\\/wp-content\\\/uploads\\\/2026\\\/05\\\/1744530885362rasit-pertev-3.webp\",\"datePublished\":\"2026-05-03T10:22:47+00:00\",\"dateModified\":\"2026-05-03T10:22:56+00:00\",\"author\":{\"@id\":\"https:\\\/\\\/haberkuzey.com\\\/#\\\/schema\\\/person\\\/3372109ec735f9333f4fa47ebb9605ca\"},\"breadcrumb\":{\"@id\":\"https:\\\/\\\/haberkuzey.com\\\/index.php\\\/2026\\\/05\\\/03\\\/pertev-denizlerimiz-tehlikede\\\/#breadcrumb\"},\"inLanguage\":\"tr\",\"potentialAction\":[{\"@type\":\"ReadAction\",\"target\":[\"https:\\\/\\\/haberkuzey.com\\\/index.php\\\/2026\\\/05\\\/03\\\/pertev-denizlerimiz-tehlikede\\\/\"]}]},{\"@type\":\"ImageObject\",\"inLanguage\":\"tr\",\"@id\":\"https:\\\/\\\/haberkuzey.com\\\/index.php\\\/2026\\\/05\\\/03\\\/pertev-denizlerimiz-tehlikede\\\/#primaryimage\",\"url\":\"https:\\\/\\\/haberkuzey.com\\\/wp-content\\\/uploads\\\/2026\\\/05\\\/1744530885362rasit-pertev-3.webp\",\"contentUrl\":\"https:\\\/\\\/haberkuzey.com\\\/wp-content\\\/uploads\\\/2026\\\/05\\\/1744530885362rasit-pertev-3.webp\",\"width\":1280,\"height\":720},{\"@type\":\"BreadcrumbList\",\"@id\":\"https:\\\/\\\/haberkuzey.com\\\/index.php\\\/2026\\\/05\\\/03\\\/pertev-denizlerimiz-tehlikede\\\/#breadcrumb\",\"itemListElement\":[{\"@type\":\"ListItem\",\"position\":1,\"name\":\"Anasayfa\",\"item\":\"https:\\\/\\\/haberkuzey.com\\\/\"},{\"@type\":\"ListItem\",\"position\":2,\"name\":\"Pertev: Denizlerimiz tehlikede\"}]},{\"@type\":\"WebSite\",\"@id\":\"https:\\\/\\\/haberkuzey.com\\\/#website\",\"url\":\"https:\\\/\\\/haberkuzey.com\\\/\",\"name\":\"Haber Kuzey\",\"description\":\"Do\u011fru Haberin Adresi\",\"potentialAction\":[{\"@type\":\"SearchAction\",\"target\":{\"@type\":\"EntryPoint\",\"urlTemplate\":\"https:\\\/\\\/haberkuzey.com\\\/?s={search_term_string}\"},\"query-input\":{\"@type\":\"PropertyValueSpecification\",\"valueRequired\":true,\"valueName\":\"search_term_string\"}}],\"inLanguage\":\"tr\"},{\"@type\":\"Person\",\"@id\":\"https:\\\/\\\/haberkuzey.com\\\/#\\\/schema\\\/person\\\/3372109ec735f9333f4fa47ebb9605ca\",\"name\":\"haberkuzey\",\"image\":{\"@type\":\"ImageObject\",\"inLanguage\":\"tr\",\"@id\":\"https:\\\/\\\/secure.gravatar.com\\\/avatar\\\/f5fc875574b1575324358c3b9e6a32b8227aa5b74f3fa22e3cadb63e26fcc39c?s=96&d=mm&r=g\",\"url\":\"https:\\\/\\\/secure.gravatar.com\\\/avatar\\\/f5fc875574b1575324358c3b9e6a32b8227aa5b74f3fa22e3cadb63e26fcc39c?s=96&d=mm&r=g\",\"contentUrl\":\"https:\\\/\\\/secure.gravatar.com\\\/avatar\\\/f5fc875574b1575324358c3b9e6a32b8227aa5b74f3fa22e3cadb63e26fcc39c?s=96&d=mm&r=g\",\"caption\":\"haberkuzey\"},\"sameAs\":[\"https:\\\/\\\/haberkuzey.com\"],\"url\":\"https:\\\/\\\/haberkuzey.com\\\/index.php\\\/author\\\/haberkuzey\\\/\"}]}<\/script>\n<!-- \/ Yoast SEO plugin. -->","yoast_head_json":{"title":"Pertev: Denizlerimiz tehlikede - Haber Kuzey","robots":{"index":"index","follow":"follow","max-snippet":"max-snippet:-1","max-image-preview":"max-image-preview:large","max-video-preview":"max-video-preview:-1"},"canonical":"https:\/\/haberkuzey.com\/index.php\/2026\/05\/03\/pertev-denizlerimiz-tehlikede\/","og_locale":"tr_TR","og_type":"article","og_title":"Pertev: Denizlerimiz tehlikede - Haber Kuzey","og_description":"Tar\u0131m ve Orman Eski Bakan\u0131 Ra\u015fit Pertev, iklim de\u011fi\u015fikli\u011fi nedeniyle denizlerimizde ya\u015fanan de\u011fi\u015fimin y\u0131llard\u0131r birikti\u011fini ve art\u0131k g\u00f6zle g\u00f6r\u00fcl\u00fcr hale geldi\u011fini belirterek \u00f6nemli uyar\u0131larda bulundu. Pertev, deniz s\u0131cakl\u0131klar\u0131ndaki art\u0131\u015f\u0131n san\u0131ld\u0131\u011f\u0131ndan \u00e7ok daha ciddi sonu\u00e7lar do\u011furdu\u011funu ifade ederek \u015fu bilgileri payla\u015ft\u0131: \u201c1974\u2019ten itibaren denizlerimizin ortalama s\u0131cakl\u0131\u011f\u0131 yakla\u015f\u0131k +2 derece artm\u0131\u015ft\u0131r. Daha \u00e7arp\u0131c\u0131 olan ise, 2004\u2019ten bu [&hellip;]","og_url":"https:\/\/haberkuzey.com\/index.php\/2026\/05\/03\/pertev-denizlerimiz-tehlikede\/","og_site_name":"Haber Kuzey","article_published_time":"2026-05-03T10:22:47+00:00","article_modified_time":"2026-05-03T10:22:56+00:00","og_image":[{"width":1280,"height":720,"url":"https:\/\/haberkuzey.com\/wp-content\/uploads\/2026\/05\/1744530885362rasit-pertev-3.webp","type":"image\/webp"}],"author":"haberkuzey","twitter_card":"summary_large_image","twitter_misc":{"Yazan:":"haberkuzey","Tahmini okuma s\u00fcresi":"3 dakika"},"schema":{"@context":"https:\/\/schema.org","@graph":[{"@type":"Article","@id":"https:\/\/haberkuzey.com\/index.php\/2026\/05\/03\/pertev-denizlerimiz-tehlikede\/#article","isPartOf":{"@id":"https:\/\/haberkuzey.com\/index.php\/2026\/05\/03\/pertev-denizlerimiz-tehlikede\/"},"author":{"name":"haberkuzey","@id":"https:\/\/haberkuzey.com\/#\/schema\/person\/3372109ec735f9333f4fa47ebb9605ca"},"headline":"Pertev: Denizlerimiz tehlikede","datePublished":"2026-05-03T10:22:47+00:00","dateModified":"2026-05-03T10:22:56+00:00","mainEntityOfPage":{"@id":"https:\/\/haberkuzey.com\/index.php\/2026\/05\/03\/pertev-denizlerimiz-tehlikede\/"},"wordCount":522,"commentCount":0,"image":{"@id":"https:\/\/haberkuzey.com\/index.php\/2026\/05\/03\/pertev-denizlerimiz-tehlikede\/#primaryimage"},"thumbnailUrl":"https:\/\/haberkuzey.com\/wp-content\/uploads\/2026\/05\/1744530885362rasit-pertev-3.webp","articleSection":["K\u0131br\u0131s"],"inLanguage":"tr","potentialAction":[{"@type":"CommentAction","name":"Comment","target":["https:\/\/haberkuzey.com\/index.php\/2026\/05\/03\/pertev-denizlerimiz-tehlikede\/#respond"]}]},{"@type":"WebPage","@id":"https:\/\/haberkuzey.com\/index.php\/2026\/05\/03\/pertev-denizlerimiz-tehlikede\/","url":"https:\/\/haberkuzey.com\/index.php\/2026\/05\/03\/pertev-denizlerimiz-tehlikede\/","name":"Pertev: Denizlerimiz tehlikede - Haber Kuzey","isPartOf":{"@id":"https:\/\/haberkuzey.com\/#website"},"primaryImageOfPage":{"@id":"https:\/\/haberkuzey.com\/index.php\/2026\/05\/03\/pertev-denizlerimiz-tehlikede\/#primaryimage"},"image":{"@id":"https:\/\/haberkuzey.com\/index.php\/2026\/05\/03\/pertev-denizlerimiz-tehlikede\/#primaryimage"},"thumbnailUrl":"https:\/\/haberkuzey.com\/wp-content\/uploads\/2026\/05\/1744530885362rasit-pertev-3.webp","datePublished":"2026-05-03T10:22:47+00:00","dateModified":"2026-05-03T10:22:56+00:00","author":{"@id":"https:\/\/haberkuzey.com\/#\/schema\/person\/3372109ec735f9333f4fa47ebb9605ca"},"breadcrumb":{"@id":"https:\/\/haberkuzey.com\/index.php\/2026\/05\/03\/pertev-denizlerimiz-tehlikede\/#breadcrumb"},"inLanguage":"tr","potentialAction":[{"@type":"ReadAction","target":["https:\/\/haberkuzey.com\/index.php\/2026\/05\/03\/pertev-denizlerimiz-tehlikede\/"]}]},{"@type":"ImageObject","inLanguage":"tr","@id":"https:\/\/haberkuzey.com\/index.php\/2026\/05\/03\/pertev-denizlerimiz-tehlikede\/#primaryimage","url":"https:\/\/haberkuzey.com\/wp-content\/uploads\/2026\/05\/1744530885362rasit-pertev-3.webp","contentUrl":"https:\/\/haberkuzey.com\/wp-content\/uploads\/2026\/05\/1744530885362rasit-pertev-3.webp","width":1280,"height":720},{"@type":"BreadcrumbList","@id":"https:\/\/haberkuzey.com\/index.php\/2026\/05\/03\/pertev-denizlerimiz-tehlikede\/#breadcrumb","itemListElement":[{"@type":"ListItem","position":1,"name":"Anasayfa","item":"https:\/\/haberkuzey.com\/"},{"@type":"ListItem","position":2,"name":"Pertev: Denizlerimiz tehlikede"}]},{"@type":"WebSite","@id":"https:\/\/haberkuzey.com\/#website","url":"https:\/\/haberkuzey.com\/","name":"Haber Kuzey","description":"Do\u011fru Haberin Adresi","potentialAction":[{"@type":"SearchAction","target":{"@type":"EntryPoint","urlTemplate":"https:\/\/haberkuzey.com\/?s={search_term_string}"},"query-input":{"@type":"PropertyValueSpecification","valueRequired":true,"valueName":"search_term_string"}}],"inLanguage":"tr"},{"@type":"Person","@id":"https:\/\/haberkuzey.com\/#\/schema\/person\/3372109ec735f9333f4fa47ebb9605ca","name":"haberkuzey","image":{"@type":"ImageObject","inLanguage":"tr","@id":"https:\/\/secure.gravatar.com\/avatar\/f5fc875574b1575324358c3b9e6a32b8227aa5b74f3fa22e3cadb63e26fcc39c?s=96&d=mm&r=g","url":"https:\/\/secure.gravatar.com\/avatar\/f5fc875574b1575324358c3b9e6a32b8227aa5b74f3fa22e3cadb63e26fcc39c?s=96&d=mm&r=g","contentUrl":"https:\/\/secure.gravatar.com\/avatar\/f5fc875574b1575324358c3b9e6a32b8227aa5b74f3fa22e3cadb63e26fcc39c?s=96&d=mm&r=g","caption":"haberkuzey"},"sameAs":["https:\/\/haberkuzey.com"],"url":"https:\/\/haberkuzey.com\/index.php\/author\/haberkuzey\/"}]}},"_links":{"self":[{"href":"https:\/\/haberkuzey.com\/index.php\/wp-json\/wp\/v2\/posts\/37134","targetHints":{"allow":["GET"]}}],"collection":[{"href":"https:\/\/haberkuzey.com\/index.php\/wp-json\/wp\/v2\/posts"}],"about":[{"href":"https:\/\/haberkuzey.com\/index.php\/wp-json\/wp\/v2\/types\/post"}],"author":[{"embeddable":true,"href":"https:\/\/haberkuzey.com\/index.php\/wp-json\/wp\/v2\/users\/1"}],"replies":[{"embeddable":true,"href":"https:\/\/haberkuzey.com\/index.php\/wp-json\/wp\/v2\/comments?post=37134"}],"version-history":[{"count":1,"href":"https:\/\/haberkuzey.com\/index.php\/wp-json\/wp\/v2\/posts\/37134\/revisions"}],"predecessor-version":[{"id":37136,"href":"https:\/\/haberkuzey.com\/index.php\/wp-json\/wp\/v2\/posts\/37134\/revisions\/37136"}],"wp:featuredmedia":[{"embeddable":true,"href":"https:\/\/haberkuzey.com\/index.php\/wp-json\/wp\/v2\/media\/37135"}],"wp:attachment":[{"href":"https:\/\/haberkuzey.com\/index.php\/wp-json\/wp\/v2\/media?parent=37134"}],"wp:term":[{"taxonomy":"category","embeddable":true,"href":"https:\/\/haberkuzey.com\/index.php\/wp-json\/wp\/v2\/categories?post=37134"},{"taxonomy":"post_tag","embeddable":true,"href":"https:\/\/haberkuzey.com\/index.php\/wp-json\/wp\/v2\/tags?post=37134"}],"curies":[{"name":"wp","href":"https:\/\/api.w.org\/{rel}","templated":true}]}}