{"id":37128,"date":"2026-05-03T13:10:46","date_gmt":"2026-05-03T10:10:46","guid":{"rendered":"https:\/\/haberkuzey.com\/index.php\/2026\/05\/03\/amcaoglu-yilmazkoyde-cok-amacli-yeni-alan-icin-calismalar-suruyor\/"},"modified":"2026-05-03T13:10:54","modified_gmt":"2026-05-03T10:10:54","slug":"amcaoglu-yilmazkoyde-cok-amacli-yeni-alan-icin-calismalar-suruyor","status":"publish","type":"post","link":"https:\/\/haberkuzey.com\/index.php\/2026\/05\/03\/amcaoglu-yilmazkoyde-cok-amacli-yeni-alan-icin-calismalar-suruyor\/","title":{"rendered":"Amcao\u011flu: Y\u0131lmazk\u00f6y\u2019de \u00e7ok ama\u00e7l\u0131 yeni alan i\u00e7in \u00e7al\u0131\u015fmalar s\u00fcr\u00fcyor"},"content":{"rendered":"<p>G\u00f6nyeli\u2013Alayk\u00f6y Belediye Ba\u015fkan\u0131 H\u00fcseyin Amcao\u011flu, Y\u0131lmazk\u00f6y\u2019de planlanan yeni alan d\u00fczenlemesine ili\u015fkin a\u00e7\u0131klamalarda bulundu.<\/p>\n<p>Ba\u015fkan Amcao\u011flu, Y\u0131lmazk\u00f6y\u2019de yeni bir alan\u0131 daha hayata ge\u00e7irmek i\u00e7in \u00e7al\u0131\u015fmalar\u0131n kararl\u0131l\u0131kla devam etti\u011fini belirtti.<\/p>\n<p>Y\u0131lmazk\u00f6y Spor Kul\u00fcb\u00fc kar\u015f\u0131s\u0131nda planlanan d\u00fczenleme kapsam\u0131nda yakla\u015f\u0131k 30 ara\u00e7l\u0131k otopark kapasitesine sahip, ayn\u0131 zamanda meydan olarak da kullan\u0131labilecek 970 metrekarelik bir alan\u0131n Y\u0131lmazk\u00f6y\u2019e kazand\u0131r\u0131ld\u0131\u011f\u0131n\u0131 ifade eden Amcao\u011flu, \u00e7al\u0131\u015fmalar\u0131n halen s\u00fcrd\u00fc\u011f\u00fcn\u00fc kaydetti.<\/p>\n<p>S\u00f6z konusu alan\u0131n sadece bir otopark olarak de\u011fil, gerekti\u011finde etkinliklerin de yap\u0131labilece\u011fi esnek bir ya\u015fam alan\u0131 olarak tasarland\u0131\u011f\u0131n\u0131 belirten Amcao\u011flu, alan \u00e7evresinde devam eden kald\u0131r\u0131m d\u00fczenlemeleriyle kullan\u0131m konforunun art\u0131r\u0131lmas\u0131n\u0131n hedeflendi\u011fini ifade etti.<\/p>\n<p>Giri\u015flerin ana yol yerine tali yoldan verilmesinin planland\u0131\u011f\u0131n\u0131 belirten Amcao\u011flu, bu sayede hem trafik ak\u0131\u015f\u0131n\u0131n rahatlat\u0131lmas\u0131n\u0131n hem de g\u00fcvenli\u011fin \u00f6n planda tutulmas\u0131n\u0131n ama\u00e7land\u0131\u011f\u0131n\u0131 vurgulad\u0131.<\/p>\n<p>Alan i\u00e7erisinde yap\u0131lacak bitkilendirme ile ara\u00e7 park noktalar\u0131n\u0131n geni\u015f ta\u00e7l\u0131 a\u011fa\u00e7larla do\u011fal bir g\u00f6lge koridoruna d\u00f6n\u00fc\u015ft\u00fcr\u00fclmesinin hedeflendi\u011fini ifade eden Amcao\u011flu, giri\u015f b\u00f6l\u00fcm\u00fcndeki \u00fc\u00e7gen alanda ise g\u00f6r\u00fc\u015f a\u00e7\u0131s\u0131n\u0131 kapatmayan estetik bir peyzaj d\u00fczenlemesinin hayata ge\u00e7irilece\u011fini belirtti.<\/p>\n<p>Ba\u015fkan Amcao\u011flu, kentte sadece bug\u00fcn\u00fc de\u011fil yar\u0131n\u0131 planlayarak hareket ettiklerini vurgulayarak, her ad\u0131mda daha d\u00fczenli, daha g\u00fcvenli ve daha i\u015flevsel bir ya\u015fam alan\u0131 olu\u015fturmak i\u00e7in kararl\u0131l\u0131kla \u00e7al\u0131\u015fmaya devam edeceklerini kaydetti.<\/p><\/p>\n","protected":false},"excerpt":{"rendered":"<p>G\u00f6nyeli\u2013Alayk\u00f6y Belediye Ba\u015fkan\u0131 H\u00fcseyin Amcao\u011flu, Y\u0131lmazk\u00f6y\u2019de planlanan yeni alan d\u00fczenlemesine ili\u015fkin a\u00e7\u0131klamalarda bulundu. Ba\u015fkan Amcao\u011flu, Y\u0131lmazk\u00f6y\u2019de yeni bir alan\u0131 daha hayata ge\u00e7irmek i\u00e7in \u00e7al\u0131\u015fmalar\u0131n kararl\u0131l\u0131kla devam etti\u011fini belirtti. Y\u0131lmazk\u00f6y Spor Kul\u00fcb\u00fc kar\u015f\u0131s\u0131nda planlanan d\u00fczenleme kapsam\u0131nda yakla\u015f\u0131k 30 ara\u00e7l\u0131k otopark kapasitesine sahip, ayn\u0131 zamanda meydan olarak da kullan\u0131labilecek 970 metrekarelik bir alan\u0131n Y\u0131lmazk\u00f6y\u2019e kazand\u0131r\u0131ld\u0131\u011f\u0131n\u0131 ifade eden [&hellip;]<\/p>\n","protected":false},"author":1,"featured_media":37129,"comment_status":"open","ping_status":"open","sticky":false,"template":"","format":"standard","meta":{"jnews-multi-image_gallery":[],"jnews_single_post":[],"jnews_primary_category":[],"footnotes":""},"categories":[1],"tags":[],"class_list":["post-37128","post","type-post","status-publish","format-standard","has-post-thumbnail","hentry","category-kibris"],"yoast_head":"<!-- This site is optimized with the Yoast SEO plugin v27.5 - https:\/\/yoast.com\/product\/yoast-seo-wordpress\/ -->\n<title>Amcao\u011flu: Y\u0131lmazk\u00f6y\u2019de \u00e7ok ama\u00e7l\u0131 yeni alan i\u00e7in \u00e7al\u0131\u015fmalar s\u00fcr\u00fcyor - Haber Kuzey<\/title>\n<meta name=\"robots\" content=\"index, follow, max-snippet:-1, max-image-preview:large, max-video-preview:-1\" \/>\n<link rel=\"canonical\" href=\"https:\/\/haberkuzey.com\/index.php\/2026\/05\/03\/amcaoglu-yilmazkoyde-cok-amacli-yeni-alan-icin-calismalar-suruyor\/\" \/>\n<meta property=\"og:locale\" content=\"tr_TR\" \/>\n<meta property=\"og:type\" content=\"article\" \/>\n<meta property=\"og:title\" content=\"Amcao\u011flu: Y\u0131lmazk\u00f6y\u2019de \u00e7ok ama\u00e7l\u0131 yeni alan i\u00e7in \u00e7al\u0131\u015fmalar s\u00fcr\u00fcyor - Haber Kuzey\" \/>\n<meta property=\"og:description\" content=\"G\u00f6nyeli\u2013Alayk\u00f6y Belediye Ba\u015fkan\u0131 H\u00fcseyin Amcao\u011flu, Y\u0131lmazk\u00f6y\u2019de planlanan yeni alan d\u00fczenlemesine ili\u015fkin a\u00e7\u0131klamalarda bulundu. Ba\u015fkan Amcao\u011flu, Y\u0131lmazk\u00f6y\u2019de yeni bir alan\u0131 daha hayata ge\u00e7irmek i\u00e7in \u00e7al\u0131\u015fmalar\u0131n kararl\u0131l\u0131kla devam etti\u011fini belirtti. Y\u0131lmazk\u00f6y Spor Kul\u00fcb\u00fc kar\u015f\u0131s\u0131nda planlanan d\u00fczenleme kapsam\u0131nda yakla\u015f\u0131k 30 ara\u00e7l\u0131k otopark kapasitesine sahip, ayn\u0131 zamanda meydan olarak da kullan\u0131labilecek 970 metrekarelik bir alan\u0131n Y\u0131lmazk\u00f6y\u2019e kazand\u0131r\u0131ld\u0131\u011f\u0131n\u0131 ifade eden [&hellip;]\" \/>\n<meta property=\"og:url\" content=\"https:\/\/haberkuzey.com\/index.php\/2026\/05\/03\/amcaoglu-yilmazkoyde-cok-amacli-yeni-alan-icin-calismalar-suruyor\/\" \/>\n<meta property=\"og:site_name\" content=\"Haber Kuzey\" \/>\n<meta property=\"article:published_time\" content=\"2026-05-03T10:10:46+00:00\" \/>\n<meta property=\"article:modified_time\" content=\"2026-05-03T10:10:54+00:00\" \/>\n<meta property=\"og:image\" content=\"https:\/\/haberkuzey.com\/wp-content\/uploads\/2026\/05\/686018164_953655777563558_5109170891526012045_n.jpg\" \/>\n\t<meta property=\"og:image:width\" content=\"993\" \/>\n\t<meta property=\"og:image:height\" content=\"853\" \/>\n\t<meta property=\"og:image:type\" content=\"image\/jpeg\" \/>\n<meta name=\"author\" content=\"haberkuzey\" \/>\n<meta name=\"twitter:card\" content=\"summary_large_image\" \/>\n<meta name=\"twitter:label1\" content=\"Yazan:\" \/>\n\t<meta name=\"twitter:data1\" content=\"haberkuzey\" \/>\n\t<meta name=\"twitter:label2\" content=\"Tahmini okuma s\u00fcresi\" \/>\n\t<meta name=\"twitter:data2\" content=\"1 dakika\" \/>\n<script type=\"application\/ld+json\" class=\"yoast-schema-graph\">{\"@context\":\"https:\\\/\\\/schema.org\",\"@graph\":[{\"@type\":\"Article\",\"@id\":\"https:\\\/\\\/haberkuzey.com\\\/index.php\\\/2026\\\/05\\\/03\\\/amcaoglu-yilmazkoyde-cok-amacli-yeni-alan-icin-calismalar-suruyor\\\/#article\",\"isPartOf\":{\"@id\":\"https:\\\/\\\/haberkuzey.com\\\/index.php\\\/2026\\\/05\\\/03\\\/amcaoglu-yilmazkoyde-cok-amacli-yeni-alan-icin-calismalar-suruyor\\\/\"},\"author\":{\"name\":\"haberkuzey\",\"@id\":\"https:\\\/\\\/haberkuzey.com\\\/#\\\/schema\\\/person\\\/3372109ec735f9333f4fa47ebb9605ca\"},\"headline\":\"Amcao\u011flu: Y\u0131lmazk\u00f6y\u2019de \u00e7ok ama\u00e7l\u0131 yeni alan i\u00e7in \u00e7al\u0131\u015fmalar s\u00fcr\u00fcyor\",\"datePublished\":\"2026-05-03T10:10:46+00:00\",\"dateModified\":\"2026-05-03T10:10:54+00:00\",\"mainEntityOfPage\":{\"@id\":\"https:\\\/\\\/haberkuzey.com\\\/index.php\\\/2026\\\/05\\\/03\\\/amcaoglu-yilmazkoyde-cok-amacli-yeni-alan-icin-calismalar-suruyor\\\/\"},\"wordCount\":315,\"commentCount\":0,\"image\":{\"@id\":\"https:\\\/\\\/haberkuzey.com\\\/index.php\\\/2026\\\/05\\\/03\\\/amcaoglu-yilmazkoyde-cok-amacli-yeni-alan-icin-calismalar-suruyor\\\/#primaryimage\"},\"thumbnailUrl\":\"https:\\\/\\\/haberkuzey.com\\\/wp-content\\\/uploads\\\/2026\\\/05\\\/686018164_953655777563558_5109170891526012045_n.jpg\",\"articleSection\":[\"K\u0131br\u0131s\"],\"inLanguage\":\"tr\",\"potentialAction\":[{\"@type\":\"CommentAction\",\"name\":\"Comment\",\"target\":[\"https:\\\/\\\/haberkuzey.com\\\/index.php\\\/2026\\\/05\\\/03\\\/amcaoglu-yilmazkoyde-cok-amacli-yeni-alan-icin-calismalar-suruyor\\\/#respond\"]}]},{\"@type\":\"WebPage\",\"@id\":\"https:\\\/\\\/haberkuzey.com\\\/index.php\\\/2026\\\/05\\\/03\\\/amcaoglu-yilmazkoyde-cok-amacli-yeni-alan-icin-calismalar-suruyor\\\/\",\"url\":\"https:\\\/\\\/haberkuzey.com\\\/index.php\\\/2026\\\/05\\\/03\\\/amcaoglu-yilmazkoyde-cok-amacli-yeni-alan-icin-calismalar-suruyor\\\/\",\"name\":\"Amcao\u011flu: Y\u0131lmazk\u00f6y\u2019de \u00e7ok ama\u00e7l\u0131 yeni alan i\u00e7in \u00e7al\u0131\u015fmalar s\u00fcr\u00fcyor - Haber Kuzey\",\"isPartOf\":{\"@id\":\"https:\\\/\\\/haberkuzey.com\\\/#website\"},\"primaryImageOfPage\":{\"@id\":\"https:\\\/\\\/haberkuzey.com\\\/index.php\\\/2026\\\/05\\\/03\\\/amcaoglu-yilmazkoyde-cok-amacli-yeni-alan-icin-calismalar-suruyor\\\/#primaryimage\"},\"image\":{\"@id\":\"https:\\\/\\\/haberkuzey.com\\\/index.php\\\/2026\\\/05\\\/03\\\/amcaoglu-yilmazkoyde-cok-amacli-yeni-alan-icin-calismalar-suruyor\\\/#primaryimage\"},\"thumbnailUrl\":\"https:\\\/\\\/haberkuzey.com\\\/wp-content\\\/uploads\\\/2026\\\/05\\\/686018164_953655777563558_5109170891526012045_n.jpg\",\"datePublished\":\"2026-05-03T10:10:46+00:00\",\"dateModified\":\"2026-05-03T10:10:54+00:00\",\"author\":{\"@id\":\"https:\\\/\\\/haberkuzey.com\\\/#\\\/schema\\\/person\\\/3372109ec735f9333f4fa47ebb9605ca\"},\"breadcrumb\":{\"@id\":\"https:\\\/\\\/haberkuzey.com\\\/index.php\\\/2026\\\/05\\\/03\\\/amcaoglu-yilmazkoyde-cok-amacli-yeni-alan-icin-calismalar-suruyor\\\/#breadcrumb\"},\"inLanguage\":\"tr\",\"potentialAction\":[{\"@type\":\"ReadAction\",\"target\":[\"https:\\\/\\\/haberkuzey.com\\\/index.php\\\/2026\\\/05\\\/03\\\/amcaoglu-yilmazkoyde-cok-amacli-yeni-alan-icin-calismalar-suruyor\\\/\"]}]},{\"@type\":\"ImageObject\",\"inLanguage\":\"tr\",\"@id\":\"https:\\\/\\\/haberkuzey.com\\\/index.php\\\/2026\\\/05\\\/03\\\/amcaoglu-yilmazkoyde-cok-amacli-yeni-alan-icin-calismalar-suruyor\\\/#primaryimage\",\"url\":\"https:\\\/\\\/haberkuzey.com\\\/wp-content\\\/uploads\\\/2026\\\/05\\\/686018164_953655777563558_5109170891526012045_n.jpg\",\"contentUrl\":\"https:\\\/\\\/haberkuzey.com\\\/wp-content\\\/uploads\\\/2026\\\/05\\\/686018164_953655777563558_5109170891526012045_n.jpg\",\"width\":993,\"height\":853},{\"@type\":\"BreadcrumbList\",\"@id\":\"https:\\\/\\\/haberkuzey.com\\\/index.php\\\/2026\\\/05\\\/03\\\/amcaoglu-yilmazkoyde-cok-amacli-yeni-alan-icin-calismalar-suruyor\\\/#breadcrumb\",\"itemListElement\":[{\"@type\":\"ListItem\",\"position\":1,\"name\":\"Anasayfa\",\"item\":\"https:\\\/\\\/haberkuzey.com\\\/\"},{\"@type\":\"ListItem\",\"position\":2,\"name\":\"Amcao\u011flu: Y\u0131lmazk\u00f6y\u2019de \u00e7ok ama\u00e7l\u0131 yeni alan i\u00e7in \u00e7al\u0131\u015fmalar s\u00fcr\u00fcyor\"}]},{\"@type\":\"WebSite\",\"@id\":\"https:\\\/\\\/haberkuzey.com\\\/#website\",\"url\":\"https:\\\/\\\/haberkuzey.com\\\/\",\"name\":\"Haber Kuzey\",\"description\":\"Do\u011fru Haberin Adresi\",\"potentialAction\":[{\"@type\":\"SearchAction\",\"target\":{\"@type\":\"EntryPoint\",\"urlTemplate\":\"https:\\\/\\\/haberkuzey.com\\\/?s={search_term_string}\"},\"query-input\":{\"@type\":\"PropertyValueSpecification\",\"valueRequired\":true,\"valueName\":\"search_term_string\"}}],\"inLanguage\":\"tr\"},{\"@type\":\"Person\",\"@id\":\"https:\\\/\\\/haberkuzey.com\\\/#\\\/schema\\\/person\\\/3372109ec735f9333f4fa47ebb9605ca\",\"name\":\"haberkuzey\",\"image\":{\"@type\":\"ImageObject\",\"inLanguage\":\"tr\",\"@id\":\"https:\\\/\\\/secure.gravatar.com\\\/avatar\\\/f5fc875574b1575324358c3b9e6a32b8227aa5b74f3fa22e3cadb63e26fcc39c?s=96&d=mm&r=g\",\"url\":\"https:\\\/\\\/secure.gravatar.com\\\/avatar\\\/f5fc875574b1575324358c3b9e6a32b8227aa5b74f3fa22e3cadb63e26fcc39c?s=96&d=mm&r=g\",\"contentUrl\":\"https:\\\/\\\/secure.gravatar.com\\\/avatar\\\/f5fc875574b1575324358c3b9e6a32b8227aa5b74f3fa22e3cadb63e26fcc39c?s=96&d=mm&r=g\",\"caption\":\"haberkuzey\"},\"sameAs\":[\"https:\\\/\\\/haberkuzey.com\"],\"url\":\"https:\\\/\\\/haberkuzey.com\\\/index.php\\\/author\\\/haberkuzey\\\/\"}]}<\/script>\n<!-- \/ Yoast SEO plugin. -->","yoast_head_json":{"title":"Amcao\u011flu: Y\u0131lmazk\u00f6y\u2019de \u00e7ok ama\u00e7l\u0131 yeni alan i\u00e7in \u00e7al\u0131\u015fmalar s\u00fcr\u00fcyor - Haber Kuzey","robots":{"index":"index","follow":"follow","max-snippet":"max-snippet:-1","max-image-preview":"max-image-preview:large","max-video-preview":"max-video-preview:-1"},"canonical":"https:\/\/haberkuzey.com\/index.php\/2026\/05\/03\/amcaoglu-yilmazkoyde-cok-amacli-yeni-alan-icin-calismalar-suruyor\/","og_locale":"tr_TR","og_type":"article","og_title":"Amcao\u011flu: Y\u0131lmazk\u00f6y\u2019de \u00e7ok ama\u00e7l\u0131 yeni alan i\u00e7in \u00e7al\u0131\u015fmalar s\u00fcr\u00fcyor - Haber Kuzey","og_description":"G\u00f6nyeli\u2013Alayk\u00f6y Belediye Ba\u015fkan\u0131 H\u00fcseyin Amcao\u011flu, Y\u0131lmazk\u00f6y\u2019de planlanan yeni alan d\u00fczenlemesine ili\u015fkin a\u00e7\u0131klamalarda bulundu. Ba\u015fkan Amcao\u011flu, Y\u0131lmazk\u00f6y\u2019de yeni bir alan\u0131 daha hayata ge\u00e7irmek i\u00e7in \u00e7al\u0131\u015fmalar\u0131n kararl\u0131l\u0131kla devam etti\u011fini belirtti. Y\u0131lmazk\u00f6y Spor Kul\u00fcb\u00fc kar\u015f\u0131s\u0131nda planlanan d\u00fczenleme kapsam\u0131nda yakla\u015f\u0131k 30 ara\u00e7l\u0131k otopark kapasitesine sahip, ayn\u0131 zamanda meydan olarak da kullan\u0131labilecek 970 metrekarelik bir alan\u0131n Y\u0131lmazk\u00f6y\u2019e kazand\u0131r\u0131ld\u0131\u011f\u0131n\u0131 ifade eden [&hellip;]","og_url":"https:\/\/haberkuzey.com\/index.php\/2026\/05\/03\/amcaoglu-yilmazkoyde-cok-amacli-yeni-alan-icin-calismalar-suruyor\/","og_site_name":"Haber Kuzey","article_published_time":"2026-05-03T10:10:46+00:00","article_modified_time":"2026-05-03T10:10:54+00:00","og_image":[{"width":993,"height":853,"url":"https:\/\/haberkuzey.com\/wp-content\/uploads\/2026\/05\/686018164_953655777563558_5109170891526012045_n.jpg","type":"image\/jpeg"}],"author":"haberkuzey","twitter_card":"summary_large_image","twitter_misc":{"Yazan:":"haberkuzey","Tahmini okuma s\u00fcresi":"1 dakika"},"schema":{"@context":"https:\/\/schema.org","@graph":[{"@type":"Article","@id":"https:\/\/haberkuzey.com\/index.php\/2026\/05\/03\/amcaoglu-yilmazkoyde-cok-amacli-yeni-alan-icin-calismalar-suruyor\/#article","isPartOf":{"@id":"https:\/\/haberkuzey.com\/index.php\/2026\/05\/03\/amcaoglu-yilmazkoyde-cok-amacli-yeni-alan-icin-calismalar-suruyor\/"},"author":{"name":"haberkuzey","@id":"https:\/\/haberkuzey.com\/#\/schema\/person\/3372109ec735f9333f4fa47ebb9605ca"},"headline":"Amcao\u011flu: Y\u0131lmazk\u00f6y\u2019de \u00e7ok ama\u00e7l\u0131 yeni alan i\u00e7in \u00e7al\u0131\u015fmalar s\u00fcr\u00fcyor","datePublished":"2026-05-03T10:10:46+00:00","dateModified":"2026-05-03T10:10:54+00:00","mainEntityOfPage":{"@id":"https:\/\/haberkuzey.com\/index.php\/2026\/05\/03\/amcaoglu-yilmazkoyde-cok-amacli-yeni-alan-icin-calismalar-suruyor\/"},"wordCount":315,"commentCount":0,"image":{"@id":"https:\/\/haberkuzey.com\/index.php\/2026\/05\/03\/amcaoglu-yilmazkoyde-cok-amacli-yeni-alan-icin-calismalar-suruyor\/#primaryimage"},"thumbnailUrl":"https:\/\/haberkuzey.com\/wp-content\/uploads\/2026\/05\/686018164_953655777563558_5109170891526012045_n.jpg","articleSection":["K\u0131br\u0131s"],"inLanguage":"tr","potentialAction":[{"@type":"CommentAction","name":"Comment","target":["https:\/\/haberkuzey.com\/index.php\/2026\/05\/03\/amcaoglu-yilmazkoyde-cok-amacli-yeni-alan-icin-calismalar-suruyor\/#respond"]}]},{"@type":"WebPage","@id":"https:\/\/haberkuzey.com\/index.php\/2026\/05\/03\/amcaoglu-yilmazkoyde-cok-amacli-yeni-alan-icin-calismalar-suruyor\/","url":"https:\/\/haberkuzey.com\/index.php\/2026\/05\/03\/amcaoglu-yilmazkoyde-cok-amacli-yeni-alan-icin-calismalar-suruyor\/","name":"Amcao\u011flu: Y\u0131lmazk\u00f6y\u2019de \u00e7ok ama\u00e7l\u0131 yeni alan i\u00e7in \u00e7al\u0131\u015fmalar s\u00fcr\u00fcyor - Haber Kuzey","isPartOf":{"@id":"https:\/\/haberkuzey.com\/#website"},"primaryImageOfPage":{"@id":"https:\/\/haberkuzey.com\/index.php\/2026\/05\/03\/amcaoglu-yilmazkoyde-cok-amacli-yeni-alan-icin-calismalar-suruyor\/#primaryimage"},"image":{"@id":"https:\/\/haberkuzey.com\/index.php\/2026\/05\/03\/amcaoglu-yilmazkoyde-cok-amacli-yeni-alan-icin-calismalar-suruyor\/#primaryimage"},"thumbnailUrl":"https:\/\/haberkuzey.com\/wp-content\/uploads\/2026\/05\/686018164_953655777563558_5109170891526012045_n.jpg","datePublished":"2026-05-03T10:10:46+00:00","dateModified":"2026-05-03T10:10:54+00:00","author":{"@id":"https:\/\/haberkuzey.com\/#\/schema\/person\/3372109ec735f9333f4fa47ebb9605ca"},"breadcrumb":{"@id":"https:\/\/haberkuzey.com\/index.php\/2026\/05\/03\/amcaoglu-yilmazkoyde-cok-amacli-yeni-alan-icin-calismalar-suruyor\/#breadcrumb"},"inLanguage":"tr","potentialAction":[{"@type":"ReadAction","target":["https:\/\/haberkuzey.com\/index.php\/2026\/05\/03\/amcaoglu-yilmazkoyde-cok-amacli-yeni-alan-icin-calismalar-suruyor\/"]}]},{"@type":"ImageObject","inLanguage":"tr","@id":"https:\/\/haberkuzey.com\/index.php\/2026\/05\/03\/amcaoglu-yilmazkoyde-cok-amacli-yeni-alan-icin-calismalar-suruyor\/#primaryimage","url":"https:\/\/haberkuzey.com\/wp-content\/uploads\/2026\/05\/686018164_953655777563558_5109170891526012045_n.jpg","contentUrl":"https:\/\/haberkuzey.com\/wp-content\/uploads\/2026\/05\/686018164_953655777563558_5109170891526012045_n.jpg","width":993,"height":853},{"@type":"BreadcrumbList","@id":"https:\/\/haberkuzey.com\/index.php\/2026\/05\/03\/amcaoglu-yilmazkoyde-cok-amacli-yeni-alan-icin-calismalar-suruyor\/#breadcrumb","itemListElement":[{"@type":"ListItem","position":1,"name":"Anasayfa","item":"https:\/\/haberkuzey.com\/"},{"@type":"ListItem","position":2,"name":"Amcao\u011flu: Y\u0131lmazk\u00f6y\u2019de \u00e7ok ama\u00e7l\u0131 yeni alan i\u00e7in \u00e7al\u0131\u015fmalar s\u00fcr\u00fcyor"}]},{"@type":"WebSite","@id":"https:\/\/haberkuzey.com\/#website","url":"https:\/\/haberkuzey.com\/","name":"Haber Kuzey","description":"Do\u011fru Haberin Adresi","potentialAction":[{"@type":"SearchAction","target":{"@type":"EntryPoint","urlTemplate":"https:\/\/haberkuzey.com\/?s={search_term_string}"},"query-input":{"@type":"PropertyValueSpecification","valueRequired":true,"valueName":"search_term_string"}}],"inLanguage":"tr"},{"@type":"Person","@id":"https:\/\/haberkuzey.com\/#\/schema\/person\/3372109ec735f9333f4fa47ebb9605ca","name":"haberkuzey","image":{"@type":"ImageObject","inLanguage":"tr","@id":"https:\/\/secure.gravatar.com\/avatar\/f5fc875574b1575324358c3b9e6a32b8227aa5b74f3fa22e3cadb63e26fcc39c?s=96&d=mm&r=g","url":"https:\/\/secure.gravatar.com\/avatar\/f5fc875574b1575324358c3b9e6a32b8227aa5b74f3fa22e3cadb63e26fcc39c?s=96&d=mm&r=g","contentUrl":"https:\/\/secure.gravatar.com\/avatar\/f5fc875574b1575324358c3b9e6a32b8227aa5b74f3fa22e3cadb63e26fcc39c?s=96&d=mm&r=g","caption":"haberkuzey"},"sameAs":["https:\/\/haberkuzey.com"],"url":"https:\/\/haberkuzey.com\/index.php\/author\/haberkuzey\/"}]}},"_links":{"self":[{"href":"https:\/\/haberkuzey.com\/index.php\/wp-json\/wp\/v2\/posts\/37128","targetHints":{"allow":["GET"]}}],"collection":[{"href":"https:\/\/haberkuzey.com\/index.php\/wp-json\/wp\/v2\/posts"}],"about":[{"href":"https:\/\/haberkuzey.com\/index.php\/wp-json\/wp\/v2\/types\/post"}],"author":[{"embeddable":true,"href":"https:\/\/haberkuzey.com\/index.php\/wp-json\/wp\/v2\/users\/1"}],"replies":[{"embeddable":true,"href":"https:\/\/haberkuzey.com\/index.php\/wp-json\/wp\/v2\/comments?post=37128"}],"version-history":[{"count":1,"href":"https:\/\/haberkuzey.com\/index.php\/wp-json\/wp\/v2\/posts\/37128\/revisions"}],"predecessor-version":[{"id":37130,"href":"https:\/\/haberkuzey.com\/index.php\/wp-json\/wp\/v2\/posts\/37128\/revisions\/37130"}],"wp:featuredmedia":[{"embeddable":true,"href":"https:\/\/haberkuzey.com\/index.php\/wp-json\/wp\/v2\/media\/37129"}],"wp:attachment":[{"href":"https:\/\/haberkuzey.com\/index.php\/wp-json\/wp\/v2\/media?parent=37128"}],"wp:term":[{"taxonomy":"category","embeddable":true,"href":"https:\/\/haberkuzey.com\/index.php\/wp-json\/wp\/v2\/categories?post=37128"},{"taxonomy":"post_tag","embeddable":true,"href":"https:\/\/haberkuzey.com\/index.php\/wp-json\/wp\/v2\/tags?post=37128"}],"curies":[{"name":"wp","href":"https:\/\/api.w.org\/{rel}","templated":true}]}}