{"id":37120,"date":"2026-05-03T11:08:49","date_gmt":"2026-05-03T08:08:49","guid":{"rendered":"https:\/\/haberkuzey.com\/index.php\/2026\/05\/03\/meteorolojinden-karada-ve-denizde-firtina-uyarisi\/"},"modified":"2026-05-03T11:08:57","modified_gmt":"2026-05-03T08:08:57","slug":"meteorolojinden-karada-ve-denizde-firtina-uyarisi","status":"publish","type":"post","link":"https:\/\/haberkuzey.com\/index.php\/2026\/05\/03\/meteorolojinden-karada-ve-denizde-firtina-uyarisi\/","title":{"rendered":"Meteoroloji\u2019nden karada ve denizde f\u0131rt\u0131na uyar\u0131s\u0131"},"content":{"rendered":"<p style=\"font-weight: 300\"><span style=\"font-weight: 300 !important\">Meteoroloji, karada ve denizde f\u0131rt\u0131na uyar\u0131s\u0131 yapt\u0131.<\/span><\/p>\n<p style=\"font-weight: 300\"><span style=\"font-weight: 300 !important\">Meteoroloji Dairesi\u2019nin ihbar\u0131na g\u00f6re, karada ve denizde etkili olacak f\u0131rt\u0131nan\u0131n bug\u00fcn saat 15.00\u2019ten yar\u0131n gece yar\u0131s\u0131na kadar s\u00fcrmesi bekleniyor.<\/span><\/p>\n<p style=\"font-weight: 300\"><span style=\"font-weight: 300 !important\">Karada, G\u00fcney ve Bat\u0131 y\u00f6nlerinden kuvvetli esen r\u00fczgar\u0131n yer yer f\u0131rt\u0131na (saatte 62-74 kilometre), denizlerinden Taurus&#8217;ta G\u00fcney ve Bat\u0131,\u00a0 Delta&#8217;da ise Kuzey ve Bat\u0131 y\u00f6nlerden esen r\u00fczgar\u0131n zamanla &#8220;8&#8221; kuvvetinde ve &#8220;f\u0131rt\u0131na&#8221; \u015feklinde esece\u011fi a\u00e7\u0131kland\u0131.<\/span><\/p>\n","protected":false},"excerpt":{"rendered":"<p>Meteoroloji, karada ve denizde f\u0131rt\u0131na uyar\u0131s\u0131 yapt\u0131. Meteoroloji Dairesi\u2019nin ihbar\u0131na g\u00f6re, karada ve denizde etkili olacak f\u0131rt\u0131nan\u0131n bug\u00fcn saat 15.00\u2019ten yar\u0131n gece yar\u0131s\u0131na kadar s\u00fcrmesi bekleniyor. Karada, G\u00fcney ve Bat\u0131 y\u00f6nlerinden kuvvetli esen r\u00fczgar\u0131n yer yer f\u0131rt\u0131na (saatte 62-74 kilometre), denizlerinden Taurus&#8217;ta G\u00fcney ve Bat\u0131,\u00a0 Delta&#8217;da ise Kuzey ve Bat\u0131 y\u00f6nlerden esen r\u00fczgar\u0131n zamanla &#8220;8&#8221; [&hellip;]<\/p>\n","protected":false},"author":1,"featured_media":37121,"comment_status":"open","ping_status":"open","sticky":false,"template":"","format":"standard","meta":{"jnews-multi-image_gallery":[],"jnews_single_post":[],"jnews_primary_category":[],"footnotes":""},"categories":[1],"tags":[],"class_list":["post-37120","post","type-post","status-publish","format-standard","has-post-thumbnail","hentry","category-kibris"],"yoast_head":"<!-- This site is optimized with the Yoast SEO plugin v27.5 - https:\/\/yoast.com\/product\/yoast-seo-wordpress\/ -->\n<title>Meteoroloji\u2019nden karada ve denizde f\u0131rt\u0131na uyar\u0131s\u0131 - Haber Kuzey<\/title>\n<meta name=\"robots\" content=\"index, follow, max-snippet:-1, max-image-preview:large, max-video-preview:-1\" \/>\n<link rel=\"canonical\" href=\"https:\/\/haberkuzey.com\/index.php\/2026\/05\/03\/meteorolojinden-karada-ve-denizde-firtina-uyarisi\/\" \/>\n<meta property=\"og:locale\" content=\"tr_TR\" \/>\n<meta property=\"og:type\" content=\"article\" \/>\n<meta property=\"og:title\" content=\"Meteoroloji\u2019nden karada ve denizde f\u0131rt\u0131na uyar\u0131s\u0131 - Haber Kuzey\" \/>\n<meta property=\"og:description\" content=\"Meteoroloji, karada ve denizde f\u0131rt\u0131na uyar\u0131s\u0131 yapt\u0131. Meteoroloji Dairesi\u2019nin ihbar\u0131na g\u00f6re, karada ve denizde etkili olacak f\u0131rt\u0131nan\u0131n bug\u00fcn saat 15.00\u2019ten yar\u0131n gece yar\u0131s\u0131na kadar s\u00fcrmesi bekleniyor. Karada, G\u00fcney ve Bat\u0131 y\u00f6nlerinden kuvvetli esen r\u00fczgar\u0131n yer yer f\u0131rt\u0131na (saatte 62-74 kilometre), denizlerinden Taurus&#8217;ta G\u00fcney ve Bat\u0131,\u00a0 Delta&#8217;da ise Kuzey ve Bat\u0131 y\u00f6nlerden esen r\u00fczgar\u0131n zamanla &#8220;8&#8221; [&hellip;]\" \/>\n<meta property=\"og:url\" content=\"https:\/\/haberkuzey.com\/index.php\/2026\/05\/03\/meteorolojinden-karada-ve-denizde-firtina-uyarisi\/\" \/>\n<meta property=\"og:site_name\" content=\"Haber Kuzey\" \/>\n<meta property=\"article:published_time\" content=\"2026-05-03T08:08:49+00:00\" \/>\n<meta property=\"article:modified_time\" content=\"2026-05-03T08:08:57+00:00\" \/>\n<meta property=\"og:image\" content=\"https:\/\/haberkuzey.com\/wp-content\/uploads\/2026\/05\/firtina.jpg\" \/>\n\t<meta property=\"og:image:width\" content=\"1654\" \/>\n\t<meta property=\"og:image:height\" content=\"1104\" \/>\n\t<meta property=\"og:image:type\" content=\"image\/jpeg\" \/>\n<meta name=\"author\" content=\"haberkuzey\" \/>\n<meta name=\"twitter:card\" content=\"summary_large_image\" \/>\n<meta name=\"twitter:label1\" content=\"Yazan:\" \/>\n\t<meta name=\"twitter:data1\" content=\"haberkuzey\" \/>\n<script type=\"application\/ld+json\" class=\"yoast-schema-graph\">{\"@context\":\"https:\\\/\\\/schema.org\",\"@graph\":[{\"@type\":\"Article\",\"@id\":\"https:\\\/\\\/haberkuzey.com\\\/index.php\\\/2026\\\/05\\\/03\\\/meteorolojinden-karada-ve-denizde-firtina-uyarisi\\\/#article\",\"isPartOf\":{\"@id\":\"https:\\\/\\\/haberkuzey.com\\\/index.php\\\/2026\\\/05\\\/03\\\/meteorolojinden-karada-ve-denizde-firtina-uyarisi\\\/\"},\"author\":{\"name\":\"haberkuzey\",\"@id\":\"https:\\\/\\\/haberkuzey.com\\\/#\\\/schema\\\/person\\\/3372109ec735f9333f4fa47ebb9605ca\"},\"headline\":\"Meteoroloji\u2019nden karada ve denizde f\u0131rt\u0131na uyar\u0131s\u0131\",\"datePublished\":\"2026-05-03T08:08:49+00:00\",\"dateModified\":\"2026-05-03T08:08:57+00:00\",\"mainEntityOfPage\":{\"@id\":\"https:\\\/\\\/haberkuzey.com\\\/index.php\\\/2026\\\/05\\\/03\\\/meteorolojinden-karada-ve-denizde-firtina-uyarisi\\\/\"},\"wordCount\":100,\"commentCount\":0,\"image\":{\"@id\":\"https:\\\/\\\/haberkuzey.com\\\/index.php\\\/2026\\\/05\\\/03\\\/meteorolojinden-karada-ve-denizde-firtina-uyarisi\\\/#primaryimage\"},\"thumbnailUrl\":\"https:\\\/\\\/haberkuzey.com\\\/wp-content\\\/uploads\\\/2026\\\/05\\\/firtina.jpg\",\"articleSection\":[\"K\u0131br\u0131s\"],\"inLanguage\":\"tr\",\"potentialAction\":[{\"@type\":\"CommentAction\",\"name\":\"Comment\",\"target\":[\"https:\\\/\\\/haberkuzey.com\\\/index.php\\\/2026\\\/05\\\/03\\\/meteorolojinden-karada-ve-denizde-firtina-uyarisi\\\/#respond\"]}]},{\"@type\":\"WebPage\",\"@id\":\"https:\\\/\\\/haberkuzey.com\\\/index.php\\\/2026\\\/05\\\/03\\\/meteorolojinden-karada-ve-denizde-firtina-uyarisi\\\/\",\"url\":\"https:\\\/\\\/haberkuzey.com\\\/index.php\\\/2026\\\/05\\\/03\\\/meteorolojinden-karada-ve-denizde-firtina-uyarisi\\\/\",\"name\":\"Meteoroloji\u2019nden karada ve denizde f\u0131rt\u0131na uyar\u0131s\u0131 - Haber Kuzey\",\"isPartOf\":{\"@id\":\"https:\\\/\\\/haberkuzey.com\\\/#website\"},\"primaryImageOfPage\":{\"@id\":\"https:\\\/\\\/haberkuzey.com\\\/index.php\\\/2026\\\/05\\\/03\\\/meteorolojinden-karada-ve-denizde-firtina-uyarisi\\\/#primaryimage\"},\"image\":{\"@id\":\"https:\\\/\\\/haberkuzey.com\\\/index.php\\\/2026\\\/05\\\/03\\\/meteorolojinden-karada-ve-denizde-firtina-uyarisi\\\/#primaryimage\"},\"thumbnailUrl\":\"https:\\\/\\\/haberkuzey.com\\\/wp-content\\\/uploads\\\/2026\\\/05\\\/firtina.jpg\",\"datePublished\":\"2026-05-03T08:08:49+00:00\",\"dateModified\":\"2026-05-03T08:08:57+00:00\",\"author\":{\"@id\":\"https:\\\/\\\/haberkuzey.com\\\/#\\\/schema\\\/person\\\/3372109ec735f9333f4fa47ebb9605ca\"},\"breadcrumb\":{\"@id\":\"https:\\\/\\\/haberkuzey.com\\\/index.php\\\/2026\\\/05\\\/03\\\/meteorolojinden-karada-ve-denizde-firtina-uyarisi\\\/#breadcrumb\"},\"inLanguage\":\"tr\",\"potentialAction\":[{\"@type\":\"ReadAction\",\"target\":[\"https:\\\/\\\/haberkuzey.com\\\/index.php\\\/2026\\\/05\\\/03\\\/meteorolojinden-karada-ve-denizde-firtina-uyarisi\\\/\"]}]},{\"@type\":\"ImageObject\",\"inLanguage\":\"tr\",\"@id\":\"https:\\\/\\\/haberkuzey.com\\\/index.php\\\/2026\\\/05\\\/03\\\/meteorolojinden-karada-ve-denizde-firtina-uyarisi\\\/#primaryimage\",\"url\":\"https:\\\/\\\/haberkuzey.com\\\/wp-content\\\/uploads\\\/2026\\\/05\\\/firtina.jpg\",\"contentUrl\":\"https:\\\/\\\/haberkuzey.com\\\/wp-content\\\/uploads\\\/2026\\\/05\\\/firtina.jpg\",\"width\":1654,\"height\":1104},{\"@type\":\"BreadcrumbList\",\"@id\":\"https:\\\/\\\/haberkuzey.com\\\/index.php\\\/2026\\\/05\\\/03\\\/meteorolojinden-karada-ve-denizde-firtina-uyarisi\\\/#breadcrumb\",\"itemListElement\":[{\"@type\":\"ListItem\",\"position\":1,\"name\":\"Anasayfa\",\"item\":\"https:\\\/\\\/haberkuzey.com\\\/\"},{\"@type\":\"ListItem\",\"position\":2,\"name\":\"Meteoroloji\u2019nden karada ve denizde f\u0131rt\u0131na uyar\u0131s\u0131\"}]},{\"@type\":\"WebSite\",\"@id\":\"https:\\\/\\\/haberkuzey.com\\\/#website\",\"url\":\"https:\\\/\\\/haberkuzey.com\\\/\",\"name\":\"Haber Kuzey\",\"description\":\"Do\u011fru Haberin Adresi\",\"potentialAction\":[{\"@type\":\"SearchAction\",\"target\":{\"@type\":\"EntryPoint\",\"urlTemplate\":\"https:\\\/\\\/haberkuzey.com\\\/?s={search_term_string}\"},\"query-input\":{\"@type\":\"PropertyValueSpecification\",\"valueRequired\":true,\"valueName\":\"search_term_string\"}}],\"inLanguage\":\"tr\"},{\"@type\":\"Person\",\"@id\":\"https:\\\/\\\/haberkuzey.com\\\/#\\\/schema\\\/person\\\/3372109ec735f9333f4fa47ebb9605ca\",\"name\":\"haberkuzey\",\"image\":{\"@type\":\"ImageObject\",\"inLanguage\":\"tr\",\"@id\":\"https:\\\/\\\/secure.gravatar.com\\\/avatar\\\/f5fc875574b1575324358c3b9e6a32b8227aa5b74f3fa22e3cadb63e26fcc39c?s=96&d=mm&r=g\",\"url\":\"https:\\\/\\\/secure.gravatar.com\\\/avatar\\\/f5fc875574b1575324358c3b9e6a32b8227aa5b74f3fa22e3cadb63e26fcc39c?s=96&d=mm&r=g\",\"contentUrl\":\"https:\\\/\\\/secure.gravatar.com\\\/avatar\\\/f5fc875574b1575324358c3b9e6a32b8227aa5b74f3fa22e3cadb63e26fcc39c?s=96&d=mm&r=g\",\"caption\":\"haberkuzey\"},\"sameAs\":[\"https:\\\/\\\/haberkuzey.com\"],\"url\":\"https:\\\/\\\/haberkuzey.com\\\/index.php\\\/author\\\/haberkuzey\\\/\"}]}<\/script>\n<!-- \/ Yoast SEO plugin. -->","yoast_head_json":{"title":"Meteoroloji\u2019nden karada ve denizde f\u0131rt\u0131na uyar\u0131s\u0131 - Haber Kuzey","robots":{"index":"index","follow":"follow","max-snippet":"max-snippet:-1","max-image-preview":"max-image-preview:large","max-video-preview":"max-video-preview:-1"},"canonical":"https:\/\/haberkuzey.com\/index.php\/2026\/05\/03\/meteorolojinden-karada-ve-denizde-firtina-uyarisi\/","og_locale":"tr_TR","og_type":"article","og_title":"Meteoroloji\u2019nden karada ve denizde f\u0131rt\u0131na uyar\u0131s\u0131 - Haber Kuzey","og_description":"Meteoroloji, karada ve denizde f\u0131rt\u0131na uyar\u0131s\u0131 yapt\u0131. Meteoroloji Dairesi\u2019nin ihbar\u0131na g\u00f6re, karada ve denizde etkili olacak f\u0131rt\u0131nan\u0131n bug\u00fcn saat 15.00\u2019ten yar\u0131n gece yar\u0131s\u0131na kadar s\u00fcrmesi bekleniyor. Karada, G\u00fcney ve Bat\u0131 y\u00f6nlerinden kuvvetli esen r\u00fczgar\u0131n yer yer f\u0131rt\u0131na (saatte 62-74 kilometre), denizlerinden Taurus&#8217;ta G\u00fcney ve Bat\u0131,\u00a0 Delta&#8217;da ise Kuzey ve Bat\u0131 y\u00f6nlerden esen r\u00fczgar\u0131n zamanla &#8220;8&#8221; [&hellip;]","og_url":"https:\/\/haberkuzey.com\/index.php\/2026\/05\/03\/meteorolojinden-karada-ve-denizde-firtina-uyarisi\/","og_site_name":"Haber Kuzey","article_published_time":"2026-05-03T08:08:49+00:00","article_modified_time":"2026-05-03T08:08:57+00:00","og_image":[{"width":1654,"height":1104,"url":"https:\/\/haberkuzey.com\/wp-content\/uploads\/2026\/05\/firtina.jpg","type":"image\/jpeg"}],"author":"haberkuzey","twitter_card":"summary_large_image","twitter_misc":{"Yazan:":"haberkuzey"},"schema":{"@context":"https:\/\/schema.org","@graph":[{"@type":"Article","@id":"https:\/\/haberkuzey.com\/index.php\/2026\/05\/03\/meteorolojinden-karada-ve-denizde-firtina-uyarisi\/#article","isPartOf":{"@id":"https:\/\/haberkuzey.com\/index.php\/2026\/05\/03\/meteorolojinden-karada-ve-denizde-firtina-uyarisi\/"},"author":{"name":"haberkuzey","@id":"https:\/\/haberkuzey.com\/#\/schema\/person\/3372109ec735f9333f4fa47ebb9605ca"},"headline":"Meteoroloji\u2019nden karada ve denizde f\u0131rt\u0131na uyar\u0131s\u0131","datePublished":"2026-05-03T08:08:49+00:00","dateModified":"2026-05-03T08:08:57+00:00","mainEntityOfPage":{"@id":"https:\/\/haberkuzey.com\/index.php\/2026\/05\/03\/meteorolojinden-karada-ve-denizde-firtina-uyarisi\/"},"wordCount":100,"commentCount":0,"image":{"@id":"https:\/\/haberkuzey.com\/index.php\/2026\/05\/03\/meteorolojinden-karada-ve-denizde-firtina-uyarisi\/#primaryimage"},"thumbnailUrl":"https:\/\/haberkuzey.com\/wp-content\/uploads\/2026\/05\/firtina.jpg","articleSection":["K\u0131br\u0131s"],"inLanguage":"tr","potentialAction":[{"@type":"CommentAction","name":"Comment","target":["https:\/\/haberkuzey.com\/index.php\/2026\/05\/03\/meteorolojinden-karada-ve-denizde-firtina-uyarisi\/#respond"]}]},{"@type":"WebPage","@id":"https:\/\/haberkuzey.com\/index.php\/2026\/05\/03\/meteorolojinden-karada-ve-denizde-firtina-uyarisi\/","url":"https:\/\/haberkuzey.com\/index.php\/2026\/05\/03\/meteorolojinden-karada-ve-denizde-firtina-uyarisi\/","name":"Meteoroloji\u2019nden karada ve denizde f\u0131rt\u0131na uyar\u0131s\u0131 - Haber Kuzey","isPartOf":{"@id":"https:\/\/haberkuzey.com\/#website"},"primaryImageOfPage":{"@id":"https:\/\/haberkuzey.com\/index.php\/2026\/05\/03\/meteorolojinden-karada-ve-denizde-firtina-uyarisi\/#primaryimage"},"image":{"@id":"https:\/\/haberkuzey.com\/index.php\/2026\/05\/03\/meteorolojinden-karada-ve-denizde-firtina-uyarisi\/#primaryimage"},"thumbnailUrl":"https:\/\/haberkuzey.com\/wp-content\/uploads\/2026\/05\/firtina.jpg","datePublished":"2026-05-03T08:08:49+00:00","dateModified":"2026-05-03T08:08:57+00:00","author":{"@id":"https:\/\/haberkuzey.com\/#\/schema\/person\/3372109ec735f9333f4fa47ebb9605ca"},"breadcrumb":{"@id":"https:\/\/haberkuzey.com\/index.php\/2026\/05\/03\/meteorolojinden-karada-ve-denizde-firtina-uyarisi\/#breadcrumb"},"inLanguage":"tr","potentialAction":[{"@type":"ReadAction","target":["https:\/\/haberkuzey.com\/index.php\/2026\/05\/03\/meteorolojinden-karada-ve-denizde-firtina-uyarisi\/"]}]},{"@type":"ImageObject","inLanguage":"tr","@id":"https:\/\/haberkuzey.com\/index.php\/2026\/05\/03\/meteorolojinden-karada-ve-denizde-firtina-uyarisi\/#primaryimage","url":"https:\/\/haberkuzey.com\/wp-content\/uploads\/2026\/05\/firtina.jpg","contentUrl":"https:\/\/haberkuzey.com\/wp-content\/uploads\/2026\/05\/firtina.jpg","width":1654,"height":1104},{"@type":"BreadcrumbList","@id":"https:\/\/haberkuzey.com\/index.php\/2026\/05\/03\/meteorolojinden-karada-ve-denizde-firtina-uyarisi\/#breadcrumb","itemListElement":[{"@type":"ListItem","position":1,"name":"Anasayfa","item":"https:\/\/haberkuzey.com\/"},{"@type":"ListItem","position":2,"name":"Meteoroloji\u2019nden karada ve denizde f\u0131rt\u0131na uyar\u0131s\u0131"}]},{"@type":"WebSite","@id":"https:\/\/haberkuzey.com\/#website","url":"https:\/\/haberkuzey.com\/","name":"Haber Kuzey","description":"Do\u011fru Haberin Adresi","potentialAction":[{"@type":"SearchAction","target":{"@type":"EntryPoint","urlTemplate":"https:\/\/haberkuzey.com\/?s={search_term_string}"},"query-input":{"@type":"PropertyValueSpecification","valueRequired":true,"valueName":"search_term_string"}}],"inLanguage":"tr"},{"@type":"Person","@id":"https:\/\/haberkuzey.com\/#\/schema\/person\/3372109ec735f9333f4fa47ebb9605ca","name":"haberkuzey","image":{"@type":"ImageObject","inLanguage":"tr","@id":"https:\/\/secure.gravatar.com\/avatar\/f5fc875574b1575324358c3b9e6a32b8227aa5b74f3fa22e3cadb63e26fcc39c?s=96&d=mm&r=g","url":"https:\/\/secure.gravatar.com\/avatar\/f5fc875574b1575324358c3b9e6a32b8227aa5b74f3fa22e3cadb63e26fcc39c?s=96&d=mm&r=g","contentUrl":"https:\/\/secure.gravatar.com\/avatar\/f5fc875574b1575324358c3b9e6a32b8227aa5b74f3fa22e3cadb63e26fcc39c?s=96&d=mm&r=g","caption":"haberkuzey"},"sameAs":["https:\/\/haberkuzey.com"],"url":"https:\/\/haberkuzey.com\/index.php\/author\/haberkuzey\/"}]}},"_links":{"self":[{"href":"https:\/\/haberkuzey.com\/index.php\/wp-json\/wp\/v2\/posts\/37120","targetHints":{"allow":["GET"]}}],"collection":[{"href":"https:\/\/haberkuzey.com\/index.php\/wp-json\/wp\/v2\/posts"}],"about":[{"href":"https:\/\/haberkuzey.com\/index.php\/wp-json\/wp\/v2\/types\/post"}],"author":[{"embeddable":true,"href":"https:\/\/haberkuzey.com\/index.php\/wp-json\/wp\/v2\/users\/1"}],"replies":[{"embeddable":true,"href":"https:\/\/haberkuzey.com\/index.php\/wp-json\/wp\/v2\/comments?post=37120"}],"version-history":[{"count":1,"href":"https:\/\/haberkuzey.com\/index.php\/wp-json\/wp\/v2\/posts\/37120\/revisions"}],"predecessor-version":[{"id":37122,"href":"https:\/\/haberkuzey.com\/index.php\/wp-json\/wp\/v2\/posts\/37120\/revisions\/37122"}],"wp:featuredmedia":[{"embeddable":true,"href":"https:\/\/haberkuzey.com\/index.php\/wp-json\/wp\/v2\/media\/37121"}],"wp:attachment":[{"href":"https:\/\/haberkuzey.com\/index.php\/wp-json\/wp\/v2\/media?parent=37120"}],"wp:term":[{"taxonomy":"category","embeddable":true,"href":"https:\/\/haberkuzey.com\/index.php\/wp-json\/wp\/v2\/categories?post=37120"},{"taxonomy":"post_tag","embeddable":true,"href":"https:\/\/haberkuzey.com\/index.php\/wp-json\/wp\/v2\/tags?post=37120"}],"curies":[{"name":"wp","href":"https:\/\/api.w.org\/{rel}","templated":true}]}}