{"id":37112,"date":"2026-05-03T09:43:54","date_gmt":"2026-05-03T06:43:54","guid":{"rendered":"https:\/\/haberkuzey.com\/index.php\/2026\/05\/03\/alman-turistte-yuzde-75-artis\/"},"modified":"2026-05-03T09:44:05","modified_gmt":"2026-05-03T06:44:05","slug":"alman-turistte-yuzde-75-artis","status":"publish","type":"post","link":"https:\/\/haberkuzey.com\/index.php\/2026\/05\/03\/alman-turistte-yuzde-75-artis\/","title":{"rendered":"Alman turistte y\u00fczde 75 art\u0131\u015f"},"content":{"rendered":"<p><strong><u>Y\u0131l\u0131n ilk iki ay\u0131nda hava ve deniz yoluyla KKTC\u2019ye gelen yabanc\u0131 yolcu say\u0131s\u0131 390 bini a\u015ft\u0131. En fazla yolcu T\u00fcrkiye\u2019den gelse de Almanlar\u0131n KKTC\u2019ye ilgisinin ciddi oranda artt\u0131\u011f\u0131 istatistiklere yans\u0131d\u0131 <\/u><\/strong><\/p>\n<p><strong>\u00a0<\/strong><\/p>\n<p><strong>\u0130ki ayda 4 bin 817 Alman geldi&#8230;<\/strong> \u00dclkemize ocak-\u015fubat 2026 d\u00f6neminde gelen yolcu say\u0131s\u0131 460 bini a\u015ft\u0131. Ancak veriler, art\u0131\u015ftan \u00e7ok yolcu profilindeki de\u011fi\u015fime i\u015faret etti. Alman yolcu say\u0131s\u0131 bir y\u0131lda y\u00fczde 74,9 artt\u0131. Y\u0131l\u0131n ilk iki ay\u0131nda 4 bin 817 Alman vatanda\u015f\u0131 \u00fclkeye giri\u015f yapt\u0131. Ayn\u0131 d\u00f6nemler i\u00e7in en \u00e7ok d\u00fc\u015f\u00fc\u015f ya\u015fanan yolcu profilini \u0130ranl\u0131lar olu\u015fturdu. \u0130ranl\u0131 yolcu say\u0131s\u0131 bir y\u0131lda y\u00fczde 28,8 azalarak 4 bin 752\u2019den 3 bin 385\u2019e geriledi.<\/p>\n<p>&nbsp;<\/p>\n<p><strong>44 bin 669 yabanc\u0131 yolcu&#8230; <\/strong>Toplam 390 bin 516 yabanc\u0131 yolcunun 345 bin 847\u2019sini T\u00fcrkiyeli yolcular olu\u015ftururken, 44 bin 669\u2019u ise di\u011fer \u00fclkelerin vatanda\u015flar\u0131ndan olu\u015ftu. Almanlardan sonra en fazla art\u0131\u015f Pakistanl\u0131larda ya\u015fand\u0131. 2025\u2019in ilk iki ay\u0131nda bin 960 olan Pakistanl\u0131 yolcu say\u0131s\u0131, y\u00fczde 38 artarak bu y\u0131l\u0131n ayn\u0131 d\u00f6neminde 2 bin 704\u2019e y\u00fckseldi. \u0130srailli yolcu say\u0131s\u0131 da y\u00fczde 23,2 art\u0131\u015fla bin 360\u2019tan bin 676\u2019ya \u00e7\u0131kt\u0131.<\/p>\n<p>&nbsp;<\/p>\n<p><strong><u>Cemre CEMAL\u0130<\/u><\/strong><\/p>\n<p><strong><u>\u00a0<\/u><\/strong><\/p>\n<p><strong>\u00a0\u00a0 <\/strong>\u00dclkemize gelen T\u00fcrkiye Cumhuriyeti (TC) uyruklu yolcu say\u0131s\u0131, y\u0131l\u0131n ilk iki ay\u0131nda ge\u00e7en y\u0131l\u0131n ayn\u0131 d\u00f6nemine g\u00f6re y\u00fczde 10,4 artarken, \u201cdi\u011fer yabanc\u0131\u201d uyruklu yolcu say\u0131s\u0131nda ise y\u00fczde 5,2\u2019lik y\u00fckseli\u015f ya\u015fand\u0131.<\/p>\n<p>Turizm, K\u00fclt\u00fcr, Gen\u00e7lik ve \u00c7evre Bakanl\u0131\u011f\u0131\u2019na ba\u011fl\u0131 Turizm Planlama Dairesi verilerine g\u00f6re, 2026\u2019n\u0131n ocak-\u015fubat d\u00f6neminde hava ve deniz yoluyla \u00fclkeye 460 bin 31 yolcu giri\u015f yapt\u0131. Bu yolcular\u0131n 345 bin 847\u2019sini T\u00fcrkiye Cumhuriyeti (TC) uyruklular, 44 bin 669\u2019unu \u201cdi\u011fer yabanc\u0131\u201d uyruklular, 69 bin 515\u2019ini ise KKTC uyruklular olu\u015fturdu.<\/p>\n<p>Ancak verilerde as\u0131l dikkat \u00e7eken unsur yolcu profilindeki de\u011fi\u015fim oldu. Alman turist say\u0131s\u0131nda y\u00fczde 74,9\u2019luk art\u0131\u015f kaydedildi.<\/p>\n<p>Y\u0131l\u0131n ilk iki ay\u0131nda \u00fclkeye 4 bin 817 Alman vatanda\u015f\u0131 giri\u015f yaparken, bu say\u0131 2025\u2019in ayn\u0131 d\u00f6neminde 2 bin 754 olarak ger\u00e7ekle\u015fmi\u015fti.<\/p>\n<p>Ayn\u0131 d\u00f6nemde \u0130ran uyruklu yolcu say\u0131s\u0131 ise y\u00fczde 28,8 azalarak 4 bin 752\u2019den 3 bin 385\u2019e geriledi.<\/p>\n<p>&nbsp;<\/p>\n<p><strong>Yolcu say\u0131s\u0131ndaki art\u0131\u015f y\u00fczde 10\u2019a dayand\u0131<\/strong><\/p>\n<p><strong>\u00a0<\/strong><\/p>\n<p>2026 y\u0131l\u0131n\u0131n ilk iki ay\u0131nda, KKTC uyruklular hari\u00e7 hava ve deniz yolu ile \u00fclkeye gelen yolcu say\u0131s\u0131 390 bin 516 olarak kaydedildi.<\/p>\n<p>Bu rakam, 2025\u2019in ayn\u0131 d\u00f6nemindeki 355 bin 609 yolcuya k\u0131yasla y\u00fczde 9,8\u2019lik bir art\u0131\u015fa i\u015faret etti. S\u00f6z konusu d\u00f6nemde TC uyruklu yolcu say\u0131s\u0131 y\u00fczde 10,4, di\u011fer yabanc\u0131 uyruklu yolcu say\u0131s\u0131 ise y\u00fczde 5,2 oran\u0131nda y\u00fckseldi.<\/p>\n<p>&nbsp;<\/p>\n<p><strong>44 bin 669 yabanc\u0131 yolcu geldi<\/strong><\/p>\n<p><strong>\u00a0<\/strong><\/p>\n<p>Toplam 390 bin 516 yolcunun 345 bin 847\u2019sini TC uyruklular, 44 bin 669\u2019unu ise di\u011fer yabanc\u0131 uyruklular olu\u015fturdu.<\/p>\n<p>TC uyruklu yolcular\u0131n b\u00fcy\u00fck b\u00f6l\u00fcm\u00fc 332 bin 697 ki\u015fiyle Ercan Havaliman\u0131\u2019ndan giri\u015f yaparken, 8 bin 808 yolcu Girne\u2019den, 4 bin 336 yolcu Gazima\u011fusa\u2019dan, 6 yolcu ise Karpaz Liman\u0131\u2019ndan \u00fclkeye giri\u015f yapt\u0131.<\/p>\n<p>Di\u011fer yabanc\u0131 uyruklu yolcular\u0131n giri\u015f noktalar\u0131na bak\u0131ld\u0131\u011f\u0131nda ise 43 bin 970 ki\u015finin Ercan Havaliman\u0131\u2019n\u0131 tercih etti\u011fi g\u00f6r\u00fcld\u00fc. Girne\u2019den 640, Gazima\u011fusa\u2019dan 75, Karpaz Liman\u0131\u2019ndan ise 14 yabanc\u0131 yolcu giri\u015f yapt\u0131.<\/p>\n<p>&nbsp;<\/p>\n<p><strong>69 bin 515 yolcu KKTC uyrukluydu<\/strong><\/p>\n<p><strong>\u00a0<\/strong><\/p>\n<p>\u00d6te yandan, 2026\u2019n\u0131n ocak-\u015fubat d\u00f6neminde \u00fclkeye giri\u015f yapan KKTC uyruklu yolcu say\u0131s\u0131 69 bin 515 oldu. B\u00f6ylece, TC ve di\u011fer yabanc\u0131 uyruklu yolculara ek olarak KKTC uyruklular dahil toplam yolcu say\u0131s\u0131 460 bin 31\u2019e ula\u015ft\u0131.<\/p>\n<p>KKTC uyruklu yolcular\u0131n da b\u00fcy\u00fck \u00e7o\u011funlu\u011fu Ercan Havaliman\u0131\u2019n\u0131 kulland\u0131. Bu d\u00f6nemde 67 bin 953 ki\u015fi Ercan\u2019dan giri\u015f yaparken, bin 318 yolcu Girne\u2019den, 241 yolcu Gazima\u011fusa\u2019dan, 3 yolcu ise Karpaz Liman\u0131\u2019ndan \u00fclkeye giri\u015f yapt\u0131.<\/p>\n<p>&nbsp;<\/p>\n<p><strong>Almanlar ilk s\u0131rada<\/strong><\/p>\n<p>&nbsp;<\/p>\n<p>Ocak-\u015eubat 2026 d\u00f6neminde hava ve deniz yoluyla \u00fclkeye gelen, TC ve KKTC uyruklular d\u0131\u015f\u0131ndaki 44 bin 669 yabanc\u0131 yolcunun uyruk da\u011f\u0131l\u0131m\u0131nda en dikkat \u00e7ekici art\u0131\u015f Alman vatanda\u015flar\u0131nda g\u00f6r\u00fcld\u00fc.<\/p>\n<p>Y\u0131l\u0131n ilk iki ay\u0131nda \u00fclkeye 4 bin 817 Alman vatanda\u015f\u0131 giri\u015f yapt\u0131. Bu say\u0131, 2025\u2019in ayn\u0131 d\u00f6neminde 2 bin 754\u2019t\u00fc. B\u00f6ylece Alman uyruklu yolcu say\u0131s\u0131nda bir y\u0131lda y\u00fczde 74,9\u2019luk g\u00fc\u00e7l\u00fc bir art\u0131\u015f kaydedildi.<\/p>\n<p>Ge\u00e7ti\u011fimiz y\u0131l\u0131n ayn\u0131 d\u00f6nemiyle k\u0131yasland\u0131\u011f\u0131nda \u00f6ne \u00e7\u0131kan bir di\u011fer de\u011fi\u015fim Pakistan uyruklu yolcularda ya\u015fand\u0131. 2025\u2019in ilk iki ay\u0131nda bin 960 olan say\u0131, y\u00fczde 38 artarak bu y\u0131l\u0131n ayn\u0131 d\u00f6neminde 2 bin 704\u2019e y\u00fckseldi.<\/p>\n<p>\u0130srail uyruklu yolcu say\u0131s\u0131 da y\u00fczde 23,2 art\u0131\u015fla bin 360\u2019tan bin 676\u2019ya \u00e7\u0131kt\u0131.<\/p>\n<p>Birle\u015fik Krall\u0131k uyruklu K\u0131br\u0131sl\u0131 T\u00fcrklerde ise art\u0131\u015f y\u00fczde 12,6 oldu; 2025\u2019in ilk iki ay\u0131nda bin 69 olan say\u0131, 2026\u2019n\u0131n ayn\u0131 d\u00f6neminde bin 204\u2019e ula\u015ft\u0131.<\/p>\n<p>T\u00fcrkmenistan uyruklu yolcu say\u0131s\u0131 da art\u0131\u015f g\u00f6sterdi. 2025\u2019te bin 659 olan say\u0131, 2026\u2019n\u0131n ilk iki ay\u0131nda bin 748\u2019e \u00e7\u0131karak y\u00fczde 5,4 y\u00fckseldi.<\/p>\n<p>Rusya ve Ukrayna uyruklu yolcularda ise son iki y\u0131lda b\u00fcy\u00fck bir de\u011fi\u015fim g\u00f6zlenmedi. Rusya\u2019dan gelen yolcu say\u0131s\u0131 4 bin 113\u2019ten 4 bin 220\u2019ye \u00e7\u0131karken, Ukrayna\u2019dan gelen yolcu say\u0131s\u0131 bin 343\u2019ten bin 352\u2019ye y\u00fckseldi.<\/p>\n<p>&nbsp;<\/p>\n<p><strong>\u0130ran vatanda\u015flar\u0131n\u0131n geli\u015fi azald\u0131<\/strong><\/p>\n<p>&nbsp;<\/p>\n<p>Ocak-\u015eubat 2026 d\u00f6nemi ile 2025\u2019in ayn\u0131 d\u00f6nemi kar\u015f\u0131la\u015ft\u0131r\u0131ld\u0131\u011f\u0131nda, d\u00fc\u015f\u00fc\u015f ya\u015fanan uyruklar aras\u0131nda en dikkat \u00e7ekici gerileme \u0130ran vatanda\u015flar\u0131nda g\u00f6r\u00fcld\u00fc.<\/p>\n<p>\u0130ran uyruklu yolcu say\u0131s\u0131 bir y\u0131lda y\u00fczde 28,8 azalarak 4 bin 752\u2019den 3 bin 385\u2019e geriledi.<\/p>\n<p>Kazakistan uyruklu yolcu say\u0131s\u0131 da y\u00fczde 7,4 d\u00fc\u015f\u00fc\u015fle bin 696 olarak kaydedildi.<\/p>\n<p>Azerbaycan uyruklu yolcu say\u0131s\u0131nda ise y\u00fczde 6,1\u2019lik bir gerileme ya\u015fand\u0131 ve 2026\u2019n\u0131n ocak-\u015fubat d\u00f6neminde bin 208 yolcu \u00fclkeye giri\u015f yapt\u0131.<\/p>\n","protected":false},"excerpt":{"rendered":"<p>Y\u0131l\u0131n ilk iki ay\u0131nda hava ve deniz yoluyla KKTC\u2019ye gelen yabanc\u0131 yolcu say\u0131s\u0131 390 bini a\u015ft\u0131. En fazla yolcu T\u00fcrkiye\u2019den gelse de Almanlar\u0131n KKTC\u2019ye ilgisinin ciddi oranda artt\u0131\u011f\u0131 istatistiklere yans\u0131d\u0131 \u00a0 \u0130ki ayda 4 bin 817 Alman geldi&#8230; \u00dclkemize ocak-\u015fubat 2026 d\u00f6neminde gelen yolcu say\u0131s\u0131 460 bini a\u015ft\u0131. Ancak veriler, art\u0131\u015ftan \u00e7ok yolcu profilindeki de\u011fi\u015fime [&hellip;]<\/p>\n","protected":false},"author":1,"featured_media":37113,"comment_status":"open","ping_status":"open","sticky":false,"template":"","format":"standard","meta":{"jnews-multi-image_gallery":[],"jnews_single_post":[],"jnews_primary_category":[],"footnotes":""},"categories":[1],"tags":[],"class_list":["post-37112","post","type-post","status-publish","format-standard","has-post-thumbnail","hentry","category-kibris"],"yoast_head":"<!-- This site is optimized with the Yoast SEO plugin v27.5 - https:\/\/yoast.com\/product\/yoast-seo-wordpress\/ -->\n<title>Alman turistte y\u00fczde 75 art\u0131\u015f - Haber Kuzey<\/title>\n<meta name=\"robots\" content=\"index, follow, max-snippet:-1, max-image-preview:large, max-video-preview:-1\" \/>\n<link rel=\"canonical\" href=\"https:\/\/haberkuzey.com\/index.php\/2026\/05\/03\/alman-turistte-yuzde-75-artis\/\" \/>\n<meta property=\"og:locale\" content=\"tr_TR\" \/>\n<meta property=\"og:type\" content=\"article\" \/>\n<meta property=\"og:title\" content=\"Alman turistte y\u00fczde 75 art\u0131\u015f - Haber Kuzey\" \/>\n<meta property=\"og:description\" content=\"Y\u0131l\u0131n ilk iki ay\u0131nda hava ve deniz yoluyla KKTC\u2019ye gelen yabanc\u0131 yolcu say\u0131s\u0131 390 bini a\u015ft\u0131. En fazla yolcu T\u00fcrkiye\u2019den gelse de Almanlar\u0131n KKTC\u2019ye ilgisinin ciddi oranda artt\u0131\u011f\u0131 istatistiklere yans\u0131d\u0131 \u00a0 \u0130ki ayda 4 bin 817 Alman geldi&#8230; \u00dclkemize ocak-\u015fubat 2026 d\u00f6neminde gelen yolcu say\u0131s\u0131 460 bini a\u015ft\u0131. Ancak veriler, art\u0131\u015ftan \u00e7ok yolcu profilindeki de\u011fi\u015fime [&hellip;]\" \/>\n<meta property=\"og:url\" content=\"https:\/\/haberkuzey.com\/index.php\/2026\/05\/03\/alman-turistte-yuzde-75-artis\/\" \/>\n<meta property=\"og:site_name\" content=\"Haber Kuzey\" \/>\n<meta property=\"article:published_time\" content=\"2026-05-03T06:43:54+00:00\" \/>\n<meta property=\"article:modified_time\" content=\"2026-05-03T06:44:05+00:00\" \/>\n<meta property=\"og:image\" content=\"https:\/\/haberkuzey.com\/wp-content\/uploads\/2026\/05\/turist.webp\" \/>\n\t<meta property=\"og:image:width\" content=\"1200\" \/>\n\t<meta property=\"og:image:height\" content=\"675\" \/>\n\t<meta property=\"og:image:type\" content=\"image\/webp\" \/>\n<meta name=\"author\" content=\"haberkuzey\" \/>\n<meta name=\"twitter:card\" content=\"summary_large_image\" \/>\n<meta name=\"twitter:label1\" content=\"Yazan:\" \/>\n\t<meta name=\"twitter:data1\" content=\"haberkuzey\" \/>\n\t<meta name=\"twitter:label2\" content=\"Tahmini okuma s\u00fcresi\" \/>\n\t<meta name=\"twitter:data2\" content=\"5 dakika\" \/>\n<script type=\"application\/ld+json\" class=\"yoast-schema-graph\">{\"@context\":\"https:\\\/\\\/schema.org\",\"@graph\":[{\"@type\":\"Article\",\"@id\":\"https:\\\/\\\/haberkuzey.com\\\/index.php\\\/2026\\\/05\\\/03\\\/alman-turistte-yuzde-75-artis\\\/#article\",\"isPartOf\":{\"@id\":\"https:\\\/\\\/haberkuzey.com\\\/index.php\\\/2026\\\/05\\\/03\\\/alman-turistte-yuzde-75-artis\\\/\"},\"author\":{\"name\":\"haberkuzey\",\"@id\":\"https:\\\/\\\/haberkuzey.com\\\/#\\\/schema\\\/person\\\/3372109ec735f9333f4fa47ebb9605ca\"},\"headline\":\"Alman turistte y\u00fczde 75 art\u0131\u015f\",\"datePublished\":\"2026-05-03T06:43:54+00:00\",\"dateModified\":\"2026-05-03T06:44:05+00:00\",\"mainEntityOfPage\":{\"@id\":\"https:\\\/\\\/haberkuzey.com\\\/index.php\\\/2026\\\/05\\\/03\\\/alman-turistte-yuzde-75-artis\\\/\"},\"wordCount\":973,\"commentCount\":0,\"image\":{\"@id\":\"https:\\\/\\\/haberkuzey.com\\\/index.php\\\/2026\\\/05\\\/03\\\/alman-turistte-yuzde-75-artis\\\/#primaryimage\"},\"thumbnailUrl\":\"https:\\\/\\\/haberkuzey.com\\\/wp-content\\\/uploads\\\/2026\\\/05\\\/turist.webp\",\"articleSection\":[\"K\u0131br\u0131s\"],\"inLanguage\":\"tr\",\"potentialAction\":[{\"@type\":\"CommentAction\",\"name\":\"Comment\",\"target\":[\"https:\\\/\\\/haberkuzey.com\\\/index.php\\\/2026\\\/05\\\/03\\\/alman-turistte-yuzde-75-artis\\\/#respond\"]}]},{\"@type\":\"WebPage\",\"@id\":\"https:\\\/\\\/haberkuzey.com\\\/index.php\\\/2026\\\/05\\\/03\\\/alman-turistte-yuzde-75-artis\\\/\",\"url\":\"https:\\\/\\\/haberkuzey.com\\\/index.php\\\/2026\\\/05\\\/03\\\/alman-turistte-yuzde-75-artis\\\/\",\"name\":\"Alman turistte y\u00fczde 75 art\u0131\u015f - Haber Kuzey\",\"isPartOf\":{\"@id\":\"https:\\\/\\\/haberkuzey.com\\\/#website\"},\"primaryImageOfPage\":{\"@id\":\"https:\\\/\\\/haberkuzey.com\\\/index.php\\\/2026\\\/05\\\/03\\\/alman-turistte-yuzde-75-artis\\\/#primaryimage\"},\"image\":{\"@id\":\"https:\\\/\\\/haberkuzey.com\\\/index.php\\\/2026\\\/05\\\/03\\\/alman-turistte-yuzde-75-artis\\\/#primaryimage\"},\"thumbnailUrl\":\"https:\\\/\\\/haberkuzey.com\\\/wp-content\\\/uploads\\\/2026\\\/05\\\/turist.webp\",\"datePublished\":\"2026-05-03T06:43:54+00:00\",\"dateModified\":\"2026-05-03T06:44:05+00:00\",\"author\":{\"@id\":\"https:\\\/\\\/haberkuzey.com\\\/#\\\/schema\\\/person\\\/3372109ec735f9333f4fa47ebb9605ca\"},\"breadcrumb\":{\"@id\":\"https:\\\/\\\/haberkuzey.com\\\/index.php\\\/2026\\\/05\\\/03\\\/alman-turistte-yuzde-75-artis\\\/#breadcrumb\"},\"inLanguage\":\"tr\",\"potentialAction\":[{\"@type\":\"ReadAction\",\"target\":[\"https:\\\/\\\/haberkuzey.com\\\/index.php\\\/2026\\\/05\\\/03\\\/alman-turistte-yuzde-75-artis\\\/\"]}]},{\"@type\":\"ImageObject\",\"inLanguage\":\"tr\",\"@id\":\"https:\\\/\\\/haberkuzey.com\\\/index.php\\\/2026\\\/05\\\/03\\\/alman-turistte-yuzde-75-artis\\\/#primaryimage\",\"url\":\"https:\\\/\\\/haberkuzey.com\\\/wp-content\\\/uploads\\\/2026\\\/05\\\/turist.webp\",\"contentUrl\":\"https:\\\/\\\/haberkuzey.com\\\/wp-content\\\/uploads\\\/2026\\\/05\\\/turist.webp\",\"width\":1200,\"height\":675},{\"@type\":\"BreadcrumbList\",\"@id\":\"https:\\\/\\\/haberkuzey.com\\\/index.php\\\/2026\\\/05\\\/03\\\/alman-turistte-yuzde-75-artis\\\/#breadcrumb\",\"itemListElement\":[{\"@type\":\"ListItem\",\"position\":1,\"name\":\"Anasayfa\",\"item\":\"https:\\\/\\\/haberkuzey.com\\\/\"},{\"@type\":\"ListItem\",\"position\":2,\"name\":\"Alman turistte y\u00fczde 75 art\u0131\u015f\"}]},{\"@type\":\"WebSite\",\"@id\":\"https:\\\/\\\/haberkuzey.com\\\/#website\",\"url\":\"https:\\\/\\\/haberkuzey.com\\\/\",\"name\":\"Haber Kuzey\",\"description\":\"Do\u011fru Haberin Adresi\",\"potentialAction\":[{\"@type\":\"SearchAction\",\"target\":{\"@type\":\"EntryPoint\",\"urlTemplate\":\"https:\\\/\\\/haberkuzey.com\\\/?s={search_term_string}\"},\"query-input\":{\"@type\":\"PropertyValueSpecification\",\"valueRequired\":true,\"valueName\":\"search_term_string\"}}],\"inLanguage\":\"tr\"},{\"@type\":\"Person\",\"@id\":\"https:\\\/\\\/haberkuzey.com\\\/#\\\/schema\\\/person\\\/3372109ec735f9333f4fa47ebb9605ca\",\"name\":\"haberkuzey\",\"image\":{\"@type\":\"ImageObject\",\"inLanguage\":\"tr\",\"@id\":\"https:\\\/\\\/secure.gravatar.com\\\/avatar\\\/f5fc875574b1575324358c3b9e6a32b8227aa5b74f3fa22e3cadb63e26fcc39c?s=96&d=mm&r=g\",\"url\":\"https:\\\/\\\/secure.gravatar.com\\\/avatar\\\/f5fc875574b1575324358c3b9e6a32b8227aa5b74f3fa22e3cadb63e26fcc39c?s=96&d=mm&r=g\",\"contentUrl\":\"https:\\\/\\\/secure.gravatar.com\\\/avatar\\\/f5fc875574b1575324358c3b9e6a32b8227aa5b74f3fa22e3cadb63e26fcc39c?s=96&d=mm&r=g\",\"caption\":\"haberkuzey\"},\"sameAs\":[\"https:\\\/\\\/haberkuzey.com\"],\"url\":\"https:\\\/\\\/haberkuzey.com\\\/index.php\\\/author\\\/haberkuzey\\\/\"}]}<\/script>\n<!-- \/ Yoast SEO plugin. -->","yoast_head_json":{"title":"Alman turistte y\u00fczde 75 art\u0131\u015f - Haber Kuzey","robots":{"index":"index","follow":"follow","max-snippet":"max-snippet:-1","max-image-preview":"max-image-preview:large","max-video-preview":"max-video-preview:-1"},"canonical":"https:\/\/haberkuzey.com\/index.php\/2026\/05\/03\/alman-turistte-yuzde-75-artis\/","og_locale":"tr_TR","og_type":"article","og_title":"Alman turistte y\u00fczde 75 art\u0131\u015f - Haber Kuzey","og_description":"Y\u0131l\u0131n ilk iki ay\u0131nda hava ve deniz yoluyla KKTC\u2019ye gelen yabanc\u0131 yolcu say\u0131s\u0131 390 bini a\u015ft\u0131. En fazla yolcu T\u00fcrkiye\u2019den gelse de Almanlar\u0131n KKTC\u2019ye ilgisinin ciddi oranda artt\u0131\u011f\u0131 istatistiklere yans\u0131d\u0131 \u00a0 \u0130ki ayda 4 bin 817 Alman geldi&#8230; \u00dclkemize ocak-\u015fubat 2026 d\u00f6neminde gelen yolcu say\u0131s\u0131 460 bini a\u015ft\u0131. Ancak veriler, art\u0131\u015ftan \u00e7ok yolcu profilindeki de\u011fi\u015fime [&hellip;]","og_url":"https:\/\/haberkuzey.com\/index.php\/2026\/05\/03\/alman-turistte-yuzde-75-artis\/","og_site_name":"Haber Kuzey","article_published_time":"2026-05-03T06:43:54+00:00","article_modified_time":"2026-05-03T06:44:05+00:00","og_image":[{"width":1200,"height":675,"url":"https:\/\/haberkuzey.com\/wp-content\/uploads\/2026\/05\/turist.webp","type":"image\/webp"}],"author":"haberkuzey","twitter_card":"summary_large_image","twitter_misc":{"Yazan:":"haberkuzey","Tahmini okuma s\u00fcresi":"5 dakika"},"schema":{"@context":"https:\/\/schema.org","@graph":[{"@type":"Article","@id":"https:\/\/haberkuzey.com\/index.php\/2026\/05\/03\/alman-turistte-yuzde-75-artis\/#article","isPartOf":{"@id":"https:\/\/haberkuzey.com\/index.php\/2026\/05\/03\/alman-turistte-yuzde-75-artis\/"},"author":{"name":"haberkuzey","@id":"https:\/\/haberkuzey.com\/#\/schema\/person\/3372109ec735f9333f4fa47ebb9605ca"},"headline":"Alman turistte y\u00fczde 75 art\u0131\u015f","datePublished":"2026-05-03T06:43:54+00:00","dateModified":"2026-05-03T06:44:05+00:00","mainEntityOfPage":{"@id":"https:\/\/haberkuzey.com\/index.php\/2026\/05\/03\/alman-turistte-yuzde-75-artis\/"},"wordCount":973,"commentCount":0,"image":{"@id":"https:\/\/haberkuzey.com\/index.php\/2026\/05\/03\/alman-turistte-yuzde-75-artis\/#primaryimage"},"thumbnailUrl":"https:\/\/haberkuzey.com\/wp-content\/uploads\/2026\/05\/turist.webp","articleSection":["K\u0131br\u0131s"],"inLanguage":"tr","potentialAction":[{"@type":"CommentAction","name":"Comment","target":["https:\/\/haberkuzey.com\/index.php\/2026\/05\/03\/alman-turistte-yuzde-75-artis\/#respond"]}]},{"@type":"WebPage","@id":"https:\/\/haberkuzey.com\/index.php\/2026\/05\/03\/alman-turistte-yuzde-75-artis\/","url":"https:\/\/haberkuzey.com\/index.php\/2026\/05\/03\/alman-turistte-yuzde-75-artis\/","name":"Alman turistte y\u00fczde 75 art\u0131\u015f - Haber Kuzey","isPartOf":{"@id":"https:\/\/haberkuzey.com\/#website"},"primaryImageOfPage":{"@id":"https:\/\/haberkuzey.com\/index.php\/2026\/05\/03\/alman-turistte-yuzde-75-artis\/#primaryimage"},"image":{"@id":"https:\/\/haberkuzey.com\/index.php\/2026\/05\/03\/alman-turistte-yuzde-75-artis\/#primaryimage"},"thumbnailUrl":"https:\/\/haberkuzey.com\/wp-content\/uploads\/2026\/05\/turist.webp","datePublished":"2026-05-03T06:43:54+00:00","dateModified":"2026-05-03T06:44:05+00:00","author":{"@id":"https:\/\/haberkuzey.com\/#\/schema\/person\/3372109ec735f9333f4fa47ebb9605ca"},"breadcrumb":{"@id":"https:\/\/haberkuzey.com\/index.php\/2026\/05\/03\/alman-turistte-yuzde-75-artis\/#breadcrumb"},"inLanguage":"tr","potentialAction":[{"@type":"ReadAction","target":["https:\/\/haberkuzey.com\/index.php\/2026\/05\/03\/alman-turistte-yuzde-75-artis\/"]}]},{"@type":"ImageObject","inLanguage":"tr","@id":"https:\/\/haberkuzey.com\/index.php\/2026\/05\/03\/alman-turistte-yuzde-75-artis\/#primaryimage","url":"https:\/\/haberkuzey.com\/wp-content\/uploads\/2026\/05\/turist.webp","contentUrl":"https:\/\/haberkuzey.com\/wp-content\/uploads\/2026\/05\/turist.webp","width":1200,"height":675},{"@type":"BreadcrumbList","@id":"https:\/\/haberkuzey.com\/index.php\/2026\/05\/03\/alman-turistte-yuzde-75-artis\/#breadcrumb","itemListElement":[{"@type":"ListItem","position":1,"name":"Anasayfa","item":"https:\/\/haberkuzey.com\/"},{"@type":"ListItem","position":2,"name":"Alman turistte y\u00fczde 75 art\u0131\u015f"}]},{"@type":"WebSite","@id":"https:\/\/haberkuzey.com\/#website","url":"https:\/\/haberkuzey.com\/","name":"Haber Kuzey","description":"Do\u011fru Haberin Adresi","potentialAction":[{"@type":"SearchAction","target":{"@type":"EntryPoint","urlTemplate":"https:\/\/haberkuzey.com\/?s={search_term_string}"},"query-input":{"@type":"PropertyValueSpecification","valueRequired":true,"valueName":"search_term_string"}}],"inLanguage":"tr"},{"@type":"Person","@id":"https:\/\/haberkuzey.com\/#\/schema\/person\/3372109ec735f9333f4fa47ebb9605ca","name":"haberkuzey","image":{"@type":"ImageObject","inLanguage":"tr","@id":"https:\/\/secure.gravatar.com\/avatar\/f5fc875574b1575324358c3b9e6a32b8227aa5b74f3fa22e3cadb63e26fcc39c?s=96&d=mm&r=g","url":"https:\/\/secure.gravatar.com\/avatar\/f5fc875574b1575324358c3b9e6a32b8227aa5b74f3fa22e3cadb63e26fcc39c?s=96&d=mm&r=g","contentUrl":"https:\/\/secure.gravatar.com\/avatar\/f5fc875574b1575324358c3b9e6a32b8227aa5b74f3fa22e3cadb63e26fcc39c?s=96&d=mm&r=g","caption":"haberkuzey"},"sameAs":["https:\/\/haberkuzey.com"],"url":"https:\/\/haberkuzey.com\/index.php\/author\/haberkuzey\/"}]}},"_links":{"self":[{"href":"https:\/\/haberkuzey.com\/index.php\/wp-json\/wp\/v2\/posts\/37112","targetHints":{"allow":["GET"]}}],"collection":[{"href":"https:\/\/haberkuzey.com\/index.php\/wp-json\/wp\/v2\/posts"}],"about":[{"href":"https:\/\/haberkuzey.com\/index.php\/wp-json\/wp\/v2\/types\/post"}],"author":[{"embeddable":true,"href":"https:\/\/haberkuzey.com\/index.php\/wp-json\/wp\/v2\/users\/1"}],"replies":[{"embeddable":true,"href":"https:\/\/haberkuzey.com\/index.php\/wp-json\/wp\/v2\/comments?post=37112"}],"version-history":[{"count":1,"href":"https:\/\/haberkuzey.com\/index.php\/wp-json\/wp\/v2\/posts\/37112\/revisions"}],"predecessor-version":[{"id":37114,"href":"https:\/\/haberkuzey.com\/index.php\/wp-json\/wp\/v2\/posts\/37112\/revisions\/37114"}],"wp:featuredmedia":[{"embeddable":true,"href":"https:\/\/haberkuzey.com\/index.php\/wp-json\/wp\/v2\/media\/37113"}],"wp:attachment":[{"href":"https:\/\/haberkuzey.com\/index.php\/wp-json\/wp\/v2\/media?parent=37112"}],"wp:term":[{"taxonomy":"category","embeddable":true,"href":"https:\/\/haberkuzey.com\/index.php\/wp-json\/wp\/v2\/categories?post=37112"},{"taxonomy":"post_tag","embeddable":true,"href":"https:\/\/haberkuzey.com\/index.php\/wp-json\/wp\/v2\/tags?post=37112"}],"curies":[{"name":"wp","href":"https:\/\/api.w.org\/{rel}","templated":true}]}}