{"id":37100,"date":"2026-05-02T19:15:49","date_gmt":"2026-05-02T16:15:49","guid":{"rendered":"https:\/\/haberkuzey.com\/index.php\/2026\/05\/02\/trump-kubayi-kisa-surede-yonetimi-devralacaklari-bir-yer-olarak-nitelendirdi\/"},"modified":"2026-05-02T19:15:49","modified_gmt":"2026-05-02T16:15:49","slug":"trump-kubayi-kisa-surede-yonetimi-devralacaklari-bir-yer-olarak-nitelendirdi","status":"publish","type":"post","link":"https:\/\/haberkuzey.com\/index.php\/2026\/05\/02\/trump-kubayi-kisa-surede-yonetimi-devralacaklari-bir-yer-olarak-nitelendirdi\/","title":{"rendered":"Trump, K\u00fcba&#8217;y\u0131 &#8220;k\u0131sa s\u00fcrede y\u00f6netimi devralacaklar\u0131&#8221; bir yer olarak nitelendirdi"},"content":{"rendered":"<p><\/p>\n<div>\n<p>&#13;<br \/>\n\tFox News&#8217;un haberine g\u00f6re Ba\u015fkan Trump, Florida eyaletinde yapt\u0131\u011f\u0131 konu\u015fmada, K\u00fcba&#8217;ya ili\u015fkin \u015faka yollu oldu\u011fu de\u011ferlendirilen a\u00e7\u0131klamalarda bulundu.<\/p>\n<p>&#13;<br \/>\n\tK\u00fcba&#8217;y\u0131 &#8220;k\u0131sa s\u00fcrede y\u00f6netimi devralacaklar\u0131&#8221; bir yer olarak nitelendiren Trump, K\u00fcba&#8217;n\u0131n &#8220;problemleri&#8221; oldu\u011funu savundu.<\/p>\n<p>&#13;<br \/>\n\tTrump ayr\u0131ca, &#8220;\u0130ran&#8217;dan d\u00f6nerken u\u00e7ak gemilerimizden belki de USS Abraham Lincoln, k\u0131y\u0131 yak\u0131nlar\u0131nda demirleyecek ve &#8216;\u00c7ok te\u015fekk\u00fcrler, pes ediyoruz.&#8217; diyecekler.&#8221; ifadelerini kulland\u0131.<\/p>\n<p>&#13;<br \/>\n\tBa\u015fkan Trump&#8217;\u0131n konu\u015fmas\u0131 s\u0131ras\u0131nda salondan g\u00fcl\u00fc\u015fmeler y\u00fckselirken Beyaz Saray, Trump&#8217;\u0131n ifadelerinin ciddi olup olmad\u0131\u011f\u0131na ili\u015fkin hen\u00fcz bir a\u00e7\u0131klamada bulunmad\u0131.<\/p>\n<p>&#13;<br \/>\n\tTrump, 13 Nisan&#8217;da yapt\u0131\u011f\u0131 a\u00e7\u0131klamada, \u0130ran g\u00fcndeminin ard\u0131ndan K\u00fcba konusuyla da &#8220;ilgileneceklerini&#8221; kaydetmi\u015f, &#8220;K\u00fcba farkl\u0131 bir hikaye. Oras\u0131 y\u0131llard\u0131r korkun\u00e7 \u015fekilde y\u00f6netiliyor. \u0130ran&#8217;dan sonra oraya bakabiliriz.&#8221; ifadelerini kullanm\u0131\u015ft\u0131.<\/p>\n<p>&#13;<br \/>\n\tK\u00fcba Devlet Ba\u015fkan\u0131 Miguel Diaz Canel ise olas\u0131 bir ABD i\u015fgaline ili\u015fkin, &#8220;E\u011fer bu ger\u00e7ekle\u015firse \u00e7at\u0131\u015fma olur, m\u00fccadele olur, kendimizi savunuruz ve e\u011fer \u00f6lmemiz icap ediyorsa \u00f6l\u00fcr\u00fcz.&#8221; demi\u015fti.<\/p>\n<\/p><\/div>\n","protected":false},"excerpt":{"rendered":"<p>&#13; Fox News&#8217;un haberine g\u00f6re Ba\u015fkan Trump, Florida eyaletinde yapt\u0131\u011f\u0131 konu\u015fmada, K\u00fcba&#8217;ya ili\u015fkin \u015faka yollu oldu\u011fu de\u011ferlendirilen a\u00e7\u0131klamalarda bulundu. &#13; K\u00fcba&#8217;y\u0131 &#8220;k\u0131sa s\u00fcrede y\u00f6netimi devralacaklar\u0131&#8221; bir yer olarak nitelendiren Trump, K\u00fcba&#8217;n\u0131n &#8220;problemleri&#8221; oldu\u011funu savundu. &#13; Trump ayr\u0131ca, &#8220;\u0130ran&#8217;dan d\u00f6nerken u\u00e7ak gemilerimizden belki de USS Abraham Lincoln, k\u0131y\u0131 yak\u0131nlar\u0131nda demirleyecek ve &#8216;\u00c7ok te\u015fekk\u00fcrler, pes ediyoruz.&#8217; diyecekler.&#8221; [&hellip;]<\/p>\n","protected":false},"author":1,"featured_media":37101,"comment_status":"open","ping_status":"open","sticky":false,"template":"","format":"standard","meta":{"jnews-multi-image_gallery":[],"jnews_single_post":[],"jnews_primary_category":[],"footnotes":""},"categories":[2],"tags":[],"class_list":["post-37100","post","type-post","status-publish","format-standard","has-post-thumbnail","hentry","category-dunya"],"yoast_head":"<!-- This site is optimized with the Yoast SEO plugin v27.5 - https:\/\/yoast.com\/product\/yoast-seo-wordpress\/ -->\n<title>Trump, K\u00fcba&#039;y\u0131 &quot;k\u0131sa s\u00fcrede y\u00f6netimi devralacaklar\u0131&quot; bir yer olarak nitelendirdi - Haber Kuzey<\/title>\n<meta name=\"robots\" content=\"index, follow, max-snippet:-1, max-image-preview:large, max-video-preview:-1\" \/>\n<link rel=\"canonical\" href=\"https:\/\/haberkuzey.com\/index.php\/2026\/05\/02\/trump-kubayi-kisa-surede-yonetimi-devralacaklari-bir-yer-olarak-nitelendirdi\/\" \/>\n<meta property=\"og:locale\" content=\"tr_TR\" \/>\n<meta property=\"og:type\" content=\"article\" \/>\n<meta property=\"og:title\" content=\"Trump, K\u00fcba&#039;y\u0131 &quot;k\u0131sa s\u00fcrede y\u00f6netimi devralacaklar\u0131&quot; bir yer olarak nitelendirdi - Haber Kuzey\" \/>\n<meta property=\"og:description\" content=\"&#013; Fox News&#8217;un haberine g\u00f6re Ba\u015fkan Trump, Florida eyaletinde yapt\u0131\u011f\u0131 konu\u015fmada, K\u00fcba&#8217;ya ili\u015fkin \u015faka yollu oldu\u011fu de\u011ferlendirilen a\u00e7\u0131klamalarda bulundu. &#013; K\u00fcba&#8217;y\u0131 &#8220;k\u0131sa s\u00fcrede y\u00f6netimi devralacaklar\u0131&#8221; bir yer olarak nitelendiren Trump, K\u00fcba&#8217;n\u0131n &#8220;problemleri&#8221; oldu\u011funu savundu. &#013; Trump ayr\u0131ca, &#8220;\u0130ran&#8217;dan d\u00f6nerken u\u00e7ak gemilerimizden belki de USS Abraham Lincoln, k\u0131y\u0131 yak\u0131nlar\u0131nda demirleyecek ve &#8216;\u00c7ok te\u015fekk\u00fcrler, pes ediyoruz.&#8217; diyecekler.&#8221; [&hellip;]\" \/>\n<meta property=\"og:url\" content=\"https:\/\/haberkuzey.com\/index.php\/2026\/05\/02\/trump-kubayi-kisa-surede-yonetimi-devralacaklari-bir-yer-olarak-nitelendirdi\/\" \/>\n<meta property=\"og:site_name\" content=\"Haber Kuzey\" \/>\n<meta property=\"article:published_time\" content=\"2026-05-02T16:15:49+00:00\" \/>\n<meta property=\"og:image\" content=\"https:\/\/trthaberstatic.cdn.wp.trt.com.tr\/resimler\/2446000\/donald-trump-reu-2447487.jpg\" \/>\n<meta name=\"author\" content=\"haberkuzey\" \/>\n<meta name=\"twitter:card\" content=\"summary_large_image\" \/>\n<meta name=\"twitter:label1\" content=\"Yazan:\" \/>\n\t<meta name=\"twitter:data1\" content=\"haberkuzey\" \/>\n\t<meta name=\"twitter:label2\" content=\"Tahmini okuma s\u00fcresi\" \/>\n\t<meta name=\"twitter:data2\" content=\"1 dakika\" \/>\n<script type=\"application\/ld+json\" class=\"yoast-schema-graph\">{\"@context\":\"https:\\\/\\\/schema.org\",\"@graph\":[{\"@type\":\"Article\",\"@id\":\"https:\\\/\\\/haberkuzey.com\\\/index.php\\\/2026\\\/05\\\/02\\\/trump-kubayi-kisa-surede-yonetimi-devralacaklari-bir-yer-olarak-nitelendirdi\\\/#article\",\"isPartOf\":{\"@id\":\"https:\\\/\\\/haberkuzey.com\\\/index.php\\\/2026\\\/05\\\/02\\\/trump-kubayi-kisa-surede-yonetimi-devralacaklari-bir-yer-olarak-nitelendirdi\\\/\"},\"author\":{\"name\":\"haberkuzey\",\"@id\":\"https:\\\/\\\/haberkuzey.com\\\/#\\\/schema\\\/person\\\/3372109ec735f9333f4fa47ebb9605ca\"},\"headline\":\"Trump, K\u00fcba&#8217;y\u0131 &#8220;k\u0131sa s\u00fcrede y\u00f6netimi devralacaklar\u0131&#8221; bir yer olarak nitelendirdi\",\"datePublished\":\"2026-05-02T16:15:49+00:00\",\"mainEntityOfPage\":{\"@id\":\"https:\\\/\\\/haberkuzey.com\\\/index.php\\\/2026\\\/05\\\/02\\\/trump-kubayi-kisa-surede-yonetimi-devralacaklari-bir-yer-olarak-nitelendirdi\\\/\"},\"wordCount\":208,\"commentCount\":0,\"image\":{\"@id\":\"https:\\\/\\\/haberkuzey.com\\\/index.php\\\/2026\\\/05\\\/02\\\/trump-kubayi-kisa-surede-yonetimi-devralacaklari-bir-yer-olarak-nitelendirdi\\\/#primaryimage\"},\"thumbnailUrl\":\"https:\\\/\\\/haberkuzey.com\\\/wp-content\\\/uploads\\\/2026\\\/05\\\/donald-trump-reu-2447487.jpg\",\"articleSection\":[\"D\u00fcnya\"],\"inLanguage\":\"tr\",\"potentialAction\":[{\"@type\":\"CommentAction\",\"name\":\"Comment\",\"target\":[\"https:\\\/\\\/haberkuzey.com\\\/index.php\\\/2026\\\/05\\\/02\\\/trump-kubayi-kisa-surede-yonetimi-devralacaklari-bir-yer-olarak-nitelendirdi\\\/#respond\"]}]},{\"@type\":\"WebPage\",\"@id\":\"https:\\\/\\\/haberkuzey.com\\\/index.php\\\/2026\\\/05\\\/02\\\/trump-kubayi-kisa-surede-yonetimi-devralacaklari-bir-yer-olarak-nitelendirdi\\\/\",\"url\":\"https:\\\/\\\/haberkuzey.com\\\/index.php\\\/2026\\\/05\\\/02\\\/trump-kubayi-kisa-surede-yonetimi-devralacaklari-bir-yer-olarak-nitelendirdi\\\/\",\"name\":\"Trump, K\u00fcba'y\u0131 \\\"k\u0131sa s\u00fcrede y\u00f6netimi devralacaklar\u0131\\\" bir yer olarak nitelendirdi - Haber Kuzey\",\"isPartOf\":{\"@id\":\"https:\\\/\\\/haberkuzey.com\\\/#website\"},\"primaryImageOfPage\":{\"@id\":\"https:\\\/\\\/haberkuzey.com\\\/index.php\\\/2026\\\/05\\\/02\\\/trump-kubayi-kisa-surede-yonetimi-devralacaklari-bir-yer-olarak-nitelendirdi\\\/#primaryimage\"},\"image\":{\"@id\":\"https:\\\/\\\/haberkuzey.com\\\/index.php\\\/2026\\\/05\\\/02\\\/trump-kubayi-kisa-surede-yonetimi-devralacaklari-bir-yer-olarak-nitelendirdi\\\/#primaryimage\"},\"thumbnailUrl\":\"https:\\\/\\\/haberkuzey.com\\\/wp-content\\\/uploads\\\/2026\\\/05\\\/donald-trump-reu-2447487.jpg\",\"datePublished\":\"2026-05-02T16:15:49+00:00\",\"author\":{\"@id\":\"https:\\\/\\\/haberkuzey.com\\\/#\\\/schema\\\/person\\\/3372109ec735f9333f4fa47ebb9605ca\"},\"breadcrumb\":{\"@id\":\"https:\\\/\\\/haberkuzey.com\\\/index.php\\\/2026\\\/05\\\/02\\\/trump-kubayi-kisa-surede-yonetimi-devralacaklari-bir-yer-olarak-nitelendirdi\\\/#breadcrumb\"},\"inLanguage\":\"tr\",\"potentialAction\":[{\"@type\":\"ReadAction\",\"target\":[\"https:\\\/\\\/haberkuzey.com\\\/index.php\\\/2026\\\/05\\\/02\\\/trump-kubayi-kisa-surede-yonetimi-devralacaklari-bir-yer-olarak-nitelendirdi\\\/\"]}]},{\"@type\":\"ImageObject\",\"inLanguage\":\"tr\",\"@id\":\"https:\\\/\\\/haberkuzey.com\\\/index.php\\\/2026\\\/05\\\/02\\\/trump-kubayi-kisa-surede-yonetimi-devralacaklari-bir-yer-olarak-nitelendirdi\\\/#primaryimage\",\"url\":\"https:\\\/\\\/haberkuzey.com\\\/wp-content\\\/uploads\\\/2026\\\/05\\\/donald-trump-reu-2447487.jpg\",\"contentUrl\":\"https:\\\/\\\/haberkuzey.com\\\/wp-content\\\/uploads\\\/2026\\\/05\\\/donald-trump-reu-2447487.jpg\",\"width\":1280,\"height\":720},{\"@type\":\"BreadcrumbList\",\"@id\":\"https:\\\/\\\/haberkuzey.com\\\/index.php\\\/2026\\\/05\\\/02\\\/trump-kubayi-kisa-surede-yonetimi-devralacaklari-bir-yer-olarak-nitelendirdi\\\/#breadcrumb\",\"itemListElement\":[{\"@type\":\"ListItem\",\"position\":1,\"name\":\"Anasayfa\",\"item\":\"https:\\\/\\\/haberkuzey.com\\\/\"},{\"@type\":\"ListItem\",\"position\":2,\"name\":\"Trump, K\u00fcba&#8217;y\u0131 &#8220;k\u0131sa s\u00fcrede y\u00f6netimi devralacaklar\u0131&#8221; bir yer olarak nitelendirdi\"}]},{\"@type\":\"WebSite\",\"@id\":\"https:\\\/\\\/haberkuzey.com\\\/#website\",\"url\":\"https:\\\/\\\/haberkuzey.com\\\/\",\"name\":\"Haber Kuzey\",\"description\":\"Do\u011fru Haberin Adresi\",\"potentialAction\":[{\"@type\":\"SearchAction\",\"target\":{\"@type\":\"EntryPoint\",\"urlTemplate\":\"https:\\\/\\\/haberkuzey.com\\\/?s={search_term_string}\"},\"query-input\":{\"@type\":\"PropertyValueSpecification\",\"valueRequired\":true,\"valueName\":\"search_term_string\"}}],\"inLanguage\":\"tr\"},{\"@type\":\"Person\",\"@id\":\"https:\\\/\\\/haberkuzey.com\\\/#\\\/schema\\\/person\\\/3372109ec735f9333f4fa47ebb9605ca\",\"name\":\"haberkuzey\",\"image\":{\"@type\":\"ImageObject\",\"inLanguage\":\"tr\",\"@id\":\"https:\\\/\\\/secure.gravatar.com\\\/avatar\\\/f5fc875574b1575324358c3b9e6a32b8227aa5b74f3fa22e3cadb63e26fcc39c?s=96&d=mm&r=g\",\"url\":\"https:\\\/\\\/secure.gravatar.com\\\/avatar\\\/f5fc875574b1575324358c3b9e6a32b8227aa5b74f3fa22e3cadb63e26fcc39c?s=96&d=mm&r=g\",\"contentUrl\":\"https:\\\/\\\/secure.gravatar.com\\\/avatar\\\/f5fc875574b1575324358c3b9e6a32b8227aa5b74f3fa22e3cadb63e26fcc39c?s=96&d=mm&r=g\",\"caption\":\"haberkuzey\"},\"sameAs\":[\"https:\\\/\\\/haberkuzey.com\"],\"url\":\"https:\\\/\\\/haberkuzey.com\\\/index.php\\\/author\\\/haberkuzey\\\/\"}]}<\/script>\n<!-- \/ Yoast SEO plugin. -->","yoast_head_json":{"title":"Trump, K\u00fcba'y\u0131 \"k\u0131sa s\u00fcrede y\u00f6netimi devralacaklar\u0131\" bir yer olarak nitelendirdi - Haber Kuzey","robots":{"index":"index","follow":"follow","max-snippet":"max-snippet:-1","max-image-preview":"max-image-preview:large","max-video-preview":"max-video-preview:-1"},"canonical":"https:\/\/haberkuzey.com\/index.php\/2026\/05\/02\/trump-kubayi-kisa-surede-yonetimi-devralacaklari-bir-yer-olarak-nitelendirdi\/","og_locale":"tr_TR","og_type":"article","og_title":"Trump, K\u00fcba'y\u0131 \"k\u0131sa s\u00fcrede y\u00f6netimi devralacaklar\u0131\" bir yer olarak nitelendirdi - Haber Kuzey","og_description":"&#13; Fox News&#8217;un haberine g\u00f6re Ba\u015fkan Trump, Florida eyaletinde yapt\u0131\u011f\u0131 konu\u015fmada, K\u00fcba&#8217;ya ili\u015fkin \u015faka yollu oldu\u011fu de\u011ferlendirilen a\u00e7\u0131klamalarda bulundu. &#13; K\u00fcba&#8217;y\u0131 &#8220;k\u0131sa s\u00fcrede y\u00f6netimi devralacaklar\u0131&#8221; bir yer olarak nitelendiren Trump, K\u00fcba&#8217;n\u0131n &#8220;problemleri&#8221; oldu\u011funu savundu. &#13; Trump ayr\u0131ca, &#8220;\u0130ran&#8217;dan d\u00f6nerken u\u00e7ak gemilerimizden belki de USS Abraham Lincoln, k\u0131y\u0131 yak\u0131nlar\u0131nda demirleyecek ve &#8216;\u00c7ok te\u015fekk\u00fcrler, pes ediyoruz.&#8217; diyecekler.&#8221; [&hellip;]","og_url":"https:\/\/haberkuzey.com\/index.php\/2026\/05\/02\/trump-kubayi-kisa-surede-yonetimi-devralacaklari-bir-yer-olarak-nitelendirdi\/","og_site_name":"Haber Kuzey","article_published_time":"2026-05-02T16:15:49+00:00","og_image":[{"url":"https:\/\/trthaberstatic.cdn.wp.trt.com.tr\/resimler\/2446000\/donald-trump-reu-2447487.jpg","type":"","width":"","height":""}],"author":"haberkuzey","twitter_card":"summary_large_image","twitter_misc":{"Yazan:":"haberkuzey","Tahmini okuma s\u00fcresi":"1 dakika"},"schema":{"@context":"https:\/\/schema.org","@graph":[{"@type":"Article","@id":"https:\/\/haberkuzey.com\/index.php\/2026\/05\/02\/trump-kubayi-kisa-surede-yonetimi-devralacaklari-bir-yer-olarak-nitelendirdi\/#article","isPartOf":{"@id":"https:\/\/haberkuzey.com\/index.php\/2026\/05\/02\/trump-kubayi-kisa-surede-yonetimi-devralacaklari-bir-yer-olarak-nitelendirdi\/"},"author":{"name":"haberkuzey","@id":"https:\/\/haberkuzey.com\/#\/schema\/person\/3372109ec735f9333f4fa47ebb9605ca"},"headline":"Trump, K\u00fcba&#8217;y\u0131 &#8220;k\u0131sa s\u00fcrede y\u00f6netimi devralacaklar\u0131&#8221; bir yer olarak nitelendirdi","datePublished":"2026-05-02T16:15:49+00:00","mainEntityOfPage":{"@id":"https:\/\/haberkuzey.com\/index.php\/2026\/05\/02\/trump-kubayi-kisa-surede-yonetimi-devralacaklari-bir-yer-olarak-nitelendirdi\/"},"wordCount":208,"commentCount":0,"image":{"@id":"https:\/\/haberkuzey.com\/index.php\/2026\/05\/02\/trump-kubayi-kisa-surede-yonetimi-devralacaklari-bir-yer-olarak-nitelendirdi\/#primaryimage"},"thumbnailUrl":"https:\/\/haberkuzey.com\/wp-content\/uploads\/2026\/05\/donald-trump-reu-2447487.jpg","articleSection":["D\u00fcnya"],"inLanguage":"tr","potentialAction":[{"@type":"CommentAction","name":"Comment","target":["https:\/\/haberkuzey.com\/index.php\/2026\/05\/02\/trump-kubayi-kisa-surede-yonetimi-devralacaklari-bir-yer-olarak-nitelendirdi\/#respond"]}]},{"@type":"WebPage","@id":"https:\/\/haberkuzey.com\/index.php\/2026\/05\/02\/trump-kubayi-kisa-surede-yonetimi-devralacaklari-bir-yer-olarak-nitelendirdi\/","url":"https:\/\/haberkuzey.com\/index.php\/2026\/05\/02\/trump-kubayi-kisa-surede-yonetimi-devralacaklari-bir-yer-olarak-nitelendirdi\/","name":"Trump, K\u00fcba'y\u0131 \"k\u0131sa s\u00fcrede y\u00f6netimi devralacaklar\u0131\" bir yer olarak nitelendirdi - Haber Kuzey","isPartOf":{"@id":"https:\/\/haberkuzey.com\/#website"},"primaryImageOfPage":{"@id":"https:\/\/haberkuzey.com\/index.php\/2026\/05\/02\/trump-kubayi-kisa-surede-yonetimi-devralacaklari-bir-yer-olarak-nitelendirdi\/#primaryimage"},"image":{"@id":"https:\/\/haberkuzey.com\/index.php\/2026\/05\/02\/trump-kubayi-kisa-surede-yonetimi-devralacaklari-bir-yer-olarak-nitelendirdi\/#primaryimage"},"thumbnailUrl":"https:\/\/haberkuzey.com\/wp-content\/uploads\/2026\/05\/donald-trump-reu-2447487.jpg","datePublished":"2026-05-02T16:15:49+00:00","author":{"@id":"https:\/\/haberkuzey.com\/#\/schema\/person\/3372109ec735f9333f4fa47ebb9605ca"},"breadcrumb":{"@id":"https:\/\/haberkuzey.com\/index.php\/2026\/05\/02\/trump-kubayi-kisa-surede-yonetimi-devralacaklari-bir-yer-olarak-nitelendirdi\/#breadcrumb"},"inLanguage":"tr","potentialAction":[{"@type":"ReadAction","target":["https:\/\/haberkuzey.com\/index.php\/2026\/05\/02\/trump-kubayi-kisa-surede-yonetimi-devralacaklari-bir-yer-olarak-nitelendirdi\/"]}]},{"@type":"ImageObject","inLanguage":"tr","@id":"https:\/\/haberkuzey.com\/index.php\/2026\/05\/02\/trump-kubayi-kisa-surede-yonetimi-devralacaklari-bir-yer-olarak-nitelendirdi\/#primaryimage","url":"https:\/\/haberkuzey.com\/wp-content\/uploads\/2026\/05\/donald-trump-reu-2447487.jpg","contentUrl":"https:\/\/haberkuzey.com\/wp-content\/uploads\/2026\/05\/donald-trump-reu-2447487.jpg","width":1280,"height":720},{"@type":"BreadcrumbList","@id":"https:\/\/haberkuzey.com\/index.php\/2026\/05\/02\/trump-kubayi-kisa-surede-yonetimi-devralacaklari-bir-yer-olarak-nitelendirdi\/#breadcrumb","itemListElement":[{"@type":"ListItem","position":1,"name":"Anasayfa","item":"https:\/\/haberkuzey.com\/"},{"@type":"ListItem","position":2,"name":"Trump, K\u00fcba&#8217;y\u0131 &#8220;k\u0131sa s\u00fcrede y\u00f6netimi devralacaklar\u0131&#8221; bir yer olarak nitelendirdi"}]},{"@type":"WebSite","@id":"https:\/\/haberkuzey.com\/#website","url":"https:\/\/haberkuzey.com\/","name":"Haber Kuzey","description":"Do\u011fru Haberin Adresi","potentialAction":[{"@type":"SearchAction","target":{"@type":"EntryPoint","urlTemplate":"https:\/\/haberkuzey.com\/?s={search_term_string}"},"query-input":{"@type":"PropertyValueSpecification","valueRequired":true,"valueName":"search_term_string"}}],"inLanguage":"tr"},{"@type":"Person","@id":"https:\/\/haberkuzey.com\/#\/schema\/person\/3372109ec735f9333f4fa47ebb9605ca","name":"haberkuzey","image":{"@type":"ImageObject","inLanguage":"tr","@id":"https:\/\/secure.gravatar.com\/avatar\/f5fc875574b1575324358c3b9e6a32b8227aa5b74f3fa22e3cadb63e26fcc39c?s=96&d=mm&r=g","url":"https:\/\/secure.gravatar.com\/avatar\/f5fc875574b1575324358c3b9e6a32b8227aa5b74f3fa22e3cadb63e26fcc39c?s=96&d=mm&r=g","contentUrl":"https:\/\/secure.gravatar.com\/avatar\/f5fc875574b1575324358c3b9e6a32b8227aa5b74f3fa22e3cadb63e26fcc39c?s=96&d=mm&r=g","caption":"haberkuzey"},"sameAs":["https:\/\/haberkuzey.com"],"url":"https:\/\/haberkuzey.com\/index.php\/author\/haberkuzey\/"}]}},"_links":{"self":[{"href":"https:\/\/haberkuzey.com\/index.php\/wp-json\/wp\/v2\/posts\/37100","targetHints":{"allow":["GET"]}}],"collection":[{"href":"https:\/\/haberkuzey.com\/index.php\/wp-json\/wp\/v2\/posts"}],"about":[{"href":"https:\/\/haberkuzey.com\/index.php\/wp-json\/wp\/v2\/types\/post"}],"author":[{"embeddable":true,"href":"https:\/\/haberkuzey.com\/index.php\/wp-json\/wp\/v2\/users\/1"}],"replies":[{"embeddable":true,"href":"https:\/\/haberkuzey.com\/index.php\/wp-json\/wp\/v2\/comments?post=37100"}],"version-history":[{"count":0,"href":"https:\/\/haberkuzey.com\/index.php\/wp-json\/wp\/v2\/posts\/37100\/revisions"}],"wp:featuredmedia":[{"embeddable":true,"href":"https:\/\/haberkuzey.com\/index.php\/wp-json\/wp\/v2\/media\/37101"}],"wp:attachment":[{"href":"https:\/\/haberkuzey.com\/index.php\/wp-json\/wp\/v2\/media?parent=37100"}],"wp:term":[{"taxonomy":"category","embeddable":true,"href":"https:\/\/haberkuzey.com\/index.php\/wp-json\/wp\/v2\/categories?post=37100"},{"taxonomy":"post_tag","embeddable":true,"href":"https:\/\/haberkuzey.com\/index.php\/wp-json\/wp\/v2\/tags?post=37100"}],"curies":[{"name":"wp","href":"https:\/\/api.w.org\/{rel}","templated":true}]}}