{"id":37092,"date":"2026-05-02T16:32:49","date_gmt":"2026-05-02T13:32:49","guid":{"rendered":"https:\/\/haberkuzey.com\/index.php\/2026\/05\/02\/ubpnin-kurulus-yil-donumu-dolayisiyla-fidan-dikildi\/"},"modified":"2026-05-02T16:32:59","modified_gmt":"2026-05-02T13:32:59","slug":"ubpnin-kurulus-yil-donumu-dolayisiyla-fidan-dikildi","status":"publish","type":"post","link":"https:\/\/haberkuzey.com\/index.php\/2026\/05\/02\/ubpnin-kurulus-yil-donumu-dolayisiyla-fidan-dikildi\/","title":{"rendered":"UBP\u2019nin kurulu\u015f y\u0131l d\u00f6n\u00fcm\u00fc dolay\u0131s\u0131yla fidan dikildi"},"content":{"rendered":"<p>Ulusal Birlik Partisi\u2019nin (UBP) 50. kurulu\u015f y\u0131l d\u00f6n\u00fcm\u00fc etkinlikleri kapsam\u0131nda; UBP Genel Ba\u015fkan\u0131 ve Ba\u015fbakan \u00dcnal \u00dcstel\u2019in himayelerinde, Lefko\u015fa \u0130l\u00e7e Ba\u015fkanl\u0131\u011f\u0131\u2019n\u0131n ev sahipli\u011finde, Gazima\u011fusa, Girne, \u0130skele, G\u00fczelyurt ve Lefke il\u00e7e ba\u015fkanl\u0131klar\u0131n\u0131n ortak organizasyonuyla \u201cFidan Dikimi \u015e\u00f6leni\u201d\u00a0 ger\u00e7ekle\u015ftirildi.<\/p>\n<p>UBP\u2019den yap\u0131lan a\u00e7\u0131klamaya g\u00f6re, do\u011faya nefes, gelece\u011fe umut olmak amac\u0131yla Lefko\u015fa\u2019da\u00a0 d\u00fczenlenen etkinli\u011fe; UBP Genel Sekreteri Ahmet Sava\u015fan, \u0130\u00e7i\u015fleri Bakan\u0131 Dursun O\u011fuz, Tar\u0131m ve Do\u011fal Kaynaklar Bakan\u0131 H\u00fcseyin \u00c7avu\u015f, \u00c7al\u0131\u015fma Bakan\u0131 O\u011fuzhan Hasipo\u011flu, milletvekilleri Zorlu T\u00f6re, Faiz Sucuo\u011flu, Hasan Ta\u00e7oy, Sad\u0131k Gardiyano\u011flu, G\u00fczelyurt Belediye Ba\u015fkan\u0131 Mahmut \u00d6z\u00e7\u0131nar, Lefko\u015fa \u0130l\u00e7e Ba\u015fkan\u0131 Mustafa Aky\u00f6n, Girne \u0130l\u00e7e Ba\u015fkan\u0131 \u0130brahim Erbildim, G\u00fczelyurt \u0130l\u00e7e Ba\u015fkan\u0131 Mutlu Atasayan, Kad\u0131n Kollar\u0131 ve Gen\u00e7lik Kollar\u0131 ba\u015fkanlar\u0131 ile y\u00f6netim kurulu ve il\u00e7elerin y\u00f6netim kurulu \u00fcyeleri yan\u0131 s\u0131ra partililer kat\u0131ld\u0131.<\/p>\n<p>Etkinlikte konu\u015fan UBP Genel Sekreteri Ahmet Sava\u015fan, \u201cKKTC do\u011farken vard\u0131k, k\u00f6klenirken de olaca\u011f\u0131z.\u201d slogan\u0131yla ger\u00e7ekle\u015ftirilen \u015f\u00f6lenin, partinin \u00fclkeye ve gelece\u011fe bak\u0131\u015f\u0131n\u0131 yans\u0131tt\u0131\u011f\u0131n\u0131 belirtti.<\/p>\n<p>Sava\u015fan, \u00e7evreye yap\u0131lan her yat\u0131r\u0131m\u0131n \u00fclkenin yar\u0131nlar\u0131na yap\u0131lan yat\u0131r\u0131m oldu\u011funu vurgulayarak, \u201cSa\u011flam devlet, ya\u015fanabilir \u00e7evre anlay\u0131\u015f\u0131yla Kuzey K\u0131br\u0131s T\u00fcrk Cumhuriyeti\u2019nin gelece\u011fine y\u00f6n vermeye devam ediyoruz. G\u00fcc\u00fcn\u00fc halk\u0131ndan alan, k\u00f6kleri tarihine dayanan bir partinin neferleri olarak; bu \u00fclkenin insan\u0131n\u0131n da do\u011fas\u0131n\u0131n da \u00e7ok daha g\u00fczel g\u00fcnleri hak etti\u011fine inan\u0131yoruz. Genel Ba\u015fkan\u0131m\u0131z ve Ba\u015fbakan\u0131m\u0131z Say\u0131n \u00dcnal \u00dcstel\u2019in \u00f6nc\u00fcl\u00fc\u011f\u00fcnde \u00e7al\u0131\u015fmay\u0131 s\u00fcrd\u00fcr\u00fcyoruz.\u201d dedi.<\/p>\n<p>Sava\u015fan, dikilen her fidan\u0131n Ulusal Birlik Partisi\u2019nin \u00e7evreye duydu\u011fu sayg\u0131n\u0131n, \u00fclkeye olan ba\u011fl\u0131l\u0131\u011f\u0131n\u0131n ve gelecek nesillere kar\u015f\u0131 sorumlulu\u011funun simgesi oldu\u011funu ifade ederek, \u201cUBP, yar\u0131m as\u0131rl\u0131k tecr\u00fcbesiyle yaln\u0131zca bug\u00fcn\u00fc de\u011fil, yar\u0131n\u0131n daha ye\u015fil ve daha g\u00fc\u00e7l\u00fc KKTC\u2019sini de in\u015fa etme kararl\u0131l\u0131\u011f\u0131ndad\u0131r.\u201d \u015feklinde konu\u015ftu.<\/p>\n","protected":false},"excerpt":{"rendered":"<p>Ulusal Birlik Partisi\u2019nin (UBP) 50. kurulu\u015f y\u0131l d\u00f6n\u00fcm\u00fc etkinlikleri kapsam\u0131nda; UBP Genel Ba\u015fkan\u0131 ve Ba\u015fbakan \u00dcnal \u00dcstel\u2019in himayelerinde, Lefko\u015fa \u0130l\u00e7e Ba\u015fkanl\u0131\u011f\u0131\u2019n\u0131n ev sahipli\u011finde, Gazima\u011fusa, Girne, \u0130skele, G\u00fczelyurt ve Lefke il\u00e7e ba\u015fkanl\u0131klar\u0131n\u0131n ortak organizasyonuyla \u201cFidan Dikimi \u015e\u00f6leni\u201d\u00a0 ger\u00e7ekle\u015ftirildi. UBP\u2019den yap\u0131lan a\u00e7\u0131klamaya g\u00f6re, do\u011faya nefes, gelece\u011fe umut olmak amac\u0131yla Lefko\u015fa\u2019da\u00a0 d\u00fczenlenen etkinli\u011fe; UBP Genel Sekreteri Ahmet Sava\u015fan, [&hellip;]<\/p>\n","protected":false},"author":1,"featured_media":37093,"comment_status":"open","ping_status":"open","sticky":false,"template":"","format":"standard","meta":{"jnews-multi-image_gallery":[],"jnews_single_post":[],"jnews_primary_category":[],"footnotes":""},"categories":[1],"tags":[],"class_list":["post-37092","post","type-post","status-publish","format-standard","has-post-thumbnail","hentry","category-kibris"],"yoast_head":"<!-- This site is optimized with the Yoast SEO plugin v27.5 - https:\/\/yoast.com\/product\/yoast-seo-wordpress\/ -->\n<title>UBP\u2019nin kurulu\u015f y\u0131l d\u00f6n\u00fcm\u00fc dolay\u0131s\u0131yla fidan dikildi - Haber Kuzey<\/title>\n<meta name=\"robots\" content=\"index, follow, max-snippet:-1, max-image-preview:large, max-video-preview:-1\" \/>\n<link rel=\"canonical\" href=\"https:\/\/haberkuzey.com\/index.php\/2026\/05\/02\/ubpnin-kurulus-yil-donumu-dolayisiyla-fidan-dikildi\/\" \/>\n<meta property=\"og:locale\" content=\"tr_TR\" \/>\n<meta property=\"og:type\" content=\"article\" \/>\n<meta property=\"og:title\" content=\"UBP\u2019nin kurulu\u015f y\u0131l d\u00f6n\u00fcm\u00fc dolay\u0131s\u0131yla fidan dikildi - Haber Kuzey\" \/>\n<meta property=\"og:description\" content=\"Ulusal Birlik Partisi\u2019nin (UBP) 50. kurulu\u015f y\u0131l d\u00f6n\u00fcm\u00fc etkinlikleri kapsam\u0131nda; UBP Genel Ba\u015fkan\u0131 ve Ba\u015fbakan \u00dcnal \u00dcstel\u2019in himayelerinde, Lefko\u015fa \u0130l\u00e7e Ba\u015fkanl\u0131\u011f\u0131\u2019n\u0131n ev sahipli\u011finde, Gazima\u011fusa, Girne, \u0130skele, G\u00fczelyurt ve Lefke il\u00e7e ba\u015fkanl\u0131klar\u0131n\u0131n ortak organizasyonuyla \u201cFidan Dikimi \u015e\u00f6leni\u201d\u00a0 ger\u00e7ekle\u015ftirildi. UBP\u2019den yap\u0131lan a\u00e7\u0131klamaya g\u00f6re, do\u011faya nefes, gelece\u011fe umut olmak amac\u0131yla Lefko\u015fa\u2019da\u00a0 d\u00fczenlenen etkinli\u011fe; UBP Genel Sekreteri Ahmet Sava\u015fan, [&hellip;]\" \/>\n<meta property=\"og:url\" content=\"https:\/\/haberkuzey.com\/index.php\/2026\/05\/02\/ubpnin-kurulus-yil-donumu-dolayisiyla-fidan-dikildi\/\" \/>\n<meta property=\"og:site_name\" content=\"Haber Kuzey\" \/>\n<meta property=\"article:published_time\" content=\"2026-05-02T13:32:49+00:00\" \/>\n<meta property=\"article:modified_time\" content=\"2026-05-02T13:32:59+00:00\" \/>\n<meta property=\"og:image\" content=\"https:\/\/haberkuzey.com\/wp-content\/uploads\/2026\/05\/17777268982691i.jpg\" \/>\n\t<meta property=\"og:image:width\" content=\"1600\" \/>\n\t<meta property=\"og:image:height\" content=\"1066\" \/>\n\t<meta property=\"og:image:type\" content=\"image\/jpeg\" \/>\n<meta name=\"author\" content=\"haberkuzey\" \/>\n<meta name=\"twitter:card\" content=\"summary_large_image\" \/>\n<meta name=\"twitter:label1\" content=\"Yazan:\" \/>\n\t<meta name=\"twitter:data1\" content=\"haberkuzey\" \/>\n\t<meta name=\"twitter:label2\" content=\"Tahmini okuma s\u00fcresi\" \/>\n\t<meta name=\"twitter:data2\" content=\"2 dakika\" \/>\n<script type=\"application\/ld+json\" class=\"yoast-schema-graph\">{\"@context\":\"https:\\\/\\\/schema.org\",\"@graph\":[{\"@type\":\"Article\",\"@id\":\"https:\\\/\\\/haberkuzey.com\\\/index.php\\\/2026\\\/05\\\/02\\\/ubpnin-kurulus-yil-donumu-dolayisiyla-fidan-dikildi\\\/#article\",\"isPartOf\":{\"@id\":\"https:\\\/\\\/haberkuzey.com\\\/index.php\\\/2026\\\/05\\\/02\\\/ubpnin-kurulus-yil-donumu-dolayisiyla-fidan-dikildi\\\/\"},\"author\":{\"name\":\"haberkuzey\",\"@id\":\"https:\\\/\\\/haberkuzey.com\\\/#\\\/schema\\\/person\\\/3372109ec735f9333f4fa47ebb9605ca\"},\"headline\":\"UBP\u2019nin kurulu\u015f y\u0131l d\u00f6n\u00fcm\u00fc dolay\u0131s\u0131yla fidan dikildi\",\"datePublished\":\"2026-05-02T13:32:49+00:00\",\"dateModified\":\"2026-05-02T13:32:59+00:00\",\"mainEntityOfPage\":{\"@id\":\"https:\\\/\\\/haberkuzey.com\\\/index.php\\\/2026\\\/05\\\/02\\\/ubpnin-kurulus-yil-donumu-dolayisiyla-fidan-dikildi\\\/\"},\"wordCount\":410,\"commentCount\":0,\"image\":{\"@id\":\"https:\\\/\\\/haberkuzey.com\\\/index.php\\\/2026\\\/05\\\/02\\\/ubpnin-kurulus-yil-donumu-dolayisiyla-fidan-dikildi\\\/#primaryimage\"},\"thumbnailUrl\":\"https:\\\/\\\/haberkuzey.com\\\/wp-content\\\/uploads\\\/2026\\\/05\\\/17777268982691i.jpg\",\"articleSection\":[\"K\u0131br\u0131s\"],\"inLanguage\":\"tr\",\"potentialAction\":[{\"@type\":\"CommentAction\",\"name\":\"Comment\",\"target\":[\"https:\\\/\\\/haberkuzey.com\\\/index.php\\\/2026\\\/05\\\/02\\\/ubpnin-kurulus-yil-donumu-dolayisiyla-fidan-dikildi\\\/#respond\"]}]},{\"@type\":\"WebPage\",\"@id\":\"https:\\\/\\\/haberkuzey.com\\\/index.php\\\/2026\\\/05\\\/02\\\/ubpnin-kurulus-yil-donumu-dolayisiyla-fidan-dikildi\\\/\",\"url\":\"https:\\\/\\\/haberkuzey.com\\\/index.php\\\/2026\\\/05\\\/02\\\/ubpnin-kurulus-yil-donumu-dolayisiyla-fidan-dikildi\\\/\",\"name\":\"UBP\u2019nin kurulu\u015f y\u0131l d\u00f6n\u00fcm\u00fc dolay\u0131s\u0131yla fidan dikildi - Haber Kuzey\",\"isPartOf\":{\"@id\":\"https:\\\/\\\/haberkuzey.com\\\/#website\"},\"primaryImageOfPage\":{\"@id\":\"https:\\\/\\\/haberkuzey.com\\\/index.php\\\/2026\\\/05\\\/02\\\/ubpnin-kurulus-yil-donumu-dolayisiyla-fidan-dikildi\\\/#primaryimage\"},\"image\":{\"@id\":\"https:\\\/\\\/haberkuzey.com\\\/index.php\\\/2026\\\/05\\\/02\\\/ubpnin-kurulus-yil-donumu-dolayisiyla-fidan-dikildi\\\/#primaryimage\"},\"thumbnailUrl\":\"https:\\\/\\\/haberkuzey.com\\\/wp-content\\\/uploads\\\/2026\\\/05\\\/17777268982691i.jpg\",\"datePublished\":\"2026-05-02T13:32:49+00:00\",\"dateModified\":\"2026-05-02T13:32:59+00:00\",\"author\":{\"@id\":\"https:\\\/\\\/haberkuzey.com\\\/#\\\/schema\\\/person\\\/3372109ec735f9333f4fa47ebb9605ca\"},\"breadcrumb\":{\"@id\":\"https:\\\/\\\/haberkuzey.com\\\/index.php\\\/2026\\\/05\\\/02\\\/ubpnin-kurulus-yil-donumu-dolayisiyla-fidan-dikildi\\\/#breadcrumb\"},\"inLanguage\":\"tr\",\"potentialAction\":[{\"@type\":\"ReadAction\",\"target\":[\"https:\\\/\\\/haberkuzey.com\\\/index.php\\\/2026\\\/05\\\/02\\\/ubpnin-kurulus-yil-donumu-dolayisiyla-fidan-dikildi\\\/\"]}]},{\"@type\":\"ImageObject\",\"inLanguage\":\"tr\",\"@id\":\"https:\\\/\\\/haberkuzey.com\\\/index.php\\\/2026\\\/05\\\/02\\\/ubpnin-kurulus-yil-donumu-dolayisiyla-fidan-dikildi\\\/#primaryimage\",\"url\":\"https:\\\/\\\/haberkuzey.com\\\/wp-content\\\/uploads\\\/2026\\\/05\\\/17777268982691i.jpg\",\"contentUrl\":\"https:\\\/\\\/haberkuzey.com\\\/wp-content\\\/uploads\\\/2026\\\/05\\\/17777268982691i.jpg\",\"width\":1600,\"height\":1066},{\"@type\":\"BreadcrumbList\",\"@id\":\"https:\\\/\\\/haberkuzey.com\\\/index.php\\\/2026\\\/05\\\/02\\\/ubpnin-kurulus-yil-donumu-dolayisiyla-fidan-dikildi\\\/#breadcrumb\",\"itemListElement\":[{\"@type\":\"ListItem\",\"position\":1,\"name\":\"Anasayfa\",\"item\":\"https:\\\/\\\/haberkuzey.com\\\/\"},{\"@type\":\"ListItem\",\"position\":2,\"name\":\"UBP\u2019nin kurulu\u015f y\u0131l d\u00f6n\u00fcm\u00fc dolay\u0131s\u0131yla fidan dikildi\"}]},{\"@type\":\"WebSite\",\"@id\":\"https:\\\/\\\/haberkuzey.com\\\/#website\",\"url\":\"https:\\\/\\\/haberkuzey.com\\\/\",\"name\":\"Haber Kuzey\",\"description\":\"Do\u011fru Haberin Adresi\",\"potentialAction\":[{\"@type\":\"SearchAction\",\"target\":{\"@type\":\"EntryPoint\",\"urlTemplate\":\"https:\\\/\\\/haberkuzey.com\\\/?s={search_term_string}\"},\"query-input\":{\"@type\":\"PropertyValueSpecification\",\"valueRequired\":true,\"valueName\":\"search_term_string\"}}],\"inLanguage\":\"tr\"},{\"@type\":\"Person\",\"@id\":\"https:\\\/\\\/haberkuzey.com\\\/#\\\/schema\\\/person\\\/3372109ec735f9333f4fa47ebb9605ca\",\"name\":\"haberkuzey\",\"image\":{\"@type\":\"ImageObject\",\"inLanguage\":\"tr\",\"@id\":\"https:\\\/\\\/secure.gravatar.com\\\/avatar\\\/f5fc875574b1575324358c3b9e6a32b8227aa5b74f3fa22e3cadb63e26fcc39c?s=96&d=mm&r=g\",\"url\":\"https:\\\/\\\/secure.gravatar.com\\\/avatar\\\/f5fc875574b1575324358c3b9e6a32b8227aa5b74f3fa22e3cadb63e26fcc39c?s=96&d=mm&r=g\",\"contentUrl\":\"https:\\\/\\\/secure.gravatar.com\\\/avatar\\\/f5fc875574b1575324358c3b9e6a32b8227aa5b74f3fa22e3cadb63e26fcc39c?s=96&d=mm&r=g\",\"caption\":\"haberkuzey\"},\"sameAs\":[\"https:\\\/\\\/haberkuzey.com\"],\"url\":\"https:\\\/\\\/haberkuzey.com\\\/index.php\\\/author\\\/haberkuzey\\\/\"}]}<\/script>\n<!-- \/ Yoast SEO plugin. -->","yoast_head_json":{"title":"UBP\u2019nin kurulu\u015f y\u0131l d\u00f6n\u00fcm\u00fc dolay\u0131s\u0131yla fidan dikildi - Haber Kuzey","robots":{"index":"index","follow":"follow","max-snippet":"max-snippet:-1","max-image-preview":"max-image-preview:large","max-video-preview":"max-video-preview:-1"},"canonical":"https:\/\/haberkuzey.com\/index.php\/2026\/05\/02\/ubpnin-kurulus-yil-donumu-dolayisiyla-fidan-dikildi\/","og_locale":"tr_TR","og_type":"article","og_title":"UBP\u2019nin kurulu\u015f y\u0131l d\u00f6n\u00fcm\u00fc dolay\u0131s\u0131yla fidan dikildi - Haber Kuzey","og_description":"Ulusal Birlik Partisi\u2019nin (UBP) 50. kurulu\u015f y\u0131l d\u00f6n\u00fcm\u00fc etkinlikleri kapsam\u0131nda; UBP Genel Ba\u015fkan\u0131 ve Ba\u015fbakan \u00dcnal \u00dcstel\u2019in himayelerinde, Lefko\u015fa \u0130l\u00e7e Ba\u015fkanl\u0131\u011f\u0131\u2019n\u0131n ev sahipli\u011finde, Gazima\u011fusa, Girne, \u0130skele, G\u00fczelyurt ve Lefke il\u00e7e ba\u015fkanl\u0131klar\u0131n\u0131n ortak organizasyonuyla \u201cFidan Dikimi \u015e\u00f6leni\u201d\u00a0 ger\u00e7ekle\u015ftirildi. UBP\u2019den yap\u0131lan a\u00e7\u0131klamaya g\u00f6re, do\u011faya nefes, gelece\u011fe umut olmak amac\u0131yla Lefko\u015fa\u2019da\u00a0 d\u00fczenlenen etkinli\u011fe; UBP Genel Sekreteri Ahmet Sava\u015fan, [&hellip;]","og_url":"https:\/\/haberkuzey.com\/index.php\/2026\/05\/02\/ubpnin-kurulus-yil-donumu-dolayisiyla-fidan-dikildi\/","og_site_name":"Haber Kuzey","article_published_time":"2026-05-02T13:32:49+00:00","article_modified_time":"2026-05-02T13:32:59+00:00","og_image":[{"width":1600,"height":1066,"url":"https:\/\/haberkuzey.com\/wp-content\/uploads\/2026\/05\/17777268982691i.jpg","type":"image\/jpeg"}],"author":"haberkuzey","twitter_card":"summary_large_image","twitter_misc":{"Yazan:":"haberkuzey","Tahmini okuma s\u00fcresi":"2 dakika"},"schema":{"@context":"https:\/\/schema.org","@graph":[{"@type":"Article","@id":"https:\/\/haberkuzey.com\/index.php\/2026\/05\/02\/ubpnin-kurulus-yil-donumu-dolayisiyla-fidan-dikildi\/#article","isPartOf":{"@id":"https:\/\/haberkuzey.com\/index.php\/2026\/05\/02\/ubpnin-kurulus-yil-donumu-dolayisiyla-fidan-dikildi\/"},"author":{"name":"haberkuzey","@id":"https:\/\/haberkuzey.com\/#\/schema\/person\/3372109ec735f9333f4fa47ebb9605ca"},"headline":"UBP\u2019nin kurulu\u015f y\u0131l d\u00f6n\u00fcm\u00fc dolay\u0131s\u0131yla fidan dikildi","datePublished":"2026-05-02T13:32:49+00:00","dateModified":"2026-05-02T13:32:59+00:00","mainEntityOfPage":{"@id":"https:\/\/haberkuzey.com\/index.php\/2026\/05\/02\/ubpnin-kurulus-yil-donumu-dolayisiyla-fidan-dikildi\/"},"wordCount":410,"commentCount":0,"image":{"@id":"https:\/\/haberkuzey.com\/index.php\/2026\/05\/02\/ubpnin-kurulus-yil-donumu-dolayisiyla-fidan-dikildi\/#primaryimage"},"thumbnailUrl":"https:\/\/haberkuzey.com\/wp-content\/uploads\/2026\/05\/17777268982691i.jpg","articleSection":["K\u0131br\u0131s"],"inLanguage":"tr","potentialAction":[{"@type":"CommentAction","name":"Comment","target":["https:\/\/haberkuzey.com\/index.php\/2026\/05\/02\/ubpnin-kurulus-yil-donumu-dolayisiyla-fidan-dikildi\/#respond"]}]},{"@type":"WebPage","@id":"https:\/\/haberkuzey.com\/index.php\/2026\/05\/02\/ubpnin-kurulus-yil-donumu-dolayisiyla-fidan-dikildi\/","url":"https:\/\/haberkuzey.com\/index.php\/2026\/05\/02\/ubpnin-kurulus-yil-donumu-dolayisiyla-fidan-dikildi\/","name":"UBP\u2019nin kurulu\u015f y\u0131l d\u00f6n\u00fcm\u00fc dolay\u0131s\u0131yla fidan dikildi - Haber Kuzey","isPartOf":{"@id":"https:\/\/haberkuzey.com\/#website"},"primaryImageOfPage":{"@id":"https:\/\/haberkuzey.com\/index.php\/2026\/05\/02\/ubpnin-kurulus-yil-donumu-dolayisiyla-fidan-dikildi\/#primaryimage"},"image":{"@id":"https:\/\/haberkuzey.com\/index.php\/2026\/05\/02\/ubpnin-kurulus-yil-donumu-dolayisiyla-fidan-dikildi\/#primaryimage"},"thumbnailUrl":"https:\/\/haberkuzey.com\/wp-content\/uploads\/2026\/05\/17777268982691i.jpg","datePublished":"2026-05-02T13:32:49+00:00","dateModified":"2026-05-02T13:32:59+00:00","author":{"@id":"https:\/\/haberkuzey.com\/#\/schema\/person\/3372109ec735f9333f4fa47ebb9605ca"},"breadcrumb":{"@id":"https:\/\/haberkuzey.com\/index.php\/2026\/05\/02\/ubpnin-kurulus-yil-donumu-dolayisiyla-fidan-dikildi\/#breadcrumb"},"inLanguage":"tr","potentialAction":[{"@type":"ReadAction","target":["https:\/\/haberkuzey.com\/index.php\/2026\/05\/02\/ubpnin-kurulus-yil-donumu-dolayisiyla-fidan-dikildi\/"]}]},{"@type":"ImageObject","inLanguage":"tr","@id":"https:\/\/haberkuzey.com\/index.php\/2026\/05\/02\/ubpnin-kurulus-yil-donumu-dolayisiyla-fidan-dikildi\/#primaryimage","url":"https:\/\/haberkuzey.com\/wp-content\/uploads\/2026\/05\/17777268982691i.jpg","contentUrl":"https:\/\/haberkuzey.com\/wp-content\/uploads\/2026\/05\/17777268982691i.jpg","width":1600,"height":1066},{"@type":"BreadcrumbList","@id":"https:\/\/haberkuzey.com\/index.php\/2026\/05\/02\/ubpnin-kurulus-yil-donumu-dolayisiyla-fidan-dikildi\/#breadcrumb","itemListElement":[{"@type":"ListItem","position":1,"name":"Anasayfa","item":"https:\/\/haberkuzey.com\/"},{"@type":"ListItem","position":2,"name":"UBP\u2019nin kurulu\u015f y\u0131l d\u00f6n\u00fcm\u00fc dolay\u0131s\u0131yla fidan dikildi"}]},{"@type":"WebSite","@id":"https:\/\/haberkuzey.com\/#website","url":"https:\/\/haberkuzey.com\/","name":"Haber Kuzey","description":"Do\u011fru Haberin Adresi","potentialAction":[{"@type":"SearchAction","target":{"@type":"EntryPoint","urlTemplate":"https:\/\/haberkuzey.com\/?s={search_term_string}"},"query-input":{"@type":"PropertyValueSpecification","valueRequired":true,"valueName":"search_term_string"}}],"inLanguage":"tr"},{"@type":"Person","@id":"https:\/\/haberkuzey.com\/#\/schema\/person\/3372109ec735f9333f4fa47ebb9605ca","name":"haberkuzey","image":{"@type":"ImageObject","inLanguage":"tr","@id":"https:\/\/secure.gravatar.com\/avatar\/f5fc875574b1575324358c3b9e6a32b8227aa5b74f3fa22e3cadb63e26fcc39c?s=96&d=mm&r=g","url":"https:\/\/secure.gravatar.com\/avatar\/f5fc875574b1575324358c3b9e6a32b8227aa5b74f3fa22e3cadb63e26fcc39c?s=96&d=mm&r=g","contentUrl":"https:\/\/secure.gravatar.com\/avatar\/f5fc875574b1575324358c3b9e6a32b8227aa5b74f3fa22e3cadb63e26fcc39c?s=96&d=mm&r=g","caption":"haberkuzey"},"sameAs":["https:\/\/haberkuzey.com"],"url":"https:\/\/haberkuzey.com\/index.php\/author\/haberkuzey\/"}]}},"_links":{"self":[{"href":"https:\/\/haberkuzey.com\/index.php\/wp-json\/wp\/v2\/posts\/37092","targetHints":{"allow":["GET"]}}],"collection":[{"href":"https:\/\/haberkuzey.com\/index.php\/wp-json\/wp\/v2\/posts"}],"about":[{"href":"https:\/\/haberkuzey.com\/index.php\/wp-json\/wp\/v2\/types\/post"}],"author":[{"embeddable":true,"href":"https:\/\/haberkuzey.com\/index.php\/wp-json\/wp\/v2\/users\/1"}],"replies":[{"embeddable":true,"href":"https:\/\/haberkuzey.com\/index.php\/wp-json\/wp\/v2\/comments?post=37092"}],"version-history":[{"count":1,"href":"https:\/\/haberkuzey.com\/index.php\/wp-json\/wp\/v2\/posts\/37092\/revisions"}],"predecessor-version":[{"id":37094,"href":"https:\/\/haberkuzey.com\/index.php\/wp-json\/wp\/v2\/posts\/37092\/revisions\/37094"}],"wp:featuredmedia":[{"embeddable":true,"href":"https:\/\/haberkuzey.com\/index.php\/wp-json\/wp\/v2\/media\/37093"}],"wp:attachment":[{"href":"https:\/\/haberkuzey.com\/index.php\/wp-json\/wp\/v2\/media?parent=37092"}],"wp:term":[{"taxonomy":"category","embeddable":true,"href":"https:\/\/haberkuzey.com\/index.php\/wp-json\/wp\/v2\/categories?post=37092"},{"taxonomy":"post_tag","embeddable":true,"href":"https:\/\/haberkuzey.com\/index.php\/wp-json\/wp\/v2\/tags?post=37092"}],"curies":[{"name":"wp","href":"https:\/\/api.w.org\/{rel}","templated":true}]}}