{"id":37085,"date":"2026-05-02T12:47:59","date_gmt":"2026-05-02T09:47:59","guid":{"rendered":"https:\/\/haberkuzey.com\/index.php\/2026\/05\/02\/girne-ve-gazimagusada-trafik-kazasi-alkollu-suruculer-tutuklandi\/"},"modified":"2026-05-02T12:48:09","modified_gmt":"2026-05-02T09:48:09","slug":"girne-ve-gazimagusada-trafik-kazasi-alkollu-suruculer-tutuklandi","status":"publish","type":"post","link":"https:\/\/haberkuzey.com\/index.php\/2026\/05\/02\/girne-ve-gazimagusada-trafik-kazasi-alkollu-suruculer-tutuklandi\/","title":{"rendered":"Girne ve Gazima\u011fusa\u2019da trafik kazas\u0131: Alkoll\u00fc s\u00fcr\u00fcc\u00fcler tutukland\u0131"},"content":{"rendered":"<p class=\"isSelectedEnd\">Girne ve Gazima\u011fusa\u2019da meydana gelen iki ayr\u0131 trafik kazas\u0131nda yaralanan olmazken, iki s\u00fcr\u00fcc\u00fc de tutukland\u0131.<\/p>\n<p class=\"isSelectedEnd\">Polis a\u00e7\u0131klamas\u0131na g\u00f6re, 2 May\u0131s 2026 tarihinde saat 00.50 s\u0131ralar\u0131nda Girne\u2019de Ziya R\u0131zk\u0131 Caddesi \u00fczerinde, Berkan Bi\u00e7er (E-35) 145 miligram alkoll\u00fc i\u00e7ki tesiri alt\u0131nda y\u00f6netimindeki UE 398 plakal\u0131 ara\u00e7 ile g\u00fcney istikametine do\u011fru seyretti\u011fi s\u0131rada, sa\u011fdan gelen ara\u00e7lara \u00f6ncelik hakk\u0131 vermeden Akp\u0131nar \u00c7emberi\u2019ne giri\u015f yapt\u0131. Bu s\u0131rada \u00e7ember i\u00e7erisinde do\u011fu istikametine do\u011fru seyreden Ay\u00e7a Beg\u00fcm Ba\u011fc\u0131 (K-26) y\u00f6netimindeki YB 426 plakal\u0131 ara\u00e7 ile \u00e7arp\u0131\u015ft\u0131. Kazada yaralanan olmazken, alkoll\u00fc s\u00fcr\u00fcc\u00fc tutukland\u0131.<\/p>\n<p class=\"isSelectedEnd\">Ayn\u0131 g\u00fcn saat 02.30 s\u0131ralar\u0131nda Gazima\u011fusa\u2019da Bahriyeli Sokak \u00fczerinde meydana gelen di\u011fer kazada ise, Erdem Akkaya (E-26) y\u00f6netimindeki LY 791 plakal\u0131 kamyon ara\u00e7 ile g\u00fcney istikametine do\u011fru seyretti\u011fi s\u0131rada dikkatsiz \u015fekilde d\u00f6n\u00fc\u015fe ge\u00e7ti. Bu esnada park halindeki JE 234 plakal\u0131 arac\u0131n sa\u011f arka k\u0131sm\u0131na \u00e7arpt\u0131.<\/p>\n<p class=\"isSelectedEnd\">\u00c7arpman\u0131n etkisiyle savrulan ara\u00e7, \u00f6n\u00fcnde park halinde bulunan JR 515 plakal\u0131 araca da \u00e7arparken, kamyon s\u00fcr\u00fcc\u00fcs\u00fc yoluna devam ederek Esmerim Sokak giri\u015finde park halindeki HA 420 plakal\u0131 araca da \u00e7arpt\u0131. Kazada yaralanan olmad\u0131.<\/p>\n<p class=\"isSelectedEnd\">Kamyon s\u00fcr\u00fcc\u00fcs\u00fc Erdem Akkaya\u2019n\u0131n s\u00fcr\u00fc\u015f ehliyeti s\u0131n\u0131f\u0131 d\u0131\u015f\u0131nda ve sigorta kapsamaks\u0131z\u0131n ara\u00e7 kullanarak kazaya neden oldu\u011fu tespit edilirken, zanl\u0131 tutukland\u0131.<\/p>\n<p>Her iki olayla ilgili soru\u015fturma devam ediyor.<\/p>\n","protected":false},"excerpt":{"rendered":"<p>Girne ve Gazima\u011fusa\u2019da meydana gelen iki ayr\u0131 trafik kazas\u0131nda yaralanan olmazken, iki s\u00fcr\u00fcc\u00fc de tutukland\u0131. Polis a\u00e7\u0131klamas\u0131na g\u00f6re, 2 May\u0131s 2026 tarihinde saat 00.50 s\u0131ralar\u0131nda Girne\u2019de Ziya R\u0131zk\u0131 Caddesi \u00fczerinde, Berkan Bi\u00e7er (E-35) 145 miligram alkoll\u00fc i\u00e7ki tesiri alt\u0131nda y\u00f6netimindeki UE 398 plakal\u0131 ara\u00e7 ile g\u00fcney istikametine do\u011fru seyretti\u011fi s\u0131rada, sa\u011fdan gelen ara\u00e7lara \u00f6ncelik hakk\u0131 [&hellip;]<\/p>\n","protected":false},"author":1,"featured_media":36417,"comment_status":"open","ping_status":"open","sticky":false,"template":"","format":"standard","meta":{"jnews-multi-image_gallery":[],"jnews_single_post":[],"jnews_primary_category":[],"footnotes":""},"categories":[1],"tags":[],"class_list":["post-37085","post","type-post","status-publish","format-standard","has-post-thumbnail","hentry","category-kibris"],"yoast_head":"<!-- This site is optimized with the Yoast SEO plugin v27.5 - https:\/\/yoast.com\/product\/yoast-seo-wordpress\/ -->\n<title>Girne ve Gazima\u011fusa\u2019da trafik kazas\u0131: Alkoll\u00fc s\u00fcr\u00fcc\u00fcler tutukland\u0131 - Haber Kuzey<\/title>\n<meta name=\"robots\" content=\"index, follow, max-snippet:-1, max-image-preview:large, max-video-preview:-1\" \/>\n<link rel=\"canonical\" href=\"https:\/\/haberkuzey.com\/index.php\/2026\/05\/02\/girne-ve-gazimagusada-trafik-kazasi-alkollu-suruculer-tutuklandi\/\" \/>\n<meta property=\"og:locale\" content=\"tr_TR\" \/>\n<meta property=\"og:type\" content=\"article\" \/>\n<meta property=\"og:title\" content=\"Girne ve Gazima\u011fusa\u2019da trafik kazas\u0131: Alkoll\u00fc s\u00fcr\u00fcc\u00fcler tutukland\u0131 - Haber Kuzey\" \/>\n<meta property=\"og:description\" content=\"Girne ve Gazima\u011fusa\u2019da meydana gelen iki ayr\u0131 trafik kazas\u0131nda yaralanan olmazken, iki s\u00fcr\u00fcc\u00fc de tutukland\u0131. Polis a\u00e7\u0131klamas\u0131na g\u00f6re, 2 May\u0131s 2026 tarihinde saat 00.50 s\u0131ralar\u0131nda Girne\u2019de Ziya R\u0131zk\u0131 Caddesi \u00fczerinde, Berkan Bi\u00e7er (E-35) 145 miligram alkoll\u00fc i\u00e7ki tesiri alt\u0131nda y\u00f6netimindeki UE 398 plakal\u0131 ara\u00e7 ile g\u00fcney istikametine do\u011fru seyretti\u011fi s\u0131rada, sa\u011fdan gelen ara\u00e7lara \u00f6ncelik hakk\u0131 [&hellip;]\" \/>\n<meta property=\"og:url\" content=\"https:\/\/haberkuzey.com\/index.php\/2026\/05\/02\/girne-ve-gazimagusada-trafik-kazasi-alkollu-suruculer-tutuklandi\/\" \/>\n<meta property=\"og:site_name\" content=\"Haber Kuzey\" \/>\n<meta property=\"article:published_time\" content=\"2026-05-02T09:47:59+00:00\" \/>\n<meta property=\"article:modified_time\" content=\"2026-05-02T09:48:09+00:00\" \/>\n<meta property=\"og:image\" content=\"https:\/\/haberkuzey.com\/wp-content\/uploads\/2026\/04\/v2trafikkazas_1743775709.webp\" \/>\n\t<meta property=\"og:image:width\" content=\"971\" \/>\n\t<meta property=\"og:image:height\" content=\"551\" \/>\n\t<meta property=\"og:image:type\" content=\"image\/webp\" \/>\n<meta name=\"author\" content=\"haberkuzey\" \/>\n<meta name=\"twitter:card\" content=\"summary_large_image\" \/>\n<meta name=\"twitter:label1\" content=\"Yazan:\" \/>\n\t<meta name=\"twitter:data1\" content=\"haberkuzey\" \/>\n\t<meta name=\"twitter:label2\" content=\"Tahmini okuma s\u00fcresi\" \/>\n\t<meta name=\"twitter:data2\" content=\"1 dakika\" \/>\n<script type=\"application\/ld+json\" class=\"yoast-schema-graph\">{\"@context\":\"https:\\\/\\\/schema.org\",\"@graph\":[{\"@type\":\"Article\",\"@id\":\"https:\\\/\\\/haberkuzey.com\\\/index.php\\\/2026\\\/05\\\/02\\\/girne-ve-gazimagusada-trafik-kazasi-alkollu-suruculer-tutuklandi\\\/#article\",\"isPartOf\":{\"@id\":\"https:\\\/\\\/haberkuzey.com\\\/index.php\\\/2026\\\/05\\\/02\\\/girne-ve-gazimagusada-trafik-kazasi-alkollu-suruculer-tutuklandi\\\/\"},\"author\":{\"name\":\"haberkuzey\",\"@id\":\"https:\\\/\\\/haberkuzey.com\\\/#\\\/schema\\\/person\\\/3372109ec735f9333f4fa47ebb9605ca\"},\"headline\":\"Girne ve Gazima\u011fusa\u2019da trafik kazas\u0131: Alkoll\u00fc s\u00fcr\u00fcc\u00fcler tutukland\u0131\",\"datePublished\":\"2026-05-02T09:47:59+00:00\",\"dateModified\":\"2026-05-02T09:48:09+00:00\",\"mainEntityOfPage\":{\"@id\":\"https:\\\/\\\/haberkuzey.com\\\/index.php\\\/2026\\\/05\\\/02\\\/girne-ve-gazimagusada-trafik-kazasi-alkollu-suruculer-tutuklandi\\\/\"},\"wordCount\":264,\"commentCount\":0,\"image\":{\"@id\":\"https:\\\/\\\/haberkuzey.com\\\/index.php\\\/2026\\\/05\\\/02\\\/girne-ve-gazimagusada-trafik-kazasi-alkollu-suruculer-tutuklandi\\\/#primaryimage\"},\"thumbnailUrl\":\"https:\\\/\\\/haberkuzey.com\\\/wp-content\\\/uploads\\\/2026\\\/04\\\/v2trafikkazas_1743775709.webp\",\"articleSection\":[\"K\u0131br\u0131s\"],\"inLanguage\":\"tr\",\"potentialAction\":[{\"@type\":\"CommentAction\",\"name\":\"Comment\",\"target\":[\"https:\\\/\\\/haberkuzey.com\\\/index.php\\\/2026\\\/05\\\/02\\\/girne-ve-gazimagusada-trafik-kazasi-alkollu-suruculer-tutuklandi\\\/#respond\"]}]},{\"@type\":\"WebPage\",\"@id\":\"https:\\\/\\\/haberkuzey.com\\\/index.php\\\/2026\\\/05\\\/02\\\/girne-ve-gazimagusada-trafik-kazasi-alkollu-suruculer-tutuklandi\\\/\",\"url\":\"https:\\\/\\\/haberkuzey.com\\\/index.php\\\/2026\\\/05\\\/02\\\/girne-ve-gazimagusada-trafik-kazasi-alkollu-suruculer-tutuklandi\\\/\",\"name\":\"Girne ve Gazima\u011fusa\u2019da trafik kazas\u0131: Alkoll\u00fc s\u00fcr\u00fcc\u00fcler tutukland\u0131 - Haber Kuzey\",\"isPartOf\":{\"@id\":\"https:\\\/\\\/haberkuzey.com\\\/#website\"},\"primaryImageOfPage\":{\"@id\":\"https:\\\/\\\/haberkuzey.com\\\/index.php\\\/2026\\\/05\\\/02\\\/girne-ve-gazimagusada-trafik-kazasi-alkollu-suruculer-tutuklandi\\\/#primaryimage\"},\"image\":{\"@id\":\"https:\\\/\\\/haberkuzey.com\\\/index.php\\\/2026\\\/05\\\/02\\\/girne-ve-gazimagusada-trafik-kazasi-alkollu-suruculer-tutuklandi\\\/#primaryimage\"},\"thumbnailUrl\":\"https:\\\/\\\/haberkuzey.com\\\/wp-content\\\/uploads\\\/2026\\\/04\\\/v2trafikkazas_1743775709.webp\",\"datePublished\":\"2026-05-02T09:47:59+00:00\",\"dateModified\":\"2026-05-02T09:48:09+00:00\",\"author\":{\"@id\":\"https:\\\/\\\/haberkuzey.com\\\/#\\\/schema\\\/person\\\/3372109ec735f9333f4fa47ebb9605ca\"},\"breadcrumb\":{\"@id\":\"https:\\\/\\\/haberkuzey.com\\\/index.php\\\/2026\\\/05\\\/02\\\/girne-ve-gazimagusada-trafik-kazasi-alkollu-suruculer-tutuklandi\\\/#breadcrumb\"},\"inLanguage\":\"tr\",\"potentialAction\":[{\"@type\":\"ReadAction\",\"target\":[\"https:\\\/\\\/haberkuzey.com\\\/index.php\\\/2026\\\/05\\\/02\\\/girne-ve-gazimagusada-trafik-kazasi-alkollu-suruculer-tutuklandi\\\/\"]}]},{\"@type\":\"ImageObject\",\"inLanguage\":\"tr\",\"@id\":\"https:\\\/\\\/haberkuzey.com\\\/index.php\\\/2026\\\/05\\\/02\\\/girne-ve-gazimagusada-trafik-kazasi-alkollu-suruculer-tutuklandi\\\/#primaryimage\",\"url\":\"https:\\\/\\\/haberkuzey.com\\\/wp-content\\\/uploads\\\/2026\\\/04\\\/v2trafikkazas_1743775709.webp\",\"contentUrl\":\"https:\\\/\\\/haberkuzey.com\\\/wp-content\\\/uploads\\\/2026\\\/04\\\/v2trafikkazas_1743775709.webp\",\"width\":971,\"height\":551},{\"@type\":\"BreadcrumbList\",\"@id\":\"https:\\\/\\\/haberkuzey.com\\\/index.php\\\/2026\\\/05\\\/02\\\/girne-ve-gazimagusada-trafik-kazasi-alkollu-suruculer-tutuklandi\\\/#breadcrumb\",\"itemListElement\":[{\"@type\":\"ListItem\",\"position\":1,\"name\":\"Anasayfa\",\"item\":\"https:\\\/\\\/haberkuzey.com\\\/\"},{\"@type\":\"ListItem\",\"position\":2,\"name\":\"Girne ve Gazima\u011fusa\u2019da trafik kazas\u0131: Alkoll\u00fc s\u00fcr\u00fcc\u00fcler tutukland\u0131\"}]},{\"@type\":\"WebSite\",\"@id\":\"https:\\\/\\\/haberkuzey.com\\\/#website\",\"url\":\"https:\\\/\\\/haberkuzey.com\\\/\",\"name\":\"Haber Kuzey\",\"description\":\"Do\u011fru Haberin Adresi\",\"potentialAction\":[{\"@type\":\"SearchAction\",\"target\":{\"@type\":\"EntryPoint\",\"urlTemplate\":\"https:\\\/\\\/haberkuzey.com\\\/?s={search_term_string}\"},\"query-input\":{\"@type\":\"PropertyValueSpecification\",\"valueRequired\":true,\"valueName\":\"search_term_string\"}}],\"inLanguage\":\"tr\"},{\"@type\":\"Person\",\"@id\":\"https:\\\/\\\/haberkuzey.com\\\/#\\\/schema\\\/person\\\/3372109ec735f9333f4fa47ebb9605ca\",\"name\":\"haberkuzey\",\"image\":{\"@type\":\"ImageObject\",\"inLanguage\":\"tr\",\"@id\":\"https:\\\/\\\/secure.gravatar.com\\\/avatar\\\/f5fc875574b1575324358c3b9e6a32b8227aa5b74f3fa22e3cadb63e26fcc39c?s=96&d=mm&r=g\",\"url\":\"https:\\\/\\\/secure.gravatar.com\\\/avatar\\\/f5fc875574b1575324358c3b9e6a32b8227aa5b74f3fa22e3cadb63e26fcc39c?s=96&d=mm&r=g\",\"contentUrl\":\"https:\\\/\\\/secure.gravatar.com\\\/avatar\\\/f5fc875574b1575324358c3b9e6a32b8227aa5b74f3fa22e3cadb63e26fcc39c?s=96&d=mm&r=g\",\"caption\":\"haberkuzey\"},\"sameAs\":[\"https:\\\/\\\/haberkuzey.com\"],\"url\":\"https:\\\/\\\/haberkuzey.com\\\/index.php\\\/author\\\/haberkuzey\\\/\"}]}<\/script>\n<!-- \/ Yoast SEO plugin. -->","yoast_head_json":{"title":"Girne ve Gazima\u011fusa\u2019da trafik kazas\u0131: Alkoll\u00fc s\u00fcr\u00fcc\u00fcler tutukland\u0131 - Haber Kuzey","robots":{"index":"index","follow":"follow","max-snippet":"max-snippet:-1","max-image-preview":"max-image-preview:large","max-video-preview":"max-video-preview:-1"},"canonical":"https:\/\/haberkuzey.com\/index.php\/2026\/05\/02\/girne-ve-gazimagusada-trafik-kazasi-alkollu-suruculer-tutuklandi\/","og_locale":"tr_TR","og_type":"article","og_title":"Girne ve Gazima\u011fusa\u2019da trafik kazas\u0131: Alkoll\u00fc s\u00fcr\u00fcc\u00fcler tutukland\u0131 - Haber Kuzey","og_description":"Girne ve Gazima\u011fusa\u2019da meydana gelen iki ayr\u0131 trafik kazas\u0131nda yaralanan olmazken, iki s\u00fcr\u00fcc\u00fc de tutukland\u0131. Polis a\u00e7\u0131klamas\u0131na g\u00f6re, 2 May\u0131s 2026 tarihinde saat 00.50 s\u0131ralar\u0131nda Girne\u2019de Ziya R\u0131zk\u0131 Caddesi \u00fczerinde, Berkan Bi\u00e7er (E-35) 145 miligram alkoll\u00fc i\u00e7ki tesiri alt\u0131nda y\u00f6netimindeki UE 398 plakal\u0131 ara\u00e7 ile g\u00fcney istikametine do\u011fru seyretti\u011fi s\u0131rada, sa\u011fdan gelen ara\u00e7lara \u00f6ncelik hakk\u0131 [&hellip;]","og_url":"https:\/\/haberkuzey.com\/index.php\/2026\/05\/02\/girne-ve-gazimagusada-trafik-kazasi-alkollu-suruculer-tutuklandi\/","og_site_name":"Haber Kuzey","article_published_time":"2026-05-02T09:47:59+00:00","article_modified_time":"2026-05-02T09:48:09+00:00","og_image":[{"width":971,"height":551,"url":"https:\/\/haberkuzey.com\/wp-content\/uploads\/2026\/04\/v2trafikkazas_1743775709.webp","type":"image\/webp"}],"author":"haberkuzey","twitter_card":"summary_large_image","twitter_misc":{"Yazan:":"haberkuzey","Tahmini okuma s\u00fcresi":"1 dakika"},"schema":{"@context":"https:\/\/schema.org","@graph":[{"@type":"Article","@id":"https:\/\/haberkuzey.com\/index.php\/2026\/05\/02\/girne-ve-gazimagusada-trafik-kazasi-alkollu-suruculer-tutuklandi\/#article","isPartOf":{"@id":"https:\/\/haberkuzey.com\/index.php\/2026\/05\/02\/girne-ve-gazimagusada-trafik-kazasi-alkollu-suruculer-tutuklandi\/"},"author":{"name":"haberkuzey","@id":"https:\/\/haberkuzey.com\/#\/schema\/person\/3372109ec735f9333f4fa47ebb9605ca"},"headline":"Girne ve Gazima\u011fusa\u2019da trafik kazas\u0131: Alkoll\u00fc s\u00fcr\u00fcc\u00fcler tutukland\u0131","datePublished":"2026-05-02T09:47:59+00:00","dateModified":"2026-05-02T09:48:09+00:00","mainEntityOfPage":{"@id":"https:\/\/haberkuzey.com\/index.php\/2026\/05\/02\/girne-ve-gazimagusada-trafik-kazasi-alkollu-suruculer-tutuklandi\/"},"wordCount":264,"commentCount":0,"image":{"@id":"https:\/\/haberkuzey.com\/index.php\/2026\/05\/02\/girne-ve-gazimagusada-trafik-kazasi-alkollu-suruculer-tutuklandi\/#primaryimage"},"thumbnailUrl":"https:\/\/haberkuzey.com\/wp-content\/uploads\/2026\/04\/v2trafikkazas_1743775709.webp","articleSection":["K\u0131br\u0131s"],"inLanguage":"tr","potentialAction":[{"@type":"CommentAction","name":"Comment","target":["https:\/\/haberkuzey.com\/index.php\/2026\/05\/02\/girne-ve-gazimagusada-trafik-kazasi-alkollu-suruculer-tutuklandi\/#respond"]}]},{"@type":"WebPage","@id":"https:\/\/haberkuzey.com\/index.php\/2026\/05\/02\/girne-ve-gazimagusada-trafik-kazasi-alkollu-suruculer-tutuklandi\/","url":"https:\/\/haberkuzey.com\/index.php\/2026\/05\/02\/girne-ve-gazimagusada-trafik-kazasi-alkollu-suruculer-tutuklandi\/","name":"Girne ve Gazima\u011fusa\u2019da trafik kazas\u0131: Alkoll\u00fc s\u00fcr\u00fcc\u00fcler tutukland\u0131 - Haber Kuzey","isPartOf":{"@id":"https:\/\/haberkuzey.com\/#website"},"primaryImageOfPage":{"@id":"https:\/\/haberkuzey.com\/index.php\/2026\/05\/02\/girne-ve-gazimagusada-trafik-kazasi-alkollu-suruculer-tutuklandi\/#primaryimage"},"image":{"@id":"https:\/\/haberkuzey.com\/index.php\/2026\/05\/02\/girne-ve-gazimagusada-trafik-kazasi-alkollu-suruculer-tutuklandi\/#primaryimage"},"thumbnailUrl":"https:\/\/haberkuzey.com\/wp-content\/uploads\/2026\/04\/v2trafikkazas_1743775709.webp","datePublished":"2026-05-02T09:47:59+00:00","dateModified":"2026-05-02T09:48:09+00:00","author":{"@id":"https:\/\/haberkuzey.com\/#\/schema\/person\/3372109ec735f9333f4fa47ebb9605ca"},"breadcrumb":{"@id":"https:\/\/haberkuzey.com\/index.php\/2026\/05\/02\/girne-ve-gazimagusada-trafik-kazasi-alkollu-suruculer-tutuklandi\/#breadcrumb"},"inLanguage":"tr","potentialAction":[{"@type":"ReadAction","target":["https:\/\/haberkuzey.com\/index.php\/2026\/05\/02\/girne-ve-gazimagusada-trafik-kazasi-alkollu-suruculer-tutuklandi\/"]}]},{"@type":"ImageObject","inLanguage":"tr","@id":"https:\/\/haberkuzey.com\/index.php\/2026\/05\/02\/girne-ve-gazimagusada-trafik-kazasi-alkollu-suruculer-tutuklandi\/#primaryimage","url":"https:\/\/haberkuzey.com\/wp-content\/uploads\/2026\/04\/v2trafikkazas_1743775709.webp","contentUrl":"https:\/\/haberkuzey.com\/wp-content\/uploads\/2026\/04\/v2trafikkazas_1743775709.webp","width":971,"height":551},{"@type":"BreadcrumbList","@id":"https:\/\/haberkuzey.com\/index.php\/2026\/05\/02\/girne-ve-gazimagusada-trafik-kazasi-alkollu-suruculer-tutuklandi\/#breadcrumb","itemListElement":[{"@type":"ListItem","position":1,"name":"Anasayfa","item":"https:\/\/haberkuzey.com\/"},{"@type":"ListItem","position":2,"name":"Girne ve Gazima\u011fusa\u2019da trafik kazas\u0131: Alkoll\u00fc s\u00fcr\u00fcc\u00fcler tutukland\u0131"}]},{"@type":"WebSite","@id":"https:\/\/haberkuzey.com\/#website","url":"https:\/\/haberkuzey.com\/","name":"Haber Kuzey","description":"Do\u011fru Haberin Adresi","potentialAction":[{"@type":"SearchAction","target":{"@type":"EntryPoint","urlTemplate":"https:\/\/haberkuzey.com\/?s={search_term_string}"},"query-input":{"@type":"PropertyValueSpecification","valueRequired":true,"valueName":"search_term_string"}}],"inLanguage":"tr"},{"@type":"Person","@id":"https:\/\/haberkuzey.com\/#\/schema\/person\/3372109ec735f9333f4fa47ebb9605ca","name":"haberkuzey","image":{"@type":"ImageObject","inLanguage":"tr","@id":"https:\/\/secure.gravatar.com\/avatar\/f5fc875574b1575324358c3b9e6a32b8227aa5b74f3fa22e3cadb63e26fcc39c?s=96&d=mm&r=g","url":"https:\/\/secure.gravatar.com\/avatar\/f5fc875574b1575324358c3b9e6a32b8227aa5b74f3fa22e3cadb63e26fcc39c?s=96&d=mm&r=g","contentUrl":"https:\/\/secure.gravatar.com\/avatar\/f5fc875574b1575324358c3b9e6a32b8227aa5b74f3fa22e3cadb63e26fcc39c?s=96&d=mm&r=g","caption":"haberkuzey"},"sameAs":["https:\/\/haberkuzey.com"],"url":"https:\/\/haberkuzey.com\/index.php\/author\/haberkuzey\/"}]}},"_links":{"self":[{"href":"https:\/\/haberkuzey.com\/index.php\/wp-json\/wp\/v2\/posts\/37085","targetHints":{"allow":["GET"]}}],"collection":[{"href":"https:\/\/haberkuzey.com\/index.php\/wp-json\/wp\/v2\/posts"}],"about":[{"href":"https:\/\/haberkuzey.com\/index.php\/wp-json\/wp\/v2\/types\/post"}],"author":[{"embeddable":true,"href":"https:\/\/haberkuzey.com\/index.php\/wp-json\/wp\/v2\/users\/1"}],"replies":[{"embeddable":true,"href":"https:\/\/haberkuzey.com\/index.php\/wp-json\/wp\/v2\/comments?post=37085"}],"version-history":[{"count":1,"href":"https:\/\/haberkuzey.com\/index.php\/wp-json\/wp\/v2\/posts\/37085\/revisions"}],"predecessor-version":[{"id":37086,"href":"https:\/\/haberkuzey.com\/index.php\/wp-json\/wp\/v2\/posts\/37085\/revisions\/37086"}],"wp:featuredmedia":[{"embeddable":true,"href":"https:\/\/haberkuzey.com\/index.php\/wp-json\/wp\/v2\/media\/36417"}],"wp:attachment":[{"href":"https:\/\/haberkuzey.com\/index.php\/wp-json\/wp\/v2\/media?parent=37085"}],"wp:term":[{"taxonomy":"category","embeddable":true,"href":"https:\/\/haberkuzey.com\/index.php\/wp-json\/wp\/v2\/categories?post=37085"},{"taxonomy":"post_tag","embeddable":true,"href":"https:\/\/haberkuzey.com\/index.php\/wp-json\/wp\/v2\/tags?post=37085"}],"curies":[{"name":"wp","href":"https:\/\/api.w.org\/{rel}","templated":true}]}}