{"id":37082,"date":"2026-05-02T12:42:10","date_gmt":"2026-05-02T09:42:10","guid":{"rendered":"https:\/\/haberkuzey.com\/index.php\/2026\/05\/02\/lefkosada-ani-olum-48-yasindaki-yasamini-yitirdi\/"},"modified":"2026-05-02T12:42:22","modified_gmt":"2026-05-02T09:42:22","slug":"lefkosada-ani-olum-48-yasindaki-yasamini-yitirdi","status":"publish","type":"post","link":"https:\/\/haberkuzey.com\/index.php\/2026\/05\/02\/lefkosada-ani-olum-48-yasindaki-yasamini-yitirdi\/","title":{"rendered":"Lefko\u015fa\u2019da ani \u00f6l\u00fcm: 48 ya\u015f\u0131ndaki ya\u015fam\u0131n\u0131 yitirdi"},"content":{"rendered":"<p class=\"isSelectedEnd\">Lefko\u015fa\u2019da sakin Yusuf Keskin (E-48), d\u00fcn saat 11.00 s\u0131ralar\u0131nda kalmakta oldu\u011fu ikametgah i\u00e7erisinde aniden rahats\u0131zlanarak ya\u015fam\u0131n\u0131 yitirdi.<\/p>\n<p class=\"isSelectedEnd\">Ad\u0131 edilenin cans\u0131z bedeni \u00fczerinde g\u00f6revli doktor taraf\u0131ndan yap\u0131lan fiziki muayenede darp veya cebir izine rastlanmad\u0131.<\/p>\n<p>Keskin\u2019in \u00f6l\u00fcm sebebinin yap\u0131lacak otopsi sonucunda tespit edilece\u011fi belirtilirken, soru\u015fturman\u0131n devam etti\u011fi bildirildi.<\/p>\n","protected":false},"excerpt":{"rendered":"<p>Lefko\u015fa\u2019da sakin Yusuf Keskin (E-48), d\u00fcn saat 11.00 s\u0131ralar\u0131nda kalmakta oldu\u011fu ikametgah i\u00e7erisinde aniden rahats\u0131zlanarak ya\u015fam\u0131n\u0131 yitirdi. Ad\u0131 edilenin cans\u0131z bedeni \u00fczerinde g\u00f6revli doktor taraf\u0131ndan yap\u0131lan fiziki muayenede darp veya cebir izine rastlanmad\u0131. Keskin\u2019in \u00f6l\u00fcm sebebinin yap\u0131lacak otopsi sonucunda tespit edilece\u011fi belirtilirken, soru\u015fturman\u0131n devam etti\u011fi bildirildi.<\/p>\n","protected":false},"author":1,"featured_media":37083,"comment_status":"open","ping_status":"open","sticky":false,"template":"","format":"standard","meta":{"jnews-multi-image_gallery":[],"jnews_single_post":[],"jnews_primary_category":[],"footnotes":""},"categories":[1],"tags":[],"class_list":["post-37082","post","type-post","status-publish","format-standard","has-post-thumbnail","hentry","category-kibris"],"yoast_head":"<!-- This site is optimized with the Yoast SEO plugin v27.5 - https:\/\/yoast.com\/product\/yoast-seo-wordpress\/ -->\n<title>Lefko\u015fa\u2019da ani \u00f6l\u00fcm: 48 ya\u015f\u0131ndaki ya\u015fam\u0131n\u0131 yitirdi - Haber Kuzey<\/title>\n<meta name=\"robots\" content=\"index, follow, max-snippet:-1, max-image-preview:large, max-video-preview:-1\" \/>\n<link rel=\"canonical\" href=\"https:\/\/haberkuzey.com\/index.php\/2026\/05\/02\/lefkosada-ani-olum-48-yasindaki-yasamini-yitirdi\/\" \/>\n<meta property=\"og:locale\" content=\"tr_TR\" \/>\n<meta property=\"og:type\" content=\"article\" \/>\n<meta property=\"og:title\" content=\"Lefko\u015fa\u2019da ani \u00f6l\u00fcm: 48 ya\u015f\u0131ndaki ya\u015fam\u0131n\u0131 yitirdi - Haber Kuzey\" \/>\n<meta property=\"og:description\" content=\"Lefko\u015fa\u2019da sakin Yusuf Keskin (E-48), d\u00fcn saat 11.00 s\u0131ralar\u0131nda kalmakta oldu\u011fu ikametgah i\u00e7erisinde aniden rahats\u0131zlanarak ya\u015fam\u0131n\u0131 yitirdi. Ad\u0131 edilenin cans\u0131z bedeni \u00fczerinde g\u00f6revli doktor taraf\u0131ndan yap\u0131lan fiziki muayenede darp veya cebir izine rastlanmad\u0131. Keskin\u2019in \u00f6l\u00fcm sebebinin yap\u0131lacak otopsi sonucunda tespit edilece\u011fi belirtilirken, soru\u015fturman\u0131n devam etti\u011fi bildirildi.\" \/>\n<meta property=\"og:url\" content=\"https:\/\/haberkuzey.com\/index.php\/2026\/05\/02\/lefkosada-ani-olum-48-yasindaki-yasamini-yitirdi\/\" \/>\n<meta property=\"og:site_name\" content=\"Haber Kuzey\" \/>\n<meta property=\"article:published_time\" content=\"2026-05-02T09:42:10+00:00\" \/>\n<meta property=\"article:modified_time\" content=\"2026-05-02T09:42:22+00:00\" \/>\n<meta property=\"og:image\" content=\"https:\/\/haberkuzey.com\/wp-content\/uploads\/2026\/05\/ambulans.jpeg\" \/>\n\t<meta property=\"og:image:width\" content=\"606\" \/>\n\t<meta property=\"og:image:height\" content=\"340\" \/>\n\t<meta property=\"og:image:type\" content=\"image\/jpeg\" \/>\n<meta name=\"author\" content=\"haberkuzey\" \/>\n<meta name=\"twitter:card\" content=\"summary_large_image\" \/>\n<meta name=\"twitter:label1\" content=\"Yazan:\" \/>\n\t<meta name=\"twitter:data1\" content=\"haberkuzey\" \/>\n<script type=\"application\/ld+json\" class=\"yoast-schema-graph\">{\"@context\":\"https:\\\/\\\/schema.org\",\"@graph\":[{\"@type\":\"Article\",\"@id\":\"https:\\\/\\\/haberkuzey.com\\\/index.php\\\/2026\\\/05\\\/02\\\/lefkosada-ani-olum-48-yasindaki-yasamini-yitirdi\\\/#article\",\"isPartOf\":{\"@id\":\"https:\\\/\\\/haberkuzey.com\\\/index.php\\\/2026\\\/05\\\/02\\\/lefkosada-ani-olum-48-yasindaki-yasamini-yitirdi\\\/\"},\"author\":{\"name\":\"haberkuzey\",\"@id\":\"https:\\\/\\\/haberkuzey.com\\\/#\\\/schema\\\/person\\\/3372109ec735f9333f4fa47ebb9605ca\"},\"headline\":\"Lefko\u015fa\u2019da ani \u00f6l\u00fcm: 48 ya\u015f\u0131ndaki ya\u015fam\u0131n\u0131 yitirdi\",\"datePublished\":\"2026-05-02T09:42:10+00:00\",\"dateModified\":\"2026-05-02T09:42:22+00:00\",\"mainEntityOfPage\":{\"@id\":\"https:\\\/\\\/haberkuzey.com\\\/index.php\\\/2026\\\/05\\\/02\\\/lefkosada-ani-olum-48-yasindaki-yasamini-yitirdi\\\/\"},\"wordCount\":78,\"commentCount\":0,\"image\":{\"@id\":\"https:\\\/\\\/haberkuzey.com\\\/index.php\\\/2026\\\/05\\\/02\\\/lefkosada-ani-olum-48-yasindaki-yasamini-yitirdi\\\/#primaryimage\"},\"thumbnailUrl\":\"https:\\\/\\\/haberkuzey.com\\\/wp-content\\\/uploads\\\/2026\\\/05\\\/ambulans.jpeg\",\"articleSection\":[\"K\u0131br\u0131s\"],\"inLanguage\":\"tr\",\"potentialAction\":[{\"@type\":\"CommentAction\",\"name\":\"Comment\",\"target\":[\"https:\\\/\\\/haberkuzey.com\\\/index.php\\\/2026\\\/05\\\/02\\\/lefkosada-ani-olum-48-yasindaki-yasamini-yitirdi\\\/#respond\"]}]},{\"@type\":\"WebPage\",\"@id\":\"https:\\\/\\\/haberkuzey.com\\\/index.php\\\/2026\\\/05\\\/02\\\/lefkosada-ani-olum-48-yasindaki-yasamini-yitirdi\\\/\",\"url\":\"https:\\\/\\\/haberkuzey.com\\\/index.php\\\/2026\\\/05\\\/02\\\/lefkosada-ani-olum-48-yasindaki-yasamini-yitirdi\\\/\",\"name\":\"Lefko\u015fa\u2019da ani \u00f6l\u00fcm: 48 ya\u015f\u0131ndaki ya\u015fam\u0131n\u0131 yitirdi - Haber Kuzey\",\"isPartOf\":{\"@id\":\"https:\\\/\\\/haberkuzey.com\\\/#website\"},\"primaryImageOfPage\":{\"@id\":\"https:\\\/\\\/haberkuzey.com\\\/index.php\\\/2026\\\/05\\\/02\\\/lefkosada-ani-olum-48-yasindaki-yasamini-yitirdi\\\/#primaryimage\"},\"image\":{\"@id\":\"https:\\\/\\\/haberkuzey.com\\\/index.php\\\/2026\\\/05\\\/02\\\/lefkosada-ani-olum-48-yasindaki-yasamini-yitirdi\\\/#primaryimage\"},\"thumbnailUrl\":\"https:\\\/\\\/haberkuzey.com\\\/wp-content\\\/uploads\\\/2026\\\/05\\\/ambulans.jpeg\",\"datePublished\":\"2026-05-02T09:42:10+00:00\",\"dateModified\":\"2026-05-02T09:42:22+00:00\",\"author\":{\"@id\":\"https:\\\/\\\/haberkuzey.com\\\/#\\\/schema\\\/person\\\/3372109ec735f9333f4fa47ebb9605ca\"},\"breadcrumb\":{\"@id\":\"https:\\\/\\\/haberkuzey.com\\\/index.php\\\/2026\\\/05\\\/02\\\/lefkosada-ani-olum-48-yasindaki-yasamini-yitirdi\\\/#breadcrumb\"},\"inLanguage\":\"tr\",\"potentialAction\":[{\"@type\":\"ReadAction\",\"target\":[\"https:\\\/\\\/haberkuzey.com\\\/index.php\\\/2026\\\/05\\\/02\\\/lefkosada-ani-olum-48-yasindaki-yasamini-yitirdi\\\/\"]}]},{\"@type\":\"ImageObject\",\"inLanguage\":\"tr\",\"@id\":\"https:\\\/\\\/haberkuzey.com\\\/index.php\\\/2026\\\/05\\\/02\\\/lefkosada-ani-olum-48-yasindaki-yasamini-yitirdi\\\/#primaryimage\",\"url\":\"https:\\\/\\\/haberkuzey.com\\\/wp-content\\\/uploads\\\/2026\\\/05\\\/ambulans.jpeg\",\"contentUrl\":\"https:\\\/\\\/haberkuzey.com\\\/wp-content\\\/uploads\\\/2026\\\/05\\\/ambulans.jpeg\",\"width\":606,\"height\":340},{\"@type\":\"BreadcrumbList\",\"@id\":\"https:\\\/\\\/haberkuzey.com\\\/index.php\\\/2026\\\/05\\\/02\\\/lefkosada-ani-olum-48-yasindaki-yasamini-yitirdi\\\/#breadcrumb\",\"itemListElement\":[{\"@type\":\"ListItem\",\"position\":1,\"name\":\"Anasayfa\",\"item\":\"https:\\\/\\\/haberkuzey.com\\\/\"},{\"@type\":\"ListItem\",\"position\":2,\"name\":\"Lefko\u015fa\u2019da ani \u00f6l\u00fcm: 48 ya\u015f\u0131ndaki ya\u015fam\u0131n\u0131 yitirdi\"}]},{\"@type\":\"WebSite\",\"@id\":\"https:\\\/\\\/haberkuzey.com\\\/#website\",\"url\":\"https:\\\/\\\/haberkuzey.com\\\/\",\"name\":\"Haber Kuzey\",\"description\":\"Do\u011fru Haberin Adresi\",\"potentialAction\":[{\"@type\":\"SearchAction\",\"target\":{\"@type\":\"EntryPoint\",\"urlTemplate\":\"https:\\\/\\\/haberkuzey.com\\\/?s={search_term_string}\"},\"query-input\":{\"@type\":\"PropertyValueSpecification\",\"valueRequired\":true,\"valueName\":\"search_term_string\"}}],\"inLanguage\":\"tr\"},{\"@type\":\"Person\",\"@id\":\"https:\\\/\\\/haberkuzey.com\\\/#\\\/schema\\\/person\\\/3372109ec735f9333f4fa47ebb9605ca\",\"name\":\"haberkuzey\",\"image\":{\"@type\":\"ImageObject\",\"inLanguage\":\"tr\",\"@id\":\"https:\\\/\\\/secure.gravatar.com\\\/avatar\\\/f5fc875574b1575324358c3b9e6a32b8227aa5b74f3fa22e3cadb63e26fcc39c?s=96&d=mm&r=g\",\"url\":\"https:\\\/\\\/secure.gravatar.com\\\/avatar\\\/f5fc875574b1575324358c3b9e6a32b8227aa5b74f3fa22e3cadb63e26fcc39c?s=96&d=mm&r=g\",\"contentUrl\":\"https:\\\/\\\/secure.gravatar.com\\\/avatar\\\/f5fc875574b1575324358c3b9e6a32b8227aa5b74f3fa22e3cadb63e26fcc39c?s=96&d=mm&r=g\",\"caption\":\"haberkuzey\"},\"sameAs\":[\"https:\\\/\\\/haberkuzey.com\"],\"url\":\"https:\\\/\\\/haberkuzey.com\\\/index.php\\\/author\\\/haberkuzey\\\/\"}]}<\/script>\n<!-- \/ Yoast SEO plugin. -->","yoast_head_json":{"title":"Lefko\u015fa\u2019da ani \u00f6l\u00fcm: 48 ya\u015f\u0131ndaki ya\u015fam\u0131n\u0131 yitirdi - Haber Kuzey","robots":{"index":"index","follow":"follow","max-snippet":"max-snippet:-1","max-image-preview":"max-image-preview:large","max-video-preview":"max-video-preview:-1"},"canonical":"https:\/\/haberkuzey.com\/index.php\/2026\/05\/02\/lefkosada-ani-olum-48-yasindaki-yasamini-yitirdi\/","og_locale":"tr_TR","og_type":"article","og_title":"Lefko\u015fa\u2019da ani \u00f6l\u00fcm: 48 ya\u015f\u0131ndaki ya\u015fam\u0131n\u0131 yitirdi - Haber Kuzey","og_description":"Lefko\u015fa\u2019da sakin Yusuf Keskin (E-48), d\u00fcn saat 11.00 s\u0131ralar\u0131nda kalmakta oldu\u011fu ikametgah i\u00e7erisinde aniden rahats\u0131zlanarak ya\u015fam\u0131n\u0131 yitirdi. Ad\u0131 edilenin cans\u0131z bedeni \u00fczerinde g\u00f6revli doktor taraf\u0131ndan yap\u0131lan fiziki muayenede darp veya cebir izine rastlanmad\u0131. Keskin\u2019in \u00f6l\u00fcm sebebinin yap\u0131lacak otopsi sonucunda tespit edilece\u011fi belirtilirken, soru\u015fturman\u0131n devam etti\u011fi bildirildi.","og_url":"https:\/\/haberkuzey.com\/index.php\/2026\/05\/02\/lefkosada-ani-olum-48-yasindaki-yasamini-yitirdi\/","og_site_name":"Haber Kuzey","article_published_time":"2026-05-02T09:42:10+00:00","article_modified_time":"2026-05-02T09:42:22+00:00","og_image":[{"width":606,"height":340,"url":"https:\/\/haberkuzey.com\/wp-content\/uploads\/2026\/05\/ambulans.jpeg","type":"image\/jpeg"}],"author":"haberkuzey","twitter_card":"summary_large_image","twitter_misc":{"Yazan:":"haberkuzey"},"schema":{"@context":"https:\/\/schema.org","@graph":[{"@type":"Article","@id":"https:\/\/haberkuzey.com\/index.php\/2026\/05\/02\/lefkosada-ani-olum-48-yasindaki-yasamini-yitirdi\/#article","isPartOf":{"@id":"https:\/\/haberkuzey.com\/index.php\/2026\/05\/02\/lefkosada-ani-olum-48-yasindaki-yasamini-yitirdi\/"},"author":{"name":"haberkuzey","@id":"https:\/\/haberkuzey.com\/#\/schema\/person\/3372109ec735f9333f4fa47ebb9605ca"},"headline":"Lefko\u015fa\u2019da ani \u00f6l\u00fcm: 48 ya\u015f\u0131ndaki ya\u015fam\u0131n\u0131 yitirdi","datePublished":"2026-05-02T09:42:10+00:00","dateModified":"2026-05-02T09:42:22+00:00","mainEntityOfPage":{"@id":"https:\/\/haberkuzey.com\/index.php\/2026\/05\/02\/lefkosada-ani-olum-48-yasindaki-yasamini-yitirdi\/"},"wordCount":78,"commentCount":0,"image":{"@id":"https:\/\/haberkuzey.com\/index.php\/2026\/05\/02\/lefkosada-ani-olum-48-yasindaki-yasamini-yitirdi\/#primaryimage"},"thumbnailUrl":"https:\/\/haberkuzey.com\/wp-content\/uploads\/2026\/05\/ambulans.jpeg","articleSection":["K\u0131br\u0131s"],"inLanguage":"tr","potentialAction":[{"@type":"CommentAction","name":"Comment","target":["https:\/\/haberkuzey.com\/index.php\/2026\/05\/02\/lefkosada-ani-olum-48-yasindaki-yasamini-yitirdi\/#respond"]}]},{"@type":"WebPage","@id":"https:\/\/haberkuzey.com\/index.php\/2026\/05\/02\/lefkosada-ani-olum-48-yasindaki-yasamini-yitirdi\/","url":"https:\/\/haberkuzey.com\/index.php\/2026\/05\/02\/lefkosada-ani-olum-48-yasindaki-yasamini-yitirdi\/","name":"Lefko\u015fa\u2019da ani \u00f6l\u00fcm: 48 ya\u015f\u0131ndaki ya\u015fam\u0131n\u0131 yitirdi - Haber Kuzey","isPartOf":{"@id":"https:\/\/haberkuzey.com\/#website"},"primaryImageOfPage":{"@id":"https:\/\/haberkuzey.com\/index.php\/2026\/05\/02\/lefkosada-ani-olum-48-yasindaki-yasamini-yitirdi\/#primaryimage"},"image":{"@id":"https:\/\/haberkuzey.com\/index.php\/2026\/05\/02\/lefkosada-ani-olum-48-yasindaki-yasamini-yitirdi\/#primaryimage"},"thumbnailUrl":"https:\/\/haberkuzey.com\/wp-content\/uploads\/2026\/05\/ambulans.jpeg","datePublished":"2026-05-02T09:42:10+00:00","dateModified":"2026-05-02T09:42:22+00:00","author":{"@id":"https:\/\/haberkuzey.com\/#\/schema\/person\/3372109ec735f9333f4fa47ebb9605ca"},"breadcrumb":{"@id":"https:\/\/haberkuzey.com\/index.php\/2026\/05\/02\/lefkosada-ani-olum-48-yasindaki-yasamini-yitirdi\/#breadcrumb"},"inLanguage":"tr","potentialAction":[{"@type":"ReadAction","target":["https:\/\/haberkuzey.com\/index.php\/2026\/05\/02\/lefkosada-ani-olum-48-yasindaki-yasamini-yitirdi\/"]}]},{"@type":"ImageObject","inLanguage":"tr","@id":"https:\/\/haberkuzey.com\/index.php\/2026\/05\/02\/lefkosada-ani-olum-48-yasindaki-yasamini-yitirdi\/#primaryimage","url":"https:\/\/haberkuzey.com\/wp-content\/uploads\/2026\/05\/ambulans.jpeg","contentUrl":"https:\/\/haberkuzey.com\/wp-content\/uploads\/2026\/05\/ambulans.jpeg","width":606,"height":340},{"@type":"BreadcrumbList","@id":"https:\/\/haberkuzey.com\/index.php\/2026\/05\/02\/lefkosada-ani-olum-48-yasindaki-yasamini-yitirdi\/#breadcrumb","itemListElement":[{"@type":"ListItem","position":1,"name":"Anasayfa","item":"https:\/\/haberkuzey.com\/"},{"@type":"ListItem","position":2,"name":"Lefko\u015fa\u2019da ani \u00f6l\u00fcm: 48 ya\u015f\u0131ndaki ya\u015fam\u0131n\u0131 yitirdi"}]},{"@type":"WebSite","@id":"https:\/\/haberkuzey.com\/#website","url":"https:\/\/haberkuzey.com\/","name":"Haber Kuzey","description":"Do\u011fru Haberin Adresi","potentialAction":[{"@type":"SearchAction","target":{"@type":"EntryPoint","urlTemplate":"https:\/\/haberkuzey.com\/?s={search_term_string}"},"query-input":{"@type":"PropertyValueSpecification","valueRequired":true,"valueName":"search_term_string"}}],"inLanguage":"tr"},{"@type":"Person","@id":"https:\/\/haberkuzey.com\/#\/schema\/person\/3372109ec735f9333f4fa47ebb9605ca","name":"haberkuzey","image":{"@type":"ImageObject","inLanguage":"tr","@id":"https:\/\/secure.gravatar.com\/avatar\/f5fc875574b1575324358c3b9e6a32b8227aa5b74f3fa22e3cadb63e26fcc39c?s=96&d=mm&r=g","url":"https:\/\/secure.gravatar.com\/avatar\/f5fc875574b1575324358c3b9e6a32b8227aa5b74f3fa22e3cadb63e26fcc39c?s=96&d=mm&r=g","contentUrl":"https:\/\/secure.gravatar.com\/avatar\/f5fc875574b1575324358c3b9e6a32b8227aa5b74f3fa22e3cadb63e26fcc39c?s=96&d=mm&r=g","caption":"haberkuzey"},"sameAs":["https:\/\/haberkuzey.com"],"url":"https:\/\/haberkuzey.com\/index.php\/author\/haberkuzey\/"}]}},"_links":{"self":[{"href":"https:\/\/haberkuzey.com\/index.php\/wp-json\/wp\/v2\/posts\/37082","targetHints":{"allow":["GET"]}}],"collection":[{"href":"https:\/\/haberkuzey.com\/index.php\/wp-json\/wp\/v2\/posts"}],"about":[{"href":"https:\/\/haberkuzey.com\/index.php\/wp-json\/wp\/v2\/types\/post"}],"author":[{"embeddable":true,"href":"https:\/\/haberkuzey.com\/index.php\/wp-json\/wp\/v2\/users\/1"}],"replies":[{"embeddable":true,"href":"https:\/\/haberkuzey.com\/index.php\/wp-json\/wp\/v2\/comments?post=37082"}],"version-history":[{"count":1,"href":"https:\/\/haberkuzey.com\/index.php\/wp-json\/wp\/v2\/posts\/37082\/revisions"}],"predecessor-version":[{"id":37084,"href":"https:\/\/haberkuzey.com\/index.php\/wp-json\/wp\/v2\/posts\/37082\/revisions\/37084"}],"wp:featuredmedia":[{"embeddable":true,"href":"https:\/\/haberkuzey.com\/index.php\/wp-json\/wp\/v2\/media\/37083"}],"wp:attachment":[{"href":"https:\/\/haberkuzey.com\/index.php\/wp-json\/wp\/v2\/media?parent=37082"}],"wp:term":[{"taxonomy":"category","embeddable":true,"href":"https:\/\/haberkuzey.com\/index.php\/wp-json\/wp\/v2\/categories?post=37082"},{"taxonomy":"post_tag","embeddable":true,"href":"https:\/\/haberkuzey.com\/index.php\/wp-json\/wp\/v2\/tags?post=37082"}],"curies":[{"name":"wp","href":"https:\/\/api.w.org\/{rel}","templated":true}]}}