{"id":37079,"date":"2026-05-02T12:35:49","date_gmt":"2026-05-02T09:35:49","guid":{"rendered":"https:\/\/haberkuzey.com\/index.php\/2026\/05\/02\/ev-ici-siddetle-mucadelede-agi-toplantisi-yapildi\/"},"modified":"2026-05-02T12:35:57","modified_gmt":"2026-05-02T09:35:57","slug":"ev-ici-siddetle-mucadelede-agi-toplantisi-yapildi","status":"publish","type":"post","link":"https:\/\/haberkuzey.com\/index.php\/2026\/05\/02\/ev-ici-siddetle-mucadelede-agi-toplantisi-yapildi\/","title":{"rendered":"\u201cEv \u0130\u00e7i \u015eiddetle M\u00fccadelede A\u011f\u0131\u201d toplant\u0131s\u0131 yap\u0131ld\u0131"},"content":{"rendered":"<p style=\"font-weight: 300 !important\">K\u0131br\u0131s T\u00fcrk Tabipleri Birli\u011fi (KTTB) ev sahipli\u011finde d\u00fczenlenen \u201cEv \u0130\u00e7i \u015eiddetle M\u00fccadele A\u011f\u0131\u201d toplant\u0131s\u0131nda, ev i\u00e7i \u015fiddetle m\u00fccadeleye ili\u015fkin baz\u0131 de\u011ferlendirmeler yap\u0131ld\u0131 ve kararlar al\u0131nd\u0131.<\/p>\n<p style=\"font-weight: 300 !important\">KTTB Y\u00f6netim Kurulu ad\u0131na Genel Sekreter\u00a0 Sinem \u015e\u0131\u011f\u0131t \u0130kiz taraf\u0131ndan yap\u0131lan yaz\u0131l\u0131 a\u00e7\u0131klamada, farkl\u0131 sivil toplum \u00f6rg\u00fctlerinin kat\u0131l\u0131m\u0131yla yap\u0131lan toplant\u0131da, mevcut durum, ihtiya\u00e7lar ile \u00e7\u00f6z\u00fcm \u00f6nerilerinin ele al\u0131nd\u0131\u011f\u0131, i\u015f birli\u011finin ve birlikte m\u00fccadelenin \u00f6nemine vurgu yap\u0131ld\u0131\u011f\u0131 ifade edildi.<\/p>\n<p style=\"font-weight: 300 !important\">Toplant\u0131da; ev i\u00e7i \u015fiddetle m\u00fccadelede toplumsal fark\u0131ndal\u0131\u011f\u0131n artt\u0131r\u0131lmas\u0131, kamuoyuna y\u00f6nelik \u00e7al\u0131\u015fmalar\u0131n g\u00fc\u00e7lendirilmesi ve kurumlararas\u0131 i\u015f birliklerinin geni\u015fletilmesi konular\u0131nda g\u00f6r\u00fc\u015f birli\u011fine var\u0131ld\u0131\u011f\u0131 kaydedildi.<\/p>\n<p style=\"font-weight: 300 !important\">Ayr\u0131ca, \u00f6zellikle yabanc\u0131 uyruklu \u015fiddet ma\u011fdurlar\u0131n\u0131n ya\u015fad\u0131\u011f\u0131 yap\u0131sal sorunlar ile, a\u011fda yer alan meslek gruplar\u0131na y\u00f6nelik e\u011fitimlerin ve mevcut kurumsal mekanizmalar\u0131n g\u00fcncellenmesi gereklili\u011finin ele al\u0131nd\u0131\u011f\u0131 da belirtildi.<\/p>\n<p style=\"font-weight: 300 !important\">Ev i\u00e7i \u015fiddetle m\u00fccadelede etkin ve kapsay\u0131c\u0131 bir yasal d\u00fczenlemenin ivedilikle hayata ge\u00e7irilmesi gerekti\u011fi vurgulanan toplant\u0131da, sivil toplum \u00f6rg\u00fctleri, \u00fczerlerine d\u00fc\u015fen sorumluluklar\u0131 yerine getirmeye haz\u0131r olduklar\u0131n\u0131 vurgularken, somut ad\u0131mlar\u0131n yetkili makamlar taraf\u0131ndan at\u0131lmas\u0131 gerekti\u011fi g\u00f6r\u00fc\u015f\u00fcn\u00fc payla\u015ft\u0131.<\/p>\n<p style=\"font-weight: 300 !important\">A\u00e7\u0131klamaya g\u00f6re toplant\u0131da Kad\u0131ndan Ya\u015fama Destek Derne\u011fi (KAYAD) temsilcileri, ev i\u00e7i \u015fiddetle m\u00fccadelenin \u00e7ok payda\u015fl\u0131 ve s\u00fcrd\u00fcr\u00fclebilir bir yakla\u015f\u0131mla y\u00fcr\u00fct\u00fclmesinin \u00f6nemine dikkat \u00e7ekerek, kurum ve kurulu\u015flar\u0131 bu m\u00fccadelede aktif rol almaya davet etti.<\/p>\n<p style=\"font-weight: 300 !important\">K\u0131br\u0131s T\u00fcrk Tabipleri Birli\u011fi temsilcisi\u00a0 Sinem \u015e\u0131\u011f\u0131t \u0130kiz, ev i\u00e7i \u015fiddet ma\u011fdurlar\u0131 ile en \u00e7ok kar\u015f\u0131la\u015f\u0131lan \u00f6zellikle acil servislerde g\u00f6revli hekim, hem\u015fire ve di\u011fer sa\u011fl\u0131k \u00e7al\u0131\u015fanlar\u0131na y\u00f6nelik bilgi ve uygulama s\u00fcre\u00e7lerini g\u00fc\u00e7lendirmeye y\u00f6nelik e\u011fitimler d\u00fczenleme karar\u0131 ald\u0131klar\u0131n\u0131 belirtti.<\/p>\n<p style=\"font-weight: 300 !important\">A\u00e7\u0131klamada,\u00a0 ev i\u00e7i \u015fiddetin \u00f6nlenmesi, ma\u011fdurlar\u0131n korunmas\u0131 ve toplumsal fark\u0131ndal\u0131\u011f\u0131n artt\u0131r\u0131lmas\u0131 i\u00e7in \u00e7al\u0131\u015fmalar\u0131n kararl\u0131l\u0131kla s\u00fcrd\u00fcr\u00fclece\u011fi vurguland\u0131.<\/p>\n","protected":false},"excerpt":{"rendered":"<p>K\u0131br\u0131s T\u00fcrk Tabipleri Birli\u011fi (KTTB) ev sahipli\u011finde d\u00fczenlenen \u201cEv \u0130\u00e7i \u015eiddetle M\u00fccadele A\u011f\u0131\u201d toplant\u0131s\u0131nda, ev i\u00e7i \u015fiddetle m\u00fccadeleye ili\u015fkin baz\u0131 de\u011ferlendirmeler yap\u0131ld\u0131 ve kararlar al\u0131nd\u0131. KTTB Y\u00f6netim Kurulu ad\u0131na Genel Sekreter\u00a0 Sinem \u015e\u0131\u011f\u0131t \u0130kiz taraf\u0131ndan yap\u0131lan yaz\u0131l\u0131 a\u00e7\u0131klamada, farkl\u0131 sivil toplum \u00f6rg\u00fctlerinin kat\u0131l\u0131m\u0131yla yap\u0131lan toplant\u0131da, mevcut durum, ihtiya\u00e7lar ile \u00e7\u00f6z\u00fcm \u00f6nerilerinin ele al\u0131nd\u0131\u011f\u0131, i\u015f birli\u011finin [&hellip;]<\/p>\n","protected":false},"author":1,"featured_media":37080,"comment_status":"open","ping_status":"open","sticky":false,"template":"","format":"standard","meta":{"jnews-multi-image_gallery":[],"jnews_single_post":[],"jnews_primary_category":[],"footnotes":""},"categories":[1],"tags":[],"class_list":["post-37079","post","type-post","status-publish","format-standard","has-post-thumbnail","hentry","category-kibris"],"yoast_head":"<!-- This site is optimized with the Yoast SEO plugin v27.5 - https:\/\/yoast.com\/product\/yoast-seo-wordpress\/ -->\n<title>\u201cEv \u0130\u00e7i \u015eiddetle M\u00fccadelede A\u011f\u0131\u201d toplant\u0131s\u0131 yap\u0131ld\u0131 - Haber Kuzey<\/title>\n<meta name=\"robots\" content=\"index, follow, max-snippet:-1, max-image-preview:large, max-video-preview:-1\" \/>\n<link rel=\"canonical\" href=\"https:\/\/haberkuzey.com\/index.php\/2026\/05\/02\/ev-ici-siddetle-mucadelede-agi-toplantisi-yapildi\/\" \/>\n<meta property=\"og:locale\" content=\"tr_TR\" \/>\n<meta property=\"og:type\" content=\"article\" \/>\n<meta property=\"og:title\" content=\"\u201cEv \u0130\u00e7i \u015eiddetle M\u00fccadelede A\u011f\u0131\u201d toplant\u0131s\u0131 yap\u0131ld\u0131 - Haber Kuzey\" \/>\n<meta property=\"og:description\" content=\"K\u0131br\u0131s T\u00fcrk Tabipleri Birli\u011fi (KTTB) ev sahipli\u011finde d\u00fczenlenen \u201cEv \u0130\u00e7i \u015eiddetle M\u00fccadele A\u011f\u0131\u201d toplant\u0131s\u0131nda, ev i\u00e7i \u015fiddetle m\u00fccadeleye ili\u015fkin baz\u0131 de\u011ferlendirmeler yap\u0131ld\u0131 ve kararlar al\u0131nd\u0131. KTTB Y\u00f6netim Kurulu ad\u0131na Genel Sekreter\u00a0 Sinem \u015e\u0131\u011f\u0131t \u0130kiz taraf\u0131ndan yap\u0131lan yaz\u0131l\u0131 a\u00e7\u0131klamada, farkl\u0131 sivil toplum \u00f6rg\u00fctlerinin kat\u0131l\u0131m\u0131yla yap\u0131lan toplant\u0131da, mevcut durum, ihtiya\u00e7lar ile \u00e7\u00f6z\u00fcm \u00f6nerilerinin ele al\u0131nd\u0131\u011f\u0131, i\u015f birli\u011finin [&hellip;]\" \/>\n<meta property=\"og:url\" content=\"https:\/\/haberkuzey.com\/index.php\/2026\/05\/02\/ev-ici-siddetle-mucadelede-agi-toplantisi-yapildi\/\" \/>\n<meta property=\"og:site_name\" content=\"Haber Kuzey\" \/>\n<meta property=\"article:published_time\" content=\"2026-05-02T09:35:49+00:00\" \/>\n<meta property=\"article:modified_time\" content=\"2026-05-02T09:35:57+00:00\" \/>\n<meta property=\"og:image\" content=\"https:\/\/haberkuzey.com\/wp-content\/uploads\/2026\/05\/1777711949067KTTB-EV-ICI-SIDDET-1.jpeg\" \/>\n\t<meta property=\"og:image:width\" content=\"1600\" \/>\n\t<meta property=\"og:image:height\" content=\"1204\" \/>\n\t<meta property=\"og:image:type\" content=\"image\/jpeg\" \/>\n<meta name=\"author\" content=\"haberkuzey\" \/>\n<meta name=\"twitter:card\" content=\"summary_large_image\" \/>\n<meta name=\"twitter:label1\" content=\"Yazan:\" \/>\n\t<meta name=\"twitter:data1\" content=\"haberkuzey\" \/>\n\t<meta name=\"twitter:label2\" content=\"Tahmini okuma s\u00fcresi\" \/>\n\t<meta name=\"twitter:data2\" content=\"2 dakika\" \/>\n<script type=\"application\/ld+json\" class=\"yoast-schema-graph\">{\"@context\":\"https:\\\/\\\/schema.org\",\"@graph\":[{\"@type\":\"Article\",\"@id\":\"https:\\\/\\\/haberkuzey.com\\\/index.php\\\/2026\\\/05\\\/02\\\/ev-ici-siddetle-mucadelede-agi-toplantisi-yapildi\\\/#article\",\"isPartOf\":{\"@id\":\"https:\\\/\\\/haberkuzey.com\\\/index.php\\\/2026\\\/05\\\/02\\\/ev-ici-siddetle-mucadelede-agi-toplantisi-yapildi\\\/\"},\"author\":{\"name\":\"haberkuzey\",\"@id\":\"https:\\\/\\\/haberkuzey.com\\\/#\\\/schema\\\/person\\\/3372109ec735f9333f4fa47ebb9605ca\"},\"headline\":\"\u201cEv \u0130\u00e7i \u015eiddetle M\u00fccadelede A\u011f\u0131\u201d toplant\u0131s\u0131 yap\u0131ld\u0131\",\"datePublished\":\"2026-05-02T09:35:49+00:00\",\"dateModified\":\"2026-05-02T09:35:57+00:00\",\"mainEntityOfPage\":{\"@id\":\"https:\\\/\\\/haberkuzey.com\\\/index.php\\\/2026\\\/05\\\/02\\\/ev-ici-siddetle-mucadelede-agi-toplantisi-yapildi\\\/\"},\"wordCount\":386,\"commentCount\":0,\"image\":{\"@id\":\"https:\\\/\\\/haberkuzey.com\\\/index.php\\\/2026\\\/05\\\/02\\\/ev-ici-siddetle-mucadelede-agi-toplantisi-yapildi\\\/#primaryimage\"},\"thumbnailUrl\":\"https:\\\/\\\/haberkuzey.com\\\/wp-content\\\/uploads\\\/2026\\\/05\\\/1777711949067KTTB-EV-ICI-SIDDET-1.jpeg\",\"articleSection\":[\"K\u0131br\u0131s\"],\"inLanguage\":\"tr\",\"potentialAction\":[{\"@type\":\"CommentAction\",\"name\":\"Comment\",\"target\":[\"https:\\\/\\\/haberkuzey.com\\\/index.php\\\/2026\\\/05\\\/02\\\/ev-ici-siddetle-mucadelede-agi-toplantisi-yapildi\\\/#respond\"]}]},{\"@type\":\"WebPage\",\"@id\":\"https:\\\/\\\/haberkuzey.com\\\/index.php\\\/2026\\\/05\\\/02\\\/ev-ici-siddetle-mucadelede-agi-toplantisi-yapildi\\\/\",\"url\":\"https:\\\/\\\/haberkuzey.com\\\/index.php\\\/2026\\\/05\\\/02\\\/ev-ici-siddetle-mucadelede-agi-toplantisi-yapildi\\\/\",\"name\":\"\u201cEv \u0130\u00e7i \u015eiddetle M\u00fccadelede A\u011f\u0131\u201d toplant\u0131s\u0131 yap\u0131ld\u0131 - Haber Kuzey\",\"isPartOf\":{\"@id\":\"https:\\\/\\\/haberkuzey.com\\\/#website\"},\"primaryImageOfPage\":{\"@id\":\"https:\\\/\\\/haberkuzey.com\\\/index.php\\\/2026\\\/05\\\/02\\\/ev-ici-siddetle-mucadelede-agi-toplantisi-yapildi\\\/#primaryimage\"},\"image\":{\"@id\":\"https:\\\/\\\/haberkuzey.com\\\/index.php\\\/2026\\\/05\\\/02\\\/ev-ici-siddetle-mucadelede-agi-toplantisi-yapildi\\\/#primaryimage\"},\"thumbnailUrl\":\"https:\\\/\\\/haberkuzey.com\\\/wp-content\\\/uploads\\\/2026\\\/05\\\/1777711949067KTTB-EV-ICI-SIDDET-1.jpeg\",\"datePublished\":\"2026-05-02T09:35:49+00:00\",\"dateModified\":\"2026-05-02T09:35:57+00:00\",\"author\":{\"@id\":\"https:\\\/\\\/haberkuzey.com\\\/#\\\/schema\\\/person\\\/3372109ec735f9333f4fa47ebb9605ca\"},\"breadcrumb\":{\"@id\":\"https:\\\/\\\/haberkuzey.com\\\/index.php\\\/2026\\\/05\\\/02\\\/ev-ici-siddetle-mucadelede-agi-toplantisi-yapildi\\\/#breadcrumb\"},\"inLanguage\":\"tr\",\"potentialAction\":[{\"@type\":\"ReadAction\",\"target\":[\"https:\\\/\\\/haberkuzey.com\\\/index.php\\\/2026\\\/05\\\/02\\\/ev-ici-siddetle-mucadelede-agi-toplantisi-yapildi\\\/\"]}]},{\"@type\":\"ImageObject\",\"inLanguage\":\"tr\",\"@id\":\"https:\\\/\\\/haberkuzey.com\\\/index.php\\\/2026\\\/05\\\/02\\\/ev-ici-siddetle-mucadelede-agi-toplantisi-yapildi\\\/#primaryimage\",\"url\":\"https:\\\/\\\/haberkuzey.com\\\/wp-content\\\/uploads\\\/2026\\\/05\\\/1777711949067KTTB-EV-ICI-SIDDET-1.jpeg\",\"contentUrl\":\"https:\\\/\\\/haberkuzey.com\\\/wp-content\\\/uploads\\\/2026\\\/05\\\/1777711949067KTTB-EV-ICI-SIDDET-1.jpeg\",\"width\":1600,\"height\":1204},{\"@type\":\"BreadcrumbList\",\"@id\":\"https:\\\/\\\/haberkuzey.com\\\/index.php\\\/2026\\\/05\\\/02\\\/ev-ici-siddetle-mucadelede-agi-toplantisi-yapildi\\\/#breadcrumb\",\"itemListElement\":[{\"@type\":\"ListItem\",\"position\":1,\"name\":\"Anasayfa\",\"item\":\"https:\\\/\\\/haberkuzey.com\\\/\"},{\"@type\":\"ListItem\",\"position\":2,\"name\":\"\u201cEv \u0130\u00e7i \u015eiddetle M\u00fccadelede A\u011f\u0131\u201d toplant\u0131s\u0131 yap\u0131ld\u0131\"}]},{\"@type\":\"WebSite\",\"@id\":\"https:\\\/\\\/haberkuzey.com\\\/#website\",\"url\":\"https:\\\/\\\/haberkuzey.com\\\/\",\"name\":\"Haber Kuzey\",\"description\":\"Do\u011fru Haberin Adresi\",\"potentialAction\":[{\"@type\":\"SearchAction\",\"target\":{\"@type\":\"EntryPoint\",\"urlTemplate\":\"https:\\\/\\\/haberkuzey.com\\\/?s={search_term_string}\"},\"query-input\":{\"@type\":\"PropertyValueSpecification\",\"valueRequired\":true,\"valueName\":\"search_term_string\"}}],\"inLanguage\":\"tr\"},{\"@type\":\"Person\",\"@id\":\"https:\\\/\\\/haberkuzey.com\\\/#\\\/schema\\\/person\\\/3372109ec735f9333f4fa47ebb9605ca\",\"name\":\"haberkuzey\",\"image\":{\"@type\":\"ImageObject\",\"inLanguage\":\"tr\",\"@id\":\"https:\\\/\\\/secure.gravatar.com\\\/avatar\\\/f5fc875574b1575324358c3b9e6a32b8227aa5b74f3fa22e3cadb63e26fcc39c?s=96&d=mm&r=g\",\"url\":\"https:\\\/\\\/secure.gravatar.com\\\/avatar\\\/f5fc875574b1575324358c3b9e6a32b8227aa5b74f3fa22e3cadb63e26fcc39c?s=96&d=mm&r=g\",\"contentUrl\":\"https:\\\/\\\/secure.gravatar.com\\\/avatar\\\/f5fc875574b1575324358c3b9e6a32b8227aa5b74f3fa22e3cadb63e26fcc39c?s=96&d=mm&r=g\",\"caption\":\"haberkuzey\"},\"sameAs\":[\"https:\\\/\\\/haberkuzey.com\"],\"url\":\"https:\\\/\\\/haberkuzey.com\\\/index.php\\\/author\\\/haberkuzey\\\/\"}]}<\/script>\n<!-- \/ Yoast SEO plugin. -->","yoast_head_json":{"title":"\u201cEv \u0130\u00e7i \u015eiddetle M\u00fccadelede A\u011f\u0131\u201d toplant\u0131s\u0131 yap\u0131ld\u0131 - Haber Kuzey","robots":{"index":"index","follow":"follow","max-snippet":"max-snippet:-1","max-image-preview":"max-image-preview:large","max-video-preview":"max-video-preview:-1"},"canonical":"https:\/\/haberkuzey.com\/index.php\/2026\/05\/02\/ev-ici-siddetle-mucadelede-agi-toplantisi-yapildi\/","og_locale":"tr_TR","og_type":"article","og_title":"\u201cEv \u0130\u00e7i \u015eiddetle M\u00fccadelede A\u011f\u0131\u201d toplant\u0131s\u0131 yap\u0131ld\u0131 - Haber Kuzey","og_description":"K\u0131br\u0131s T\u00fcrk Tabipleri Birli\u011fi (KTTB) ev sahipli\u011finde d\u00fczenlenen \u201cEv \u0130\u00e7i \u015eiddetle M\u00fccadele A\u011f\u0131\u201d toplant\u0131s\u0131nda, ev i\u00e7i \u015fiddetle m\u00fccadeleye ili\u015fkin baz\u0131 de\u011ferlendirmeler yap\u0131ld\u0131 ve kararlar al\u0131nd\u0131. KTTB Y\u00f6netim Kurulu ad\u0131na Genel Sekreter\u00a0 Sinem \u015e\u0131\u011f\u0131t \u0130kiz taraf\u0131ndan yap\u0131lan yaz\u0131l\u0131 a\u00e7\u0131klamada, farkl\u0131 sivil toplum \u00f6rg\u00fctlerinin kat\u0131l\u0131m\u0131yla yap\u0131lan toplant\u0131da, mevcut durum, ihtiya\u00e7lar ile \u00e7\u00f6z\u00fcm \u00f6nerilerinin ele al\u0131nd\u0131\u011f\u0131, i\u015f birli\u011finin [&hellip;]","og_url":"https:\/\/haberkuzey.com\/index.php\/2026\/05\/02\/ev-ici-siddetle-mucadelede-agi-toplantisi-yapildi\/","og_site_name":"Haber Kuzey","article_published_time":"2026-05-02T09:35:49+00:00","article_modified_time":"2026-05-02T09:35:57+00:00","og_image":[{"width":1600,"height":1204,"url":"https:\/\/haberkuzey.com\/wp-content\/uploads\/2026\/05\/1777711949067KTTB-EV-ICI-SIDDET-1.jpeg","type":"image\/jpeg"}],"author":"haberkuzey","twitter_card":"summary_large_image","twitter_misc":{"Yazan:":"haberkuzey","Tahmini okuma s\u00fcresi":"2 dakika"},"schema":{"@context":"https:\/\/schema.org","@graph":[{"@type":"Article","@id":"https:\/\/haberkuzey.com\/index.php\/2026\/05\/02\/ev-ici-siddetle-mucadelede-agi-toplantisi-yapildi\/#article","isPartOf":{"@id":"https:\/\/haberkuzey.com\/index.php\/2026\/05\/02\/ev-ici-siddetle-mucadelede-agi-toplantisi-yapildi\/"},"author":{"name":"haberkuzey","@id":"https:\/\/haberkuzey.com\/#\/schema\/person\/3372109ec735f9333f4fa47ebb9605ca"},"headline":"\u201cEv \u0130\u00e7i \u015eiddetle M\u00fccadelede A\u011f\u0131\u201d toplant\u0131s\u0131 yap\u0131ld\u0131","datePublished":"2026-05-02T09:35:49+00:00","dateModified":"2026-05-02T09:35:57+00:00","mainEntityOfPage":{"@id":"https:\/\/haberkuzey.com\/index.php\/2026\/05\/02\/ev-ici-siddetle-mucadelede-agi-toplantisi-yapildi\/"},"wordCount":386,"commentCount":0,"image":{"@id":"https:\/\/haberkuzey.com\/index.php\/2026\/05\/02\/ev-ici-siddetle-mucadelede-agi-toplantisi-yapildi\/#primaryimage"},"thumbnailUrl":"https:\/\/haberkuzey.com\/wp-content\/uploads\/2026\/05\/1777711949067KTTB-EV-ICI-SIDDET-1.jpeg","articleSection":["K\u0131br\u0131s"],"inLanguage":"tr","potentialAction":[{"@type":"CommentAction","name":"Comment","target":["https:\/\/haberkuzey.com\/index.php\/2026\/05\/02\/ev-ici-siddetle-mucadelede-agi-toplantisi-yapildi\/#respond"]}]},{"@type":"WebPage","@id":"https:\/\/haberkuzey.com\/index.php\/2026\/05\/02\/ev-ici-siddetle-mucadelede-agi-toplantisi-yapildi\/","url":"https:\/\/haberkuzey.com\/index.php\/2026\/05\/02\/ev-ici-siddetle-mucadelede-agi-toplantisi-yapildi\/","name":"\u201cEv \u0130\u00e7i \u015eiddetle M\u00fccadelede A\u011f\u0131\u201d toplant\u0131s\u0131 yap\u0131ld\u0131 - Haber Kuzey","isPartOf":{"@id":"https:\/\/haberkuzey.com\/#website"},"primaryImageOfPage":{"@id":"https:\/\/haberkuzey.com\/index.php\/2026\/05\/02\/ev-ici-siddetle-mucadelede-agi-toplantisi-yapildi\/#primaryimage"},"image":{"@id":"https:\/\/haberkuzey.com\/index.php\/2026\/05\/02\/ev-ici-siddetle-mucadelede-agi-toplantisi-yapildi\/#primaryimage"},"thumbnailUrl":"https:\/\/haberkuzey.com\/wp-content\/uploads\/2026\/05\/1777711949067KTTB-EV-ICI-SIDDET-1.jpeg","datePublished":"2026-05-02T09:35:49+00:00","dateModified":"2026-05-02T09:35:57+00:00","author":{"@id":"https:\/\/haberkuzey.com\/#\/schema\/person\/3372109ec735f9333f4fa47ebb9605ca"},"breadcrumb":{"@id":"https:\/\/haberkuzey.com\/index.php\/2026\/05\/02\/ev-ici-siddetle-mucadelede-agi-toplantisi-yapildi\/#breadcrumb"},"inLanguage":"tr","potentialAction":[{"@type":"ReadAction","target":["https:\/\/haberkuzey.com\/index.php\/2026\/05\/02\/ev-ici-siddetle-mucadelede-agi-toplantisi-yapildi\/"]}]},{"@type":"ImageObject","inLanguage":"tr","@id":"https:\/\/haberkuzey.com\/index.php\/2026\/05\/02\/ev-ici-siddetle-mucadelede-agi-toplantisi-yapildi\/#primaryimage","url":"https:\/\/haberkuzey.com\/wp-content\/uploads\/2026\/05\/1777711949067KTTB-EV-ICI-SIDDET-1.jpeg","contentUrl":"https:\/\/haberkuzey.com\/wp-content\/uploads\/2026\/05\/1777711949067KTTB-EV-ICI-SIDDET-1.jpeg","width":1600,"height":1204},{"@type":"BreadcrumbList","@id":"https:\/\/haberkuzey.com\/index.php\/2026\/05\/02\/ev-ici-siddetle-mucadelede-agi-toplantisi-yapildi\/#breadcrumb","itemListElement":[{"@type":"ListItem","position":1,"name":"Anasayfa","item":"https:\/\/haberkuzey.com\/"},{"@type":"ListItem","position":2,"name":"\u201cEv \u0130\u00e7i \u015eiddetle M\u00fccadelede A\u011f\u0131\u201d toplant\u0131s\u0131 yap\u0131ld\u0131"}]},{"@type":"WebSite","@id":"https:\/\/haberkuzey.com\/#website","url":"https:\/\/haberkuzey.com\/","name":"Haber Kuzey","description":"Do\u011fru Haberin Adresi","potentialAction":[{"@type":"SearchAction","target":{"@type":"EntryPoint","urlTemplate":"https:\/\/haberkuzey.com\/?s={search_term_string}"},"query-input":{"@type":"PropertyValueSpecification","valueRequired":true,"valueName":"search_term_string"}}],"inLanguage":"tr"},{"@type":"Person","@id":"https:\/\/haberkuzey.com\/#\/schema\/person\/3372109ec735f9333f4fa47ebb9605ca","name":"haberkuzey","image":{"@type":"ImageObject","inLanguage":"tr","@id":"https:\/\/secure.gravatar.com\/avatar\/f5fc875574b1575324358c3b9e6a32b8227aa5b74f3fa22e3cadb63e26fcc39c?s=96&d=mm&r=g","url":"https:\/\/secure.gravatar.com\/avatar\/f5fc875574b1575324358c3b9e6a32b8227aa5b74f3fa22e3cadb63e26fcc39c?s=96&d=mm&r=g","contentUrl":"https:\/\/secure.gravatar.com\/avatar\/f5fc875574b1575324358c3b9e6a32b8227aa5b74f3fa22e3cadb63e26fcc39c?s=96&d=mm&r=g","caption":"haberkuzey"},"sameAs":["https:\/\/haberkuzey.com"],"url":"https:\/\/haberkuzey.com\/index.php\/author\/haberkuzey\/"}]}},"_links":{"self":[{"href":"https:\/\/haberkuzey.com\/index.php\/wp-json\/wp\/v2\/posts\/37079","targetHints":{"allow":["GET"]}}],"collection":[{"href":"https:\/\/haberkuzey.com\/index.php\/wp-json\/wp\/v2\/posts"}],"about":[{"href":"https:\/\/haberkuzey.com\/index.php\/wp-json\/wp\/v2\/types\/post"}],"author":[{"embeddable":true,"href":"https:\/\/haberkuzey.com\/index.php\/wp-json\/wp\/v2\/users\/1"}],"replies":[{"embeddable":true,"href":"https:\/\/haberkuzey.com\/index.php\/wp-json\/wp\/v2\/comments?post=37079"}],"version-history":[{"count":1,"href":"https:\/\/haberkuzey.com\/index.php\/wp-json\/wp\/v2\/posts\/37079\/revisions"}],"predecessor-version":[{"id":37081,"href":"https:\/\/haberkuzey.com\/index.php\/wp-json\/wp\/v2\/posts\/37079\/revisions\/37081"}],"wp:featuredmedia":[{"embeddable":true,"href":"https:\/\/haberkuzey.com\/index.php\/wp-json\/wp\/v2\/media\/37080"}],"wp:attachment":[{"href":"https:\/\/haberkuzey.com\/index.php\/wp-json\/wp\/v2\/media?parent=37079"}],"wp:term":[{"taxonomy":"category","embeddable":true,"href":"https:\/\/haberkuzey.com\/index.php\/wp-json\/wp\/v2\/categories?post=37079"},{"taxonomy":"post_tag","embeddable":true,"href":"https:\/\/haberkuzey.com\/index.php\/wp-json\/wp\/v2\/tags?post=37079"}],"curies":[{"name":"wp","href":"https:\/\/api.w.org\/{rel}","templated":true}]}}