{"id":37043,"date":"2026-05-01T19:52:09","date_gmt":"2026-05-01T16:52:09","guid":{"rendered":"https:\/\/haberkuzey.com\/index.php\/2026\/05\/01\/trump-iranin-son-onerisinden-tatmin-olmadim\/"},"modified":"2026-05-01T19:52:09","modified_gmt":"2026-05-01T16:52:09","slug":"trump-iranin-son-onerisinden-tatmin-olmadim","status":"publish","type":"post","link":"https:\/\/haberkuzey.com\/index.php\/2026\/05\/01\/trump-iranin-son-onerisinden-tatmin-olmadim\/","title":{"rendered":"Trump: \u0130ran&#8217;\u0131n son \u00f6nerisinden tatmin olmad\u0131m"},"content":{"rendered":"<div>\n<div class=\"news-content-container\" id=\"newsDetail943710\" data-id=\"943710\" data-url=\"https:\/\/www.trthaber.com\/haber\/dunya\/trump-iranin-son-onerisinden-tatmin-olmadim-943710.html\">\n                    <input type=\"hidden\" name=\"page_category_id\" class=\"page-category-id\" value=\"4\"\/><br \/>\n                    <input type=\"hidden\" name=\"page_category_name\" class=\"page-category-name\" value=\"D\u00fcnya\"\/><br \/>\n                    <input type=\"hidden\" name=\"page_id\" class=\"page-id\" value=\"943710\"\/><br \/>\n                    <input type=\"hidden\" name=\"page_url\" class=\"page-url\" value=\"https:\/\/www.trthaber.com\/haber\/dunya\/trump-iranin-son-onerisinden-tatmin-olmadim-943710.html\"\/><br \/>\n                    <input type=\"hidden\" name=\"page_seo_title\" class=\"page-seo-title\" value=\"Trump: \u0130ran'\u0131n son \u00f6nerisinden tatmin olmad\u0131m - Son Dakika Haberleri\"\/><br \/>\n                    <input type=\"hidden\" name=\"page_title\" class=\"page-title\" value=\"Trump: \u0130ran'\u0131n son \u00f6nerisinden tatmin olmad\u0131m\"\/><br \/>\n                    <input type=\"hidden\" name=\"page_clear_title\" class=\"page-clear-title\" value=\"Trump: \u0130ran'\u0131n son \u00f6nerisinden tatmin olmad\u0131m\"\/><br \/>\n                    <input type=\"hidden\" name=\"page_clear_description\" class=\"page-clear-description\" value=\"ABD Ba\u015fkan\u0131 Trump, \u0130ran ile m\u00fczakerelere ili\u015fkin &quot;Anla\u015fma yapmak istiyorlar ama son \u00f6neriden tatmin olmad\u0131m. Anla\u015fmaya varabilece\u011fimizden emin de\u011filim&quot; a\u00e7\u0131klamas\u0131nda bulundu.\"\/><br \/>\n                    <input type=\"hidden\" name=\"page_clear_tag_description\" class=\"page-clear-tag-description\" value=\"ABD Ba\u015fkan\u0131 Trump, \u0130ran ile m\u00fczakerelere ili\u015fkin &quot;Anla\u015fma yapmak istiyorlar ama son \u00f6neriden tatmin olmad\u0131m. Anla\u015fmaya varabilece\u011fimizden emin de\u011filim&quot; a\u00e7\u0131klamas\u0131nda bulundu.\"\/><br \/>\n                    <input type=\"hidden\" name=\"page_data_description\" class=\"page-data-description\" value=\"ABD Ba\u015fkan\u0131 Trump, \u0130ran ile m\u00fczakerelere ili\u015fkin &quot;Anla\u015fma yapmak istiyorlar ama son \u00f6neriden tatmin olmad\u0131m. Anla\u015fmaya varabilece\u011fimizden emin de\u011filim&quot; a\u00e7\u0131klamas\u0131nda bulundu.\"\/><br \/>\n                    <input type=\"hidden\" name=\"page_data_keywords\" class=\"page-data-keywords\" value=\"\" donald=\"\" trump=\"\"\/><br \/>\n                    <input type=\"hidden\" name=\"page_data_breadcrumb_items\" class=\"page-data-breadcrumb-items\" value=\"{ &quot;@type&quot;: &quot;ListItem&quot;, &quot;position&quot;: 1, &quot;name&quot;: &quot;Haberler&quot;, &quot;item&quot;: &quot;https:\/\/www.trthaber.com\/&quot; },{ &quot;@type&quot;: &quot;ListItem&quot;, &quot;position&quot;: 2, &quot;name&quot;: &quot;D\u00fcnya&quot;, &quot;item&quot;: &quot;https:\/\/www.trthaber.com\/haber\/dunya\/&quot; },{ &quot;@type&quot;: &quot;ListItem&quot;, &quot;position&quot;: 3, &quot;name&quot;: &quot;Trump: \u0130ran'\u0131n son \u00f6nerisinden tatmin olmad\u0131m&quot;, &quot;item&quot;: &quot;https:\/\/www.trthaber.com\/haber\/dunya\/trump-iranin-son-onerisinden-tatmin-olmadim-943710.html&quot; }\"\/><br \/>\n                    <input type=\"hidden\" name=\"page_img_url\" class=\"page-img-url\" value=\"https:\/\/trthaberstatic.cdn.wp.trt.com.tr\/resimler\/2450000\/abd-trump-iran-2450891.jpg\"\/><br \/>\n                    <input type=\"hidden\" name=\"page_video_thumbnail_urls\" class=\"page-video-thumbnail-urls\" value=\"\"\/><br \/>\n                    <input type=\"hidden\" name=\"page_date\" class=\"page-date\" value=\"2026-05-01 19:27:00\"\/><br \/>\n                    <input type=\"hidden\" name=\"page_added_by_id\" class=\"page-added-by-id\" value=\"285\"\/><br \/>\n                    <input type=\"hidden\" name=\"page_added_by_name\" class=\"page-added-by-name\" value=\"Benginur \u0130kbal Akg\u00fcl\"\/><br \/>\n                    <input type=\"hidden\" name=\"page_edited_by_id\" class=\"page-edited-by-id\" value=\"285\"\/><br \/>\n                    <input type=\"hidden\" name=\"page_edited_by_name\" class=\"page-edited-by-name\" value=\"Benginur \u0130kbal Akg\u00fcl\"\/><br \/>\n                    <input type=\"hidden\" name=\"page_canonical_url\" class=\"page-canonical-url\" value=\"https:\/\/www.trthaber.com\/haber\/dunya\/trump-iranin-son-onerisinden-tatmin-olmadim-943710.html\"\/><br \/>\n                    <input type=\"hidden\" name=\"page_video_content\" class=\"page-video-content\" value=\"\"\/><br \/>\n                    <input type=\"hidden\" name=\"page_agency_ids\" class=\"page-agency-ids\" value=\"13\"\/><br \/>\n                    <input type=\"hidden\" name=\"page_is_special_news\" class=\"page-is-special-news\" value=\"0\"\/><br \/>\n                    <input type=\"hidden\" name=\"page_is_file_news\" class=\"page-is-file-news\" value=\"0\"\/><br \/>\n                    <input type=\"hidden\" name=\"page_date_published\" class=\"page-date-published\" value=\"2026-05-01 19:27:00+03:00\"\/><br \/>\n                    <input type=\"hidden\" name=\"page_date_modified\" class=\"page-date-modified\" value=\"2026-05-01 19:31:42+03:00\"\/><br \/>\n                    <input type=\"hidden\" name=\"page_next_news_id\" class=\"page-next-news-id\" value=\"943709\"\/><br \/>\n                    <input type=\"hidden\" name=\"page_next_news_url\" class=\"page-next-news-url\" value=\"haber\/dunya\/katar-kismen-durdurdugu-denizcilik-faaliyetlerini-tamamen-baslatacak-943709.html\"\/><br \/>\n                    <input type=\"hidden\" name=\"page_next_news_image\" class=\"page-next-news-image\" value=\"https:\/\/trthaberstatic.cdn.wp.trt.com.tr\/resimler\/2398000\/katar-2398778_4.jpg\"\/><br \/>\n                    <input type=\"hidden\" name=\"page_next_news_title\" class=\"page-next-news-title\" value=\"Katar, k\u0131smen durdurdu\u011fu denizcilik faaliyetlerini tamamen ba\u015flatacak\"\/><\/p>\n<div class=\"news-info-bar\">\n<p>                            <span class=\"category-tag\">D\u00fcnya<\/span><\/p>\n<p>\n                                                        <span class=\"source\"><br \/>\n                                <label>KAYNAK<\/label>TRT Haber                            <\/span><br \/>\n                                                                                        <span class=\"created-date\"><br \/>\n                                    <label>HABER G\u0130R\u0130\u015e<\/label><br \/>\n                                                                            01.05.2026 19:27                                                                                                                    <time class=\"updated-date-content\" datetime=\"2026-05-01 19:31\">, 01.05.2026 19:31<\/time><br \/>\n                                                                    <\/span><br \/>\n                                                                                        <span class=\"updated-date\"><br \/>\n                                    <label>SON G\u00dcNCELLEME<\/label><br \/>\n                                    <time datetime=\"2026-05-01 19:31\">01.05.2026 19:31<\/time><br \/>\n                                <\/span>\n                                                    <\/p>\n<\/p><\/div>\n<h2 class=\"news-spot\">ABD Ba\u015fkan\u0131 Trump, \u0130ran ile m\u00fczakerelere ili\u015fkin &#8220;Anla\u015fma yapmak istiyorlar ama son \u00f6neriden tatmin olmad\u0131m. Anla\u015fmaya varabilece\u011fimizden emin de\u011filim&#8221; a\u00e7\u0131klamas\u0131nda bulundu.<\/h2>\n<div class=\"news-image\">\n                            <picture><source data-srcset=\"https:\/\/trthaberstatic.cdn.wp.trt.com.tr\/resimler\/2450000\/abd-trump-iran-2450891_3.jpg\" media=\"(max-width: 320px)\"><source data-srcset=\"https:\/\/trthaberstatic.cdn.wp.trt.com.tr\/resimler\/2450000\/abd-trump-iran-2450891_2.jpg\" media=\"(max-width: 576px)\"><source data-srcset=\"https:\/\/trthaberstatic.cdn.wp.trt.com.tr\/resimler\/2450000\/abd-trump-iran-2450891_1.jpg\" media=\"(max-width: 1470px)\"><source data-srcset=\"https:\/\/trthaberstatic.cdn.wp.trt.com.tr\/resimler\/2450000\/abd-trump-iran-2450891.jpg\"><br \/>\n                            <\/source><\/source><\/source><\/source><\/picture>\n                                                    <\/div>\n<div class=\"social-links-container\">\n<ul>\n<li><span class=\"nsosyal\"\/><\/li>\n<li><span class=\"facebook\"\/><\/li>\n<li><a href=\"https:\/\/twitter.com\/intent\/tweet?hashtags=trthaber&amp;original_referer=https%3A%2F%2Fwww.trthaber.com%2Fhaber%2Fdunya%2Ftrump-iranin-son-onerisinden-tatmin-olmadim-943710.html&amp;related=trthaber&amp;text=Trump%3A+%C4%B0ran%27%C4%B1n+son+%C3%B6nerisinden+tatmin+olmad%C4%B1m&amp;url=https%3A%2F%2Fwww.trthaber.com%2Fhaber%2Fdunya%2Ftrump-iranin-son-onerisinden-tatmin-olmadim-943710.html&amp;via=trthaber\" class=\"social-share-url site-social-share-url\" title=\"Twitter Payla\u015f\" target=\"_blank\"><span class=\"twitter\"\/><\/a><\/li>\n<li><span class=\"linkedin\"\/><\/li>\n<li><span class=\"telegram\"\/><\/li>\n<li><span class=\"whatsapp\"\/><\/li>\n<li><span class=\"email\"\/><\/li>\n<\/ul><\/div>\n<div class=\"news-content\">\n<p>&#13;<br \/>\n\tAyr\u0131nt\u0131lar geliyor&#8230;<\/p>\n<div class=\"news-tags\">\n<p>ET\u0130KETLER<\/p>\n<div class=\"tags\">\n                                                                            Donald Trump<br \/>\n                                                                            \u0130ran\n                                                                    <\/div><\/div><\/div>\n<div class=\"news-detail-bottom-mobile-ads-container\">\n                            <!-- \/112281457\/trthaber_mobil_showcase -->\n                        <\/div><\/div>\n<div class=\"mobile-news-progress-bar-container\"><\/div>\n<div class=\"mobile-next-news\" data-id=\"943709\">\n<p>S\u0131radaki Haber<\/p>\n<p>Katar, k\u0131smen durdurdu\u011fu denizcilik faaliyetlerini tamamen ba\u015flatacak<\/p>\n<\/p><\/div>\n<p>Y\u00fckleniyor l\u00fctfen bekleyiniz<\/p>\n<\/p><\/div>\n<p><script async src=\"\/\/platform.twitter.com\/widgets.js\" charset=\"utf-8\"><\/script><\/p>\n","protected":false},"excerpt":{"rendered":"<p>D\u00fcnya KAYNAKTRT Haber HABER G\u0130R\u0130\u015e 01.05.2026 19:27 , 01.05.2026 19:31 SON G\u00dcNCELLEME 01.05.2026 19:31 ABD Ba\u015fkan\u0131 Trump, \u0130ran ile m\u00fczakerelere ili\u015fkin &#8220;Anla\u015fma yapmak istiyorlar ama son \u00f6neriden tatmin olmad\u0131m. Anla\u015fmaya varabilece\u011fimizden emin de\u011filim&#8221; a\u00e7\u0131klamas\u0131nda bulundu. &#13; Ayr\u0131nt\u0131lar geliyor&#8230; ET\u0130KETLER Donald Trump \u0130ran S\u0131radaki Haber Katar, k\u0131smen durdurdu\u011fu denizcilik faaliyetlerini tamamen ba\u015flatacak Y\u00fckleniyor l\u00fctfen bekleyiniz<\/p>\n","protected":false},"author":1,"featured_media":36426,"comment_status":"open","ping_status":"open","sticky":false,"template":"","format":"standard","meta":{"jnews-multi-image_gallery":[],"jnews_single_post":[],"jnews_primary_category":[],"footnotes":""},"categories":[2],"tags":[],"class_list":["post-37043","post","type-post","status-publish","format-standard","has-post-thumbnail","hentry","category-dunya"],"yoast_head":"<!-- This site is optimized with the Yoast SEO plugin v27.5 - https:\/\/yoast.com\/product\/yoast-seo-wordpress\/ -->\n<title>Trump: \u0130ran&#039;\u0131n son \u00f6nerisinden tatmin olmad\u0131m - Haber Kuzey<\/title>\n<meta name=\"robots\" content=\"index, follow, max-snippet:-1, max-image-preview:large, max-video-preview:-1\" \/>\n<link rel=\"canonical\" href=\"https:\/\/haberkuzey.com\/index.php\/2026\/05\/01\/trump-iranin-son-onerisinden-tatmin-olmadim\/\" \/>\n<meta property=\"og:locale\" content=\"tr_TR\" \/>\n<meta property=\"og:type\" content=\"article\" \/>\n<meta property=\"og:title\" content=\"Trump: \u0130ran&#039;\u0131n son \u00f6nerisinden tatmin olmad\u0131m - Haber Kuzey\" \/>\n<meta property=\"og:description\" content=\"D\u00fcnya KAYNAKTRT Haber HABER G\u0130R\u0130\u015e 01.05.2026 19:27 , 01.05.2026 19:31 SON G\u00dcNCELLEME 01.05.2026 19:31 ABD Ba\u015fkan\u0131 Trump, \u0130ran ile m\u00fczakerelere ili\u015fkin &#8220;Anla\u015fma yapmak istiyorlar ama son \u00f6neriden tatmin olmad\u0131m. Anla\u015fmaya varabilece\u011fimizden emin de\u011filim&#8221; a\u00e7\u0131klamas\u0131nda bulundu. &#013; Ayr\u0131nt\u0131lar geliyor&#8230; ET\u0130KETLER Donald Trump \u0130ran S\u0131radaki Haber Katar, k\u0131smen durdurdu\u011fu denizcilik faaliyetlerini tamamen ba\u015flatacak Y\u00fckleniyor l\u00fctfen bekleyiniz\" \/>\n<meta property=\"og:url\" content=\"https:\/\/haberkuzey.com\/index.php\/2026\/05\/01\/trump-iranin-son-onerisinden-tatmin-olmadim\/\" \/>\n<meta property=\"og:site_name\" content=\"Haber Kuzey\" \/>\n<meta property=\"article:published_time\" content=\"2026-05-01T16:52:09+00:00\" \/>\n<meta property=\"og:image\" content=\"https:\/\/trthaberstatic.cdn.wp.trt.com.tr\/resimler\/2450000\/abd-trump-iran-2450891.jpg\" \/>\n<meta name=\"author\" content=\"haberkuzey\" \/>\n<meta name=\"twitter:card\" content=\"summary_large_image\" \/>\n<meta name=\"twitter:label1\" content=\"Yazan:\" \/>\n\t<meta name=\"twitter:data1\" content=\"haberkuzey\" \/>\n<script type=\"application\/ld+json\" class=\"yoast-schema-graph\">{\"@context\":\"https:\\\/\\\/schema.org\",\"@graph\":[{\"@type\":\"Article\",\"@id\":\"https:\\\/\\\/haberkuzey.com\\\/index.php\\\/2026\\\/05\\\/01\\\/trump-iranin-son-onerisinden-tatmin-olmadim\\\/#article\",\"isPartOf\":{\"@id\":\"https:\\\/\\\/haberkuzey.com\\\/index.php\\\/2026\\\/05\\\/01\\\/trump-iranin-son-onerisinden-tatmin-olmadim\\\/\"},\"author\":{\"name\":\"haberkuzey\",\"@id\":\"https:\\\/\\\/haberkuzey.com\\\/#\\\/schema\\\/person\\\/3372109ec735f9333f4fa47ebb9605ca\"},\"headline\":\"Trump: \u0130ran&#8217;\u0131n son \u00f6nerisinden tatmin olmad\u0131m\",\"datePublished\":\"2026-05-01T16:52:09+00:00\",\"mainEntityOfPage\":{\"@id\":\"https:\\\/\\\/haberkuzey.com\\\/index.php\\\/2026\\\/05\\\/01\\\/trump-iranin-son-onerisinden-tatmin-olmadim\\\/\"},\"wordCount\":76,\"commentCount\":0,\"image\":{\"@id\":\"https:\\\/\\\/haberkuzey.com\\\/index.php\\\/2026\\\/05\\\/01\\\/trump-iranin-son-onerisinden-tatmin-olmadim\\\/#primaryimage\"},\"thumbnailUrl\":\"https:\\\/\\\/haberkuzey.com\\\/wp-content\\\/uploads\\\/2026\\\/04\\\/abd-trump-iran-2450891.jpg\",\"articleSection\":[\"D\u00fcnya\"],\"inLanguage\":\"tr\",\"potentialAction\":[{\"@type\":\"CommentAction\",\"name\":\"Comment\",\"target\":[\"https:\\\/\\\/haberkuzey.com\\\/index.php\\\/2026\\\/05\\\/01\\\/trump-iranin-son-onerisinden-tatmin-olmadim\\\/#respond\"]}]},{\"@type\":\"WebPage\",\"@id\":\"https:\\\/\\\/haberkuzey.com\\\/index.php\\\/2026\\\/05\\\/01\\\/trump-iranin-son-onerisinden-tatmin-olmadim\\\/\",\"url\":\"https:\\\/\\\/haberkuzey.com\\\/index.php\\\/2026\\\/05\\\/01\\\/trump-iranin-son-onerisinden-tatmin-olmadim\\\/\",\"name\":\"Trump: \u0130ran'\u0131n son \u00f6nerisinden tatmin olmad\u0131m - Haber Kuzey\",\"isPartOf\":{\"@id\":\"https:\\\/\\\/haberkuzey.com\\\/#website\"},\"primaryImageOfPage\":{\"@id\":\"https:\\\/\\\/haberkuzey.com\\\/index.php\\\/2026\\\/05\\\/01\\\/trump-iranin-son-onerisinden-tatmin-olmadim\\\/#primaryimage\"},\"image\":{\"@id\":\"https:\\\/\\\/haberkuzey.com\\\/index.php\\\/2026\\\/05\\\/01\\\/trump-iranin-son-onerisinden-tatmin-olmadim\\\/#primaryimage\"},\"thumbnailUrl\":\"https:\\\/\\\/haberkuzey.com\\\/wp-content\\\/uploads\\\/2026\\\/04\\\/abd-trump-iran-2450891.jpg\",\"datePublished\":\"2026-05-01T16:52:09+00:00\",\"author\":{\"@id\":\"https:\\\/\\\/haberkuzey.com\\\/#\\\/schema\\\/person\\\/3372109ec735f9333f4fa47ebb9605ca\"},\"breadcrumb\":{\"@id\":\"https:\\\/\\\/haberkuzey.com\\\/index.php\\\/2026\\\/05\\\/01\\\/trump-iranin-son-onerisinden-tatmin-olmadim\\\/#breadcrumb\"},\"inLanguage\":\"tr\",\"potentialAction\":[{\"@type\":\"ReadAction\",\"target\":[\"https:\\\/\\\/haberkuzey.com\\\/index.php\\\/2026\\\/05\\\/01\\\/trump-iranin-son-onerisinden-tatmin-olmadim\\\/\"]}]},{\"@type\":\"ImageObject\",\"inLanguage\":\"tr\",\"@id\":\"https:\\\/\\\/haberkuzey.com\\\/index.php\\\/2026\\\/05\\\/01\\\/trump-iranin-son-onerisinden-tatmin-olmadim\\\/#primaryimage\",\"url\":\"https:\\\/\\\/haberkuzey.com\\\/wp-content\\\/uploads\\\/2026\\\/04\\\/abd-trump-iran-2450891.jpg\",\"contentUrl\":\"https:\\\/\\\/haberkuzey.com\\\/wp-content\\\/uploads\\\/2026\\\/04\\\/abd-trump-iran-2450891.jpg\",\"width\":1280,\"height\":720},{\"@type\":\"BreadcrumbList\",\"@id\":\"https:\\\/\\\/haberkuzey.com\\\/index.php\\\/2026\\\/05\\\/01\\\/trump-iranin-son-onerisinden-tatmin-olmadim\\\/#breadcrumb\",\"itemListElement\":[{\"@type\":\"ListItem\",\"position\":1,\"name\":\"Anasayfa\",\"item\":\"https:\\\/\\\/haberkuzey.com\\\/\"},{\"@type\":\"ListItem\",\"position\":2,\"name\":\"Trump: \u0130ran&#8217;\u0131n son \u00f6nerisinden tatmin olmad\u0131m\"}]},{\"@type\":\"WebSite\",\"@id\":\"https:\\\/\\\/haberkuzey.com\\\/#website\",\"url\":\"https:\\\/\\\/haberkuzey.com\\\/\",\"name\":\"Haber Kuzey\",\"description\":\"Do\u011fru Haberin Adresi\",\"potentialAction\":[{\"@type\":\"SearchAction\",\"target\":{\"@type\":\"EntryPoint\",\"urlTemplate\":\"https:\\\/\\\/haberkuzey.com\\\/?s={search_term_string}\"},\"query-input\":{\"@type\":\"PropertyValueSpecification\",\"valueRequired\":true,\"valueName\":\"search_term_string\"}}],\"inLanguage\":\"tr\"},{\"@type\":\"Person\",\"@id\":\"https:\\\/\\\/haberkuzey.com\\\/#\\\/schema\\\/person\\\/3372109ec735f9333f4fa47ebb9605ca\",\"name\":\"haberkuzey\",\"image\":{\"@type\":\"ImageObject\",\"inLanguage\":\"tr\",\"@id\":\"https:\\\/\\\/secure.gravatar.com\\\/avatar\\\/f5fc875574b1575324358c3b9e6a32b8227aa5b74f3fa22e3cadb63e26fcc39c?s=96&d=mm&r=g\",\"url\":\"https:\\\/\\\/secure.gravatar.com\\\/avatar\\\/f5fc875574b1575324358c3b9e6a32b8227aa5b74f3fa22e3cadb63e26fcc39c?s=96&d=mm&r=g\",\"contentUrl\":\"https:\\\/\\\/secure.gravatar.com\\\/avatar\\\/f5fc875574b1575324358c3b9e6a32b8227aa5b74f3fa22e3cadb63e26fcc39c?s=96&d=mm&r=g\",\"caption\":\"haberkuzey\"},\"sameAs\":[\"https:\\\/\\\/haberkuzey.com\"],\"url\":\"https:\\\/\\\/haberkuzey.com\\\/index.php\\\/author\\\/haberkuzey\\\/\"}]}<\/script>\n<!-- \/ Yoast SEO plugin. -->","yoast_head_json":{"title":"Trump: \u0130ran'\u0131n son \u00f6nerisinden tatmin olmad\u0131m - Haber Kuzey","robots":{"index":"index","follow":"follow","max-snippet":"max-snippet:-1","max-image-preview":"max-image-preview:large","max-video-preview":"max-video-preview:-1"},"canonical":"https:\/\/haberkuzey.com\/index.php\/2026\/05\/01\/trump-iranin-son-onerisinden-tatmin-olmadim\/","og_locale":"tr_TR","og_type":"article","og_title":"Trump: \u0130ran'\u0131n son \u00f6nerisinden tatmin olmad\u0131m - Haber Kuzey","og_description":"D\u00fcnya KAYNAKTRT Haber HABER G\u0130R\u0130\u015e 01.05.2026 19:27 , 01.05.2026 19:31 SON G\u00dcNCELLEME 01.05.2026 19:31 ABD Ba\u015fkan\u0131 Trump, \u0130ran ile m\u00fczakerelere ili\u015fkin &#8220;Anla\u015fma yapmak istiyorlar ama son \u00f6neriden tatmin olmad\u0131m. Anla\u015fmaya varabilece\u011fimizden emin de\u011filim&#8221; a\u00e7\u0131klamas\u0131nda bulundu. &#13; Ayr\u0131nt\u0131lar geliyor&#8230; ET\u0130KETLER Donald Trump \u0130ran S\u0131radaki Haber Katar, k\u0131smen durdurdu\u011fu denizcilik faaliyetlerini tamamen ba\u015flatacak Y\u00fckleniyor l\u00fctfen bekleyiniz","og_url":"https:\/\/haberkuzey.com\/index.php\/2026\/05\/01\/trump-iranin-son-onerisinden-tatmin-olmadim\/","og_site_name":"Haber Kuzey","article_published_time":"2026-05-01T16:52:09+00:00","og_image":[{"url":"https:\/\/trthaberstatic.cdn.wp.trt.com.tr\/resimler\/2450000\/abd-trump-iran-2450891.jpg","type":"","width":"","height":""}],"author":"haberkuzey","twitter_card":"summary_large_image","twitter_misc":{"Yazan:":"haberkuzey"},"schema":{"@context":"https:\/\/schema.org","@graph":[{"@type":"Article","@id":"https:\/\/haberkuzey.com\/index.php\/2026\/05\/01\/trump-iranin-son-onerisinden-tatmin-olmadim\/#article","isPartOf":{"@id":"https:\/\/haberkuzey.com\/index.php\/2026\/05\/01\/trump-iranin-son-onerisinden-tatmin-olmadim\/"},"author":{"name":"haberkuzey","@id":"https:\/\/haberkuzey.com\/#\/schema\/person\/3372109ec735f9333f4fa47ebb9605ca"},"headline":"Trump: \u0130ran&#8217;\u0131n son \u00f6nerisinden tatmin olmad\u0131m","datePublished":"2026-05-01T16:52:09+00:00","mainEntityOfPage":{"@id":"https:\/\/haberkuzey.com\/index.php\/2026\/05\/01\/trump-iranin-son-onerisinden-tatmin-olmadim\/"},"wordCount":76,"commentCount":0,"image":{"@id":"https:\/\/haberkuzey.com\/index.php\/2026\/05\/01\/trump-iranin-son-onerisinden-tatmin-olmadim\/#primaryimage"},"thumbnailUrl":"https:\/\/haberkuzey.com\/wp-content\/uploads\/2026\/04\/abd-trump-iran-2450891.jpg","articleSection":["D\u00fcnya"],"inLanguage":"tr","potentialAction":[{"@type":"CommentAction","name":"Comment","target":["https:\/\/haberkuzey.com\/index.php\/2026\/05\/01\/trump-iranin-son-onerisinden-tatmin-olmadim\/#respond"]}]},{"@type":"WebPage","@id":"https:\/\/haberkuzey.com\/index.php\/2026\/05\/01\/trump-iranin-son-onerisinden-tatmin-olmadim\/","url":"https:\/\/haberkuzey.com\/index.php\/2026\/05\/01\/trump-iranin-son-onerisinden-tatmin-olmadim\/","name":"Trump: \u0130ran'\u0131n son \u00f6nerisinden tatmin olmad\u0131m - Haber Kuzey","isPartOf":{"@id":"https:\/\/haberkuzey.com\/#website"},"primaryImageOfPage":{"@id":"https:\/\/haberkuzey.com\/index.php\/2026\/05\/01\/trump-iranin-son-onerisinden-tatmin-olmadim\/#primaryimage"},"image":{"@id":"https:\/\/haberkuzey.com\/index.php\/2026\/05\/01\/trump-iranin-son-onerisinden-tatmin-olmadim\/#primaryimage"},"thumbnailUrl":"https:\/\/haberkuzey.com\/wp-content\/uploads\/2026\/04\/abd-trump-iran-2450891.jpg","datePublished":"2026-05-01T16:52:09+00:00","author":{"@id":"https:\/\/haberkuzey.com\/#\/schema\/person\/3372109ec735f9333f4fa47ebb9605ca"},"breadcrumb":{"@id":"https:\/\/haberkuzey.com\/index.php\/2026\/05\/01\/trump-iranin-son-onerisinden-tatmin-olmadim\/#breadcrumb"},"inLanguage":"tr","potentialAction":[{"@type":"ReadAction","target":["https:\/\/haberkuzey.com\/index.php\/2026\/05\/01\/trump-iranin-son-onerisinden-tatmin-olmadim\/"]}]},{"@type":"ImageObject","inLanguage":"tr","@id":"https:\/\/haberkuzey.com\/index.php\/2026\/05\/01\/trump-iranin-son-onerisinden-tatmin-olmadim\/#primaryimage","url":"https:\/\/haberkuzey.com\/wp-content\/uploads\/2026\/04\/abd-trump-iran-2450891.jpg","contentUrl":"https:\/\/haberkuzey.com\/wp-content\/uploads\/2026\/04\/abd-trump-iran-2450891.jpg","width":1280,"height":720},{"@type":"BreadcrumbList","@id":"https:\/\/haberkuzey.com\/index.php\/2026\/05\/01\/trump-iranin-son-onerisinden-tatmin-olmadim\/#breadcrumb","itemListElement":[{"@type":"ListItem","position":1,"name":"Anasayfa","item":"https:\/\/haberkuzey.com\/"},{"@type":"ListItem","position":2,"name":"Trump: \u0130ran&#8217;\u0131n son \u00f6nerisinden tatmin olmad\u0131m"}]},{"@type":"WebSite","@id":"https:\/\/haberkuzey.com\/#website","url":"https:\/\/haberkuzey.com\/","name":"Haber Kuzey","description":"Do\u011fru Haberin Adresi","potentialAction":[{"@type":"SearchAction","target":{"@type":"EntryPoint","urlTemplate":"https:\/\/haberkuzey.com\/?s={search_term_string}"},"query-input":{"@type":"PropertyValueSpecification","valueRequired":true,"valueName":"search_term_string"}}],"inLanguage":"tr"},{"@type":"Person","@id":"https:\/\/haberkuzey.com\/#\/schema\/person\/3372109ec735f9333f4fa47ebb9605ca","name":"haberkuzey","image":{"@type":"ImageObject","inLanguage":"tr","@id":"https:\/\/secure.gravatar.com\/avatar\/f5fc875574b1575324358c3b9e6a32b8227aa5b74f3fa22e3cadb63e26fcc39c?s=96&d=mm&r=g","url":"https:\/\/secure.gravatar.com\/avatar\/f5fc875574b1575324358c3b9e6a32b8227aa5b74f3fa22e3cadb63e26fcc39c?s=96&d=mm&r=g","contentUrl":"https:\/\/secure.gravatar.com\/avatar\/f5fc875574b1575324358c3b9e6a32b8227aa5b74f3fa22e3cadb63e26fcc39c?s=96&d=mm&r=g","caption":"haberkuzey"},"sameAs":["https:\/\/haberkuzey.com"],"url":"https:\/\/haberkuzey.com\/index.php\/author\/haberkuzey\/"}]}},"_links":{"self":[{"href":"https:\/\/haberkuzey.com\/index.php\/wp-json\/wp\/v2\/posts\/37043","targetHints":{"allow":["GET"]}}],"collection":[{"href":"https:\/\/haberkuzey.com\/index.php\/wp-json\/wp\/v2\/posts"}],"about":[{"href":"https:\/\/haberkuzey.com\/index.php\/wp-json\/wp\/v2\/types\/post"}],"author":[{"embeddable":true,"href":"https:\/\/haberkuzey.com\/index.php\/wp-json\/wp\/v2\/users\/1"}],"replies":[{"embeddable":true,"href":"https:\/\/haberkuzey.com\/index.php\/wp-json\/wp\/v2\/comments?post=37043"}],"version-history":[{"count":0,"href":"https:\/\/haberkuzey.com\/index.php\/wp-json\/wp\/v2\/posts\/37043\/revisions"}],"wp:featuredmedia":[{"embeddable":true,"href":"https:\/\/haberkuzey.com\/index.php\/wp-json\/wp\/v2\/media\/36426"}],"wp:attachment":[{"href":"https:\/\/haberkuzey.com\/index.php\/wp-json\/wp\/v2\/media?parent=37043"}],"wp:term":[{"taxonomy":"category","embeddable":true,"href":"https:\/\/haberkuzey.com\/index.php\/wp-json\/wp\/v2\/categories?post=37043"},{"taxonomy":"post_tag","embeddable":true,"href":"https:\/\/haberkuzey.com\/index.php\/wp-json\/wp\/v2\/tags?post=37043"}],"curies":[{"name":"wp","href":"https:\/\/api.w.org\/{rel}","templated":true}]}}