{"id":37035,"date":"2026-05-01T17:58:52","date_gmt":"2026-05-01T14:58:52","guid":{"rendered":"https:\/\/haberkuzey.com\/index.php\/2026\/05\/01\/polisten-uyari-yola-yag-dokulmesi-nedeniyle-trafik-akisinda-kontrollu-duzenleme-yapildi\/"},"modified":"2026-05-01T17:59:05","modified_gmt":"2026-05-01T14:59:05","slug":"polisten-uyari-yola-yag-dokulmesi-nedeniyle-trafik-akisinda-kontrollu-duzenleme-yapildi","status":"publish","type":"post","link":"https:\/\/haberkuzey.com\/index.php\/2026\/05\/01\/polisten-uyari-yola-yag-dokulmesi-nedeniyle-trafik-akisinda-kontrollu-duzenleme-yapildi\/","title":{"rendered":"Polisten uyar\u0131: Yola ya\u011f d\u00f6k\u00fclmesi nedeniyle trafik ak\u0131\u015f\u0131nda kontroll\u00fc d\u00fczenleme yap\u0131ld\u0131"},"content":{"rendered":"<p>Lefko\u015fa Kuzey \u00c7evre Yolu\u2019nda yola ya\u011f d\u00f6k\u00fclmesi nedeniyle trafik ak\u0131\u015f\u0131nda kontroll\u00fc d\u00fczenleme yap\u0131ld\u0131.<\/p>\n<p>Lefko\u015fa Trafik \u015eubesi ekipleri, olas\u0131 kazalar\u0131n \u00f6n\u00fcne ge\u00e7mek amac\u0131yla b\u00f6lgede g\u00fcvenlik \u00f6nlemleri al\u0131rken, yolun tek tarafl\u0131 olarak trafi\u011fe a\u00e7\u0131ld\u0131\u011f\u0131 bildirildi.<\/p>\n<p>Yetkililer, s\u00fcr\u00fcc\u00fclerin bu g\u00fczerg\u00e2hta h\u0131zlar\u0131n\u0131 d\u00fc\u015f\u00fcrmeleri, takip mesafesini korumalar\u0131 ve trafik ekiplerinin y\u00f6nlendirmelerine uymalar\u0131 \u00e7a\u011fr\u0131s\u0131nda bulundu.<\/p>\n<p>Kazalara kar\u015f\u0131 dikkatli ve tedbirli olunmas\u0131 istendi.<\/p>\n","protected":false},"excerpt":{"rendered":"<p>Lefko\u015fa Kuzey \u00c7evre Yolu\u2019nda yola ya\u011f d\u00f6k\u00fclmesi nedeniyle trafik ak\u0131\u015f\u0131nda kontroll\u00fc d\u00fczenleme yap\u0131ld\u0131. Lefko\u015fa Trafik \u015eubesi ekipleri, olas\u0131 kazalar\u0131n \u00f6n\u00fcne ge\u00e7mek amac\u0131yla b\u00f6lgede g\u00fcvenlik \u00f6nlemleri al\u0131rken, yolun tek tarafl\u0131 olarak trafi\u011fe a\u00e7\u0131ld\u0131\u011f\u0131 bildirildi. Yetkililer, s\u00fcr\u00fcc\u00fclerin bu g\u00fczerg\u00e2hta h\u0131zlar\u0131n\u0131 d\u00fc\u015f\u00fcrmeleri, takip mesafesini korumalar\u0131 ve trafik ekiplerinin y\u00f6nlendirmelerine uymalar\u0131 \u00e7a\u011fr\u0131s\u0131nda bulundu. Kazalara kar\u015f\u0131 dikkatli ve tedbirli olunmas\u0131 [&hellip;]<\/p>\n","protected":false},"author":1,"featured_media":37036,"comment_status":"open","ping_status":"open","sticky":false,"template":"","format":"standard","meta":{"jnews-multi-image_gallery":[],"jnews_single_post":[],"jnews_primary_category":[],"footnotes":""},"categories":[1],"tags":[],"class_list":["post-37035","post","type-post","status-publish","format-standard","has-post-thumbnail","hentry","category-kibris"],"yoast_head":"<!-- This site is optimized with the Yoast SEO plugin v27.5 - https:\/\/yoast.com\/product\/yoast-seo-wordpress\/ -->\n<title>Polisten uyar\u0131: Yola ya\u011f d\u00f6k\u00fclmesi nedeniyle trafik ak\u0131\u015f\u0131nda kontroll\u00fc d\u00fczenleme yap\u0131ld\u0131 - Haber Kuzey<\/title>\n<meta name=\"robots\" content=\"index, follow, max-snippet:-1, max-image-preview:large, max-video-preview:-1\" \/>\n<link rel=\"canonical\" href=\"https:\/\/haberkuzey.com\/index.php\/2026\/05\/01\/polisten-uyari-yola-yag-dokulmesi-nedeniyle-trafik-akisinda-kontrollu-duzenleme-yapildi\/\" \/>\n<meta property=\"og:locale\" content=\"tr_TR\" \/>\n<meta property=\"og:type\" content=\"article\" \/>\n<meta property=\"og:title\" content=\"Polisten uyar\u0131: Yola ya\u011f d\u00f6k\u00fclmesi nedeniyle trafik ak\u0131\u015f\u0131nda kontroll\u00fc d\u00fczenleme yap\u0131ld\u0131 - Haber Kuzey\" \/>\n<meta property=\"og:description\" content=\"Lefko\u015fa Kuzey \u00c7evre Yolu\u2019nda yola ya\u011f d\u00f6k\u00fclmesi nedeniyle trafik ak\u0131\u015f\u0131nda kontroll\u00fc d\u00fczenleme yap\u0131ld\u0131. Lefko\u015fa Trafik \u015eubesi ekipleri, olas\u0131 kazalar\u0131n \u00f6n\u00fcne ge\u00e7mek amac\u0131yla b\u00f6lgede g\u00fcvenlik \u00f6nlemleri al\u0131rken, yolun tek tarafl\u0131 olarak trafi\u011fe a\u00e7\u0131ld\u0131\u011f\u0131 bildirildi. Yetkililer, s\u00fcr\u00fcc\u00fclerin bu g\u00fczerg\u00e2hta h\u0131zlar\u0131n\u0131 d\u00fc\u015f\u00fcrmeleri, takip mesafesini korumalar\u0131 ve trafik ekiplerinin y\u00f6nlendirmelerine uymalar\u0131 \u00e7a\u011fr\u0131s\u0131nda bulundu. Kazalara kar\u015f\u0131 dikkatli ve tedbirli olunmas\u0131 [&hellip;]\" \/>\n<meta property=\"og:url\" content=\"https:\/\/haberkuzey.com\/index.php\/2026\/05\/01\/polisten-uyari-yola-yag-dokulmesi-nedeniyle-trafik-akisinda-kontrollu-duzenleme-yapildi\/\" \/>\n<meta property=\"og:site_name\" content=\"Haber Kuzey\" \/>\n<meta property=\"article:published_time\" content=\"2026-05-01T14:58:52+00:00\" \/>\n<meta property=\"article:modified_time\" content=\"2026-05-01T14:59:05+00:00\" \/>\n<meta property=\"og:image\" content=\"https:\/\/haberkuzey.com\/wp-content\/uploads\/2026\/05\/geeg.webp\" \/>\n\t<meta property=\"og:image:width\" content=\"1280\" \/>\n\t<meta property=\"og:image:height\" content=\"720\" \/>\n\t<meta property=\"og:image:type\" content=\"image\/webp\" \/>\n<meta name=\"author\" content=\"haberkuzey\" \/>\n<meta name=\"twitter:card\" content=\"summary_large_image\" \/>\n<meta name=\"twitter:label1\" content=\"Yazan:\" \/>\n\t<meta name=\"twitter:data1\" content=\"haberkuzey\" \/>\n<script type=\"application\/ld+json\" class=\"yoast-schema-graph\">{\"@context\":\"https:\\\/\\\/schema.org\",\"@graph\":[{\"@type\":\"Article\",\"@id\":\"https:\\\/\\\/haberkuzey.com\\\/index.php\\\/2026\\\/05\\\/01\\\/polisten-uyari-yola-yag-dokulmesi-nedeniyle-trafik-akisinda-kontrollu-duzenleme-yapildi\\\/#article\",\"isPartOf\":{\"@id\":\"https:\\\/\\\/haberkuzey.com\\\/index.php\\\/2026\\\/05\\\/01\\\/polisten-uyari-yola-yag-dokulmesi-nedeniyle-trafik-akisinda-kontrollu-duzenleme-yapildi\\\/\"},\"author\":{\"name\":\"haberkuzey\",\"@id\":\"https:\\\/\\\/haberkuzey.com\\\/#\\\/schema\\\/person\\\/3372109ec735f9333f4fa47ebb9605ca\"},\"headline\":\"Polisten uyar\u0131: Yola ya\u011f d\u00f6k\u00fclmesi nedeniyle trafik ak\u0131\u015f\u0131nda kontroll\u00fc d\u00fczenleme yap\u0131ld\u0131\",\"datePublished\":\"2026-05-01T14:58:52+00:00\",\"dateModified\":\"2026-05-01T14:59:05+00:00\",\"mainEntityOfPage\":{\"@id\":\"https:\\\/\\\/haberkuzey.com\\\/index.php\\\/2026\\\/05\\\/01\\\/polisten-uyari-yola-yag-dokulmesi-nedeniyle-trafik-akisinda-kontrollu-duzenleme-yapildi\\\/\"},\"wordCount\":101,\"commentCount\":0,\"image\":{\"@id\":\"https:\\\/\\\/haberkuzey.com\\\/index.php\\\/2026\\\/05\\\/01\\\/polisten-uyari-yola-yag-dokulmesi-nedeniyle-trafik-akisinda-kontrollu-duzenleme-yapildi\\\/#primaryimage\"},\"thumbnailUrl\":\"https:\\\/\\\/haberkuzey.com\\\/wp-content\\\/uploads\\\/2026\\\/05\\\/geeg.webp\",\"articleSection\":[\"K\u0131br\u0131s\"],\"inLanguage\":\"tr\",\"potentialAction\":[{\"@type\":\"CommentAction\",\"name\":\"Comment\",\"target\":[\"https:\\\/\\\/haberkuzey.com\\\/index.php\\\/2026\\\/05\\\/01\\\/polisten-uyari-yola-yag-dokulmesi-nedeniyle-trafik-akisinda-kontrollu-duzenleme-yapildi\\\/#respond\"]}]},{\"@type\":\"WebPage\",\"@id\":\"https:\\\/\\\/haberkuzey.com\\\/index.php\\\/2026\\\/05\\\/01\\\/polisten-uyari-yola-yag-dokulmesi-nedeniyle-trafik-akisinda-kontrollu-duzenleme-yapildi\\\/\",\"url\":\"https:\\\/\\\/haberkuzey.com\\\/index.php\\\/2026\\\/05\\\/01\\\/polisten-uyari-yola-yag-dokulmesi-nedeniyle-trafik-akisinda-kontrollu-duzenleme-yapildi\\\/\",\"name\":\"Polisten uyar\u0131: Yola ya\u011f d\u00f6k\u00fclmesi nedeniyle trafik ak\u0131\u015f\u0131nda kontroll\u00fc d\u00fczenleme yap\u0131ld\u0131 - Haber Kuzey\",\"isPartOf\":{\"@id\":\"https:\\\/\\\/haberkuzey.com\\\/#website\"},\"primaryImageOfPage\":{\"@id\":\"https:\\\/\\\/haberkuzey.com\\\/index.php\\\/2026\\\/05\\\/01\\\/polisten-uyari-yola-yag-dokulmesi-nedeniyle-trafik-akisinda-kontrollu-duzenleme-yapildi\\\/#primaryimage\"},\"image\":{\"@id\":\"https:\\\/\\\/haberkuzey.com\\\/index.php\\\/2026\\\/05\\\/01\\\/polisten-uyari-yola-yag-dokulmesi-nedeniyle-trafik-akisinda-kontrollu-duzenleme-yapildi\\\/#primaryimage\"},\"thumbnailUrl\":\"https:\\\/\\\/haberkuzey.com\\\/wp-content\\\/uploads\\\/2026\\\/05\\\/geeg.webp\",\"datePublished\":\"2026-05-01T14:58:52+00:00\",\"dateModified\":\"2026-05-01T14:59:05+00:00\",\"author\":{\"@id\":\"https:\\\/\\\/haberkuzey.com\\\/#\\\/schema\\\/person\\\/3372109ec735f9333f4fa47ebb9605ca\"},\"breadcrumb\":{\"@id\":\"https:\\\/\\\/haberkuzey.com\\\/index.php\\\/2026\\\/05\\\/01\\\/polisten-uyari-yola-yag-dokulmesi-nedeniyle-trafik-akisinda-kontrollu-duzenleme-yapildi\\\/#breadcrumb\"},\"inLanguage\":\"tr\",\"potentialAction\":[{\"@type\":\"ReadAction\",\"target\":[\"https:\\\/\\\/haberkuzey.com\\\/index.php\\\/2026\\\/05\\\/01\\\/polisten-uyari-yola-yag-dokulmesi-nedeniyle-trafik-akisinda-kontrollu-duzenleme-yapildi\\\/\"]}]},{\"@type\":\"ImageObject\",\"inLanguage\":\"tr\",\"@id\":\"https:\\\/\\\/haberkuzey.com\\\/index.php\\\/2026\\\/05\\\/01\\\/polisten-uyari-yola-yag-dokulmesi-nedeniyle-trafik-akisinda-kontrollu-duzenleme-yapildi\\\/#primaryimage\",\"url\":\"https:\\\/\\\/haberkuzey.com\\\/wp-content\\\/uploads\\\/2026\\\/05\\\/geeg.webp\",\"contentUrl\":\"https:\\\/\\\/haberkuzey.com\\\/wp-content\\\/uploads\\\/2026\\\/05\\\/geeg.webp\",\"width\":1280,\"height\":720},{\"@type\":\"BreadcrumbList\",\"@id\":\"https:\\\/\\\/haberkuzey.com\\\/index.php\\\/2026\\\/05\\\/01\\\/polisten-uyari-yola-yag-dokulmesi-nedeniyle-trafik-akisinda-kontrollu-duzenleme-yapildi\\\/#breadcrumb\",\"itemListElement\":[{\"@type\":\"ListItem\",\"position\":1,\"name\":\"Anasayfa\",\"item\":\"https:\\\/\\\/haberkuzey.com\\\/\"},{\"@type\":\"ListItem\",\"position\":2,\"name\":\"Polisten uyar\u0131: Yola ya\u011f d\u00f6k\u00fclmesi nedeniyle trafik ak\u0131\u015f\u0131nda kontroll\u00fc d\u00fczenleme yap\u0131ld\u0131\"}]},{\"@type\":\"WebSite\",\"@id\":\"https:\\\/\\\/haberkuzey.com\\\/#website\",\"url\":\"https:\\\/\\\/haberkuzey.com\\\/\",\"name\":\"Haber Kuzey\",\"description\":\"Do\u011fru Haberin Adresi\",\"potentialAction\":[{\"@type\":\"SearchAction\",\"target\":{\"@type\":\"EntryPoint\",\"urlTemplate\":\"https:\\\/\\\/haberkuzey.com\\\/?s={search_term_string}\"},\"query-input\":{\"@type\":\"PropertyValueSpecification\",\"valueRequired\":true,\"valueName\":\"search_term_string\"}}],\"inLanguage\":\"tr\"},{\"@type\":\"Person\",\"@id\":\"https:\\\/\\\/haberkuzey.com\\\/#\\\/schema\\\/person\\\/3372109ec735f9333f4fa47ebb9605ca\",\"name\":\"haberkuzey\",\"image\":{\"@type\":\"ImageObject\",\"inLanguage\":\"tr\",\"@id\":\"https:\\\/\\\/secure.gravatar.com\\\/avatar\\\/f5fc875574b1575324358c3b9e6a32b8227aa5b74f3fa22e3cadb63e26fcc39c?s=96&d=mm&r=g\",\"url\":\"https:\\\/\\\/secure.gravatar.com\\\/avatar\\\/f5fc875574b1575324358c3b9e6a32b8227aa5b74f3fa22e3cadb63e26fcc39c?s=96&d=mm&r=g\",\"contentUrl\":\"https:\\\/\\\/secure.gravatar.com\\\/avatar\\\/f5fc875574b1575324358c3b9e6a32b8227aa5b74f3fa22e3cadb63e26fcc39c?s=96&d=mm&r=g\",\"caption\":\"haberkuzey\"},\"sameAs\":[\"https:\\\/\\\/haberkuzey.com\"],\"url\":\"https:\\\/\\\/haberkuzey.com\\\/index.php\\\/author\\\/haberkuzey\\\/\"}]}<\/script>\n<!-- \/ Yoast SEO plugin. -->","yoast_head_json":{"title":"Polisten uyar\u0131: Yola ya\u011f d\u00f6k\u00fclmesi nedeniyle trafik ak\u0131\u015f\u0131nda kontroll\u00fc d\u00fczenleme yap\u0131ld\u0131 - Haber Kuzey","robots":{"index":"index","follow":"follow","max-snippet":"max-snippet:-1","max-image-preview":"max-image-preview:large","max-video-preview":"max-video-preview:-1"},"canonical":"https:\/\/haberkuzey.com\/index.php\/2026\/05\/01\/polisten-uyari-yola-yag-dokulmesi-nedeniyle-trafik-akisinda-kontrollu-duzenleme-yapildi\/","og_locale":"tr_TR","og_type":"article","og_title":"Polisten uyar\u0131: Yola ya\u011f d\u00f6k\u00fclmesi nedeniyle trafik ak\u0131\u015f\u0131nda kontroll\u00fc d\u00fczenleme yap\u0131ld\u0131 - Haber Kuzey","og_description":"Lefko\u015fa Kuzey \u00c7evre Yolu\u2019nda yola ya\u011f d\u00f6k\u00fclmesi nedeniyle trafik ak\u0131\u015f\u0131nda kontroll\u00fc d\u00fczenleme yap\u0131ld\u0131. Lefko\u015fa Trafik \u015eubesi ekipleri, olas\u0131 kazalar\u0131n \u00f6n\u00fcne ge\u00e7mek amac\u0131yla b\u00f6lgede g\u00fcvenlik \u00f6nlemleri al\u0131rken, yolun tek tarafl\u0131 olarak trafi\u011fe a\u00e7\u0131ld\u0131\u011f\u0131 bildirildi. Yetkililer, s\u00fcr\u00fcc\u00fclerin bu g\u00fczerg\u00e2hta h\u0131zlar\u0131n\u0131 d\u00fc\u015f\u00fcrmeleri, takip mesafesini korumalar\u0131 ve trafik ekiplerinin y\u00f6nlendirmelerine uymalar\u0131 \u00e7a\u011fr\u0131s\u0131nda bulundu. Kazalara kar\u015f\u0131 dikkatli ve tedbirli olunmas\u0131 [&hellip;]","og_url":"https:\/\/haberkuzey.com\/index.php\/2026\/05\/01\/polisten-uyari-yola-yag-dokulmesi-nedeniyle-trafik-akisinda-kontrollu-duzenleme-yapildi\/","og_site_name":"Haber Kuzey","article_published_time":"2026-05-01T14:58:52+00:00","article_modified_time":"2026-05-01T14:59:05+00:00","og_image":[{"width":1280,"height":720,"url":"https:\/\/haberkuzey.com\/wp-content\/uploads\/2026\/05\/geeg.webp","type":"image\/webp"}],"author":"haberkuzey","twitter_card":"summary_large_image","twitter_misc":{"Yazan:":"haberkuzey"},"schema":{"@context":"https:\/\/schema.org","@graph":[{"@type":"Article","@id":"https:\/\/haberkuzey.com\/index.php\/2026\/05\/01\/polisten-uyari-yola-yag-dokulmesi-nedeniyle-trafik-akisinda-kontrollu-duzenleme-yapildi\/#article","isPartOf":{"@id":"https:\/\/haberkuzey.com\/index.php\/2026\/05\/01\/polisten-uyari-yola-yag-dokulmesi-nedeniyle-trafik-akisinda-kontrollu-duzenleme-yapildi\/"},"author":{"name":"haberkuzey","@id":"https:\/\/haberkuzey.com\/#\/schema\/person\/3372109ec735f9333f4fa47ebb9605ca"},"headline":"Polisten uyar\u0131: Yola ya\u011f d\u00f6k\u00fclmesi nedeniyle trafik ak\u0131\u015f\u0131nda kontroll\u00fc d\u00fczenleme yap\u0131ld\u0131","datePublished":"2026-05-01T14:58:52+00:00","dateModified":"2026-05-01T14:59:05+00:00","mainEntityOfPage":{"@id":"https:\/\/haberkuzey.com\/index.php\/2026\/05\/01\/polisten-uyari-yola-yag-dokulmesi-nedeniyle-trafik-akisinda-kontrollu-duzenleme-yapildi\/"},"wordCount":101,"commentCount":0,"image":{"@id":"https:\/\/haberkuzey.com\/index.php\/2026\/05\/01\/polisten-uyari-yola-yag-dokulmesi-nedeniyle-trafik-akisinda-kontrollu-duzenleme-yapildi\/#primaryimage"},"thumbnailUrl":"https:\/\/haberkuzey.com\/wp-content\/uploads\/2026\/05\/geeg.webp","articleSection":["K\u0131br\u0131s"],"inLanguage":"tr","potentialAction":[{"@type":"CommentAction","name":"Comment","target":["https:\/\/haberkuzey.com\/index.php\/2026\/05\/01\/polisten-uyari-yola-yag-dokulmesi-nedeniyle-trafik-akisinda-kontrollu-duzenleme-yapildi\/#respond"]}]},{"@type":"WebPage","@id":"https:\/\/haberkuzey.com\/index.php\/2026\/05\/01\/polisten-uyari-yola-yag-dokulmesi-nedeniyle-trafik-akisinda-kontrollu-duzenleme-yapildi\/","url":"https:\/\/haberkuzey.com\/index.php\/2026\/05\/01\/polisten-uyari-yola-yag-dokulmesi-nedeniyle-trafik-akisinda-kontrollu-duzenleme-yapildi\/","name":"Polisten uyar\u0131: Yola ya\u011f d\u00f6k\u00fclmesi nedeniyle trafik ak\u0131\u015f\u0131nda kontroll\u00fc d\u00fczenleme yap\u0131ld\u0131 - Haber Kuzey","isPartOf":{"@id":"https:\/\/haberkuzey.com\/#website"},"primaryImageOfPage":{"@id":"https:\/\/haberkuzey.com\/index.php\/2026\/05\/01\/polisten-uyari-yola-yag-dokulmesi-nedeniyle-trafik-akisinda-kontrollu-duzenleme-yapildi\/#primaryimage"},"image":{"@id":"https:\/\/haberkuzey.com\/index.php\/2026\/05\/01\/polisten-uyari-yola-yag-dokulmesi-nedeniyle-trafik-akisinda-kontrollu-duzenleme-yapildi\/#primaryimage"},"thumbnailUrl":"https:\/\/haberkuzey.com\/wp-content\/uploads\/2026\/05\/geeg.webp","datePublished":"2026-05-01T14:58:52+00:00","dateModified":"2026-05-01T14:59:05+00:00","author":{"@id":"https:\/\/haberkuzey.com\/#\/schema\/person\/3372109ec735f9333f4fa47ebb9605ca"},"breadcrumb":{"@id":"https:\/\/haberkuzey.com\/index.php\/2026\/05\/01\/polisten-uyari-yola-yag-dokulmesi-nedeniyle-trafik-akisinda-kontrollu-duzenleme-yapildi\/#breadcrumb"},"inLanguage":"tr","potentialAction":[{"@type":"ReadAction","target":["https:\/\/haberkuzey.com\/index.php\/2026\/05\/01\/polisten-uyari-yola-yag-dokulmesi-nedeniyle-trafik-akisinda-kontrollu-duzenleme-yapildi\/"]}]},{"@type":"ImageObject","inLanguage":"tr","@id":"https:\/\/haberkuzey.com\/index.php\/2026\/05\/01\/polisten-uyari-yola-yag-dokulmesi-nedeniyle-trafik-akisinda-kontrollu-duzenleme-yapildi\/#primaryimage","url":"https:\/\/haberkuzey.com\/wp-content\/uploads\/2026\/05\/geeg.webp","contentUrl":"https:\/\/haberkuzey.com\/wp-content\/uploads\/2026\/05\/geeg.webp","width":1280,"height":720},{"@type":"BreadcrumbList","@id":"https:\/\/haberkuzey.com\/index.php\/2026\/05\/01\/polisten-uyari-yola-yag-dokulmesi-nedeniyle-trafik-akisinda-kontrollu-duzenleme-yapildi\/#breadcrumb","itemListElement":[{"@type":"ListItem","position":1,"name":"Anasayfa","item":"https:\/\/haberkuzey.com\/"},{"@type":"ListItem","position":2,"name":"Polisten uyar\u0131: Yola ya\u011f d\u00f6k\u00fclmesi nedeniyle trafik ak\u0131\u015f\u0131nda kontroll\u00fc d\u00fczenleme yap\u0131ld\u0131"}]},{"@type":"WebSite","@id":"https:\/\/haberkuzey.com\/#website","url":"https:\/\/haberkuzey.com\/","name":"Haber Kuzey","description":"Do\u011fru Haberin Adresi","potentialAction":[{"@type":"SearchAction","target":{"@type":"EntryPoint","urlTemplate":"https:\/\/haberkuzey.com\/?s={search_term_string}"},"query-input":{"@type":"PropertyValueSpecification","valueRequired":true,"valueName":"search_term_string"}}],"inLanguage":"tr"},{"@type":"Person","@id":"https:\/\/haberkuzey.com\/#\/schema\/person\/3372109ec735f9333f4fa47ebb9605ca","name":"haberkuzey","image":{"@type":"ImageObject","inLanguage":"tr","@id":"https:\/\/secure.gravatar.com\/avatar\/f5fc875574b1575324358c3b9e6a32b8227aa5b74f3fa22e3cadb63e26fcc39c?s=96&d=mm&r=g","url":"https:\/\/secure.gravatar.com\/avatar\/f5fc875574b1575324358c3b9e6a32b8227aa5b74f3fa22e3cadb63e26fcc39c?s=96&d=mm&r=g","contentUrl":"https:\/\/secure.gravatar.com\/avatar\/f5fc875574b1575324358c3b9e6a32b8227aa5b74f3fa22e3cadb63e26fcc39c?s=96&d=mm&r=g","caption":"haberkuzey"},"sameAs":["https:\/\/haberkuzey.com"],"url":"https:\/\/haberkuzey.com\/index.php\/author\/haberkuzey\/"}]}},"_links":{"self":[{"href":"https:\/\/haberkuzey.com\/index.php\/wp-json\/wp\/v2\/posts\/37035","targetHints":{"allow":["GET"]}}],"collection":[{"href":"https:\/\/haberkuzey.com\/index.php\/wp-json\/wp\/v2\/posts"}],"about":[{"href":"https:\/\/haberkuzey.com\/index.php\/wp-json\/wp\/v2\/types\/post"}],"author":[{"embeddable":true,"href":"https:\/\/haberkuzey.com\/index.php\/wp-json\/wp\/v2\/users\/1"}],"replies":[{"embeddable":true,"href":"https:\/\/haberkuzey.com\/index.php\/wp-json\/wp\/v2\/comments?post=37035"}],"version-history":[{"count":1,"href":"https:\/\/haberkuzey.com\/index.php\/wp-json\/wp\/v2\/posts\/37035\/revisions"}],"predecessor-version":[{"id":37037,"href":"https:\/\/haberkuzey.com\/index.php\/wp-json\/wp\/v2\/posts\/37035\/revisions\/37037"}],"wp:featuredmedia":[{"embeddable":true,"href":"https:\/\/haberkuzey.com\/index.php\/wp-json\/wp\/v2\/media\/37036"}],"wp:attachment":[{"href":"https:\/\/haberkuzey.com\/index.php\/wp-json\/wp\/v2\/media?parent=37035"}],"wp:term":[{"taxonomy":"category","embeddable":true,"href":"https:\/\/haberkuzey.com\/index.php\/wp-json\/wp\/v2\/categories?post=37035"},{"taxonomy":"post_tag","embeddable":true,"href":"https:\/\/haberkuzey.com\/index.php\/wp-json\/wp\/v2\/tags?post=37035"}],"curies":[{"name":"wp","href":"https:\/\/api.w.org\/{rel}","templated":true}]}}