{"id":37030,"date":"2026-05-01T17:45:49","date_gmt":"2026-05-01T14:45:49","guid":{"rendered":"https:\/\/haberkuzey.com\/index.php\/2026\/05\/01\/tarim-bakani-cavus-kibris-turk-ciftciler-birliginin-83-kurulus-yil-donumunu-kutladi\/"},"modified":"2026-05-01T17:45:57","modified_gmt":"2026-05-01T14:45:57","slug":"tarim-bakani-cavus-kibris-turk-ciftciler-birliginin-83-kurulus-yil-donumunu-kutladi","status":"publish","type":"post","link":"https:\/\/haberkuzey.com\/index.php\/2026\/05\/01\/tarim-bakani-cavus-kibris-turk-ciftciler-birliginin-83-kurulus-yil-donumunu-kutladi\/","title":{"rendered":"Tar\u0131m Bakan\u0131 \u00c7avu\u015f, K\u0131br\u0131s T\u00fcrk \u00c7ift\u00e7iler Birli\u011fi\u2019nin 83. kurulu\u015f y\u0131l d\u00f6n\u00fcm\u00fcn\u00fc kutlad\u0131"},"content":{"rendered":"<p>Tar\u0131m ve Do\u011fal Kaynaklar Bakan\u0131 H\u00fcseyin \u00c7avu\u015f, topra\u011fa emek veren, \u00fcretimiyle hayat\u0131 s\u00fcrd\u00fcren \u00e7ift\u00e7ilerin \u00fclkenin g\u0131da g\u00fcvencesinin, ekonomik direncinin ve k\u0131rsal ya\u015fam\u0131n\u0131n en sa\u011flam dayana\u011f\u0131 oldu\u011funu belirtti.<\/p>\n<p>&nbsp;<\/p>\n<p>K\u0131br\u0131s T\u00fcrk \u00c7ift\u00e7iler Birli\u011fi\u2019nin 83. kurulu\u015f y\u0131ld\u00f6n\u00fcm\u00fc dolay\u0131s\u0131yla yay\u0131nlad\u0131\u011f\u0131 mesajda, \u00c7avu\u015f, Birli\u011fin y\u0131llar i\u00e7inde sadece bir meslek \u00f6rg\u00fct\u00fc de\u011fil; \u00fcreticinin sesi, dayan\u0131\u015fman\u0131n adresi ve tar\u0131m\u0131n geli\u015fiminde \u00f6nc\u00fc bir yap\u0131 haline geldi\u011fini vurgulad\u0131.<\/p>\n<p>&nbsp;<\/p>\n<p>&nbsp;<\/p>\n<p>&nbsp;<\/p>\n<p>Bug\u00fcn gelinen noktada, Birli\u011fin ortaya koydu\u011fu kararl\u0131l\u0131k ve m\u00fccadelenin, tar\u0131m sekt\u00f6r\u00fcn\u00fcn gelece\u011fine y\u00f6n verdi\u011fini kaydeden \u00c7avu\u015f, g\u00fcn\u00fcm\u00fcz d\u00fcnyas\u0131nda artan iklim bask\u0131lar\u0131, \u00fcretim maliyetleri ve k\u00fcresel belirsizlikler kar\u015f\u0131s\u0131nda tar\u0131m\u0131n \u00f6neminin her ge\u00e7en g\u00fcn daha da artt\u0131\u011f\u0131n\u0131, bu s\u00fcre\u00e7te tar\u0131m emek\u00e7ilerinin g\u00f6sterdi\u011fi azim ve kararl\u0131l\u0131\u011f\u0131n, her t\u00fcrl\u00fc takdirin \u00fczerinde oldu\u011funu ekledi.<\/p>\n<p>&nbsp;<\/p>\n<p>\u00c7avu\u015f, mesaj\u0131nda \u201cTar\u0131m sadece \u00fcretim de\u011fil; sab\u0131r, bilgi, al\u0131n teri ve s\u00fcrd\u00fcr\u00fclebilir bir gelecek demektir. Bu bilin\u00e7le hareket eden t\u00fcm \u00fcreticilerimizin yan\u0131nda olmaya, tar\u0131m sekt\u00f6r\u00fcn\u00fc daha g\u00fc\u00e7l\u00fc yar\u0131nlara ta\u015f\u0131mak i\u00e7in birlikte \u00e7al\u0131\u015fmaya devam edece\u011fiz\u2026Birli\u011fimizin nice y\u0131llar boyunca \u00fcretmeye, b\u00fcy\u00fcmeye ve yol g\u00f6stermeye devam edece\u011fine y\u00fcrekten inan\u0131yorum.\u201d ifadelerini kulland\u0131.<\/p>\n<p>&nbsp;<\/p>\n<p>\u00c7ift\u00e7iler Birli\u011fi\u2019nin kurulu\u015funda eme\u011fi ge\u00e7enleri sayg\u0131yla anan \u00c7avu\u015f, bu yap\u0131n\u0131n g\u00fc\u00e7lenmesine katk\u0131 sa\u011flayan t\u00fcm \u00e7ift\u00e7ilere ve y\u00f6neticilere te\u015fekk\u00fcr etti.<\/p>\n<p>&nbsp;<\/p>\n<p>&nbsp;<\/p>\n","protected":false},"excerpt":{"rendered":"<p>Tar\u0131m ve Do\u011fal Kaynaklar Bakan\u0131 H\u00fcseyin \u00c7avu\u015f, topra\u011fa emek veren, \u00fcretimiyle hayat\u0131 s\u00fcrd\u00fcren \u00e7ift\u00e7ilerin \u00fclkenin g\u0131da g\u00fcvencesinin, ekonomik direncinin ve k\u0131rsal ya\u015fam\u0131n\u0131n en sa\u011flam dayana\u011f\u0131 oldu\u011funu belirtti. &nbsp; K\u0131br\u0131s T\u00fcrk \u00c7ift\u00e7iler Birli\u011fi\u2019nin 83. kurulu\u015f y\u0131ld\u00f6n\u00fcm\u00fc dolay\u0131s\u0131yla yay\u0131nlad\u0131\u011f\u0131 mesajda, \u00c7avu\u015f, Birli\u011fin y\u0131llar i\u00e7inde sadece bir meslek \u00f6rg\u00fct\u00fc de\u011fil; \u00fcreticinin sesi, dayan\u0131\u015fman\u0131n adresi ve tar\u0131m\u0131n geli\u015fiminde \u00f6nc\u00fc [&hellip;]<\/p>\n","protected":false},"author":1,"featured_media":37031,"comment_status":"open","ping_status":"open","sticky":false,"template":"","format":"standard","meta":{"jnews-multi-image_gallery":[],"jnews_single_post":[],"jnews_primary_category":[],"footnotes":""},"categories":[1],"tags":[],"class_list":["post-37030","post","type-post","status-publish","format-standard","has-post-thumbnail","hentry","category-kibris"],"yoast_head":"<!-- This site is optimized with the Yoast SEO plugin v27.5 - https:\/\/yoast.com\/product\/yoast-seo-wordpress\/ -->\n<title>Tar\u0131m Bakan\u0131 \u00c7avu\u015f, K\u0131br\u0131s T\u00fcrk \u00c7ift\u00e7iler Birli\u011fi\u2019nin 83. kurulu\u015f y\u0131l d\u00f6n\u00fcm\u00fcn\u00fc kutlad\u0131 - Haber Kuzey<\/title>\n<meta name=\"robots\" content=\"index, follow, max-snippet:-1, max-image-preview:large, max-video-preview:-1\" \/>\n<link rel=\"canonical\" href=\"https:\/\/haberkuzey.com\/index.php\/2026\/05\/01\/tarim-bakani-cavus-kibris-turk-ciftciler-birliginin-83-kurulus-yil-donumunu-kutladi\/\" \/>\n<meta property=\"og:locale\" content=\"tr_TR\" \/>\n<meta property=\"og:type\" content=\"article\" \/>\n<meta property=\"og:title\" content=\"Tar\u0131m Bakan\u0131 \u00c7avu\u015f, K\u0131br\u0131s T\u00fcrk \u00c7ift\u00e7iler Birli\u011fi\u2019nin 83. kurulu\u015f y\u0131l d\u00f6n\u00fcm\u00fcn\u00fc kutlad\u0131 - Haber Kuzey\" \/>\n<meta property=\"og:description\" content=\"Tar\u0131m ve Do\u011fal Kaynaklar Bakan\u0131 H\u00fcseyin \u00c7avu\u015f, topra\u011fa emek veren, \u00fcretimiyle hayat\u0131 s\u00fcrd\u00fcren \u00e7ift\u00e7ilerin \u00fclkenin g\u0131da g\u00fcvencesinin, ekonomik direncinin ve k\u0131rsal ya\u015fam\u0131n\u0131n en sa\u011flam dayana\u011f\u0131 oldu\u011funu belirtti. &nbsp; K\u0131br\u0131s T\u00fcrk \u00c7ift\u00e7iler Birli\u011fi\u2019nin 83. kurulu\u015f y\u0131ld\u00f6n\u00fcm\u00fc dolay\u0131s\u0131yla yay\u0131nlad\u0131\u011f\u0131 mesajda, \u00c7avu\u015f, Birli\u011fin y\u0131llar i\u00e7inde sadece bir meslek \u00f6rg\u00fct\u00fc de\u011fil; \u00fcreticinin sesi, dayan\u0131\u015fman\u0131n adresi ve tar\u0131m\u0131n geli\u015fiminde \u00f6nc\u00fc [&hellip;]\" \/>\n<meta property=\"og:url\" content=\"https:\/\/haberkuzey.com\/index.php\/2026\/05\/01\/tarim-bakani-cavus-kibris-turk-ciftciler-birliginin-83-kurulus-yil-donumunu-kutladi\/\" \/>\n<meta property=\"og:site_name\" content=\"Haber Kuzey\" \/>\n<meta property=\"article:published_time\" content=\"2026-05-01T14:45:49+00:00\" \/>\n<meta property=\"article:modified_time\" content=\"2026-05-01T14:45:57+00:00\" \/>\n<meta property=\"og:image\" content=\"https:\/\/haberkuzey.com\/wp-content\/uploads\/2026\/05\/17776403142071777536475505TARIM-BAKANI-CAVUS-2-1024x682.jpg\" \/>\n\t<meta property=\"og:image:width\" content=\"1024\" \/>\n\t<meta property=\"og:image:height\" content=\"682\" \/>\n\t<meta property=\"og:image:type\" content=\"image\/jpeg\" \/>\n<meta name=\"author\" content=\"haberkuzey\" \/>\n<meta name=\"twitter:card\" content=\"summary_large_image\" \/>\n<meta name=\"twitter:label1\" content=\"Yazan:\" \/>\n\t<meta name=\"twitter:data1\" content=\"haberkuzey\" \/>\n\t<meta name=\"twitter:label2\" content=\"Tahmini okuma s\u00fcresi\" \/>\n\t<meta name=\"twitter:data2\" content=\"2 dakika\" \/>\n<script type=\"application\/ld+json\" class=\"yoast-schema-graph\">{\"@context\":\"https:\\\/\\\/schema.org\",\"@graph\":[{\"@type\":\"Article\",\"@id\":\"https:\\\/\\\/haberkuzey.com\\\/index.php\\\/2026\\\/05\\\/01\\\/tarim-bakani-cavus-kibris-turk-ciftciler-birliginin-83-kurulus-yil-donumunu-kutladi\\\/#article\",\"isPartOf\":{\"@id\":\"https:\\\/\\\/haberkuzey.com\\\/index.php\\\/2026\\\/05\\\/01\\\/tarim-bakani-cavus-kibris-turk-ciftciler-birliginin-83-kurulus-yil-donumunu-kutladi\\\/\"},\"author\":{\"name\":\"haberkuzey\",\"@id\":\"https:\\\/\\\/haberkuzey.com\\\/#\\\/schema\\\/person\\\/3372109ec735f9333f4fa47ebb9605ca\"},\"headline\":\"Tar\u0131m Bakan\u0131 \u00c7avu\u015f, K\u0131br\u0131s T\u00fcrk \u00c7ift\u00e7iler Birli\u011fi\u2019nin 83. kurulu\u015f y\u0131l d\u00f6n\u00fcm\u00fcn\u00fc kutlad\u0131\",\"datePublished\":\"2026-05-01T14:45:49+00:00\",\"dateModified\":\"2026-05-01T14:45:57+00:00\",\"mainEntityOfPage\":{\"@id\":\"https:\\\/\\\/haberkuzey.com\\\/index.php\\\/2026\\\/05\\\/01\\\/tarim-bakani-cavus-kibris-turk-ciftciler-birliginin-83-kurulus-yil-donumunu-kutladi\\\/\"},\"wordCount\":324,\"commentCount\":0,\"image\":{\"@id\":\"https:\\\/\\\/haberkuzey.com\\\/index.php\\\/2026\\\/05\\\/01\\\/tarim-bakani-cavus-kibris-turk-ciftciler-birliginin-83-kurulus-yil-donumunu-kutladi\\\/#primaryimage\"},\"thumbnailUrl\":\"https:\\\/\\\/haberkuzey.com\\\/wp-content\\\/uploads\\\/2026\\\/05\\\/17776403142071777536475505TARIM-BAKANI-CAVUS-2-1024x682.jpg\",\"articleSection\":[\"K\u0131br\u0131s\"],\"inLanguage\":\"tr\",\"potentialAction\":[{\"@type\":\"CommentAction\",\"name\":\"Comment\",\"target\":[\"https:\\\/\\\/haberkuzey.com\\\/index.php\\\/2026\\\/05\\\/01\\\/tarim-bakani-cavus-kibris-turk-ciftciler-birliginin-83-kurulus-yil-donumunu-kutladi\\\/#respond\"]}]},{\"@type\":\"WebPage\",\"@id\":\"https:\\\/\\\/haberkuzey.com\\\/index.php\\\/2026\\\/05\\\/01\\\/tarim-bakani-cavus-kibris-turk-ciftciler-birliginin-83-kurulus-yil-donumunu-kutladi\\\/\",\"url\":\"https:\\\/\\\/haberkuzey.com\\\/index.php\\\/2026\\\/05\\\/01\\\/tarim-bakani-cavus-kibris-turk-ciftciler-birliginin-83-kurulus-yil-donumunu-kutladi\\\/\",\"name\":\"Tar\u0131m Bakan\u0131 \u00c7avu\u015f, K\u0131br\u0131s T\u00fcrk \u00c7ift\u00e7iler Birli\u011fi\u2019nin 83. kurulu\u015f y\u0131l d\u00f6n\u00fcm\u00fcn\u00fc kutlad\u0131 - Haber Kuzey\",\"isPartOf\":{\"@id\":\"https:\\\/\\\/haberkuzey.com\\\/#website\"},\"primaryImageOfPage\":{\"@id\":\"https:\\\/\\\/haberkuzey.com\\\/index.php\\\/2026\\\/05\\\/01\\\/tarim-bakani-cavus-kibris-turk-ciftciler-birliginin-83-kurulus-yil-donumunu-kutladi\\\/#primaryimage\"},\"image\":{\"@id\":\"https:\\\/\\\/haberkuzey.com\\\/index.php\\\/2026\\\/05\\\/01\\\/tarim-bakani-cavus-kibris-turk-ciftciler-birliginin-83-kurulus-yil-donumunu-kutladi\\\/#primaryimage\"},\"thumbnailUrl\":\"https:\\\/\\\/haberkuzey.com\\\/wp-content\\\/uploads\\\/2026\\\/05\\\/17776403142071777536475505TARIM-BAKANI-CAVUS-2-1024x682.jpg\",\"datePublished\":\"2026-05-01T14:45:49+00:00\",\"dateModified\":\"2026-05-01T14:45:57+00:00\",\"author\":{\"@id\":\"https:\\\/\\\/haberkuzey.com\\\/#\\\/schema\\\/person\\\/3372109ec735f9333f4fa47ebb9605ca\"},\"breadcrumb\":{\"@id\":\"https:\\\/\\\/haberkuzey.com\\\/index.php\\\/2026\\\/05\\\/01\\\/tarim-bakani-cavus-kibris-turk-ciftciler-birliginin-83-kurulus-yil-donumunu-kutladi\\\/#breadcrumb\"},\"inLanguage\":\"tr\",\"potentialAction\":[{\"@type\":\"ReadAction\",\"target\":[\"https:\\\/\\\/haberkuzey.com\\\/index.php\\\/2026\\\/05\\\/01\\\/tarim-bakani-cavus-kibris-turk-ciftciler-birliginin-83-kurulus-yil-donumunu-kutladi\\\/\"]}]},{\"@type\":\"ImageObject\",\"inLanguage\":\"tr\",\"@id\":\"https:\\\/\\\/haberkuzey.com\\\/index.php\\\/2026\\\/05\\\/01\\\/tarim-bakani-cavus-kibris-turk-ciftciler-birliginin-83-kurulus-yil-donumunu-kutladi\\\/#primaryimage\",\"url\":\"https:\\\/\\\/haberkuzey.com\\\/wp-content\\\/uploads\\\/2026\\\/05\\\/17776403142071777536475505TARIM-BAKANI-CAVUS-2-1024x682.jpg\",\"contentUrl\":\"https:\\\/\\\/haberkuzey.com\\\/wp-content\\\/uploads\\\/2026\\\/05\\\/17776403142071777536475505TARIM-BAKANI-CAVUS-2-1024x682.jpg\",\"width\":1024,\"height\":682},{\"@type\":\"BreadcrumbList\",\"@id\":\"https:\\\/\\\/haberkuzey.com\\\/index.php\\\/2026\\\/05\\\/01\\\/tarim-bakani-cavus-kibris-turk-ciftciler-birliginin-83-kurulus-yil-donumunu-kutladi\\\/#breadcrumb\",\"itemListElement\":[{\"@type\":\"ListItem\",\"position\":1,\"name\":\"Anasayfa\",\"item\":\"https:\\\/\\\/haberkuzey.com\\\/\"},{\"@type\":\"ListItem\",\"position\":2,\"name\":\"Tar\u0131m Bakan\u0131 \u00c7avu\u015f, K\u0131br\u0131s T\u00fcrk \u00c7ift\u00e7iler Birli\u011fi\u2019nin 83. kurulu\u015f y\u0131l d\u00f6n\u00fcm\u00fcn\u00fc kutlad\u0131\"}]},{\"@type\":\"WebSite\",\"@id\":\"https:\\\/\\\/haberkuzey.com\\\/#website\",\"url\":\"https:\\\/\\\/haberkuzey.com\\\/\",\"name\":\"Haber Kuzey\",\"description\":\"Do\u011fru Haberin Adresi\",\"potentialAction\":[{\"@type\":\"SearchAction\",\"target\":{\"@type\":\"EntryPoint\",\"urlTemplate\":\"https:\\\/\\\/haberkuzey.com\\\/?s={search_term_string}\"},\"query-input\":{\"@type\":\"PropertyValueSpecification\",\"valueRequired\":true,\"valueName\":\"search_term_string\"}}],\"inLanguage\":\"tr\"},{\"@type\":\"Person\",\"@id\":\"https:\\\/\\\/haberkuzey.com\\\/#\\\/schema\\\/person\\\/3372109ec735f9333f4fa47ebb9605ca\",\"name\":\"haberkuzey\",\"image\":{\"@type\":\"ImageObject\",\"inLanguage\":\"tr\",\"@id\":\"https:\\\/\\\/secure.gravatar.com\\\/avatar\\\/f5fc875574b1575324358c3b9e6a32b8227aa5b74f3fa22e3cadb63e26fcc39c?s=96&d=mm&r=g\",\"url\":\"https:\\\/\\\/secure.gravatar.com\\\/avatar\\\/f5fc875574b1575324358c3b9e6a32b8227aa5b74f3fa22e3cadb63e26fcc39c?s=96&d=mm&r=g\",\"contentUrl\":\"https:\\\/\\\/secure.gravatar.com\\\/avatar\\\/f5fc875574b1575324358c3b9e6a32b8227aa5b74f3fa22e3cadb63e26fcc39c?s=96&d=mm&r=g\",\"caption\":\"haberkuzey\"},\"sameAs\":[\"https:\\\/\\\/haberkuzey.com\"],\"url\":\"https:\\\/\\\/haberkuzey.com\\\/index.php\\\/author\\\/haberkuzey\\\/\"}]}<\/script>\n<!-- \/ Yoast SEO plugin. -->","yoast_head_json":{"title":"Tar\u0131m Bakan\u0131 \u00c7avu\u015f, K\u0131br\u0131s T\u00fcrk \u00c7ift\u00e7iler Birli\u011fi\u2019nin 83. kurulu\u015f y\u0131l d\u00f6n\u00fcm\u00fcn\u00fc kutlad\u0131 - Haber Kuzey","robots":{"index":"index","follow":"follow","max-snippet":"max-snippet:-1","max-image-preview":"max-image-preview:large","max-video-preview":"max-video-preview:-1"},"canonical":"https:\/\/haberkuzey.com\/index.php\/2026\/05\/01\/tarim-bakani-cavus-kibris-turk-ciftciler-birliginin-83-kurulus-yil-donumunu-kutladi\/","og_locale":"tr_TR","og_type":"article","og_title":"Tar\u0131m Bakan\u0131 \u00c7avu\u015f, K\u0131br\u0131s T\u00fcrk \u00c7ift\u00e7iler Birli\u011fi\u2019nin 83. kurulu\u015f y\u0131l d\u00f6n\u00fcm\u00fcn\u00fc kutlad\u0131 - Haber Kuzey","og_description":"Tar\u0131m ve Do\u011fal Kaynaklar Bakan\u0131 H\u00fcseyin \u00c7avu\u015f, topra\u011fa emek veren, \u00fcretimiyle hayat\u0131 s\u00fcrd\u00fcren \u00e7ift\u00e7ilerin \u00fclkenin g\u0131da g\u00fcvencesinin, ekonomik direncinin ve k\u0131rsal ya\u015fam\u0131n\u0131n en sa\u011flam dayana\u011f\u0131 oldu\u011funu belirtti. &nbsp; K\u0131br\u0131s T\u00fcrk \u00c7ift\u00e7iler Birli\u011fi\u2019nin 83. kurulu\u015f y\u0131ld\u00f6n\u00fcm\u00fc dolay\u0131s\u0131yla yay\u0131nlad\u0131\u011f\u0131 mesajda, \u00c7avu\u015f, Birli\u011fin y\u0131llar i\u00e7inde sadece bir meslek \u00f6rg\u00fct\u00fc de\u011fil; \u00fcreticinin sesi, dayan\u0131\u015fman\u0131n adresi ve tar\u0131m\u0131n geli\u015fiminde \u00f6nc\u00fc [&hellip;]","og_url":"https:\/\/haberkuzey.com\/index.php\/2026\/05\/01\/tarim-bakani-cavus-kibris-turk-ciftciler-birliginin-83-kurulus-yil-donumunu-kutladi\/","og_site_name":"Haber Kuzey","article_published_time":"2026-05-01T14:45:49+00:00","article_modified_time":"2026-05-01T14:45:57+00:00","og_image":[{"width":1024,"height":682,"url":"https:\/\/haberkuzey.com\/wp-content\/uploads\/2026\/05\/17776403142071777536475505TARIM-BAKANI-CAVUS-2-1024x682.jpg","type":"image\/jpeg"}],"author":"haberkuzey","twitter_card":"summary_large_image","twitter_misc":{"Yazan:":"haberkuzey","Tahmini okuma s\u00fcresi":"2 dakika"},"schema":{"@context":"https:\/\/schema.org","@graph":[{"@type":"Article","@id":"https:\/\/haberkuzey.com\/index.php\/2026\/05\/01\/tarim-bakani-cavus-kibris-turk-ciftciler-birliginin-83-kurulus-yil-donumunu-kutladi\/#article","isPartOf":{"@id":"https:\/\/haberkuzey.com\/index.php\/2026\/05\/01\/tarim-bakani-cavus-kibris-turk-ciftciler-birliginin-83-kurulus-yil-donumunu-kutladi\/"},"author":{"name":"haberkuzey","@id":"https:\/\/haberkuzey.com\/#\/schema\/person\/3372109ec735f9333f4fa47ebb9605ca"},"headline":"Tar\u0131m Bakan\u0131 \u00c7avu\u015f, K\u0131br\u0131s T\u00fcrk \u00c7ift\u00e7iler Birli\u011fi\u2019nin 83. kurulu\u015f y\u0131l d\u00f6n\u00fcm\u00fcn\u00fc kutlad\u0131","datePublished":"2026-05-01T14:45:49+00:00","dateModified":"2026-05-01T14:45:57+00:00","mainEntityOfPage":{"@id":"https:\/\/haberkuzey.com\/index.php\/2026\/05\/01\/tarim-bakani-cavus-kibris-turk-ciftciler-birliginin-83-kurulus-yil-donumunu-kutladi\/"},"wordCount":324,"commentCount":0,"image":{"@id":"https:\/\/haberkuzey.com\/index.php\/2026\/05\/01\/tarim-bakani-cavus-kibris-turk-ciftciler-birliginin-83-kurulus-yil-donumunu-kutladi\/#primaryimage"},"thumbnailUrl":"https:\/\/haberkuzey.com\/wp-content\/uploads\/2026\/05\/17776403142071777536475505TARIM-BAKANI-CAVUS-2-1024x682.jpg","articleSection":["K\u0131br\u0131s"],"inLanguage":"tr","potentialAction":[{"@type":"CommentAction","name":"Comment","target":["https:\/\/haberkuzey.com\/index.php\/2026\/05\/01\/tarim-bakani-cavus-kibris-turk-ciftciler-birliginin-83-kurulus-yil-donumunu-kutladi\/#respond"]}]},{"@type":"WebPage","@id":"https:\/\/haberkuzey.com\/index.php\/2026\/05\/01\/tarim-bakani-cavus-kibris-turk-ciftciler-birliginin-83-kurulus-yil-donumunu-kutladi\/","url":"https:\/\/haberkuzey.com\/index.php\/2026\/05\/01\/tarim-bakani-cavus-kibris-turk-ciftciler-birliginin-83-kurulus-yil-donumunu-kutladi\/","name":"Tar\u0131m Bakan\u0131 \u00c7avu\u015f, K\u0131br\u0131s T\u00fcrk \u00c7ift\u00e7iler Birli\u011fi\u2019nin 83. kurulu\u015f y\u0131l d\u00f6n\u00fcm\u00fcn\u00fc kutlad\u0131 - Haber Kuzey","isPartOf":{"@id":"https:\/\/haberkuzey.com\/#website"},"primaryImageOfPage":{"@id":"https:\/\/haberkuzey.com\/index.php\/2026\/05\/01\/tarim-bakani-cavus-kibris-turk-ciftciler-birliginin-83-kurulus-yil-donumunu-kutladi\/#primaryimage"},"image":{"@id":"https:\/\/haberkuzey.com\/index.php\/2026\/05\/01\/tarim-bakani-cavus-kibris-turk-ciftciler-birliginin-83-kurulus-yil-donumunu-kutladi\/#primaryimage"},"thumbnailUrl":"https:\/\/haberkuzey.com\/wp-content\/uploads\/2026\/05\/17776403142071777536475505TARIM-BAKANI-CAVUS-2-1024x682.jpg","datePublished":"2026-05-01T14:45:49+00:00","dateModified":"2026-05-01T14:45:57+00:00","author":{"@id":"https:\/\/haberkuzey.com\/#\/schema\/person\/3372109ec735f9333f4fa47ebb9605ca"},"breadcrumb":{"@id":"https:\/\/haberkuzey.com\/index.php\/2026\/05\/01\/tarim-bakani-cavus-kibris-turk-ciftciler-birliginin-83-kurulus-yil-donumunu-kutladi\/#breadcrumb"},"inLanguage":"tr","potentialAction":[{"@type":"ReadAction","target":["https:\/\/haberkuzey.com\/index.php\/2026\/05\/01\/tarim-bakani-cavus-kibris-turk-ciftciler-birliginin-83-kurulus-yil-donumunu-kutladi\/"]}]},{"@type":"ImageObject","inLanguage":"tr","@id":"https:\/\/haberkuzey.com\/index.php\/2026\/05\/01\/tarim-bakani-cavus-kibris-turk-ciftciler-birliginin-83-kurulus-yil-donumunu-kutladi\/#primaryimage","url":"https:\/\/haberkuzey.com\/wp-content\/uploads\/2026\/05\/17776403142071777536475505TARIM-BAKANI-CAVUS-2-1024x682.jpg","contentUrl":"https:\/\/haberkuzey.com\/wp-content\/uploads\/2026\/05\/17776403142071777536475505TARIM-BAKANI-CAVUS-2-1024x682.jpg","width":1024,"height":682},{"@type":"BreadcrumbList","@id":"https:\/\/haberkuzey.com\/index.php\/2026\/05\/01\/tarim-bakani-cavus-kibris-turk-ciftciler-birliginin-83-kurulus-yil-donumunu-kutladi\/#breadcrumb","itemListElement":[{"@type":"ListItem","position":1,"name":"Anasayfa","item":"https:\/\/haberkuzey.com\/"},{"@type":"ListItem","position":2,"name":"Tar\u0131m Bakan\u0131 \u00c7avu\u015f, K\u0131br\u0131s T\u00fcrk \u00c7ift\u00e7iler Birli\u011fi\u2019nin 83. kurulu\u015f y\u0131l d\u00f6n\u00fcm\u00fcn\u00fc kutlad\u0131"}]},{"@type":"WebSite","@id":"https:\/\/haberkuzey.com\/#website","url":"https:\/\/haberkuzey.com\/","name":"Haber Kuzey","description":"Do\u011fru Haberin Adresi","potentialAction":[{"@type":"SearchAction","target":{"@type":"EntryPoint","urlTemplate":"https:\/\/haberkuzey.com\/?s={search_term_string}"},"query-input":{"@type":"PropertyValueSpecification","valueRequired":true,"valueName":"search_term_string"}}],"inLanguage":"tr"},{"@type":"Person","@id":"https:\/\/haberkuzey.com\/#\/schema\/person\/3372109ec735f9333f4fa47ebb9605ca","name":"haberkuzey","image":{"@type":"ImageObject","inLanguage":"tr","@id":"https:\/\/secure.gravatar.com\/avatar\/f5fc875574b1575324358c3b9e6a32b8227aa5b74f3fa22e3cadb63e26fcc39c?s=96&d=mm&r=g","url":"https:\/\/secure.gravatar.com\/avatar\/f5fc875574b1575324358c3b9e6a32b8227aa5b74f3fa22e3cadb63e26fcc39c?s=96&d=mm&r=g","contentUrl":"https:\/\/secure.gravatar.com\/avatar\/f5fc875574b1575324358c3b9e6a32b8227aa5b74f3fa22e3cadb63e26fcc39c?s=96&d=mm&r=g","caption":"haberkuzey"},"sameAs":["https:\/\/haberkuzey.com"],"url":"https:\/\/haberkuzey.com\/index.php\/author\/haberkuzey\/"}]}},"_links":{"self":[{"href":"https:\/\/haberkuzey.com\/index.php\/wp-json\/wp\/v2\/posts\/37030","targetHints":{"allow":["GET"]}}],"collection":[{"href":"https:\/\/haberkuzey.com\/index.php\/wp-json\/wp\/v2\/posts"}],"about":[{"href":"https:\/\/haberkuzey.com\/index.php\/wp-json\/wp\/v2\/types\/post"}],"author":[{"embeddable":true,"href":"https:\/\/haberkuzey.com\/index.php\/wp-json\/wp\/v2\/users\/1"}],"replies":[{"embeddable":true,"href":"https:\/\/haberkuzey.com\/index.php\/wp-json\/wp\/v2\/comments?post=37030"}],"version-history":[{"count":1,"href":"https:\/\/haberkuzey.com\/index.php\/wp-json\/wp\/v2\/posts\/37030\/revisions"}],"predecessor-version":[{"id":37032,"href":"https:\/\/haberkuzey.com\/index.php\/wp-json\/wp\/v2\/posts\/37030\/revisions\/37032"}],"wp:featuredmedia":[{"embeddable":true,"href":"https:\/\/haberkuzey.com\/index.php\/wp-json\/wp\/v2\/media\/37031"}],"wp:attachment":[{"href":"https:\/\/haberkuzey.com\/index.php\/wp-json\/wp\/v2\/media?parent=37030"}],"wp:term":[{"taxonomy":"category","embeddable":true,"href":"https:\/\/haberkuzey.com\/index.php\/wp-json\/wp\/v2\/categories?post=37030"},{"taxonomy":"post_tag","embeddable":true,"href":"https:\/\/haberkuzey.com\/index.php\/wp-json\/wp\/v2\/tags?post=37030"}],"curies":[{"name":"wp","href":"https:\/\/api.w.org\/{rel}","templated":true}]}}