{"id":37007,"date":"2026-05-01T13:23:57","date_gmt":"2026-05-01T10:23:57","guid":{"rendered":"https:\/\/haberkuzey.com\/index.php\/2026\/05\/01\/erhurmandan-hristodulidise-elestiri-iki-lider-olarak-masadayiz-bmnin-bu-sureclere-iliskin-raporlari-ile-kayitlari-acik\/"},"modified":"2026-05-01T13:24:06","modified_gmt":"2026-05-01T10:24:06","slug":"erhurmandan-hristodulidise-elestiri-iki-lider-olarak-masadayiz-bmnin-bu-sureclere-iliskin-raporlari-ile-kayitlari-acik","status":"publish","type":"post","link":"https:\/\/haberkuzey.com\/index.php\/2026\/05\/01\/erhurmandan-hristodulidise-elestiri-iki-lider-olarak-masadayiz-bmnin-bu-sureclere-iliskin-raporlari-ile-kayitlari-acik\/","title":{"rendered":"Erh\u00fcrman\u2019dan Hristodulidis\u2019e ele\u015ftiri: \u0130ki lider olarak masaday\u0131z, BM\u2019nin bu s\u00fcre\u00e7lere ili\u015fkin raporlar\u0131 ile kay\u0131tlar\u0131 a\u00e7\u0131k"},"content":{"rendered":"<p style=\"font-weight: 300\"><span style=\"font-weight: 300 !important\">\u00a0Cumhurba\u015fkan\u0131 Tufan Erh\u00fcrman, Rum Y\u00f6netimi Ba\u015fkan\u0131 Nikos Hristodulidis\u2019in \u201cM<\/span><span style=\"font-weight: 300 !important\">\u00fczakere masas\u0131nda yaln\u0131zca K\u0131br\u0131s Rum toplumunun lideri olarak de\u011fil, ayn\u0131 zamanda \u2018K\u0131br\u0131s Cumhuriyeti&#8217;nin Cumhurba\u015fkan\u0131\u2019 olarak da oturdu\u011fu\u201d y\u00f6n\u00fcndeki s\u00f6ylemini ele\u015ftirdi.<\/span><\/p>\n<p style=\"font-weight: 300\"><span style=\"font-weight: 300 !important\">Erh\u00fcrman, hangi masa olursa olsun, iki lider olarak masada olduklar\u0131 ve olacaklar\u0131n\u0131n da alt\u0131n\u0131 \u00e7izdi ve BM&#8217;nin bu s\u00fcre\u00e7lere ili\u015fkin b\u00fct\u00fcn raporlar\u0131 ile kay\u0131tlar\u0131n\u0131n a\u00e7\u0131k oldu\u011funa i\u015faret etti.<\/span><\/p>\n<p style=\"font-weight: 300\"><span style=\"font-weight: 300 !important\">K\u0131br\u0131s Rum taraf\u0131n\u0131n ikili g\u00f6r\u00fc\u015fmelerde ortaya konulmayan hususlar\u0131 medya organlar\u0131 vas\u0131tas\u0131yla g\u00fcndeme getirmesine tepki g\u00f6steren ve yap\u0131lanlar\u0131 provokasyon olarak niteleyen Er<\/span><span style=\"font-weight: 300 !important\">h\u00fcrman yaz\u0131l\u0131 a\u00e7\u0131klamas\u0131nda, \u201cGer\u00e7ekler ortadayken bu iddian\u0131n, bu \u2018pozisyonun\u2019 zerre k\u0131ymeti ya da manas\u0131 yok\u201d \u00a0vurgusu yapt\u0131.<\/span><\/p>\n<p style=\"font-weight: 300\"><span style=\"font-weight: 300 !important\">Hristodulidis\u2019e defalarca, g<\/span><span style=\"font-weight: 300 !important\">\u00f6r\u00fc\u015fmeye devam ettiklerine g\u00f6re durmadan, olur olmaz toplant\u0131da bu konuya girmeme, muhataplar\u0131 olmad\u0131\u011f\u0131 ortamda ortaya yeni pozisyon koymaya kalkmama, ortam\u0131 zehirlememe, su\u00e7lama oyunlar\u0131na girmeme uyar\u0131s\u0131nda bulunduklar\u0131n\u0131 kaydeden Erh\u00fcrman, \u015fu anda ortada hen\u00fcz bir &#8220;m\u00fczakere&#8221; olmad\u0131\u011f\u0131na, yaln\u0131zca g\u00f6r\u00fc\u015fme masas\u0131nda olduklar\u0131na da dikkat \u00e7ekti.<\/span><\/p>\n<p style=\"font-weight: 300\"><span style=\"font-weight: 300 !important\">G\u00f6r\u00fc\u015fme masas\u0131nda olduklar\u0131n\u0131 ve olmaya ciddiyetle devam edeceklerini vurgulayan Erh\u00fcrman\u2019\u0131n a\u00e7\u0131klamas\u0131 aynen \u015f\u00f6yle:<\/span><\/p>\n<p style=\"font-weight: 300\"><span style=\"font-weight: 300 !important\">&#8220;K\u0131br\u0131s Rum Liderli\u011finden art arda a\u00e7\u0131klamalar gelmeye devam ediyor. Sivil toplum \u00f6rg\u00fctlerinin toplant\u0131lar\u0131nda, a\u00e7\u0131l\u0131\u015flarda s\u00f6ylenenler, konuyla alakas\u0131z yerlerde \u2018sorulan sorulara\u2019 verilen yan\u0131tlar, resmi a\u00e7\u0131klamalar vs.<\/span><\/p>\n<p style=\"font-weight: 300\"><span style=\"font-weight: 300 !important\">Ba\u015ftan beri hep s\u00f6yledik. Ba\u015f ba\u015fa g\u00f6r\u00fc\u015fmelerde samimiyetle ifade ettik. G\u00f6r\u00fc\u015fmeye devam etti\u011fimize g\u00f6re, durmadan, olur olmaz toplant\u0131da, a\u00e7\u0131l\u0131\u015fta bu konuya girmeyelim, muhatab\u0131m\u0131z\u0131n olmad\u0131\u011f\u0131 ortamda yeni pozisyon koymaya kalkmayal\u0131m, ortam\u0131 zehirlemeyelim, su\u00e7lama oyunlar\u0131na girmeyelim diye uyard\u0131k.<\/span><\/p>\n<p style=\"font-weight: 300\"><span style=\"font-weight: 300 !important\">Biz, bug\u00fcne kadar kat\u0131ld\u0131\u011f\u0131m\u0131z a\u00e7\u0131l\u0131\u015flarda, sivil toplum \u00f6rg\u00fctlerinin toplant\u0131lar\u0131nda bu konuya temas etmemeye azami \u00f6zen g\u00f6sterdik. Konuyla ilgili programlarda, muhatab\u0131m\u0131z\u0131n bilmedi\u011fi yeni bir pozisyon ortaya koymad\u0131k. Kendisi kamuoyuna a\u00e7\u0131klamad\u0131k\u00e7a, muhatab\u0131m\u0131z\u0131n konu\u015ftuklar\u0131n\u0131, s\u00f6ylediklerini kamuoyuyla payla\u015fmad\u0131k. Gelen a\u00e7\u0131klamalar\u0131n be\u015fte birine ya yan\u0131t verdik, ya da ondan bile ka\u00e7\u0131nd\u0131k.<\/span><\/p>\n<p style=\"font-weight: 300\"><span style=\"font-weight: 300 !important\">Ama durmuyor&#8230; \u0130kili g\u00f6r\u00fc\u015fmelerde g\u00fcndeme dahi gelmeyen iddialar, pozisyonlar medya \u00fczerinden konulmaya \u00e7al\u0131\u015f\u0131l\u0131yor.<\/span><\/p>\n<p style=\"font-weight: 300\"><span style=\"font-weight: 300 !important\">\u015eimdi de &#8216;m\u00fczakere masas\u0131ndaki stat\u00fc\u2019 meselesi. K\u0131br\u0131s Rum Liderli\u011fi m\u00fczakere masas\u0131nda yaln\u0131zca K\u0131br\u0131s Rum toplumunun lideri olarak de\u011fil, ayn\u0131 zamanda \u2018K\u0131br\u0131s Cumhuriyeti&#8217;nin Cumhurba\u015fkan\u0131\u2019 olarak da oturuyormu\u015f. Bir s\u00f6ylediler, yan\u0131t vermedim. D\u00fcn bir daha.<\/span><\/p>\n<p style=\"font-weight: 300\"><span style=\"font-weight: 300 !important\">\u015eu anda ortada hen\u00fcz bir m\u00fczakere olmad\u0131\u011f\u0131n\u0131, yaln\u0131zca g\u00f6r\u00fc\u015fme masas\u0131nda oldu\u011fumuzu herkes biliyor. Hangi masa olursa olsun, masa d\u0131\u015f\u0131ndaki pozisyonlar\u0131m\u0131z sakl\u0131 kalmak kayd\u0131yla, iki lider olarak masada oldu\u011fumuzu, olaca\u011f\u0131m\u0131z\u0131 da d\u00fcnya alem biliyor. BM&#8217;nin bu s\u00fcre\u00e7lere ili\u015fkin b\u00fct\u00fcn raporlar\u0131, b\u00fct\u00fcn kay\u0131tlar\u0131 a\u00e7\u0131k.<\/span><\/p>\n<p style=\"font-weight: 300\"><span style=\"font-weight: 300 !important\">Peki her \u015fey bu kadar a\u00e7\u0131kken, ba\u015fta biz olmak \u00fczere, hi\u00e7 kimsenin kabul etmedi\u011fi bu pozisyonu, hem de benim y\u00fcz\u00fcme de\u011fil, kamuoyu \u00f6n\u00fcnde durmadan niye tekrarl\u0131yorlar?<\/span><\/p>\n<p style=\"font-weight: 300\"><span style=\"font-weight: 300 !important\">Ger\u00e7ekler ortadayken bu iddian\u0131n, bu pozisyonun zerre k\u0131ymeti ya da manas\u0131 yok elbette ve bunu herkes biliyor. O zaman ama\u00e7 ne? \u00c7\u00f6z\u00fcme yard\u0131mc\u0131 olmak m\u0131?<\/span><\/p>\n<p style=\"font-weight: 300\"><span style=\"font-weight: 300 !important\">Bir provokasyonun ba\u015far\u0131l\u0131 olmas\u0131n\u0131n tek bir yolu vard\u0131r: Provoke edilmeye \u00e7al\u0131\u015f\u0131lan\u0131n provokasyona gelmesi. Provokasyona gelmezseniz, provokasyon anlams\u0131z bi\u00e7imde havada as\u0131l\u0131 kal\u0131r. G\u00f6r\u00fc\u015fme masas\u0131nday\u0131z. Sab\u0131rla, so\u011fukkanl\u0131l\u0131kla, ciddiyetle ve kararl\u0131l\u0131kla devam ediyoruz&#8230;&#8221;<\/span><\/p>\n","protected":false},"excerpt":{"rendered":"<p>\u00a0Cumhurba\u015fkan\u0131 Tufan Erh\u00fcrman, Rum Y\u00f6netimi Ba\u015fkan\u0131 Nikos Hristodulidis\u2019in \u201cM\u00fczakere masas\u0131nda yaln\u0131zca K\u0131br\u0131s Rum toplumunun lideri olarak de\u011fil, ayn\u0131 zamanda \u2018K\u0131br\u0131s Cumhuriyeti&#8217;nin Cumhurba\u015fkan\u0131\u2019 olarak da oturdu\u011fu\u201d y\u00f6n\u00fcndeki s\u00f6ylemini ele\u015ftirdi. Erh\u00fcrman, hangi masa olursa olsun, iki lider olarak masada olduklar\u0131 ve olacaklar\u0131n\u0131n da alt\u0131n\u0131 \u00e7izdi ve BM&#8217;nin bu s\u00fcre\u00e7lere ili\u015fkin b\u00fct\u00fcn raporlar\u0131 ile kay\u0131tlar\u0131n\u0131n a\u00e7\u0131k oldu\u011funa i\u015faret [&hellip;]<\/p>\n","protected":false},"author":1,"featured_media":37008,"comment_status":"open","ping_status":"open","sticky":false,"template":"","format":"standard","meta":{"jnews-multi-image_gallery":[],"jnews_single_post":[],"jnews_primary_category":[],"footnotes":""},"categories":[1],"tags":[],"class_list":["post-37007","post","type-post","status-publish","format-standard","has-post-thumbnail","hentry","category-kibris"],"yoast_head":"<!-- This site is optimized with the Yoast SEO plugin v27.5 - https:\/\/yoast.com\/product\/yoast-seo-wordpress\/ -->\n<title>Erh\u00fcrman\u2019dan Hristodulidis\u2019e ele\u015ftiri: \u0130ki lider olarak masaday\u0131z, BM\u2019nin bu s\u00fcre\u00e7lere ili\u015fkin raporlar\u0131 ile kay\u0131tlar\u0131 a\u00e7\u0131k - Haber Kuzey<\/title>\n<meta name=\"robots\" content=\"index, follow, max-snippet:-1, max-image-preview:large, max-video-preview:-1\" \/>\n<link rel=\"canonical\" href=\"https:\/\/haberkuzey.com\/index.php\/2026\/05\/01\/erhurmandan-hristodulidise-elestiri-iki-lider-olarak-masadayiz-bmnin-bu-sureclere-iliskin-raporlari-ile-kayitlari-acik\/\" \/>\n<meta property=\"og:locale\" content=\"tr_TR\" \/>\n<meta property=\"og:type\" content=\"article\" \/>\n<meta property=\"og:title\" content=\"Erh\u00fcrman\u2019dan Hristodulidis\u2019e ele\u015ftiri: \u0130ki lider olarak masaday\u0131z, BM\u2019nin bu s\u00fcre\u00e7lere ili\u015fkin raporlar\u0131 ile kay\u0131tlar\u0131 a\u00e7\u0131k - Haber Kuzey\" \/>\n<meta property=\"og:description\" content=\"\u00a0Cumhurba\u015fkan\u0131 Tufan Erh\u00fcrman, Rum Y\u00f6netimi Ba\u015fkan\u0131 Nikos Hristodulidis\u2019in \u201cM\u00fczakere masas\u0131nda yaln\u0131zca K\u0131br\u0131s Rum toplumunun lideri olarak de\u011fil, ayn\u0131 zamanda \u2018K\u0131br\u0131s Cumhuriyeti&#8217;nin Cumhurba\u015fkan\u0131\u2019 olarak da oturdu\u011fu\u201d y\u00f6n\u00fcndeki s\u00f6ylemini ele\u015ftirdi. Erh\u00fcrman, hangi masa olursa olsun, iki lider olarak masada olduklar\u0131 ve olacaklar\u0131n\u0131n da alt\u0131n\u0131 \u00e7izdi ve BM&#8217;nin bu s\u00fcre\u00e7lere ili\u015fkin b\u00fct\u00fcn raporlar\u0131 ile kay\u0131tlar\u0131n\u0131n a\u00e7\u0131k oldu\u011funa i\u015faret [&hellip;]\" \/>\n<meta property=\"og:url\" content=\"https:\/\/haberkuzey.com\/index.php\/2026\/05\/01\/erhurmandan-hristodulidise-elestiri-iki-lider-olarak-masadayiz-bmnin-bu-sureclere-iliskin-raporlari-ile-kayitlari-acik\/\" \/>\n<meta property=\"og:site_name\" content=\"Haber Kuzey\" \/>\n<meta property=\"article:published_time\" content=\"2026-05-01T10:23:57+00:00\" \/>\n<meta property=\"article:modified_time\" content=\"2026-05-01T10:24:06+00:00\" \/>\n<meta property=\"og:image\" content=\"https:\/\/haberkuzey.com\/wp-content\/uploads\/2026\/05\/1776840723150CB-ERHURMAN-ROP-TIM-2-1024x684.jpg\" \/>\n\t<meta property=\"og:image:width\" content=\"1024\" \/>\n\t<meta property=\"og:image:height\" content=\"684\" \/>\n\t<meta property=\"og:image:type\" content=\"image\/jpeg\" \/>\n<meta name=\"author\" content=\"haberkuzey\" \/>\n<meta name=\"twitter:card\" content=\"summary_large_image\" \/>\n<meta name=\"twitter:label1\" content=\"Yazan:\" \/>\n\t<meta name=\"twitter:data1\" content=\"haberkuzey\" \/>\n\t<meta name=\"twitter:label2\" content=\"Tahmini okuma s\u00fcresi\" \/>\n\t<meta name=\"twitter:data2\" content=\"3 dakika\" \/>\n<script type=\"application\/ld+json\" class=\"yoast-schema-graph\">{\"@context\":\"https:\\\/\\\/schema.org\",\"@graph\":[{\"@type\":\"Article\",\"@id\":\"https:\\\/\\\/haberkuzey.com\\\/index.php\\\/2026\\\/05\\\/01\\\/erhurmandan-hristodulidise-elestiri-iki-lider-olarak-masadayiz-bmnin-bu-sureclere-iliskin-raporlari-ile-kayitlari-acik\\\/#article\",\"isPartOf\":{\"@id\":\"https:\\\/\\\/haberkuzey.com\\\/index.php\\\/2026\\\/05\\\/01\\\/erhurmandan-hristodulidise-elestiri-iki-lider-olarak-masadayiz-bmnin-bu-sureclere-iliskin-raporlari-ile-kayitlari-acik\\\/\"},\"author\":{\"name\":\"haberkuzey\",\"@id\":\"https:\\\/\\\/haberkuzey.com\\\/#\\\/schema\\\/person\\\/3372109ec735f9333f4fa47ebb9605ca\"},\"headline\":\"Erh\u00fcrman\u2019dan Hristodulidis\u2019e ele\u015ftiri: \u0130ki lider olarak masaday\u0131z, BM\u2019nin bu s\u00fcre\u00e7lere ili\u015fkin raporlar\u0131 ile kay\u0131tlar\u0131 a\u00e7\u0131k\",\"datePublished\":\"2026-05-01T10:23:57+00:00\",\"dateModified\":\"2026-05-01T10:24:06+00:00\",\"mainEntityOfPage\":{\"@id\":\"https:\\\/\\\/haberkuzey.com\\\/index.php\\\/2026\\\/05\\\/01\\\/erhurmandan-hristodulidise-elestiri-iki-lider-olarak-masadayiz-bmnin-bu-sureclere-iliskin-raporlari-ile-kayitlari-acik\\\/\"},\"wordCount\":680,\"commentCount\":0,\"image\":{\"@id\":\"https:\\\/\\\/haberkuzey.com\\\/index.php\\\/2026\\\/05\\\/01\\\/erhurmandan-hristodulidise-elestiri-iki-lider-olarak-masadayiz-bmnin-bu-sureclere-iliskin-raporlari-ile-kayitlari-acik\\\/#primaryimage\"},\"thumbnailUrl\":\"https:\\\/\\\/haberkuzey.com\\\/wp-content\\\/uploads\\\/2026\\\/05\\\/1776840723150CB-ERHURMAN-ROP-TIM-2-1024x684.jpg\",\"articleSection\":[\"K\u0131br\u0131s\"],\"inLanguage\":\"tr\",\"potentialAction\":[{\"@type\":\"CommentAction\",\"name\":\"Comment\",\"target\":[\"https:\\\/\\\/haberkuzey.com\\\/index.php\\\/2026\\\/05\\\/01\\\/erhurmandan-hristodulidise-elestiri-iki-lider-olarak-masadayiz-bmnin-bu-sureclere-iliskin-raporlari-ile-kayitlari-acik\\\/#respond\"]}]},{\"@type\":\"WebPage\",\"@id\":\"https:\\\/\\\/haberkuzey.com\\\/index.php\\\/2026\\\/05\\\/01\\\/erhurmandan-hristodulidise-elestiri-iki-lider-olarak-masadayiz-bmnin-bu-sureclere-iliskin-raporlari-ile-kayitlari-acik\\\/\",\"url\":\"https:\\\/\\\/haberkuzey.com\\\/index.php\\\/2026\\\/05\\\/01\\\/erhurmandan-hristodulidise-elestiri-iki-lider-olarak-masadayiz-bmnin-bu-sureclere-iliskin-raporlari-ile-kayitlari-acik\\\/\",\"name\":\"Erh\u00fcrman\u2019dan Hristodulidis\u2019e ele\u015ftiri: \u0130ki lider olarak masaday\u0131z, BM\u2019nin bu s\u00fcre\u00e7lere ili\u015fkin raporlar\u0131 ile kay\u0131tlar\u0131 a\u00e7\u0131k - Haber Kuzey\",\"isPartOf\":{\"@id\":\"https:\\\/\\\/haberkuzey.com\\\/#website\"},\"primaryImageOfPage\":{\"@id\":\"https:\\\/\\\/haberkuzey.com\\\/index.php\\\/2026\\\/05\\\/01\\\/erhurmandan-hristodulidise-elestiri-iki-lider-olarak-masadayiz-bmnin-bu-sureclere-iliskin-raporlari-ile-kayitlari-acik\\\/#primaryimage\"},\"image\":{\"@id\":\"https:\\\/\\\/haberkuzey.com\\\/index.php\\\/2026\\\/05\\\/01\\\/erhurmandan-hristodulidise-elestiri-iki-lider-olarak-masadayiz-bmnin-bu-sureclere-iliskin-raporlari-ile-kayitlari-acik\\\/#primaryimage\"},\"thumbnailUrl\":\"https:\\\/\\\/haberkuzey.com\\\/wp-content\\\/uploads\\\/2026\\\/05\\\/1776840723150CB-ERHURMAN-ROP-TIM-2-1024x684.jpg\",\"datePublished\":\"2026-05-01T10:23:57+00:00\",\"dateModified\":\"2026-05-01T10:24:06+00:00\",\"author\":{\"@id\":\"https:\\\/\\\/haberkuzey.com\\\/#\\\/schema\\\/person\\\/3372109ec735f9333f4fa47ebb9605ca\"},\"breadcrumb\":{\"@id\":\"https:\\\/\\\/haberkuzey.com\\\/index.php\\\/2026\\\/05\\\/01\\\/erhurmandan-hristodulidise-elestiri-iki-lider-olarak-masadayiz-bmnin-bu-sureclere-iliskin-raporlari-ile-kayitlari-acik\\\/#breadcrumb\"},\"inLanguage\":\"tr\",\"potentialAction\":[{\"@type\":\"ReadAction\",\"target\":[\"https:\\\/\\\/haberkuzey.com\\\/index.php\\\/2026\\\/05\\\/01\\\/erhurmandan-hristodulidise-elestiri-iki-lider-olarak-masadayiz-bmnin-bu-sureclere-iliskin-raporlari-ile-kayitlari-acik\\\/\"]}]},{\"@type\":\"ImageObject\",\"inLanguage\":\"tr\",\"@id\":\"https:\\\/\\\/haberkuzey.com\\\/index.php\\\/2026\\\/05\\\/01\\\/erhurmandan-hristodulidise-elestiri-iki-lider-olarak-masadayiz-bmnin-bu-sureclere-iliskin-raporlari-ile-kayitlari-acik\\\/#primaryimage\",\"url\":\"https:\\\/\\\/haberkuzey.com\\\/wp-content\\\/uploads\\\/2026\\\/05\\\/1776840723150CB-ERHURMAN-ROP-TIM-2-1024x684.jpg\",\"contentUrl\":\"https:\\\/\\\/haberkuzey.com\\\/wp-content\\\/uploads\\\/2026\\\/05\\\/1776840723150CB-ERHURMAN-ROP-TIM-2-1024x684.jpg\",\"width\":1024,\"height\":684},{\"@type\":\"BreadcrumbList\",\"@id\":\"https:\\\/\\\/haberkuzey.com\\\/index.php\\\/2026\\\/05\\\/01\\\/erhurmandan-hristodulidise-elestiri-iki-lider-olarak-masadayiz-bmnin-bu-sureclere-iliskin-raporlari-ile-kayitlari-acik\\\/#breadcrumb\",\"itemListElement\":[{\"@type\":\"ListItem\",\"position\":1,\"name\":\"Anasayfa\",\"item\":\"https:\\\/\\\/haberkuzey.com\\\/\"},{\"@type\":\"ListItem\",\"position\":2,\"name\":\"Erh\u00fcrman\u2019dan Hristodulidis\u2019e ele\u015ftiri: \u0130ki lider olarak masaday\u0131z, BM\u2019nin bu s\u00fcre\u00e7lere ili\u015fkin raporlar\u0131 ile kay\u0131tlar\u0131 a\u00e7\u0131k\"}]},{\"@type\":\"WebSite\",\"@id\":\"https:\\\/\\\/haberkuzey.com\\\/#website\",\"url\":\"https:\\\/\\\/haberkuzey.com\\\/\",\"name\":\"Haber Kuzey\",\"description\":\"Do\u011fru Haberin Adresi\",\"potentialAction\":[{\"@type\":\"SearchAction\",\"target\":{\"@type\":\"EntryPoint\",\"urlTemplate\":\"https:\\\/\\\/haberkuzey.com\\\/?s={search_term_string}\"},\"query-input\":{\"@type\":\"PropertyValueSpecification\",\"valueRequired\":true,\"valueName\":\"search_term_string\"}}],\"inLanguage\":\"tr\"},{\"@type\":\"Person\",\"@id\":\"https:\\\/\\\/haberkuzey.com\\\/#\\\/schema\\\/person\\\/3372109ec735f9333f4fa47ebb9605ca\",\"name\":\"haberkuzey\",\"image\":{\"@type\":\"ImageObject\",\"inLanguage\":\"tr\",\"@id\":\"https:\\\/\\\/secure.gravatar.com\\\/avatar\\\/f5fc875574b1575324358c3b9e6a32b8227aa5b74f3fa22e3cadb63e26fcc39c?s=96&d=mm&r=g\",\"url\":\"https:\\\/\\\/secure.gravatar.com\\\/avatar\\\/f5fc875574b1575324358c3b9e6a32b8227aa5b74f3fa22e3cadb63e26fcc39c?s=96&d=mm&r=g\",\"contentUrl\":\"https:\\\/\\\/secure.gravatar.com\\\/avatar\\\/f5fc875574b1575324358c3b9e6a32b8227aa5b74f3fa22e3cadb63e26fcc39c?s=96&d=mm&r=g\",\"caption\":\"haberkuzey\"},\"sameAs\":[\"https:\\\/\\\/haberkuzey.com\"],\"url\":\"https:\\\/\\\/haberkuzey.com\\\/index.php\\\/author\\\/haberkuzey\\\/\"}]}<\/script>\n<!-- \/ Yoast SEO plugin. -->","yoast_head_json":{"title":"Erh\u00fcrman\u2019dan Hristodulidis\u2019e ele\u015ftiri: \u0130ki lider olarak masaday\u0131z, BM\u2019nin bu s\u00fcre\u00e7lere ili\u015fkin raporlar\u0131 ile kay\u0131tlar\u0131 a\u00e7\u0131k - Haber Kuzey","robots":{"index":"index","follow":"follow","max-snippet":"max-snippet:-1","max-image-preview":"max-image-preview:large","max-video-preview":"max-video-preview:-1"},"canonical":"https:\/\/haberkuzey.com\/index.php\/2026\/05\/01\/erhurmandan-hristodulidise-elestiri-iki-lider-olarak-masadayiz-bmnin-bu-sureclere-iliskin-raporlari-ile-kayitlari-acik\/","og_locale":"tr_TR","og_type":"article","og_title":"Erh\u00fcrman\u2019dan Hristodulidis\u2019e ele\u015ftiri: \u0130ki lider olarak masaday\u0131z, BM\u2019nin bu s\u00fcre\u00e7lere ili\u015fkin raporlar\u0131 ile kay\u0131tlar\u0131 a\u00e7\u0131k - Haber Kuzey","og_description":"\u00a0Cumhurba\u015fkan\u0131 Tufan Erh\u00fcrman, Rum Y\u00f6netimi Ba\u015fkan\u0131 Nikos Hristodulidis\u2019in \u201cM\u00fczakere masas\u0131nda yaln\u0131zca K\u0131br\u0131s Rum toplumunun lideri olarak de\u011fil, ayn\u0131 zamanda \u2018K\u0131br\u0131s Cumhuriyeti&#8217;nin Cumhurba\u015fkan\u0131\u2019 olarak da oturdu\u011fu\u201d y\u00f6n\u00fcndeki s\u00f6ylemini ele\u015ftirdi. Erh\u00fcrman, hangi masa olursa olsun, iki lider olarak masada olduklar\u0131 ve olacaklar\u0131n\u0131n da alt\u0131n\u0131 \u00e7izdi ve BM&#8217;nin bu s\u00fcre\u00e7lere ili\u015fkin b\u00fct\u00fcn raporlar\u0131 ile kay\u0131tlar\u0131n\u0131n a\u00e7\u0131k oldu\u011funa i\u015faret [&hellip;]","og_url":"https:\/\/haberkuzey.com\/index.php\/2026\/05\/01\/erhurmandan-hristodulidise-elestiri-iki-lider-olarak-masadayiz-bmnin-bu-sureclere-iliskin-raporlari-ile-kayitlari-acik\/","og_site_name":"Haber Kuzey","article_published_time":"2026-05-01T10:23:57+00:00","article_modified_time":"2026-05-01T10:24:06+00:00","og_image":[{"width":1024,"height":684,"url":"https:\/\/haberkuzey.com\/wp-content\/uploads\/2026\/05\/1776840723150CB-ERHURMAN-ROP-TIM-2-1024x684.jpg","type":"image\/jpeg"}],"author":"haberkuzey","twitter_card":"summary_large_image","twitter_misc":{"Yazan:":"haberkuzey","Tahmini okuma s\u00fcresi":"3 dakika"},"schema":{"@context":"https:\/\/schema.org","@graph":[{"@type":"Article","@id":"https:\/\/haberkuzey.com\/index.php\/2026\/05\/01\/erhurmandan-hristodulidise-elestiri-iki-lider-olarak-masadayiz-bmnin-bu-sureclere-iliskin-raporlari-ile-kayitlari-acik\/#article","isPartOf":{"@id":"https:\/\/haberkuzey.com\/index.php\/2026\/05\/01\/erhurmandan-hristodulidise-elestiri-iki-lider-olarak-masadayiz-bmnin-bu-sureclere-iliskin-raporlari-ile-kayitlari-acik\/"},"author":{"name":"haberkuzey","@id":"https:\/\/haberkuzey.com\/#\/schema\/person\/3372109ec735f9333f4fa47ebb9605ca"},"headline":"Erh\u00fcrman\u2019dan Hristodulidis\u2019e ele\u015ftiri: \u0130ki lider olarak masaday\u0131z, BM\u2019nin bu s\u00fcre\u00e7lere ili\u015fkin raporlar\u0131 ile kay\u0131tlar\u0131 a\u00e7\u0131k","datePublished":"2026-05-01T10:23:57+00:00","dateModified":"2026-05-01T10:24:06+00:00","mainEntityOfPage":{"@id":"https:\/\/haberkuzey.com\/index.php\/2026\/05\/01\/erhurmandan-hristodulidise-elestiri-iki-lider-olarak-masadayiz-bmnin-bu-sureclere-iliskin-raporlari-ile-kayitlari-acik\/"},"wordCount":680,"commentCount":0,"image":{"@id":"https:\/\/haberkuzey.com\/index.php\/2026\/05\/01\/erhurmandan-hristodulidise-elestiri-iki-lider-olarak-masadayiz-bmnin-bu-sureclere-iliskin-raporlari-ile-kayitlari-acik\/#primaryimage"},"thumbnailUrl":"https:\/\/haberkuzey.com\/wp-content\/uploads\/2026\/05\/1776840723150CB-ERHURMAN-ROP-TIM-2-1024x684.jpg","articleSection":["K\u0131br\u0131s"],"inLanguage":"tr","potentialAction":[{"@type":"CommentAction","name":"Comment","target":["https:\/\/haberkuzey.com\/index.php\/2026\/05\/01\/erhurmandan-hristodulidise-elestiri-iki-lider-olarak-masadayiz-bmnin-bu-sureclere-iliskin-raporlari-ile-kayitlari-acik\/#respond"]}]},{"@type":"WebPage","@id":"https:\/\/haberkuzey.com\/index.php\/2026\/05\/01\/erhurmandan-hristodulidise-elestiri-iki-lider-olarak-masadayiz-bmnin-bu-sureclere-iliskin-raporlari-ile-kayitlari-acik\/","url":"https:\/\/haberkuzey.com\/index.php\/2026\/05\/01\/erhurmandan-hristodulidise-elestiri-iki-lider-olarak-masadayiz-bmnin-bu-sureclere-iliskin-raporlari-ile-kayitlari-acik\/","name":"Erh\u00fcrman\u2019dan Hristodulidis\u2019e ele\u015ftiri: \u0130ki lider olarak masaday\u0131z, BM\u2019nin bu s\u00fcre\u00e7lere ili\u015fkin raporlar\u0131 ile kay\u0131tlar\u0131 a\u00e7\u0131k - Haber Kuzey","isPartOf":{"@id":"https:\/\/haberkuzey.com\/#website"},"primaryImageOfPage":{"@id":"https:\/\/haberkuzey.com\/index.php\/2026\/05\/01\/erhurmandan-hristodulidise-elestiri-iki-lider-olarak-masadayiz-bmnin-bu-sureclere-iliskin-raporlari-ile-kayitlari-acik\/#primaryimage"},"image":{"@id":"https:\/\/haberkuzey.com\/index.php\/2026\/05\/01\/erhurmandan-hristodulidise-elestiri-iki-lider-olarak-masadayiz-bmnin-bu-sureclere-iliskin-raporlari-ile-kayitlari-acik\/#primaryimage"},"thumbnailUrl":"https:\/\/haberkuzey.com\/wp-content\/uploads\/2026\/05\/1776840723150CB-ERHURMAN-ROP-TIM-2-1024x684.jpg","datePublished":"2026-05-01T10:23:57+00:00","dateModified":"2026-05-01T10:24:06+00:00","author":{"@id":"https:\/\/haberkuzey.com\/#\/schema\/person\/3372109ec735f9333f4fa47ebb9605ca"},"breadcrumb":{"@id":"https:\/\/haberkuzey.com\/index.php\/2026\/05\/01\/erhurmandan-hristodulidise-elestiri-iki-lider-olarak-masadayiz-bmnin-bu-sureclere-iliskin-raporlari-ile-kayitlari-acik\/#breadcrumb"},"inLanguage":"tr","potentialAction":[{"@type":"ReadAction","target":["https:\/\/haberkuzey.com\/index.php\/2026\/05\/01\/erhurmandan-hristodulidise-elestiri-iki-lider-olarak-masadayiz-bmnin-bu-sureclere-iliskin-raporlari-ile-kayitlari-acik\/"]}]},{"@type":"ImageObject","inLanguage":"tr","@id":"https:\/\/haberkuzey.com\/index.php\/2026\/05\/01\/erhurmandan-hristodulidise-elestiri-iki-lider-olarak-masadayiz-bmnin-bu-sureclere-iliskin-raporlari-ile-kayitlari-acik\/#primaryimage","url":"https:\/\/haberkuzey.com\/wp-content\/uploads\/2026\/05\/1776840723150CB-ERHURMAN-ROP-TIM-2-1024x684.jpg","contentUrl":"https:\/\/haberkuzey.com\/wp-content\/uploads\/2026\/05\/1776840723150CB-ERHURMAN-ROP-TIM-2-1024x684.jpg","width":1024,"height":684},{"@type":"BreadcrumbList","@id":"https:\/\/haberkuzey.com\/index.php\/2026\/05\/01\/erhurmandan-hristodulidise-elestiri-iki-lider-olarak-masadayiz-bmnin-bu-sureclere-iliskin-raporlari-ile-kayitlari-acik\/#breadcrumb","itemListElement":[{"@type":"ListItem","position":1,"name":"Anasayfa","item":"https:\/\/haberkuzey.com\/"},{"@type":"ListItem","position":2,"name":"Erh\u00fcrman\u2019dan Hristodulidis\u2019e ele\u015ftiri: \u0130ki lider olarak masaday\u0131z, BM\u2019nin bu s\u00fcre\u00e7lere ili\u015fkin raporlar\u0131 ile kay\u0131tlar\u0131 a\u00e7\u0131k"}]},{"@type":"WebSite","@id":"https:\/\/haberkuzey.com\/#website","url":"https:\/\/haberkuzey.com\/","name":"Haber Kuzey","description":"Do\u011fru Haberin Adresi","potentialAction":[{"@type":"SearchAction","target":{"@type":"EntryPoint","urlTemplate":"https:\/\/haberkuzey.com\/?s={search_term_string}"},"query-input":{"@type":"PropertyValueSpecification","valueRequired":true,"valueName":"search_term_string"}}],"inLanguage":"tr"},{"@type":"Person","@id":"https:\/\/haberkuzey.com\/#\/schema\/person\/3372109ec735f9333f4fa47ebb9605ca","name":"haberkuzey","image":{"@type":"ImageObject","inLanguage":"tr","@id":"https:\/\/secure.gravatar.com\/avatar\/f5fc875574b1575324358c3b9e6a32b8227aa5b74f3fa22e3cadb63e26fcc39c?s=96&d=mm&r=g","url":"https:\/\/secure.gravatar.com\/avatar\/f5fc875574b1575324358c3b9e6a32b8227aa5b74f3fa22e3cadb63e26fcc39c?s=96&d=mm&r=g","contentUrl":"https:\/\/secure.gravatar.com\/avatar\/f5fc875574b1575324358c3b9e6a32b8227aa5b74f3fa22e3cadb63e26fcc39c?s=96&d=mm&r=g","caption":"haberkuzey"},"sameAs":["https:\/\/haberkuzey.com"],"url":"https:\/\/haberkuzey.com\/index.php\/author\/haberkuzey\/"}]}},"_links":{"self":[{"href":"https:\/\/haberkuzey.com\/index.php\/wp-json\/wp\/v2\/posts\/37007","targetHints":{"allow":["GET"]}}],"collection":[{"href":"https:\/\/haberkuzey.com\/index.php\/wp-json\/wp\/v2\/posts"}],"about":[{"href":"https:\/\/haberkuzey.com\/index.php\/wp-json\/wp\/v2\/types\/post"}],"author":[{"embeddable":true,"href":"https:\/\/haberkuzey.com\/index.php\/wp-json\/wp\/v2\/users\/1"}],"replies":[{"embeddable":true,"href":"https:\/\/haberkuzey.com\/index.php\/wp-json\/wp\/v2\/comments?post=37007"}],"version-history":[{"count":1,"href":"https:\/\/haberkuzey.com\/index.php\/wp-json\/wp\/v2\/posts\/37007\/revisions"}],"predecessor-version":[{"id":37009,"href":"https:\/\/haberkuzey.com\/index.php\/wp-json\/wp\/v2\/posts\/37007\/revisions\/37009"}],"wp:featuredmedia":[{"embeddable":true,"href":"https:\/\/haberkuzey.com\/index.php\/wp-json\/wp\/v2\/media\/37008"}],"wp:attachment":[{"href":"https:\/\/haberkuzey.com\/index.php\/wp-json\/wp\/v2\/media?parent=37007"}],"wp:term":[{"taxonomy":"category","embeddable":true,"href":"https:\/\/haberkuzey.com\/index.php\/wp-json\/wp\/v2\/categories?post=37007"},{"taxonomy":"post_tag","embeddable":true,"href":"https:\/\/haberkuzey.com\/index.php\/wp-json\/wp\/v2\/tags?post=37007"}],"curies":[{"name":"wp","href":"https:\/\/api.w.org\/{rel}","templated":true}]}}