{"id":37005,"date":"2026-05-01T13:17:47","date_gmt":"2026-05-01T10:17:47","guid":{"rendered":"https:\/\/haberkuzey.com\/index.php\/2026\/05\/01\/adli-olaylariki-kisi-uyusturucudan-tutuklandi\/"},"modified":"2026-05-01T13:17:56","modified_gmt":"2026-05-01T10:17:56","slug":"adli-olaylariki-kisi-uyusturucudan-tutuklandi","status":"publish","type":"post","link":"https:\/\/haberkuzey.com\/index.php\/2026\/05\/01\/adli-olaylariki-kisi-uyusturucudan-tutuklandi\/","title":{"rendered":"Adli olaylar\u2026\u0130ki ki\u015fi uyu\u015fturucudan tutukland\u0131"},"content":{"rendered":"<p style=\"font-weight: 300\"><span style=\"font-weight: 300 !important\">Kaleburnu\u2019nda kald\u0131\u011f\u0131 evde aniden rahats\u0131zlanarak ya\u015fam\u0131n\u0131 yitiren Hamza Sesli\u2019ye (E-91) yap\u0131lan otopside kan ve doku \u00f6rnekleri al\u0131nd\u0131\u011f\u0131 bildirildi.<\/span><\/p>\n<p style=\"font-weight: 300\"><span style=\"font-weight: 300 !important\">Polis, Sesli\u2019nin \u00f6l\u00fcm sebebinin yap\u0131lacak ileri tetkikler sonucunda belirlenece\u011fini a\u00e7\u0131klad\u0131.<\/span><\/p>\n<p style=\"font-weight: 300\"><span style=\"font-weight: 300 !important\">-G\u00f6nyeli\u2019de uyu\u015fturucu\u2026<\/span><\/p>\n<p style=\"font-weight: 300\"><span style=\"font-weight: 300 !important\">G\u00f6nyeli\u2019de Narkotik ekipleri taraf\u0131ndan \u015f\u00fcpheli g\u00f6r\u00fclen F.T.S\u2019nin (E-42) \u00fczerinde yakla\u015f\u0131k 1 gram 100 miligram sentetik cannabinoid t\u00fcr\u00fc uyu\u015fturucu bulundu.<\/span><\/p>\n<p style=\"font-weight: 300\"><span style=\"font-weight: 300 !important\">\u0130leri soru\u015fturmada ba\u011flant\u0131s\u0131 tespit edilen A.\u00d6\u2019n\u00fcn (E-39) ikametgah\u0131nda da yakla\u015f\u0131k 1 gram sentetik cannabinoid ele ge\u00e7irildi.<\/span><\/p>\n<p style=\"font-weight: 300\"><span style=\"font-weight: 300 !important\">Her iki \u015fah\u0131s tutukland\u0131, soru\u015fturma s\u00fcr\u00fcyor.<\/span><\/p>\n<p style=\"font-weight: 300\"><span style=\"font-weight: 300 !important\">-\u0130skele\u2019de 29 Nisan\u2019daki operasyon kapsam\u0131nda 4 ki\u015fi daha tutukland\u0131\u2026 1 ki\u015fi aran\u0131yor<\/span><\/p>\n<p style=\"font-weight: 300\"><span style=\"font-weight: 300 !important\">\u0130skele\u2019de 29 Nisan\u2019da ger\u00e7ekle\u015ftirilen operasyonda M.A.H\u2019nin (E-23) tasarrufunda tabanca, \u015farj\u00f6r ve 5 adet mermi bulunarak tutuklanm\u0131\u015ft\u0131.<\/span><\/p>\n<p style=\"font-weight: 300\"><span style=\"font-weight: 300 !important\">Konuyla ilgili ileri soru\u015fturmada, D.\u015e.\u2019nin (E-26) 24 Nisan\u2019da zanl\u0131y\u0131 300 euro kar\u015f\u0131l\u0131\u011f\u0131nda GKRY\u2019den gizlice ve i\u015flem yapt\u0131rmadan KKTC\u2019ye soktu\u011fu, A.T (E-22), M.V.B (E-23), O.A (E-25) ve \u00d6.E\u2019nin zanl\u0131n\u0131n gizlenmesine yard\u0131mc\u0131 olduklar\u0131 belirlendi.<\/span><\/p>\n<p style=\"font-weight: 300\"><span style=\"font-weight: 300 !important\">\u00a0<\/span><span style=\"font-weight: 300 !important\">D.\u015e, A.T, M.V.B ve \u00d6.E tutukland\u0131, O.A ise aran\u0131yor.<\/span><\/p>\n<p style=\"font-weight: 300\"><span style=\"font-weight: 300 !important\">-KKTC\u2019de izinsiz ikamet eden 4 ki\u015fi tutukland\u0131<\/span><\/p>\n<p style=\"font-weight: 300\"><span style=\"font-weight: 300 !important\">Polis ekiplerinin KKTC genelinde yapt\u0131\u011f\u0131 denetimlerde, ikamet izinsiz 4 ki\u015fi tespit edilerek tutukland\u0131.\u00a0<\/span><\/p>\n<p style=\"font-weight: 300\"><span style=\"font-weight: 300 !important\"><br \/>\n<\/span><span style=\"font-weight: 300 !important\">\u015eah\u0131slar aleyhinde yasal i\u015flem ba\u015flat\u0131ld\u0131.<\/span><\/p>\n<p style=\"font-weight: 300\"><span style=\"font-weight: 300 !important\">-Sarho\u015f olup rahats\u0131zl\u0131k yaratan 2 ki\u015fi tutukland\u0131<\/span><\/p>\n<p style=\"font-weight: 300\"><span style=\"font-weight: 300 !important\">Gazima\u011fusa\u2019da A.T (E-39) ve M.Y (E-44) kamuya a\u00e7\u0131k yerde alkoll\u00fc i\u00e7ki tesiri alt\u0131nda ba\u011f\u0131rarak \u00e7evreye rahats\u0131zl\u0131k verdikleri s\u0131rada su\u00e7\u00fcst\u00fc yakaland\u0131.<\/span><\/p>\n<p style=\"font-weight: 300\"><span style=\"font-weight: 300 !important\">Bahse konu \u015fah\u0131slar tutukland\u0131.<\/span><\/p>\n","protected":false},"excerpt":{"rendered":"<p>Kaleburnu\u2019nda kald\u0131\u011f\u0131 evde aniden rahats\u0131zlanarak ya\u015fam\u0131n\u0131 yitiren Hamza Sesli\u2019ye (E-91) yap\u0131lan otopside kan ve doku \u00f6rnekleri al\u0131nd\u0131\u011f\u0131 bildirildi. Polis, Sesli\u2019nin \u00f6l\u00fcm sebebinin yap\u0131lacak ileri tetkikler sonucunda belirlenece\u011fini a\u00e7\u0131klad\u0131. -G\u00f6nyeli\u2019de uyu\u015fturucu\u2026 G\u00f6nyeli\u2019de Narkotik ekipleri taraf\u0131ndan \u015f\u00fcpheli g\u00f6r\u00fclen F.T.S\u2019nin (E-42) \u00fczerinde yakla\u015f\u0131k 1 gram 100 miligram sentetik cannabinoid t\u00fcr\u00fc uyu\u015fturucu bulundu. \u0130leri soru\u015fturmada ba\u011flant\u0131s\u0131 tespit edilen A.\u00d6\u2019n\u00fcn [&hellip;]<\/p>\n","protected":false},"author":1,"featured_media":36218,"comment_status":"open","ping_status":"open","sticky":false,"template":"","format":"standard","meta":{"jnews-multi-image_gallery":[],"jnews_single_post":[],"jnews_primary_category":[],"footnotes":""},"categories":[1],"tags":[],"class_list":["post-37005","post","type-post","status-publish","format-standard","has-post-thumbnail","hentry","category-kibris"],"yoast_head":"<!-- This site is optimized with the Yoast SEO plugin v27.5 - https:\/\/yoast.com\/product\/yoast-seo-wordpress\/ -->\n<title>Adli olaylar\u2026\u0130ki ki\u015fi uyu\u015fturucudan tutukland\u0131 - Haber Kuzey<\/title>\n<meta name=\"robots\" content=\"index, follow, max-snippet:-1, max-image-preview:large, max-video-preview:-1\" \/>\n<link rel=\"canonical\" href=\"https:\/\/haberkuzey.com\/index.php\/2026\/05\/01\/adli-olaylariki-kisi-uyusturucudan-tutuklandi\/\" \/>\n<meta property=\"og:locale\" content=\"tr_TR\" \/>\n<meta property=\"og:type\" content=\"article\" \/>\n<meta property=\"og:title\" content=\"Adli olaylar\u2026\u0130ki ki\u015fi uyu\u015fturucudan tutukland\u0131 - Haber Kuzey\" \/>\n<meta property=\"og:description\" content=\"Kaleburnu\u2019nda kald\u0131\u011f\u0131 evde aniden rahats\u0131zlanarak ya\u015fam\u0131n\u0131 yitiren Hamza Sesli\u2019ye (E-91) yap\u0131lan otopside kan ve doku \u00f6rnekleri al\u0131nd\u0131\u011f\u0131 bildirildi. Polis, Sesli\u2019nin \u00f6l\u00fcm sebebinin yap\u0131lacak ileri tetkikler sonucunda belirlenece\u011fini a\u00e7\u0131klad\u0131. -G\u00f6nyeli\u2019de uyu\u015fturucu\u2026 G\u00f6nyeli\u2019de Narkotik ekipleri taraf\u0131ndan \u015f\u00fcpheli g\u00f6r\u00fclen F.T.S\u2019nin (E-42) \u00fczerinde yakla\u015f\u0131k 1 gram 100 miligram sentetik cannabinoid t\u00fcr\u00fc uyu\u015fturucu bulundu. \u0130leri soru\u015fturmada ba\u011flant\u0131s\u0131 tespit edilen A.\u00d6\u2019n\u00fcn [&hellip;]\" \/>\n<meta property=\"og:url\" content=\"https:\/\/haberkuzey.com\/index.php\/2026\/05\/01\/adli-olaylariki-kisi-uyusturucudan-tutuklandi\/\" \/>\n<meta property=\"og:site_name\" content=\"Haber Kuzey\" \/>\n<meta property=\"article:published_time\" content=\"2026-05-01T10:17:47+00:00\" \/>\n<meta property=\"article:modified_time\" content=\"2026-05-01T10:17:56+00:00\" \/>\n<meta property=\"og:image\" content=\"https:\/\/haberkuzey.com\/wp-content\/uploads\/2026\/04\/1761130292193polisss23.jpg\" \/>\n\t<meta property=\"og:image:width\" content=\"880\" \/>\n\t<meta property=\"og:image:height\" content=\"440\" \/>\n\t<meta property=\"og:image:type\" content=\"image\/jpeg\" \/>\n<meta name=\"author\" content=\"haberkuzey\" \/>\n<meta name=\"twitter:card\" content=\"summary_large_image\" \/>\n<meta name=\"twitter:label1\" content=\"Yazan:\" \/>\n\t<meta name=\"twitter:data1\" content=\"haberkuzey\" \/>\n\t<meta name=\"twitter:label2\" content=\"Tahmini okuma s\u00fcresi\" \/>\n\t<meta name=\"twitter:data2\" content=\"1 dakika\" \/>\n<script type=\"application\/ld+json\" class=\"yoast-schema-graph\">{\"@context\":\"https:\\\/\\\/schema.org\",\"@graph\":[{\"@type\":\"Article\",\"@id\":\"https:\\\/\\\/haberkuzey.com\\\/index.php\\\/2026\\\/05\\\/01\\\/adli-olaylariki-kisi-uyusturucudan-tutuklandi\\\/#article\",\"isPartOf\":{\"@id\":\"https:\\\/\\\/haberkuzey.com\\\/index.php\\\/2026\\\/05\\\/01\\\/adli-olaylariki-kisi-uyusturucudan-tutuklandi\\\/\"},\"author\":{\"name\":\"haberkuzey\",\"@id\":\"https:\\\/\\\/haberkuzey.com\\\/#\\\/schema\\\/person\\\/3372109ec735f9333f4fa47ebb9605ca\"},\"headline\":\"Adli olaylar\u2026\u0130ki ki\u015fi uyu\u015fturucudan tutukland\u0131\",\"datePublished\":\"2026-05-01T10:17:47+00:00\",\"dateModified\":\"2026-05-01T10:17:56+00:00\",\"mainEntityOfPage\":{\"@id\":\"https:\\\/\\\/haberkuzey.com\\\/index.php\\\/2026\\\/05\\\/01\\\/adli-olaylariki-kisi-uyusturucudan-tutuklandi\\\/\"},\"wordCount\":292,\"commentCount\":0,\"image\":{\"@id\":\"https:\\\/\\\/haberkuzey.com\\\/index.php\\\/2026\\\/05\\\/01\\\/adli-olaylariki-kisi-uyusturucudan-tutuklandi\\\/#primaryimage\"},\"thumbnailUrl\":\"https:\\\/\\\/haberkuzey.com\\\/wp-content\\\/uploads\\\/2026\\\/04\\\/1761130292193polisss23.jpg\",\"articleSection\":[\"K\u0131br\u0131s\"],\"inLanguage\":\"tr\",\"potentialAction\":[{\"@type\":\"CommentAction\",\"name\":\"Comment\",\"target\":[\"https:\\\/\\\/haberkuzey.com\\\/index.php\\\/2026\\\/05\\\/01\\\/adli-olaylariki-kisi-uyusturucudan-tutuklandi\\\/#respond\"]}]},{\"@type\":\"WebPage\",\"@id\":\"https:\\\/\\\/haberkuzey.com\\\/index.php\\\/2026\\\/05\\\/01\\\/adli-olaylariki-kisi-uyusturucudan-tutuklandi\\\/\",\"url\":\"https:\\\/\\\/haberkuzey.com\\\/index.php\\\/2026\\\/05\\\/01\\\/adli-olaylariki-kisi-uyusturucudan-tutuklandi\\\/\",\"name\":\"Adli olaylar\u2026\u0130ki ki\u015fi uyu\u015fturucudan tutukland\u0131 - Haber Kuzey\",\"isPartOf\":{\"@id\":\"https:\\\/\\\/haberkuzey.com\\\/#website\"},\"primaryImageOfPage\":{\"@id\":\"https:\\\/\\\/haberkuzey.com\\\/index.php\\\/2026\\\/05\\\/01\\\/adli-olaylariki-kisi-uyusturucudan-tutuklandi\\\/#primaryimage\"},\"image\":{\"@id\":\"https:\\\/\\\/haberkuzey.com\\\/index.php\\\/2026\\\/05\\\/01\\\/adli-olaylariki-kisi-uyusturucudan-tutuklandi\\\/#primaryimage\"},\"thumbnailUrl\":\"https:\\\/\\\/haberkuzey.com\\\/wp-content\\\/uploads\\\/2026\\\/04\\\/1761130292193polisss23.jpg\",\"datePublished\":\"2026-05-01T10:17:47+00:00\",\"dateModified\":\"2026-05-01T10:17:56+00:00\",\"author\":{\"@id\":\"https:\\\/\\\/haberkuzey.com\\\/#\\\/schema\\\/person\\\/3372109ec735f9333f4fa47ebb9605ca\"},\"breadcrumb\":{\"@id\":\"https:\\\/\\\/haberkuzey.com\\\/index.php\\\/2026\\\/05\\\/01\\\/adli-olaylariki-kisi-uyusturucudan-tutuklandi\\\/#breadcrumb\"},\"inLanguage\":\"tr\",\"potentialAction\":[{\"@type\":\"ReadAction\",\"target\":[\"https:\\\/\\\/haberkuzey.com\\\/index.php\\\/2026\\\/05\\\/01\\\/adli-olaylariki-kisi-uyusturucudan-tutuklandi\\\/\"]}]},{\"@type\":\"ImageObject\",\"inLanguage\":\"tr\",\"@id\":\"https:\\\/\\\/haberkuzey.com\\\/index.php\\\/2026\\\/05\\\/01\\\/adli-olaylariki-kisi-uyusturucudan-tutuklandi\\\/#primaryimage\",\"url\":\"https:\\\/\\\/haberkuzey.com\\\/wp-content\\\/uploads\\\/2026\\\/04\\\/1761130292193polisss23.jpg\",\"contentUrl\":\"https:\\\/\\\/haberkuzey.com\\\/wp-content\\\/uploads\\\/2026\\\/04\\\/1761130292193polisss23.jpg\",\"width\":880,\"height\":440},{\"@type\":\"BreadcrumbList\",\"@id\":\"https:\\\/\\\/haberkuzey.com\\\/index.php\\\/2026\\\/05\\\/01\\\/adli-olaylariki-kisi-uyusturucudan-tutuklandi\\\/#breadcrumb\",\"itemListElement\":[{\"@type\":\"ListItem\",\"position\":1,\"name\":\"Anasayfa\",\"item\":\"https:\\\/\\\/haberkuzey.com\\\/\"},{\"@type\":\"ListItem\",\"position\":2,\"name\":\"Adli olaylar\u2026\u0130ki ki\u015fi uyu\u015fturucudan tutukland\u0131\"}]},{\"@type\":\"WebSite\",\"@id\":\"https:\\\/\\\/haberkuzey.com\\\/#website\",\"url\":\"https:\\\/\\\/haberkuzey.com\\\/\",\"name\":\"Haber Kuzey\",\"description\":\"Do\u011fru Haberin Adresi\",\"potentialAction\":[{\"@type\":\"SearchAction\",\"target\":{\"@type\":\"EntryPoint\",\"urlTemplate\":\"https:\\\/\\\/haberkuzey.com\\\/?s={search_term_string}\"},\"query-input\":{\"@type\":\"PropertyValueSpecification\",\"valueRequired\":true,\"valueName\":\"search_term_string\"}}],\"inLanguage\":\"tr\"},{\"@type\":\"Person\",\"@id\":\"https:\\\/\\\/haberkuzey.com\\\/#\\\/schema\\\/person\\\/3372109ec735f9333f4fa47ebb9605ca\",\"name\":\"haberkuzey\",\"image\":{\"@type\":\"ImageObject\",\"inLanguage\":\"tr\",\"@id\":\"https:\\\/\\\/secure.gravatar.com\\\/avatar\\\/f5fc875574b1575324358c3b9e6a32b8227aa5b74f3fa22e3cadb63e26fcc39c?s=96&d=mm&r=g\",\"url\":\"https:\\\/\\\/secure.gravatar.com\\\/avatar\\\/f5fc875574b1575324358c3b9e6a32b8227aa5b74f3fa22e3cadb63e26fcc39c?s=96&d=mm&r=g\",\"contentUrl\":\"https:\\\/\\\/secure.gravatar.com\\\/avatar\\\/f5fc875574b1575324358c3b9e6a32b8227aa5b74f3fa22e3cadb63e26fcc39c?s=96&d=mm&r=g\",\"caption\":\"haberkuzey\"},\"sameAs\":[\"https:\\\/\\\/haberkuzey.com\"],\"url\":\"https:\\\/\\\/haberkuzey.com\\\/index.php\\\/author\\\/haberkuzey\\\/\"}]}<\/script>\n<!-- \/ Yoast SEO plugin. -->","yoast_head_json":{"title":"Adli olaylar\u2026\u0130ki ki\u015fi uyu\u015fturucudan tutukland\u0131 - Haber Kuzey","robots":{"index":"index","follow":"follow","max-snippet":"max-snippet:-1","max-image-preview":"max-image-preview:large","max-video-preview":"max-video-preview:-1"},"canonical":"https:\/\/haberkuzey.com\/index.php\/2026\/05\/01\/adli-olaylariki-kisi-uyusturucudan-tutuklandi\/","og_locale":"tr_TR","og_type":"article","og_title":"Adli olaylar\u2026\u0130ki ki\u015fi uyu\u015fturucudan tutukland\u0131 - Haber Kuzey","og_description":"Kaleburnu\u2019nda kald\u0131\u011f\u0131 evde aniden rahats\u0131zlanarak ya\u015fam\u0131n\u0131 yitiren Hamza Sesli\u2019ye (E-91) yap\u0131lan otopside kan ve doku \u00f6rnekleri al\u0131nd\u0131\u011f\u0131 bildirildi. Polis, Sesli\u2019nin \u00f6l\u00fcm sebebinin yap\u0131lacak ileri tetkikler sonucunda belirlenece\u011fini a\u00e7\u0131klad\u0131. -G\u00f6nyeli\u2019de uyu\u015fturucu\u2026 G\u00f6nyeli\u2019de Narkotik ekipleri taraf\u0131ndan \u015f\u00fcpheli g\u00f6r\u00fclen F.T.S\u2019nin (E-42) \u00fczerinde yakla\u015f\u0131k 1 gram 100 miligram sentetik cannabinoid t\u00fcr\u00fc uyu\u015fturucu bulundu. \u0130leri soru\u015fturmada ba\u011flant\u0131s\u0131 tespit edilen A.\u00d6\u2019n\u00fcn [&hellip;]","og_url":"https:\/\/haberkuzey.com\/index.php\/2026\/05\/01\/adli-olaylariki-kisi-uyusturucudan-tutuklandi\/","og_site_name":"Haber Kuzey","article_published_time":"2026-05-01T10:17:47+00:00","article_modified_time":"2026-05-01T10:17:56+00:00","og_image":[{"width":880,"height":440,"url":"https:\/\/haberkuzey.com\/wp-content\/uploads\/2026\/04\/1761130292193polisss23.jpg","type":"image\/jpeg"}],"author":"haberkuzey","twitter_card":"summary_large_image","twitter_misc":{"Yazan:":"haberkuzey","Tahmini okuma s\u00fcresi":"1 dakika"},"schema":{"@context":"https:\/\/schema.org","@graph":[{"@type":"Article","@id":"https:\/\/haberkuzey.com\/index.php\/2026\/05\/01\/adli-olaylariki-kisi-uyusturucudan-tutuklandi\/#article","isPartOf":{"@id":"https:\/\/haberkuzey.com\/index.php\/2026\/05\/01\/adli-olaylariki-kisi-uyusturucudan-tutuklandi\/"},"author":{"name":"haberkuzey","@id":"https:\/\/haberkuzey.com\/#\/schema\/person\/3372109ec735f9333f4fa47ebb9605ca"},"headline":"Adli olaylar\u2026\u0130ki ki\u015fi uyu\u015fturucudan tutukland\u0131","datePublished":"2026-05-01T10:17:47+00:00","dateModified":"2026-05-01T10:17:56+00:00","mainEntityOfPage":{"@id":"https:\/\/haberkuzey.com\/index.php\/2026\/05\/01\/adli-olaylariki-kisi-uyusturucudan-tutuklandi\/"},"wordCount":292,"commentCount":0,"image":{"@id":"https:\/\/haberkuzey.com\/index.php\/2026\/05\/01\/adli-olaylariki-kisi-uyusturucudan-tutuklandi\/#primaryimage"},"thumbnailUrl":"https:\/\/haberkuzey.com\/wp-content\/uploads\/2026\/04\/1761130292193polisss23.jpg","articleSection":["K\u0131br\u0131s"],"inLanguage":"tr","potentialAction":[{"@type":"CommentAction","name":"Comment","target":["https:\/\/haberkuzey.com\/index.php\/2026\/05\/01\/adli-olaylariki-kisi-uyusturucudan-tutuklandi\/#respond"]}]},{"@type":"WebPage","@id":"https:\/\/haberkuzey.com\/index.php\/2026\/05\/01\/adli-olaylariki-kisi-uyusturucudan-tutuklandi\/","url":"https:\/\/haberkuzey.com\/index.php\/2026\/05\/01\/adli-olaylariki-kisi-uyusturucudan-tutuklandi\/","name":"Adli olaylar\u2026\u0130ki ki\u015fi uyu\u015fturucudan tutukland\u0131 - Haber Kuzey","isPartOf":{"@id":"https:\/\/haberkuzey.com\/#website"},"primaryImageOfPage":{"@id":"https:\/\/haberkuzey.com\/index.php\/2026\/05\/01\/adli-olaylariki-kisi-uyusturucudan-tutuklandi\/#primaryimage"},"image":{"@id":"https:\/\/haberkuzey.com\/index.php\/2026\/05\/01\/adli-olaylariki-kisi-uyusturucudan-tutuklandi\/#primaryimage"},"thumbnailUrl":"https:\/\/haberkuzey.com\/wp-content\/uploads\/2026\/04\/1761130292193polisss23.jpg","datePublished":"2026-05-01T10:17:47+00:00","dateModified":"2026-05-01T10:17:56+00:00","author":{"@id":"https:\/\/haberkuzey.com\/#\/schema\/person\/3372109ec735f9333f4fa47ebb9605ca"},"breadcrumb":{"@id":"https:\/\/haberkuzey.com\/index.php\/2026\/05\/01\/adli-olaylariki-kisi-uyusturucudan-tutuklandi\/#breadcrumb"},"inLanguage":"tr","potentialAction":[{"@type":"ReadAction","target":["https:\/\/haberkuzey.com\/index.php\/2026\/05\/01\/adli-olaylariki-kisi-uyusturucudan-tutuklandi\/"]}]},{"@type":"ImageObject","inLanguage":"tr","@id":"https:\/\/haberkuzey.com\/index.php\/2026\/05\/01\/adli-olaylariki-kisi-uyusturucudan-tutuklandi\/#primaryimage","url":"https:\/\/haberkuzey.com\/wp-content\/uploads\/2026\/04\/1761130292193polisss23.jpg","contentUrl":"https:\/\/haberkuzey.com\/wp-content\/uploads\/2026\/04\/1761130292193polisss23.jpg","width":880,"height":440},{"@type":"BreadcrumbList","@id":"https:\/\/haberkuzey.com\/index.php\/2026\/05\/01\/adli-olaylariki-kisi-uyusturucudan-tutuklandi\/#breadcrumb","itemListElement":[{"@type":"ListItem","position":1,"name":"Anasayfa","item":"https:\/\/haberkuzey.com\/"},{"@type":"ListItem","position":2,"name":"Adli olaylar\u2026\u0130ki ki\u015fi uyu\u015fturucudan tutukland\u0131"}]},{"@type":"WebSite","@id":"https:\/\/haberkuzey.com\/#website","url":"https:\/\/haberkuzey.com\/","name":"Haber Kuzey","description":"Do\u011fru Haberin Adresi","potentialAction":[{"@type":"SearchAction","target":{"@type":"EntryPoint","urlTemplate":"https:\/\/haberkuzey.com\/?s={search_term_string}"},"query-input":{"@type":"PropertyValueSpecification","valueRequired":true,"valueName":"search_term_string"}}],"inLanguage":"tr"},{"@type":"Person","@id":"https:\/\/haberkuzey.com\/#\/schema\/person\/3372109ec735f9333f4fa47ebb9605ca","name":"haberkuzey","image":{"@type":"ImageObject","inLanguage":"tr","@id":"https:\/\/secure.gravatar.com\/avatar\/f5fc875574b1575324358c3b9e6a32b8227aa5b74f3fa22e3cadb63e26fcc39c?s=96&d=mm&r=g","url":"https:\/\/secure.gravatar.com\/avatar\/f5fc875574b1575324358c3b9e6a32b8227aa5b74f3fa22e3cadb63e26fcc39c?s=96&d=mm&r=g","contentUrl":"https:\/\/secure.gravatar.com\/avatar\/f5fc875574b1575324358c3b9e6a32b8227aa5b74f3fa22e3cadb63e26fcc39c?s=96&d=mm&r=g","caption":"haberkuzey"},"sameAs":["https:\/\/haberkuzey.com"],"url":"https:\/\/haberkuzey.com\/index.php\/author\/haberkuzey\/"}]}},"_links":{"self":[{"href":"https:\/\/haberkuzey.com\/index.php\/wp-json\/wp\/v2\/posts\/37005","targetHints":{"allow":["GET"]}}],"collection":[{"href":"https:\/\/haberkuzey.com\/index.php\/wp-json\/wp\/v2\/posts"}],"about":[{"href":"https:\/\/haberkuzey.com\/index.php\/wp-json\/wp\/v2\/types\/post"}],"author":[{"embeddable":true,"href":"https:\/\/haberkuzey.com\/index.php\/wp-json\/wp\/v2\/users\/1"}],"replies":[{"embeddable":true,"href":"https:\/\/haberkuzey.com\/index.php\/wp-json\/wp\/v2\/comments?post=37005"}],"version-history":[{"count":1,"href":"https:\/\/haberkuzey.com\/index.php\/wp-json\/wp\/v2\/posts\/37005\/revisions"}],"predecessor-version":[{"id":37006,"href":"https:\/\/haberkuzey.com\/index.php\/wp-json\/wp\/v2\/posts\/37005\/revisions\/37006"}],"wp:featuredmedia":[{"embeddable":true,"href":"https:\/\/haberkuzey.com\/index.php\/wp-json\/wp\/v2\/media\/36218"}],"wp:attachment":[{"href":"https:\/\/haberkuzey.com\/index.php\/wp-json\/wp\/v2\/media?parent=37005"}],"wp:term":[{"taxonomy":"category","embeddable":true,"href":"https:\/\/haberkuzey.com\/index.php\/wp-json\/wp\/v2\/categories?post=37005"},{"taxonomy":"post_tag","embeddable":true,"href":"https:\/\/haberkuzey.com\/index.php\/wp-json\/wp\/v2\/tags?post=37005"}],"curies":[{"name":"wp","href":"https:\/\/api.w.org\/{rel}","templated":true}]}}