{"id":37003,"date":"2026-05-01T12:45:11","date_gmt":"2026-05-01T09:45:11","guid":{"rendered":"https:\/\/haberkuzey.com\/index.php\/2026\/05\/01\/azerbaycan-milli-meclisi-avrupa-parlamentosu-ile-tum-iliskilerini-durdurdu\/"},"modified":"2026-05-01T12:45:11","modified_gmt":"2026-05-01T09:45:11","slug":"azerbaycan-milli-meclisi-avrupa-parlamentosu-ile-tum-iliskilerini-durdurdu","status":"publish","type":"post","link":"https:\/\/haberkuzey.com\/index.php\/2026\/05\/01\/azerbaycan-milli-meclisi-avrupa-parlamentosu-ile-tum-iliskilerini-durdurdu\/","title":{"rendered":"Azerbaycan Milli Meclisi, Avrupa Parlamentosu ile t\u00fcm ili\u015fkilerini durdurdu"},"content":{"rendered":"<p><\/p>\n<div>\n<p>&#13;<br \/>\n\tMilli Meclis taraf\u0131ndan kabul edilen kararda, AP&#8217;nin Azerbaycan&#8217;a kar\u015f\u0131 a\u00e7\u0131k ve yap\u0131c\u0131 diyalogdan yana olmad\u0131\u011f\u0131 ve &#8220;y\u0131k\u0131c\u0131 tutum&#8221; sergiledi\u011fi belirtildi.<\/p>\n<p>&#13;<br \/>\n\tAP&#8217;nin faaliyetlerinde uluslararas\u0131 hukuk normlar\u0131 ile adalet anlay\u0131\u015f\u0131n\u0131 g\u00f6z ard\u0131 etti\u011fi kaydedilen metinde, s\u00f6z konusu kurumun, Azerbaycan topraklar\u0131n\u0131n Ermenistan taraf\u0131ndan 30 y\u0131l i\u015fgal alt\u0131nda tutulmas\u0131na, yerle\u015fim yerlerinin ve k\u00fclt\u00fcrel miras\u0131n tahrip edilmesine, etnik temizlik ve 1 milyondan fazla ki\u015finin yerinden edilmesine kar\u015f\u0131 &#8220;duyars\u0131z kald\u0131\u011f\u0131&#8221; vurguland\u0131.<\/p>\n<p>&#13;<br \/>\n\tAyr\u0131ca Avrupa Birli\u011fi (AB)-Azerbaycan Parlamenter \u0130\u015fbirli\u011fi Komitesi ile Euronest Parlamenter Asamblesinin, Azerbaycan&#8217;a kar\u015f\u0131 bask\u0131 ve m\u00fcdahale arac\u0131 haline getirildi\u011fi ifade edildi.<\/p>\n<p>&#13;<br \/>\n\tMilli Meclisin karar\u0131nda, AP&#8217;nin lobi gruplar\u0131n\u0131n etkisinde kald\u0131\u011f\u0131, Azerbaycan kar\u015f\u0131t\u0131 ve \u0130slam kar\u015f\u0131t\u0131 bir yap\u0131ya d\u00f6n\u00fc\u015ft\u00fc\u011f\u00fc belirtildi.<\/p>\n<p>&#13;<br \/>\n\tKararda, AP&#8217;nin yakla\u015f\u0131m\u0131n\u0131n yaln\u0131zca Azerbaycan-AB ili\u015fkilerine de\u011fil, G\u00fcney Kafkasya&#8217;da kal\u0131c\u0131 bar\u0131\u015f \u00e7abalar\u0131na da zarar verdi\u011fi ve b\u00f6lgede gerilimi art\u0131rma riski ta\u015f\u0131d\u0131\u011f\u0131na i\u015faret edildi.<\/p>\n<p>&#13;<br \/>\n\tBu \u00e7er\u00e7evede Milli Meclis, Avrupa Parlamentosu ile t\u00fcm alanlardaki i\u015fbirli\u011finin durdurulmas\u0131na, AB-Azerbaycan Parlamenter \u0130\u015fbirli\u011fi Komitesindeki faaliyetlerin sonland\u0131r\u0131lmas\u0131na ve Euronest Parlamenter Asamblesindeki \u00fcyeli\u011fin sona erdirilmesine y\u00f6nelik s\u00fcrecin ba\u015flat\u0131lmas\u0131na karar verdi.<\/p>\n<p>&#13;<br \/>\n\tAP&#8217;de d\u00fcn kabul edilen kararda Azerbaycan&#8217;a Karaba\u011f&#8217;\u0131 terk eden Ermenilerin geri d\u00f6n\u00fc\u015f\u00fcn\u00fc sa\u011flama \u00e7a\u011fr\u0131s\u0131nda bulunulmu\u015f, hapiste bulunan Ermenistan vatanda\u015flar\u0131n\u0131n serbest b\u0131rak\u0131lmas\u0131 talep edilmi\u015fti.<\/p>\n<p>&#13;<br \/>\n\tKararda ayr\u0131ca Ermenilere ait k\u00fclt\u00fcrel miras\u0131n korunmas\u0131 \u00e7a\u011fr\u0131s\u0131 yer alm\u0131\u015ft\u0131.<\/p>\n<p>&#13;<br \/>\n\tBu durum \u00fczerine AB&#8217;nin Bak\u00fc B\u00fcy\u00fckel\u00e7isi Marijana Kujundzic D\u0131\u015fi\u015fleri Bakanl\u0131\u011f\u0131na \u00e7a\u011fr\u0131lm\u0131\u015f ve AB&#8217;ye nota verilmi\u015fti.<\/p>\n<\/p><\/div>\n","protected":false},"excerpt":{"rendered":"<p>&#13; Milli Meclis taraf\u0131ndan kabul edilen kararda, AP&#8217;nin Azerbaycan&#8217;a kar\u015f\u0131 a\u00e7\u0131k ve yap\u0131c\u0131 diyalogdan yana olmad\u0131\u011f\u0131 ve &#8220;y\u0131k\u0131c\u0131 tutum&#8221; sergiledi\u011fi belirtildi. &#13; AP&#8217;nin faaliyetlerinde uluslararas\u0131 hukuk normlar\u0131 ile adalet anlay\u0131\u015f\u0131n\u0131 g\u00f6z ard\u0131 etti\u011fi kaydedilen metinde, s\u00f6z konusu kurumun, Azerbaycan topraklar\u0131n\u0131n Ermenistan taraf\u0131ndan 30 y\u0131l i\u015fgal alt\u0131nda tutulmas\u0131na, yerle\u015fim yerlerinin ve k\u00fclt\u00fcrel miras\u0131n tahrip edilmesine, etnik [&hellip;]<\/p>\n","protected":false},"author":1,"featured_media":37004,"comment_status":"open","ping_status":"open","sticky":false,"template":"","format":"standard","meta":{"jnews-multi-image_gallery":[],"jnews_single_post":[],"jnews_primary_category":[],"footnotes":""},"categories":[2],"tags":[],"class_list":["post-37003","post","type-post","status-publish","format-standard","has-post-thumbnail","hentry","category-dunya"],"yoast_head":"<!-- This site is optimized with the Yoast SEO plugin v27.5 - https:\/\/yoast.com\/product\/yoast-seo-wordpress\/ -->\n<title>Azerbaycan Milli Meclisi, Avrupa Parlamentosu ile t\u00fcm ili\u015fkilerini durdurdu - Haber Kuzey<\/title>\n<meta name=\"robots\" content=\"index, follow, max-snippet:-1, max-image-preview:large, max-video-preview:-1\" \/>\n<link rel=\"canonical\" href=\"https:\/\/haberkuzey.com\/index.php\/2026\/05\/01\/azerbaycan-milli-meclisi-avrupa-parlamentosu-ile-tum-iliskilerini-durdurdu\/\" \/>\n<meta property=\"og:locale\" content=\"tr_TR\" \/>\n<meta property=\"og:type\" content=\"article\" \/>\n<meta property=\"og:title\" content=\"Azerbaycan Milli Meclisi, Avrupa Parlamentosu ile t\u00fcm ili\u015fkilerini durdurdu - Haber Kuzey\" \/>\n<meta property=\"og:description\" content=\"&#013; Milli Meclis taraf\u0131ndan kabul edilen kararda, AP&#8217;nin Azerbaycan&#8217;a kar\u015f\u0131 a\u00e7\u0131k ve yap\u0131c\u0131 diyalogdan yana olmad\u0131\u011f\u0131 ve &#8220;y\u0131k\u0131c\u0131 tutum&#8221; sergiledi\u011fi belirtildi. &#013; AP&#8217;nin faaliyetlerinde uluslararas\u0131 hukuk normlar\u0131 ile adalet anlay\u0131\u015f\u0131n\u0131 g\u00f6z ard\u0131 etti\u011fi kaydedilen metinde, s\u00f6z konusu kurumun, Azerbaycan topraklar\u0131n\u0131n Ermenistan taraf\u0131ndan 30 y\u0131l i\u015fgal alt\u0131nda tutulmas\u0131na, yerle\u015fim yerlerinin ve k\u00fclt\u00fcrel miras\u0131n tahrip edilmesine, etnik [&hellip;]\" \/>\n<meta property=\"og:url\" content=\"https:\/\/haberkuzey.com\/index.php\/2026\/05\/01\/azerbaycan-milli-meclisi-avrupa-parlamentosu-ile-tum-iliskilerini-durdurdu\/\" \/>\n<meta property=\"og:site_name\" content=\"Haber Kuzey\" \/>\n<meta property=\"article:published_time\" content=\"2026-05-01T09:45:11+00:00\" \/>\n<meta property=\"og:image\" content=\"https:\/\/trthaberstatic.cdn.wp.trt.com.tr\/resimler\/1508000\/azerbaycan-baku-aa-1508574.jpg\" \/>\n<meta name=\"author\" content=\"haberkuzey\" \/>\n<meta name=\"twitter:card\" content=\"summary_large_image\" \/>\n<meta name=\"twitter:label1\" content=\"Yazan:\" \/>\n\t<meta name=\"twitter:data1\" content=\"haberkuzey\" \/>\n\t<meta name=\"twitter:label2\" content=\"Tahmini okuma s\u00fcresi\" \/>\n\t<meta name=\"twitter:data2\" content=\"1 dakika\" \/>\n<script type=\"application\/ld+json\" class=\"yoast-schema-graph\">{\"@context\":\"https:\\\/\\\/schema.org\",\"@graph\":[{\"@type\":\"Article\",\"@id\":\"https:\\\/\\\/haberkuzey.com\\\/index.php\\\/2026\\\/05\\\/01\\\/azerbaycan-milli-meclisi-avrupa-parlamentosu-ile-tum-iliskilerini-durdurdu\\\/#article\",\"isPartOf\":{\"@id\":\"https:\\\/\\\/haberkuzey.com\\\/index.php\\\/2026\\\/05\\\/01\\\/azerbaycan-milli-meclisi-avrupa-parlamentosu-ile-tum-iliskilerini-durdurdu\\\/\"},\"author\":{\"name\":\"haberkuzey\",\"@id\":\"https:\\\/\\\/haberkuzey.com\\\/#\\\/schema\\\/person\\\/3372109ec735f9333f4fa47ebb9605ca\"},\"headline\":\"Azerbaycan Milli Meclisi, Avrupa Parlamentosu ile t\u00fcm ili\u015fkilerini durdurdu\",\"datePublished\":\"2026-05-01T09:45:11+00:00\",\"mainEntityOfPage\":{\"@id\":\"https:\\\/\\\/haberkuzey.com\\\/index.php\\\/2026\\\/05\\\/01\\\/azerbaycan-milli-meclisi-avrupa-parlamentosu-ile-tum-iliskilerini-durdurdu\\\/\"},\"wordCount\":319,\"commentCount\":0,\"image\":{\"@id\":\"https:\\\/\\\/haberkuzey.com\\\/index.php\\\/2026\\\/05\\\/01\\\/azerbaycan-milli-meclisi-avrupa-parlamentosu-ile-tum-iliskilerini-durdurdu\\\/#primaryimage\"},\"thumbnailUrl\":\"https:\\\/\\\/haberkuzey.com\\\/wp-content\\\/uploads\\\/2026\\\/05\\\/azerbaycan-baku-aa-1508574.jpg\",\"articleSection\":[\"D\u00fcnya\"],\"inLanguage\":\"tr\",\"potentialAction\":[{\"@type\":\"CommentAction\",\"name\":\"Comment\",\"target\":[\"https:\\\/\\\/haberkuzey.com\\\/index.php\\\/2026\\\/05\\\/01\\\/azerbaycan-milli-meclisi-avrupa-parlamentosu-ile-tum-iliskilerini-durdurdu\\\/#respond\"]}]},{\"@type\":\"WebPage\",\"@id\":\"https:\\\/\\\/haberkuzey.com\\\/index.php\\\/2026\\\/05\\\/01\\\/azerbaycan-milli-meclisi-avrupa-parlamentosu-ile-tum-iliskilerini-durdurdu\\\/\",\"url\":\"https:\\\/\\\/haberkuzey.com\\\/index.php\\\/2026\\\/05\\\/01\\\/azerbaycan-milli-meclisi-avrupa-parlamentosu-ile-tum-iliskilerini-durdurdu\\\/\",\"name\":\"Azerbaycan Milli Meclisi, Avrupa Parlamentosu ile t\u00fcm ili\u015fkilerini durdurdu - Haber Kuzey\",\"isPartOf\":{\"@id\":\"https:\\\/\\\/haberkuzey.com\\\/#website\"},\"primaryImageOfPage\":{\"@id\":\"https:\\\/\\\/haberkuzey.com\\\/index.php\\\/2026\\\/05\\\/01\\\/azerbaycan-milli-meclisi-avrupa-parlamentosu-ile-tum-iliskilerini-durdurdu\\\/#primaryimage\"},\"image\":{\"@id\":\"https:\\\/\\\/haberkuzey.com\\\/index.php\\\/2026\\\/05\\\/01\\\/azerbaycan-milli-meclisi-avrupa-parlamentosu-ile-tum-iliskilerini-durdurdu\\\/#primaryimage\"},\"thumbnailUrl\":\"https:\\\/\\\/haberkuzey.com\\\/wp-content\\\/uploads\\\/2026\\\/05\\\/azerbaycan-baku-aa-1508574.jpg\",\"datePublished\":\"2026-05-01T09:45:11+00:00\",\"author\":{\"@id\":\"https:\\\/\\\/haberkuzey.com\\\/#\\\/schema\\\/person\\\/3372109ec735f9333f4fa47ebb9605ca\"},\"breadcrumb\":{\"@id\":\"https:\\\/\\\/haberkuzey.com\\\/index.php\\\/2026\\\/05\\\/01\\\/azerbaycan-milli-meclisi-avrupa-parlamentosu-ile-tum-iliskilerini-durdurdu\\\/#breadcrumb\"},\"inLanguage\":\"tr\",\"potentialAction\":[{\"@type\":\"ReadAction\",\"target\":[\"https:\\\/\\\/haberkuzey.com\\\/index.php\\\/2026\\\/05\\\/01\\\/azerbaycan-milli-meclisi-avrupa-parlamentosu-ile-tum-iliskilerini-durdurdu\\\/\"]}]},{\"@type\":\"ImageObject\",\"inLanguage\":\"tr\",\"@id\":\"https:\\\/\\\/haberkuzey.com\\\/index.php\\\/2026\\\/05\\\/01\\\/azerbaycan-milli-meclisi-avrupa-parlamentosu-ile-tum-iliskilerini-durdurdu\\\/#primaryimage\",\"url\":\"https:\\\/\\\/haberkuzey.com\\\/wp-content\\\/uploads\\\/2026\\\/05\\\/azerbaycan-baku-aa-1508574.jpg\",\"contentUrl\":\"https:\\\/\\\/haberkuzey.com\\\/wp-content\\\/uploads\\\/2026\\\/05\\\/azerbaycan-baku-aa-1508574.jpg\",\"width\":1280,\"height\":720},{\"@type\":\"BreadcrumbList\",\"@id\":\"https:\\\/\\\/haberkuzey.com\\\/index.php\\\/2026\\\/05\\\/01\\\/azerbaycan-milli-meclisi-avrupa-parlamentosu-ile-tum-iliskilerini-durdurdu\\\/#breadcrumb\",\"itemListElement\":[{\"@type\":\"ListItem\",\"position\":1,\"name\":\"Anasayfa\",\"item\":\"https:\\\/\\\/haberkuzey.com\\\/\"},{\"@type\":\"ListItem\",\"position\":2,\"name\":\"Azerbaycan Milli Meclisi, Avrupa Parlamentosu ile t\u00fcm ili\u015fkilerini durdurdu\"}]},{\"@type\":\"WebSite\",\"@id\":\"https:\\\/\\\/haberkuzey.com\\\/#website\",\"url\":\"https:\\\/\\\/haberkuzey.com\\\/\",\"name\":\"Haber Kuzey\",\"description\":\"Do\u011fru Haberin Adresi\",\"potentialAction\":[{\"@type\":\"SearchAction\",\"target\":{\"@type\":\"EntryPoint\",\"urlTemplate\":\"https:\\\/\\\/haberkuzey.com\\\/?s={search_term_string}\"},\"query-input\":{\"@type\":\"PropertyValueSpecification\",\"valueRequired\":true,\"valueName\":\"search_term_string\"}}],\"inLanguage\":\"tr\"},{\"@type\":\"Person\",\"@id\":\"https:\\\/\\\/haberkuzey.com\\\/#\\\/schema\\\/person\\\/3372109ec735f9333f4fa47ebb9605ca\",\"name\":\"haberkuzey\",\"image\":{\"@type\":\"ImageObject\",\"inLanguage\":\"tr\",\"@id\":\"https:\\\/\\\/secure.gravatar.com\\\/avatar\\\/f5fc875574b1575324358c3b9e6a32b8227aa5b74f3fa22e3cadb63e26fcc39c?s=96&d=mm&r=g\",\"url\":\"https:\\\/\\\/secure.gravatar.com\\\/avatar\\\/f5fc875574b1575324358c3b9e6a32b8227aa5b74f3fa22e3cadb63e26fcc39c?s=96&d=mm&r=g\",\"contentUrl\":\"https:\\\/\\\/secure.gravatar.com\\\/avatar\\\/f5fc875574b1575324358c3b9e6a32b8227aa5b74f3fa22e3cadb63e26fcc39c?s=96&d=mm&r=g\",\"caption\":\"haberkuzey\"},\"sameAs\":[\"https:\\\/\\\/haberkuzey.com\"],\"url\":\"https:\\\/\\\/haberkuzey.com\\\/index.php\\\/author\\\/haberkuzey\\\/\"}]}<\/script>\n<!-- \/ Yoast SEO plugin. -->","yoast_head_json":{"title":"Azerbaycan Milli Meclisi, Avrupa Parlamentosu ile t\u00fcm ili\u015fkilerini durdurdu - Haber Kuzey","robots":{"index":"index","follow":"follow","max-snippet":"max-snippet:-1","max-image-preview":"max-image-preview:large","max-video-preview":"max-video-preview:-1"},"canonical":"https:\/\/haberkuzey.com\/index.php\/2026\/05\/01\/azerbaycan-milli-meclisi-avrupa-parlamentosu-ile-tum-iliskilerini-durdurdu\/","og_locale":"tr_TR","og_type":"article","og_title":"Azerbaycan Milli Meclisi, Avrupa Parlamentosu ile t\u00fcm ili\u015fkilerini durdurdu - Haber Kuzey","og_description":"&#13; Milli Meclis taraf\u0131ndan kabul edilen kararda, AP&#8217;nin Azerbaycan&#8217;a kar\u015f\u0131 a\u00e7\u0131k ve yap\u0131c\u0131 diyalogdan yana olmad\u0131\u011f\u0131 ve &#8220;y\u0131k\u0131c\u0131 tutum&#8221; sergiledi\u011fi belirtildi. &#13; AP&#8217;nin faaliyetlerinde uluslararas\u0131 hukuk normlar\u0131 ile adalet anlay\u0131\u015f\u0131n\u0131 g\u00f6z ard\u0131 etti\u011fi kaydedilen metinde, s\u00f6z konusu kurumun, Azerbaycan topraklar\u0131n\u0131n Ermenistan taraf\u0131ndan 30 y\u0131l i\u015fgal alt\u0131nda tutulmas\u0131na, yerle\u015fim yerlerinin ve k\u00fclt\u00fcrel miras\u0131n tahrip edilmesine, etnik [&hellip;]","og_url":"https:\/\/haberkuzey.com\/index.php\/2026\/05\/01\/azerbaycan-milli-meclisi-avrupa-parlamentosu-ile-tum-iliskilerini-durdurdu\/","og_site_name":"Haber Kuzey","article_published_time":"2026-05-01T09:45:11+00:00","og_image":[{"url":"https:\/\/trthaberstatic.cdn.wp.trt.com.tr\/resimler\/1508000\/azerbaycan-baku-aa-1508574.jpg","type":"","width":"","height":""}],"author":"haberkuzey","twitter_card":"summary_large_image","twitter_misc":{"Yazan:":"haberkuzey","Tahmini okuma s\u00fcresi":"1 dakika"},"schema":{"@context":"https:\/\/schema.org","@graph":[{"@type":"Article","@id":"https:\/\/haberkuzey.com\/index.php\/2026\/05\/01\/azerbaycan-milli-meclisi-avrupa-parlamentosu-ile-tum-iliskilerini-durdurdu\/#article","isPartOf":{"@id":"https:\/\/haberkuzey.com\/index.php\/2026\/05\/01\/azerbaycan-milli-meclisi-avrupa-parlamentosu-ile-tum-iliskilerini-durdurdu\/"},"author":{"name":"haberkuzey","@id":"https:\/\/haberkuzey.com\/#\/schema\/person\/3372109ec735f9333f4fa47ebb9605ca"},"headline":"Azerbaycan Milli Meclisi, Avrupa Parlamentosu ile t\u00fcm ili\u015fkilerini durdurdu","datePublished":"2026-05-01T09:45:11+00:00","mainEntityOfPage":{"@id":"https:\/\/haberkuzey.com\/index.php\/2026\/05\/01\/azerbaycan-milli-meclisi-avrupa-parlamentosu-ile-tum-iliskilerini-durdurdu\/"},"wordCount":319,"commentCount":0,"image":{"@id":"https:\/\/haberkuzey.com\/index.php\/2026\/05\/01\/azerbaycan-milli-meclisi-avrupa-parlamentosu-ile-tum-iliskilerini-durdurdu\/#primaryimage"},"thumbnailUrl":"https:\/\/haberkuzey.com\/wp-content\/uploads\/2026\/05\/azerbaycan-baku-aa-1508574.jpg","articleSection":["D\u00fcnya"],"inLanguage":"tr","potentialAction":[{"@type":"CommentAction","name":"Comment","target":["https:\/\/haberkuzey.com\/index.php\/2026\/05\/01\/azerbaycan-milli-meclisi-avrupa-parlamentosu-ile-tum-iliskilerini-durdurdu\/#respond"]}]},{"@type":"WebPage","@id":"https:\/\/haberkuzey.com\/index.php\/2026\/05\/01\/azerbaycan-milli-meclisi-avrupa-parlamentosu-ile-tum-iliskilerini-durdurdu\/","url":"https:\/\/haberkuzey.com\/index.php\/2026\/05\/01\/azerbaycan-milli-meclisi-avrupa-parlamentosu-ile-tum-iliskilerini-durdurdu\/","name":"Azerbaycan Milli Meclisi, Avrupa Parlamentosu ile t\u00fcm ili\u015fkilerini durdurdu - Haber Kuzey","isPartOf":{"@id":"https:\/\/haberkuzey.com\/#website"},"primaryImageOfPage":{"@id":"https:\/\/haberkuzey.com\/index.php\/2026\/05\/01\/azerbaycan-milli-meclisi-avrupa-parlamentosu-ile-tum-iliskilerini-durdurdu\/#primaryimage"},"image":{"@id":"https:\/\/haberkuzey.com\/index.php\/2026\/05\/01\/azerbaycan-milli-meclisi-avrupa-parlamentosu-ile-tum-iliskilerini-durdurdu\/#primaryimage"},"thumbnailUrl":"https:\/\/haberkuzey.com\/wp-content\/uploads\/2026\/05\/azerbaycan-baku-aa-1508574.jpg","datePublished":"2026-05-01T09:45:11+00:00","author":{"@id":"https:\/\/haberkuzey.com\/#\/schema\/person\/3372109ec735f9333f4fa47ebb9605ca"},"breadcrumb":{"@id":"https:\/\/haberkuzey.com\/index.php\/2026\/05\/01\/azerbaycan-milli-meclisi-avrupa-parlamentosu-ile-tum-iliskilerini-durdurdu\/#breadcrumb"},"inLanguage":"tr","potentialAction":[{"@type":"ReadAction","target":["https:\/\/haberkuzey.com\/index.php\/2026\/05\/01\/azerbaycan-milli-meclisi-avrupa-parlamentosu-ile-tum-iliskilerini-durdurdu\/"]}]},{"@type":"ImageObject","inLanguage":"tr","@id":"https:\/\/haberkuzey.com\/index.php\/2026\/05\/01\/azerbaycan-milli-meclisi-avrupa-parlamentosu-ile-tum-iliskilerini-durdurdu\/#primaryimage","url":"https:\/\/haberkuzey.com\/wp-content\/uploads\/2026\/05\/azerbaycan-baku-aa-1508574.jpg","contentUrl":"https:\/\/haberkuzey.com\/wp-content\/uploads\/2026\/05\/azerbaycan-baku-aa-1508574.jpg","width":1280,"height":720},{"@type":"BreadcrumbList","@id":"https:\/\/haberkuzey.com\/index.php\/2026\/05\/01\/azerbaycan-milli-meclisi-avrupa-parlamentosu-ile-tum-iliskilerini-durdurdu\/#breadcrumb","itemListElement":[{"@type":"ListItem","position":1,"name":"Anasayfa","item":"https:\/\/haberkuzey.com\/"},{"@type":"ListItem","position":2,"name":"Azerbaycan Milli Meclisi, Avrupa Parlamentosu ile t\u00fcm ili\u015fkilerini durdurdu"}]},{"@type":"WebSite","@id":"https:\/\/haberkuzey.com\/#website","url":"https:\/\/haberkuzey.com\/","name":"Haber Kuzey","description":"Do\u011fru Haberin Adresi","potentialAction":[{"@type":"SearchAction","target":{"@type":"EntryPoint","urlTemplate":"https:\/\/haberkuzey.com\/?s={search_term_string}"},"query-input":{"@type":"PropertyValueSpecification","valueRequired":true,"valueName":"search_term_string"}}],"inLanguage":"tr"},{"@type":"Person","@id":"https:\/\/haberkuzey.com\/#\/schema\/person\/3372109ec735f9333f4fa47ebb9605ca","name":"haberkuzey","image":{"@type":"ImageObject","inLanguage":"tr","@id":"https:\/\/secure.gravatar.com\/avatar\/f5fc875574b1575324358c3b9e6a32b8227aa5b74f3fa22e3cadb63e26fcc39c?s=96&d=mm&r=g","url":"https:\/\/secure.gravatar.com\/avatar\/f5fc875574b1575324358c3b9e6a32b8227aa5b74f3fa22e3cadb63e26fcc39c?s=96&d=mm&r=g","contentUrl":"https:\/\/secure.gravatar.com\/avatar\/f5fc875574b1575324358c3b9e6a32b8227aa5b74f3fa22e3cadb63e26fcc39c?s=96&d=mm&r=g","caption":"haberkuzey"},"sameAs":["https:\/\/haberkuzey.com"],"url":"https:\/\/haberkuzey.com\/index.php\/author\/haberkuzey\/"}]}},"_links":{"self":[{"href":"https:\/\/haberkuzey.com\/index.php\/wp-json\/wp\/v2\/posts\/37003","targetHints":{"allow":["GET"]}}],"collection":[{"href":"https:\/\/haberkuzey.com\/index.php\/wp-json\/wp\/v2\/posts"}],"about":[{"href":"https:\/\/haberkuzey.com\/index.php\/wp-json\/wp\/v2\/types\/post"}],"author":[{"embeddable":true,"href":"https:\/\/haberkuzey.com\/index.php\/wp-json\/wp\/v2\/users\/1"}],"replies":[{"embeddable":true,"href":"https:\/\/haberkuzey.com\/index.php\/wp-json\/wp\/v2\/comments?post=37003"}],"version-history":[{"count":0,"href":"https:\/\/haberkuzey.com\/index.php\/wp-json\/wp\/v2\/posts\/37003\/revisions"}],"wp:featuredmedia":[{"embeddable":true,"href":"https:\/\/haberkuzey.com\/index.php\/wp-json\/wp\/v2\/media\/37004"}],"wp:attachment":[{"href":"https:\/\/haberkuzey.com\/index.php\/wp-json\/wp\/v2\/media?parent=37003"}],"wp:term":[{"taxonomy":"category","embeddable":true,"href":"https:\/\/haberkuzey.com\/index.php\/wp-json\/wp\/v2\/categories?post=37003"},{"taxonomy":"post_tag","embeddable":true,"href":"https:\/\/haberkuzey.com\/index.php\/wp-json\/wp\/v2\/tags?post=37003"}],"curies":[{"name":"wp","href":"https:\/\/api.w.org\/{rel}","templated":true}]}}