{"id":37000,"date":"2026-05-01T11:46:23","date_gmt":"2026-05-01T08:46:23","guid":{"rendered":"https:\/\/haberkuzey.com\/index.php\/2026\/05\/01\/cumhurbaskanliginda-dunya-sanat-gunu-etkinligi-duzenlendi\/"},"modified":"2026-05-01T11:46:31","modified_gmt":"2026-05-01T08:46:31","slug":"cumhurbaskanliginda-dunya-sanat-gunu-etkinligi-duzenlendi","status":"publish","type":"post","link":"https:\/\/haberkuzey.com\/index.php\/2026\/05\/01\/cumhurbaskanliginda-dunya-sanat-gunu-etkinligi-duzenlendi\/","title":{"rendered":"Cumhurba\u015fkanl\u0131\u011f\u0131nda D\u00fcnya Sanat G\u00fcn\u00fc Etkinli\u011fi d\u00fczenlendi"},"content":{"rendered":"<p>Cumhurba\u015fkan\u0131 Tufan Erh\u00fcrman ve e\u015fi Nilden Bekta\u015f Erh\u00fcrman, Cumhurba\u015fkanl\u0131\u011f\u0131 taraf\u0131ndan d\u00fczenlenen D\u00fcnya Sanat G\u00fcn\u00fc Etkinli\u011fi\u2019ne kat\u0131ld\u0131.<\/p>\n<p>Cumhurba\u015fkan\u0131 Tufan Erh\u00fcrman etkinlikte yapt\u0131\u011f\u0131 konu\u015fmas\u0131na, \u2018\u00c7ocuklar\u0131m\u0131z ve sanat i\u00e7in buraday\u0131z\u2019 diyerek ba\u015flad\u0131.<\/p>\n<p>G\u00f6reve geldikten sonra sergi a\u00e7\u0131l\u0131\u015flar\u0131nda ve sanat etkinliklerinde konu\u015fma yapmad\u0131\u011f\u0131na dikkat \u00e7eken Cumhurba\u015fkan\u0131 Erh\u00fcrman, \u201c\u2018Sanat konu\u015fsun, siyaset susmas\u0131 gerekti\u011fi yeri bilsin\u2019 diye d\u00fc\u015f\u00fcn\u00fcyorum\u201d dedi.<\/p>\n<p>Cumhurba\u015fkan\u0131 g\u00f6revine ba\u015flad\u0131ktan k\u0131sa bir s\u00fcre sonra, daha \u00f6nce hizmet veren Cumhurba\u015fkanl\u0131\u011f\u0131 eski binas\u0131n\u0131n, k\u00fc\u00e7\u00fck bir m\u00fcze, k\u00fclt\u00fcr ve sanat merkezine d\u00f6n\u00fc\u015ft\u00fcr\u00fclmesi i\u00e7in \u00e7al\u0131\u015fmalara ba\u015fland\u0131\u011f\u0131n\u0131 anlatan Cumhurba\u015fkan\u0131 Erh\u00fcrman, \u201cCumhurba\u015fkanl\u0131\u011f\u0131 eski binas\u0131n\u0131, ge\u00e7mi\u015fine ve tarihine yak\u0131\u015f\u0131r bir \u015fekilde, g\u00f6rev yapan Cumhurba\u015fkanlar\u0131n\u0131 da anmaya hizmet edecek bir m\u00fcze, bah\u00e7esiyle birlikte k\u00fclt\u00fcr ve sanat merkezi haline getirme d\u00fc\u015f\u00fcncemiz var. Oran\u0131n ambiyans\u0131 ve tarihi son derece m\u00fcsaittir. Bug\u00fcn bu d\u00fc\u015f\u00fcncenin m\u00fcjdesini sizlerle payla\u015fmak istiyorum. Projenin tamamland\u0131\u011f\u0131, k\u00fclt\u00fcr ve sanat etkinliklerinin ba\u015flad\u0131\u011f\u0131 g\u00fcnlerin de m\u00fcjdesini in\u015fallah verece\u011fiz\u201d ifadelerini kulland\u0131.<\/p>\n<p>Sanat Dan\u0131\u015fmanlar\u0131 Esra Pl\u00fcmer Bardak ve Derya Ulubatl\u0131\u2019ya etkinlikte g\u00f6sterilen videonun haz\u0131rlanmas\u0131nda ve D\u00fcnya Sanat G\u00fcn\u00fc Etkinli\u011fi\u2019nin ger\u00e7ekle\u015ftirilmesinden dolay\u0131 te\u015fekk\u00fcr eden Cumhurba\u015fkan\u0131 Erh\u00fcrman, gen\u00e7lerin \u00f6n\u00fcn\u00fcn a\u00e7\u0131lmas\u0131 ve gen\u00e7lere f\u0131rsat verilmesi durumunda neler<br \/>\nba\u015farabileceklerinin \u00f6rnekleri oldu\u011funu kaydetti.<\/p>\n<p>Cumhurba\u015fkanl\u0131\u011f\u0131n\u0131n k\u00fclt\u00fcr ve sanat faaliyetlerine destek vermeye devam edece\u011fine i\u015faret eden Cumhurba\u015fkan\u0131 Erh\u00fcrman, faaliyetlerin Cumhurba\u015fkanl\u0131\u011f\u0131nda payla\u015f\u0131laca\u011f\u0131n\u0131 vurgulad\u0131.<\/p>\n<p>Sanat\u0131n l\u00fcks ve e\u011flence arac\u0131 olmad\u0131\u011f\u0131n\u0131, bir toplumun kimli\u011finin olu\u015fmas\u0131nda en \u00f6nemli unsurlardan biri oldu\u011funa dikkat \u00e7eken Cumhurba\u015fkan\u0131 Erh\u00fcrman, g\u00f6rev s\u00fcresi i\u00e7inde en temel meselelerinden ve g\u00f6revlerinden biri olarak ele al\u0131naca\u011f\u0131n\u0131 ifade etti.<\/p>\n<p>Cumhurba\u015fkan\u0131 Erh\u00fcrman konu\u015fmas\u0131n\u0131n devam\u0131nda \u015f\u00f6yle konu\u015ftu:<\/p>\n<p>\u201c\u0130yi ki sanat var, ruhlar\u0131m\u0131z incelebiliyor. \u0130nsan, cins isim de\u011fil s\u0131fatt\u0131r. \u0130nsan\u0131, cins isim de\u011fil insan gibi kullan\u0131r\u0131m. Sanat olmadan, insan olman\u0131n, sanat olmadan kimliksel anlamda toplum ve halk olman\u0131n m\u00fcmk\u00fcn olmad\u0131\u011f\u0131n\u0131 d\u00fc\u015f\u00fcn\u00fcr\u00fcm. Videoda yer verilen sanat\u00e7\u0131lar\u0131 izledik. Adam\u0131zdaki k\u00fclt\u00fcr ve sanat faaliyetlerinin tarihi eskiye dayan\u0131r. \u00c7ok zor ko\u015fullarda bile bu halk, k\u00fclt\u00fcr ve sanatla bulu\u015fma \u00e7abas\u0131ndan asla vazge\u00e7medi. \u00c7ocuklar\u0131m\u0131za k\u00fclt\u00fcr ve sanatla dolu, kimliklerinin bir par\u00e7as\u0131 olan bir d\u00f6nem devredece\u011fiz\u201d<\/p>\n<p>Cumhurba\u015fkan\u0131 Erh\u00fcrman\u2019\u0131n konu\u015fmas\u0131n\u0131n ard\u0131ndan Sanat Dan\u0131\u015fmanlar\u0131 Esra Pl\u00fcmer Bardak ve Derya Ulubatl\u0131, K\u00fclt\u00fcr Sanat \u00c7al\u0131\u015fma Biriminin faaliyetleri ve gelecekte planlanan programlar\u0131yla ilgili bilgilendirme yapt\u0131.<\/p>\n<p>Cumhurba\u015fkanl\u0131\u011f\u0131 Senfoni Orkestras\u0131 (CSO) Koordinat\u00f6r\u00fc Mustafa Kofal\u0131\u2019n\u0131n, CSO\u2019nun tarihi ve gelecek faaliyetleriyle ilgili sunum yapt\u0131\u011f\u0131 etkinlikte CSO yayl\u0131 Quartet m\u00fczik dinletisi sunuldu.<\/p>\n<p>Sanat\u00e7\u0131 R\u00fcya Taner\u2019in solo piyano dinletisiyle devam eden etkinlikte, KKTC Devlet Opera ve Bale Koordinasyon Merkezi konseri ve g\u00f6sterisi ger\u00e7ekle\u015ftirildi.<\/p>\n","protected":false},"excerpt":{"rendered":"<p>Cumhurba\u015fkan\u0131 Tufan Erh\u00fcrman ve e\u015fi Nilden Bekta\u015f Erh\u00fcrman, Cumhurba\u015fkanl\u0131\u011f\u0131 taraf\u0131ndan d\u00fczenlenen D\u00fcnya Sanat G\u00fcn\u00fc Etkinli\u011fi\u2019ne kat\u0131ld\u0131. Cumhurba\u015fkan\u0131 Tufan Erh\u00fcrman etkinlikte yapt\u0131\u011f\u0131 konu\u015fmas\u0131na, \u2018\u00c7ocuklar\u0131m\u0131z ve sanat i\u00e7in buraday\u0131z\u2019 diyerek ba\u015flad\u0131. G\u00f6reve geldikten sonra sergi a\u00e7\u0131l\u0131\u015flar\u0131nda ve sanat etkinliklerinde konu\u015fma yapmad\u0131\u011f\u0131na dikkat \u00e7eken Cumhurba\u015fkan\u0131 Erh\u00fcrman, \u201c\u2018Sanat konu\u015fsun, siyaset susmas\u0131 gerekti\u011fi yeri bilsin\u2019 diye d\u00fc\u015f\u00fcn\u00fcyorum\u201d dedi. Cumhurba\u015fkan\u0131 g\u00f6revine [&hellip;]<\/p>\n","protected":false},"author":1,"featured_media":37001,"comment_status":"open","ping_status":"open","sticky":false,"template":"","format":"standard","meta":{"jnews-multi-image_gallery":[],"jnews_single_post":[],"jnews_primary_category":[],"footnotes":""},"categories":[1],"tags":[],"class_list":["post-37000","post","type-post","status-publish","format-standard","has-post-thumbnail","hentry","category-kibris"],"yoast_head":"<!-- This site is optimized with the Yoast SEO plugin v27.5 - https:\/\/yoast.com\/product\/yoast-seo-wordpress\/ -->\n<title>Cumhurba\u015fkanl\u0131\u011f\u0131nda D\u00fcnya Sanat G\u00fcn\u00fc Etkinli\u011fi d\u00fczenlendi - Haber Kuzey<\/title>\n<meta name=\"robots\" content=\"index, follow, max-snippet:-1, max-image-preview:large, max-video-preview:-1\" \/>\n<link rel=\"canonical\" href=\"https:\/\/haberkuzey.com\/index.php\/2026\/05\/01\/cumhurbaskanliginda-dunya-sanat-gunu-etkinligi-duzenlendi\/\" \/>\n<meta property=\"og:locale\" content=\"tr_TR\" \/>\n<meta property=\"og:type\" content=\"article\" \/>\n<meta property=\"og:title\" content=\"Cumhurba\u015fkanl\u0131\u011f\u0131nda D\u00fcnya Sanat G\u00fcn\u00fc Etkinli\u011fi d\u00fczenlendi - Haber Kuzey\" \/>\n<meta property=\"og:description\" content=\"Cumhurba\u015fkan\u0131 Tufan Erh\u00fcrman ve e\u015fi Nilden Bekta\u015f Erh\u00fcrman, Cumhurba\u015fkanl\u0131\u011f\u0131 taraf\u0131ndan d\u00fczenlenen D\u00fcnya Sanat G\u00fcn\u00fc Etkinli\u011fi\u2019ne kat\u0131ld\u0131. Cumhurba\u015fkan\u0131 Tufan Erh\u00fcrman etkinlikte yapt\u0131\u011f\u0131 konu\u015fmas\u0131na, \u2018\u00c7ocuklar\u0131m\u0131z ve sanat i\u00e7in buraday\u0131z\u2019 diyerek ba\u015flad\u0131. G\u00f6reve geldikten sonra sergi a\u00e7\u0131l\u0131\u015flar\u0131nda ve sanat etkinliklerinde konu\u015fma yapmad\u0131\u011f\u0131na dikkat \u00e7eken Cumhurba\u015fkan\u0131 Erh\u00fcrman, \u201c\u2018Sanat konu\u015fsun, siyaset susmas\u0131 gerekti\u011fi yeri bilsin\u2019 diye d\u00fc\u015f\u00fcn\u00fcyorum\u201d dedi. Cumhurba\u015fkan\u0131 g\u00f6revine [&hellip;]\" \/>\n<meta property=\"og:url\" content=\"https:\/\/haberkuzey.com\/index.php\/2026\/05\/01\/cumhurbaskanliginda-dunya-sanat-gunu-etkinligi-duzenlendi\/\" \/>\n<meta property=\"og:site_name\" content=\"Haber Kuzey\" \/>\n<meta property=\"article:published_time\" content=\"2026-05-01T08:46:23+00:00\" \/>\n<meta property=\"article:modified_time\" content=\"2026-05-01T08:46:31+00:00\" \/>\n<meta property=\"og:image\" content=\"https:\/\/haberkuzey.com\/wp-content\/uploads\/2026\/05\/WhatsApp-Image-2026-05-01-at-11.28.37.jpeg\" \/>\n\t<meta property=\"og:image:width\" content=\"1600\" \/>\n\t<meta property=\"og:image:height\" content=\"1066\" \/>\n\t<meta property=\"og:image:type\" content=\"image\/jpeg\" \/>\n<meta name=\"author\" content=\"haberkuzey\" \/>\n<meta name=\"twitter:card\" content=\"summary_large_image\" \/>\n<meta name=\"twitter:label1\" content=\"Yazan:\" \/>\n\t<meta name=\"twitter:data1\" content=\"haberkuzey\" \/>\n\t<meta name=\"twitter:label2\" content=\"Tahmini okuma s\u00fcresi\" \/>\n\t<meta name=\"twitter:data2\" content=\"3 dakika\" \/>\n<script type=\"application\/ld+json\" class=\"yoast-schema-graph\">{\"@context\":\"https:\\\/\\\/schema.org\",\"@graph\":[{\"@type\":\"Article\",\"@id\":\"https:\\\/\\\/haberkuzey.com\\\/index.php\\\/2026\\\/05\\\/01\\\/cumhurbaskanliginda-dunya-sanat-gunu-etkinligi-duzenlendi\\\/#article\",\"isPartOf\":{\"@id\":\"https:\\\/\\\/haberkuzey.com\\\/index.php\\\/2026\\\/05\\\/01\\\/cumhurbaskanliginda-dunya-sanat-gunu-etkinligi-duzenlendi\\\/\"},\"author\":{\"name\":\"haberkuzey\",\"@id\":\"https:\\\/\\\/haberkuzey.com\\\/#\\\/schema\\\/person\\\/3372109ec735f9333f4fa47ebb9605ca\"},\"headline\":\"Cumhurba\u015fkanl\u0131\u011f\u0131nda D\u00fcnya Sanat G\u00fcn\u00fc Etkinli\u011fi d\u00fczenlendi\",\"datePublished\":\"2026-05-01T08:46:23+00:00\",\"dateModified\":\"2026-05-01T08:46:31+00:00\",\"mainEntityOfPage\":{\"@id\":\"https:\\\/\\\/haberkuzey.com\\\/index.php\\\/2026\\\/05\\\/01\\\/cumhurbaskanliginda-dunya-sanat-gunu-etkinligi-duzenlendi\\\/\"},\"wordCount\":578,\"commentCount\":0,\"image\":{\"@id\":\"https:\\\/\\\/haberkuzey.com\\\/index.php\\\/2026\\\/05\\\/01\\\/cumhurbaskanliginda-dunya-sanat-gunu-etkinligi-duzenlendi\\\/#primaryimage\"},\"thumbnailUrl\":\"https:\\\/\\\/haberkuzey.com\\\/wp-content\\\/uploads\\\/2026\\\/05\\\/WhatsApp-Image-2026-05-01-at-11.28.37.jpeg\",\"articleSection\":[\"K\u0131br\u0131s\"],\"inLanguage\":\"tr\",\"potentialAction\":[{\"@type\":\"CommentAction\",\"name\":\"Comment\",\"target\":[\"https:\\\/\\\/haberkuzey.com\\\/index.php\\\/2026\\\/05\\\/01\\\/cumhurbaskanliginda-dunya-sanat-gunu-etkinligi-duzenlendi\\\/#respond\"]}]},{\"@type\":\"WebPage\",\"@id\":\"https:\\\/\\\/haberkuzey.com\\\/index.php\\\/2026\\\/05\\\/01\\\/cumhurbaskanliginda-dunya-sanat-gunu-etkinligi-duzenlendi\\\/\",\"url\":\"https:\\\/\\\/haberkuzey.com\\\/index.php\\\/2026\\\/05\\\/01\\\/cumhurbaskanliginda-dunya-sanat-gunu-etkinligi-duzenlendi\\\/\",\"name\":\"Cumhurba\u015fkanl\u0131\u011f\u0131nda D\u00fcnya Sanat G\u00fcn\u00fc Etkinli\u011fi d\u00fczenlendi - Haber Kuzey\",\"isPartOf\":{\"@id\":\"https:\\\/\\\/haberkuzey.com\\\/#website\"},\"primaryImageOfPage\":{\"@id\":\"https:\\\/\\\/haberkuzey.com\\\/index.php\\\/2026\\\/05\\\/01\\\/cumhurbaskanliginda-dunya-sanat-gunu-etkinligi-duzenlendi\\\/#primaryimage\"},\"image\":{\"@id\":\"https:\\\/\\\/haberkuzey.com\\\/index.php\\\/2026\\\/05\\\/01\\\/cumhurbaskanliginda-dunya-sanat-gunu-etkinligi-duzenlendi\\\/#primaryimage\"},\"thumbnailUrl\":\"https:\\\/\\\/haberkuzey.com\\\/wp-content\\\/uploads\\\/2026\\\/05\\\/WhatsApp-Image-2026-05-01-at-11.28.37.jpeg\",\"datePublished\":\"2026-05-01T08:46:23+00:00\",\"dateModified\":\"2026-05-01T08:46:31+00:00\",\"author\":{\"@id\":\"https:\\\/\\\/haberkuzey.com\\\/#\\\/schema\\\/person\\\/3372109ec735f9333f4fa47ebb9605ca\"},\"breadcrumb\":{\"@id\":\"https:\\\/\\\/haberkuzey.com\\\/index.php\\\/2026\\\/05\\\/01\\\/cumhurbaskanliginda-dunya-sanat-gunu-etkinligi-duzenlendi\\\/#breadcrumb\"},\"inLanguage\":\"tr\",\"potentialAction\":[{\"@type\":\"ReadAction\",\"target\":[\"https:\\\/\\\/haberkuzey.com\\\/index.php\\\/2026\\\/05\\\/01\\\/cumhurbaskanliginda-dunya-sanat-gunu-etkinligi-duzenlendi\\\/\"]}]},{\"@type\":\"ImageObject\",\"inLanguage\":\"tr\",\"@id\":\"https:\\\/\\\/haberkuzey.com\\\/index.php\\\/2026\\\/05\\\/01\\\/cumhurbaskanliginda-dunya-sanat-gunu-etkinligi-duzenlendi\\\/#primaryimage\",\"url\":\"https:\\\/\\\/haberkuzey.com\\\/wp-content\\\/uploads\\\/2026\\\/05\\\/WhatsApp-Image-2026-05-01-at-11.28.37.jpeg\",\"contentUrl\":\"https:\\\/\\\/haberkuzey.com\\\/wp-content\\\/uploads\\\/2026\\\/05\\\/WhatsApp-Image-2026-05-01-at-11.28.37.jpeg\",\"width\":1600,\"height\":1066},{\"@type\":\"BreadcrumbList\",\"@id\":\"https:\\\/\\\/haberkuzey.com\\\/index.php\\\/2026\\\/05\\\/01\\\/cumhurbaskanliginda-dunya-sanat-gunu-etkinligi-duzenlendi\\\/#breadcrumb\",\"itemListElement\":[{\"@type\":\"ListItem\",\"position\":1,\"name\":\"Anasayfa\",\"item\":\"https:\\\/\\\/haberkuzey.com\\\/\"},{\"@type\":\"ListItem\",\"position\":2,\"name\":\"Cumhurba\u015fkanl\u0131\u011f\u0131nda D\u00fcnya Sanat G\u00fcn\u00fc Etkinli\u011fi d\u00fczenlendi\"}]},{\"@type\":\"WebSite\",\"@id\":\"https:\\\/\\\/haberkuzey.com\\\/#website\",\"url\":\"https:\\\/\\\/haberkuzey.com\\\/\",\"name\":\"Haber Kuzey\",\"description\":\"Do\u011fru Haberin Adresi\",\"potentialAction\":[{\"@type\":\"SearchAction\",\"target\":{\"@type\":\"EntryPoint\",\"urlTemplate\":\"https:\\\/\\\/haberkuzey.com\\\/?s={search_term_string}\"},\"query-input\":{\"@type\":\"PropertyValueSpecification\",\"valueRequired\":true,\"valueName\":\"search_term_string\"}}],\"inLanguage\":\"tr\"},{\"@type\":\"Person\",\"@id\":\"https:\\\/\\\/haberkuzey.com\\\/#\\\/schema\\\/person\\\/3372109ec735f9333f4fa47ebb9605ca\",\"name\":\"haberkuzey\",\"image\":{\"@type\":\"ImageObject\",\"inLanguage\":\"tr\",\"@id\":\"https:\\\/\\\/secure.gravatar.com\\\/avatar\\\/f5fc875574b1575324358c3b9e6a32b8227aa5b74f3fa22e3cadb63e26fcc39c?s=96&d=mm&r=g\",\"url\":\"https:\\\/\\\/secure.gravatar.com\\\/avatar\\\/f5fc875574b1575324358c3b9e6a32b8227aa5b74f3fa22e3cadb63e26fcc39c?s=96&d=mm&r=g\",\"contentUrl\":\"https:\\\/\\\/secure.gravatar.com\\\/avatar\\\/f5fc875574b1575324358c3b9e6a32b8227aa5b74f3fa22e3cadb63e26fcc39c?s=96&d=mm&r=g\",\"caption\":\"haberkuzey\"},\"sameAs\":[\"https:\\\/\\\/haberkuzey.com\"],\"url\":\"https:\\\/\\\/haberkuzey.com\\\/index.php\\\/author\\\/haberkuzey\\\/\"}]}<\/script>\n<!-- \/ Yoast SEO plugin. -->","yoast_head_json":{"title":"Cumhurba\u015fkanl\u0131\u011f\u0131nda D\u00fcnya Sanat G\u00fcn\u00fc Etkinli\u011fi d\u00fczenlendi - Haber Kuzey","robots":{"index":"index","follow":"follow","max-snippet":"max-snippet:-1","max-image-preview":"max-image-preview:large","max-video-preview":"max-video-preview:-1"},"canonical":"https:\/\/haberkuzey.com\/index.php\/2026\/05\/01\/cumhurbaskanliginda-dunya-sanat-gunu-etkinligi-duzenlendi\/","og_locale":"tr_TR","og_type":"article","og_title":"Cumhurba\u015fkanl\u0131\u011f\u0131nda D\u00fcnya Sanat G\u00fcn\u00fc Etkinli\u011fi d\u00fczenlendi - Haber Kuzey","og_description":"Cumhurba\u015fkan\u0131 Tufan Erh\u00fcrman ve e\u015fi Nilden Bekta\u015f Erh\u00fcrman, Cumhurba\u015fkanl\u0131\u011f\u0131 taraf\u0131ndan d\u00fczenlenen D\u00fcnya Sanat G\u00fcn\u00fc Etkinli\u011fi\u2019ne kat\u0131ld\u0131. Cumhurba\u015fkan\u0131 Tufan Erh\u00fcrman etkinlikte yapt\u0131\u011f\u0131 konu\u015fmas\u0131na, \u2018\u00c7ocuklar\u0131m\u0131z ve sanat i\u00e7in buraday\u0131z\u2019 diyerek ba\u015flad\u0131. G\u00f6reve geldikten sonra sergi a\u00e7\u0131l\u0131\u015flar\u0131nda ve sanat etkinliklerinde konu\u015fma yapmad\u0131\u011f\u0131na dikkat \u00e7eken Cumhurba\u015fkan\u0131 Erh\u00fcrman, \u201c\u2018Sanat konu\u015fsun, siyaset susmas\u0131 gerekti\u011fi yeri bilsin\u2019 diye d\u00fc\u015f\u00fcn\u00fcyorum\u201d dedi. Cumhurba\u015fkan\u0131 g\u00f6revine [&hellip;]","og_url":"https:\/\/haberkuzey.com\/index.php\/2026\/05\/01\/cumhurbaskanliginda-dunya-sanat-gunu-etkinligi-duzenlendi\/","og_site_name":"Haber Kuzey","article_published_time":"2026-05-01T08:46:23+00:00","article_modified_time":"2026-05-01T08:46:31+00:00","og_image":[{"width":1600,"height":1066,"url":"https:\/\/haberkuzey.com\/wp-content\/uploads\/2026\/05\/WhatsApp-Image-2026-05-01-at-11.28.37.jpeg","type":"image\/jpeg"}],"author":"haberkuzey","twitter_card":"summary_large_image","twitter_misc":{"Yazan:":"haberkuzey","Tahmini okuma s\u00fcresi":"3 dakika"},"schema":{"@context":"https:\/\/schema.org","@graph":[{"@type":"Article","@id":"https:\/\/haberkuzey.com\/index.php\/2026\/05\/01\/cumhurbaskanliginda-dunya-sanat-gunu-etkinligi-duzenlendi\/#article","isPartOf":{"@id":"https:\/\/haberkuzey.com\/index.php\/2026\/05\/01\/cumhurbaskanliginda-dunya-sanat-gunu-etkinligi-duzenlendi\/"},"author":{"name":"haberkuzey","@id":"https:\/\/haberkuzey.com\/#\/schema\/person\/3372109ec735f9333f4fa47ebb9605ca"},"headline":"Cumhurba\u015fkanl\u0131\u011f\u0131nda D\u00fcnya Sanat G\u00fcn\u00fc Etkinli\u011fi d\u00fczenlendi","datePublished":"2026-05-01T08:46:23+00:00","dateModified":"2026-05-01T08:46:31+00:00","mainEntityOfPage":{"@id":"https:\/\/haberkuzey.com\/index.php\/2026\/05\/01\/cumhurbaskanliginda-dunya-sanat-gunu-etkinligi-duzenlendi\/"},"wordCount":578,"commentCount":0,"image":{"@id":"https:\/\/haberkuzey.com\/index.php\/2026\/05\/01\/cumhurbaskanliginda-dunya-sanat-gunu-etkinligi-duzenlendi\/#primaryimage"},"thumbnailUrl":"https:\/\/haberkuzey.com\/wp-content\/uploads\/2026\/05\/WhatsApp-Image-2026-05-01-at-11.28.37.jpeg","articleSection":["K\u0131br\u0131s"],"inLanguage":"tr","potentialAction":[{"@type":"CommentAction","name":"Comment","target":["https:\/\/haberkuzey.com\/index.php\/2026\/05\/01\/cumhurbaskanliginda-dunya-sanat-gunu-etkinligi-duzenlendi\/#respond"]}]},{"@type":"WebPage","@id":"https:\/\/haberkuzey.com\/index.php\/2026\/05\/01\/cumhurbaskanliginda-dunya-sanat-gunu-etkinligi-duzenlendi\/","url":"https:\/\/haberkuzey.com\/index.php\/2026\/05\/01\/cumhurbaskanliginda-dunya-sanat-gunu-etkinligi-duzenlendi\/","name":"Cumhurba\u015fkanl\u0131\u011f\u0131nda D\u00fcnya Sanat G\u00fcn\u00fc Etkinli\u011fi d\u00fczenlendi - Haber Kuzey","isPartOf":{"@id":"https:\/\/haberkuzey.com\/#website"},"primaryImageOfPage":{"@id":"https:\/\/haberkuzey.com\/index.php\/2026\/05\/01\/cumhurbaskanliginda-dunya-sanat-gunu-etkinligi-duzenlendi\/#primaryimage"},"image":{"@id":"https:\/\/haberkuzey.com\/index.php\/2026\/05\/01\/cumhurbaskanliginda-dunya-sanat-gunu-etkinligi-duzenlendi\/#primaryimage"},"thumbnailUrl":"https:\/\/haberkuzey.com\/wp-content\/uploads\/2026\/05\/WhatsApp-Image-2026-05-01-at-11.28.37.jpeg","datePublished":"2026-05-01T08:46:23+00:00","dateModified":"2026-05-01T08:46:31+00:00","author":{"@id":"https:\/\/haberkuzey.com\/#\/schema\/person\/3372109ec735f9333f4fa47ebb9605ca"},"breadcrumb":{"@id":"https:\/\/haberkuzey.com\/index.php\/2026\/05\/01\/cumhurbaskanliginda-dunya-sanat-gunu-etkinligi-duzenlendi\/#breadcrumb"},"inLanguage":"tr","potentialAction":[{"@type":"ReadAction","target":["https:\/\/haberkuzey.com\/index.php\/2026\/05\/01\/cumhurbaskanliginda-dunya-sanat-gunu-etkinligi-duzenlendi\/"]}]},{"@type":"ImageObject","inLanguage":"tr","@id":"https:\/\/haberkuzey.com\/index.php\/2026\/05\/01\/cumhurbaskanliginda-dunya-sanat-gunu-etkinligi-duzenlendi\/#primaryimage","url":"https:\/\/haberkuzey.com\/wp-content\/uploads\/2026\/05\/WhatsApp-Image-2026-05-01-at-11.28.37.jpeg","contentUrl":"https:\/\/haberkuzey.com\/wp-content\/uploads\/2026\/05\/WhatsApp-Image-2026-05-01-at-11.28.37.jpeg","width":1600,"height":1066},{"@type":"BreadcrumbList","@id":"https:\/\/haberkuzey.com\/index.php\/2026\/05\/01\/cumhurbaskanliginda-dunya-sanat-gunu-etkinligi-duzenlendi\/#breadcrumb","itemListElement":[{"@type":"ListItem","position":1,"name":"Anasayfa","item":"https:\/\/haberkuzey.com\/"},{"@type":"ListItem","position":2,"name":"Cumhurba\u015fkanl\u0131\u011f\u0131nda D\u00fcnya Sanat G\u00fcn\u00fc Etkinli\u011fi d\u00fczenlendi"}]},{"@type":"WebSite","@id":"https:\/\/haberkuzey.com\/#website","url":"https:\/\/haberkuzey.com\/","name":"Haber Kuzey","description":"Do\u011fru Haberin Adresi","potentialAction":[{"@type":"SearchAction","target":{"@type":"EntryPoint","urlTemplate":"https:\/\/haberkuzey.com\/?s={search_term_string}"},"query-input":{"@type":"PropertyValueSpecification","valueRequired":true,"valueName":"search_term_string"}}],"inLanguage":"tr"},{"@type":"Person","@id":"https:\/\/haberkuzey.com\/#\/schema\/person\/3372109ec735f9333f4fa47ebb9605ca","name":"haberkuzey","image":{"@type":"ImageObject","inLanguage":"tr","@id":"https:\/\/secure.gravatar.com\/avatar\/f5fc875574b1575324358c3b9e6a32b8227aa5b74f3fa22e3cadb63e26fcc39c?s=96&d=mm&r=g","url":"https:\/\/secure.gravatar.com\/avatar\/f5fc875574b1575324358c3b9e6a32b8227aa5b74f3fa22e3cadb63e26fcc39c?s=96&d=mm&r=g","contentUrl":"https:\/\/secure.gravatar.com\/avatar\/f5fc875574b1575324358c3b9e6a32b8227aa5b74f3fa22e3cadb63e26fcc39c?s=96&d=mm&r=g","caption":"haberkuzey"},"sameAs":["https:\/\/haberkuzey.com"],"url":"https:\/\/haberkuzey.com\/index.php\/author\/haberkuzey\/"}]}},"_links":{"self":[{"href":"https:\/\/haberkuzey.com\/index.php\/wp-json\/wp\/v2\/posts\/37000","targetHints":{"allow":["GET"]}}],"collection":[{"href":"https:\/\/haberkuzey.com\/index.php\/wp-json\/wp\/v2\/posts"}],"about":[{"href":"https:\/\/haberkuzey.com\/index.php\/wp-json\/wp\/v2\/types\/post"}],"author":[{"embeddable":true,"href":"https:\/\/haberkuzey.com\/index.php\/wp-json\/wp\/v2\/users\/1"}],"replies":[{"embeddable":true,"href":"https:\/\/haberkuzey.com\/index.php\/wp-json\/wp\/v2\/comments?post=37000"}],"version-history":[{"count":1,"href":"https:\/\/haberkuzey.com\/index.php\/wp-json\/wp\/v2\/posts\/37000\/revisions"}],"predecessor-version":[{"id":37002,"href":"https:\/\/haberkuzey.com\/index.php\/wp-json\/wp\/v2\/posts\/37000\/revisions\/37002"}],"wp:featuredmedia":[{"embeddable":true,"href":"https:\/\/haberkuzey.com\/index.php\/wp-json\/wp\/v2\/media\/37001"}],"wp:attachment":[{"href":"https:\/\/haberkuzey.com\/index.php\/wp-json\/wp\/v2\/media?parent=37000"}],"wp:term":[{"taxonomy":"category","embeddable":true,"href":"https:\/\/haberkuzey.com\/index.php\/wp-json\/wp\/v2\/categories?post=37000"},{"taxonomy":"post_tag","embeddable":true,"href":"https:\/\/haberkuzey.com\/index.php\/wp-json\/wp\/v2\/tags?post=37000"}],"curies":[{"name":"wp","href":"https:\/\/api.w.org\/{rel}","templated":true}]}}