{"id":36998,"date":"2026-05-01T11:43:55","date_gmt":"2026-05-01T08:43:55","guid":{"rendered":"https:\/\/haberkuzey.com\/index.php\/2026\/05\/01\/azerbaycan-avrupa-parlamentosunun-karari-nedeniyle-avrupa-birligine-nota-verdi\/"},"modified":"2026-05-01T11:43:55","modified_gmt":"2026-05-01T08:43:55","slug":"azerbaycan-avrupa-parlamentosunun-karari-nedeniyle-avrupa-birligine-nota-verdi","status":"publish","type":"post","link":"https:\/\/haberkuzey.com\/index.php\/2026\/05\/01\/azerbaycan-avrupa-parlamentosunun-karari-nedeniyle-avrupa-birligine-nota-verdi\/","title":{"rendered":"Azerbaycan, Avrupa Parlamentosunun karar\u0131 nedeniyle Avrupa Birli\u011fi&#8217;ne nota verdi"},"content":{"rendered":"<p><\/p>\n<div>\n<p>&#13;<br \/>\n\tAzerbaycan D\u0131\u015fi\u015fleri Bakanl\u0131\u011f\u0131ndan yap\u0131lan a\u00e7\u0131klamada, AP&#8217;nin d\u00fcn kabul etti\u011fi karar dolay\u0131s\u0131yla AB&#8217;nin Bak\u00fc B\u00fcy\u00fckel\u00e7isi Marijana Kujundzic&#8217;in Bakanl\u0131\u011fa \u00e7a\u011fr\u0131ld\u0131\u011f\u0131 bildirildi.<\/p>\n<p>&#13;<br \/>\n\tG\u00f6r\u00fc\u015fmede, AP&#8217;nin kabul etti\u011fi karardaki ifadelerin kesin dille k\u0131nand\u0131\u011f\u0131 ve Kujundzic&#8217;e Azerbaycan&#8217;\u0131n notas\u0131n\u0131n verildi\u011fi kaydedildi.<\/p>\n<p>&#13;<br \/>\n\tS\u00f6z konusu karardaki de\u011ferlendirmelerin ger\u00e7ekleri \u00e7arp\u0131tt\u0131\u011f\u0131, objektiflik ilkelerine, devletlerin egemenli\u011fi ile toprak b\u00fct\u00fcnl\u00fc\u011f\u00fcne sayg\u0131 y\u00fck\u00fcml\u00fcl\u00fcklerine ayk\u0131r\u0131 oldu\u011fu vurgulanan g\u00f6r\u00fc\u015fmede, AP&#8217;nin bu tutumunun b\u00f6lgede normalle\u015fme s\u00fcrecine ve Azerbaycan ile AB aras\u0131ndaki ili\u015fkilerin gelece\u011fine olumsuz etki etti\u011fi belirtildi.<\/p>\n<p>&#13;<br \/>\n\tAP&#8217;nin karar\u0131ndaki Karaba\u011f&#8217;\u0131n Ermeni sakinlerinin geri d\u00f6n\u00fc\u015f\u00fcne ili\u015fkin \u00e7a\u011fr\u0131lar\u0131n Azerbaycan&#8217;\u0131n i\u00e7 i\u015flerine m\u00fcdahale niteli\u011fi ta\u015f\u0131d\u0131\u011f\u0131 ifade edildi.<\/p>\n<p>&#13;<br \/>\n\tAzerbaycan&#8217;\u0131n 2023&#8217;te Karaba\u011f&#8217;daki Ermeni vatanda\u015flara \u00fclkeye entegrasyon \u00f6nerisinde bulundu\u011fu hat\u0131rlat\u0131larak Ermenilerin buna ra\u011fmen b\u00f6lgeyi g\u00f6n\u00fcll\u00fc olarak terk etti\u011fi, aksi y\u00f6n\u00fcndeki a\u00e7\u0131klamalar\u0131n ger\u00e7e\u011fi yans\u0131tmad\u0131\u011f\u0131 kaydedildi.<\/p>\n<p>&#13;<br \/>\n\tG\u00f6r\u00fc\u015fmede ayr\u0131ca, AP&#8217;nin karar\u0131nda &#8220;sava\u015f esirleri&#8221; olarak sunulan Ermeni k\u00f6kenli ki\u015filerin serbest b\u0131rak\u0131lmas\u0131na y\u00f6nelik \u00e7a\u011fr\u0131lar\u0131n hukuki a\u00e7\u0131dan kabul edilemez oldu\u011fu belirtildi.<\/p>\n<p>&#13;<br \/>\n\tAzerbaycan&#8217;\u0131n insani yakla\u015f\u0131m sergileyerek \u00e7ok say\u0131da tutukluyu serbest b\u0131rakt\u0131\u011f\u0131, g\u00fcven art\u0131r\u0131c\u0131 ad\u0131mlar att\u0131\u011f\u0131, hakk\u0131nda mahkeme karar\u0131 bulunan ki\u015filerin ise ter\u00f6r, sabotaj ve sava\u015f su\u00e7lar\u0131 dahil a\u011f\u0131r su\u00e7lardan h\u00fck\u00fcm giydi\u011fi hat\u0131rlat\u0131ld\u0131.<\/p>\n<p>&#13;<br \/>\n\t&#8220;K\u00fclt\u00fcrel ve dini miras\u0131n yok edilmesi&#8221; iddialar\u0131n\u0131n da tamamen as\u0131ls\u0131z ve kabul edilemez oldu\u011fu vurgulanan g\u00f6r\u00fc\u015fmede, i\u015fgal d\u00f6neminde Azerbaycan&#8217;\u0131n k\u00fclt\u00fcrel ve dini miras\u0131n\u0131n geni\u015f \u00e7apta tahrip edilmesine Avrupa kurumlar\u0131nca yeterli \u00f6nem verilmedi\u011fine dikkat \u00e7ekildi.<\/p>\n<p>&#13;<br \/>\n\tAB&#8217;ye, Azerbaycan&#8217;la ili\u015fkilere ve b\u00f6lgede bar\u0131\u015f ile normalle\u015fme s\u00fcrecine zarar veren bu t\u00fcr ad\u0131mlar\u0131n \u00f6nlenmesi i\u00e7in \u00e7a\u011fr\u0131 yap\u0131ld\u0131.<\/p>\n<p>&#13;<br \/>\n\tAP&#8217;de d\u00fcn kabul edilen kararda Azerbaycan&#8217;a Karaba\u011f&#8217;\u0131 terk eden Ermenilerin geri d\u00f6n\u00fc\u015f\u00fcn\u00fc sa\u011flama \u00e7a\u011fr\u0131s\u0131nda bulunulmu\u015f, hapiste bulunan Ermenistan vatanda\u015flar\u0131n\u0131n serbest b\u0131rak\u0131lmas\u0131 talep edilmi\u015fti.<\/p>\n<p>&#13;<br \/>\n\tKararda ayr\u0131ca Ermenilere ait k\u00fclt\u00fcrel miras\u0131n korunmas\u0131 \u00e7a\u011fr\u0131s\u0131 yer alm\u0131\u015ft\u0131.<\/p>\n<\/p><\/div>\n","protected":false},"excerpt":{"rendered":"<p>&#13; Azerbaycan D\u0131\u015fi\u015fleri Bakanl\u0131\u011f\u0131ndan yap\u0131lan a\u00e7\u0131klamada, AP&#8217;nin d\u00fcn kabul etti\u011fi karar dolay\u0131s\u0131yla AB&#8217;nin Bak\u00fc B\u00fcy\u00fckel\u00e7isi Marijana Kujundzic&#8217;in Bakanl\u0131\u011fa \u00e7a\u011fr\u0131ld\u0131\u011f\u0131 bildirildi. &#13; G\u00f6r\u00fc\u015fmede, AP&#8217;nin kabul etti\u011fi karardaki ifadelerin kesin dille k\u0131nand\u0131\u011f\u0131 ve Kujundzic&#8217;e Azerbaycan&#8217;\u0131n notas\u0131n\u0131n verildi\u011fi kaydedildi. &#13; S\u00f6z konusu karardaki de\u011ferlendirmelerin ger\u00e7ekleri \u00e7arp\u0131tt\u0131\u011f\u0131, objektiflik ilkelerine, devletlerin egemenli\u011fi ile toprak b\u00fct\u00fcnl\u00fc\u011f\u00fcne sayg\u0131 y\u00fck\u00fcml\u00fcl\u00fcklerine ayk\u0131r\u0131 oldu\u011fu vurgulanan [&hellip;]<\/p>\n","protected":false},"author":1,"featured_media":36999,"comment_status":"open","ping_status":"open","sticky":false,"template":"","format":"standard","meta":{"jnews-multi-image_gallery":[],"jnews_single_post":[],"jnews_primary_category":[],"footnotes":""},"categories":[2],"tags":[],"class_list":["post-36998","post","type-post","status-publish","format-standard","has-post-thumbnail","hentry","category-dunya"],"yoast_head":"<!-- This site is optimized with the Yoast SEO plugin v27.5 - https:\/\/yoast.com\/product\/yoast-seo-wordpress\/ -->\n<title>Azerbaycan, Avrupa Parlamentosunun karar\u0131 nedeniyle Avrupa Birli\u011fi&#039;ne nota verdi - Haber Kuzey<\/title>\n<meta name=\"robots\" content=\"index, follow, max-snippet:-1, max-image-preview:large, max-video-preview:-1\" \/>\n<link rel=\"canonical\" href=\"https:\/\/haberkuzey.com\/index.php\/2026\/05\/01\/azerbaycan-avrupa-parlamentosunun-karari-nedeniyle-avrupa-birligine-nota-verdi\/\" \/>\n<meta property=\"og:locale\" content=\"tr_TR\" \/>\n<meta property=\"og:type\" content=\"article\" \/>\n<meta property=\"og:title\" content=\"Azerbaycan, Avrupa Parlamentosunun karar\u0131 nedeniyle Avrupa Birli\u011fi&#039;ne nota verdi - Haber Kuzey\" \/>\n<meta property=\"og:description\" content=\"&#013; Azerbaycan D\u0131\u015fi\u015fleri Bakanl\u0131\u011f\u0131ndan yap\u0131lan a\u00e7\u0131klamada, AP&#8217;nin d\u00fcn kabul etti\u011fi karar dolay\u0131s\u0131yla AB&#8217;nin Bak\u00fc B\u00fcy\u00fckel\u00e7isi Marijana Kujundzic&#8217;in Bakanl\u0131\u011fa \u00e7a\u011fr\u0131ld\u0131\u011f\u0131 bildirildi. &#013; G\u00f6r\u00fc\u015fmede, AP&#8217;nin kabul etti\u011fi karardaki ifadelerin kesin dille k\u0131nand\u0131\u011f\u0131 ve Kujundzic&#8217;e Azerbaycan&#8217;\u0131n notas\u0131n\u0131n verildi\u011fi kaydedildi. &#013; S\u00f6z konusu karardaki de\u011ferlendirmelerin ger\u00e7ekleri \u00e7arp\u0131tt\u0131\u011f\u0131, objektiflik ilkelerine, devletlerin egemenli\u011fi ile toprak b\u00fct\u00fcnl\u00fc\u011f\u00fcne sayg\u0131 y\u00fck\u00fcml\u00fcl\u00fcklerine ayk\u0131r\u0131 oldu\u011fu vurgulanan [&hellip;]\" \/>\n<meta property=\"og:url\" content=\"https:\/\/haberkuzey.com\/index.php\/2026\/05\/01\/azerbaycan-avrupa-parlamentosunun-karari-nedeniyle-avrupa-birligine-nota-verdi\/\" \/>\n<meta property=\"og:site_name\" content=\"Haber Kuzey\" \/>\n<meta property=\"article:published_time\" content=\"2026-05-01T08:43:55+00:00\" \/>\n<meta property=\"og:image\" content=\"https:\/\/trthaberstatic.cdn.wp.trt.com.tr\/resimler\/2290000\/azerbaycan-bayragi-depo-2291461.jpg\" \/>\n<meta name=\"author\" content=\"haberkuzey\" \/>\n<meta name=\"twitter:card\" content=\"summary_large_image\" \/>\n<meta name=\"twitter:label1\" content=\"Yazan:\" \/>\n\t<meta name=\"twitter:data1\" content=\"haberkuzey\" \/>\n\t<meta name=\"twitter:label2\" content=\"Tahmini okuma s\u00fcresi\" \/>\n\t<meta name=\"twitter:data2\" content=\"2 dakika\" \/>\n<script type=\"application\/ld+json\" class=\"yoast-schema-graph\">{\"@context\":\"https:\\\/\\\/schema.org\",\"@graph\":[{\"@type\":\"Article\",\"@id\":\"https:\\\/\\\/haberkuzey.com\\\/index.php\\\/2026\\\/05\\\/01\\\/azerbaycan-avrupa-parlamentosunun-karari-nedeniyle-avrupa-birligine-nota-verdi\\\/#article\",\"isPartOf\":{\"@id\":\"https:\\\/\\\/haberkuzey.com\\\/index.php\\\/2026\\\/05\\\/01\\\/azerbaycan-avrupa-parlamentosunun-karari-nedeniyle-avrupa-birligine-nota-verdi\\\/\"},\"author\":{\"name\":\"haberkuzey\",\"@id\":\"https:\\\/\\\/haberkuzey.com\\\/#\\\/schema\\\/person\\\/3372109ec735f9333f4fa47ebb9605ca\"},\"headline\":\"Azerbaycan, Avrupa Parlamentosunun karar\u0131 nedeniyle Avrupa Birli\u011fi&#8217;ne nota verdi\",\"datePublished\":\"2026-05-01T08:43:55+00:00\",\"mainEntityOfPage\":{\"@id\":\"https:\\\/\\\/haberkuzey.com\\\/index.php\\\/2026\\\/05\\\/01\\\/azerbaycan-avrupa-parlamentosunun-karari-nedeniyle-avrupa-birligine-nota-verdi\\\/\"},\"wordCount\":430,\"commentCount\":0,\"image\":{\"@id\":\"https:\\\/\\\/haberkuzey.com\\\/index.php\\\/2026\\\/05\\\/01\\\/azerbaycan-avrupa-parlamentosunun-karari-nedeniyle-avrupa-birligine-nota-verdi\\\/#primaryimage\"},\"thumbnailUrl\":\"https:\\\/\\\/haberkuzey.com\\\/wp-content\\\/uploads\\\/2026\\\/05\\\/azerbaycan-bayragi-depo-2291461.jpg\",\"articleSection\":[\"D\u00fcnya\"],\"inLanguage\":\"tr\",\"potentialAction\":[{\"@type\":\"CommentAction\",\"name\":\"Comment\",\"target\":[\"https:\\\/\\\/haberkuzey.com\\\/index.php\\\/2026\\\/05\\\/01\\\/azerbaycan-avrupa-parlamentosunun-karari-nedeniyle-avrupa-birligine-nota-verdi\\\/#respond\"]}]},{\"@type\":\"WebPage\",\"@id\":\"https:\\\/\\\/haberkuzey.com\\\/index.php\\\/2026\\\/05\\\/01\\\/azerbaycan-avrupa-parlamentosunun-karari-nedeniyle-avrupa-birligine-nota-verdi\\\/\",\"url\":\"https:\\\/\\\/haberkuzey.com\\\/index.php\\\/2026\\\/05\\\/01\\\/azerbaycan-avrupa-parlamentosunun-karari-nedeniyle-avrupa-birligine-nota-verdi\\\/\",\"name\":\"Azerbaycan, Avrupa Parlamentosunun karar\u0131 nedeniyle Avrupa Birli\u011fi'ne nota verdi - Haber Kuzey\",\"isPartOf\":{\"@id\":\"https:\\\/\\\/haberkuzey.com\\\/#website\"},\"primaryImageOfPage\":{\"@id\":\"https:\\\/\\\/haberkuzey.com\\\/index.php\\\/2026\\\/05\\\/01\\\/azerbaycan-avrupa-parlamentosunun-karari-nedeniyle-avrupa-birligine-nota-verdi\\\/#primaryimage\"},\"image\":{\"@id\":\"https:\\\/\\\/haberkuzey.com\\\/index.php\\\/2026\\\/05\\\/01\\\/azerbaycan-avrupa-parlamentosunun-karari-nedeniyle-avrupa-birligine-nota-verdi\\\/#primaryimage\"},\"thumbnailUrl\":\"https:\\\/\\\/haberkuzey.com\\\/wp-content\\\/uploads\\\/2026\\\/05\\\/azerbaycan-bayragi-depo-2291461.jpg\",\"datePublished\":\"2026-05-01T08:43:55+00:00\",\"author\":{\"@id\":\"https:\\\/\\\/haberkuzey.com\\\/#\\\/schema\\\/person\\\/3372109ec735f9333f4fa47ebb9605ca\"},\"breadcrumb\":{\"@id\":\"https:\\\/\\\/haberkuzey.com\\\/index.php\\\/2026\\\/05\\\/01\\\/azerbaycan-avrupa-parlamentosunun-karari-nedeniyle-avrupa-birligine-nota-verdi\\\/#breadcrumb\"},\"inLanguage\":\"tr\",\"potentialAction\":[{\"@type\":\"ReadAction\",\"target\":[\"https:\\\/\\\/haberkuzey.com\\\/index.php\\\/2026\\\/05\\\/01\\\/azerbaycan-avrupa-parlamentosunun-karari-nedeniyle-avrupa-birligine-nota-verdi\\\/\"]}]},{\"@type\":\"ImageObject\",\"inLanguage\":\"tr\",\"@id\":\"https:\\\/\\\/haberkuzey.com\\\/index.php\\\/2026\\\/05\\\/01\\\/azerbaycan-avrupa-parlamentosunun-karari-nedeniyle-avrupa-birligine-nota-verdi\\\/#primaryimage\",\"url\":\"https:\\\/\\\/haberkuzey.com\\\/wp-content\\\/uploads\\\/2026\\\/05\\\/azerbaycan-bayragi-depo-2291461.jpg\",\"contentUrl\":\"https:\\\/\\\/haberkuzey.com\\\/wp-content\\\/uploads\\\/2026\\\/05\\\/azerbaycan-bayragi-depo-2291461.jpg\",\"width\":1280,\"height\":720},{\"@type\":\"BreadcrumbList\",\"@id\":\"https:\\\/\\\/haberkuzey.com\\\/index.php\\\/2026\\\/05\\\/01\\\/azerbaycan-avrupa-parlamentosunun-karari-nedeniyle-avrupa-birligine-nota-verdi\\\/#breadcrumb\",\"itemListElement\":[{\"@type\":\"ListItem\",\"position\":1,\"name\":\"Anasayfa\",\"item\":\"https:\\\/\\\/haberkuzey.com\\\/\"},{\"@type\":\"ListItem\",\"position\":2,\"name\":\"Azerbaycan, Avrupa Parlamentosunun karar\u0131 nedeniyle Avrupa Birli\u011fi&#8217;ne nota verdi\"}]},{\"@type\":\"WebSite\",\"@id\":\"https:\\\/\\\/haberkuzey.com\\\/#website\",\"url\":\"https:\\\/\\\/haberkuzey.com\\\/\",\"name\":\"Haber Kuzey\",\"description\":\"Do\u011fru Haberin Adresi\",\"potentialAction\":[{\"@type\":\"SearchAction\",\"target\":{\"@type\":\"EntryPoint\",\"urlTemplate\":\"https:\\\/\\\/haberkuzey.com\\\/?s={search_term_string}\"},\"query-input\":{\"@type\":\"PropertyValueSpecification\",\"valueRequired\":true,\"valueName\":\"search_term_string\"}}],\"inLanguage\":\"tr\"},{\"@type\":\"Person\",\"@id\":\"https:\\\/\\\/haberkuzey.com\\\/#\\\/schema\\\/person\\\/3372109ec735f9333f4fa47ebb9605ca\",\"name\":\"haberkuzey\",\"image\":{\"@type\":\"ImageObject\",\"inLanguage\":\"tr\",\"@id\":\"https:\\\/\\\/secure.gravatar.com\\\/avatar\\\/f5fc875574b1575324358c3b9e6a32b8227aa5b74f3fa22e3cadb63e26fcc39c?s=96&d=mm&r=g\",\"url\":\"https:\\\/\\\/secure.gravatar.com\\\/avatar\\\/f5fc875574b1575324358c3b9e6a32b8227aa5b74f3fa22e3cadb63e26fcc39c?s=96&d=mm&r=g\",\"contentUrl\":\"https:\\\/\\\/secure.gravatar.com\\\/avatar\\\/f5fc875574b1575324358c3b9e6a32b8227aa5b74f3fa22e3cadb63e26fcc39c?s=96&d=mm&r=g\",\"caption\":\"haberkuzey\"},\"sameAs\":[\"https:\\\/\\\/haberkuzey.com\"],\"url\":\"https:\\\/\\\/haberkuzey.com\\\/index.php\\\/author\\\/haberkuzey\\\/\"}]}<\/script>\n<!-- \/ Yoast SEO plugin. -->","yoast_head_json":{"title":"Azerbaycan, Avrupa Parlamentosunun karar\u0131 nedeniyle Avrupa Birli\u011fi'ne nota verdi - Haber Kuzey","robots":{"index":"index","follow":"follow","max-snippet":"max-snippet:-1","max-image-preview":"max-image-preview:large","max-video-preview":"max-video-preview:-1"},"canonical":"https:\/\/haberkuzey.com\/index.php\/2026\/05\/01\/azerbaycan-avrupa-parlamentosunun-karari-nedeniyle-avrupa-birligine-nota-verdi\/","og_locale":"tr_TR","og_type":"article","og_title":"Azerbaycan, Avrupa Parlamentosunun karar\u0131 nedeniyle Avrupa Birli\u011fi'ne nota verdi - Haber Kuzey","og_description":"&#13; Azerbaycan D\u0131\u015fi\u015fleri Bakanl\u0131\u011f\u0131ndan yap\u0131lan a\u00e7\u0131klamada, AP&#8217;nin d\u00fcn kabul etti\u011fi karar dolay\u0131s\u0131yla AB&#8217;nin Bak\u00fc B\u00fcy\u00fckel\u00e7isi Marijana Kujundzic&#8217;in Bakanl\u0131\u011fa \u00e7a\u011fr\u0131ld\u0131\u011f\u0131 bildirildi. &#13; G\u00f6r\u00fc\u015fmede, AP&#8217;nin kabul etti\u011fi karardaki ifadelerin kesin dille k\u0131nand\u0131\u011f\u0131 ve Kujundzic&#8217;e Azerbaycan&#8217;\u0131n notas\u0131n\u0131n verildi\u011fi kaydedildi. &#13; S\u00f6z konusu karardaki de\u011ferlendirmelerin ger\u00e7ekleri \u00e7arp\u0131tt\u0131\u011f\u0131, objektiflik ilkelerine, devletlerin egemenli\u011fi ile toprak b\u00fct\u00fcnl\u00fc\u011f\u00fcne sayg\u0131 y\u00fck\u00fcml\u00fcl\u00fcklerine ayk\u0131r\u0131 oldu\u011fu vurgulanan [&hellip;]","og_url":"https:\/\/haberkuzey.com\/index.php\/2026\/05\/01\/azerbaycan-avrupa-parlamentosunun-karari-nedeniyle-avrupa-birligine-nota-verdi\/","og_site_name":"Haber Kuzey","article_published_time":"2026-05-01T08:43:55+00:00","og_image":[{"url":"https:\/\/trthaberstatic.cdn.wp.trt.com.tr\/resimler\/2290000\/azerbaycan-bayragi-depo-2291461.jpg","type":"","width":"","height":""}],"author":"haberkuzey","twitter_card":"summary_large_image","twitter_misc":{"Yazan:":"haberkuzey","Tahmini okuma s\u00fcresi":"2 dakika"},"schema":{"@context":"https:\/\/schema.org","@graph":[{"@type":"Article","@id":"https:\/\/haberkuzey.com\/index.php\/2026\/05\/01\/azerbaycan-avrupa-parlamentosunun-karari-nedeniyle-avrupa-birligine-nota-verdi\/#article","isPartOf":{"@id":"https:\/\/haberkuzey.com\/index.php\/2026\/05\/01\/azerbaycan-avrupa-parlamentosunun-karari-nedeniyle-avrupa-birligine-nota-verdi\/"},"author":{"name":"haberkuzey","@id":"https:\/\/haberkuzey.com\/#\/schema\/person\/3372109ec735f9333f4fa47ebb9605ca"},"headline":"Azerbaycan, Avrupa Parlamentosunun karar\u0131 nedeniyle Avrupa Birli\u011fi&#8217;ne nota verdi","datePublished":"2026-05-01T08:43:55+00:00","mainEntityOfPage":{"@id":"https:\/\/haberkuzey.com\/index.php\/2026\/05\/01\/azerbaycan-avrupa-parlamentosunun-karari-nedeniyle-avrupa-birligine-nota-verdi\/"},"wordCount":430,"commentCount":0,"image":{"@id":"https:\/\/haberkuzey.com\/index.php\/2026\/05\/01\/azerbaycan-avrupa-parlamentosunun-karari-nedeniyle-avrupa-birligine-nota-verdi\/#primaryimage"},"thumbnailUrl":"https:\/\/haberkuzey.com\/wp-content\/uploads\/2026\/05\/azerbaycan-bayragi-depo-2291461.jpg","articleSection":["D\u00fcnya"],"inLanguage":"tr","potentialAction":[{"@type":"CommentAction","name":"Comment","target":["https:\/\/haberkuzey.com\/index.php\/2026\/05\/01\/azerbaycan-avrupa-parlamentosunun-karari-nedeniyle-avrupa-birligine-nota-verdi\/#respond"]}]},{"@type":"WebPage","@id":"https:\/\/haberkuzey.com\/index.php\/2026\/05\/01\/azerbaycan-avrupa-parlamentosunun-karari-nedeniyle-avrupa-birligine-nota-verdi\/","url":"https:\/\/haberkuzey.com\/index.php\/2026\/05\/01\/azerbaycan-avrupa-parlamentosunun-karari-nedeniyle-avrupa-birligine-nota-verdi\/","name":"Azerbaycan, Avrupa Parlamentosunun karar\u0131 nedeniyle Avrupa Birli\u011fi'ne nota verdi - Haber Kuzey","isPartOf":{"@id":"https:\/\/haberkuzey.com\/#website"},"primaryImageOfPage":{"@id":"https:\/\/haberkuzey.com\/index.php\/2026\/05\/01\/azerbaycan-avrupa-parlamentosunun-karari-nedeniyle-avrupa-birligine-nota-verdi\/#primaryimage"},"image":{"@id":"https:\/\/haberkuzey.com\/index.php\/2026\/05\/01\/azerbaycan-avrupa-parlamentosunun-karari-nedeniyle-avrupa-birligine-nota-verdi\/#primaryimage"},"thumbnailUrl":"https:\/\/haberkuzey.com\/wp-content\/uploads\/2026\/05\/azerbaycan-bayragi-depo-2291461.jpg","datePublished":"2026-05-01T08:43:55+00:00","author":{"@id":"https:\/\/haberkuzey.com\/#\/schema\/person\/3372109ec735f9333f4fa47ebb9605ca"},"breadcrumb":{"@id":"https:\/\/haberkuzey.com\/index.php\/2026\/05\/01\/azerbaycan-avrupa-parlamentosunun-karari-nedeniyle-avrupa-birligine-nota-verdi\/#breadcrumb"},"inLanguage":"tr","potentialAction":[{"@type":"ReadAction","target":["https:\/\/haberkuzey.com\/index.php\/2026\/05\/01\/azerbaycan-avrupa-parlamentosunun-karari-nedeniyle-avrupa-birligine-nota-verdi\/"]}]},{"@type":"ImageObject","inLanguage":"tr","@id":"https:\/\/haberkuzey.com\/index.php\/2026\/05\/01\/azerbaycan-avrupa-parlamentosunun-karari-nedeniyle-avrupa-birligine-nota-verdi\/#primaryimage","url":"https:\/\/haberkuzey.com\/wp-content\/uploads\/2026\/05\/azerbaycan-bayragi-depo-2291461.jpg","contentUrl":"https:\/\/haberkuzey.com\/wp-content\/uploads\/2026\/05\/azerbaycan-bayragi-depo-2291461.jpg","width":1280,"height":720},{"@type":"BreadcrumbList","@id":"https:\/\/haberkuzey.com\/index.php\/2026\/05\/01\/azerbaycan-avrupa-parlamentosunun-karari-nedeniyle-avrupa-birligine-nota-verdi\/#breadcrumb","itemListElement":[{"@type":"ListItem","position":1,"name":"Anasayfa","item":"https:\/\/haberkuzey.com\/"},{"@type":"ListItem","position":2,"name":"Azerbaycan, Avrupa Parlamentosunun karar\u0131 nedeniyle Avrupa Birli\u011fi&#8217;ne nota verdi"}]},{"@type":"WebSite","@id":"https:\/\/haberkuzey.com\/#website","url":"https:\/\/haberkuzey.com\/","name":"Haber Kuzey","description":"Do\u011fru Haberin Adresi","potentialAction":[{"@type":"SearchAction","target":{"@type":"EntryPoint","urlTemplate":"https:\/\/haberkuzey.com\/?s={search_term_string}"},"query-input":{"@type":"PropertyValueSpecification","valueRequired":true,"valueName":"search_term_string"}}],"inLanguage":"tr"},{"@type":"Person","@id":"https:\/\/haberkuzey.com\/#\/schema\/person\/3372109ec735f9333f4fa47ebb9605ca","name":"haberkuzey","image":{"@type":"ImageObject","inLanguage":"tr","@id":"https:\/\/secure.gravatar.com\/avatar\/f5fc875574b1575324358c3b9e6a32b8227aa5b74f3fa22e3cadb63e26fcc39c?s=96&d=mm&r=g","url":"https:\/\/secure.gravatar.com\/avatar\/f5fc875574b1575324358c3b9e6a32b8227aa5b74f3fa22e3cadb63e26fcc39c?s=96&d=mm&r=g","contentUrl":"https:\/\/secure.gravatar.com\/avatar\/f5fc875574b1575324358c3b9e6a32b8227aa5b74f3fa22e3cadb63e26fcc39c?s=96&d=mm&r=g","caption":"haberkuzey"},"sameAs":["https:\/\/haberkuzey.com"],"url":"https:\/\/haberkuzey.com\/index.php\/author\/haberkuzey\/"}]}},"_links":{"self":[{"href":"https:\/\/haberkuzey.com\/index.php\/wp-json\/wp\/v2\/posts\/36998","targetHints":{"allow":["GET"]}}],"collection":[{"href":"https:\/\/haberkuzey.com\/index.php\/wp-json\/wp\/v2\/posts"}],"about":[{"href":"https:\/\/haberkuzey.com\/index.php\/wp-json\/wp\/v2\/types\/post"}],"author":[{"embeddable":true,"href":"https:\/\/haberkuzey.com\/index.php\/wp-json\/wp\/v2\/users\/1"}],"replies":[{"embeddable":true,"href":"https:\/\/haberkuzey.com\/index.php\/wp-json\/wp\/v2\/comments?post=36998"}],"version-history":[{"count":0,"href":"https:\/\/haberkuzey.com\/index.php\/wp-json\/wp\/v2\/posts\/36998\/revisions"}],"wp:featuredmedia":[{"embeddable":true,"href":"https:\/\/haberkuzey.com\/index.php\/wp-json\/wp\/v2\/media\/36999"}],"wp:attachment":[{"href":"https:\/\/haberkuzey.com\/index.php\/wp-json\/wp\/v2\/media?parent=36998"}],"wp:term":[{"taxonomy":"category","embeddable":true,"href":"https:\/\/haberkuzey.com\/index.php\/wp-json\/wp\/v2\/categories?post=36998"},{"taxonomy":"post_tag","embeddable":true,"href":"https:\/\/haberkuzey.com\/index.php\/wp-json\/wp\/v2\/tags?post=36998"}],"curies":[{"name":"wp","href":"https:\/\/api.w.org\/{rel}","templated":true}]}}