{"id":36978,"date":"2026-05-01T06:39:04","date_gmt":"2026-05-01T03:39:04","guid":{"rendered":"https:\/\/haberkuzey.com\/index.php\/2026\/05\/01\/abdnin-ulusal-borcu-ulke-ekonomisinin-buyuklugunu-asti\/"},"modified":"2026-05-01T06:39:04","modified_gmt":"2026-05-01T03:39:04","slug":"abdnin-ulusal-borcu-ulke-ekonomisinin-buyuklugunu-asti","status":"publish","type":"post","link":"https:\/\/haberkuzey.com\/index.php\/2026\/05\/01\/abdnin-ulusal-borcu-ulke-ekonomisinin-buyuklugunu-asti\/","title":{"rendered":"ABD&#8217;nin ulusal borcu \u00fclke ekonomisinin b\u00fcy\u00fckl\u00fc\u011f\u00fcn\u00fc a\u015ft\u0131"},"content":{"rendered":"<p><\/p>\n<div>\n<p>&#13;<br \/>\n\tSorumlu Federal B\u00fct\u00e7e Komitesi&#8217;nden (CRFB) yap\u0131lan a\u00e7\u0131klamada, Ekonomik Analiz B\u00fcrosu&#8217;nun yeni verilerine g\u00f6re, 31 Mart itibar\u0131yla ABD&#8217;de kamu elindeki borcun 31,27 trilyon dolar oldu\u011fu, son 12 ayl\u0131k d\u00f6neme ait nominal GSYH&#8217;nin de 31,22 trilyon dolar olarak tahmin edildi\u011fi belirtildi.<\/p>\n<p>&#13;<br \/>\n\tA\u00e7\u0131klamada, mart ay\u0131 sonunda \u00fclkenin ulusal borcunun GSYH&#8217;sinin y\u00fczde 100,2&#8217;sine ula\u015ft\u0131\u011f\u0131 kaydedildi.<\/p>\n<p>&#13;<br \/>\n\tCRFB Ba\u015fkan\u0131 Maya MacGuineas, konuya ili\u015fkin de\u011ferlendirmesinde, &#8220;Ulusal bor\u00e7 art\u0131k ABD ekonomisinden daha b\u00fcy\u00fck ve tarihsel ortalaman\u0131n yakla\u015f\u0131k iki kat\u0131. Son y\u0131llarda mali gidi\u015fata dair pek \u00e7ok uyar\u0131 yap\u0131ld\u0131 ancak bu geli\u015fme \u00f6zellikle g\u00fc\u00e7l\u00fc bir alarm niteli\u011finde. As\u0131l soru, Washington&#8217;daki liderlerin bunu dikkate al\u0131p almayaca\u011f\u0131d\u0131r.&#8221; ifadelerini kulland\u0131.<\/p>\n<p>&#13;<br \/>\n\tBorcun GSYH&#8217;nin y\u00fczde 100&#8217;\u00fcn\u00fc a\u015fmas\u0131n\u0131n ard\u0131ndan, \u0130kinci D\u00fcnya Sava\u015f\u0131 sonras\u0131nda g\u00f6r\u00fclen y\u00fczde 106&#8217;l\u0131k rekor seviyenin de yak\u0131nda a\u015f\u0131labilece\u011fini belirten MacGuineas, bu kez bor\u00e7lanman\u0131n k\u00fcresel bir sava\u015f gibi ola\u011fan\u00fcst\u00fc bir durumdan de\u011fil, iki partinin de zor mali kararlar\u0131 ertelemesinden kaynakland\u0131\u011f\u0131n\u0131 savundu.<\/p>\n<h2>&#13;<br \/>\n\t&#8220;Artan bor\u00e7 ekonomik refah\u0131 olumsuz etkiliyor&#8221;<\/h2>\n<p>&#13;<br \/>\n\tMacGuineas, artan borcun ekonomik refah\u0131 ve gelecek nesilleri olumsuz etkiledi\u011fini vurgulayarak, y\u00fcksek borcun gelir art\u0131\u015f\u0131n\u0131 yava\u015flatt\u0131\u011f\u0131n\u0131, faiz oranlar\u0131n\u0131 y\u00fckseltti\u011fini ve enflasyonist bask\u0131lar\u0131 art\u0131rd\u0131\u011f\u0131n\u0131 kaydetti.<\/p>\n<p>&#13;<br \/>\n\t\u00c7\u00f6z\u00fcm i\u00e7in bor\u00e7 art\u0131\u015f\u0131n\u0131n durdurulmas\u0131 gerekti\u011fine i\u015faret eden MacGuineas, yeni harcamalar\u0131n veya vergi indirimlerinin daha g\u00fc\u00e7l\u00fc mali kurallarla dengelenmesini \u00f6nerdi.<\/p>\n<p>&#13;<br \/>\n\tMacGuineas, &#8220;Borcu istikrara kavu\u015fturmak ve ekonomideki pay\u0131n\u0131 azaltmak i\u00e7in \u00e7ok daha ileri gitmemiz gerekecek, yakla\u015f\u0131k 10 trilyon dolarl\u0131k bir b\u00fct\u00e7e a\u00e7\u0131\u011f\u0131 azalt\u0131m\u0131na ihtiyac\u0131m\u0131z var.&#8221; de\u011ferlendirmesinde bulundu.<\/p>\n<h2>&#13;<br \/>\n\tFitch, ABD&#8217;nin borcunun kredi notu riskleri konusunda uyard\u0131<\/h2>\n<p>&#13;<br \/>\n\tUluslararas\u0131 kredi derecelendirme kurulu\u015fu Fitch Ratings&#8217;ten yap\u0131lan a\u00e7\u0131klamada da ABD&#8217;nin geni\u015fleyen b\u00fct\u00e7e a\u00e7\u0131klar\u0131 ve y\u00fckselen bor\u00e7 seviyesinin \u00fclkenin kredi notu a\u00e7\u0131s\u0131ndan temel bir zorluk olu\u015fturdu\u011funu belirtti.<\/p>\n<p>&#13;<br \/>\n\tKredi derecelendirme kurulu\u015fu, yap\u0131sal olarak y\u00fcksek seyreden b\u00fct\u00e7e a\u00e7\u0131klar\u0131n\u0131n ABD&#8217;nin bor\u00e7 y\u00fck\u00fcn\u00fc di\u011fer &#8220;AA&#8221; kredi notu kategorisindeki \u00fclkelerin olduk\u00e7a \u00fczerine ta\u015f\u0131maya devam edece\u011fini kaydetti.<\/p>\n<p>&#13;<br \/>\n\tABD&#8217;de mali g\u00f6r\u00fcn\u00fcm\u00fcn ge\u00e7en y\u0131l kabul edilen vergi indirimi yasas\u0131 nedeniyle 2026&#8217;da daha da bozulaca\u011f\u0131na i\u015faret edilen a\u00e7\u0131klamada, ancak g\u00fcmr\u00fck tarifelerinden elde edilen gelirlerin bu etkinin yakla\u015f\u0131k yar\u0131s\u0131n\u0131 dengelemesinin beklendi\u011fi bildirildi.<\/p>\n<p>&#13;<br \/>\n\tABD&#8217;nin h\u00fck\u00fcmet i\u00e7i y\u00fck\u00fcml\u00fcl\u00fckler dahil toplam br\u00fct borcu ise yakla\u015f\u0131k 39 trilyon dolar seviyesinde bulunuyor.<\/p>\n<\/p><\/div>\n","protected":false},"excerpt":{"rendered":"<p>&#13; Sorumlu Federal B\u00fct\u00e7e Komitesi&#8217;nden (CRFB) yap\u0131lan a\u00e7\u0131klamada, Ekonomik Analiz B\u00fcrosu&#8217;nun yeni verilerine g\u00f6re, 31 Mart itibar\u0131yla ABD&#8217;de kamu elindeki borcun 31,27 trilyon dolar oldu\u011fu, son 12 ayl\u0131k d\u00f6neme ait nominal GSYH&#8217;nin de 31,22 trilyon dolar olarak tahmin edildi\u011fi belirtildi. &#13; A\u00e7\u0131klamada, mart ay\u0131 sonunda \u00fclkenin ulusal borcunun GSYH&#8217;sinin y\u00fczde 100,2&#8217;sine ula\u015ft\u0131\u011f\u0131 kaydedildi. &#13; CRFB [&hellip;]<\/p>\n","protected":false},"author":1,"featured_media":36979,"comment_status":"open","ping_status":"open","sticky":false,"template":"","format":"standard","meta":{"jnews-multi-image_gallery":[],"jnews_single_post":[],"jnews_primary_category":[],"footnotes":""},"categories":[2],"tags":[],"class_list":["post-36978","post","type-post","status-publish","format-standard","has-post-thumbnail","hentry","category-dunya"],"yoast_head":"<!-- This site is optimized with the Yoast SEO plugin v27.5 - https:\/\/yoast.com\/product\/yoast-seo-wordpress\/ -->\n<title>ABD&#039;nin ulusal borcu \u00fclke ekonomisinin b\u00fcy\u00fckl\u00fc\u011f\u00fcn\u00fc a\u015ft\u0131 - Haber Kuzey<\/title>\n<meta name=\"robots\" content=\"index, follow, max-snippet:-1, max-image-preview:large, max-video-preview:-1\" \/>\n<link rel=\"canonical\" href=\"https:\/\/haberkuzey.com\/index.php\/2026\/05\/01\/abdnin-ulusal-borcu-ulke-ekonomisinin-buyuklugunu-asti\/\" \/>\n<meta property=\"og:locale\" content=\"tr_TR\" \/>\n<meta property=\"og:type\" content=\"article\" \/>\n<meta property=\"og:title\" content=\"ABD&#039;nin ulusal borcu \u00fclke ekonomisinin b\u00fcy\u00fckl\u00fc\u011f\u00fcn\u00fc a\u015ft\u0131 - Haber Kuzey\" \/>\n<meta property=\"og:description\" content=\"&#013; Sorumlu Federal B\u00fct\u00e7e Komitesi&#8217;nden (CRFB) yap\u0131lan a\u00e7\u0131klamada, Ekonomik Analiz B\u00fcrosu&#8217;nun yeni verilerine g\u00f6re, 31 Mart itibar\u0131yla ABD&#8217;de kamu elindeki borcun 31,27 trilyon dolar oldu\u011fu, son 12 ayl\u0131k d\u00f6neme ait nominal GSYH&#8217;nin de 31,22 trilyon dolar olarak tahmin edildi\u011fi belirtildi. &#013; A\u00e7\u0131klamada, mart ay\u0131 sonunda \u00fclkenin ulusal borcunun GSYH&#8217;sinin y\u00fczde 100,2&#8217;sine ula\u015ft\u0131\u011f\u0131 kaydedildi. &#013; CRFB [&hellip;]\" \/>\n<meta property=\"og:url\" content=\"https:\/\/haberkuzey.com\/index.php\/2026\/05\/01\/abdnin-ulusal-borcu-ulke-ekonomisinin-buyuklugunu-asti\/\" \/>\n<meta property=\"og:site_name\" content=\"Haber Kuzey\" \/>\n<meta property=\"article:published_time\" content=\"2026-05-01T03:39:04+00:00\" \/>\n<meta property=\"og:image\" content=\"https:\/\/trthaberstatic.cdn.wp.trt.com.tr\/resimler\/1474000\/ekonomifinans-1475428.jpg\" \/>\n<meta name=\"author\" content=\"haberkuzey\" \/>\n<meta name=\"twitter:card\" content=\"summary_large_image\" \/>\n<meta name=\"twitter:label1\" content=\"Yazan:\" \/>\n\t<meta name=\"twitter:data1\" content=\"haberkuzey\" \/>\n\t<meta name=\"twitter:label2\" content=\"Tahmini okuma s\u00fcresi\" \/>\n\t<meta name=\"twitter:data2\" content=\"2 dakika\" \/>\n<script type=\"application\/ld+json\" class=\"yoast-schema-graph\">{\"@context\":\"https:\\\/\\\/schema.org\",\"@graph\":[{\"@type\":\"Article\",\"@id\":\"https:\\\/\\\/haberkuzey.com\\\/index.php\\\/2026\\\/05\\\/01\\\/abdnin-ulusal-borcu-ulke-ekonomisinin-buyuklugunu-asti\\\/#article\",\"isPartOf\":{\"@id\":\"https:\\\/\\\/haberkuzey.com\\\/index.php\\\/2026\\\/05\\\/01\\\/abdnin-ulusal-borcu-ulke-ekonomisinin-buyuklugunu-asti\\\/\"},\"author\":{\"name\":\"haberkuzey\",\"@id\":\"https:\\\/\\\/haberkuzey.com\\\/#\\\/schema\\\/person\\\/3372109ec735f9333f4fa47ebb9605ca\"},\"headline\":\"ABD&#8217;nin ulusal borcu \u00fclke ekonomisinin b\u00fcy\u00fckl\u00fc\u011f\u00fcn\u00fc a\u015ft\u0131\",\"datePublished\":\"2026-05-01T03:39:04+00:00\",\"mainEntityOfPage\":{\"@id\":\"https:\\\/\\\/haberkuzey.com\\\/index.php\\\/2026\\\/05\\\/01\\\/abdnin-ulusal-borcu-ulke-ekonomisinin-buyuklugunu-asti\\\/\"},\"wordCount\":471,\"commentCount\":0,\"image\":{\"@id\":\"https:\\\/\\\/haberkuzey.com\\\/index.php\\\/2026\\\/05\\\/01\\\/abdnin-ulusal-borcu-ulke-ekonomisinin-buyuklugunu-asti\\\/#primaryimage\"},\"thumbnailUrl\":\"https:\\\/\\\/haberkuzey.com\\\/wp-content\\\/uploads\\\/2026\\\/05\\\/ekonomifinans-1475428.jpg\",\"articleSection\":[\"D\u00fcnya\"],\"inLanguage\":\"tr\",\"potentialAction\":[{\"@type\":\"CommentAction\",\"name\":\"Comment\",\"target\":[\"https:\\\/\\\/haberkuzey.com\\\/index.php\\\/2026\\\/05\\\/01\\\/abdnin-ulusal-borcu-ulke-ekonomisinin-buyuklugunu-asti\\\/#respond\"]}]},{\"@type\":\"WebPage\",\"@id\":\"https:\\\/\\\/haberkuzey.com\\\/index.php\\\/2026\\\/05\\\/01\\\/abdnin-ulusal-borcu-ulke-ekonomisinin-buyuklugunu-asti\\\/\",\"url\":\"https:\\\/\\\/haberkuzey.com\\\/index.php\\\/2026\\\/05\\\/01\\\/abdnin-ulusal-borcu-ulke-ekonomisinin-buyuklugunu-asti\\\/\",\"name\":\"ABD'nin ulusal borcu \u00fclke ekonomisinin b\u00fcy\u00fckl\u00fc\u011f\u00fcn\u00fc a\u015ft\u0131 - Haber Kuzey\",\"isPartOf\":{\"@id\":\"https:\\\/\\\/haberkuzey.com\\\/#website\"},\"primaryImageOfPage\":{\"@id\":\"https:\\\/\\\/haberkuzey.com\\\/index.php\\\/2026\\\/05\\\/01\\\/abdnin-ulusal-borcu-ulke-ekonomisinin-buyuklugunu-asti\\\/#primaryimage\"},\"image\":{\"@id\":\"https:\\\/\\\/haberkuzey.com\\\/index.php\\\/2026\\\/05\\\/01\\\/abdnin-ulusal-borcu-ulke-ekonomisinin-buyuklugunu-asti\\\/#primaryimage\"},\"thumbnailUrl\":\"https:\\\/\\\/haberkuzey.com\\\/wp-content\\\/uploads\\\/2026\\\/05\\\/ekonomifinans-1475428.jpg\",\"datePublished\":\"2026-05-01T03:39:04+00:00\",\"author\":{\"@id\":\"https:\\\/\\\/haberkuzey.com\\\/#\\\/schema\\\/person\\\/3372109ec735f9333f4fa47ebb9605ca\"},\"breadcrumb\":{\"@id\":\"https:\\\/\\\/haberkuzey.com\\\/index.php\\\/2026\\\/05\\\/01\\\/abdnin-ulusal-borcu-ulke-ekonomisinin-buyuklugunu-asti\\\/#breadcrumb\"},\"inLanguage\":\"tr\",\"potentialAction\":[{\"@type\":\"ReadAction\",\"target\":[\"https:\\\/\\\/haberkuzey.com\\\/index.php\\\/2026\\\/05\\\/01\\\/abdnin-ulusal-borcu-ulke-ekonomisinin-buyuklugunu-asti\\\/\"]}]},{\"@type\":\"ImageObject\",\"inLanguage\":\"tr\",\"@id\":\"https:\\\/\\\/haberkuzey.com\\\/index.php\\\/2026\\\/05\\\/01\\\/abdnin-ulusal-borcu-ulke-ekonomisinin-buyuklugunu-asti\\\/#primaryimage\",\"url\":\"https:\\\/\\\/haberkuzey.com\\\/wp-content\\\/uploads\\\/2026\\\/05\\\/ekonomifinans-1475428.jpg\",\"contentUrl\":\"https:\\\/\\\/haberkuzey.com\\\/wp-content\\\/uploads\\\/2026\\\/05\\\/ekonomifinans-1475428.jpg\",\"width\":1280,\"height\":720},{\"@type\":\"BreadcrumbList\",\"@id\":\"https:\\\/\\\/haberkuzey.com\\\/index.php\\\/2026\\\/05\\\/01\\\/abdnin-ulusal-borcu-ulke-ekonomisinin-buyuklugunu-asti\\\/#breadcrumb\",\"itemListElement\":[{\"@type\":\"ListItem\",\"position\":1,\"name\":\"Anasayfa\",\"item\":\"https:\\\/\\\/haberkuzey.com\\\/\"},{\"@type\":\"ListItem\",\"position\":2,\"name\":\"ABD&#8217;nin ulusal borcu \u00fclke ekonomisinin b\u00fcy\u00fckl\u00fc\u011f\u00fcn\u00fc a\u015ft\u0131\"}]},{\"@type\":\"WebSite\",\"@id\":\"https:\\\/\\\/haberkuzey.com\\\/#website\",\"url\":\"https:\\\/\\\/haberkuzey.com\\\/\",\"name\":\"Haber Kuzey\",\"description\":\"Do\u011fru Haberin Adresi\",\"potentialAction\":[{\"@type\":\"SearchAction\",\"target\":{\"@type\":\"EntryPoint\",\"urlTemplate\":\"https:\\\/\\\/haberkuzey.com\\\/?s={search_term_string}\"},\"query-input\":{\"@type\":\"PropertyValueSpecification\",\"valueRequired\":true,\"valueName\":\"search_term_string\"}}],\"inLanguage\":\"tr\"},{\"@type\":\"Person\",\"@id\":\"https:\\\/\\\/haberkuzey.com\\\/#\\\/schema\\\/person\\\/3372109ec735f9333f4fa47ebb9605ca\",\"name\":\"haberkuzey\",\"image\":{\"@type\":\"ImageObject\",\"inLanguage\":\"tr\",\"@id\":\"https:\\\/\\\/secure.gravatar.com\\\/avatar\\\/f5fc875574b1575324358c3b9e6a32b8227aa5b74f3fa22e3cadb63e26fcc39c?s=96&d=mm&r=g\",\"url\":\"https:\\\/\\\/secure.gravatar.com\\\/avatar\\\/f5fc875574b1575324358c3b9e6a32b8227aa5b74f3fa22e3cadb63e26fcc39c?s=96&d=mm&r=g\",\"contentUrl\":\"https:\\\/\\\/secure.gravatar.com\\\/avatar\\\/f5fc875574b1575324358c3b9e6a32b8227aa5b74f3fa22e3cadb63e26fcc39c?s=96&d=mm&r=g\",\"caption\":\"haberkuzey\"},\"sameAs\":[\"https:\\\/\\\/haberkuzey.com\"],\"url\":\"https:\\\/\\\/haberkuzey.com\\\/index.php\\\/author\\\/haberkuzey\\\/\"}]}<\/script>\n<!-- \/ Yoast SEO plugin. -->","yoast_head_json":{"title":"ABD'nin ulusal borcu \u00fclke ekonomisinin b\u00fcy\u00fckl\u00fc\u011f\u00fcn\u00fc a\u015ft\u0131 - Haber Kuzey","robots":{"index":"index","follow":"follow","max-snippet":"max-snippet:-1","max-image-preview":"max-image-preview:large","max-video-preview":"max-video-preview:-1"},"canonical":"https:\/\/haberkuzey.com\/index.php\/2026\/05\/01\/abdnin-ulusal-borcu-ulke-ekonomisinin-buyuklugunu-asti\/","og_locale":"tr_TR","og_type":"article","og_title":"ABD'nin ulusal borcu \u00fclke ekonomisinin b\u00fcy\u00fckl\u00fc\u011f\u00fcn\u00fc a\u015ft\u0131 - Haber Kuzey","og_description":"&#13; Sorumlu Federal B\u00fct\u00e7e Komitesi&#8217;nden (CRFB) yap\u0131lan a\u00e7\u0131klamada, Ekonomik Analiz B\u00fcrosu&#8217;nun yeni verilerine g\u00f6re, 31 Mart itibar\u0131yla ABD&#8217;de kamu elindeki borcun 31,27 trilyon dolar oldu\u011fu, son 12 ayl\u0131k d\u00f6neme ait nominal GSYH&#8217;nin de 31,22 trilyon dolar olarak tahmin edildi\u011fi belirtildi. &#13; A\u00e7\u0131klamada, mart ay\u0131 sonunda \u00fclkenin ulusal borcunun GSYH&#8217;sinin y\u00fczde 100,2&#8217;sine ula\u015ft\u0131\u011f\u0131 kaydedildi. &#13; CRFB [&hellip;]","og_url":"https:\/\/haberkuzey.com\/index.php\/2026\/05\/01\/abdnin-ulusal-borcu-ulke-ekonomisinin-buyuklugunu-asti\/","og_site_name":"Haber Kuzey","article_published_time":"2026-05-01T03:39:04+00:00","og_image":[{"url":"https:\/\/trthaberstatic.cdn.wp.trt.com.tr\/resimler\/1474000\/ekonomifinans-1475428.jpg","type":"","width":"","height":""}],"author":"haberkuzey","twitter_card":"summary_large_image","twitter_misc":{"Yazan:":"haberkuzey","Tahmini okuma s\u00fcresi":"2 dakika"},"schema":{"@context":"https:\/\/schema.org","@graph":[{"@type":"Article","@id":"https:\/\/haberkuzey.com\/index.php\/2026\/05\/01\/abdnin-ulusal-borcu-ulke-ekonomisinin-buyuklugunu-asti\/#article","isPartOf":{"@id":"https:\/\/haberkuzey.com\/index.php\/2026\/05\/01\/abdnin-ulusal-borcu-ulke-ekonomisinin-buyuklugunu-asti\/"},"author":{"name":"haberkuzey","@id":"https:\/\/haberkuzey.com\/#\/schema\/person\/3372109ec735f9333f4fa47ebb9605ca"},"headline":"ABD&#8217;nin ulusal borcu \u00fclke ekonomisinin b\u00fcy\u00fckl\u00fc\u011f\u00fcn\u00fc a\u015ft\u0131","datePublished":"2026-05-01T03:39:04+00:00","mainEntityOfPage":{"@id":"https:\/\/haberkuzey.com\/index.php\/2026\/05\/01\/abdnin-ulusal-borcu-ulke-ekonomisinin-buyuklugunu-asti\/"},"wordCount":471,"commentCount":0,"image":{"@id":"https:\/\/haberkuzey.com\/index.php\/2026\/05\/01\/abdnin-ulusal-borcu-ulke-ekonomisinin-buyuklugunu-asti\/#primaryimage"},"thumbnailUrl":"https:\/\/haberkuzey.com\/wp-content\/uploads\/2026\/05\/ekonomifinans-1475428.jpg","articleSection":["D\u00fcnya"],"inLanguage":"tr","potentialAction":[{"@type":"CommentAction","name":"Comment","target":["https:\/\/haberkuzey.com\/index.php\/2026\/05\/01\/abdnin-ulusal-borcu-ulke-ekonomisinin-buyuklugunu-asti\/#respond"]}]},{"@type":"WebPage","@id":"https:\/\/haberkuzey.com\/index.php\/2026\/05\/01\/abdnin-ulusal-borcu-ulke-ekonomisinin-buyuklugunu-asti\/","url":"https:\/\/haberkuzey.com\/index.php\/2026\/05\/01\/abdnin-ulusal-borcu-ulke-ekonomisinin-buyuklugunu-asti\/","name":"ABD'nin ulusal borcu \u00fclke ekonomisinin b\u00fcy\u00fckl\u00fc\u011f\u00fcn\u00fc a\u015ft\u0131 - Haber Kuzey","isPartOf":{"@id":"https:\/\/haberkuzey.com\/#website"},"primaryImageOfPage":{"@id":"https:\/\/haberkuzey.com\/index.php\/2026\/05\/01\/abdnin-ulusal-borcu-ulke-ekonomisinin-buyuklugunu-asti\/#primaryimage"},"image":{"@id":"https:\/\/haberkuzey.com\/index.php\/2026\/05\/01\/abdnin-ulusal-borcu-ulke-ekonomisinin-buyuklugunu-asti\/#primaryimage"},"thumbnailUrl":"https:\/\/haberkuzey.com\/wp-content\/uploads\/2026\/05\/ekonomifinans-1475428.jpg","datePublished":"2026-05-01T03:39:04+00:00","author":{"@id":"https:\/\/haberkuzey.com\/#\/schema\/person\/3372109ec735f9333f4fa47ebb9605ca"},"breadcrumb":{"@id":"https:\/\/haberkuzey.com\/index.php\/2026\/05\/01\/abdnin-ulusal-borcu-ulke-ekonomisinin-buyuklugunu-asti\/#breadcrumb"},"inLanguage":"tr","potentialAction":[{"@type":"ReadAction","target":["https:\/\/haberkuzey.com\/index.php\/2026\/05\/01\/abdnin-ulusal-borcu-ulke-ekonomisinin-buyuklugunu-asti\/"]}]},{"@type":"ImageObject","inLanguage":"tr","@id":"https:\/\/haberkuzey.com\/index.php\/2026\/05\/01\/abdnin-ulusal-borcu-ulke-ekonomisinin-buyuklugunu-asti\/#primaryimage","url":"https:\/\/haberkuzey.com\/wp-content\/uploads\/2026\/05\/ekonomifinans-1475428.jpg","contentUrl":"https:\/\/haberkuzey.com\/wp-content\/uploads\/2026\/05\/ekonomifinans-1475428.jpg","width":1280,"height":720},{"@type":"BreadcrumbList","@id":"https:\/\/haberkuzey.com\/index.php\/2026\/05\/01\/abdnin-ulusal-borcu-ulke-ekonomisinin-buyuklugunu-asti\/#breadcrumb","itemListElement":[{"@type":"ListItem","position":1,"name":"Anasayfa","item":"https:\/\/haberkuzey.com\/"},{"@type":"ListItem","position":2,"name":"ABD&#8217;nin ulusal borcu \u00fclke ekonomisinin b\u00fcy\u00fckl\u00fc\u011f\u00fcn\u00fc a\u015ft\u0131"}]},{"@type":"WebSite","@id":"https:\/\/haberkuzey.com\/#website","url":"https:\/\/haberkuzey.com\/","name":"Haber Kuzey","description":"Do\u011fru Haberin Adresi","potentialAction":[{"@type":"SearchAction","target":{"@type":"EntryPoint","urlTemplate":"https:\/\/haberkuzey.com\/?s={search_term_string}"},"query-input":{"@type":"PropertyValueSpecification","valueRequired":true,"valueName":"search_term_string"}}],"inLanguage":"tr"},{"@type":"Person","@id":"https:\/\/haberkuzey.com\/#\/schema\/person\/3372109ec735f9333f4fa47ebb9605ca","name":"haberkuzey","image":{"@type":"ImageObject","inLanguage":"tr","@id":"https:\/\/secure.gravatar.com\/avatar\/f5fc875574b1575324358c3b9e6a32b8227aa5b74f3fa22e3cadb63e26fcc39c?s=96&d=mm&r=g","url":"https:\/\/secure.gravatar.com\/avatar\/f5fc875574b1575324358c3b9e6a32b8227aa5b74f3fa22e3cadb63e26fcc39c?s=96&d=mm&r=g","contentUrl":"https:\/\/secure.gravatar.com\/avatar\/f5fc875574b1575324358c3b9e6a32b8227aa5b74f3fa22e3cadb63e26fcc39c?s=96&d=mm&r=g","caption":"haberkuzey"},"sameAs":["https:\/\/haberkuzey.com"],"url":"https:\/\/haberkuzey.com\/index.php\/author\/haberkuzey\/"}]}},"_links":{"self":[{"href":"https:\/\/haberkuzey.com\/index.php\/wp-json\/wp\/v2\/posts\/36978","targetHints":{"allow":["GET"]}}],"collection":[{"href":"https:\/\/haberkuzey.com\/index.php\/wp-json\/wp\/v2\/posts"}],"about":[{"href":"https:\/\/haberkuzey.com\/index.php\/wp-json\/wp\/v2\/types\/post"}],"author":[{"embeddable":true,"href":"https:\/\/haberkuzey.com\/index.php\/wp-json\/wp\/v2\/users\/1"}],"replies":[{"embeddable":true,"href":"https:\/\/haberkuzey.com\/index.php\/wp-json\/wp\/v2\/comments?post=36978"}],"version-history":[{"count":0,"href":"https:\/\/haberkuzey.com\/index.php\/wp-json\/wp\/v2\/posts\/36978\/revisions"}],"wp:featuredmedia":[{"embeddable":true,"href":"https:\/\/haberkuzey.com\/index.php\/wp-json\/wp\/v2\/media\/36979"}],"wp:attachment":[{"href":"https:\/\/haberkuzey.com\/index.php\/wp-json\/wp\/v2\/media?parent=36978"}],"wp:term":[{"taxonomy":"category","embeddable":true,"href":"https:\/\/haberkuzey.com\/index.php\/wp-json\/wp\/v2\/categories?post=36978"},{"taxonomy":"post_tag","embeddable":true,"href":"https:\/\/haberkuzey.com\/index.php\/wp-json\/wp\/v2\/tags?post=36978"}],"curies":[{"name":"wp","href":"https:\/\/api.w.org\/{rel}","templated":true}]}}