{"id":36974,"date":"2026-05-01T03:36:23","date_gmt":"2026-05-01T00:36:23","guid":{"rendered":"https:\/\/haberkuzey.com\/index.php\/2026\/05\/01\/trumptan-almanya-sansolyesi-merze-kendi-ulkenle-ilgilen\/"},"modified":"2026-05-01T03:36:23","modified_gmt":"2026-05-01T00:36:23","slug":"trumptan-almanya-sansolyesi-merze-kendi-ulkenle-ilgilen","status":"publish","type":"post","link":"https:\/\/haberkuzey.com\/index.php\/2026\/05\/01\/trumptan-almanya-sansolyesi-merze-kendi-ulkenle-ilgilen\/","title":{"rendered":"Trump\u2019tan Almanya \u015eans\u00f6lyesi Merz\u2019e: Kendi \u00fclkenle ilgilen"},"content":{"rendered":"<p><\/p>\n<div>\n<p>&#13;<br \/>\n\tTrump, Merz\u2019in vaktini \u0130ran n\u00fckleer tehdidini ortadan kald\u0131rmaya \u00e7al\u0131\u015fanlara m\u00fcdahale etmek yerine, Ukrayna \u00e7at\u0131\u015fmas\u0131n\u0131 \u00e7\u00f6zmeye harcamas\u0131 gerekti\u011fini savundu.<\/p>\n<p>&#13;<br \/>\n\tTrump, kendisine ait Truth Social platformunda yapt\u0131\u011f\u0131 payla\u015f\u0131mda Merz\u2019in d\u0131\u015f politika performans\u0131n\u0131 &#8220;tamamen etkisiz&#8221; olarak nitelendirerek \u015fu ifadeleri kulland\u0131:<\/p>\n<p>&#13;<br \/>\n\t&#8220;Almanya \u015eans\u00f6lyesi; Rusya\/Ukrayna sava\u015f\u0131n\u0131 bitirmek (ki bu konuda tamamen etkisiz kald\u0131!) ve ba\u015fta g\u00f6\u00e7 ile enerji olmak \u00fczere kendi bozuk \u00fclkesini d\u00fczeltmek i\u00e7in daha fazla zaman harcamal\u0131. Almanya dahil t\u00fcm d\u00fcnyay\u0131 daha g\u00fcvenli bir yer haline getiren ve \u0130ran n\u00fckleer tehdidini ortadan kald\u0131ran ki\u015filere m\u00fcdahale etmeye ise daha az vakit ay\u0131rmal\u0131! Ba\u015fkan DJT.&#8221;<\/p>\n<\/p><\/div>\n","protected":false},"excerpt":{"rendered":"<p>&#13; Trump, Merz\u2019in vaktini \u0130ran n\u00fckleer tehdidini ortadan kald\u0131rmaya \u00e7al\u0131\u015fanlara m\u00fcdahale etmek yerine, Ukrayna \u00e7at\u0131\u015fmas\u0131n\u0131 \u00e7\u00f6zmeye harcamas\u0131 gerekti\u011fini savundu. &#13; Trump, kendisine ait Truth Social platformunda yapt\u0131\u011f\u0131 payla\u015f\u0131mda Merz\u2019in d\u0131\u015f politika performans\u0131n\u0131 &#8220;tamamen etkisiz&#8221; olarak nitelendirerek \u015fu ifadeleri kulland\u0131: &#13; &#8220;Almanya \u015eans\u00f6lyesi; Rusya\/Ukrayna sava\u015f\u0131n\u0131 bitirmek (ki bu konuda tamamen etkisiz kald\u0131!) ve ba\u015fta g\u00f6\u00e7 ile [&hellip;]<\/p>\n","protected":false},"author":1,"featured_media":36350,"comment_status":"open","ping_status":"open","sticky":false,"template":"","format":"standard","meta":{"jnews-multi-image_gallery":[],"jnews_single_post":[],"jnews_primary_category":[],"footnotes":""},"categories":[2],"tags":[],"class_list":["post-36974","post","type-post","status-publish","format-standard","has-post-thumbnail","hentry","category-dunya"],"yoast_head":"<!-- This site is optimized with the Yoast SEO plugin v27.5 - https:\/\/yoast.com\/product\/yoast-seo-wordpress\/ -->\n<title>Trump\u2019tan Almanya \u015eans\u00f6lyesi Merz\u2019e: Kendi \u00fclkenle ilgilen - Haber Kuzey<\/title>\n<meta name=\"robots\" content=\"index, follow, max-snippet:-1, max-image-preview:large, max-video-preview:-1\" \/>\n<link rel=\"canonical\" href=\"https:\/\/haberkuzey.com\/index.php\/2026\/05\/01\/trumptan-almanya-sansolyesi-merze-kendi-ulkenle-ilgilen\/\" \/>\n<meta property=\"og:locale\" content=\"tr_TR\" \/>\n<meta property=\"og:type\" content=\"article\" \/>\n<meta property=\"og:title\" content=\"Trump\u2019tan Almanya \u015eans\u00f6lyesi Merz\u2019e: Kendi \u00fclkenle ilgilen - Haber Kuzey\" \/>\n<meta property=\"og:description\" content=\"&#013; Trump, Merz\u2019in vaktini \u0130ran n\u00fckleer tehdidini ortadan kald\u0131rmaya \u00e7al\u0131\u015fanlara m\u00fcdahale etmek yerine, Ukrayna \u00e7at\u0131\u015fmas\u0131n\u0131 \u00e7\u00f6zmeye harcamas\u0131 gerekti\u011fini savundu. &#013; Trump, kendisine ait Truth Social platformunda yapt\u0131\u011f\u0131 payla\u015f\u0131mda Merz\u2019in d\u0131\u015f politika performans\u0131n\u0131 &#8220;tamamen etkisiz&#8221; olarak nitelendirerek \u015fu ifadeleri kulland\u0131: &#013; &#8220;Almanya \u015eans\u00f6lyesi; Rusya\/Ukrayna sava\u015f\u0131n\u0131 bitirmek (ki bu konuda tamamen etkisiz kald\u0131!) ve ba\u015fta g\u00f6\u00e7 ile [&hellip;]\" \/>\n<meta property=\"og:url\" content=\"https:\/\/haberkuzey.com\/index.php\/2026\/05\/01\/trumptan-almanya-sansolyesi-merze-kendi-ulkenle-ilgilen\/\" \/>\n<meta property=\"og:site_name\" content=\"Haber Kuzey\" \/>\n<meta property=\"article:published_time\" content=\"2026-05-01T00:36:23+00:00\" \/>\n<meta property=\"og:image\" content=\"https:\/\/trthaberstatic.cdn.wp.trt.com.tr\/resimler\/2446000\/trump-re-2446909.jpg\" \/>\n<meta name=\"author\" content=\"haberkuzey\" \/>\n<meta name=\"twitter:card\" content=\"summary_large_image\" \/>\n<meta name=\"twitter:label1\" content=\"Yazan:\" \/>\n\t<meta name=\"twitter:data1\" content=\"haberkuzey\" \/>\n\t<meta name=\"twitter:label2\" content=\"Tahmini okuma s\u00fcresi\" \/>\n\t<meta name=\"twitter:data2\" content=\"1 dakika\" \/>\n<script type=\"application\/ld+json\" class=\"yoast-schema-graph\">{\"@context\":\"https:\\\/\\\/schema.org\",\"@graph\":[{\"@type\":\"Article\",\"@id\":\"https:\\\/\\\/haberkuzey.com\\\/index.php\\\/2026\\\/05\\\/01\\\/trumptan-almanya-sansolyesi-merze-kendi-ulkenle-ilgilen\\\/#article\",\"isPartOf\":{\"@id\":\"https:\\\/\\\/haberkuzey.com\\\/index.php\\\/2026\\\/05\\\/01\\\/trumptan-almanya-sansolyesi-merze-kendi-ulkenle-ilgilen\\\/\"},\"author\":{\"name\":\"haberkuzey\",\"@id\":\"https:\\\/\\\/haberkuzey.com\\\/#\\\/schema\\\/person\\\/3372109ec735f9333f4fa47ebb9605ca\"},\"headline\":\"Trump\u2019tan Almanya \u015eans\u00f6lyesi Merz\u2019e: Kendi \u00fclkenle ilgilen\",\"datePublished\":\"2026-05-01T00:36:23+00:00\",\"mainEntityOfPage\":{\"@id\":\"https:\\\/\\\/haberkuzey.com\\\/index.php\\\/2026\\\/05\\\/01\\\/trumptan-almanya-sansolyesi-merze-kendi-ulkenle-ilgilen\\\/\"},\"wordCount\":126,\"commentCount\":0,\"image\":{\"@id\":\"https:\\\/\\\/haberkuzey.com\\\/index.php\\\/2026\\\/05\\\/01\\\/trumptan-almanya-sansolyesi-merze-kendi-ulkenle-ilgilen\\\/#primaryimage\"},\"thumbnailUrl\":\"https:\\\/\\\/haberkuzey.com\\\/wp-content\\\/uploads\\\/2026\\\/04\\\/trump-re-2446909.jpg\",\"articleSection\":[\"D\u00fcnya\"],\"inLanguage\":\"tr\",\"potentialAction\":[{\"@type\":\"CommentAction\",\"name\":\"Comment\",\"target\":[\"https:\\\/\\\/haberkuzey.com\\\/index.php\\\/2026\\\/05\\\/01\\\/trumptan-almanya-sansolyesi-merze-kendi-ulkenle-ilgilen\\\/#respond\"]}]},{\"@type\":\"WebPage\",\"@id\":\"https:\\\/\\\/haberkuzey.com\\\/index.php\\\/2026\\\/05\\\/01\\\/trumptan-almanya-sansolyesi-merze-kendi-ulkenle-ilgilen\\\/\",\"url\":\"https:\\\/\\\/haberkuzey.com\\\/index.php\\\/2026\\\/05\\\/01\\\/trumptan-almanya-sansolyesi-merze-kendi-ulkenle-ilgilen\\\/\",\"name\":\"Trump\u2019tan Almanya \u015eans\u00f6lyesi Merz\u2019e: Kendi \u00fclkenle ilgilen - Haber Kuzey\",\"isPartOf\":{\"@id\":\"https:\\\/\\\/haberkuzey.com\\\/#website\"},\"primaryImageOfPage\":{\"@id\":\"https:\\\/\\\/haberkuzey.com\\\/index.php\\\/2026\\\/05\\\/01\\\/trumptan-almanya-sansolyesi-merze-kendi-ulkenle-ilgilen\\\/#primaryimage\"},\"image\":{\"@id\":\"https:\\\/\\\/haberkuzey.com\\\/index.php\\\/2026\\\/05\\\/01\\\/trumptan-almanya-sansolyesi-merze-kendi-ulkenle-ilgilen\\\/#primaryimage\"},\"thumbnailUrl\":\"https:\\\/\\\/haberkuzey.com\\\/wp-content\\\/uploads\\\/2026\\\/04\\\/trump-re-2446909.jpg\",\"datePublished\":\"2026-05-01T00:36:23+00:00\",\"author\":{\"@id\":\"https:\\\/\\\/haberkuzey.com\\\/#\\\/schema\\\/person\\\/3372109ec735f9333f4fa47ebb9605ca\"},\"breadcrumb\":{\"@id\":\"https:\\\/\\\/haberkuzey.com\\\/index.php\\\/2026\\\/05\\\/01\\\/trumptan-almanya-sansolyesi-merze-kendi-ulkenle-ilgilen\\\/#breadcrumb\"},\"inLanguage\":\"tr\",\"potentialAction\":[{\"@type\":\"ReadAction\",\"target\":[\"https:\\\/\\\/haberkuzey.com\\\/index.php\\\/2026\\\/05\\\/01\\\/trumptan-almanya-sansolyesi-merze-kendi-ulkenle-ilgilen\\\/\"]}]},{\"@type\":\"ImageObject\",\"inLanguage\":\"tr\",\"@id\":\"https:\\\/\\\/haberkuzey.com\\\/index.php\\\/2026\\\/05\\\/01\\\/trumptan-almanya-sansolyesi-merze-kendi-ulkenle-ilgilen\\\/#primaryimage\",\"url\":\"https:\\\/\\\/haberkuzey.com\\\/wp-content\\\/uploads\\\/2026\\\/04\\\/trump-re-2446909.jpg\",\"contentUrl\":\"https:\\\/\\\/haberkuzey.com\\\/wp-content\\\/uploads\\\/2026\\\/04\\\/trump-re-2446909.jpg\",\"width\":1280,\"height\":720},{\"@type\":\"BreadcrumbList\",\"@id\":\"https:\\\/\\\/haberkuzey.com\\\/index.php\\\/2026\\\/05\\\/01\\\/trumptan-almanya-sansolyesi-merze-kendi-ulkenle-ilgilen\\\/#breadcrumb\",\"itemListElement\":[{\"@type\":\"ListItem\",\"position\":1,\"name\":\"Anasayfa\",\"item\":\"https:\\\/\\\/haberkuzey.com\\\/\"},{\"@type\":\"ListItem\",\"position\":2,\"name\":\"Trump\u2019tan Almanya \u015eans\u00f6lyesi Merz\u2019e: Kendi \u00fclkenle ilgilen\"}]},{\"@type\":\"WebSite\",\"@id\":\"https:\\\/\\\/haberkuzey.com\\\/#website\",\"url\":\"https:\\\/\\\/haberkuzey.com\\\/\",\"name\":\"Haber Kuzey\",\"description\":\"Do\u011fru Haberin Adresi\",\"potentialAction\":[{\"@type\":\"SearchAction\",\"target\":{\"@type\":\"EntryPoint\",\"urlTemplate\":\"https:\\\/\\\/haberkuzey.com\\\/?s={search_term_string}\"},\"query-input\":{\"@type\":\"PropertyValueSpecification\",\"valueRequired\":true,\"valueName\":\"search_term_string\"}}],\"inLanguage\":\"tr\"},{\"@type\":\"Person\",\"@id\":\"https:\\\/\\\/haberkuzey.com\\\/#\\\/schema\\\/person\\\/3372109ec735f9333f4fa47ebb9605ca\",\"name\":\"haberkuzey\",\"image\":{\"@type\":\"ImageObject\",\"inLanguage\":\"tr\",\"@id\":\"https:\\\/\\\/secure.gravatar.com\\\/avatar\\\/f5fc875574b1575324358c3b9e6a32b8227aa5b74f3fa22e3cadb63e26fcc39c?s=96&d=mm&r=g\",\"url\":\"https:\\\/\\\/secure.gravatar.com\\\/avatar\\\/f5fc875574b1575324358c3b9e6a32b8227aa5b74f3fa22e3cadb63e26fcc39c?s=96&d=mm&r=g\",\"contentUrl\":\"https:\\\/\\\/secure.gravatar.com\\\/avatar\\\/f5fc875574b1575324358c3b9e6a32b8227aa5b74f3fa22e3cadb63e26fcc39c?s=96&d=mm&r=g\",\"caption\":\"haberkuzey\"},\"sameAs\":[\"https:\\\/\\\/haberkuzey.com\"],\"url\":\"https:\\\/\\\/haberkuzey.com\\\/index.php\\\/author\\\/haberkuzey\\\/\"}]}<\/script>\n<!-- \/ Yoast SEO plugin. -->","yoast_head_json":{"title":"Trump\u2019tan Almanya \u015eans\u00f6lyesi Merz\u2019e: Kendi \u00fclkenle ilgilen - Haber Kuzey","robots":{"index":"index","follow":"follow","max-snippet":"max-snippet:-1","max-image-preview":"max-image-preview:large","max-video-preview":"max-video-preview:-1"},"canonical":"https:\/\/haberkuzey.com\/index.php\/2026\/05\/01\/trumptan-almanya-sansolyesi-merze-kendi-ulkenle-ilgilen\/","og_locale":"tr_TR","og_type":"article","og_title":"Trump\u2019tan Almanya \u015eans\u00f6lyesi Merz\u2019e: Kendi \u00fclkenle ilgilen - Haber Kuzey","og_description":"&#13; Trump, Merz\u2019in vaktini \u0130ran n\u00fckleer tehdidini ortadan kald\u0131rmaya \u00e7al\u0131\u015fanlara m\u00fcdahale etmek yerine, Ukrayna \u00e7at\u0131\u015fmas\u0131n\u0131 \u00e7\u00f6zmeye harcamas\u0131 gerekti\u011fini savundu. &#13; Trump, kendisine ait Truth Social platformunda yapt\u0131\u011f\u0131 payla\u015f\u0131mda Merz\u2019in d\u0131\u015f politika performans\u0131n\u0131 &#8220;tamamen etkisiz&#8221; olarak nitelendirerek \u015fu ifadeleri kulland\u0131: &#13; &#8220;Almanya \u015eans\u00f6lyesi; Rusya\/Ukrayna sava\u015f\u0131n\u0131 bitirmek (ki bu konuda tamamen etkisiz kald\u0131!) ve ba\u015fta g\u00f6\u00e7 ile [&hellip;]","og_url":"https:\/\/haberkuzey.com\/index.php\/2026\/05\/01\/trumptan-almanya-sansolyesi-merze-kendi-ulkenle-ilgilen\/","og_site_name":"Haber Kuzey","article_published_time":"2026-05-01T00:36:23+00:00","og_image":[{"url":"https:\/\/trthaberstatic.cdn.wp.trt.com.tr\/resimler\/2446000\/trump-re-2446909.jpg","type":"","width":"","height":""}],"author":"haberkuzey","twitter_card":"summary_large_image","twitter_misc":{"Yazan:":"haberkuzey","Tahmini okuma s\u00fcresi":"1 dakika"},"schema":{"@context":"https:\/\/schema.org","@graph":[{"@type":"Article","@id":"https:\/\/haberkuzey.com\/index.php\/2026\/05\/01\/trumptan-almanya-sansolyesi-merze-kendi-ulkenle-ilgilen\/#article","isPartOf":{"@id":"https:\/\/haberkuzey.com\/index.php\/2026\/05\/01\/trumptan-almanya-sansolyesi-merze-kendi-ulkenle-ilgilen\/"},"author":{"name":"haberkuzey","@id":"https:\/\/haberkuzey.com\/#\/schema\/person\/3372109ec735f9333f4fa47ebb9605ca"},"headline":"Trump\u2019tan Almanya \u015eans\u00f6lyesi Merz\u2019e: Kendi \u00fclkenle ilgilen","datePublished":"2026-05-01T00:36:23+00:00","mainEntityOfPage":{"@id":"https:\/\/haberkuzey.com\/index.php\/2026\/05\/01\/trumptan-almanya-sansolyesi-merze-kendi-ulkenle-ilgilen\/"},"wordCount":126,"commentCount":0,"image":{"@id":"https:\/\/haberkuzey.com\/index.php\/2026\/05\/01\/trumptan-almanya-sansolyesi-merze-kendi-ulkenle-ilgilen\/#primaryimage"},"thumbnailUrl":"https:\/\/haberkuzey.com\/wp-content\/uploads\/2026\/04\/trump-re-2446909.jpg","articleSection":["D\u00fcnya"],"inLanguage":"tr","potentialAction":[{"@type":"CommentAction","name":"Comment","target":["https:\/\/haberkuzey.com\/index.php\/2026\/05\/01\/trumptan-almanya-sansolyesi-merze-kendi-ulkenle-ilgilen\/#respond"]}]},{"@type":"WebPage","@id":"https:\/\/haberkuzey.com\/index.php\/2026\/05\/01\/trumptan-almanya-sansolyesi-merze-kendi-ulkenle-ilgilen\/","url":"https:\/\/haberkuzey.com\/index.php\/2026\/05\/01\/trumptan-almanya-sansolyesi-merze-kendi-ulkenle-ilgilen\/","name":"Trump\u2019tan Almanya \u015eans\u00f6lyesi Merz\u2019e: Kendi \u00fclkenle ilgilen - Haber Kuzey","isPartOf":{"@id":"https:\/\/haberkuzey.com\/#website"},"primaryImageOfPage":{"@id":"https:\/\/haberkuzey.com\/index.php\/2026\/05\/01\/trumptan-almanya-sansolyesi-merze-kendi-ulkenle-ilgilen\/#primaryimage"},"image":{"@id":"https:\/\/haberkuzey.com\/index.php\/2026\/05\/01\/trumptan-almanya-sansolyesi-merze-kendi-ulkenle-ilgilen\/#primaryimage"},"thumbnailUrl":"https:\/\/haberkuzey.com\/wp-content\/uploads\/2026\/04\/trump-re-2446909.jpg","datePublished":"2026-05-01T00:36:23+00:00","author":{"@id":"https:\/\/haberkuzey.com\/#\/schema\/person\/3372109ec735f9333f4fa47ebb9605ca"},"breadcrumb":{"@id":"https:\/\/haberkuzey.com\/index.php\/2026\/05\/01\/trumptan-almanya-sansolyesi-merze-kendi-ulkenle-ilgilen\/#breadcrumb"},"inLanguage":"tr","potentialAction":[{"@type":"ReadAction","target":["https:\/\/haberkuzey.com\/index.php\/2026\/05\/01\/trumptan-almanya-sansolyesi-merze-kendi-ulkenle-ilgilen\/"]}]},{"@type":"ImageObject","inLanguage":"tr","@id":"https:\/\/haberkuzey.com\/index.php\/2026\/05\/01\/trumptan-almanya-sansolyesi-merze-kendi-ulkenle-ilgilen\/#primaryimage","url":"https:\/\/haberkuzey.com\/wp-content\/uploads\/2026\/04\/trump-re-2446909.jpg","contentUrl":"https:\/\/haberkuzey.com\/wp-content\/uploads\/2026\/04\/trump-re-2446909.jpg","width":1280,"height":720},{"@type":"BreadcrumbList","@id":"https:\/\/haberkuzey.com\/index.php\/2026\/05\/01\/trumptan-almanya-sansolyesi-merze-kendi-ulkenle-ilgilen\/#breadcrumb","itemListElement":[{"@type":"ListItem","position":1,"name":"Anasayfa","item":"https:\/\/haberkuzey.com\/"},{"@type":"ListItem","position":2,"name":"Trump\u2019tan Almanya \u015eans\u00f6lyesi Merz\u2019e: Kendi \u00fclkenle ilgilen"}]},{"@type":"WebSite","@id":"https:\/\/haberkuzey.com\/#website","url":"https:\/\/haberkuzey.com\/","name":"Haber Kuzey","description":"Do\u011fru Haberin Adresi","potentialAction":[{"@type":"SearchAction","target":{"@type":"EntryPoint","urlTemplate":"https:\/\/haberkuzey.com\/?s={search_term_string}"},"query-input":{"@type":"PropertyValueSpecification","valueRequired":true,"valueName":"search_term_string"}}],"inLanguage":"tr"},{"@type":"Person","@id":"https:\/\/haberkuzey.com\/#\/schema\/person\/3372109ec735f9333f4fa47ebb9605ca","name":"haberkuzey","image":{"@type":"ImageObject","inLanguage":"tr","@id":"https:\/\/secure.gravatar.com\/avatar\/f5fc875574b1575324358c3b9e6a32b8227aa5b74f3fa22e3cadb63e26fcc39c?s=96&d=mm&r=g","url":"https:\/\/secure.gravatar.com\/avatar\/f5fc875574b1575324358c3b9e6a32b8227aa5b74f3fa22e3cadb63e26fcc39c?s=96&d=mm&r=g","contentUrl":"https:\/\/secure.gravatar.com\/avatar\/f5fc875574b1575324358c3b9e6a32b8227aa5b74f3fa22e3cadb63e26fcc39c?s=96&d=mm&r=g","caption":"haberkuzey"},"sameAs":["https:\/\/haberkuzey.com"],"url":"https:\/\/haberkuzey.com\/index.php\/author\/haberkuzey\/"}]}},"_links":{"self":[{"href":"https:\/\/haberkuzey.com\/index.php\/wp-json\/wp\/v2\/posts\/36974","targetHints":{"allow":["GET"]}}],"collection":[{"href":"https:\/\/haberkuzey.com\/index.php\/wp-json\/wp\/v2\/posts"}],"about":[{"href":"https:\/\/haberkuzey.com\/index.php\/wp-json\/wp\/v2\/types\/post"}],"author":[{"embeddable":true,"href":"https:\/\/haberkuzey.com\/index.php\/wp-json\/wp\/v2\/users\/1"}],"replies":[{"embeddable":true,"href":"https:\/\/haberkuzey.com\/index.php\/wp-json\/wp\/v2\/comments?post=36974"}],"version-history":[{"count":0,"href":"https:\/\/haberkuzey.com\/index.php\/wp-json\/wp\/v2\/posts\/36974\/revisions"}],"wp:featuredmedia":[{"embeddable":true,"href":"https:\/\/haberkuzey.com\/index.php\/wp-json\/wp\/v2\/media\/36350"}],"wp:attachment":[{"href":"https:\/\/haberkuzey.com\/index.php\/wp-json\/wp\/v2\/media?parent=36974"}],"wp:term":[{"taxonomy":"category","embeddable":true,"href":"https:\/\/haberkuzey.com\/index.php\/wp-json\/wp\/v2\/categories?post=36974"},{"taxonomy":"post_tag","embeddable":true,"href":"https:\/\/haberkuzey.com\/index.php\/wp-json\/wp\/v2\/tags?post=36974"}],"curies":[{"name":"wp","href":"https:\/\/api.w.org\/{rel}","templated":true}]}}