{"id":36973,"date":"2026-05-01T02:35:52","date_gmt":"2026-04-30T23:35:52","guid":{"rendered":"https:\/\/haberkuzey.com\/index.php\/2026\/05\/01\/hegseth-iranla-savasin-onaysiz-devam-edebilecegini-savundu\/"},"modified":"2026-05-01T02:35:52","modified_gmt":"2026-04-30T23:35:52","slug":"hegseth-iranla-savasin-onaysiz-devam-edebilecegini-savundu","status":"publish","type":"post","link":"https:\/\/haberkuzey.com\/index.php\/2026\/05\/01\/hegseth-iranla-savasin-onaysiz-devam-edebilecegini-savundu\/","title":{"rendered":"Hegseth, \u0130ran\u2019la sava\u015f\u0131n onays\u0131z devam edebilece\u011fini savundu"},"content":{"rendered":"<p><\/p>\n<div>\n<p>&#13;<br \/>\n\tHegseth, Genelkurmay Ba\u015fkan\u0131 Dan Caine ile Pentagon\u2019un 2027 mali y\u0131l\u0131 i\u00e7in rekor d\u00fczeydeki b\u00fct\u00e7e talebiyle ilgili ABD Senato Silahl\u0131 Kuvvetler Komitesinde sorular\u0131 cevapland\u0131rd\u0131.<\/p>\n<p>&#13;<br \/>\n\tSenato Silahl\u0131 Kuvvetler Komitesi \u00f6n\u00fcndeki ifadesi s\u0131ras\u0131nda Orta Do\u011fu&#8217;da devam eden sava\u015fa de\u011finen Hegseth, ABD ile \u0130ran aras\u0131ndaki ate\u015fkes nedeniyle Kongrenin onay\u0131 olmadan \u0130ran&#8217;la s\u00fcresiz sava\u015f halinde kalabilece\u011fini savundu.<\/p>\n<p>&#13;<br \/>\n\tHegseth, 2 Mart&#8217;ta ba\u015flayan 60 g\u00fcnl\u00fck s\u00fcre konusunda \u0131srarla y\u00f6neltilen sorulara yan\u0131t olarak sava\u015f\u0131n ne zaman sona erece\u011fine ve Kongreden ne zaman yetki al\u0131nmas\u0131 gerekti\u011fine dair nihai karar\u0131n, &#8220;Beyaz Saray&#8217;a ait oldu\u011funu&#8221; s\u00f6yledi.<\/p>\n<p>&#13;<br \/>\n\tSavunma Bakan\u0131, &#8220;\u015eu anda ate\u015fkes halindeyiz ve anlad\u0131\u011f\u0131m\u0131z kadar\u0131yla 60 g\u00fcnl\u00fck s\u00fcre ate\u015fkes d\u00f6neminde durduruluyor.&#8221; dedi.<\/p>\n<p>&#13;<br \/>\n\tABD&#8217;nin sava\u015ftan \u00e7ekilmesi i\u00e7in tan\u0131nan 60 g\u00fcnl\u00fck yasal s\u00fcreyi ge\u00e7ersiz k\u0131ld\u0131\u011f\u0131 y\u00f6n\u00fcndeki genel iddias\u0131, Demokrat senat\u00f6rlerin tepkisini \u00e7ekti ve itirazlara yol a\u00e7t\u0131.<\/p>\n<p>&#13;<br \/>\n\tSenato Silahl\u0131 Kuvvetler Komitesinin Demokrat \u00fcyeleri, mevcut yasan\u0131n Beyaz Saray&#8217;\u0131n ya cuma g\u00fcn\u00fc b\u00f6lgeden asker \u00e7ekmeye ba\u015flamas\u0131n\u0131 ya da iki ayd\u0131r devam eden sava\u015f i\u00e7in Kongrenin onay\u0131n\u0131 almas\u0131n\u0131 zorunlu k\u0131ld\u0131\u011f\u0131n\u0131 belirtti.<\/p>\n<h2>&#13;<br \/>\n\t&#8220;Burada ciddi anayasal endi\u015felerimiz var&#8221;<\/h2>\n<p>&#13;<br \/>\n\tHegseth&#8217;e bu konuda tepki g\u00f6sterenlerin aras\u0131nda yer alan Virginia Senat\u00f6r\u00fc Tim Kaine, &#8220;Bu, y\u00f6netim i\u00e7in ger\u00e7ekten \u00f6nemli bir hukuki soru ortaya \u00e7\u0131karacak. Burada ciddi anayasal endi\u015felerimiz var.&#8221; ifadelerini kulland\u0131.<\/p>\n<p>&#13;<br \/>\n\tKaine&#8217;i destekleyen Massachusetts Senat\u00f6r\u00fc Elizabeth Warren, &#8220;Sava\u015f eylemleri aras\u0131nda abluka da yer al\u0131r. ABD Donanmas\u0131, H\u00fcrm\u00fcz Bo\u011faz\u0131&#8217;n\u0131 abluka alt\u0131na alm\u0131\u015ft\u0131r.&#8221; diyerek, ate\u015fkes s\u00fcresinde de asl\u0131nda sava\u015f\u0131n devam etti\u011fi g\u00f6r\u00fc\u015f\u00fcn\u00fc savundu.<\/p>\n<p>&#13;<br \/>\n\tABD&#8217;de 1973 tarihli Sava\u015f Yetkileri Karar\u0131, birlik konu\u015fland\u0131rmas\u0131 veya sald\u0131r\u0131lar\u0131ndan sonraki 48 saat i\u00e7inde y\u00f6netimin Kongreye dan\u0131\u015fmas\u0131n\u0131 ve yasa koyucular operasyonlar\u0131n devam\u0131na izin vermedik\u00e7e 60 g\u00fcn i\u00e7inde geri \u00e7ekilmeyi zorunlu k\u0131lmaktad\u0131r.<\/p>\n<p>&#13;<br \/>\n\tAyn\u0131 karara g\u00f6re ABD h\u00fck\u00fcmeti, askeri kuvvetlerin geri \u00e7ekilmesine yard\u0131mc\u0131 olmak i\u00e7in bu s\u00fcreyi 30 g\u00fcn daha uzatabilir.<\/p>\n<\/p><\/div>\n","protected":false},"excerpt":{"rendered":"<p>&#13; Hegseth, Genelkurmay Ba\u015fkan\u0131 Dan Caine ile Pentagon\u2019un 2027 mali y\u0131l\u0131 i\u00e7in rekor d\u00fczeydeki b\u00fct\u00e7e talebiyle ilgili ABD Senato Silahl\u0131 Kuvvetler Komitesinde sorular\u0131 cevapland\u0131rd\u0131. &#13; Senato Silahl\u0131 Kuvvetler Komitesi \u00f6n\u00fcndeki ifadesi s\u0131ras\u0131nda Orta Do\u011fu&#8217;da devam eden sava\u015fa de\u011finen Hegseth, ABD ile \u0130ran aras\u0131ndaki ate\u015fkes nedeniyle Kongrenin onay\u0131 olmadan \u0130ran&#8217;la s\u00fcresiz sava\u015f halinde kalabilece\u011fini savundu. &#13; [&hellip;]<\/p>\n","protected":false},"author":1,"featured_media":30131,"comment_status":"open","ping_status":"open","sticky":false,"template":"","format":"standard","meta":{"jnews-multi-image_gallery":[],"jnews_single_post":[],"jnews_primary_category":[],"footnotes":""},"categories":[2],"tags":[],"class_list":["post-36973","post","type-post","status-publish","format-standard","has-post-thumbnail","hentry","category-dunya"],"yoast_head":"<!-- This site is optimized with the Yoast SEO plugin v27.5 - https:\/\/yoast.com\/product\/yoast-seo-wordpress\/ -->\n<title>Hegseth, \u0130ran\u2019la sava\u015f\u0131n onays\u0131z devam edebilece\u011fini savundu - Haber Kuzey<\/title>\n<meta name=\"robots\" content=\"index, follow, max-snippet:-1, max-image-preview:large, max-video-preview:-1\" \/>\n<link rel=\"canonical\" href=\"https:\/\/haberkuzey.com\/index.php\/2026\/05\/01\/hegseth-iranla-savasin-onaysiz-devam-edebilecegini-savundu\/\" \/>\n<meta property=\"og:locale\" content=\"tr_TR\" \/>\n<meta property=\"og:type\" content=\"article\" \/>\n<meta property=\"og:title\" content=\"Hegseth, \u0130ran\u2019la sava\u015f\u0131n onays\u0131z devam edebilece\u011fini savundu - Haber Kuzey\" \/>\n<meta property=\"og:description\" content=\"&#013; Hegseth, Genelkurmay Ba\u015fkan\u0131 Dan Caine ile Pentagon\u2019un 2027 mali y\u0131l\u0131 i\u00e7in rekor d\u00fczeydeki b\u00fct\u00e7e talebiyle ilgili ABD Senato Silahl\u0131 Kuvvetler Komitesinde sorular\u0131 cevapland\u0131rd\u0131. &#013; Senato Silahl\u0131 Kuvvetler Komitesi \u00f6n\u00fcndeki ifadesi s\u0131ras\u0131nda Orta Do\u011fu&#8217;da devam eden sava\u015fa de\u011finen Hegseth, ABD ile \u0130ran aras\u0131ndaki ate\u015fkes nedeniyle Kongrenin onay\u0131 olmadan \u0130ran&#8217;la s\u00fcresiz sava\u015f halinde kalabilece\u011fini savundu. &#013; [&hellip;]\" \/>\n<meta property=\"og:url\" content=\"https:\/\/haberkuzey.com\/index.php\/2026\/05\/01\/hegseth-iranla-savasin-onaysiz-devam-edebilecegini-savundu\/\" \/>\n<meta property=\"og:site_name\" content=\"Haber Kuzey\" \/>\n<meta property=\"article:published_time\" content=\"2026-04-30T23:35:52+00:00\" \/>\n<meta property=\"og:image\" content=\"https:\/\/trthaberstatic.cdn.wp.trt.com.tr\/resimler\/2338000\/pete-hegseth-aa-2339520.jpg\" \/>\n<meta name=\"author\" content=\"haberkuzey\" \/>\n<meta name=\"twitter:card\" content=\"summary_large_image\" \/>\n<meta name=\"twitter:label1\" content=\"Yazan:\" \/>\n\t<meta name=\"twitter:data1\" content=\"haberkuzey\" \/>\n\t<meta name=\"twitter:label2\" content=\"Tahmini okuma s\u00fcresi\" \/>\n\t<meta name=\"twitter:data2\" content=\"2 dakika\" \/>\n<script type=\"application\/ld+json\" class=\"yoast-schema-graph\">{\"@context\":\"https:\\\/\\\/schema.org\",\"@graph\":[{\"@type\":\"Article\",\"@id\":\"https:\\\/\\\/haberkuzey.com\\\/index.php\\\/2026\\\/05\\\/01\\\/hegseth-iranla-savasin-onaysiz-devam-edebilecegini-savundu\\\/#article\",\"isPartOf\":{\"@id\":\"https:\\\/\\\/haberkuzey.com\\\/index.php\\\/2026\\\/05\\\/01\\\/hegseth-iranla-savasin-onaysiz-devam-edebilecegini-savundu\\\/\"},\"author\":{\"name\":\"haberkuzey\",\"@id\":\"https:\\\/\\\/haberkuzey.com\\\/#\\\/schema\\\/person\\\/3372109ec735f9333f4fa47ebb9605ca\"},\"headline\":\"Hegseth, \u0130ran\u2019la sava\u015f\u0131n onays\u0131z devam edebilece\u011fini savundu\",\"datePublished\":\"2026-04-30T23:35:52+00:00\",\"mainEntityOfPage\":{\"@id\":\"https:\\\/\\\/haberkuzey.com\\\/index.php\\\/2026\\\/05\\\/01\\\/hegseth-iranla-savasin-onaysiz-devam-edebilecegini-savundu\\\/\"},\"wordCount\":389,\"commentCount\":0,\"image\":{\"@id\":\"https:\\\/\\\/haberkuzey.com\\\/index.php\\\/2026\\\/05\\\/01\\\/hegseth-iranla-savasin-onaysiz-devam-edebilecegini-savundu\\\/#primaryimage\"},\"thumbnailUrl\":\"https:\\\/\\\/haberkuzey.com\\\/wp-content\\\/uploads\\\/2025\\\/10\\\/pete-hegseth-aa-2339520.jpg\",\"articleSection\":[\"D\u00fcnya\"],\"inLanguage\":\"tr\",\"potentialAction\":[{\"@type\":\"CommentAction\",\"name\":\"Comment\",\"target\":[\"https:\\\/\\\/haberkuzey.com\\\/index.php\\\/2026\\\/05\\\/01\\\/hegseth-iranla-savasin-onaysiz-devam-edebilecegini-savundu\\\/#respond\"]}]},{\"@type\":\"WebPage\",\"@id\":\"https:\\\/\\\/haberkuzey.com\\\/index.php\\\/2026\\\/05\\\/01\\\/hegseth-iranla-savasin-onaysiz-devam-edebilecegini-savundu\\\/\",\"url\":\"https:\\\/\\\/haberkuzey.com\\\/index.php\\\/2026\\\/05\\\/01\\\/hegseth-iranla-savasin-onaysiz-devam-edebilecegini-savundu\\\/\",\"name\":\"Hegseth, \u0130ran\u2019la sava\u015f\u0131n onays\u0131z devam edebilece\u011fini savundu - Haber Kuzey\",\"isPartOf\":{\"@id\":\"https:\\\/\\\/haberkuzey.com\\\/#website\"},\"primaryImageOfPage\":{\"@id\":\"https:\\\/\\\/haberkuzey.com\\\/index.php\\\/2026\\\/05\\\/01\\\/hegseth-iranla-savasin-onaysiz-devam-edebilecegini-savundu\\\/#primaryimage\"},\"image\":{\"@id\":\"https:\\\/\\\/haberkuzey.com\\\/index.php\\\/2026\\\/05\\\/01\\\/hegseth-iranla-savasin-onaysiz-devam-edebilecegini-savundu\\\/#primaryimage\"},\"thumbnailUrl\":\"https:\\\/\\\/haberkuzey.com\\\/wp-content\\\/uploads\\\/2025\\\/10\\\/pete-hegseth-aa-2339520.jpg\",\"datePublished\":\"2026-04-30T23:35:52+00:00\",\"author\":{\"@id\":\"https:\\\/\\\/haberkuzey.com\\\/#\\\/schema\\\/person\\\/3372109ec735f9333f4fa47ebb9605ca\"},\"breadcrumb\":{\"@id\":\"https:\\\/\\\/haberkuzey.com\\\/index.php\\\/2026\\\/05\\\/01\\\/hegseth-iranla-savasin-onaysiz-devam-edebilecegini-savundu\\\/#breadcrumb\"},\"inLanguage\":\"tr\",\"potentialAction\":[{\"@type\":\"ReadAction\",\"target\":[\"https:\\\/\\\/haberkuzey.com\\\/index.php\\\/2026\\\/05\\\/01\\\/hegseth-iranla-savasin-onaysiz-devam-edebilecegini-savundu\\\/\"]}]},{\"@type\":\"ImageObject\",\"inLanguage\":\"tr\",\"@id\":\"https:\\\/\\\/haberkuzey.com\\\/index.php\\\/2026\\\/05\\\/01\\\/hegseth-iranla-savasin-onaysiz-devam-edebilecegini-savundu\\\/#primaryimage\",\"url\":\"https:\\\/\\\/haberkuzey.com\\\/wp-content\\\/uploads\\\/2025\\\/10\\\/pete-hegseth-aa-2339520.jpg\",\"contentUrl\":\"https:\\\/\\\/haberkuzey.com\\\/wp-content\\\/uploads\\\/2025\\\/10\\\/pete-hegseth-aa-2339520.jpg\",\"width\":1280,\"height\":720},{\"@type\":\"BreadcrumbList\",\"@id\":\"https:\\\/\\\/haberkuzey.com\\\/index.php\\\/2026\\\/05\\\/01\\\/hegseth-iranla-savasin-onaysiz-devam-edebilecegini-savundu\\\/#breadcrumb\",\"itemListElement\":[{\"@type\":\"ListItem\",\"position\":1,\"name\":\"Anasayfa\",\"item\":\"https:\\\/\\\/haberkuzey.com\\\/\"},{\"@type\":\"ListItem\",\"position\":2,\"name\":\"Hegseth, \u0130ran\u2019la sava\u015f\u0131n onays\u0131z devam edebilece\u011fini savundu\"}]},{\"@type\":\"WebSite\",\"@id\":\"https:\\\/\\\/haberkuzey.com\\\/#website\",\"url\":\"https:\\\/\\\/haberkuzey.com\\\/\",\"name\":\"Haber Kuzey\",\"description\":\"Do\u011fru Haberin Adresi\",\"potentialAction\":[{\"@type\":\"SearchAction\",\"target\":{\"@type\":\"EntryPoint\",\"urlTemplate\":\"https:\\\/\\\/haberkuzey.com\\\/?s={search_term_string}\"},\"query-input\":{\"@type\":\"PropertyValueSpecification\",\"valueRequired\":true,\"valueName\":\"search_term_string\"}}],\"inLanguage\":\"tr\"},{\"@type\":\"Person\",\"@id\":\"https:\\\/\\\/haberkuzey.com\\\/#\\\/schema\\\/person\\\/3372109ec735f9333f4fa47ebb9605ca\",\"name\":\"haberkuzey\",\"image\":{\"@type\":\"ImageObject\",\"inLanguage\":\"tr\",\"@id\":\"https:\\\/\\\/secure.gravatar.com\\\/avatar\\\/f5fc875574b1575324358c3b9e6a32b8227aa5b74f3fa22e3cadb63e26fcc39c?s=96&d=mm&r=g\",\"url\":\"https:\\\/\\\/secure.gravatar.com\\\/avatar\\\/f5fc875574b1575324358c3b9e6a32b8227aa5b74f3fa22e3cadb63e26fcc39c?s=96&d=mm&r=g\",\"contentUrl\":\"https:\\\/\\\/secure.gravatar.com\\\/avatar\\\/f5fc875574b1575324358c3b9e6a32b8227aa5b74f3fa22e3cadb63e26fcc39c?s=96&d=mm&r=g\",\"caption\":\"haberkuzey\"},\"sameAs\":[\"https:\\\/\\\/haberkuzey.com\"],\"url\":\"https:\\\/\\\/haberkuzey.com\\\/index.php\\\/author\\\/haberkuzey\\\/\"}]}<\/script>\n<!-- \/ Yoast SEO plugin. -->","yoast_head_json":{"title":"Hegseth, \u0130ran\u2019la sava\u015f\u0131n onays\u0131z devam edebilece\u011fini savundu - Haber Kuzey","robots":{"index":"index","follow":"follow","max-snippet":"max-snippet:-1","max-image-preview":"max-image-preview:large","max-video-preview":"max-video-preview:-1"},"canonical":"https:\/\/haberkuzey.com\/index.php\/2026\/05\/01\/hegseth-iranla-savasin-onaysiz-devam-edebilecegini-savundu\/","og_locale":"tr_TR","og_type":"article","og_title":"Hegseth, \u0130ran\u2019la sava\u015f\u0131n onays\u0131z devam edebilece\u011fini savundu - Haber Kuzey","og_description":"&#13; Hegseth, Genelkurmay Ba\u015fkan\u0131 Dan Caine ile Pentagon\u2019un 2027 mali y\u0131l\u0131 i\u00e7in rekor d\u00fczeydeki b\u00fct\u00e7e talebiyle ilgili ABD Senato Silahl\u0131 Kuvvetler Komitesinde sorular\u0131 cevapland\u0131rd\u0131. &#13; Senato Silahl\u0131 Kuvvetler Komitesi \u00f6n\u00fcndeki ifadesi s\u0131ras\u0131nda Orta Do\u011fu&#8217;da devam eden sava\u015fa de\u011finen Hegseth, ABD ile \u0130ran aras\u0131ndaki ate\u015fkes nedeniyle Kongrenin onay\u0131 olmadan \u0130ran&#8217;la s\u00fcresiz sava\u015f halinde kalabilece\u011fini savundu. &#13; [&hellip;]","og_url":"https:\/\/haberkuzey.com\/index.php\/2026\/05\/01\/hegseth-iranla-savasin-onaysiz-devam-edebilecegini-savundu\/","og_site_name":"Haber Kuzey","article_published_time":"2026-04-30T23:35:52+00:00","og_image":[{"url":"https:\/\/trthaberstatic.cdn.wp.trt.com.tr\/resimler\/2338000\/pete-hegseth-aa-2339520.jpg","type":"","width":"","height":""}],"author":"haberkuzey","twitter_card":"summary_large_image","twitter_misc":{"Yazan:":"haberkuzey","Tahmini okuma s\u00fcresi":"2 dakika"},"schema":{"@context":"https:\/\/schema.org","@graph":[{"@type":"Article","@id":"https:\/\/haberkuzey.com\/index.php\/2026\/05\/01\/hegseth-iranla-savasin-onaysiz-devam-edebilecegini-savundu\/#article","isPartOf":{"@id":"https:\/\/haberkuzey.com\/index.php\/2026\/05\/01\/hegseth-iranla-savasin-onaysiz-devam-edebilecegini-savundu\/"},"author":{"name":"haberkuzey","@id":"https:\/\/haberkuzey.com\/#\/schema\/person\/3372109ec735f9333f4fa47ebb9605ca"},"headline":"Hegseth, \u0130ran\u2019la sava\u015f\u0131n onays\u0131z devam edebilece\u011fini savundu","datePublished":"2026-04-30T23:35:52+00:00","mainEntityOfPage":{"@id":"https:\/\/haberkuzey.com\/index.php\/2026\/05\/01\/hegseth-iranla-savasin-onaysiz-devam-edebilecegini-savundu\/"},"wordCount":389,"commentCount":0,"image":{"@id":"https:\/\/haberkuzey.com\/index.php\/2026\/05\/01\/hegseth-iranla-savasin-onaysiz-devam-edebilecegini-savundu\/#primaryimage"},"thumbnailUrl":"https:\/\/haberkuzey.com\/wp-content\/uploads\/2025\/10\/pete-hegseth-aa-2339520.jpg","articleSection":["D\u00fcnya"],"inLanguage":"tr","potentialAction":[{"@type":"CommentAction","name":"Comment","target":["https:\/\/haberkuzey.com\/index.php\/2026\/05\/01\/hegseth-iranla-savasin-onaysiz-devam-edebilecegini-savundu\/#respond"]}]},{"@type":"WebPage","@id":"https:\/\/haberkuzey.com\/index.php\/2026\/05\/01\/hegseth-iranla-savasin-onaysiz-devam-edebilecegini-savundu\/","url":"https:\/\/haberkuzey.com\/index.php\/2026\/05\/01\/hegseth-iranla-savasin-onaysiz-devam-edebilecegini-savundu\/","name":"Hegseth, \u0130ran\u2019la sava\u015f\u0131n onays\u0131z devam edebilece\u011fini savundu - Haber Kuzey","isPartOf":{"@id":"https:\/\/haberkuzey.com\/#website"},"primaryImageOfPage":{"@id":"https:\/\/haberkuzey.com\/index.php\/2026\/05\/01\/hegseth-iranla-savasin-onaysiz-devam-edebilecegini-savundu\/#primaryimage"},"image":{"@id":"https:\/\/haberkuzey.com\/index.php\/2026\/05\/01\/hegseth-iranla-savasin-onaysiz-devam-edebilecegini-savundu\/#primaryimage"},"thumbnailUrl":"https:\/\/haberkuzey.com\/wp-content\/uploads\/2025\/10\/pete-hegseth-aa-2339520.jpg","datePublished":"2026-04-30T23:35:52+00:00","author":{"@id":"https:\/\/haberkuzey.com\/#\/schema\/person\/3372109ec735f9333f4fa47ebb9605ca"},"breadcrumb":{"@id":"https:\/\/haberkuzey.com\/index.php\/2026\/05\/01\/hegseth-iranla-savasin-onaysiz-devam-edebilecegini-savundu\/#breadcrumb"},"inLanguage":"tr","potentialAction":[{"@type":"ReadAction","target":["https:\/\/haberkuzey.com\/index.php\/2026\/05\/01\/hegseth-iranla-savasin-onaysiz-devam-edebilecegini-savundu\/"]}]},{"@type":"ImageObject","inLanguage":"tr","@id":"https:\/\/haberkuzey.com\/index.php\/2026\/05\/01\/hegseth-iranla-savasin-onaysiz-devam-edebilecegini-savundu\/#primaryimage","url":"https:\/\/haberkuzey.com\/wp-content\/uploads\/2025\/10\/pete-hegseth-aa-2339520.jpg","contentUrl":"https:\/\/haberkuzey.com\/wp-content\/uploads\/2025\/10\/pete-hegseth-aa-2339520.jpg","width":1280,"height":720},{"@type":"BreadcrumbList","@id":"https:\/\/haberkuzey.com\/index.php\/2026\/05\/01\/hegseth-iranla-savasin-onaysiz-devam-edebilecegini-savundu\/#breadcrumb","itemListElement":[{"@type":"ListItem","position":1,"name":"Anasayfa","item":"https:\/\/haberkuzey.com\/"},{"@type":"ListItem","position":2,"name":"Hegseth, \u0130ran\u2019la sava\u015f\u0131n onays\u0131z devam edebilece\u011fini savundu"}]},{"@type":"WebSite","@id":"https:\/\/haberkuzey.com\/#website","url":"https:\/\/haberkuzey.com\/","name":"Haber Kuzey","description":"Do\u011fru Haberin Adresi","potentialAction":[{"@type":"SearchAction","target":{"@type":"EntryPoint","urlTemplate":"https:\/\/haberkuzey.com\/?s={search_term_string}"},"query-input":{"@type":"PropertyValueSpecification","valueRequired":true,"valueName":"search_term_string"}}],"inLanguage":"tr"},{"@type":"Person","@id":"https:\/\/haberkuzey.com\/#\/schema\/person\/3372109ec735f9333f4fa47ebb9605ca","name":"haberkuzey","image":{"@type":"ImageObject","inLanguage":"tr","@id":"https:\/\/secure.gravatar.com\/avatar\/f5fc875574b1575324358c3b9e6a32b8227aa5b74f3fa22e3cadb63e26fcc39c?s=96&d=mm&r=g","url":"https:\/\/secure.gravatar.com\/avatar\/f5fc875574b1575324358c3b9e6a32b8227aa5b74f3fa22e3cadb63e26fcc39c?s=96&d=mm&r=g","contentUrl":"https:\/\/secure.gravatar.com\/avatar\/f5fc875574b1575324358c3b9e6a32b8227aa5b74f3fa22e3cadb63e26fcc39c?s=96&d=mm&r=g","caption":"haberkuzey"},"sameAs":["https:\/\/haberkuzey.com"],"url":"https:\/\/haberkuzey.com\/index.php\/author\/haberkuzey\/"}]}},"_links":{"self":[{"href":"https:\/\/haberkuzey.com\/index.php\/wp-json\/wp\/v2\/posts\/36973","targetHints":{"allow":["GET"]}}],"collection":[{"href":"https:\/\/haberkuzey.com\/index.php\/wp-json\/wp\/v2\/posts"}],"about":[{"href":"https:\/\/haberkuzey.com\/index.php\/wp-json\/wp\/v2\/types\/post"}],"author":[{"embeddable":true,"href":"https:\/\/haberkuzey.com\/index.php\/wp-json\/wp\/v2\/users\/1"}],"replies":[{"embeddable":true,"href":"https:\/\/haberkuzey.com\/index.php\/wp-json\/wp\/v2\/comments?post=36973"}],"version-history":[{"count":0,"href":"https:\/\/haberkuzey.com\/index.php\/wp-json\/wp\/v2\/posts\/36973\/revisions"}],"wp:featuredmedia":[{"embeddable":true,"href":"https:\/\/haberkuzey.com\/index.php\/wp-json\/wp\/v2\/media\/30131"}],"wp:attachment":[{"href":"https:\/\/haberkuzey.com\/index.php\/wp-json\/wp\/v2\/media?parent=36973"}],"wp:term":[{"taxonomy":"category","embeddable":true,"href":"https:\/\/haberkuzey.com\/index.php\/wp-json\/wp\/v2\/categories?post=36973"},{"taxonomy":"post_tag","embeddable":true,"href":"https:\/\/haberkuzey.com\/index.php\/wp-json\/wp\/v2\/tags?post=36973"}],"curies":[{"name":"wp","href":"https:\/\/api.w.org\/{rel}","templated":true}]}}