{"id":36932,"date":"2026-04-30T18:27:57","date_gmt":"2026-04-30T15:27:57","guid":{"rendered":"https:\/\/haberkuzey.com\/index.php\/2026\/04\/30\/iran-savasinin-maliyeti-25-milyar-dolar-mi-1-trilyon-dolar-mi\/"},"modified":"2026-04-30T18:27:57","modified_gmt":"2026-04-30T15:27:57","slug":"iran-savasinin-maliyeti-25-milyar-dolar-mi-1-trilyon-dolar-mi","status":"publish","type":"post","link":"https:\/\/haberkuzey.com\/index.php\/2026\/04\/30\/iran-savasinin-maliyeti-25-milyar-dolar-mi-1-trilyon-dolar-mi\/","title":{"rendered":"\u0130ran Sava\u015f\u0131&#8217;n\u0131n maliyeti 25 milyar dolar m\u0131, 1 trilyon dolar m\u0131?"},"content":{"rendered":"<p><\/p>\n<div>\n<p>&#13;<br \/>\n\tAmerika Birle\u015fik Devletleri Savunma Bakan\u0131 Pete Hegseth, \u00fc\u00e7\u00fcnc\u00fc ay\u0131na giren \u0130ran Sava\u015f\u0131&#8217;n\u0131n maliyeti konusunda Kongre \u00fcyeleriyle ilk kez kar\u015f\u0131 kar\u015f\u0131ya gelerek sert bir tart\u0131\u015fma ya\u015fad\u0131.<\/p>\n<p>&#13;<br \/>\n\tPentagon, sava\u015f\u0131n maliyetini m\u00fchimmat ve ekipman bak\u0131m\u0131 dahil 25 milyar dolar olarak a\u00e7\u0131klarken; Demokrat liderler ve ekonomistler bu rakam\u0131n ger\u00e7e\u011fi yans\u0131tmad\u0131\u011f\u0131n\u0131, \u00fclke ekonomisine toplam y\u00fck\u00fcn 1 trilyon dolara kadar \u00e7\u0131kabilece\u011fini savunuyor.<\/p>\n<p>&#13;<br \/>\n\t\u00c7at\u0131\u015fman\u0131n belirsizli\u011fini korumas\u0131yla birlikte Trump y\u00f6netiminin gelecek y\u0131l i\u00e7in talep etti\u011fi 1,5 trilyon dolarl\u0131k devasa savunma b\u00fct\u00e7esi, \u0130kinci D\u00fcnya Sava\u015f\u0131&#8217;ndan bu yana askeri harcamalardaki en b\u00fcy\u00fck art\u0131\u015f olarak kay\u0131tlara ge\u00e7ti.<\/p>\n<h2>&#13;<br \/>\n\tPentagon: Maliyeti 25 milyar dolar\u00a0<\/h2>\n<p>&#13;<br \/>\n\tSavunma Bakanl\u0131\u011f\u0131 yetkilileri, payla\u015ft\u0131klar\u0131 25 milyar dolarl\u0131k tahminin yaln\u0131zca harcanan m\u00fchimmat\u0131 ve do\u011frudan operasyonel maliyetleri kapsad\u0131\u011f\u0131n\u0131 belirtti. Ancak Kongre \u00fcyeleri, halk\u0131n artan g\u0131da ve yak\u0131t masraflar\u0131n\u0131n bu hesaba kat\u0131lmamas\u0131na sert tepki g\u00f6sterdi.<\/p>\n<p>&#13;<br \/>\n\t\u0130ran&#8217;a uygulanan deniz ablukas\u0131 ve H\u00fcrm\u00fcz Bo\u011faz\u0131&#8217;ndaki t\u0131kan\u0131kl\u0131k nedeniyle ABD&#8217;de benzin fiyatlar\u0131 galon ba\u015f\u0131na 4,23 dolar ile son y\u0131llar\u0131n zirvesine ula\u015fm\u0131\u015f durumda. Ekonomistler, sava\u015f\u0131n hane halk\u0131 ba\u015f\u0131na yakla\u015f\u0131k 5 bin dolar ek y\u00fck getirdi\u011fini ve her ge\u00e7en g\u00fcn maliyetin h\u0131zla artt\u0131\u011f\u0131n\u0131 vurguluyor.<\/p>\n<h2>&#13;<br \/>\n\tG\u00f6r\u00fcnmeyen maliyetler: \u00dcs hasarlar\u0131 ve onar\u0131mlar<\/h2>\n<p>&#13;<br \/>\n\tSava\u015f\u0131n ekonomik boyutu sadece at\u0131lan f\u00fczelerin de\u011feriyle s\u0131n\u0131rl\u0131 kalm\u0131yor; \u0130ran&#8217;\u0131n K\u00f6rfez b\u00f6lgesindeki ABD askeri tesislerine y\u00f6nelik misilleme sald\u0131r\u0131lar\u0131n\u0131n yol a\u00e7t\u0131\u011f\u0131 milyarlarca dolarl\u0131k hasar da b\u00fct\u00e7eyi zorluyor.<\/p>\n<p>&#13;<br \/>\n\tKuveyt, Birle\u015fik Arap Emirlikleri, Suudi Arabistan ve \u00dcrd\u00fcn&#8217;deki \u00fcslerde meydana gelen hasarlar\u0131n onar\u0131m\u0131 i\u00e7in hen\u00fcz kesin bir rakam belirlenemezken, sadece Bahreyn&#8217;deki 5. Filo karargah\u0131n\u0131n onar\u0131m\u0131n\u0131n tek ba\u015f\u0131na 200 milyon dolar\u0131 bulabilece\u011fi tahmin ediliyor.<\/p>\n<p>&#13;<br \/>\n\tPentagon yetkilileri ise deniza\u015f\u0131r\u0131 tesislerdeki hasar\u0131n boyutuna dair kesin bir rakam vermekten ka\u00e7\u0131narak de\u011ferlendirmelerin s\u00fcrd\u00fc\u011f\u00fcn\u00fc belirtiyor.<\/p>\n<h2>&#13;<br \/>\n\tBuzda\u011f\u0131n\u0131n g\u00f6r\u00fcnmeyen k\u0131sm\u0131<\/h2>\n<p>&#13;<br \/>\n\tHarvardl\u0131 ekonomist Linda Bilmes gibi uzmanlar, mevcut rakamlar\u0131n sadece &#8220;buzda\u011f\u0131n\u0131n g\u00f6r\u00fcnen k\u0131sm\u0131&#8221; oldu\u011fu konusunda uyar\u0131yor. Ge\u00e7mi\u015fteki Irak Sava\u015f\u0131 \u00f6rneklerini hat\u0131rlatan uzmanlar, sava\u015f\u0131n as\u0131l b\u00fcy\u00fck maliyetinin \u00e7at\u0131\u015fmalar sona erdikten sonra ortaya \u00e7\u0131kaca\u011f\u0131n\u0131 ifade ediyor.<\/p>\n<p>&#13;<br \/>\n\tUzun vadeli harcamalar aras\u0131nda gazi bak\u0131m\u0131, azalan silah stoklar\u0131n\u0131n yenilenmesi ve m\u00fcttefiklerin kendi \u00fclkelerindeki hasarlar i\u00e7in talep edebilece\u011fi katk\u0131lar yer al\u0131yor. Mevcut tahminlere g\u00f6re \u00e7at\u0131\u015fman\u0131n k\u0131sa vadeli g\u00fcnl\u00fck maliyetinin yakla\u015f\u0131k 2 milyar dolar oldu\u011fu belirtiliyor.<\/p>\n<\/p><\/div>\n","protected":false},"excerpt":{"rendered":"<p>&#13; Amerika Birle\u015fik Devletleri Savunma Bakan\u0131 Pete Hegseth, \u00fc\u00e7\u00fcnc\u00fc ay\u0131na giren \u0130ran Sava\u015f\u0131&#8217;n\u0131n maliyeti konusunda Kongre \u00fcyeleriyle ilk kez kar\u015f\u0131 kar\u015f\u0131ya gelerek sert bir tart\u0131\u015fma ya\u015fad\u0131. &#13; Pentagon, sava\u015f\u0131n maliyetini m\u00fchimmat ve ekipman bak\u0131m\u0131 dahil 25 milyar dolar olarak a\u00e7\u0131klarken; Demokrat liderler ve ekonomistler bu rakam\u0131n ger\u00e7e\u011fi yans\u0131tmad\u0131\u011f\u0131n\u0131, \u00fclke ekonomisine toplam y\u00fck\u00fcn 1 trilyon dolara [&hellip;]<\/p>\n","protected":false},"author":1,"featured_media":36809,"comment_status":"open","ping_status":"open","sticky":false,"template":"","format":"standard","meta":{"jnews-multi-image_gallery":[],"jnews_single_post":[],"jnews_primary_category":[],"footnotes":""},"categories":[2],"tags":[],"class_list":["post-36932","post","type-post","status-publish","format-standard","has-post-thumbnail","hentry","category-dunya"],"yoast_head":"<!-- This site is optimized with the Yoast SEO plugin v27.5 - https:\/\/yoast.com\/product\/yoast-seo-wordpress\/ -->\n<title>\u0130ran Sava\u015f\u0131&#039;n\u0131n maliyeti 25 milyar dolar m\u0131, 1 trilyon dolar m\u0131? - Haber Kuzey<\/title>\n<meta name=\"robots\" content=\"index, follow, max-snippet:-1, max-image-preview:large, max-video-preview:-1\" \/>\n<link rel=\"canonical\" href=\"https:\/\/haberkuzey.com\/index.php\/2026\/04\/30\/iran-savasinin-maliyeti-25-milyar-dolar-mi-1-trilyon-dolar-mi\/\" \/>\n<meta property=\"og:locale\" content=\"tr_TR\" \/>\n<meta property=\"og:type\" content=\"article\" \/>\n<meta property=\"og:title\" content=\"\u0130ran Sava\u015f\u0131&#039;n\u0131n maliyeti 25 milyar dolar m\u0131, 1 trilyon dolar m\u0131? - Haber Kuzey\" \/>\n<meta property=\"og:description\" content=\"&#013; Amerika Birle\u015fik Devletleri Savunma Bakan\u0131 Pete Hegseth, \u00fc\u00e7\u00fcnc\u00fc ay\u0131na giren \u0130ran Sava\u015f\u0131&#8217;n\u0131n maliyeti konusunda Kongre \u00fcyeleriyle ilk kez kar\u015f\u0131 kar\u015f\u0131ya gelerek sert bir tart\u0131\u015fma ya\u015fad\u0131. &#013; Pentagon, sava\u015f\u0131n maliyetini m\u00fchimmat ve ekipman bak\u0131m\u0131 dahil 25 milyar dolar olarak a\u00e7\u0131klarken; Demokrat liderler ve ekonomistler bu rakam\u0131n ger\u00e7e\u011fi yans\u0131tmad\u0131\u011f\u0131n\u0131, \u00fclke ekonomisine toplam y\u00fck\u00fcn 1 trilyon dolara [&hellip;]\" \/>\n<meta property=\"og:url\" content=\"https:\/\/haberkuzey.com\/index.php\/2026\/04\/30\/iran-savasinin-maliyeti-25-milyar-dolar-mi-1-trilyon-dolar-mi\/\" \/>\n<meta property=\"og:site_name\" content=\"Haber Kuzey\" \/>\n<meta property=\"article:published_time\" content=\"2026-04-30T15:27:57+00:00\" \/>\n<meta property=\"og:image\" content=\"https:\/\/trthaberstatic.cdn.wp.trt.com.tr\/resimler\/2454000\/abd-iran-2454861.jpg\" \/>\n<meta name=\"author\" content=\"haberkuzey\" \/>\n<meta name=\"twitter:card\" content=\"summary_large_image\" \/>\n<meta name=\"twitter:label1\" content=\"Yazan:\" \/>\n\t<meta name=\"twitter:data1\" content=\"haberkuzey\" \/>\n\t<meta name=\"twitter:label2\" content=\"Tahmini okuma s\u00fcresi\" \/>\n\t<meta name=\"twitter:data2\" content=\"2 dakika\" \/>\n<script type=\"application\/ld+json\" class=\"yoast-schema-graph\">{\"@context\":\"https:\\\/\\\/schema.org\",\"@graph\":[{\"@type\":\"Article\",\"@id\":\"https:\\\/\\\/haberkuzey.com\\\/index.php\\\/2026\\\/04\\\/30\\\/iran-savasinin-maliyeti-25-milyar-dolar-mi-1-trilyon-dolar-mi\\\/#article\",\"isPartOf\":{\"@id\":\"https:\\\/\\\/haberkuzey.com\\\/index.php\\\/2026\\\/04\\\/30\\\/iran-savasinin-maliyeti-25-milyar-dolar-mi-1-trilyon-dolar-mi\\\/\"},\"author\":{\"name\":\"haberkuzey\",\"@id\":\"https:\\\/\\\/haberkuzey.com\\\/#\\\/schema\\\/person\\\/3372109ec735f9333f4fa47ebb9605ca\"},\"headline\":\"\u0130ran Sava\u015f\u0131&#8217;n\u0131n maliyeti 25 milyar dolar m\u0131, 1 trilyon dolar m\u0131?\",\"datePublished\":\"2026-04-30T15:27:57+00:00\",\"mainEntityOfPage\":{\"@id\":\"https:\\\/\\\/haberkuzey.com\\\/index.php\\\/2026\\\/04\\\/30\\\/iran-savasinin-maliyeti-25-milyar-dolar-mi-1-trilyon-dolar-mi\\\/\"},\"wordCount\":473,\"commentCount\":0,\"image\":{\"@id\":\"https:\\\/\\\/haberkuzey.com\\\/index.php\\\/2026\\\/04\\\/30\\\/iran-savasinin-maliyeti-25-milyar-dolar-mi-1-trilyon-dolar-mi\\\/#primaryimage\"},\"thumbnailUrl\":\"https:\\\/\\\/haberkuzey.com\\\/wp-content\\\/uploads\\\/2026\\\/04\\\/abd-iran-2454861.jpg\",\"articleSection\":[\"D\u00fcnya\"],\"inLanguage\":\"tr\",\"potentialAction\":[{\"@type\":\"CommentAction\",\"name\":\"Comment\",\"target\":[\"https:\\\/\\\/haberkuzey.com\\\/index.php\\\/2026\\\/04\\\/30\\\/iran-savasinin-maliyeti-25-milyar-dolar-mi-1-trilyon-dolar-mi\\\/#respond\"]}]},{\"@type\":\"WebPage\",\"@id\":\"https:\\\/\\\/haberkuzey.com\\\/index.php\\\/2026\\\/04\\\/30\\\/iran-savasinin-maliyeti-25-milyar-dolar-mi-1-trilyon-dolar-mi\\\/\",\"url\":\"https:\\\/\\\/haberkuzey.com\\\/index.php\\\/2026\\\/04\\\/30\\\/iran-savasinin-maliyeti-25-milyar-dolar-mi-1-trilyon-dolar-mi\\\/\",\"name\":\"\u0130ran Sava\u015f\u0131'n\u0131n maliyeti 25 milyar dolar m\u0131, 1 trilyon dolar m\u0131? - Haber Kuzey\",\"isPartOf\":{\"@id\":\"https:\\\/\\\/haberkuzey.com\\\/#website\"},\"primaryImageOfPage\":{\"@id\":\"https:\\\/\\\/haberkuzey.com\\\/index.php\\\/2026\\\/04\\\/30\\\/iran-savasinin-maliyeti-25-milyar-dolar-mi-1-trilyon-dolar-mi\\\/#primaryimage\"},\"image\":{\"@id\":\"https:\\\/\\\/haberkuzey.com\\\/index.php\\\/2026\\\/04\\\/30\\\/iran-savasinin-maliyeti-25-milyar-dolar-mi-1-trilyon-dolar-mi\\\/#primaryimage\"},\"thumbnailUrl\":\"https:\\\/\\\/haberkuzey.com\\\/wp-content\\\/uploads\\\/2026\\\/04\\\/abd-iran-2454861.jpg\",\"datePublished\":\"2026-04-30T15:27:57+00:00\",\"author\":{\"@id\":\"https:\\\/\\\/haberkuzey.com\\\/#\\\/schema\\\/person\\\/3372109ec735f9333f4fa47ebb9605ca\"},\"breadcrumb\":{\"@id\":\"https:\\\/\\\/haberkuzey.com\\\/index.php\\\/2026\\\/04\\\/30\\\/iran-savasinin-maliyeti-25-milyar-dolar-mi-1-trilyon-dolar-mi\\\/#breadcrumb\"},\"inLanguage\":\"tr\",\"potentialAction\":[{\"@type\":\"ReadAction\",\"target\":[\"https:\\\/\\\/haberkuzey.com\\\/index.php\\\/2026\\\/04\\\/30\\\/iran-savasinin-maliyeti-25-milyar-dolar-mi-1-trilyon-dolar-mi\\\/\"]}]},{\"@type\":\"ImageObject\",\"inLanguage\":\"tr\",\"@id\":\"https:\\\/\\\/haberkuzey.com\\\/index.php\\\/2026\\\/04\\\/30\\\/iran-savasinin-maliyeti-25-milyar-dolar-mi-1-trilyon-dolar-mi\\\/#primaryimage\",\"url\":\"https:\\\/\\\/haberkuzey.com\\\/wp-content\\\/uploads\\\/2026\\\/04\\\/abd-iran-2454861.jpg\",\"contentUrl\":\"https:\\\/\\\/haberkuzey.com\\\/wp-content\\\/uploads\\\/2026\\\/04\\\/abd-iran-2454861.jpg\",\"width\":1280,\"height\":720},{\"@type\":\"BreadcrumbList\",\"@id\":\"https:\\\/\\\/haberkuzey.com\\\/index.php\\\/2026\\\/04\\\/30\\\/iran-savasinin-maliyeti-25-milyar-dolar-mi-1-trilyon-dolar-mi\\\/#breadcrumb\",\"itemListElement\":[{\"@type\":\"ListItem\",\"position\":1,\"name\":\"Anasayfa\",\"item\":\"https:\\\/\\\/haberkuzey.com\\\/\"},{\"@type\":\"ListItem\",\"position\":2,\"name\":\"\u0130ran Sava\u015f\u0131&#8217;n\u0131n maliyeti 25 milyar dolar m\u0131, 1 trilyon dolar m\u0131?\"}]},{\"@type\":\"WebSite\",\"@id\":\"https:\\\/\\\/haberkuzey.com\\\/#website\",\"url\":\"https:\\\/\\\/haberkuzey.com\\\/\",\"name\":\"Haber Kuzey\",\"description\":\"Do\u011fru Haberin Adresi\",\"potentialAction\":[{\"@type\":\"SearchAction\",\"target\":{\"@type\":\"EntryPoint\",\"urlTemplate\":\"https:\\\/\\\/haberkuzey.com\\\/?s={search_term_string}\"},\"query-input\":{\"@type\":\"PropertyValueSpecification\",\"valueRequired\":true,\"valueName\":\"search_term_string\"}}],\"inLanguage\":\"tr\"},{\"@type\":\"Person\",\"@id\":\"https:\\\/\\\/haberkuzey.com\\\/#\\\/schema\\\/person\\\/3372109ec735f9333f4fa47ebb9605ca\",\"name\":\"haberkuzey\",\"image\":{\"@type\":\"ImageObject\",\"inLanguage\":\"tr\",\"@id\":\"https:\\\/\\\/secure.gravatar.com\\\/avatar\\\/f5fc875574b1575324358c3b9e6a32b8227aa5b74f3fa22e3cadb63e26fcc39c?s=96&d=mm&r=g\",\"url\":\"https:\\\/\\\/secure.gravatar.com\\\/avatar\\\/f5fc875574b1575324358c3b9e6a32b8227aa5b74f3fa22e3cadb63e26fcc39c?s=96&d=mm&r=g\",\"contentUrl\":\"https:\\\/\\\/secure.gravatar.com\\\/avatar\\\/f5fc875574b1575324358c3b9e6a32b8227aa5b74f3fa22e3cadb63e26fcc39c?s=96&d=mm&r=g\",\"caption\":\"haberkuzey\"},\"sameAs\":[\"https:\\\/\\\/haberkuzey.com\"],\"url\":\"https:\\\/\\\/haberkuzey.com\\\/index.php\\\/author\\\/haberkuzey\\\/\"}]}<\/script>\n<!-- \/ Yoast SEO plugin. -->","yoast_head_json":{"title":"\u0130ran Sava\u015f\u0131'n\u0131n maliyeti 25 milyar dolar m\u0131, 1 trilyon dolar m\u0131? - Haber Kuzey","robots":{"index":"index","follow":"follow","max-snippet":"max-snippet:-1","max-image-preview":"max-image-preview:large","max-video-preview":"max-video-preview:-1"},"canonical":"https:\/\/haberkuzey.com\/index.php\/2026\/04\/30\/iran-savasinin-maliyeti-25-milyar-dolar-mi-1-trilyon-dolar-mi\/","og_locale":"tr_TR","og_type":"article","og_title":"\u0130ran Sava\u015f\u0131'n\u0131n maliyeti 25 milyar dolar m\u0131, 1 trilyon dolar m\u0131? - Haber Kuzey","og_description":"&#13; Amerika Birle\u015fik Devletleri Savunma Bakan\u0131 Pete Hegseth, \u00fc\u00e7\u00fcnc\u00fc ay\u0131na giren \u0130ran Sava\u015f\u0131&#8217;n\u0131n maliyeti konusunda Kongre \u00fcyeleriyle ilk kez kar\u015f\u0131 kar\u015f\u0131ya gelerek sert bir tart\u0131\u015fma ya\u015fad\u0131. &#13; Pentagon, sava\u015f\u0131n maliyetini m\u00fchimmat ve ekipman bak\u0131m\u0131 dahil 25 milyar dolar olarak a\u00e7\u0131klarken; Demokrat liderler ve ekonomistler bu rakam\u0131n ger\u00e7e\u011fi yans\u0131tmad\u0131\u011f\u0131n\u0131, \u00fclke ekonomisine toplam y\u00fck\u00fcn 1 trilyon dolara [&hellip;]","og_url":"https:\/\/haberkuzey.com\/index.php\/2026\/04\/30\/iran-savasinin-maliyeti-25-milyar-dolar-mi-1-trilyon-dolar-mi\/","og_site_name":"Haber Kuzey","article_published_time":"2026-04-30T15:27:57+00:00","og_image":[{"url":"https:\/\/trthaberstatic.cdn.wp.trt.com.tr\/resimler\/2454000\/abd-iran-2454861.jpg","type":"","width":"","height":""}],"author":"haberkuzey","twitter_card":"summary_large_image","twitter_misc":{"Yazan:":"haberkuzey","Tahmini okuma s\u00fcresi":"2 dakika"},"schema":{"@context":"https:\/\/schema.org","@graph":[{"@type":"Article","@id":"https:\/\/haberkuzey.com\/index.php\/2026\/04\/30\/iran-savasinin-maliyeti-25-milyar-dolar-mi-1-trilyon-dolar-mi\/#article","isPartOf":{"@id":"https:\/\/haberkuzey.com\/index.php\/2026\/04\/30\/iran-savasinin-maliyeti-25-milyar-dolar-mi-1-trilyon-dolar-mi\/"},"author":{"name":"haberkuzey","@id":"https:\/\/haberkuzey.com\/#\/schema\/person\/3372109ec735f9333f4fa47ebb9605ca"},"headline":"\u0130ran Sava\u015f\u0131&#8217;n\u0131n maliyeti 25 milyar dolar m\u0131, 1 trilyon dolar m\u0131?","datePublished":"2026-04-30T15:27:57+00:00","mainEntityOfPage":{"@id":"https:\/\/haberkuzey.com\/index.php\/2026\/04\/30\/iran-savasinin-maliyeti-25-milyar-dolar-mi-1-trilyon-dolar-mi\/"},"wordCount":473,"commentCount":0,"image":{"@id":"https:\/\/haberkuzey.com\/index.php\/2026\/04\/30\/iran-savasinin-maliyeti-25-milyar-dolar-mi-1-trilyon-dolar-mi\/#primaryimage"},"thumbnailUrl":"https:\/\/haberkuzey.com\/wp-content\/uploads\/2026\/04\/abd-iran-2454861.jpg","articleSection":["D\u00fcnya"],"inLanguage":"tr","potentialAction":[{"@type":"CommentAction","name":"Comment","target":["https:\/\/haberkuzey.com\/index.php\/2026\/04\/30\/iran-savasinin-maliyeti-25-milyar-dolar-mi-1-trilyon-dolar-mi\/#respond"]}]},{"@type":"WebPage","@id":"https:\/\/haberkuzey.com\/index.php\/2026\/04\/30\/iran-savasinin-maliyeti-25-milyar-dolar-mi-1-trilyon-dolar-mi\/","url":"https:\/\/haberkuzey.com\/index.php\/2026\/04\/30\/iran-savasinin-maliyeti-25-milyar-dolar-mi-1-trilyon-dolar-mi\/","name":"\u0130ran Sava\u015f\u0131'n\u0131n maliyeti 25 milyar dolar m\u0131, 1 trilyon dolar m\u0131? - Haber Kuzey","isPartOf":{"@id":"https:\/\/haberkuzey.com\/#website"},"primaryImageOfPage":{"@id":"https:\/\/haberkuzey.com\/index.php\/2026\/04\/30\/iran-savasinin-maliyeti-25-milyar-dolar-mi-1-trilyon-dolar-mi\/#primaryimage"},"image":{"@id":"https:\/\/haberkuzey.com\/index.php\/2026\/04\/30\/iran-savasinin-maliyeti-25-milyar-dolar-mi-1-trilyon-dolar-mi\/#primaryimage"},"thumbnailUrl":"https:\/\/haberkuzey.com\/wp-content\/uploads\/2026\/04\/abd-iran-2454861.jpg","datePublished":"2026-04-30T15:27:57+00:00","author":{"@id":"https:\/\/haberkuzey.com\/#\/schema\/person\/3372109ec735f9333f4fa47ebb9605ca"},"breadcrumb":{"@id":"https:\/\/haberkuzey.com\/index.php\/2026\/04\/30\/iran-savasinin-maliyeti-25-milyar-dolar-mi-1-trilyon-dolar-mi\/#breadcrumb"},"inLanguage":"tr","potentialAction":[{"@type":"ReadAction","target":["https:\/\/haberkuzey.com\/index.php\/2026\/04\/30\/iran-savasinin-maliyeti-25-milyar-dolar-mi-1-trilyon-dolar-mi\/"]}]},{"@type":"ImageObject","inLanguage":"tr","@id":"https:\/\/haberkuzey.com\/index.php\/2026\/04\/30\/iran-savasinin-maliyeti-25-milyar-dolar-mi-1-trilyon-dolar-mi\/#primaryimage","url":"https:\/\/haberkuzey.com\/wp-content\/uploads\/2026\/04\/abd-iran-2454861.jpg","contentUrl":"https:\/\/haberkuzey.com\/wp-content\/uploads\/2026\/04\/abd-iran-2454861.jpg","width":1280,"height":720},{"@type":"BreadcrumbList","@id":"https:\/\/haberkuzey.com\/index.php\/2026\/04\/30\/iran-savasinin-maliyeti-25-milyar-dolar-mi-1-trilyon-dolar-mi\/#breadcrumb","itemListElement":[{"@type":"ListItem","position":1,"name":"Anasayfa","item":"https:\/\/haberkuzey.com\/"},{"@type":"ListItem","position":2,"name":"\u0130ran Sava\u015f\u0131&#8217;n\u0131n maliyeti 25 milyar dolar m\u0131, 1 trilyon dolar m\u0131?"}]},{"@type":"WebSite","@id":"https:\/\/haberkuzey.com\/#website","url":"https:\/\/haberkuzey.com\/","name":"Haber Kuzey","description":"Do\u011fru Haberin Adresi","potentialAction":[{"@type":"SearchAction","target":{"@type":"EntryPoint","urlTemplate":"https:\/\/haberkuzey.com\/?s={search_term_string}"},"query-input":{"@type":"PropertyValueSpecification","valueRequired":true,"valueName":"search_term_string"}}],"inLanguage":"tr"},{"@type":"Person","@id":"https:\/\/haberkuzey.com\/#\/schema\/person\/3372109ec735f9333f4fa47ebb9605ca","name":"haberkuzey","image":{"@type":"ImageObject","inLanguage":"tr","@id":"https:\/\/secure.gravatar.com\/avatar\/f5fc875574b1575324358c3b9e6a32b8227aa5b74f3fa22e3cadb63e26fcc39c?s=96&d=mm&r=g","url":"https:\/\/secure.gravatar.com\/avatar\/f5fc875574b1575324358c3b9e6a32b8227aa5b74f3fa22e3cadb63e26fcc39c?s=96&d=mm&r=g","contentUrl":"https:\/\/secure.gravatar.com\/avatar\/f5fc875574b1575324358c3b9e6a32b8227aa5b74f3fa22e3cadb63e26fcc39c?s=96&d=mm&r=g","caption":"haberkuzey"},"sameAs":["https:\/\/haberkuzey.com"],"url":"https:\/\/haberkuzey.com\/index.php\/author\/haberkuzey\/"}]}},"_links":{"self":[{"href":"https:\/\/haberkuzey.com\/index.php\/wp-json\/wp\/v2\/posts\/36932","targetHints":{"allow":["GET"]}}],"collection":[{"href":"https:\/\/haberkuzey.com\/index.php\/wp-json\/wp\/v2\/posts"}],"about":[{"href":"https:\/\/haberkuzey.com\/index.php\/wp-json\/wp\/v2\/types\/post"}],"author":[{"embeddable":true,"href":"https:\/\/haberkuzey.com\/index.php\/wp-json\/wp\/v2\/users\/1"}],"replies":[{"embeddable":true,"href":"https:\/\/haberkuzey.com\/index.php\/wp-json\/wp\/v2\/comments?post=36932"}],"version-history":[{"count":0,"href":"https:\/\/haberkuzey.com\/index.php\/wp-json\/wp\/v2\/posts\/36932\/revisions"}],"wp:featuredmedia":[{"embeddable":true,"href":"https:\/\/haberkuzey.com\/index.php\/wp-json\/wp\/v2\/media\/36809"}],"wp:attachment":[{"href":"https:\/\/haberkuzey.com\/index.php\/wp-json\/wp\/v2\/media?parent=36932"}],"wp:term":[{"taxonomy":"category","embeddable":true,"href":"https:\/\/haberkuzey.com\/index.php\/wp-json\/wp\/v2\/categories?post=36932"},{"taxonomy":"post_tag","embeddable":true,"href":"https:\/\/haberkuzey.com\/index.php\/wp-json\/wp\/v2\/tags?post=36932"}],"curies":[{"name":"wp","href":"https:\/\/api.w.org\/{rel}","templated":true}]}}