{"id":36924,"date":"2026-04-30T17:21:54","date_gmt":"2026-04-30T14:21:54","guid":{"rendered":"https:\/\/haberkuzey.com\/index.php\/2026\/04\/30\/enver-haskasap-romada-sezonu-aciyor\/"},"modified":"2026-04-30T17:22:04","modified_gmt":"2026-04-30T14:22:04","slug":"enver-haskasap-romada-sezonu-aciyor","status":"publish","type":"post","link":"https:\/\/haberkuzey.com\/index.php\/2026\/04\/30\/enver-haskasap-romada-sezonu-aciyor\/","title":{"rendered":"ENVER HASKASAP ROMA\u2019DA SEZONU A\u00c7IYOR"},"content":{"rendered":"<p><strong>ENVER HASKASAP ROMA\u2019DA SEZONU A\u00c7IYOR<\/strong><\/p>\n<p><strong>Drift Masters Grand Prix 2026\u2019da hedef zirve<\/strong><\/p>\n<p>Avrupa drift sahnesinin en prestijli serilerinden Drift Masters Grand Prix, Roma\u2019da start al\u0131yor. KKTC\u2019li \u015fampiyon pilot Enver Haskasap, Vallelunga\u2019da k\u00fcrs\u00fc i\u00e7in piste \u00e7\u0131kacak.<\/p>\n<p>Avrupa\u2019n\u0131n en \u00fcst d\u00fczey drift organizasyonlar\u0131ndan biri olan Drift Masters Grand Prix, 2026 sezonuna 1-2 May\u0131s tarihlerinde \u0130talya\u2019n\u0131n ba\u015fkenti Roma\u2019da d\u00fczenlenecek yar\u0131\u015fla ba\u015fl\u0131yor. Sezonun a\u00e7\u0131l\u0131\u015f etab\u0131nda, T\u00fcrkiye ve KKTC\u2019yi temsil eden NEU Drift Racing Team pilotu Enver Haskasap da m\u00fccadele edecek.<\/p>\n<p>Drift sporunun en \u00fcst seviyede icra edildi\u011fi bu prestijli organizasyon, d\u00fcnyan\u0131n en yetenekli pilotlar\u0131n\u0131 bir araya getirirken; h\u0131z, a\u00e7\u0131 ve kontrol\u00fcn puanland\u0131\u011f\u0131 zorlu m\u00fccadelelere sahne oluyor. Sezon boyunca farkl\u0131 \u00fclkelerde d\u00fczenlenen etaplar\u0131n ard\u0131ndan en y\u00fcksek puan\u0131 toplayan pilot \u015fampiyonlu\u011fa ula\u015f\u0131yor.<\/p>\n<p>&nbsp;<\/p>\n<p><strong>D\u00dcNYA SAHNES\u0130NDE B\u0130R KIBRISLI<\/strong><\/p>\n<p>Uluslararas\u0131 drift sahnesinde elde etti\u011fi ba\u015far\u0131larla ad\u0131ndan s\u00f6z ettiren NEU Drift Racing Team pilotu Enver Haskasap, y\u0131llard\u0131r direksiyon ba\u015f\u0131ndaki performans\u0131yla \u00f6ne \u00e7\u0131k\u0131yor. Agresif ancak kontroll\u00fc s\u00fcr\u00fc\u015f tarz\u0131yla tan\u0131nan Haskasap, Drift Masters Grand Prix 2026 sezonunda m\u00fccadele edecek 37 elit pilot aras\u0131nda yer alarak d\u00fcnya sahnesinde T\u00fcrkiye ve KKTC\u2019yi temsil ediyor.<\/p>\n<p>Roma\u2019n\u0131n hemen d\u0131\u015f\u0131ndaki \u00fcnl\u00fc Autodromo di Vallelunga Piero Taruffi, 1.77 kilometrelik y\u00fcksek h\u0131zl\u0131, teknik ve \u201ckum oval\u0131\u201d yap\u0131s\u0131yla bilinen bir pist olarak ilk kez Drift Masters\u2019a ev sahipli\u011fi yapacak ve pilotlar\u0131 zorlayacak. Sezonun a\u00e7\u0131l\u0131\u015f aya\u011f\u0131 olmas\u0131 ve pistin yeni olmas\u0131, herkesin e\u015fit \u015fartlarda ba\u015flamas\u0131na olanak tan\u0131rken s\u00fcrpriz sonu\u00e7lara da kap\u0131 aral\u0131yor.<\/p>\n<p>Yedi etapl\u0131k zorlu sezon boyunca Avrupa\u2019n\u0131n en b\u00fcy\u00fck pistlerinde yar\u0131\u015facak olan Haskasap, Roma\u2019daki Vallelunga Pisti\u2019nde ger\u00e7ekle\u015ftirilecek a\u00e7\u0131l\u0131\u015f etab\u0131nda g\u00fc\u00e7l\u00fc rakiplerine kar\u015f\u0131 zirve m\u00fccadelesi verecek. Sezonun genel dengesi a\u00e7\u0131s\u0131ndan kritik bir ba\u015flang\u0131\u00e7 olarak g\u00f6r\u00fclen bu yar\u0131\u015fta, deneyimli pilotun performans\u0131 yak\u0131ndan takip edilecek.<\/p>\n<p>&nbsp;<\/p>\n<p><strong>HEDEFLER\u0130M\u0130Z B\u00dcY\u00dcK<\/strong><\/p>\n<p>Roma\u2019daki sezon a\u00e7\u0131l\u0131\u015f\u0131 \u00f6ncesinde de\u011ferlendirmelerde bulunan Enver Haskasap, Drift Masters Grand Prix\u2019de yar\u0131\u015fman\u0131n b\u00fcy\u00fck bir gurur oldu\u011funu belirterek, \u201cElbette her pilot gibi benim de hedefim \u00fcst s\u0131ralarda yer almak ve ba\u015far\u0131l\u0131 bir ba\u015flang\u0131\u00e7 yapmak\u201d dedi.<\/p>\n<p>Yar\u0131\u015f\u0131n zorluk derecesine de de\u011finen Haskasap, \u201cBurada hata affedilmiyor. Kar\u015f\u0131m\u0131zda Avrupa\u2019n\u0131n en iyi pilotlar\u0131 var. Ancak biz de bu seviyeye tesad\u00fcfen gelmedik. Haz\u0131rl\u0131\u011f\u0131m\u0131z\u0131 yapt\u0131k, m\u00fccadeleye haz\u0131r\u0131z\u201d ifadelerini kulland\u0131.<\/p>\n<p>&nbsp;<\/p>\n<p>&nbsp;<\/p>\n<p>KKTC motor sporlar\u0131n\u0131n geli\u015fimine de dikkat \u00e7eken deneyimli pilot, \u201cY\u0131llard\u0131r sadece kendim i\u00e7in de\u011fil, \u00fclkemin motor sporlar\u0131 ad\u0131na \u00e7al\u0131\u015f\u0131yorum. Bug\u00fcn geldi\u011fimiz noktada uluslararas\u0131 arenada s\u00f6z sahibi olabiliyorsak, bu b\u00fcy\u00fck bir eme\u011fin sonucu. Amac\u0131m bu sporu daha ileriye ta\u015f\u0131mak ve gen\u00e7lere do\u011fru bir yol a\u00e7mak\u201d dedi.<\/p>\n<p>Enver Haskasap, 2026 sezonunda s\u0131n\u0131rlar\u0131 zorlamak i\u00e7in y\u00fcksek m\u00fchendislik \u00fcr\u00fcn\u00fc bir ara\u00e7la piste \u00e7\u0131k\u0131yor. 1-2 May\u0131s tarihlerinde Roma aya\u011f\u0131nda, \u0130talya\u2019n\u0131n yeni teknik pisti Vallelunga\u2019da 1000 beygir g\u00fcc\u00fcndeki Nissan Silvia S15 arac\u0131n\u0131n performans\u0131n\u0131 sergileyecek. James Deane, Piotr Wi\u0119cek ve Conor Shanahan gibi \u015fampiyon isimlerle k\u0131yas\u0131ya m\u00fccadele edecek olan Haskasap, yeni efsanelerin do\u011faca\u011f\u0131 bir sezonun sinyallerini veriyor.<\/p>\n<p>Sezon hedeflerini de net \u015fekilde ortaya koyan Haskasap, \u201cBu sadece bir yar\u0131\u015f de\u011fil, uzun bir sezonun ba\u015flang\u0131c\u0131. \u0130stikrar \u00e7ok \u00f6nemli. Her etapta puan toplayarak sezon sonunda zirve m\u00fccadelesinin i\u00e7inde olmak istiyorum\u201d diyerek s\u00f6zlerini tamamlad\u0131.<\/p>\n<p>Drift Masters 2026 sezonu boyunca Enver Haskasap\u2019\u0131n performans\u0131n\u0131 ve \u015fampiyonluk m\u00fccadelesini, ana yay\u0131nc\u0131 platformlar olan Red Bull TV ile Drift Masters YouTube kanal\u0131 \u00fczerinden canl\u0131 olarak izlemek m\u00fcmk\u00fcn olacak.<\/p>\n<p>&nbsp;<\/p>\n","protected":false},"excerpt":{"rendered":"<p>ENVER HASKASAP ROMA\u2019DA SEZONU A\u00c7IYOR Drift Masters Grand Prix 2026\u2019da hedef zirve Avrupa drift sahnesinin en prestijli serilerinden Drift Masters Grand Prix, Roma\u2019da start al\u0131yor. KKTC\u2019li \u015fampiyon pilot Enver Haskasap, Vallelunga\u2019da k\u00fcrs\u00fc i\u00e7in piste \u00e7\u0131kacak. Avrupa\u2019n\u0131n en \u00fcst d\u00fczey drift organizasyonlar\u0131ndan biri olan Drift Masters Grand Prix, 2026 sezonuna 1-2 May\u0131s tarihlerinde \u0130talya\u2019n\u0131n ba\u015fkenti Roma\u2019da [&hellip;]<\/p>\n","protected":false},"author":1,"featured_media":36925,"comment_status":"open","ping_status":"open","sticky":false,"template":"","format":"standard","meta":{"jnews-multi-image_gallery":[],"jnews_single_post":[],"jnews_primary_category":[],"footnotes":""},"categories":[1],"tags":[],"class_list":["post-36924","post","type-post","status-publish","format-standard","has-post-thumbnail","hentry","category-kibris"],"yoast_head":"<!-- This site is optimized with the Yoast SEO plugin v27.5 - https:\/\/yoast.com\/product\/yoast-seo-wordpress\/ -->\n<title>ENVER HASKASAP ROMA\u2019DA SEZONU A\u00c7IYOR - Haber Kuzey<\/title>\n<meta name=\"robots\" content=\"index, follow, max-snippet:-1, max-image-preview:large, max-video-preview:-1\" \/>\n<link rel=\"canonical\" href=\"https:\/\/haberkuzey.com\/index.php\/2026\/04\/30\/enver-haskasap-romada-sezonu-aciyor\/\" \/>\n<meta property=\"og:locale\" content=\"tr_TR\" \/>\n<meta property=\"og:type\" content=\"article\" \/>\n<meta property=\"og:title\" content=\"ENVER HASKASAP ROMA\u2019DA SEZONU A\u00c7IYOR - Haber Kuzey\" \/>\n<meta property=\"og:description\" content=\"ENVER HASKASAP ROMA\u2019DA SEZONU A\u00c7IYOR Drift Masters Grand Prix 2026\u2019da hedef zirve Avrupa drift sahnesinin en prestijli serilerinden Drift Masters Grand Prix, Roma\u2019da start al\u0131yor. KKTC\u2019li \u015fampiyon pilot Enver Haskasap, Vallelunga\u2019da k\u00fcrs\u00fc i\u00e7in piste \u00e7\u0131kacak. Avrupa\u2019n\u0131n en \u00fcst d\u00fczey drift organizasyonlar\u0131ndan biri olan Drift Masters Grand Prix, 2026 sezonuna 1-2 May\u0131s tarihlerinde \u0130talya\u2019n\u0131n ba\u015fkenti Roma\u2019da [&hellip;]\" \/>\n<meta property=\"og:url\" content=\"https:\/\/haberkuzey.com\/index.php\/2026\/04\/30\/enver-haskasap-romada-sezonu-aciyor\/\" \/>\n<meta property=\"og:site_name\" content=\"Haber Kuzey\" \/>\n<meta property=\"article:published_time\" content=\"2026-04-30T14:21:54+00:00\" \/>\n<meta property=\"article:modified_time\" content=\"2026-04-30T14:22:04+00:00\" \/>\n<meta property=\"og:image\" content=\"https:\/\/haberkuzey.com\/wp-content\/uploads\/2026\/04\/WhatsApp-Image-2026-04-30-at-16.21.55.jpeg\" \/>\n\t<meta property=\"og:image:width\" content=\"1080\" \/>\n\t<meta property=\"og:image:height\" content=\"1350\" \/>\n\t<meta property=\"og:image:type\" content=\"image\/jpeg\" \/>\n<meta name=\"author\" content=\"haberkuzey\" \/>\n<meta name=\"twitter:card\" content=\"summary_large_image\" \/>\n<meta name=\"twitter:label1\" content=\"Yazan:\" \/>\n\t<meta name=\"twitter:data1\" content=\"haberkuzey\" \/>\n\t<meta name=\"twitter:label2\" content=\"Tahmini okuma s\u00fcresi\" \/>\n\t<meta name=\"twitter:data2\" content=\"3 dakika\" \/>\n<script type=\"application\/ld+json\" class=\"yoast-schema-graph\">{\"@context\":\"https:\\\/\\\/schema.org\",\"@graph\":[{\"@type\":\"Article\",\"@id\":\"https:\\\/\\\/haberkuzey.com\\\/index.php\\\/2026\\\/04\\\/30\\\/enver-haskasap-romada-sezonu-aciyor\\\/#article\",\"isPartOf\":{\"@id\":\"https:\\\/\\\/haberkuzey.com\\\/index.php\\\/2026\\\/04\\\/30\\\/enver-haskasap-romada-sezonu-aciyor\\\/\"},\"author\":{\"name\":\"haberkuzey\",\"@id\":\"https:\\\/\\\/haberkuzey.com\\\/#\\\/schema\\\/person\\\/3372109ec735f9333f4fa47ebb9605ca\"},\"headline\":\"ENVER HASKASAP ROMA\u2019DA SEZONU A\u00c7IYOR\",\"datePublished\":\"2026-04-30T14:21:54+00:00\",\"dateModified\":\"2026-04-30T14:22:04+00:00\",\"mainEntityOfPage\":{\"@id\":\"https:\\\/\\\/haberkuzey.com\\\/index.php\\\/2026\\\/04\\\/30\\\/enver-haskasap-romada-sezonu-aciyor\\\/\"},\"wordCount\":679,\"commentCount\":0,\"image\":{\"@id\":\"https:\\\/\\\/haberkuzey.com\\\/index.php\\\/2026\\\/04\\\/30\\\/enver-haskasap-romada-sezonu-aciyor\\\/#primaryimage\"},\"thumbnailUrl\":\"https:\\\/\\\/haberkuzey.com\\\/wp-content\\\/uploads\\\/2026\\\/04\\\/WhatsApp-Image-2026-04-30-at-16.21.55.jpeg\",\"articleSection\":[\"K\u0131br\u0131s\"],\"inLanguage\":\"tr\",\"potentialAction\":[{\"@type\":\"CommentAction\",\"name\":\"Comment\",\"target\":[\"https:\\\/\\\/haberkuzey.com\\\/index.php\\\/2026\\\/04\\\/30\\\/enver-haskasap-romada-sezonu-aciyor\\\/#respond\"]}]},{\"@type\":\"WebPage\",\"@id\":\"https:\\\/\\\/haberkuzey.com\\\/index.php\\\/2026\\\/04\\\/30\\\/enver-haskasap-romada-sezonu-aciyor\\\/\",\"url\":\"https:\\\/\\\/haberkuzey.com\\\/index.php\\\/2026\\\/04\\\/30\\\/enver-haskasap-romada-sezonu-aciyor\\\/\",\"name\":\"ENVER HASKASAP ROMA\u2019DA SEZONU A\u00c7IYOR - Haber Kuzey\",\"isPartOf\":{\"@id\":\"https:\\\/\\\/haberkuzey.com\\\/#website\"},\"primaryImageOfPage\":{\"@id\":\"https:\\\/\\\/haberkuzey.com\\\/index.php\\\/2026\\\/04\\\/30\\\/enver-haskasap-romada-sezonu-aciyor\\\/#primaryimage\"},\"image\":{\"@id\":\"https:\\\/\\\/haberkuzey.com\\\/index.php\\\/2026\\\/04\\\/30\\\/enver-haskasap-romada-sezonu-aciyor\\\/#primaryimage\"},\"thumbnailUrl\":\"https:\\\/\\\/haberkuzey.com\\\/wp-content\\\/uploads\\\/2026\\\/04\\\/WhatsApp-Image-2026-04-30-at-16.21.55.jpeg\",\"datePublished\":\"2026-04-30T14:21:54+00:00\",\"dateModified\":\"2026-04-30T14:22:04+00:00\",\"author\":{\"@id\":\"https:\\\/\\\/haberkuzey.com\\\/#\\\/schema\\\/person\\\/3372109ec735f9333f4fa47ebb9605ca\"},\"breadcrumb\":{\"@id\":\"https:\\\/\\\/haberkuzey.com\\\/index.php\\\/2026\\\/04\\\/30\\\/enver-haskasap-romada-sezonu-aciyor\\\/#breadcrumb\"},\"inLanguage\":\"tr\",\"potentialAction\":[{\"@type\":\"ReadAction\",\"target\":[\"https:\\\/\\\/haberkuzey.com\\\/index.php\\\/2026\\\/04\\\/30\\\/enver-haskasap-romada-sezonu-aciyor\\\/\"]}]},{\"@type\":\"ImageObject\",\"inLanguage\":\"tr\",\"@id\":\"https:\\\/\\\/haberkuzey.com\\\/index.php\\\/2026\\\/04\\\/30\\\/enver-haskasap-romada-sezonu-aciyor\\\/#primaryimage\",\"url\":\"https:\\\/\\\/haberkuzey.com\\\/wp-content\\\/uploads\\\/2026\\\/04\\\/WhatsApp-Image-2026-04-30-at-16.21.55.jpeg\",\"contentUrl\":\"https:\\\/\\\/haberkuzey.com\\\/wp-content\\\/uploads\\\/2026\\\/04\\\/WhatsApp-Image-2026-04-30-at-16.21.55.jpeg\",\"width\":1080,\"height\":1350},{\"@type\":\"BreadcrumbList\",\"@id\":\"https:\\\/\\\/haberkuzey.com\\\/index.php\\\/2026\\\/04\\\/30\\\/enver-haskasap-romada-sezonu-aciyor\\\/#breadcrumb\",\"itemListElement\":[{\"@type\":\"ListItem\",\"position\":1,\"name\":\"Anasayfa\",\"item\":\"https:\\\/\\\/haberkuzey.com\\\/\"},{\"@type\":\"ListItem\",\"position\":2,\"name\":\"ENVER HASKASAP ROMA\u2019DA SEZONU A\u00c7IYOR\"}]},{\"@type\":\"WebSite\",\"@id\":\"https:\\\/\\\/haberkuzey.com\\\/#website\",\"url\":\"https:\\\/\\\/haberkuzey.com\\\/\",\"name\":\"Haber Kuzey\",\"description\":\"Do\u011fru Haberin Adresi\",\"potentialAction\":[{\"@type\":\"SearchAction\",\"target\":{\"@type\":\"EntryPoint\",\"urlTemplate\":\"https:\\\/\\\/haberkuzey.com\\\/?s={search_term_string}\"},\"query-input\":{\"@type\":\"PropertyValueSpecification\",\"valueRequired\":true,\"valueName\":\"search_term_string\"}}],\"inLanguage\":\"tr\"},{\"@type\":\"Person\",\"@id\":\"https:\\\/\\\/haberkuzey.com\\\/#\\\/schema\\\/person\\\/3372109ec735f9333f4fa47ebb9605ca\",\"name\":\"haberkuzey\",\"image\":{\"@type\":\"ImageObject\",\"inLanguage\":\"tr\",\"@id\":\"https:\\\/\\\/secure.gravatar.com\\\/avatar\\\/f5fc875574b1575324358c3b9e6a32b8227aa5b74f3fa22e3cadb63e26fcc39c?s=96&d=mm&r=g\",\"url\":\"https:\\\/\\\/secure.gravatar.com\\\/avatar\\\/f5fc875574b1575324358c3b9e6a32b8227aa5b74f3fa22e3cadb63e26fcc39c?s=96&d=mm&r=g\",\"contentUrl\":\"https:\\\/\\\/secure.gravatar.com\\\/avatar\\\/f5fc875574b1575324358c3b9e6a32b8227aa5b74f3fa22e3cadb63e26fcc39c?s=96&d=mm&r=g\",\"caption\":\"haberkuzey\"},\"sameAs\":[\"https:\\\/\\\/haberkuzey.com\"],\"url\":\"https:\\\/\\\/haberkuzey.com\\\/index.php\\\/author\\\/haberkuzey\\\/\"}]}<\/script>\n<!-- \/ Yoast SEO plugin. -->","yoast_head_json":{"title":"ENVER HASKASAP ROMA\u2019DA SEZONU A\u00c7IYOR - Haber Kuzey","robots":{"index":"index","follow":"follow","max-snippet":"max-snippet:-1","max-image-preview":"max-image-preview:large","max-video-preview":"max-video-preview:-1"},"canonical":"https:\/\/haberkuzey.com\/index.php\/2026\/04\/30\/enver-haskasap-romada-sezonu-aciyor\/","og_locale":"tr_TR","og_type":"article","og_title":"ENVER HASKASAP ROMA\u2019DA SEZONU A\u00c7IYOR - Haber Kuzey","og_description":"ENVER HASKASAP ROMA\u2019DA SEZONU A\u00c7IYOR Drift Masters Grand Prix 2026\u2019da hedef zirve Avrupa drift sahnesinin en prestijli serilerinden Drift Masters Grand Prix, Roma\u2019da start al\u0131yor. KKTC\u2019li \u015fampiyon pilot Enver Haskasap, Vallelunga\u2019da k\u00fcrs\u00fc i\u00e7in piste \u00e7\u0131kacak. Avrupa\u2019n\u0131n en \u00fcst d\u00fczey drift organizasyonlar\u0131ndan biri olan Drift Masters Grand Prix, 2026 sezonuna 1-2 May\u0131s tarihlerinde \u0130talya\u2019n\u0131n ba\u015fkenti Roma\u2019da [&hellip;]","og_url":"https:\/\/haberkuzey.com\/index.php\/2026\/04\/30\/enver-haskasap-romada-sezonu-aciyor\/","og_site_name":"Haber Kuzey","article_published_time":"2026-04-30T14:21:54+00:00","article_modified_time":"2026-04-30T14:22:04+00:00","og_image":[{"width":1080,"height":1350,"url":"https:\/\/haberkuzey.com\/wp-content\/uploads\/2026\/04\/WhatsApp-Image-2026-04-30-at-16.21.55.jpeg","type":"image\/jpeg"}],"author":"haberkuzey","twitter_card":"summary_large_image","twitter_misc":{"Yazan:":"haberkuzey","Tahmini okuma s\u00fcresi":"3 dakika"},"schema":{"@context":"https:\/\/schema.org","@graph":[{"@type":"Article","@id":"https:\/\/haberkuzey.com\/index.php\/2026\/04\/30\/enver-haskasap-romada-sezonu-aciyor\/#article","isPartOf":{"@id":"https:\/\/haberkuzey.com\/index.php\/2026\/04\/30\/enver-haskasap-romada-sezonu-aciyor\/"},"author":{"name":"haberkuzey","@id":"https:\/\/haberkuzey.com\/#\/schema\/person\/3372109ec735f9333f4fa47ebb9605ca"},"headline":"ENVER HASKASAP ROMA\u2019DA SEZONU A\u00c7IYOR","datePublished":"2026-04-30T14:21:54+00:00","dateModified":"2026-04-30T14:22:04+00:00","mainEntityOfPage":{"@id":"https:\/\/haberkuzey.com\/index.php\/2026\/04\/30\/enver-haskasap-romada-sezonu-aciyor\/"},"wordCount":679,"commentCount":0,"image":{"@id":"https:\/\/haberkuzey.com\/index.php\/2026\/04\/30\/enver-haskasap-romada-sezonu-aciyor\/#primaryimage"},"thumbnailUrl":"https:\/\/haberkuzey.com\/wp-content\/uploads\/2026\/04\/WhatsApp-Image-2026-04-30-at-16.21.55.jpeg","articleSection":["K\u0131br\u0131s"],"inLanguage":"tr","potentialAction":[{"@type":"CommentAction","name":"Comment","target":["https:\/\/haberkuzey.com\/index.php\/2026\/04\/30\/enver-haskasap-romada-sezonu-aciyor\/#respond"]}]},{"@type":"WebPage","@id":"https:\/\/haberkuzey.com\/index.php\/2026\/04\/30\/enver-haskasap-romada-sezonu-aciyor\/","url":"https:\/\/haberkuzey.com\/index.php\/2026\/04\/30\/enver-haskasap-romada-sezonu-aciyor\/","name":"ENVER HASKASAP ROMA\u2019DA SEZONU A\u00c7IYOR - Haber Kuzey","isPartOf":{"@id":"https:\/\/haberkuzey.com\/#website"},"primaryImageOfPage":{"@id":"https:\/\/haberkuzey.com\/index.php\/2026\/04\/30\/enver-haskasap-romada-sezonu-aciyor\/#primaryimage"},"image":{"@id":"https:\/\/haberkuzey.com\/index.php\/2026\/04\/30\/enver-haskasap-romada-sezonu-aciyor\/#primaryimage"},"thumbnailUrl":"https:\/\/haberkuzey.com\/wp-content\/uploads\/2026\/04\/WhatsApp-Image-2026-04-30-at-16.21.55.jpeg","datePublished":"2026-04-30T14:21:54+00:00","dateModified":"2026-04-30T14:22:04+00:00","author":{"@id":"https:\/\/haberkuzey.com\/#\/schema\/person\/3372109ec735f9333f4fa47ebb9605ca"},"breadcrumb":{"@id":"https:\/\/haberkuzey.com\/index.php\/2026\/04\/30\/enver-haskasap-romada-sezonu-aciyor\/#breadcrumb"},"inLanguage":"tr","potentialAction":[{"@type":"ReadAction","target":["https:\/\/haberkuzey.com\/index.php\/2026\/04\/30\/enver-haskasap-romada-sezonu-aciyor\/"]}]},{"@type":"ImageObject","inLanguage":"tr","@id":"https:\/\/haberkuzey.com\/index.php\/2026\/04\/30\/enver-haskasap-romada-sezonu-aciyor\/#primaryimage","url":"https:\/\/haberkuzey.com\/wp-content\/uploads\/2026\/04\/WhatsApp-Image-2026-04-30-at-16.21.55.jpeg","contentUrl":"https:\/\/haberkuzey.com\/wp-content\/uploads\/2026\/04\/WhatsApp-Image-2026-04-30-at-16.21.55.jpeg","width":1080,"height":1350},{"@type":"BreadcrumbList","@id":"https:\/\/haberkuzey.com\/index.php\/2026\/04\/30\/enver-haskasap-romada-sezonu-aciyor\/#breadcrumb","itemListElement":[{"@type":"ListItem","position":1,"name":"Anasayfa","item":"https:\/\/haberkuzey.com\/"},{"@type":"ListItem","position":2,"name":"ENVER HASKASAP ROMA\u2019DA SEZONU A\u00c7IYOR"}]},{"@type":"WebSite","@id":"https:\/\/haberkuzey.com\/#website","url":"https:\/\/haberkuzey.com\/","name":"Haber Kuzey","description":"Do\u011fru Haberin Adresi","potentialAction":[{"@type":"SearchAction","target":{"@type":"EntryPoint","urlTemplate":"https:\/\/haberkuzey.com\/?s={search_term_string}"},"query-input":{"@type":"PropertyValueSpecification","valueRequired":true,"valueName":"search_term_string"}}],"inLanguage":"tr"},{"@type":"Person","@id":"https:\/\/haberkuzey.com\/#\/schema\/person\/3372109ec735f9333f4fa47ebb9605ca","name":"haberkuzey","image":{"@type":"ImageObject","inLanguage":"tr","@id":"https:\/\/secure.gravatar.com\/avatar\/f5fc875574b1575324358c3b9e6a32b8227aa5b74f3fa22e3cadb63e26fcc39c?s=96&d=mm&r=g","url":"https:\/\/secure.gravatar.com\/avatar\/f5fc875574b1575324358c3b9e6a32b8227aa5b74f3fa22e3cadb63e26fcc39c?s=96&d=mm&r=g","contentUrl":"https:\/\/secure.gravatar.com\/avatar\/f5fc875574b1575324358c3b9e6a32b8227aa5b74f3fa22e3cadb63e26fcc39c?s=96&d=mm&r=g","caption":"haberkuzey"},"sameAs":["https:\/\/haberkuzey.com"],"url":"https:\/\/haberkuzey.com\/index.php\/author\/haberkuzey\/"}]}},"_links":{"self":[{"href":"https:\/\/haberkuzey.com\/index.php\/wp-json\/wp\/v2\/posts\/36924","targetHints":{"allow":["GET"]}}],"collection":[{"href":"https:\/\/haberkuzey.com\/index.php\/wp-json\/wp\/v2\/posts"}],"about":[{"href":"https:\/\/haberkuzey.com\/index.php\/wp-json\/wp\/v2\/types\/post"}],"author":[{"embeddable":true,"href":"https:\/\/haberkuzey.com\/index.php\/wp-json\/wp\/v2\/users\/1"}],"replies":[{"embeddable":true,"href":"https:\/\/haberkuzey.com\/index.php\/wp-json\/wp\/v2\/comments?post=36924"}],"version-history":[{"count":1,"href":"https:\/\/haberkuzey.com\/index.php\/wp-json\/wp\/v2\/posts\/36924\/revisions"}],"predecessor-version":[{"id":36926,"href":"https:\/\/haberkuzey.com\/index.php\/wp-json\/wp\/v2\/posts\/36924\/revisions\/36926"}],"wp:featuredmedia":[{"embeddable":true,"href":"https:\/\/haberkuzey.com\/index.php\/wp-json\/wp\/v2\/media\/36925"}],"wp:attachment":[{"href":"https:\/\/haberkuzey.com\/index.php\/wp-json\/wp\/v2\/media?parent=36924"}],"wp:term":[{"taxonomy":"category","embeddable":true,"href":"https:\/\/haberkuzey.com\/index.php\/wp-json\/wp\/v2\/categories?post=36924"},{"taxonomy":"post_tag","embeddable":true,"href":"https:\/\/haberkuzey.com\/index.php\/wp-json\/wp\/v2\/tags?post=36924"}],"curies":[{"name":"wp","href":"https:\/\/api.w.org\/{rel}","templated":true}]}}