{"id":36912,"date":"2026-04-30T15:20:51","date_gmt":"2026-04-30T12:20:51","guid":{"rendered":"https:\/\/haberkuzey.com\/index.php\/2026\/04\/30\/khurram-asgari-ucrette-kesintiler-kabul-edilemez\/"},"modified":"2026-04-30T15:20:59","modified_gmt":"2026-04-30T12:20:59","slug":"khurram-asgari-ucrette-kesintiler-kabul-edilemez","status":"publish","type":"post","link":"https:\/\/haberkuzey.com\/index.php\/2026\/04\/30\/khurram-asgari-ucrette-kesintiler-kabul-edilemez\/","title":{"rendered":"Khurram: Asgari \u00fccrette kesintiler kabul edilemez"},"content":{"rendered":"<p>Pakistan K\u00fclt\u00fcr ve Dayan\u0131\u015fma Derne\u011fi Ba\u015fkan\u0131 Shahzad Khurram, \u00fc\u00e7\u00fcnc\u00fc \u00fclke vatanda\u015flar\u0131n\u0131n a\u011f\u0131r ko\u015fullarda \u00e7al\u0131\u015ft\u0131r\u0131ld\u0131\u011f\u0131n\u0131 belirterek, asgari \u00fccret \u00fczerinden yap\u0131lan kesintilerin yeniden de\u011ferlendirilmesi \u00e7a\u011fr\u0131s\u0131 yapt\u0131.<\/p>\n<p>Pakistan K\u00fclt\u00fcr ve Dayan\u0131\u015fma Derne\u011fi Ba\u015fkan\u0131 Shahzad Khurram, asgari \u00fccret yasas\u0131na ili\u015fkin yapt\u0131\u011f\u0131 a\u00e7\u0131klamada \u00fc\u00e7\u00fcnc\u00fc \u00fclke vatanda\u015flar\u0131n\u0131n \u00e7al\u0131\u015fma ko\u015fullar\u0131na dikkat \u00e7ekti.<\/p>\n<p>Khurram, bu ki\u015filerin \u00fclkeye ekonomik katk\u0131 sa\u011flad\u0131\u011f\u0131n\u0131 ancak uzun \u00e7al\u0131\u015fma saatleri, g\u00fcvencesiz istihdam ve kay\u0131t d\u0131\u015f\u0131 \u00e7al\u0131\u015fma gibi ciddi sorunlarla kar\u015f\u0131 kar\u015f\u0131ya kald\u0131\u011f\u0131n\u0131 ifade etti. \u0130n\u015faat sekt\u00f6r\u00fcnde i\u015f g\u00fcvenli\u011fi eksiklikleri nedeniyle s\u0131k s\u0131k can kay\u0131plar\u0131 ya\u015fand\u0131\u011f\u0131n\u0131 belirten Khurram, denetimlerin yetersiz oldu\u011funu savundu.<\/p>\n<p>Asgari \u00fccret \u00fczerinden y\u00fczde 40\u2019a varan kesintilerin kabul edilemez oldu\u011funu dile getiren Khurram, i\u015f\u00e7ilerin bar\u0131nma ve temel ihtiya\u00e7lar\u0131n\u0131n yetersiz ko\u015fullarda kar\u015f\u0131land\u0131\u011f\u0131n\u0131 s\u00f6yledi.<\/p>\n<p>Gurbet\u00e7i i\u015f\u00e7ilerin en temel hakk\u0131 olan asgari \u00fccretin dahi tam olarak verilmedi\u011fini vurgulayan Khurram, yetkililere \u00e7a\u011fr\u0131da bulunarak i\u015f\u00e7i haklar\u0131n\u0131n korunmas\u0131 i\u00e7in denetimlerin art\u0131r\u0131lmas\u0131 gerekti\u011fini belirtti.<\/p>\n<p>Khurram, kay\u0131t d\u0131\u015f\u0131 \u00e7al\u0131\u015fman\u0131n \u00f6nlenmesi, i\u015f g\u00fcvenli\u011fi standartlar\u0131n\u0131n uygulanmas\u0131 ve \u00e7al\u0131\u015fanlara insan onuruna yak\u0131\u015f\u0131r ya\u015fam ko\u015fullar\u0131n\u0131n sa\u011flanmas\u0131 gerekti\u011fini ifade etti.<\/p>\n","protected":false},"excerpt":{"rendered":"<p>Pakistan K\u00fclt\u00fcr ve Dayan\u0131\u015fma Derne\u011fi Ba\u015fkan\u0131 Shahzad Khurram, \u00fc\u00e7\u00fcnc\u00fc \u00fclke vatanda\u015flar\u0131n\u0131n a\u011f\u0131r ko\u015fullarda \u00e7al\u0131\u015ft\u0131r\u0131ld\u0131\u011f\u0131n\u0131 belirterek, asgari \u00fccret \u00fczerinden yap\u0131lan kesintilerin yeniden de\u011ferlendirilmesi \u00e7a\u011fr\u0131s\u0131 yapt\u0131. Pakistan K\u00fclt\u00fcr ve Dayan\u0131\u015fma Derne\u011fi Ba\u015fkan\u0131 Shahzad Khurram, asgari \u00fccret yasas\u0131na ili\u015fkin yapt\u0131\u011f\u0131 a\u00e7\u0131klamada \u00fc\u00e7\u00fcnc\u00fc \u00fclke vatanda\u015flar\u0131n\u0131n \u00e7al\u0131\u015fma ko\u015fullar\u0131na dikkat \u00e7ekti. Khurram, bu ki\u015filerin \u00fclkeye ekonomik katk\u0131 sa\u011flad\u0131\u011f\u0131n\u0131 ancak uzun \u00e7al\u0131\u015fma [&hellip;]<\/p>\n","protected":false},"author":1,"featured_media":36913,"comment_status":"open","ping_status":"open","sticky":false,"template":"","format":"standard","meta":{"jnews-multi-image_gallery":[],"jnews_single_post":[],"jnews_primary_category":[],"footnotes":""},"categories":[1],"tags":[],"class_list":["post-36912","post","type-post","status-publish","format-standard","has-post-thumbnail","hentry","category-kibris"],"yoast_head":"<!-- This site is optimized with the Yoast SEO plugin v27.5 - https:\/\/yoast.com\/product\/yoast-seo-wordpress\/ -->\n<title>Khurram: Asgari \u00fccrette kesintiler kabul edilemez - Haber Kuzey<\/title>\n<meta name=\"robots\" content=\"index, follow, max-snippet:-1, max-image-preview:large, max-video-preview:-1\" \/>\n<link rel=\"canonical\" href=\"https:\/\/haberkuzey.com\/index.php\/2026\/04\/30\/khurram-asgari-ucrette-kesintiler-kabul-edilemez\/\" \/>\n<meta property=\"og:locale\" content=\"tr_TR\" \/>\n<meta property=\"og:type\" content=\"article\" \/>\n<meta property=\"og:title\" content=\"Khurram: Asgari \u00fccrette kesintiler kabul edilemez - Haber Kuzey\" \/>\n<meta property=\"og:description\" content=\"Pakistan K\u00fclt\u00fcr ve Dayan\u0131\u015fma Derne\u011fi Ba\u015fkan\u0131 Shahzad Khurram, \u00fc\u00e7\u00fcnc\u00fc \u00fclke vatanda\u015flar\u0131n\u0131n a\u011f\u0131r ko\u015fullarda \u00e7al\u0131\u015ft\u0131r\u0131ld\u0131\u011f\u0131n\u0131 belirterek, asgari \u00fccret \u00fczerinden yap\u0131lan kesintilerin yeniden de\u011ferlendirilmesi \u00e7a\u011fr\u0131s\u0131 yapt\u0131. Pakistan K\u00fclt\u00fcr ve Dayan\u0131\u015fma Derne\u011fi Ba\u015fkan\u0131 Shahzad Khurram, asgari \u00fccret yasas\u0131na ili\u015fkin yapt\u0131\u011f\u0131 a\u00e7\u0131klamada \u00fc\u00e7\u00fcnc\u00fc \u00fclke vatanda\u015flar\u0131n\u0131n \u00e7al\u0131\u015fma ko\u015fullar\u0131na dikkat \u00e7ekti. Khurram, bu ki\u015filerin \u00fclkeye ekonomik katk\u0131 sa\u011flad\u0131\u011f\u0131n\u0131 ancak uzun \u00e7al\u0131\u015fma [&hellip;]\" \/>\n<meta property=\"og:url\" content=\"https:\/\/haberkuzey.com\/index.php\/2026\/04\/30\/khurram-asgari-ucrette-kesintiler-kabul-edilemez\/\" \/>\n<meta property=\"og:site_name\" content=\"Haber Kuzey\" \/>\n<meta property=\"article:published_time\" content=\"2026-04-30T12:20:51+00:00\" \/>\n<meta property=\"article:modified_time\" content=\"2026-04-30T12:20:59+00:00\" \/>\n<meta property=\"og:image\" content=\"https:\/\/haberkuzey.com\/wp-content\/uploads\/2026\/04\/Yeni-Proje-8-7.jpg\" \/>\n\t<meta property=\"og:image:width\" content=\"971\" \/>\n\t<meta property=\"og:image:height\" content=\"551\" \/>\n\t<meta property=\"og:image:type\" content=\"image\/jpeg\" \/>\n<meta name=\"author\" content=\"haberkuzey\" \/>\n<meta name=\"twitter:card\" content=\"summary_large_image\" \/>\n<meta name=\"twitter:label1\" content=\"Yazan:\" \/>\n\t<meta name=\"twitter:data1\" content=\"haberkuzey\" \/>\n\t<meta name=\"twitter:label2\" content=\"Tahmini okuma s\u00fcresi\" \/>\n\t<meta name=\"twitter:data2\" content=\"1 dakika\" \/>\n<script type=\"application\/ld+json\" class=\"yoast-schema-graph\">{\"@context\":\"https:\\\/\\\/schema.org\",\"@graph\":[{\"@type\":\"Article\",\"@id\":\"https:\\\/\\\/haberkuzey.com\\\/index.php\\\/2026\\\/04\\\/30\\\/khurram-asgari-ucrette-kesintiler-kabul-edilemez\\\/#article\",\"isPartOf\":{\"@id\":\"https:\\\/\\\/haberkuzey.com\\\/index.php\\\/2026\\\/04\\\/30\\\/khurram-asgari-ucrette-kesintiler-kabul-edilemez\\\/\"},\"author\":{\"name\":\"haberkuzey\",\"@id\":\"https:\\\/\\\/haberkuzey.com\\\/#\\\/schema\\\/person\\\/3372109ec735f9333f4fa47ebb9605ca\"},\"headline\":\"Khurram: Asgari \u00fccrette kesintiler kabul edilemez\",\"datePublished\":\"2026-04-30T12:20:51+00:00\",\"dateModified\":\"2026-04-30T12:20:59+00:00\",\"mainEntityOfPage\":{\"@id\":\"https:\\\/\\\/haberkuzey.com\\\/index.php\\\/2026\\\/04\\\/30\\\/khurram-asgari-ucrette-kesintiler-kabul-edilemez\\\/\"},\"wordCount\":250,\"commentCount\":0,\"image\":{\"@id\":\"https:\\\/\\\/haberkuzey.com\\\/index.php\\\/2026\\\/04\\\/30\\\/khurram-asgari-ucrette-kesintiler-kabul-edilemez\\\/#primaryimage\"},\"thumbnailUrl\":\"https:\\\/\\\/haberkuzey.com\\\/wp-content\\\/uploads\\\/2026\\\/04\\\/Yeni-Proje-8-7.jpg\",\"articleSection\":[\"K\u0131br\u0131s\"],\"inLanguage\":\"tr\",\"potentialAction\":[{\"@type\":\"CommentAction\",\"name\":\"Comment\",\"target\":[\"https:\\\/\\\/haberkuzey.com\\\/index.php\\\/2026\\\/04\\\/30\\\/khurram-asgari-ucrette-kesintiler-kabul-edilemez\\\/#respond\"]}]},{\"@type\":\"WebPage\",\"@id\":\"https:\\\/\\\/haberkuzey.com\\\/index.php\\\/2026\\\/04\\\/30\\\/khurram-asgari-ucrette-kesintiler-kabul-edilemez\\\/\",\"url\":\"https:\\\/\\\/haberkuzey.com\\\/index.php\\\/2026\\\/04\\\/30\\\/khurram-asgari-ucrette-kesintiler-kabul-edilemez\\\/\",\"name\":\"Khurram: Asgari \u00fccrette kesintiler kabul edilemez - Haber Kuzey\",\"isPartOf\":{\"@id\":\"https:\\\/\\\/haberkuzey.com\\\/#website\"},\"primaryImageOfPage\":{\"@id\":\"https:\\\/\\\/haberkuzey.com\\\/index.php\\\/2026\\\/04\\\/30\\\/khurram-asgari-ucrette-kesintiler-kabul-edilemez\\\/#primaryimage\"},\"image\":{\"@id\":\"https:\\\/\\\/haberkuzey.com\\\/index.php\\\/2026\\\/04\\\/30\\\/khurram-asgari-ucrette-kesintiler-kabul-edilemez\\\/#primaryimage\"},\"thumbnailUrl\":\"https:\\\/\\\/haberkuzey.com\\\/wp-content\\\/uploads\\\/2026\\\/04\\\/Yeni-Proje-8-7.jpg\",\"datePublished\":\"2026-04-30T12:20:51+00:00\",\"dateModified\":\"2026-04-30T12:20:59+00:00\",\"author\":{\"@id\":\"https:\\\/\\\/haberkuzey.com\\\/#\\\/schema\\\/person\\\/3372109ec735f9333f4fa47ebb9605ca\"},\"breadcrumb\":{\"@id\":\"https:\\\/\\\/haberkuzey.com\\\/index.php\\\/2026\\\/04\\\/30\\\/khurram-asgari-ucrette-kesintiler-kabul-edilemez\\\/#breadcrumb\"},\"inLanguage\":\"tr\",\"potentialAction\":[{\"@type\":\"ReadAction\",\"target\":[\"https:\\\/\\\/haberkuzey.com\\\/index.php\\\/2026\\\/04\\\/30\\\/khurram-asgari-ucrette-kesintiler-kabul-edilemez\\\/\"]}]},{\"@type\":\"ImageObject\",\"inLanguage\":\"tr\",\"@id\":\"https:\\\/\\\/haberkuzey.com\\\/index.php\\\/2026\\\/04\\\/30\\\/khurram-asgari-ucrette-kesintiler-kabul-edilemez\\\/#primaryimage\",\"url\":\"https:\\\/\\\/haberkuzey.com\\\/wp-content\\\/uploads\\\/2026\\\/04\\\/Yeni-Proje-8-7.jpg\",\"contentUrl\":\"https:\\\/\\\/haberkuzey.com\\\/wp-content\\\/uploads\\\/2026\\\/04\\\/Yeni-Proje-8-7.jpg\",\"width\":971,\"height\":551},{\"@type\":\"BreadcrumbList\",\"@id\":\"https:\\\/\\\/haberkuzey.com\\\/index.php\\\/2026\\\/04\\\/30\\\/khurram-asgari-ucrette-kesintiler-kabul-edilemez\\\/#breadcrumb\",\"itemListElement\":[{\"@type\":\"ListItem\",\"position\":1,\"name\":\"Anasayfa\",\"item\":\"https:\\\/\\\/haberkuzey.com\\\/\"},{\"@type\":\"ListItem\",\"position\":2,\"name\":\"Khurram: Asgari \u00fccrette kesintiler kabul edilemez\"}]},{\"@type\":\"WebSite\",\"@id\":\"https:\\\/\\\/haberkuzey.com\\\/#website\",\"url\":\"https:\\\/\\\/haberkuzey.com\\\/\",\"name\":\"Haber Kuzey\",\"description\":\"Do\u011fru Haberin Adresi\",\"potentialAction\":[{\"@type\":\"SearchAction\",\"target\":{\"@type\":\"EntryPoint\",\"urlTemplate\":\"https:\\\/\\\/haberkuzey.com\\\/?s={search_term_string}\"},\"query-input\":{\"@type\":\"PropertyValueSpecification\",\"valueRequired\":true,\"valueName\":\"search_term_string\"}}],\"inLanguage\":\"tr\"},{\"@type\":\"Person\",\"@id\":\"https:\\\/\\\/haberkuzey.com\\\/#\\\/schema\\\/person\\\/3372109ec735f9333f4fa47ebb9605ca\",\"name\":\"haberkuzey\",\"image\":{\"@type\":\"ImageObject\",\"inLanguage\":\"tr\",\"@id\":\"https:\\\/\\\/secure.gravatar.com\\\/avatar\\\/f5fc875574b1575324358c3b9e6a32b8227aa5b74f3fa22e3cadb63e26fcc39c?s=96&d=mm&r=g\",\"url\":\"https:\\\/\\\/secure.gravatar.com\\\/avatar\\\/f5fc875574b1575324358c3b9e6a32b8227aa5b74f3fa22e3cadb63e26fcc39c?s=96&d=mm&r=g\",\"contentUrl\":\"https:\\\/\\\/secure.gravatar.com\\\/avatar\\\/f5fc875574b1575324358c3b9e6a32b8227aa5b74f3fa22e3cadb63e26fcc39c?s=96&d=mm&r=g\",\"caption\":\"haberkuzey\"},\"sameAs\":[\"https:\\\/\\\/haberkuzey.com\"],\"url\":\"https:\\\/\\\/haberkuzey.com\\\/index.php\\\/author\\\/haberkuzey\\\/\"}]}<\/script>\n<!-- \/ Yoast SEO plugin. -->","yoast_head_json":{"title":"Khurram: Asgari \u00fccrette kesintiler kabul edilemez - Haber Kuzey","robots":{"index":"index","follow":"follow","max-snippet":"max-snippet:-1","max-image-preview":"max-image-preview:large","max-video-preview":"max-video-preview:-1"},"canonical":"https:\/\/haberkuzey.com\/index.php\/2026\/04\/30\/khurram-asgari-ucrette-kesintiler-kabul-edilemez\/","og_locale":"tr_TR","og_type":"article","og_title":"Khurram: Asgari \u00fccrette kesintiler kabul edilemez - Haber Kuzey","og_description":"Pakistan K\u00fclt\u00fcr ve Dayan\u0131\u015fma Derne\u011fi Ba\u015fkan\u0131 Shahzad Khurram, \u00fc\u00e7\u00fcnc\u00fc \u00fclke vatanda\u015flar\u0131n\u0131n a\u011f\u0131r ko\u015fullarda \u00e7al\u0131\u015ft\u0131r\u0131ld\u0131\u011f\u0131n\u0131 belirterek, asgari \u00fccret \u00fczerinden yap\u0131lan kesintilerin yeniden de\u011ferlendirilmesi \u00e7a\u011fr\u0131s\u0131 yapt\u0131. Pakistan K\u00fclt\u00fcr ve Dayan\u0131\u015fma Derne\u011fi Ba\u015fkan\u0131 Shahzad Khurram, asgari \u00fccret yasas\u0131na ili\u015fkin yapt\u0131\u011f\u0131 a\u00e7\u0131klamada \u00fc\u00e7\u00fcnc\u00fc \u00fclke vatanda\u015flar\u0131n\u0131n \u00e7al\u0131\u015fma ko\u015fullar\u0131na dikkat \u00e7ekti. Khurram, bu ki\u015filerin \u00fclkeye ekonomik katk\u0131 sa\u011flad\u0131\u011f\u0131n\u0131 ancak uzun \u00e7al\u0131\u015fma [&hellip;]","og_url":"https:\/\/haberkuzey.com\/index.php\/2026\/04\/30\/khurram-asgari-ucrette-kesintiler-kabul-edilemez\/","og_site_name":"Haber Kuzey","article_published_time":"2026-04-30T12:20:51+00:00","article_modified_time":"2026-04-30T12:20:59+00:00","og_image":[{"width":971,"height":551,"url":"https:\/\/haberkuzey.com\/wp-content\/uploads\/2026\/04\/Yeni-Proje-8-7.jpg","type":"image\/jpeg"}],"author":"haberkuzey","twitter_card":"summary_large_image","twitter_misc":{"Yazan:":"haberkuzey","Tahmini okuma s\u00fcresi":"1 dakika"},"schema":{"@context":"https:\/\/schema.org","@graph":[{"@type":"Article","@id":"https:\/\/haberkuzey.com\/index.php\/2026\/04\/30\/khurram-asgari-ucrette-kesintiler-kabul-edilemez\/#article","isPartOf":{"@id":"https:\/\/haberkuzey.com\/index.php\/2026\/04\/30\/khurram-asgari-ucrette-kesintiler-kabul-edilemez\/"},"author":{"name":"haberkuzey","@id":"https:\/\/haberkuzey.com\/#\/schema\/person\/3372109ec735f9333f4fa47ebb9605ca"},"headline":"Khurram: Asgari \u00fccrette kesintiler kabul edilemez","datePublished":"2026-04-30T12:20:51+00:00","dateModified":"2026-04-30T12:20:59+00:00","mainEntityOfPage":{"@id":"https:\/\/haberkuzey.com\/index.php\/2026\/04\/30\/khurram-asgari-ucrette-kesintiler-kabul-edilemez\/"},"wordCount":250,"commentCount":0,"image":{"@id":"https:\/\/haberkuzey.com\/index.php\/2026\/04\/30\/khurram-asgari-ucrette-kesintiler-kabul-edilemez\/#primaryimage"},"thumbnailUrl":"https:\/\/haberkuzey.com\/wp-content\/uploads\/2026\/04\/Yeni-Proje-8-7.jpg","articleSection":["K\u0131br\u0131s"],"inLanguage":"tr","potentialAction":[{"@type":"CommentAction","name":"Comment","target":["https:\/\/haberkuzey.com\/index.php\/2026\/04\/30\/khurram-asgari-ucrette-kesintiler-kabul-edilemez\/#respond"]}]},{"@type":"WebPage","@id":"https:\/\/haberkuzey.com\/index.php\/2026\/04\/30\/khurram-asgari-ucrette-kesintiler-kabul-edilemez\/","url":"https:\/\/haberkuzey.com\/index.php\/2026\/04\/30\/khurram-asgari-ucrette-kesintiler-kabul-edilemez\/","name":"Khurram: Asgari \u00fccrette kesintiler kabul edilemez - Haber Kuzey","isPartOf":{"@id":"https:\/\/haberkuzey.com\/#website"},"primaryImageOfPage":{"@id":"https:\/\/haberkuzey.com\/index.php\/2026\/04\/30\/khurram-asgari-ucrette-kesintiler-kabul-edilemez\/#primaryimage"},"image":{"@id":"https:\/\/haberkuzey.com\/index.php\/2026\/04\/30\/khurram-asgari-ucrette-kesintiler-kabul-edilemez\/#primaryimage"},"thumbnailUrl":"https:\/\/haberkuzey.com\/wp-content\/uploads\/2026\/04\/Yeni-Proje-8-7.jpg","datePublished":"2026-04-30T12:20:51+00:00","dateModified":"2026-04-30T12:20:59+00:00","author":{"@id":"https:\/\/haberkuzey.com\/#\/schema\/person\/3372109ec735f9333f4fa47ebb9605ca"},"breadcrumb":{"@id":"https:\/\/haberkuzey.com\/index.php\/2026\/04\/30\/khurram-asgari-ucrette-kesintiler-kabul-edilemez\/#breadcrumb"},"inLanguage":"tr","potentialAction":[{"@type":"ReadAction","target":["https:\/\/haberkuzey.com\/index.php\/2026\/04\/30\/khurram-asgari-ucrette-kesintiler-kabul-edilemez\/"]}]},{"@type":"ImageObject","inLanguage":"tr","@id":"https:\/\/haberkuzey.com\/index.php\/2026\/04\/30\/khurram-asgari-ucrette-kesintiler-kabul-edilemez\/#primaryimage","url":"https:\/\/haberkuzey.com\/wp-content\/uploads\/2026\/04\/Yeni-Proje-8-7.jpg","contentUrl":"https:\/\/haberkuzey.com\/wp-content\/uploads\/2026\/04\/Yeni-Proje-8-7.jpg","width":971,"height":551},{"@type":"BreadcrumbList","@id":"https:\/\/haberkuzey.com\/index.php\/2026\/04\/30\/khurram-asgari-ucrette-kesintiler-kabul-edilemez\/#breadcrumb","itemListElement":[{"@type":"ListItem","position":1,"name":"Anasayfa","item":"https:\/\/haberkuzey.com\/"},{"@type":"ListItem","position":2,"name":"Khurram: Asgari \u00fccrette kesintiler kabul edilemez"}]},{"@type":"WebSite","@id":"https:\/\/haberkuzey.com\/#website","url":"https:\/\/haberkuzey.com\/","name":"Haber Kuzey","description":"Do\u011fru Haberin Adresi","potentialAction":[{"@type":"SearchAction","target":{"@type":"EntryPoint","urlTemplate":"https:\/\/haberkuzey.com\/?s={search_term_string}"},"query-input":{"@type":"PropertyValueSpecification","valueRequired":true,"valueName":"search_term_string"}}],"inLanguage":"tr"},{"@type":"Person","@id":"https:\/\/haberkuzey.com\/#\/schema\/person\/3372109ec735f9333f4fa47ebb9605ca","name":"haberkuzey","image":{"@type":"ImageObject","inLanguage":"tr","@id":"https:\/\/secure.gravatar.com\/avatar\/f5fc875574b1575324358c3b9e6a32b8227aa5b74f3fa22e3cadb63e26fcc39c?s=96&d=mm&r=g","url":"https:\/\/secure.gravatar.com\/avatar\/f5fc875574b1575324358c3b9e6a32b8227aa5b74f3fa22e3cadb63e26fcc39c?s=96&d=mm&r=g","contentUrl":"https:\/\/secure.gravatar.com\/avatar\/f5fc875574b1575324358c3b9e6a32b8227aa5b74f3fa22e3cadb63e26fcc39c?s=96&d=mm&r=g","caption":"haberkuzey"},"sameAs":["https:\/\/haberkuzey.com"],"url":"https:\/\/haberkuzey.com\/index.php\/author\/haberkuzey\/"}]}},"_links":{"self":[{"href":"https:\/\/haberkuzey.com\/index.php\/wp-json\/wp\/v2\/posts\/36912","targetHints":{"allow":["GET"]}}],"collection":[{"href":"https:\/\/haberkuzey.com\/index.php\/wp-json\/wp\/v2\/posts"}],"about":[{"href":"https:\/\/haberkuzey.com\/index.php\/wp-json\/wp\/v2\/types\/post"}],"author":[{"embeddable":true,"href":"https:\/\/haberkuzey.com\/index.php\/wp-json\/wp\/v2\/users\/1"}],"replies":[{"embeddable":true,"href":"https:\/\/haberkuzey.com\/index.php\/wp-json\/wp\/v2\/comments?post=36912"}],"version-history":[{"count":1,"href":"https:\/\/haberkuzey.com\/index.php\/wp-json\/wp\/v2\/posts\/36912\/revisions"}],"predecessor-version":[{"id":36914,"href":"https:\/\/haberkuzey.com\/index.php\/wp-json\/wp\/v2\/posts\/36912\/revisions\/36914"}],"wp:featuredmedia":[{"embeddable":true,"href":"https:\/\/haberkuzey.com\/index.php\/wp-json\/wp\/v2\/media\/36913"}],"wp:attachment":[{"href":"https:\/\/haberkuzey.com\/index.php\/wp-json\/wp\/v2\/media?parent=36912"}],"wp:term":[{"taxonomy":"category","embeddable":true,"href":"https:\/\/haberkuzey.com\/index.php\/wp-json\/wp\/v2\/categories?post=36912"},{"taxonomy":"post_tag","embeddable":true,"href":"https:\/\/haberkuzey.com\/index.php\/wp-json\/wp\/v2\/tags?post=36912"}],"curies":[{"name":"wp","href":"https:\/\/api.w.org\/{rel}","templated":true}]}}