{"id":36909,"date":"2026-04-30T15:14:46","date_gmt":"2026-04-30T12:14:46","guid":{"rendered":"https:\/\/haberkuzey.com\/index.php\/2026\/04\/30\/mustafa-cagatay-ani-kosusu-coskuyla-gerceklestirildi\/"},"modified":"2026-04-30T15:14:56","modified_gmt":"2026-04-30T12:14:56","slug":"mustafa-cagatay-ani-kosusu-coskuyla-gerceklestirildi","status":"publish","type":"post","link":"https:\/\/haberkuzey.com\/index.php\/2026\/04\/30\/mustafa-cagatay-ani-kosusu-coskuyla-gerceklestirildi\/","title":{"rendered":"Mustafa \u00c7a\u011fatay An\u0131 Ko\u015fusu co\u015fkuyla ger\u00e7ekle\u015ftirildi"},"content":{"rendered":"<p>\u00c7atalk\u00f6y-Esentepe Belediyesi\u2019nin de destek verdi\u011fi organizasyonda, ilkokul \u00f6\u011frencileri sporun dostluk ve dayan\u0131\u015fma ruhunu sahaya yans\u0131tt\u0131.<\/p>\n<p>KKTC Kurucu Ba\u015fbakan\u0131 merhum Mustafa \u00c7a\u011fatay an\u0131s\u0131na d\u00fczenlenen An\u0131 Ko\u015fusu, 29 Nisan 2026 tarihinde geni\u015f kat\u0131l\u0131mla ger\u00e7ekle\u015ftirildi.<\/p>\n<p>Girne Kaymakaml\u0131\u011f\u0131, Girne Polis M\u00fcd\u00fcrl\u00fc\u011f\u00fc, Girne Belediyesi ve \u00c7atalk\u00f6y-Esentepe Belediyesi\u2019nin yan\u0131 s\u0131ra \u00e7e\u015fitli kurum, kurulu\u015f ve derneklerin i\u015f birli\u011fiyle hayata ge\u00e7irilen organizasyon, yo\u011fun ilgi g\u00f6rd\u00fc.<\/p>\n<p>\u0130lkokul \u00f6\u011frencilerinin b\u00fcy\u00fck kat\u0131l\u0131m g\u00f6sterdi\u011fi etkinlikte renkli g\u00f6r\u00fcnt\u00fcler ya\u015fan\u0131rken, \u00e7ocuklar centilmence yar\u0131\u015farak sporun dostluk, birlik ve dayan\u0131\u015fma ruhunu yans\u0131tt\u0131.<\/p>\n<p>Yar\u0131\u015fmalar\u0131n ard\u0131ndan dereceye giren \u00f6\u011frencilere madalya ve kupalar\u0131 takdim edildi.<\/p>\n<p>\u00c7atalk\u00f6y-Esentepe Belediyesi, gen\u00e7lerin spora y\u00f6nelmesini te\u015fvik eden ve toplumsal de\u011ferleri g\u00fc\u00e7lendiren etkinliklere destek vermeye devam edece\u011fini belirtti.<\/p>\n","protected":false},"excerpt":{"rendered":"<p>\u00c7atalk\u00f6y-Esentepe Belediyesi\u2019nin de destek verdi\u011fi organizasyonda, ilkokul \u00f6\u011frencileri sporun dostluk ve dayan\u0131\u015fma ruhunu sahaya yans\u0131tt\u0131. KKTC Kurucu Ba\u015fbakan\u0131 merhum Mustafa \u00c7a\u011fatay an\u0131s\u0131na d\u00fczenlenen An\u0131 Ko\u015fusu, 29 Nisan 2026 tarihinde geni\u015f kat\u0131l\u0131mla ger\u00e7ekle\u015ftirildi. Girne Kaymakaml\u0131\u011f\u0131, Girne Polis M\u00fcd\u00fcrl\u00fc\u011f\u00fc, Girne Belediyesi ve \u00c7atalk\u00f6y-Esentepe Belediyesi\u2019nin yan\u0131 s\u0131ra \u00e7e\u015fitli kurum, kurulu\u015f ve derneklerin i\u015f birli\u011fiyle hayata ge\u00e7irilen organizasyon, yo\u011fun [&hellip;]<\/p>\n","protected":false},"author":1,"featured_media":36910,"comment_status":"open","ping_status":"open","sticky":false,"template":"","format":"standard","meta":{"jnews-multi-image_gallery":[],"jnews_single_post":[],"jnews_primary_category":[],"footnotes":""},"categories":[1],"tags":[],"class_list":["post-36909","post","type-post","status-publish","format-standard","has-post-thumbnail","hentry","category-kibris"],"yoast_head":"<!-- This site is optimized with the Yoast SEO plugin v27.5 - https:\/\/yoast.com\/product\/yoast-seo-wordpress\/ -->\n<title>Mustafa \u00c7a\u011fatay An\u0131 Ko\u015fusu co\u015fkuyla ger\u00e7ekle\u015ftirildi - Haber Kuzey<\/title>\n<meta name=\"robots\" content=\"index, follow, max-snippet:-1, max-image-preview:large, max-video-preview:-1\" \/>\n<link rel=\"canonical\" href=\"https:\/\/haberkuzey.com\/index.php\/2026\/04\/30\/mustafa-cagatay-ani-kosusu-coskuyla-gerceklestirildi\/\" \/>\n<meta property=\"og:locale\" content=\"tr_TR\" \/>\n<meta property=\"og:type\" content=\"article\" \/>\n<meta property=\"og:title\" content=\"Mustafa \u00c7a\u011fatay An\u0131 Ko\u015fusu co\u015fkuyla ger\u00e7ekle\u015ftirildi - Haber Kuzey\" \/>\n<meta property=\"og:description\" content=\"\u00c7atalk\u00f6y-Esentepe Belediyesi\u2019nin de destek verdi\u011fi organizasyonda, ilkokul \u00f6\u011frencileri sporun dostluk ve dayan\u0131\u015fma ruhunu sahaya yans\u0131tt\u0131. KKTC Kurucu Ba\u015fbakan\u0131 merhum Mustafa \u00c7a\u011fatay an\u0131s\u0131na d\u00fczenlenen An\u0131 Ko\u015fusu, 29 Nisan 2026 tarihinde geni\u015f kat\u0131l\u0131mla ger\u00e7ekle\u015ftirildi. Girne Kaymakaml\u0131\u011f\u0131, Girne Polis M\u00fcd\u00fcrl\u00fc\u011f\u00fc, Girne Belediyesi ve \u00c7atalk\u00f6y-Esentepe Belediyesi\u2019nin yan\u0131 s\u0131ra \u00e7e\u015fitli kurum, kurulu\u015f ve derneklerin i\u015f birli\u011fiyle hayata ge\u00e7irilen organizasyon, yo\u011fun [&hellip;]\" \/>\n<meta property=\"og:url\" content=\"https:\/\/haberkuzey.com\/index.php\/2026\/04\/30\/mustafa-cagatay-ani-kosusu-coskuyla-gerceklestirildi\/\" \/>\n<meta property=\"og:site_name\" content=\"Haber Kuzey\" \/>\n<meta property=\"article:published_time\" content=\"2026-04-30T12:14:46+00:00\" \/>\n<meta property=\"article:modified_time\" content=\"2026-04-30T12:14:56+00:00\" \/>\n<meta property=\"og:image\" content=\"https:\/\/haberkuzey.com\/wp-content\/uploads\/2026\/04\/IMG-20260430-WA0009.jpg\" \/>\n\t<meta property=\"og:image:width\" content=\"1600\" \/>\n\t<meta property=\"og:image:height\" content=\"1200\" \/>\n\t<meta property=\"og:image:type\" content=\"image\/jpeg\" \/>\n<meta name=\"author\" content=\"haberkuzey\" \/>\n<meta name=\"twitter:card\" content=\"summary_large_image\" \/>\n<meta name=\"twitter:label1\" content=\"Yazan:\" \/>\n\t<meta name=\"twitter:data1\" content=\"haberkuzey\" \/>\n\t<meta name=\"twitter:label2\" content=\"Tahmini okuma s\u00fcresi\" \/>\n\t<meta name=\"twitter:data2\" content=\"1 dakika\" \/>\n<script type=\"application\/ld+json\" class=\"yoast-schema-graph\">{\"@context\":\"https:\\\/\\\/schema.org\",\"@graph\":[{\"@type\":\"Article\",\"@id\":\"https:\\\/\\\/haberkuzey.com\\\/index.php\\\/2026\\\/04\\\/30\\\/mustafa-cagatay-ani-kosusu-coskuyla-gerceklestirildi\\\/#article\",\"isPartOf\":{\"@id\":\"https:\\\/\\\/haberkuzey.com\\\/index.php\\\/2026\\\/04\\\/30\\\/mustafa-cagatay-ani-kosusu-coskuyla-gerceklestirildi\\\/\"},\"author\":{\"name\":\"haberkuzey\",\"@id\":\"https:\\\/\\\/haberkuzey.com\\\/#\\\/schema\\\/person\\\/3372109ec735f9333f4fa47ebb9605ca\"},\"headline\":\"Mustafa \u00c7a\u011fatay An\u0131 Ko\u015fusu co\u015fkuyla ger\u00e7ekle\u015ftirildi\",\"datePublished\":\"2026-04-30T12:14:46+00:00\",\"dateModified\":\"2026-04-30T12:14:56+00:00\",\"mainEntityOfPage\":{\"@id\":\"https:\\\/\\\/haberkuzey.com\\\/index.php\\\/2026\\\/04\\\/30\\\/mustafa-cagatay-ani-kosusu-coskuyla-gerceklestirildi\\\/\"},\"wordCount\":161,\"commentCount\":0,\"image\":{\"@id\":\"https:\\\/\\\/haberkuzey.com\\\/index.php\\\/2026\\\/04\\\/30\\\/mustafa-cagatay-ani-kosusu-coskuyla-gerceklestirildi\\\/#primaryimage\"},\"thumbnailUrl\":\"https:\\\/\\\/haberkuzey.com\\\/wp-content\\\/uploads\\\/2026\\\/04\\\/IMG-20260430-WA0009.jpg\",\"articleSection\":[\"K\u0131br\u0131s\"],\"inLanguage\":\"tr\",\"potentialAction\":[{\"@type\":\"CommentAction\",\"name\":\"Comment\",\"target\":[\"https:\\\/\\\/haberkuzey.com\\\/index.php\\\/2026\\\/04\\\/30\\\/mustafa-cagatay-ani-kosusu-coskuyla-gerceklestirildi\\\/#respond\"]}]},{\"@type\":\"WebPage\",\"@id\":\"https:\\\/\\\/haberkuzey.com\\\/index.php\\\/2026\\\/04\\\/30\\\/mustafa-cagatay-ani-kosusu-coskuyla-gerceklestirildi\\\/\",\"url\":\"https:\\\/\\\/haberkuzey.com\\\/index.php\\\/2026\\\/04\\\/30\\\/mustafa-cagatay-ani-kosusu-coskuyla-gerceklestirildi\\\/\",\"name\":\"Mustafa \u00c7a\u011fatay An\u0131 Ko\u015fusu co\u015fkuyla ger\u00e7ekle\u015ftirildi - Haber Kuzey\",\"isPartOf\":{\"@id\":\"https:\\\/\\\/haberkuzey.com\\\/#website\"},\"primaryImageOfPage\":{\"@id\":\"https:\\\/\\\/haberkuzey.com\\\/index.php\\\/2026\\\/04\\\/30\\\/mustafa-cagatay-ani-kosusu-coskuyla-gerceklestirildi\\\/#primaryimage\"},\"image\":{\"@id\":\"https:\\\/\\\/haberkuzey.com\\\/index.php\\\/2026\\\/04\\\/30\\\/mustafa-cagatay-ani-kosusu-coskuyla-gerceklestirildi\\\/#primaryimage\"},\"thumbnailUrl\":\"https:\\\/\\\/haberkuzey.com\\\/wp-content\\\/uploads\\\/2026\\\/04\\\/IMG-20260430-WA0009.jpg\",\"datePublished\":\"2026-04-30T12:14:46+00:00\",\"dateModified\":\"2026-04-30T12:14:56+00:00\",\"author\":{\"@id\":\"https:\\\/\\\/haberkuzey.com\\\/#\\\/schema\\\/person\\\/3372109ec735f9333f4fa47ebb9605ca\"},\"breadcrumb\":{\"@id\":\"https:\\\/\\\/haberkuzey.com\\\/index.php\\\/2026\\\/04\\\/30\\\/mustafa-cagatay-ani-kosusu-coskuyla-gerceklestirildi\\\/#breadcrumb\"},\"inLanguage\":\"tr\",\"potentialAction\":[{\"@type\":\"ReadAction\",\"target\":[\"https:\\\/\\\/haberkuzey.com\\\/index.php\\\/2026\\\/04\\\/30\\\/mustafa-cagatay-ani-kosusu-coskuyla-gerceklestirildi\\\/\"]}]},{\"@type\":\"ImageObject\",\"inLanguage\":\"tr\",\"@id\":\"https:\\\/\\\/haberkuzey.com\\\/index.php\\\/2026\\\/04\\\/30\\\/mustafa-cagatay-ani-kosusu-coskuyla-gerceklestirildi\\\/#primaryimage\",\"url\":\"https:\\\/\\\/haberkuzey.com\\\/wp-content\\\/uploads\\\/2026\\\/04\\\/IMG-20260430-WA0009.jpg\",\"contentUrl\":\"https:\\\/\\\/haberkuzey.com\\\/wp-content\\\/uploads\\\/2026\\\/04\\\/IMG-20260430-WA0009.jpg\",\"width\":1600,\"height\":1200},{\"@type\":\"BreadcrumbList\",\"@id\":\"https:\\\/\\\/haberkuzey.com\\\/index.php\\\/2026\\\/04\\\/30\\\/mustafa-cagatay-ani-kosusu-coskuyla-gerceklestirildi\\\/#breadcrumb\",\"itemListElement\":[{\"@type\":\"ListItem\",\"position\":1,\"name\":\"Anasayfa\",\"item\":\"https:\\\/\\\/haberkuzey.com\\\/\"},{\"@type\":\"ListItem\",\"position\":2,\"name\":\"Mustafa \u00c7a\u011fatay An\u0131 Ko\u015fusu co\u015fkuyla ger\u00e7ekle\u015ftirildi\"}]},{\"@type\":\"WebSite\",\"@id\":\"https:\\\/\\\/haberkuzey.com\\\/#website\",\"url\":\"https:\\\/\\\/haberkuzey.com\\\/\",\"name\":\"Haber Kuzey\",\"description\":\"Do\u011fru Haberin Adresi\",\"potentialAction\":[{\"@type\":\"SearchAction\",\"target\":{\"@type\":\"EntryPoint\",\"urlTemplate\":\"https:\\\/\\\/haberkuzey.com\\\/?s={search_term_string}\"},\"query-input\":{\"@type\":\"PropertyValueSpecification\",\"valueRequired\":true,\"valueName\":\"search_term_string\"}}],\"inLanguage\":\"tr\"},{\"@type\":\"Person\",\"@id\":\"https:\\\/\\\/haberkuzey.com\\\/#\\\/schema\\\/person\\\/3372109ec735f9333f4fa47ebb9605ca\",\"name\":\"haberkuzey\",\"image\":{\"@type\":\"ImageObject\",\"inLanguage\":\"tr\",\"@id\":\"https:\\\/\\\/secure.gravatar.com\\\/avatar\\\/f5fc875574b1575324358c3b9e6a32b8227aa5b74f3fa22e3cadb63e26fcc39c?s=96&d=mm&r=g\",\"url\":\"https:\\\/\\\/secure.gravatar.com\\\/avatar\\\/f5fc875574b1575324358c3b9e6a32b8227aa5b74f3fa22e3cadb63e26fcc39c?s=96&d=mm&r=g\",\"contentUrl\":\"https:\\\/\\\/secure.gravatar.com\\\/avatar\\\/f5fc875574b1575324358c3b9e6a32b8227aa5b74f3fa22e3cadb63e26fcc39c?s=96&d=mm&r=g\",\"caption\":\"haberkuzey\"},\"sameAs\":[\"https:\\\/\\\/haberkuzey.com\"],\"url\":\"https:\\\/\\\/haberkuzey.com\\\/index.php\\\/author\\\/haberkuzey\\\/\"}]}<\/script>\n<!-- \/ Yoast SEO plugin. -->","yoast_head_json":{"title":"Mustafa \u00c7a\u011fatay An\u0131 Ko\u015fusu co\u015fkuyla ger\u00e7ekle\u015ftirildi - Haber Kuzey","robots":{"index":"index","follow":"follow","max-snippet":"max-snippet:-1","max-image-preview":"max-image-preview:large","max-video-preview":"max-video-preview:-1"},"canonical":"https:\/\/haberkuzey.com\/index.php\/2026\/04\/30\/mustafa-cagatay-ani-kosusu-coskuyla-gerceklestirildi\/","og_locale":"tr_TR","og_type":"article","og_title":"Mustafa \u00c7a\u011fatay An\u0131 Ko\u015fusu co\u015fkuyla ger\u00e7ekle\u015ftirildi - Haber Kuzey","og_description":"\u00c7atalk\u00f6y-Esentepe Belediyesi\u2019nin de destek verdi\u011fi organizasyonda, ilkokul \u00f6\u011frencileri sporun dostluk ve dayan\u0131\u015fma ruhunu sahaya yans\u0131tt\u0131. KKTC Kurucu Ba\u015fbakan\u0131 merhum Mustafa \u00c7a\u011fatay an\u0131s\u0131na d\u00fczenlenen An\u0131 Ko\u015fusu, 29 Nisan 2026 tarihinde geni\u015f kat\u0131l\u0131mla ger\u00e7ekle\u015ftirildi. Girne Kaymakaml\u0131\u011f\u0131, Girne Polis M\u00fcd\u00fcrl\u00fc\u011f\u00fc, Girne Belediyesi ve \u00c7atalk\u00f6y-Esentepe Belediyesi\u2019nin yan\u0131 s\u0131ra \u00e7e\u015fitli kurum, kurulu\u015f ve derneklerin i\u015f birli\u011fiyle hayata ge\u00e7irilen organizasyon, yo\u011fun [&hellip;]","og_url":"https:\/\/haberkuzey.com\/index.php\/2026\/04\/30\/mustafa-cagatay-ani-kosusu-coskuyla-gerceklestirildi\/","og_site_name":"Haber Kuzey","article_published_time":"2026-04-30T12:14:46+00:00","article_modified_time":"2026-04-30T12:14:56+00:00","og_image":[{"width":1600,"height":1200,"url":"https:\/\/haberkuzey.com\/wp-content\/uploads\/2026\/04\/IMG-20260430-WA0009.jpg","type":"image\/jpeg"}],"author":"haberkuzey","twitter_card":"summary_large_image","twitter_misc":{"Yazan:":"haberkuzey","Tahmini okuma s\u00fcresi":"1 dakika"},"schema":{"@context":"https:\/\/schema.org","@graph":[{"@type":"Article","@id":"https:\/\/haberkuzey.com\/index.php\/2026\/04\/30\/mustafa-cagatay-ani-kosusu-coskuyla-gerceklestirildi\/#article","isPartOf":{"@id":"https:\/\/haberkuzey.com\/index.php\/2026\/04\/30\/mustafa-cagatay-ani-kosusu-coskuyla-gerceklestirildi\/"},"author":{"name":"haberkuzey","@id":"https:\/\/haberkuzey.com\/#\/schema\/person\/3372109ec735f9333f4fa47ebb9605ca"},"headline":"Mustafa \u00c7a\u011fatay An\u0131 Ko\u015fusu co\u015fkuyla ger\u00e7ekle\u015ftirildi","datePublished":"2026-04-30T12:14:46+00:00","dateModified":"2026-04-30T12:14:56+00:00","mainEntityOfPage":{"@id":"https:\/\/haberkuzey.com\/index.php\/2026\/04\/30\/mustafa-cagatay-ani-kosusu-coskuyla-gerceklestirildi\/"},"wordCount":161,"commentCount":0,"image":{"@id":"https:\/\/haberkuzey.com\/index.php\/2026\/04\/30\/mustafa-cagatay-ani-kosusu-coskuyla-gerceklestirildi\/#primaryimage"},"thumbnailUrl":"https:\/\/haberkuzey.com\/wp-content\/uploads\/2026\/04\/IMG-20260430-WA0009.jpg","articleSection":["K\u0131br\u0131s"],"inLanguage":"tr","potentialAction":[{"@type":"CommentAction","name":"Comment","target":["https:\/\/haberkuzey.com\/index.php\/2026\/04\/30\/mustafa-cagatay-ani-kosusu-coskuyla-gerceklestirildi\/#respond"]}]},{"@type":"WebPage","@id":"https:\/\/haberkuzey.com\/index.php\/2026\/04\/30\/mustafa-cagatay-ani-kosusu-coskuyla-gerceklestirildi\/","url":"https:\/\/haberkuzey.com\/index.php\/2026\/04\/30\/mustafa-cagatay-ani-kosusu-coskuyla-gerceklestirildi\/","name":"Mustafa \u00c7a\u011fatay An\u0131 Ko\u015fusu co\u015fkuyla ger\u00e7ekle\u015ftirildi - Haber Kuzey","isPartOf":{"@id":"https:\/\/haberkuzey.com\/#website"},"primaryImageOfPage":{"@id":"https:\/\/haberkuzey.com\/index.php\/2026\/04\/30\/mustafa-cagatay-ani-kosusu-coskuyla-gerceklestirildi\/#primaryimage"},"image":{"@id":"https:\/\/haberkuzey.com\/index.php\/2026\/04\/30\/mustafa-cagatay-ani-kosusu-coskuyla-gerceklestirildi\/#primaryimage"},"thumbnailUrl":"https:\/\/haberkuzey.com\/wp-content\/uploads\/2026\/04\/IMG-20260430-WA0009.jpg","datePublished":"2026-04-30T12:14:46+00:00","dateModified":"2026-04-30T12:14:56+00:00","author":{"@id":"https:\/\/haberkuzey.com\/#\/schema\/person\/3372109ec735f9333f4fa47ebb9605ca"},"breadcrumb":{"@id":"https:\/\/haberkuzey.com\/index.php\/2026\/04\/30\/mustafa-cagatay-ani-kosusu-coskuyla-gerceklestirildi\/#breadcrumb"},"inLanguage":"tr","potentialAction":[{"@type":"ReadAction","target":["https:\/\/haberkuzey.com\/index.php\/2026\/04\/30\/mustafa-cagatay-ani-kosusu-coskuyla-gerceklestirildi\/"]}]},{"@type":"ImageObject","inLanguage":"tr","@id":"https:\/\/haberkuzey.com\/index.php\/2026\/04\/30\/mustafa-cagatay-ani-kosusu-coskuyla-gerceklestirildi\/#primaryimage","url":"https:\/\/haberkuzey.com\/wp-content\/uploads\/2026\/04\/IMG-20260430-WA0009.jpg","contentUrl":"https:\/\/haberkuzey.com\/wp-content\/uploads\/2026\/04\/IMG-20260430-WA0009.jpg","width":1600,"height":1200},{"@type":"BreadcrumbList","@id":"https:\/\/haberkuzey.com\/index.php\/2026\/04\/30\/mustafa-cagatay-ani-kosusu-coskuyla-gerceklestirildi\/#breadcrumb","itemListElement":[{"@type":"ListItem","position":1,"name":"Anasayfa","item":"https:\/\/haberkuzey.com\/"},{"@type":"ListItem","position":2,"name":"Mustafa \u00c7a\u011fatay An\u0131 Ko\u015fusu co\u015fkuyla ger\u00e7ekle\u015ftirildi"}]},{"@type":"WebSite","@id":"https:\/\/haberkuzey.com\/#website","url":"https:\/\/haberkuzey.com\/","name":"Haber Kuzey","description":"Do\u011fru Haberin Adresi","potentialAction":[{"@type":"SearchAction","target":{"@type":"EntryPoint","urlTemplate":"https:\/\/haberkuzey.com\/?s={search_term_string}"},"query-input":{"@type":"PropertyValueSpecification","valueRequired":true,"valueName":"search_term_string"}}],"inLanguage":"tr"},{"@type":"Person","@id":"https:\/\/haberkuzey.com\/#\/schema\/person\/3372109ec735f9333f4fa47ebb9605ca","name":"haberkuzey","image":{"@type":"ImageObject","inLanguage":"tr","@id":"https:\/\/secure.gravatar.com\/avatar\/f5fc875574b1575324358c3b9e6a32b8227aa5b74f3fa22e3cadb63e26fcc39c?s=96&d=mm&r=g","url":"https:\/\/secure.gravatar.com\/avatar\/f5fc875574b1575324358c3b9e6a32b8227aa5b74f3fa22e3cadb63e26fcc39c?s=96&d=mm&r=g","contentUrl":"https:\/\/secure.gravatar.com\/avatar\/f5fc875574b1575324358c3b9e6a32b8227aa5b74f3fa22e3cadb63e26fcc39c?s=96&d=mm&r=g","caption":"haberkuzey"},"sameAs":["https:\/\/haberkuzey.com"],"url":"https:\/\/haberkuzey.com\/index.php\/author\/haberkuzey\/"}]}},"_links":{"self":[{"href":"https:\/\/haberkuzey.com\/index.php\/wp-json\/wp\/v2\/posts\/36909","targetHints":{"allow":["GET"]}}],"collection":[{"href":"https:\/\/haberkuzey.com\/index.php\/wp-json\/wp\/v2\/posts"}],"about":[{"href":"https:\/\/haberkuzey.com\/index.php\/wp-json\/wp\/v2\/types\/post"}],"author":[{"embeddable":true,"href":"https:\/\/haberkuzey.com\/index.php\/wp-json\/wp\/v2\/users\/1"}],"replies":[{"embeddable":true,"href":"https:\/\/haberkuzey.com\/index.php\/wp-json\/wp\/v2\/comments?post=36909"}],"version-history":[{"count":1,"href":"https:\/\/haberkuzey.com\/index.php\/wp-json\/wp\/v2\/posts\/36909\/revisions"}],"predecessor-version":[{"id":36911,"href":"https:\/\/haberkuzey.com\/index.php\/wp-json\/wp\/v2\/posts\/36909\/revisions\/36911"}],"wp:featuredmedia":[{"embeddable":true,"href":"https:\/\/haberkuzey.com\/index.php\/wp-json\/wp\/v2\/media\/36910"}],"wp:attachment":[{"href":"https:\/\/haberkuzey.com\/index.php\/wp-json\/wp\/v2\/media?parent=36909"}],"wp:term":[{"taxonomy":"category","embeddable":true,"href":"https:\/\/haberkuzey.com\/index.php\/wp-json\/wp\/v2\/categories?post=36909"},{"taxonomy":"post_tag","embeddable":true,"href":"https:\/\/haberkuzey.com\/index.php\/wp-json\/wp\/v2\/tags?post=36909"}],"curies":[{"name":"wp","href":"https:\/\/api.w.org\/{rel}","templated":true}]}}