{"id":36898,"date":"2026-04-30T14:38:47","date_gmt":"2026-04-30T11:38:47","guid":{"rendered":"https:\/\/haberkuzey.com\/index.php\/2026\/04\/30\/arikli-otostop-yasagina-dair-talepleri-yoksa-cikaririz-olur-biter\/"},"modified":"2026-04-30T14:38:57","modified_gmt":"2026-04-30T11:38:57","slug":"arikli-otostop-yasagina-dair-talepleri-yoksa-cikaririz-olur-biter","status":"publish","type":"post","link":"https:\/\/haberkuzey.com\/index.php\/2026\/04\/30\/arikli-otostop-yasagina-dair-talepleri-yoksa-cikaririz-olur-biter\/","title":{"rendered":"Ar\u0131kl\u0131: Otostop yasa\u011f\u0131na dair talepleri yoksa \u00e7\u0131kar\u0131r\u0131z olur biter"},"content":{"rendered":"<p>Bay\u0131nd\u0131rl\u0131k ve Ula\u015ft\u0131rma Bakan\u0131\u00a0Erhan Ar\u0131kl\u0131, taksicilerle ilgili yapt\u0131\u011f\u0131 a\u00e7\u0131klamada, belirli bir kesimin kendisiyle taksicileri kar\u015f\u0131 kar\u015f\u0131ya getirmek i\u00e7in \u00e7aba g\u00f6sterdi\u011fini ifade etti.<\/p>\n<p>Taksici esnaf\u0131n\u0131n s\u0131k\u0131nt\u0131lar\u0131n\u0131 en iyi bilen ve bunlar\u0131 \u00e7\u00f6zmek i\u00e7in gayret g\u00f6steren birisi oldu\u011funu belirten Ar\u0131kl\u0131, taksicilerin 21 Nisan\u2019da eylem yapt\u0131\u011f\u0131n\u0131 ve bu eylem sonras\u0131nda 24 Nisan cuma g\u00fcn\u00fc Bakanl\u0131\u011fa davet edildiklerini kaydetti.<\/p>\n<p>Ar\u0131kl\u0131, Murat Karalar ba\u015fkanl\u0131\u011f\u0131nda 7 ki\u015filik bir ekiple Bakanl\u0131kta g\u00f6r\u00fc\u015ft\u00fcklerini ve taleplerin tart\u0131\u015f\u0131ld\u0131\u011f\u0131n\u0131 belirterek, ilk talebin \u201ctarife\u201d konusu oldu\u011funu ifade etti. Karalar\u2019\u0131n tarifelere uzun zamand\u0131r zam yap\u0131lmad\u0131\u011f\u0131n\u0131, masraflar\u0131n artt\u0131\u011f\u0131n\u0131 ve y\u00fczde 70 zamdan a\u015fa\u011f\u0131s\u0131n\u0131n kurtarmayaca\u011f\u0131n\u0131 s\u00f6yledi\u011fini aktaran Ar\u0131kl\u0131, bunun fahi\u015f bir zam olaca\u011f\u0131n\u0131 dile getirdi\u011fini ve bu zamm\u0131n yap\u0131lmas\u0131 halinde ka\u00e7ak taksicili\u011fin artaca\u011f\u0131n\u0131 ve insanlar\u0131n taksiye binemeyece\u011fini s\u00f6yledi\u011fini kaydetti.<\/p>\n<p>Y\u00fczde 20 \u015fimdi, y\u00fczde 20 de haziranda verilmesini \u00f6nerdi\u011fini ancak bunun kabul edilmedi\u011fini belirten Ar\u0131kl\u0131, uzun tart\u0131\u015fmalar\u0131n ard\u0131ndan izin kuruluna\u00a0Kar-\u0130\u015f\u2019e verilen y\u00fczde 40 zamm\u0131 \u00f6nerece\u011fini ifade etti.<\/p>\n<p>\u0130kinci talebin ka\u00e7ak taksicilikle ilgili yasal d\u00fczenleme oldu\u011funu belirten Ar\u0131kl\u0131, Meclis\u2019teki yasan\u0131n neden geri \u00e7ekildi\u011finin soruldu\u011funu, s\u00f6z konusu yasan\u0131n seyahat \u00f6zg\u00fcrl\u00fc\u011f\u00fcn\u00fc k\u0131s\u0131tlayan ve Anayasa\u2019ya ayk\u0131r\u0131 maddeler i\u00e7erdi\u011fi i\u00e7in geri \u00e7ekildi\u011fini s\u00f6yledi\u011fini kaydetti.<\/p>\n<p>Ar\u0131kl\u0131, yasa tasar\u0131s\u0131nda otostop yapman\u0131n dahi yasakland\u0131\u011f\u0131n\u0131 ve bunun kabul edilemez oldu\u011funu ifade ederek, bu yasa\u011f\u0131n T\u00fcrkiye\u2019deki uygulaman\u0131n \u00f6rnek g\u00f6sterilmesiyle taksiciler taraf\u0131ndan talep edildi\u011fini, Murat Karalar\u2019\u0131n bunu bildi\u011fini ancak \u015fimdi bu talebin kendileri taraf\u0131ndan gelmedi\u011finin s\u00f6ylendi\u011fini belirtti.<\/p>\n<p>B\u00f6yle bir talepleri yoksa s\u00f6z konusu yasa\u011f\u0131n tasar\u0131dan \u00e7\u0131kar\u0131laca\u011f\u0131n\u0131 ifade eden Ar\u0131kl\u0131, ka\u00e7ak taksicili\u011fin mutlaka \u00f6nlenmesi gerekti\u011fini vurgulad\u0131.<\/p>\n<p>Havaalan\u0131 ve otellerde g\u00f6rev yapmayan taksicilerin daha b\u00fcy\u00fck s\u0131k\u0131nt\u0131lar\u0131 oldu\u011funu bildi\u011fini belirten Ar\u0131kl\u0131, bu s\u0131k\u0131nt\u0131lar\u0131 \u00e7\u00f6zecek olan\u0131n kendileri oldu\u011funu ifade etti.<\/p>\n","protected":false},"excerpt":{"rendered":"<p>Bay\u0131nd\u0131rl\u0131k ve Ula\u015ft\u0131rma Bakan\u0131\u00a0Erhan Ar\u0131kl\u0131, taksicilerle ilgili yapt\u0131\u011f\u0131 a\u00e7\u0131klamada, belirli bir kesimin kendisiyle taksicileri kar\u015f\u0131 kar\u015f\u0131ya getirmek i\u00e7in \u00e7aba g\u00f6sterdi\u011fini ifade etti. Taksici esnaf\u0131n\u0131n s\u0131k\u0131nt\u0131lar\u0131n\u0131 en iyi bilen ve bunlar\u0131 \u00e7\u00f6zmek i\u00e7in gayret g\u00f6steren birisi oldu\u011funu belirten Ar\u0131kl\u0131, taksicilerin 21 Nisan\u2019da eylem yapt\u0131\u011f\u0131n\u0131 ve bu eylem sonras\u0131nda 24 Nisan cuma g\u00fcn\u00fc Bakanl\u0131\u011fa davet edildiklerini kaydetti. [&hellip;]<\/p>\n","protected":false},"author":1,"featured_media":36899,"comment_status":"open","ping_status":"open","sticky":false,"template":"","format":"standard","meta":{"jnews-multi-image_gallery":[],"jnews_single_post":[],"jnews_primary_category":[],"footnotes":""},"categories":[1],"tags":[],"class_list":["post-36898","post","type-post","status-publish","format-standard","has-post-thumbnail","hentry","category-kibris"],"yoast_head":"<!-- This site is optimized with the Yoast SEO plugin v27.5 - https:\/\/yoast.com\/product\/yoast-seo-wordpress\/ -->\n<title>Ar\u0131kl\u0131: Otostop yasa\u011f\u0131na dair talepleri yoksa \u00e7\u0131kar\u0131r\u0131z olur biter - Haber Kuzey<\/title>\n<meta name=\"robots\" content=\"index, follow, max-snippet:-1, max-image-preview:large, max-video-preview:-1\" \/>\n<link rel=\"canonical\" href=\"https:\/\/haberkuzey.com\/index.php\/2026\/04\/30\/arikli-otostop-yasagina-dair-talepleri-yoksa-cikaririz-olur-biter\/\" \/>\n<meta property=\"og:locale\" content=\"tr_TR\" \/>\n<meta property=\"og:type\" content=\"article\" \/>\n<meta property=\"og:title\" content=\"Ar\u0131kl\u0131: Otostop yasa\u011f\u0131na dair talepleri yoksa \u00e7\u0131kar\u0131r\u0131z olur biter - Haber Kuzey\" \/>\n<meta property=\"og:description\" content=\"Bay\u0131nd\u0131rl\u0131k ve Ula\u015ft\u0131rma Bakan\u0131\u00a0Erhan Ar\u0131kl\u0131, taksicilerle ilgili yapt\u0131\u011f\u0131 a\u00e7\u0131klamada, belirli bir kesimin kendisiyle taksicileri kar\u015f\u0131 kar\u015f\u0131ya getirmek i\u00e7in \u00e7aba g\u00f6sterdi\u011fini ifade etti. Taksici esnaf\u0131n\u0131n s\u0131k\u0131nt\u0131lar\u0131n\u0131 en iyi bilen ve bunlar\u0131 \u00e7\u00f6zmek i\u00e7in gayret g\u00f6steren birisi oldu\u011funu belirten Ar\u0131kl\u0131, taksicilerin 21 Nisan\u2019da eylem yapt\u0131\u011f\u0131n\u0131 ve bu eylem sonras\u0131nda 24 Nisan cuma g\u00fcn\u00fc Bakanl\u0131\u011fa davet edildiklerini kaydetti. [&hellip;]\" \/>\n<meta property=\"og:url\" content=\"https:\/\/haberkuzey.com\/index.php\/2026\/04\/30\/arikli-otostop-yasagina-dair-talepleri-yoksa-cikaririz-olur-biter\/\" \/>\n<meta property=\"og:site_name\" content=\"Haber Kuzey\" \/>\n<meta property=\"article:published_time\" content=\"2026-04-30T11:38:47+00:00\" \/>\n<meta property=\"article:modified_time\" content=\"2026-04-30T11:38:57+00:00\" \/>\n<meta property=\"og:image\" content=\"https:\/\/haberkuzey.com\/wp-content\/uploads\/2026\/04\/1735721189587ARIKLI-ROP-TIM-3.jpg\" \/>\n\t<meta property=\"og:image:width\" content=\"1654\" \/>\n\t<meta property=\"og:image:height\" content=\"1104\" \/>\n\t<meta property=\"og:image:type\" content=\"image\/jpeg\" \/>\n<meta name=\"author\" content=\"haberkuzey\" \/>\n<meta name=\"twitter:card\" content=\"summary_large_image\" \/>\n<meta name=\"twitter:label1\" content=\"Yazan:\" \/>\n\t<meta name=\"twitter:data1\" content=\"haberkuzey\" \/>\n\t<meta name=\"twitter:label2\" content=\"Tahmini okuma s\u00fcresi\" \/>\n\t<meta name=\"twitter:data2\" content=\"2 dakika\" \/>\n<script type=\"application\/ld+json\" class=\"yoast-schema-graph\">{\"@context\":\"https:\\\/\\\/schema.org\",\"@graph\":[{\"@type\":\"Article\",\"@id\":\"https:\\\/\\\/haberkuzey.com\\\/index.php\\\/2026\\\/04\\\/30\\\/arikli-otostop-yasagina-dair-talepleri-yoksa-cikaririz-olur-biter\\\/#article\",\"isPartOf\":{\"@id\":\"https:\\\/\\\/haberkuzey.com\\\/index.php\\\/2026\\\/04\\\/30\\\/arikli-otostop-yasagina-dair-talepleri-yoksa-cikaririz-olur-biter\\\/\"},\"author\":{\"name\":\"haberkuzey\",\"@id\":\"https:\\\/\\\/haberkuzey.com\\\/#\\\/schema\\\/person\\\/3372109ec735f9333f4fa47ebb9605ca\"},\"headline\":\"Ar\u0131kl\u0131: Otostop yasa\u011f\u0131na dair talepleri yoksa \u00e7\u0131kar\u0131r\u0131z olur biter\",\"datePublished\":\"2026-04-30T11:38:47+00:00\",\"dateModified\":\"2026-04-30T11:38:57+00:00\",\"mainEntityOfPage\":{\"@id\":\"https:\\\/\\\/haberkuzey.com\\\/index.php\\\/2026\\\/04\\\/30\\\/arikli-otostop-yasagina-dair-talepleri-yoksa-cikaririz-olur-biter\\\/\"},\"wordCount\":396,\"commentCount\":0,\"image\":{\"@id\":\"https:\\\/\\\/haberkuzey.com\\\/index.php\\\/2026\\\/04\\\/30\\\/arikli-otostop-yasagina-dair-talepleri-yoksa-cikaririz-olur-biter\\\/#primaryimage\"},\"thumbnailUrl\":\"https:\\\/\\\/haberkuzey.com\\\/wp-content\\\/uploads\\\/2026\\\/04\\\/1735721189587ARIKLI-ROP-TIM-3.jpg\",\"articleSection\":[\"K\u0131br\u0131s\"],\"inLanguage\":\"tr\",\"potentialAction\":[{\"@type\":\"CommentAction\",\"name\":\"Comment\",\"target\":[\"https:\\\/\\\/haberkuzey.com\\\/index.php\\\/2026\\\/04\\\/30\\\/arikli-otostop-yasagina-dair-talepleri-yoksa-cikaririz-olur-biter\\\/#respond\"]}]},{\"@type\":\"WebPage\",\"@id\":\"https:\\\/\\\/haberkuzey.com\\\/index.php\\\/2026\\\/04\\\/30\\\/arikli-otostop-yasagina-dair-talepleri-yoksa-cikaririz-olur-biter\\\/\",\"url\":\"https:\\\/\\\/haberkuzey.com\\\/index.php\\\/2026\\\/04\\\/30\\\/arikli-otostop-yasagina-dair-talepleri-yoksa-cikaririz-olur-biter\\\/\",\"name\":\"Ar\u0131kl\u0131: Otostop yasa\u011f\u0131na dair talepleri yoksa \u00e7\u0131kar\u0131r\u0131z olur biter - Haber Kuzey\",\"isPartOf\":{\"@id\":\"https:\\\/\\\/haberkuzey.com\\\/#website\"},\"primaryImageOfPage\":{\"@id\":\"https:\\\/\\\/haberkuzey.com\\\/index.php\\\/2026\\\/04\\\/30\\\/arikli-otostop-yasagina-dair-talepleri-yoksa-cikaririz-olur-biter\\\/#primaryimage\"},\"image\":{\"@id\":\"https:\\\/\\\/haberkuzey.com\\\/index.php\\\/2026\\\/04\\\/30\\\/arikli-otostop-yasagina-dair-talepleri-yoksa-cikaririz-olur-biter\\\/#primaryimage\"},\"thumbnailUrl\":\"https:\\\/\\\/haberkuzey.com\\\/wp-content\\\/uploads\\\/2026\\\/04\\\/1735721189587ARIKLI-ROP-TIM-3.jpg\",\"datePublished\":\"2026-04-30T11:38:47+00:00\",\"dateModified\":\"2026-04-30T11:38:57+00:00\",\"author\":{\"@id\":\"https:\\\/\\\/haberkuzey.com\\\/#\\\/schema\\\/person\\\/3372109ec735f9333f4fa47ebb9605ca\"},\"breadcrumb\":{\"@id\":\"https:\\\/\\\/haberkuzey.com\\\/index.php\\\/2026\\\/04\\\/30\\\/arikli-otostop-yasagina-dair-talepleri-yoksa-cikaririz-olur-biter\\\/#breadcrumb\"},\"inLanguage\":\"tr\",\"potentialAction\":[{\"@type\":\"ReadAction\",\"target\":[\"https:\\\/\\\/haberkuzey.com\\\/index.php\\\/2026\\\/04\\\/30\\\/arikli-otostop-yasagina-dair-talepleri-yoksa-cikaririz-olur-biter\\\/\"]}]},{\"@type\":\"ImageObject\",\"inLanguage\":\"tr\",\"@id\":\"https:\\\/\\\/haberkuzey.com\\\/index.php\\\/2026\\\/04\\\/30\\\/arikli-otostop-yasagina-dair-talepleri-yoksa-cikaririz-olur-biter\\\/#primaryimage\",\"url\":\"https:\\\/\\\/haberkuzey.com\\\/wp-content\\\/uploads\\\/2026\\\/04\\\/1735721189587ARIKLI-ROP-TIM-3.jpg\",\"contentUrl\":\"https:\\\/\\\/haberkuzey.com\\\/wp-content\\\/uploads\\\/2026\\\/04\\\/1735721189587ARIKLI-ROP-TIM-3.jpg\",\"width\":1654,\"height\":1104},{\"@type\":\"BreadcrumbList\",\"@id\":\"https:\\\/\\\/haberkuzey.com\\\/index.php\\\/2026\\\/04\\\/30\\\/arikli-otostop-yasagina-dair-talepleri-yoksa-cikaririz-olur-biter\\\/#breadcrumb\",\"itemListElement\":[{\"@type\":\"ListItem\",\"position\":1,\"name\":\"Anasayfa\",\"item\":\"https:\\\/\\\/haberkuzey.com\\\/\"},{\"@type\":\"ListItem\",\"position\":2,\"name\":\"Ar\u0131kl\u0131: Otostop yasa\u011f\u0131na dair talepleri yoksa \u00e7\u0131kar\u0131r\u0131z olur biter\"}]},{\"@type\":\"WebSite\",\"@id\":\"https:\\\/\\\/haberkuzey.com\\\/#website\",\"url\":\"https:\\\/\\\/haberkuzey.com\\\/\",\"name\":\"Haber Kuzey\",\"description\":\"Do\u011fru Haberin Adresi\",\"potentialAction\":[{\"@type\":\"SearchAction\",\"target\":{\"@type\":\"EntryPoint\",\"urlTemplate\":\"https:\\\/\\\/haberkuzey.com\\\/?s={search_term_string}\"},\"query-input\":{\"@type\":\"PropertyValueSpecification\",\"valueRequired\":true,\"valueName\":\"search_term_string\"}}],\"inLanguage\":\"tr\"},{\"@type\":\"Person\",\"@id\":\"https:\\\/\\\/haberkuzey.com\\\/#\\\/schema\\\/person\\\/3372109ec735f9333f4fa47ebb9605ca\",\"name\":\"haberkuzey\",\"image\":{\"@type\":\"ImageObject\",\"inLanguage\":\"tr\",\"@id\":\"https:\\\/\\\/secure.gravatar.com\\\/avatar\\\/f5fc875574b1575324358c3b9e6a32b8227aa5b74f3fa22e3cadb63e26fcc39c?s=96&d=mm&r=g\",\"url\":\"https:\\\/\\\/secure.gravatar.com\\\/avatar\\\/f5fc875574b1575324358c3b9e6a32b8227aa5b74f3fa22e3cadb63e26fcc39c?s=96&d=mm&r=g\",\"contentUrl\":\"https:\\\/\\\/secure.gravatar.com\\\/avatar\\\/f5fc875574b1575324358c3b9e6a32b8227aa5b74f3fa22e3cadb63e26fcc39c?s=96&d=mm&r=g\",\"caption\":\"haberkuzey\"},\"sameAs\":[\"https:\\\/\\\/haberkuzey.com\"],\"url\":\"https:\\\/\\\/haberkuzey.com\\\/index.php\\\/author\\\/haberkuzey\\\/\"}]}<\/script>\n<!-- \/ Yoast SEO plugin. -->","yoast_head_json":{"title":"Ar\u0131kl\u0131: Otostop yasa\u011f\u0131na dair talepleri yoksa \u00e7\u0131kar\u0131r\u0131z olur biter - Haber Kuzey","robots":{"index":"index","follow":"follow","max-snippet":"max-snippet:-1","max-image-preview":"max-image-preview:large","max-video-preview":"max-video-preview:-1"},"canonical":"https:\/\/haberkuzey.com\/index.php\/2026\/04\/30\/arikli-otostop-yasagina-dair-talepleri-yoksa-cikaririz-olur-biter\/","og_locale":"tr_TR","og_type":"article","og_title":"Ar\u0131kl\u0131: Otostop yasa\u011f\u0131na dair talepleri yoksa \u00e7\u0131kar\u0131r\u0131z olur biter - Haber Kuzey","og_description":"Bay\u0131nd\u0131rl\u0131k ve Ula\u015ft\u0131rma Bakan\u0131\u00a0Erhan Ar\u0131kl\u0131, taksicilerle ilgili yapt\u0131\u011f\u0131 a\u00e7\u0131klamada, belirli bir kesimin kendisiyle taksicileri kar\u015f\u0131 kar\u015f\u0131ya getirmek i\u00e7in \u00e7aba g\u00f6sterdi\u011fini ifade etti. Taksici esnaf\u0131n\u0131n s\u0131k\u0131nt\u0131lar\u0131n\u0131 en iyi bilen ve bunlar\u0131 \u00e7\u00f6zmek i\u00e7in gayret g\u00f6steren birisi oldu\u011funu belirten Ar\u0131kl\u0131, taksicilerin 21 Nisan\u2019da eylem yapt\u0131\u011f\u0131n\u0131 ve bu eylem sonras\u0131nda 24 Nisan cuma g\u00fcn\u00fc Bakanl\u0131\u011fa davet edildiklerini kaydetti. [&hellip;]","og_url":"https:\/\/haberkuzey.com\/index.php\/2026\/04\/30\/arikli-otostop-yasagina-dair-talepleri-yoksa-cikaririz-olur-biter\/","og_site_name":"Haber Kuzey","article_published_time":"2026-04-30T11:38:47+00:00","article_modified_time":"2026-04-30T11:38:57+00:00","og_image":[{"width":1654,"height":1104,"url":"https:\/\/haberkuzey.com\/wp-content\/uploads\/2026\/04\/1735721189587ARIKLI-ROP-TIM-3.jpg","type":"image\/jpeg"}],"author":"haberkuzey","twitter_card":"summary_large_image","twitter_misc":{"Yazan:":"haberkuzey","Tahmini okuma s\u00fcresi":"2 dakika"},"schema":{"@context":"https:\/\/schema.org","@graph":[{"@type":"Article","@id":"https:\/\/haberkuzey.com\/index.php\/2026\/04\/30\/arikli-otostop-yasagina-dair-talepleri-yoksa-cikaririz-olur-biter\/#article","isPartOf":{"@id":"https:\/\/haberkuzey.com\/index.php\/2026\/04\/30\/arikli-otostop-yasagina-dair-talepleri-yoksa-cikaririz-olur-biter\/"},"author":{"name":"haberkuzey","@id":"https:\/\/haberkuzey.com\/#\/schema\/person\/3372109ec735f9333f4fa47ebb9605ca"},"headline":"Ar\u0131kl\u0131: Otostop yasa\u011f\u0131na dair talepleri yoksa \u00e7\u0131kar\u0131r\u0131z olur biter","datePublished":"2026-04-30T11:38:47+00:00","dateModified":"2026-04-30T11:38:57+00:00","mainEntityOfPage":{"@id":"https:\/\/haberkuzey.com\/index.php\/2026\/04\/30\/arikli-otostop-yasagina-dair-talepleri-yoksa-cikaririz-olur-biter\/"},"wordCount":396,"commentCount":0,"image":{"@id":"https:\/\/haberkuzey.com\/index.php\/2026\/04\/30\/arikli-otostop-yasagina-dair-talepleri-yoksa-cikaririz-olur-biter\/#primaryimage"},"thumbnailUrl":"https:\/\/haberkuzey.com\/wp-content\/uploads\/2026\/04\/1735721189587ARIKLI-ROP-TIM-3.jpg","articleSection":["K\u0131br\u0131s"],"inLanguage":"tr","potentialAction":[{"@type":"CommentAction","name":"Comment","target":["https:\/\/haberkuzey.com\/index.php\/2026\/04\/30\/arikli-otostop-yasagina-dair-talepleri-yoksa-cikaririz-olur-biter\/#respond"]}]},{"@type":"WebPage","@id":"https:\/\/haberkuzey.com\/index.php\/2026\/04\/30\/arikli-otostop-yasagina-dair-talepleri-yoksa-cikaririz-olur-biter\/","url":"https:\/\/haberkuzey.com\/index.php\/2026\/04\/30\/arikli-otostop-yasagina-dair-talepleri-yoksa-cikaririz-olur-biter\/","name":"Ar\u0131kl\u0131: Otostop yasa\u011f\u0131na dair talepleri yoksa \u00e7\u0131kar\u0131r\u0131z olur biter - Haber Kuzey","isPartOf":{"@id":"https:\/\/haberkuzey.com\/#website"},"primaryImageOfPage":{"@id":"https:\/\/haberkuzey.com\/index.php\/2026\/04\/30\/arikli-otostop-yasagina-dair-talepleri-yoksa-cikaririz-olur-biter\/#primaryimage"},"image":{"@id":"https:\/\/haberkuzey.com\/index.php\/2026\/04\/30\/arikli-otostop-yasagina-dair-talepleri-yoksa-cikaririz-olur-biter\/#primaryimage"},"thumbnailUrl":"https:\/\/haberkuzey.com\/wp-content\/uploads\/2026\/04\/1735721189587ARIKLI-ROP-TIM-3.jpg","datePublished":"2026-04-30T11:38:47+00:00","dateModified":"2026-04-30T11:38:57+00:00","author":{"@id":"https:\/\/haberkuzey.com\/#\/schema\/person\/3372109ec735f9333f4fa47ebb9605ca"},"breadcrumb":{"@id":"https:\/\/haberkuzey.com\/index.php\/2026\/04\/30\/arikli-otostop-yasagina-dair-talepleri-yoksa-cikaririz-olur-biter\/#breadcrumb"},"inLanguage":"tr","potentialAction":[{"@type":"ReadAction","target":["https:\/\/haberkuzey.com\/index.php\/2026\/04\/30\/arikli-otostop-yasagina-dair-talepleri-yoksa-cikaririz-olur-biter\/"]}]},{"@type":"ImageObject","inLanguage":"tr","@id":"https:\/\/haberkuzey.com\/index.php\/2026\/04\/30\/arikli-otostop-yasagina-dair-talepleri-yoksa-cikaririz-olur-biter\/#primaryimage","url":"https:\/\/haberkuzey.com\/wp-content\/uploads\/2026\/04\/1735721189587ARIKLI-ROP-TIM-3.jpg","contentUrl":"https:\/\/haberkuzey.com\/wp-content\/uploads\/2026\/04\/1735721189587ARIKLI-ROP-TIM-3.jpg","width":1654,"height":1104},{"@type":"BreadcrumbList","@id":"https:\/\/haberkuzey.com\/index.php\/2026\/04\/30\/arikli-otostop-yasagina-dair-talepleri-yoksa-cikaririz-olur-biter\/#breadcrumb","itemListElement":[{"@type":"ListItem","position":1,"name":"Anasayfa","item":"https:\/\/haberkuzey.com\/"},{"@type":"ListItem","position":2,"name":"Ar\u0131kl\u0131: Otostop yasa\u011f\u0131na dair talepleri yoksa \u00e7\u0131kar\u0131r\u0131z olur biter"}]},{"@type":"WebSite","@id":"https:\/\/haberkuzey.com\/#website","url":"https:\/\/haberkuzey.com\/","name":"Haber Kuzey","description":"Do\u011fru Haberin Adresi","potentialAction":[{"@type":"SearchAction","target":{"@type":"EntryPoint","urlTemplate":"https:\/\/haberkuzey.com\/?s={search_term_string}"},"query-input":{"@type":"PropertyValueSpecification","valueRequired":true,"valueName":"search_term_string"}}],"inLanguage":"tr"},{"@type":"Person","@id":"https:\/\/haberkuzey.com\/#\/schema\/person\/3372109ec735f9333f4fa47ebb9605ca","name":"haberkuzey","image":{"@type":"ImageObject","inLanguage":"tr","@id":"https:\/\/secure.gravatar.com\/avatar\/f5fc875574b1575324358c3b9e6a32b8227aa5b74f3fa22e3cadb63e26fcc39c?s=96&d=mm&r=g","url":"https:\/\/secure.gravatar.com\/avatar\/f5fc875574b1575324358c3b9e6a32b8227aa5b74f3fa22e3cadb63e26fcc39c?s=96&d=mm&r=g","contentUrl":"https:\/\/secure.gravatar.com\/avatar\/f5fc875574b1575324358c3b9e6a32b8227aa5b74f3fa22e3cadb63e26fcc39c?s=96&d=mm&r=g","caption":"haberkuzey"},"sameAs":["https:\/\/haberkuzey.com"],"url":"https:\/\/haberkuzey.com\/index.php\/author\/haberkuzey\/"}]}},"_links":{"self":[{"href":"https:\/\/haberkuzey.com\/index.php\/wp-json\/wp\/v2\/posts\/36898","targetHints":{"allow":["GET"]}}],"collection":[{"href":"https:\/\/haberkuzey.com\/index.php\/wp-json\/wp\/v2\/posts"}],"about":[{"href":"https:\/\/haberkuzey.com\/index.php\/wp-json\/wp\/v2\/types\/post"}],"author":[{"embeddable":true,"href":"https:\/\/haberkuzey.com\/index.php\/wp-json\/wp\/v2\/users\/1"}],"replies":[{"embeddable":true,"href":"https:\/\/haberkuzey.com\/index.php\/wp-json\/wp\/v2\/comments?post=36898"}],"version-history":[{"count":1,"href":"https:\/\/haberkuzey.com\/index.php\/wp-json\/wp\/v2\/posts\/36898\/revisions"}],"predecessor-version":[{"id":36900,"href":"https:\/\/haberkuzey.com\/index.php\/wp-json\/wp\/v2\/posts\/36898\/revisions\/36900"}],"wp:featuredmedia":[{"embeddable":true,"href":"https:\/\/haberkuzey.com\/index.php\/wp-json\/wp\/v2\/media\/36899"}],"wp:attachment":[{"href":"https:\/\/haberkuzey.com\/index.php\/wp-json\/wp\/v2\/media?parent=36898"}],"wp:term":[{"taxonomy":"category","embeddable":true,"href":"https:\/\/haberkuzey.com\/index.php\/wp-json\/wp\/v2\/categories?post=36898"},{"taxonomy":"post_tag","embeddable":true,"href":"https:\/\/haberkuzey.com\/index.php\/wp-json\/wp\/v2\/tags?post=36898"}],"curies":[{"name":"wp","href":"https:\/\/api.w.org\/{rel}","templated":true}]}}