{"id":36896,"date":"2026-04-30T14:32:51","date_gmt":"2026-04-30T11:32:51","guid":{"rendered":"https:\/\/haberkuzey.com\/index.php\/2026\/04\/30\/girnede-denetim-sirasinda-pencereden-atladi-yaralandi\/"},"modified":"2026-04-30T14:33:00","modified_gmt":"2026-04-30T11:33:00","slug":"girnede-denetim-sirasinda-pencereden-atladi-yaralandi","status":"publish","type":"post","link":"https:\/\/haberkuzey.com\/index.php\/2026\/04\/30\/girnede-denetim-sirasinda-pencereden-atladi-yaralandi\/","title":{"rendered":"Girne\u2019de denetim s\u0131ras\u0131nda pencereden atlad\u0131: Yaraland\u0131"},"content":{"rendered":"<p>Girne\u2019de polis ekiplerinin ger\u00e7ekle\u015ftirdi\u011fi asayi\u015f ve trafik denetimleri s\u0131ras\u0131nda bir ki\u015fi yaraland\u0131.<\/p>\n<p>Polis a\u00e7\u0131klamas\u0131na g\u00f6re, 29 Nisan 2026 tarihinde saat 21.00 s\u0131ralar\u0131nda Girne Polis M\u00fcd\u00fcrl\u00fc\u011f\u00fc\u2019ne ba\u011fl\u0131 ekipler taraf\u0131ndan bir pansiyonda denetim yap\u0131ld\u0131\u011f\u0131 s\u0131rada, pansiyonda kalan MD Akram Hossain (E-32)\u2019in \u00fclkede ikamet izinsiz bulundu\u011fu tespit edildi.<\/p>\n<p>Polisten ka\u00e7maya \u00e7al\u0131\u015fan \u015fah\u0131s, pansiyonun ikinci kat\u0131ndaki pencereden yakla\u015f\u0131k 4,5 metre y\u00fckseklikten atlayarak zemine d\u00fc\u015ft\u00fc.<\/p>\n<p>Yaralanan Hossain, kald\u0131r\u0131ld\u0131\u011f\u0131 Girne Dr. Ak\u00e7i\u00e7ek Hastanesi\u2019nde kal\u00e7a kemi\u011finde k\u0131r\u0131k te\u015fhisiyle tedavi alt\u0131na al\u0131nd\u0131 ve m\u00fc\u015fahedeye al\u0131nd\u0131.<\/p>\n<p>Olayla ilgili soru\u015fturman\u0131n devam etti\u011fi bildirildi.<\/p>\n<p>&nbsp;<\/p>\n","protected":false},"excerpt":{"rendered":"<p>Girne\u2019de polis ekiplerinin ger\u00e7ekle\u015ftirdi\u011fi asayi\u015f ve trafik denetimleri s\u0131ras\u0131nda bir ki\u015fi yaraland\u0131. Polis a\u00e7\u0131klamas\u0131na g\u00f6re, 29 Nisan 2026 tarihinde saat 21.00 s\u0131ralar\u0131nda Girne Polis M\u00fcd\u00fcrl\u00fc\u011f\u00fc\u2019ne ba\u011fl\u0131 ekipler taraf\u0131ndan bir pansiyonda denetim yap\u0131ld\u0131\u011f\u0131 s\u0131rada, pansiyonda kalan MD Akram Hossain (E-32)\u2019in \u00fclkede ikamet izinsiz bulundu\u011fu tespit edildi. Polisten ka\u00e7maya \u00e7al\u0131\u015fan \u015fah\u0131s, pansiyonun ikinci kat\u0131ndaki pencereden yakla\u015f\u0131k 4,5 [&hellip;]<\/p>\n","protected":false},"author":1,"featured_media":36471,"comment_status":"open","ping_status":"open","sticky":false,"template":"","format":"standard","meta":{"jnews-multi-image_gallery":[],"jnews_single_post":[],"jnews_primary_category":[],"footnotes":""},"categories":[1],"tags":[],"class_list":["post-36896","post","type-post","status-publish","format-standard","has-post-thumbnail","hentry","category-kibris"],"yoast_head":"<!-- This site is optimized with the Yoast SEO plugin v27.5 - https:\/\/yoast.com\/product\/yoast-seo-wordpress\/ -->\n<title>Girne\u2019de denetim s\u0131ras\u0131nda pencereden atlad\u0131: Yaraland\u0131 - Haber Kuzey<\/title>\n<meta name=\"robots\" content=\"index, follow, max-snippet:-1, max-image-preview:large, max-video-preview:-1\" \/>\n<link rel=\"canonical\" href=\"https:\/\/haberkuzey.com\/index.php\/2026\/04\/30\/girnede-denetim-sirasinda-pencereden-atladi-yaralandi\/\" \/>\n<meta property=\"og:locale\" content=\"tr_TR\" \/>\n<meta property=\"og:type\" content=\"article\" \/>\n<meta property=\"og:title\" content=\"Girne\u2019de denetim s\u0131ras\u0131nda pencereden atlad\u0131: Yaraland\u0131 - Haber Kuzey\" \/>\n<meta property=\"og:description\" content=\"Girne\u2019de polis ekiplerinin ger\u00e7ekle\u015ftirdi\u011fi asayi\u015f ve trafik denetimleri s\u0131ras\u0131nda bir ki\u015fi yaraland\u0131. Polis a\u00e7\u0131klamas\u0131na g\u00f6re, 29 Nisan 2026 tarihinde saat 21.00 s\u0131ralar\u0131nda Girne Polis M\u00fcd\u00fcrl\u00fc\u011f\u00fc\u2019ne ba\u011fl\u0131 ekipler taraf\u0131ndan bir pansiyonda denetim yap\u0131ld\u0131\u011f\u0131 s\u0131rada, pansiyonda kalan MD Akram Hossain (E-32)\u2019in \u00fclkede ikamet izinsiz bulundu\u011fu tespit edildi. Polisten ka\u00e7maya \u00e7al\u0131\u015fan \u015fah\u0131s, pansiyonun ikinci kat\u0131ndaki pencereden yakla\u015f\u0131k 4,5 [&hellip;]\" \/>\n<meta property=\"og:url\" content=\"https:\/\/haberkuzey.com\/index.php\/2026\/04\/30\/girnede-denetim-sirasinda-pencereden-atladi-yaralandi\/\" \/>\n<meta property=\"og:site_name\" content=\"Haber Kuzey\" \/>\n<meta property=\"article:published_time\" content=\"2026-04-30T11:32:51+00:00\" \/>\n<meta property=\"article:modified_time\" content=\"2026-04-30T11:33:00+00:00\" \/>\n<meta property=\"og:image\" content=\"https:\/\/haberkuzey.com\/wp-content\/uploads\/2026\/04\/1738856741367ambulans17.jpg\" \/>\n\t<meta property=\"og:image:width\" content=\"1280\" \/>\n\t<meta property=\"og:image:height\" content=\"720\" \/>\n\t<meta property=\"og:image:type\" content=\"image\/jpeg\" \/>\n<meta name=\"author\" content=\"haberkuzey\" \/>\n<meta name=\"twitter:card\" content=\"summary_large_image\" \/>\n<meta name=\"twitter:label1\" content=\"Yazan:\" \/>\n\t<meta name=\"twitter:data1\" content=\"haberkuzey\" \/>\n\t<meta name=\"twitter:label2\" content=\"Tahmini okuma s\u00fcresi\" \/>\n\t<meta name=\"twitter:data2\" content=\"1 dakika\" \/>\n<script type=\"application\/ld+json\" class=\"yoast-schema-graph\">{\"@context\":\"https:\\\/\\\/schema.org\",\"@graph\":[{\"@type\":\"Article\",\"@id\":\"https:\\\/\\\/haberkuzey.com\\\/index.php\\\/2026\\\/04\\\/30\\\/girnede-denetim-sirasinda-pencereden-atladi-yaralandi\\\/#article\",\"isPartOf\":{\"@id\":\"https:\\\/\\\/haberkuzey.com\\\/index.php\\\/2026\\\/04\\\/30\\\/girnede-denetim-sirasinda-pencereden-atladi-yaralandi\\\/\"},\"author\":{\"name\":\"haberkuzey\",\"@id\":\"https:\\\/\\\/haberkuzey.com\\\/#\\\/schema\\\/person\\\/3372109ec735f9333f4fa47ebb9605ca\"},\"headline\":\"Girne\u2019de denetim s\u0131ras\u0131nda pencereden atlad\u0131: Yaraland\u0131\",\"datePublished\":\"2026-04-30T11:32:51+00:00\",\"dateModified\":\"2026-04-30T11:33:00+00:00\",\"mainEntityOfPage\":{\"@id\":\"https:\\\/\\\/haberkuzey.com\\\/index.php\\\/2026\\\/04\\\/30\\\/girnede-denetim-sirasinda-pencereden-atladi-yaralandi\\\/\"},\"wordCount\":134,\"commentCount\":0,\"image\":{\"@id\":\"https:\\\/\\\/haberkuzey.com\\\/index.php\\\/2026\\\/04\\\/30\\\/girnede-denetim-sirasinda-pencereden-atladi-yaralandi\\\/#primaryimage\"},\"thumbnailUrl\":\"https:\\\/\\\/haberkuzey.com\\\/wp-content\\\/uploads\\\/2026\\\/04\\\/1738856741367ambulans17.jpg\",\"articleSection\":[\"K\u0131br\u0131s\"],\"inLanguage\":\"tr\",\"potentialAction\":[{\"@type\":\"CommentAction\",\"name\":\"Comment\",\"target\":[\"https:\\\/\\\/haberkuzey.com\\\/index.php\\\/2026\\\/04\\\/30\\\/girnede-denetim-sirasinda-pencereden-atladi-yaralandi\\\/#respond\"]}]},{\"@type\":\"WebPage\",\"@id\":\"https:\\\/\\\/haberkuzey.com\\\/index.php\\\/2026\\\/04\\\/30\\\/girnede-denetim-sirasinda-pencereden-atladi-yaralandi\\\/\",\"url\":\"https:\\\/\\\/haberkuzey.com\\\/index.php\\\/2026\\\/04\\\/30\\\/girnede-denetim-sirasinda-pencereden-atladi-yaralandi\\\/\",\"name\":\"Girne\u2019de denetim s\u0131ras\u0131nda pencereden atlad\u0131: Yaraland\u0131 - Haber Kuzey\",\"isPartOf\":{\"@id\":\"https:\\\/\\\/haberkuzey.com\\\/#website\"},\"primaryImageOfPage\":{\"@id\":\"https:\\\/\\\/haberkuzey.com\\\/index.php\\\/2026\\\/04\\\/30\\\/girnede-denetim-sirasinda-pencereden-atladi-yaralandi\\\/#primaryimage\"},\"image\":{\"@id\":\"https:\\\/\\\/haberkuzey.com\\\/index.php\\\/2026\\\/04\\\/30\\\/girnede-denetim-sirasinda-pencereden-atladi-yaralandi\\\/#primaryimage\"},\"thumbnailUrl\":\"https:\\\/\\\/haberkuzey.com\\\/wp-content\\\/uploads\\\/2026\\\/04\\\/1738856741367ambulans17.jpg\",\"datePublished\":\"2026-04-30T11:32:51+00:00\",\"dateModified\":\"2026-04-30T11:33:00+00:00\",\"author\":{\"@id\":\"https:\\\/\\\/haberkuzey.com\\\/#\\\/schema\\\/person\\\/3372109ec735f9333f4fa47ebb9605ca\"},\"breadcrumb\":{\"@id\":\"https:\\\/\\\/haberkuzey.com\\\/index.php\\\/2026\\\/04\\\/30\\\/girnede-denetim-sirasinda-pencereden-atladi-yaralandi\\\/#breadcrumb\"},\"inLanguage\":\"tr\",\"potentialAction\":[{\"@type\":\"ReadAction\",\"target\":[\"https:\\\/\\\/haberkuzey.com\\\/index.php\\\/2026\\\/04\\\/30\\\/girnede-denetim-sirasinda-pencereden-atladi-yaralandi\\\/\"]}]},{\"@type\":\"ImageObject\",\"inLanguage\":\"tr\",\"@id\":\"https:\\\/\\\/haberkuzey.com\\\/index.php\\\/2026\\\/04\\\/30\\\/girnede-denetim-sirasinda-pencereden-atladi-yaralandi\\\/#primaryimage\",\"url\":\"https:\\\/\\\/haberkuzey.com\\\/wp-content\\\/uploads\\\/2026\\\/04\\\/1738856741367ambulans17.jpg\",\"contentUrl\":\"https:\\\/\\\/haberkuzey.com\\\/wp-content\\\/uploads\\\/2026\\\/04\\\/1738856741367ambulans17.jpg\",\"width\":1280,\"height\":720},{\"@type\":\"BreadcrumbList\",\"@id\":\"https:\\\/\\\/haberkuzey.com\\\/index.php\\\/2026\\\/04\\\/30\\\/girnede-denetim-sirasinda-pencereden-atladi-yaralandi\\\/#breadcrumb\",\"itemListElement\":[{\"@type\":\"ListItem\",\"position\":1,\"name\":\"Anasayfa\",\"item\":\"https:\\\/\\\/haberkuzey.com\\\/\"},{\"@type\":\"ListItem\",\"position\":2,\"name\":\"Girne\u2019de denetim s\u0131ras\u0131nda pencereden atlad\u0131: Yaraland\u0131\"}]},{\"@type\":\"WebSite\",\"@id\":\"https:\\\/\\\/haberkuzey.com\\\/#website\",\"url\":\"https:\\\/\\\/haberkuzey.com\\\/\",\"name\":\"Haber Kuzey\",\"description\":\"Do\u011fru Haberin Adresi\",\"potentialAction\":[{\"@type\":\"SearchAction\",\"target\":{\"@type\":\"EntryPoint\",\"urlTemplate\":\"https:\\\/\\\/haberkuzey.com\\\/?s={search_term_string}\"},\"query-input\":{\"@type\":\"PropertyValueSpecification\",\"valueRequired\":true,\"valueName\":\"search_term_string\"}}],\"inLanguage\":\"tr\"},{\"@type\":\"Person\",\"@id\":\"https:\\\/\\\/haberkuzey.com\\\/#\\\/schema\\\/person\\\/3372109ec735f9333f4fa47ebb9605ca\",\"name\":\"haberkuzey\",\"image\":{\"@type\":\"ImageObject\",\"inLanguage\":\"tr\",\"@id\":\"https:\\\/\\\/secure.gravatar.com\\\/avatar\\\/f5fc875574b1575324358c3b9e6a32b8227aa5b74f3fa22e3cadb63e26fcc39c?s=96&d=mm&r=g\",\"url\":\"https:\\\/\\\/secure.gravatar.com\\\/avatar\\\/f5fc875574b1575324358c3b9e6a32b8227aa5b74f3fa22e3cadb63e26fcc39c?s=96&d=mm&r=g\",\"contentUrl\":\"https:\\\/\\\/secure.gravatar.com\\\/avatar\\\/f5fc875574b1575324358c3b9e6a32b8227aa5b74f3fa22e3cadb63e26fcc39c?s=96&d=mm&r=g\",\"caption\":\"haberkuzey\"},\"sameAs\":[\"https:\\\/\\\/haberkuzey.com\"],\"url\":\"https:\\\/\\\/haberkuzey.com\\\/index.php\\\/author\\\/haberkuzey\\\/\"}]}<\/script>\n<!-- \/ Yoast SEO plugin. -->","yoast_head_json":{"title":"Girne\u2019de denetim s\u0131ras\u0131nda pencereden atlad\u0131: Yaraland\u0131 - Haber Kuzey","robots":{"index":"index","follow":"follow","max-snippet":"max-snippet:-1","max-image-preview":"max-image-preview:large","max-video-preview":"max-video-preview:-1"},"canonical":"https:\/\/haberkuzey.com\/index.php\/2026\/04\/30\/girnede-denetim-sirasinda-pencereden-atladi-yaralandi\/","og_locale":"tr_TR","og_type":"article","og_title":"Girne\u2019de denetim s\u0131ras\u0131nda pencereden atlad\u0131: Yaraland\u0131 - Haber Kuzey","og_description":"Girne\u2019de polis ekiplerinin ger\u00e7ekle\u015ftirdi\u011fi asayi\u015f ve trafik denetimleri s\u0131ras\u0131nda bir ki\u015fi yaraland\u0131. Polis a\u00e7\u0131klamas\u0131na g\u00f6re, 29 Nisan 2026 tarihinde saat 21.00 s\u0131ralar\u0131nda Girne Polis M\u00fcd\u00fcrl\u00fc\u011f\u00fc\u2019ne ba\u011fl\u0131 ekipler taraf\u0131ndan bir pansiyonda denetim yap\u0131ld\u0131\u011f\u0131 s\u0131rada, pansiyonda kalan MD Akram Hossain (E-32)\u2019in \u00fclkede ikamet izinsiz bulundu\u011fu tespit edildi. Polisten ka\u00e7maya \u00e7al\u0131\u015fan \u015fah\u0131s, pansiyonun ikinci kat\u0131ndaki pencereden yakla\u015f\u0131k 4,5 [&hellip;]","og_url":"https:\/\/haberkuzey.com\/index.php\/2026\/04\/30\/girnede-denetim-sirasinda-pencereden-atladi-yaralandi\/","og_site_name":"Haber Kuzey","article_published_time":"2026-04-30T11:32:51+00:00","article_modified_time":"2026-04-30T11:33:00+00:00","og_image":[{"width":1280,"height":720,"url":"https:\/\/haberkuzey.com\/wp-content\/uploads\/2026\/04\/1738856741367ambulans17.jpg","type":"image\/jpeg"}],"author":"haberkuzey","twitter_card":"summary_large_image","twitter_misc":{"Yazan:":"haberkuzey","Tahmini okuma s\u00fcresi":"1 dakika"},"schema":{"@context":"https:\/\/schema.org","@graph":[{"@type":"Article","@id":"https:\/\/haberkuzey.com\/index.php\/2026\/04\/30\/girnede-denetim-sirasinda-pencereden-atladi-yaralandi\/#article","isPartOf":{"@id":"https:\/\/haberkuzey.com\/index.php\/2026\/04\/30\/girnede-denetim-sirasinda-pencereden-atladi-yaralandi\/"},"author":{"name":"haberkuzey","@id":"https:\/\/haberkuzey.com\/#\/schema\/person\/3372109ec735f9333f4fa47ebb9605ca"},"headline":"Girne\u2019de denetim s\u0131ras\u0131nda pencereden atlad\u0131: Yaraland\u0131","datePublished":"2026-04-30T11:32:51+00:00","dateModified":"2026-04-30T11:33:00+00:00","mainEntityOfPage":{"@id":"https:\/\/haberkuzey.com\/index.php\/2026\/04\/30\/girnede-denetim-sirasinda-pencereden-atladi-yaralandi\/"},"wordCount":134,"commentCount":0,"image":{"@id":"https:\/\/haberkuzey.com\/index.php\/2026\/04\/30\/girnede-denetim-sirasinda-pencereden-atladi-yaralandi\/#primaryimage"},"thumbnailUrl":"https:\/\/haberkuzey.com\/wp-content\/uploads\/2026\/04\/1738856741367ambulans17.jpg","articleSection":["K\u0131br\u0131s"],"inLanguage":"tr","potentialAction":[{"@type":"CommentAction","name":"Comment","target":["https:\/\/haberkuzey.com\/index.php\/2026\/04\/30\/girnede-denetim-sirasinda-pencereden-atladi-yaralandi\/#respond"]}]},{"@type":"WebPage","@id":"https:\/\/haberkuzey.com\/index.php\/2026\/04\/30\/girnede-denetim-sirasinda-pencereden-atladi-yaralandi\/","url":"https:\/\/haberkuzey.com\/index.php\/2026\/04\/30\/girnede-denetim-sirasinda-pencereden-atladi-yaralandi\/","name":"Girne\u2019de denetim s\u0131ras\u0131nda pencereden atlad\u0131: Yaraland\u0131 - Haber Kuzey","isPartOf":{"@id":"https:\/\/haberkuzey.com\/#website"},"primaryImageOfPage":{"@id":"https:\/\/haberkuzey.com\/index.php\/2026\/04\/30\/girnede-denetim-sirasinda-pencereden-atladi-yaralandi\/#primaryimage"},"image":{"@id":"https:\/\/haberkuzey.com\/index.php\/2026\/04\/30\/girnede-denetim-sirasinda-pencereden-atladi-yaralandi\/#primaryimage"},"thumbnailUrl":"https:\/\/haberkuzey.com\/wp-content\/uploads\/2026\/04\/1738856741367ambulans17.jpg","datePublished":"2026-04-30T11:32:51+00:00","dateModified":"2026-04-30T11:33:00+00:00","author":{"@id":"https:\/\/haberkuzey.com\/#\/schema\/person\/3372109ec735f9333f4fa47ebb9605ca"},"breadcrumb":{"@id":"https:\/\/haberkuzey.com\/index.php\/2026\/04\/30\/girnede-denetim-sirasinda-pencereden-atladi-yaralandi\/#breadcrumb"},"inLanguage":"tr","potentialAction":[{"@type":"ReadAction","target":["https:\/\/haberkuzey.com\/index.php\/2026\/04\/30\/girnede-denetim-sirasinda-pencereden-atladi-yaralandi\/"]}]},{"@type":"ImageObject","inLanguage":"tr","@id":"https:\/\/haberkuzey.com\/index.php\/2026\/04\/30\/girnede-denetim-sirasinda-pencereden-atladi-yaralandi\/#primaryimage","url":"https:\/\/haberkuzey.com\/wp-content\/uploads\/2026\/04\/1738856741367ambulans17.jpg","contentUrl":"https:\/\/haberkuzey.com\/wp-content\/uploads\/2026\/04\/1738856741367ambulans17.jpg","width":1280,"height":720},{"@type":"BreadcrumbList","@id":"https:\/\/haberkuzey.com\/index.php\/2026\/04\/30\/girnede-denetim-sirasinda-pencereden-atladi-yaralandi\/#breadcrumb","itemListElement":[{"@type":"ListItem","position":1,"name":"Anasayfa","item":"https:\/\/haberkuzey.com\/"},{"@type":"ListItem","position":2,"name":"Girne\u2019de denetim s\u0131ras\u0131nda pencereden atlad\u0131: Yaraland\u0131"}]},{"@type":"WebSite","@id":"https:\/\/haberkuzey.com\/#website","url":"https:\/\/haberkuzey.com\/","name":"Haber Kuzey","description":"Do\u011fru Haberin Adresi","potentialAction":[{"@type":"SearchAction","target":{"@type":"EntryPoint","urlTemplate":"https:\/\/haberkuzey.com\/?s={search_term_string}"},"query-input":{"@type":"PropertyValueSpecification","valueRequired":true,"valueName":"search_term_string"}}],"inLanguage":"tr"},{"@type":"Person","@id":"https:\/\/haberkuzey.com\/#\/schema\/person\/3372109ec735f9333f4fa47ebb9605ca","name":"haberkuzey","image":{"@type":"ImageObject","inLanguage":"tr","@id":"https:\/\/secure.gravatar.com\/avatar\/f5fc875574b1575324358c3b9e6a32b8227aa5b74f3fa22e3cadb63e26fcc39c?s=96&d=mm&r=g","url":"https:\/\/secure.gravatar.com\/avatar\/f5fc875574b1575324358c3b9e6a32b8227aa5b74f3fa22e3cadb63e26fcc39c?s=96&d=mm&r=g","contentUrl":"https:\/\/secure.gravatar.com\/avatar\/f5fc875574b1575324358c3b9e6a32b8227aa5b74f3fa22e3cadb63e26fcc39c?s=96&d=mm&r=g","caption":"haberkuzey"},"sameAs":["https:\/\/haberkuzey.com"],"url":"https:\/\/haberkuzey.com\/index.php\/author\/haberkuzey\/"}]}},"_links":{"self":[{"href":"https:\/\/haberkuzey.com\/index.php\/wp-json\/wp\/v2\/posts\/36896","targetHints":{"allow":["GET"]}}],"collection":[{"href":"https:\/\/haberkuzey.com\/index.php\/wp-json\/wp\/v2\/posts"}],"about":[{"href":"https:\/\/haberkuzey.com\/index.php\/wp-json\/wp\/v2\/types\/post"}],"author":[{"embeddable":true,"href":"https:\/\/haberkuzey.com\/index.php\/wp-json\/wp\/v2\/users\/1"}],"replies":[{"embeddable":true,"href":"https:\/\/haberkuzey.com\/index.php\/wp-json\/wp\/v2\/comments?post=36896"}],"version-history":[{"count":1,"href":"https:\/\/haberkuzey.com\/index.php\/wp-json\/wp\/v2\/posts\/36896\/revisions"}],"predecessor-version":[{"id":36897,"href":"https:\/\/haberkuzey.com\/index.php\/wp-json\/wp\/v2\/posts\/36896\/revisions\/36897"}],"wp:featuredmedia":[{"embeddable":true,"href":"https:\/\/haberkuzey.com\/index.php\/wp-json\/wp\/v2\/media\/36471"}],"wp:attachment":[{"href":"https:\/\/haberkuzey.com\/index.php\/wp-json\/wp\/v2\/media?parent=36896"}],"wp:term":[{"taxonomy":"category","embeddable":true,"href":"https:\/\/haberkuzey.com\/index.php\/wp-json\/wp\/v2\/categories?post=36896"},{"taxonomy":"post_tag","embeddable":true,"href":"https:\/\/haberkuzey.com\/index.php\/wp-json\/wp\/v2\/tags?post=36896"}],"curies":[{"name":"wp","href":"https:\/\/api.w.org\/{rel}","templated":true}]}}