{"id":36883,"date":"2026-04-30T12:49:11","date_gmt":"2026-04-30T09:49:11","guid":{"rendered":"https:\/\/haberkuzey.com\/index.php\/2026\/04\/30\/cavus-emek-hayatin-her-alaninda-hissedilen-temel-bir-degerdir\/"},"modified":"2026-04-30T12:49:19","modified_gmt":"2026-04-30T09:49:19","slug":"cavus-emek-hayatin-her-alaninda-hissedilen-temel-bir-degerdir","status":"publish","type":"post","link":"https:\/\/haberkuzey.com\/index.php\/2026\/04\/30\/cavus-emek-hayatin-her-alaninda-hissedilen-temel-bir-degerdir\/","title":{"rendered":"\u00c7avu\u015f: Emek hayat\u0131n her alan\u0131nda hissedilen temel bir de\u011ferdir"},"content":{"rendered":"<p>Tar\u0131m ve Do\u011fal Kaynaklar Bakan\u0131 H\u00fcseyin \u00c7avu\u015f, eme\u011fin hayat\u0131n her alan\u0131nda hissedilen temel bir de\u011fer oldu\u011funu vurgulad\u0131.<\/p>\n<p>\u00c7avu\u015f, 1 May\u0131s Emek ve Dayan\u0131\u015fma G\u00fcn\u00fc dolay\u0131s\u0131yla yay\u0131mlad\u0131\u011f\u0131 mesajda, g\u00fcn\u00fcn yaln\u0131zca eme\u011fin an\u0131ld\u0131\u011f\u0131 bir g\u00fcn olmad\u0131\u011f\u0131n\u0131 belirterek, \u201cTopra\u011fa d\u00fc\u015fen her tohumda, g\u00fcne\u015fin alt\u0131nda verilen her m\u00fccadelede ve sofralara ula\u015fan her \u00fcr\u00fcnde eme\u011fin izleri vard\u0131r. Bu nedenle tar\u0131m, eme\u011fin en g\u00f6r\u00fcn\u00fcr, en sab\u0131rl\u0131 ve en vazge\u00e7ilmez halidir.\u201d ifadelerini kulland\u0131.<\/p>\n<p>\u00dclkenin \u00fcretim g\u00fcc\u00fcn\u00fc ayakta tutan t\u00fcm i\u015f\u00e7i ve emek\u00e7ilerin, \u00f6zellikle de tar\u0131m emek\u00e7ilerinin gelece\u011fin ger\u00e7ek mimarlar\u0131 oldu\u011funu kaydeden \u00c7avu\u015f, onlar\u0131n al\u0131n terinin yaln\u0131zca bug\u00fcn\u00fc de\u011fil, yar\u0131nlar\u0131 da in\u015fa etti\u011fini ifade etti.<\/p>\n<p>Daha adil \u00e7al\u0131\u015fma ko\u015fullar\u0131n\u0131n sa\u011flanmas\u0131n\u0131n ve eme\u011fin hak etti\u011fi de\u011feri g\u00f6rmesinin ortak sorumluluk oldu\u011funa dikkat \u00e7eken \u00c7avu\u015f, mesaj\u0131nda t\u00fcm emek\u00e7ilerin 1 May\u0131s Emek ve Dayan\u0131\u015fma G\u00fcn\u00fc\u2019n\u00fc kutlayarak sa\u011fl\u0131k, bereket ve huzur temennisinde bulundu.<\/p>\n","protected":false},"excerpt":{"rendered":"<p>Tar\u0131m ve Do\u011fal Kaynaklar Bakan\u0131 H\u00fcseyin \u00c7avu\u015f, eme\u011fin hayat\u0131n her alan\u0131nda hissedilen temel bir de\u011fer oldu\u011funu vurgulad\u0131. \u00c7avu\u015f, 1 May\u0131s Emek ve Dayan\u0131\u015fma G\u00fcn\u00fc dolay\u0131s\u0131yla yay\u0131mlad\u0131\u011f\u0131 mesajda, g\u00fcn\u00fcn yaln\u0131zca eme\u011fin an\u0131ld\u0131\u011f\u0131 bir g\u00fcn olmad\u0131\u011f\u0131n\u0131 belirterek, \u201cTopra\u011fa d\u00fc\u015fen her tohumda, g\u00fcne\u015fin alt\u0131nda verilen her m\u00fccadelede ve sofralara ula\u015fan her \u00fcr\u00fcnde eme\u011fin izleri vard\u0131r. Bu nedenle tar\u0131m, [&hellip;]<\/p>\n","protected":false},"author":1,"featured_media":36202,"comment_status":"open","ping_status":"open","sticky":false,"template":"","format":"standard","meta":{"jnews-multi-image_gallery":[],"jnews_single_post":[],"jnews_primary_category":[],"footnotes":""},"categories":[1],"tags":[],"class_list":["post-36883","post","type-post","status-publish","format-standard","has-post-thumbnail","hentry","category-kibris"],"yoast_head":"<!-- This site is optimized with the Yoast SEO plugin v27.5 - https:\/\/yoast.com\/product\/yoast-seo-wordpress\/ -->\n<title>\u00c7avu\u015f: Emek hayat\u0131n her alan\u0131nda hissedilen temel bir de\u011ferdir - Haber Kuzey<\/title>\n<meta name=\"robots\" content=\"index, follow, max-snippet:-1, max-image-preview:large, max-video-preview:-1\" \/>\n<link rel=\"canonical\" href=\"https:\/\/haberkuzey.com\/index.php\/2026\/04\/30\/cavus-emek-hayatin-her-alaninda-hissedilen-temel-bir-degerdir\/\" \/>\n<meta property=\"og:locale\" content=\"tr_TR\" \/>\n<meta property=\"og:type\" content=\"article\" \/>\n<meta property=\"og:title\" content=\"\u00c7avu\u015f: Emek hayat\u0131n her alan\u0131nda hissedilen temel bir de\u011ferdir - Haber Kuzey\" \/>\n<meta property=\"og:description\" content=\"Tar\u0131m ve Do\u011fal Kaynaklar Bakan\u0131 H\u00fcseyin \u00c7avu\u015f, eme\u011fin hayat\u0131n her alan\u0131nda hissedilen temel bir de\u011fer oldu\u011funu vurgulad\u0131. \u00c7avu\u015f, 1 May\u0131s Emek ve Dayan\u0131\u015fma G\u00fcn\u00fc dolay\u0131s\u0131yla yay\u0131mlad\u0131\u011f\u0131 mesajda, g\u00fcn\u00fcn yaln\u0131zca eme\u011fin an\u0131ld\u0131\u011f\u0131 bir g\u00fcn olmad\u0131\u011f\u0131n\u0131 belirterek, \u201cTopra\u011fa d\u00fc\u015fen her tohumda, g\u00fcne\u015fin alt\u0131nda verilen her m\u00fccadelede ve sofralara ula\u015fan her \u00fcr\u00fcnde eme\u011fin izleri vard\u0131r. Bu nedenle tar\u0131m, [&hellip;]\" \/>\n<meta property=\"og:url\" content=\"https:\/\/haberkuzey.com\/index.php\/2026\/04\/30\/cavus-emek-hayatin-her-alaninda-hissedilen-temel-bir-degerdir\/\" \/>\n<meta property=\"og:site_name\" content=\"Haber Kuzey\" \/>\n<meta property=\"article:published_time\" content=\"2026-04-30T09:49:11+00:00\" \/>\n<meta property=\"article:modified_time\" content=\"2026-04-30T09:49:19+00:00\" \/>\n<meta property=\"og:image\" content=\"https:\/\/haberkuzey.com\/wp-content\/uploads\/2026\/04\/cavusudis.jpg\" \/>\n\t<meta property=\"og:image:width\" content=\"1600\" \/>\n\t<meta property=\"og:image:height\" content=\"1063\" \/>\n\t<meta property=\"og:image:type\" content=\"image\/jpeg\" \/>\n<meta name=\"author\" content=\"haberkuzey\" \/>\n<meta name=\"twitter:card\" content=\"summary_large_image\" \/>\n<meta name=\"twitter:label1\" content=\"Yazan:\" \/>\n\t<meta name=\"twitter:data1\" content=\"haberkuzey\" \/>\n\t<meta name=\"twitter:label2\" content=\"Tahmini okuma s\u00fcresi\" \/>\n\t<meta name=\"twitter:data2\" content=\"1 dakika\" \/>\n<script type=\"application\/ld+json\" class=\"yoast-schema-graph\">{\"@context\":\"https:\\\/\\\/schema.org\",\"@graph\":[{\"@type\":\"Article\",\"@id\":\"https:\\\/\\\/haberkuzey.com\\\/index.php\\\/2026\\\/04\\\/30\\\/cavus-emek-hayatin-her-alaninda-hissedilen-temel-bir-degerdir\\\/#article\",\"isPartOf\":{\"@id\":\"https:\\\/\\\/haberkuzey.com\\\/index.php\\\/2026\\\/04\\\/30\\\/cavus-emek-hayatin-her-alaninda-hissedilen-temel-bir-degerdir\\\/\"},\"author\":{\"name\":\"haberkuzey\",\"@id\":\"https:\\\/\\\/haberkuzey.com\\\/#\\\/schema\\\/person\\\/3372109ec735f9333f4fa47ebb9605ca\"},\"headline\":\"\u00c7avu\u015f: Emek hayat\u0131n her alan\u0131nda hissedilen temel bir de\u011ferdir\",\"datePublished\":\"2026-04-30T09:49:11+00:00\",\"dateModified\":\"2026-04-30T09:49:19+00:00\",\"mainEntityOfPage\":{\"@id\":\"https:\\\/\\\/haberkuzey.com\\\/index.php\\\/2026\\\/04\\\/30\\\/cavus-emek-hayatin-her-alaninda-hissedilen-temel-bir-degerdir\\\/\"},\"wordCount\":217,\"commentCount\":0,\"image\":{\"@id\":\"https:\\\/\\\/haberkuzey.com\\\/index.php\\\/2026\\\/04\\\/30\\\/cavus-emek-hayatin-her-alaninda-hissedilen-temel-bir-degerdir\\\/#primaryimage\"},\"thumbnailUrl\":\"https:\\\/\\\/haberkuzey.com\\\/wp-content\\\/uploads\\\/2026\\\/04\\\/cavusudis.jpg\",\"articleSection\":[\"K\u0131br\u0131s\"],\"inLanguage\":\"tr\",\"potentialAction\":[{\"@type\":\"CommentAction\",\"name\":\"Comment\",\"target\":[\"https:\\\/\\\/haberkuzey.com\\\/index.php\\\/2026\\\/04\\\/30\\\/cavus-emek-hayatin-her-alaninda-hissedilen-temel-bir-degerdir\\\/#respond\"]}]},{\"@type\":\"WebPage\",\"@id\":\"https:\\\/\\\/haberkuzey.com\\\/index.php\\\/2026\\\/04\\\/30\\\/cavus-emek-hayatin-her-alaninda-hissedilen-temel-bir-degerdir\\\/\",\"url\":\"https:\\\/\\\/haberkuzey.com\\\/index.php\\\/2026\\\/04\\\/30\\\/cavus-emek-hayatin-her-alaninda-hissedilen-temel-bir-degerdir\\\/\",\"name\":\"\u00c7avu\u015f: Emek hayat\u0131n her alan\u0131nda hissedilen temel bir de\u011ferdir - Haber Kuzey\",\"isPartOf\":{\"@id\":\"https:\\\/\\\/haberkuzey.com\\\/#website\"},\"primaryImageOfPage\":{\"@id\":\"https:\\\/\\\/haberkuzey.com\\\/index.php\\\/2026\\\/04\\\/30\\\/cavus-emek-hayatin-her-alaninda-hissedilen-temel-bir-degerdir\\\/#primaryimage\"},\"image\":{\"@id\":\"https:\\\/\\\/haberkuzey.com\\\/index.php\\\/2026\\\/04\\\/30\\\/cavus-emek-hayatin-her-alaninda-hissedilen-temel-bir-degerdir\\\/#primaryimage\"},\"thumbnailUrl\":\"https:\\\/\\\/haberkuzey.com\\\/wp-content\\\/uploads\\\/2026\\\/04\\\/cavusudis.jpg\",\"datePublished\":\"2026-04-30T09:49:11+00:00\",\"dateModified\":\"2026-04-30T09:49:19+00:00\",\"author\":{\"@id\":\"https:\\\/\\\/haberkuzey.com\\\/#\\\/schema\\\/person\\\/3372109ec735f9333f4fa47ebb9605ca\"},\"breadcrumb\":{\"@id\":\"https:\\\/\\\/haberkuzey.com\\\/index.php\\\/2026\\\/04\\\/30\\\/cavus-emek-hayatin-her-alaninda-hissedilen-temel-bir-degerdir\\\/#breadcrumb\"},\"inLanguage\":\"tr\",\"potentialAction\":[{\"@type\":\"ReadAction\",\"target\":[\"https:\\\/\\\/haberkuzey.com\\\/index.php\\\/2026\\\/04\\\/30\\\/cavus-emek-hayatin-her-alaninda-hissedilen-temel-bir-degerdir\\\/\"]}]},{\"@type\":\"ImageObject\",\"inLanguage\":\"tr\",\"@id\":\"https:\\\/\\\/haberkuzey.com\\\/index.php\\\/2026\\\/04\\\/30\\\/cavus-emek-hayatin-her-alaninda-hissedilen-temel-bir-degerdir\\\/#primaryimage\",\"url\":\"https:\\\/\\\/haberkuzey.com\\\/wp-content\\\/uploads\\\/2026\\\/04\\\/cavusudis.jpg\",\"contentUrl\":\"https:\\\/\\\/haberkuzey.com\\\/wp-content\\\/uploads\\\/2026\\\/04\\\/cavusudis.jpg\",\"width\":1600,\"height\":1063},{\"@type\":\"BreadcrumbList\",\"@id\":\"https:\\\/\\\/haberkuzey.com\\\/index.php\\\/2026\\\/04\\\/30\\\/cavus-emek-hayatin-her-alaninda-hissedilen-temel-bir-degerdir\\\/#breadcrumb\",\"itemListElement\":[{\"@type\":\"ListItem\",\"position\":1,\"name\":\"Anasayfa\",\"item\":\"https:\\\/\\\/haberkuzey.com\\\/\"},{\"@type\":\"ListItem\",\"position\":2,\"name\":\"\u00c7avu\u015f: Emek hayat\u0131n her alan\u0131nda hissedilen temel bir de\u011ferdir\"}]},{\"@type\":\"WebSite\",\"@id\":\"https:\\\/\\\/haberkuzey.com\\\/#website\",\"url\":\"https:\\\/\\\/haberkuzey.com\\\/\",\"name\":\"Haber Kuzey\",\"description\":\"Do\u011fru Haberin Adresi\",\"potentialAction\":[{\"@type\":\"SearchAction\",\"target\":{\"@type\":\"EntryPoint\",\"urlTemplate\":\"https:\\\/\\\/haberkuzey.com\\\/?s={search_term_string}\"},\"query-input\":{\"@type\":\"PropertyValueSpecification\",\"valueRequired\":true,\"valueName\":\"search_term_string\"}}],\"inLanguage\":\"tr\"},{\"@type\":\"Person\",\"@id\":\"https:\\\/\\\/haberkuzey.com\\\/#\\\/schema\\\/person\\\/3372109ec735f9333f4fa47ebb9605ca\",\"name\":\"haberkuzey\",\"image\":{\"@type\":\"ImageObject\",\"inLanguage\":\"tr\",\"@id\":\"https:\\\/\\\/secure.gravatar.com\\\/avatar\\\/f5fc875574b1575324358c3b9e6a32b8227aa5b74f3fa22e3cadb63e26fcc39c?s=96&d=mm&r=g\",\"url\":\"https:\\\/\\\/secure.gravatar.com\\\/avatar\\\/f5fc875574b1575324358c3b9e6a32b8227aa5b74f3fa22e3cadb63e26fcc39c?s=96&d=mm&r=g\",\"contentUrl\":\"https:\\\/\\\/secure.gravatar.com\\\/avatar\\\/f5fc875574b1575324358c3b9e6a32b8227aa5b74f3fa22e3cadb63e26fcc39c?s=96&d=mm&r=g\",\"caption\":\"haberkuzey\"},\"sameAs\":[\"https:\\\/\\\/haberkuzey.com\"],\"url\":\"https:\\\/\\\/haberkuzey.com\\\/index.php\\\/author\\\/haberkuzey\\\/\"}]}<\/script>\n<!-- \/ Yoast SEO plugin. -->","yoast_head_json":{"title":"\u00c7avu\u015f: Emek hayat\u0131n her alan\u0131nda hissedilen temel bir de\u011ferdir - Haber Kuzey","robots":{"index":"index","follow":"follow","max-snippet":"max-snippet:-1","max-image-preview":"max-image-preview:large","max-video-preview":"max-video-preview:-1"},"canonical":"https:\/\/haberkuzey.com\/index.php\/2026\/04\/30\/cavus-emek-hayatin-her-alaninda-hissedilen-temel-bir-degerdir\/","og_locale":"tr_TR","og_type":"article","og_title":"\u00c7avu\u015f: Emek hayat\u0131n her alan\u0131nda hissedilen temel bir de\u011ferdir - Haber Kuzey","og_description":"Tar\u0131m ve Do\u011fal Kaynaklar Bakan\u0131 H\u00fcseyin \u00c7avu\u015f, eme\u011fin hayat\u0131n her alan\u0131nda hissedilen temel bir de\u011fer oldu\u011funu vurgulad\u0131. \u00c7avu\u015f, 1 May\u0131s Emek ve Dayan\u0131\u015fma G\u00fcn\u00fc dolay\u0131s\u0131yla yay\u0131mlad\u0131\u011f\u0131 mesajda, g\u00fcn\u00fcn yaln\u0131zca eme\u011fin an\u0131ld\u0131\u011f\u0131 bir g\u00fcn olmad\u0131\u011f\u0131n\u0131 belirterek, \u201cTopra\u011fa d\u00fc\u015fen her tohumda, g\u00fcne\u015fin alt\u0131nda verilen her m\u00fccadelede ve sofralara ula\u015fan her \u00fcr\u00fcnde eme\u011fin izleri vard\u0131r. Bu nedenle tar\u0131m, [&hellip;]","og_url":"https:\/\/haberkuzey.com\/index.php\/2026\/04\/30\/cavus-emek-hayatin-her-alaninda-hissedilen-temel-bir-degerdir\/","og_site_name":"Haber Kuzey","article_published_time":"2026-04-30T09:49:11+00:00","article_modified_time":"2026-04-30T09:49:19+00:00","og_image":[{"width":1600,"height":1063,"url":"https:\/\/haberkuzey.com\/wp-content\/uploads\/2026\/04\/cavusudis.jpg","type":"image\/jpeg"}],"author":"haberkuzey","twitter_card":"summary_large_image","twitter_misc":{"Yazan:":"haberkuzey","Tahmini okuma s\u00fcresi":"1 dakika"},"schema":{"@context":"https:\/\/schema.org","@graph":[{"@type":"Article","@id":"https:\/\/haberkuzey.com\/index.php\/2026\/04\/30\/cavus-emek-hayatin-her-alaninda-hissedilen-temel-bir-degerdir\/#article","isPartOf":{"@id":"https:\/\/haberkuzey.com\/index.php\/2026\/04\/30\/cavus-emek-hayatin-her-alaninda-hissedilen-temel-bir-degerdir\/"},"author":{"name":"haberkuzey","@id":"https:\/\/haberkuzey.com\/#\/schema\/person\/3372109ec735f9333f4fa47ebb9605ca"},"headline":"\u00c7avu\u015f: Emek hayat\u0131n her alan\u0131nda hissedilen temel bir de\u011ferdir","datePublished":"2026-04-30T09:49:11+00:00","dateModified":"2026-04-30T09:49:19+00:00","mainEntityOfPage":{"@id":"https:\/\/haberkuzey.com\/index.php\/2026\/04\/30\/cavus-emek-hayatin-her-alaninda-hissedilen-temel-bir-degerdir\/"},"wordCount":217,"commentCount":0,"image":{"@id":"https:\/\/haberkuzey.com\/index.php\/2026\/04\/30\/cavus-emek-hayatin-her-alaninda-hissedilen-temel-bir-degerdir\/#primaryimage"},"thumbnailUrl":"https:\/\/haberkuzey.com\/wp-content\/uploads\/2026\/04\/cavusudis.jpg","articleSection":["K\u0131br\u0131s"],"inLanguage":"tr","potentialAction":[{"@type":"CommentAction","name":"Comment","target":["https:\/\/haberkuzey.com\/index.php\/2026\/04\/30\/cavus-emek-hayatin-her-alaninda-hissedilen-temel-bir-degerdir\/#respond"]}]},{"@type":"WebPage","@id":"https:\/\/haberkuzey.com\/index.php\/2026\/04\/30\/cavus-emek-hayatin-her-alaninda-hissedilen-temel-bir-degerdir\/","url":"https:\/\/haberkuzey.com\/index.php\/2026\/04\/30\/cavus-emek-hayatin-her-alaninda-hissedilen-temel-bir-degerdir\/","name":"\u00c7avu\u015f: Emek hayat\u0131n her alan\u0131nda hissedilen temel bir de\u011ferdir - Haber Kuzey","isPartOf":{"@id":"https:\/\/haberkuzey.com\/#website"},"primaryImageOfPage":{"@id":"https:\/\/haberkuzey.com\/index.php\/2026\/04\/30\/cavus-emek-hayatin-her-alaninda-hissedilen-temel-bir-degerdir\/#primaryimage"},"image":{"@id":"https:\/\/haberkuzey.com\/index.php\/2026\/04\/30\/cavus-emek-hayatin-her-alaninda-hissedilen-temel-bir-degerdir\/#primaryimage"},"thumbnailUrl":"https:\/\/haberkuzey.com\/wp-content\/uploads\/2026\/04\/cavusudis.jpg","datePublished":"2026-04-30T09:49:11+00:00","dateModified":"2026-04-30T09:49:19+00:00","author":{"@id":"https:\/\/haberkuzey.com\/#\/schema\/person\/3372109ec735f9333f4fa47ebb9605ca"},"breadcrumb":{"@id":"https:\/\/haberkuzey.com\/index.php\/2026\/04\/30\/cavus-emek-hayatin-her-alaninda-hissedilen-temel-bir-degerdir\/#breadcrumb"},"inLanguage":"tr","potentialAction":[{"@type":"ReadAction","target":["https:\/\/haberkuzey.com\/index.php\/2026\/04\/30\/cavus-emek-hayatin-her-alaninda-hissedilen-temel-bir-degerdir\/"]}]},{"@type":"ImageObject","inLanguage":"tr","@id":"https:\/\/haberkuzey.com\/index.php\/2026\/04\/30\/cavus-emek-hayatin-her-alaninda-hissedilen-temel-bir-degerdir\/#primaryimage","url":"https:\/\/haberkuzey.com\/wp-content\/uploads\/2026\/04\/cavusudis.jpg","contentUrl":"https:\/\/haberkuzey.com\/wp-content\/uploads\/2026\/04\/cavusudis.jpg","width":1600,"height":1063},{"@type":"BreadcrumbList","@id":"https:\/\/haberkuzey.com\/index.php\/2026\/04\/30\/cavus-emek-hayatin-her-alaninda-hissedilen-temel-bir-degerdir\/#breadcrumb","itemListElement":[{"@type":"ListItem","position":1,"name":"Anasayfa","item":"https:\/\/haberkuzey.com\/"},{"@type":"ListItem","position":2,"name":"\u00c7avu\u015f: Emek hayat\u0131n her alan\u0131nda hissedilen temel bir de\u011ferdir"}]},{"@type":"WebSite","@id":"https:\/\/haberkuzey.com\/#website","url":"https:\/\/haberkuzey.com\/","name":"Haber Kuzey","description":"Do\u011fru Haberin Adresi","potentialAction":[{"@type":"SearchAction","target":{"@type":"EntryPoint","urlTemplate":"https:\/\/haberkuzey.com\/?s={search_term_string}"},"query-input":{"@type":"PropertyValueSpecification","valueRequired":true,"valueName":"search_term_string"}}],"inLanguage":"tr"},{"@type":"Person","@id":"https:\/\/haberkuzey.com\/#\/schema\/person\/3372109ec735f9333f4fa47ebb9605ca","name":"haberkuzey","image":{"@type":"ImageObject","inLanguage":"tr","@id":"https:\/\/secure.gravatar.com\/avatar\/f5fc875574b1575324358c3b9e6a32b8227aa5b74f3fa22e3cadb63e26fcc39c?s=96&d=mm&r=g","url":"https:\/\/secure.gravatar.com\/avatar\/f5fc875574b1575324358c3b9e6a32b8227aa5b74f3fa22e3cadb63e26fcc39c?s=96&d=mm&r=g","contentUrl":"https:\/\/secure.gravatar.com\/avatar\/f5fc875574b1575324358c3b9e6a32b8227aa5b74f3fa22e3cadb63e26fcc39c?s=96&d=mm&r=g","caption":"haberkuzey"},"sameAs":["https:\/\/haberkuzey.com"],"url":"https:\/\/haberkuzey.com\/index.php\/author\/haberkuzey\/"}]}},"_links":{"self":[{"href":"https:\/\/haberkuzey.com\/index.php\/wp-json\/wp\/v2\/posts\/36883","targetHints":{"allow":["GET"]}}],"collection":[{"href":"https:\/\/haberkuzey.com\/index.php\/wp-json\/wp\/v2\/posts"}],"about":[{"href":"https:\/\/haberkuzey.com\/index.php\/wp-json\/wp\/v2\/types\/post"}],"author":[{"embeddable":true,"href":"https:\/\/haberkuzey.com\/index.php\/wp-json\/wp\/v2\/users\/1"}],"replies":[{"embeddable":true,"href":"https:\/\/haberkuzey.com\/index.php\/wp-json\/wp\/v2\/comments?post=36883"}],"version-history":[{"count":1,"href":"https:\/\/haberkuzey.com\/index.php\/wp-json\/wp\/v2\/posts\/36883\/revisions"}],"predecessor-version":[{"id":36884,"href":"https:\/\/haberkuzey.com\/index.php\/wp-json\/wp\/v2\/posts\/36883\/revisions\/36884"}],"wp:featuredmedia":[{"embeddable":true,"href":"https:\/\/haberkuzey.com\/index.php\/wp-json\/wp\/v2\/media\/36202"}],"wp:attachment":[{"href":"https:\/\/haberkuzey.com\/index.php\/wp-json\/wp\/v2\/media?parent=36883"}],"wp:term":[{"taxonomy":"category","embeddable":true,"href":"https:\/\/haberkuzey.com\/index.php\/wp-json\/wp\/v2\/categories?post=36883"},{"taxonomy":"post_tag","embeddable":true,"href":"https:\/\/haberkuzey.com\/index.php\/wp-json\/wp\/v2\/tags?post=36883"}],"curies":[{"name":"wp","href":"https:\/\/api.w.org\/{rel}","templated":true}]}}