{"id":36880,"date":"2026-04-30T12:42:48","date_gmt":"2026-04-30T09:42:48","guid":{"rendered":"https:\/\/haberkuzey.com\/index.php\/2026\/04\/30\/xxi-evvel-zaman-icinde-lurucina-panayiri-3-mayista\/"},"modified":"2026-04-30T12:42:57","modified_gmt":"2026-04-30T09:42:57","slug":"xxi-evvel-zaman-icinde-lurucina-panayiri-3-mayista","status":"publish","type":"post","link":"https:\/\/haberkuzey.com\/index.php\/2026\/04\/30\/xxi-evvel-zaman-icinde-lurucina-panayiri-3-mayista\/","title":{"rendered":"XXI. Evvel Zaman \u0130\u00e7inde Lurucina Panay\u0131r\u0131, 3 May\u0131s\u2019ta"},"content":{"rendered":"<p>De\u011firmenlik Ak\u0131nc\u0131lar Belediyesi\u2019nin d\u00fczenledi\u011fi \u201cXXI. Evvel Zaman \u0130\u00e7inde Lurucina Panay\u0131r\u0131\u201d, 3 May\u0131s\u2019ta yap\u0131l\u0131yor.<\/p>\n<p>Bu y\u0131l Lurucina Panay\u0131r\u0131\u2019nda bir ilke de imza at\u0131l\u0131yor.<\/p>\n<p>K\u0131br\u0131sl\u0131 T\u00fcrk sanat\u00e7\u0131 ve moda tasar\u0131mc\u0131s\u0131 Abdullah \u00d6ztoprak\u2019\u0131n, k\u00fclt\u00fcrel k\u00f6klerden beslenen, k\u0131sa film esteti\u011finde kurgulanan \u201cM\u0131sm\u0131l Muhabbet\u201d adl\u0131 \u015fark\u0131s\u0131n\u0131n klibinin lansman\u0131 da panay\u0131rda yap\u0131lacak.<\/p>\n<p>Bu \u00f6zel proje, yaln\u0131zca bir m\u00fczik eseri de\u011fil; ayn\u0131 zamanda Lurucina \u00f6zelinde K\u0131br\u0131s T\u00fcrk halk\u0131n\u0131n ge\u00e7mi\u015ften g\u00fcn\u00fcm\u00fcze uzanan k\u00fclt\u00fcrel haf\u0131zas\u0131n\u0131 yans\u0131tan g\u00fc\u00e7l\u00fc bir anlat\u0131d\u0131r.<\/p>\n<p>Saat 11.00\u2019de a\u00e7\u0131l\u0131\u015f konu\u015fmalar\u0131yla ba\u015flayacak panay\u0131r, yine dopdolu program\u0131yla \u00fclkemizin d\u00f6rt bir yan\u0131ndan gelecek misafirlerini a\u011f\u0131rlayacak.<\/p>\n<p>H\u00fcseyin K\u0131ral\u2019\u0131n sunumuyla ger\u00e7ekle\u015fecek panay\u0131rda, yiyecek-i\u00e7ecek ve hediyelik e\u015fya stantlar\u0131 kurulacak, konserler, m\u00fczik dinletileri, dans g\u00f6sterileri sunulacak.<\/p>\n<p>Panay\u0131r, Ahmet Evan konseriyle sona erecek.<\/p>\n<p>Panay\u0131rda sahne alacak ekipler \u015f\u00f6yle;<\/p>\n<p>\u201cDe\u011firmenlik Ak\u0131nc\u0131lar Belediyesi Halk Danslar\u0131 G\u00f6sterisi, De\u011firmenlik Ak\u0131nc\u0131lar Belediyesi \u00d6zle T\u00fcrkel Sosyal Aktivite Merkezi Alt\u0131n Kalpler Korosu ve Belediye Orkestras\u0131, De\u011firmenlik Ak\u0131nc\u0131lar Belediyesi \u00c7ocuk Korosu, De\u011firmenlik Ak\u0131nc\u0131lar Belediyesi 5. Mevsim Ya\u015fam Merkezi M\u00fczik Dinletisi, Bi-Communal Music and Folk Dance Association \u2018Cyprus\u2019 Folklor G\u00f6sterisi, De\u011firmenlik Ak\u0131nc\u0131lar Belediyesi Gen\u00e7 M\u00fczik Orkestras\u0131, Lefko\u015fa Jimnastik Kul\u00fcb\u00fc, De\u011firmenlik Ak\u0131nc\u0131lar Belediyesi Muhittin T\u00fczel Cimnastik G\u00f6sterisi, De\u011firmenlik Ak\u0131nc\u0131lar Belediyesi Cimnastik G\u00f6sterisi, Mesarya Y\u0131ld\u0131zlar\u0131 K\u00fclt\u00fcr ve Spor Derne\u011fi Cimnastik G\u00f6sterisi, YD\u00dc Dans Grubu G\u00f6sterisi, Dandelions Dance Team\u201d<\/p>\n<p><strong>\u201cM\u0131sm\u0131l Muhabbet\u201d ilk kez izleyici kar\u015f\u0131s\u0131nda <\/strong><\/p>\n<p>K\u0131br\u0131sl\u0131 T\u00fcrk sanat\u00e7\u0131 ve moda tasar\u0131mc\u0131s\u0131 Abdullah \u00d6ztoprak, s\u00f6z ve m\u00fczi\u011fi kendisine ait \u201cM\u0131sm\u0131l Muhabbet\u201d eseriyle K\u0131br\u0131s k\u00fclt\u00fcr\u00fcn\u00fc ve geleneklerimizi bir araya getirmeyi ama\u00e7lad\u0131. Eserin aranjesi Aysun Kahraman ve \u00c7a\u011f\u0131l \u0130\u015fg\u00fczar imzas\u0131 ta\u015f\u0131rken, y\u00f6netmen koltu\u011funda da yine \u00d6ztoprak yer ald\u0131. G\u00f6r\u00fcnt\u00fc y\u00f6netmenli\u011fini Co\u015fkun Turgut \u00fcstlenirken, video kurgusu Plato Medya Yap\u0131m taraf\u0131ndan ger\u00e7ekle\u015ftirildi. Kost\u00fcm ve cast \u00e7al\u0131\u015fmalar\u0131 ise tamamen Abdullah \u00d6ztoprak\u2019\u0131n \u00f6zg\u00fcn tasar\u0131mlar\u0131ndan olu\u015ftu.<\/p>\n<p>Eserin \u00e7\u0131k\u0131\u015f noktas\u0131nda, K\u0131br\u0131s\u2019a \u00f6zg\u00fc enstr\u00fcmanlara sad\u0131k kalarak otantik bir m\u00fczikal dil olu\u015fturma amac\u0131 ta\u015f\u0131nd\u0131, \u015fark\u0131 s\u00f6zlerinde ise K\u0131br\u0131s T\u00fcrk toplumunun k\u00fclt\u00fcrel de\u011ferleri, s\u00f6zl\u00fc haf\u0131zas\u0131 ve toplumsal yap\u0131s\u0131 \u00f6n plana \u00e7\u0131kar\u0131larak; ge\u00e7mi\u015fin birikimini yeniden hat\u0131rlatma, koruma ve gelecek nesillere aktarma hedeflendi.<\/p>\n<p>Klipteki kost\u00fcmlerin bir b\u00f6l\u00fcm\u00fc d\u00f6neme ait orijinal par\u00e7alardan olu\u015furken, ihtiya\u00e7 duyulan di\u011fer tasar\u0131mlar Abdullah \u00d6ztoprak taraf\u0131ndan \u00f6zel olarak haz\u0131rland\u0131. Bu y\u00f6n\u00fcyle proje, moda tasar\u0131m\u0131 ile g\u00f6rsel anlat\u0131m\u0131 bir araya getiren disiplinleraras\u0131 bir \u00e7al\u0131\u015fma niteli\u011fi ta\u015f\u0131yor.<\/p>\n<p>\u201cM\u0131sm\u0131l Muhabbet\u201d, m\u00fczik, sinema ve tasar\u0131m\u0131n i\u00e7 i\u00e7e ge\u00e7ti\u011fi; k\u00fclt\u00fcrel miras\u0131 ya\u015fatmay\u0131 ve yeniden g\u00f6r\u00fcn\u00fcr k\u0131lmay\u0131 ama\u00e7layan \u00f6zg\u00fcn bir sanat projesi olarak izleyiciyle bulu\u015fuyor.<\/p>\n<p>&nbsp;<\/p>\n<p>&nbsp;<\/p>\n<p>&nbsp;<\/p>\n<p>&nbsp;<\/p>\n<p>&nbsp;<\/p>\n","protected":false},"excerpt":{"rendered":"<p>De\u011firmenlik Ak\u0131nc\u0131lar Belediyesi\u2019nin d\u00fczenledi\u011fi \u201cXXI. Evvel Zaman \u0130\u00e7inde Lurucina Panay\u0131r\u0131\u201d, 3 May\u0131s\u2019ta yap\u0131l\u0131yor. Bu y\u0131l Lurucina Panay\u0131r\u0131\u2019nda bir ilke de imza at\u0131l\u0131yor. K\u0131br\u0131sl\u0131 T\u00fcrk sanat\u00e7\u0131 ve moda tasar\u0131mc\u0131s\u0131 Abdullah \u00d6ztoprak\u2019\u0131n, k\u00fclt\u00fcrel k\u00f6klerden beslenen, k\u0131sa film esteti\u011finde kurgulanan \u201cM\u0131sm\u0131l Muhabbet\u201d adl\u0131 \u015fark\u0131s\u0131n\u0131n klibinin lansman\u0131 da panay\u0131rda yap\u0131lacak. Bu \u00f6zel proje, yaln\u0131zca bir m\u00fczik eseri de\u011fil; ayn\u0131 [&hellip;]<\/p>\n","protected":false},"author":1,"featured_media":36881,"comment_status":"open","ping_status":"open","sticky":false,"template":"","format":"standard","meta":{"jnews-multi-image_gallery":[],"jnews_single_post":[],"jnews_primary_category":[],"footnotes":""},"categories":[1],"tags":[],"class_list":["post-36880","post","type-post","status-publish","format-standard","has-post-thumbnail","hentry","category-kibris"],"yoast_head":"<!-- This site is optimized with the Yoast SEO plugin v27.5 - https:\/\/yoast.com\/product\/yoast-seo-wordpress\/ -->\n<title>XXI. Evvel Zaman \u0130\u00e7inde Lurucina Panay\u0131r\u0131, 3 May\u0131s\u2019ta - Haber Kuzey<\/title>\n<meta name=\"robots\" content=\"index, follow, max-snippet:-1, max-image-preview:large, max-video-preview:-1\" \/>\n<link rel=\"canonical\" href=\"https:\/\/haberkuzey.com\/index.php\/2026\/04\/30\/xxi-evvel-zaman-icinde-lurucina-panayiri-3-mayista\/\" \/>\n<meta property=\"og:locale\" content=\"tr_TR\" \/>\n<meta property=\"og:type\" content=\"article\" \/>\n<meta property=\"og:title\" content=\"XXI. Evvel Zaman \u0130\u00e7inde Lurucina Panay\u0131r\u0131, 3 May\u0131s\u2019ta - Haber Kuzey\" \/>\n<meta property=\"og:description\" content=\"De\u011firmenlik Ak\u0131nc\u0131lar Belediyesi\u2019nin d\u00fczenledi\u011fi \u201cXXI. Evvel Zaman \u0130\u00e7inde Lurucina Panay\u0131r\u0131\u201d, 3 May\u0131s\u2019ta yap\u0131l\u0131yor. Bu y\u0131l Lurucina Panay\u0131r\u0131\u2019nda bir ilke de imza at\u0131l\u0131yor. K\u0131br\u0131sl\u0131 T\u00fcrk sanat\u00e7\u0131 ve moda tasar\u0131mc\u0131s\u0131 Abdullah \u00d6ztoprak\u2019\u0131n, k\u00fclt\u00fcrel k\u00f6klerden beslenen, k\u0131sa film esteti\u011finde kurgulanan \u201cM\u0131sm\u0131l Muhabbet\u201d adl\u0131 \u015fark\u0131s\u0131n\u0131n klibinin lansman\u0131 da panay\u0131rda yap\u0131lacak. Bu \u00f6zel proje, yaln\u0131zca bir m\u00fczik eseri de\u011fil; ayn\u0131 [&hellip;]\" \/>\n<meta property=\"og:url\" content=\"https:\/\/haberkuzey.com\/index.php\/2026\/04\/30\/xxi-evvel-zaman-icinde-lurucina-panayiri-3-mayista\/\" \/>\n<meta property=\"og:site_name\" content=\"Haber Kuzey\" \/>\n<meta property=\"article:published_time\" content=\"2026-04-30T09:42:48+00:00\" \/>\n<meta property=\"article:modified_time\" content=\"2026-04-30T09:42:57+00:00\" \/>\n<meta property=\"og:image\" content=\"https:\/\/haberkuzey.com\/wp-content\/uploads\/2026\/04\/luricina-panayiri-pazar-gunu-gerceklestiriliyor_dc803.jpg\" \/>\n\t<meta property=\"og:image:width\" content=\"1280\" \/>\n\t<meta property=\"og:image:height\" content=\"720\" \/>\n\t<meta property=\"og:image:type\" content=\"image\/jpeg\" \/>\n<meta name=\"author\" content=\"haberkuzey\" \/>\n<meta name=\"twitter:card\" content=\"summary_large_image\" \/>\n<meta name=\"twitter:label1\" content=\"Yazan:\" \/>\n\t<meta name=\"twitter:data1\" content=\"haberkuzey\" \/>\n\t<meta name=\"twitter:label2\" content=\"Tahmini okuma s\u00fcresi\" \/>\n\t<meta name=\"twitter:data2\" content=\"3 dakika\" \/>\n<script type=\"application\/ld+json\" class=\"yoast-schema-graph\">{\"@context\":\"https:\\\/\\\/schema.org\",\"@graph\":[{\"@type\":\"Article\",\"@id\":\"https:\\\/\\\/haberkuzey.com\\\/index.php\\\/2026\\\/04\\\/30\\\/xxi-evvel-zaman-icinde-lurucina-panayiri-3-mayista\\\/#article\",\"isPartOf\":{\"@id\":\"https:\\\/\\\/haberkuzey.com\\\/index.php\\\/2026\\\/04\\\/30\\\/xxi-evvel-zaman-icinde-lurucina-panayiri-3-mayista\\\/\"},\"author\":{\"name\":\"haberkuzey\",\"@id\":\"https:\\\/\\\/haberkuzey.com\\\/#\\\/schema\\\/person\\\/3372109ec735f9333f4fa47ebb9605ca\"},\"headline\":\"XXI. Evvel Zaman \u0130\u00e7inde Lurucina Panay\u0131r\u0131, 3 May\u0131s\u2019ta\",\"datePublished\":\"2026-04-30T09:42:48+00:00\",\"dateModified\":\"2026-04-30T09:42:57+00:00\",\"mainEntityOfPage\":{\"@id\":\"https:\\\/\\\/haberkuzey.com\\\/index.php\\\/2026\\\/04\\\/30\\\/xxi-evvel-zaman-icinde-lurucina-panayiri-3-mayista\\\/\"},\"wordCount\":591,\"commentCount\":0,\"image\":{\"@id\":\"https:\\\/\\\/haberkuzey.com\\\/index.php\\\/2026\\\/04\\\/30\\\/xxi-evvel-zaman-icinde-lurucina-panayiri-3-mayista\\\/#primaryimage\"},\"thumbnailUrl\":\"https:\\\/\\\/haberkuzey.com\\\/wp-content\\\/uploads\\\/2026\\\/04\\\/luricina-panayiri-pazar-gunu-gerceklestiriliyor_dc803.jpg\",\"articleSection\":[\"K\u0131br\u0131s\"],\"inLanguage\":\"tr\",\"potentialAction\":[{\"@type\":\"CommentAction\",\"name\":\"Comment\",\"target\":[\"https:\\\/\\\/haberkuzey.com\\\/index.php\\\/2026\\\/04\\\/30\\\/xxi-evvel-zaman-icinde-lurucina-panayiri-3-mayista\\\/#respond\"]}]},{\"@type\":\"WebPage\",\"@id\":\"https:\\\/\\\/haberkuzey.com\\\/index.php\\\/2026\\\/04\\\/30\\\/xxi-evvel-zaman-icinde-lurucina-panayiri-3-mayista\\\/\",\"url\":\"https:\\\/\\\/haberkuzey.com\\\/index.php\\\/2026\\\/04\\\/30\\\/xxi-evvel-zaman-icinde-lurucina-panayiri-3-mayista\\\/\",\"name\":\"XXI. Evvel Zaman \u0130\u00e7inde Lurucina Panay\u0131r\u0131, 3 May\u0131s\u2019ta - Haber Kuzey\",\"isPartOf\":{\"@id\":\"https:\\\/\\\/haberkuzey.com\\\/#website\"},\"primaryImageOfPage\":{\"@id\":\"https:\\\/\\\/haberkuzey.com\\\/index.php\\\/2026\\\/04\\\/30\\\/xxi-evvel-zaman-icinde-lurucina-panayiri-3-mayista\\\/#primaryimage\"},\"image\":{\"@id\":\"https:\\\/\\\/haberkuzey.com\\\/index.php\\\/2026\\\/04\\\/30\\\/xxi-evvel-zaman-icinde-lurucina-panayiri-3-mayista\\\/#primaryimage\"},\"thumbnailUrl\":\"https:\\\/\\\/haberkuzey.com\\\/wp-content\\\/uploads\\\/2026\\\/04\\\/luricina-panayiri-pazar-gunu-gerceklestiriliyor_dc803.jpg\",\"datePublished\":\"2026-04-30T09:42:48+00:00\",\"dateModified\":\"2026-04-30T09:42:57+00:00\",\"author\":{\"@id\":\"https:\\\/\\\/haberkuzey.com\\\/#\\\/schema\\\/person\\\/3372109ec735f9333f4fa47ebb9605ca\"},\"breadcrumb\":{\"@id\":\"https:\\\/\\\/haberkuzey.com\\\/index.php\\\/2026\\\/04\\\/30\\\/xxi-evvel-zaman-icinde-lurucina-panayiri-3-mayista\\\/#breadcrumb\"},\"inLanguage\":\"tr\",\"potentialAction\":[{\"@type\":\"ReadAction\",\"target\":[\"https:\\\/\\\/haberkuzey.com\\\/index.php\\\/2026\\\/04\\\/30\\\/xxi-evvel-zaman-icinde-lurucina-panayiri-3-mayista\\\/\"]}]},{\"@type\":\"ImageObject\",\"inLanguage\":\"tr\",\"@id\":\"https:\\\/\\\/haberkuzey.com\\\/index.php\\\/2026\\\/04\\\/30\\\/xxi-evvel-zaman-icinde-lurucina-panayiri-3-mayista\\\/#primaryimage\",\"url\":\"https:\\\/\\\/haberkuzey.com\\\/wp-content\\\/uploads\\\/2026\\\/04\\\/luricina-panayiri-pazar-gunu-gerceklestiriliyor_dc803.jpg\",\"contentUrl\":\"https:\\\/\\\/haberkuzey.com\\\/wp-content\\\/uploads\\\/2026\\\/04\\\/luricina-panayiri-pazar-gunu-gerceklestiriliyor_dc803.jpg\",\"width\":1280,\"height\":720},{\"@type\":\"BreadcrumbList\",\"@id\":\"https:\\\/\\\/haberkuzey.com\\\/index.php\\\/2026\\\/04\\\/30\\\/xxi-evvel-zaman-icinde-lurucina-panayiri-3-mayista\\\/#breadcrumb\",\"itemListElement\":[{\"@type\":\"ListItem\",\"position\":1,\"name\":\"Anasayfa\",\"item\":\"https:\\\/\\\/haberkuzey.com\\\/\"},{\"@type\":\"ListItem\",\"position\":2,\"name\":\"XXI. Evvel Zaman \u0130\u00e7inde Lurucina Panay\u0131r\u0131, 3 May\u0131s\u2019ta\"}]},{\"@type\":\"WebSite\",\"@id\":\"https:\\\/\\\/haberkuzey.com\\\/#website\",\"url\":\"https:\\\/\\\/haberkuzey.com\\\/\",\"name\":\"Haber Kuzey\",\"description\":\"Do\u011fru Haberin Adresi\",\"potentialAction\":[{\"@type\":\"SearchAction\",\"target\":{\"@type\":\"EntryPoint\",\"urlTemplate\":\"https:\\\/\\\/haberkuzey.com\\\/?s={search_term_string}\"},\"query-input\":{\"@type\":\"PropertyValueSpecification\",\"valueRequired\":true,\"valueName\":\"search_term_string\"}}],\"inLanguage\":\"tr\"},{\"@type\":\"Person\",\"@id\":\"https:\\\/\\\/haberkuzey.com\\\/#\\\/schema\\\/person\\\/3372109ec735f9333f4fa47ebb9605ca\",\"name\":\"haberkuzey\",\"image\":{\"@type\":\"ImageObject\",\"inLanguage\":\"tr\",\"@id\":\"https:\\\/\\\/secure.gravatar.com\\\/avatar\\\/f5fc875574b1575324358c3b9e6a32b8227aa5b74f3fa22e3cadb63e26fcc39c?s=96&d=mm&r=g\",\"url\":\"https:\\\/\\\/secure.gravatar.com\\\/avatar\\\/f5fc875574b1575324358c3b9e6a32b8227aa5b74f3fa22e3cadb63e26fcc39c?s=96&d=mm&r=g\",\"contentUrl\":\"https:\\\/\\\/secure.gravatar.com\\\/avatar\\\/f5fc875574b1575324358c3b9e6a32b8227aa5b74f3fa22e3cadb63e26fcc39c?s=96&d=mm&r=g\",\"caption\":\"haberkuzey\"},\"sameAs\":[\"https:\\\/\\\/haberkuzey.com\"],\"url\":\"https:\\\/\\\/haberkuzey.com\\\/index.php\\\/author\\\/haberkuzey\\\/\"}]}<\/script>\n<!-- \/ Yoast SEO plugin. -->","yoast_head_json":{"title":"XXI. Evvel Zaman \u0130\u00e7inde Lurucina Panay\u0131r\u0131, 3 May\u0131s\u2019ta - Haber Kuzey","robots":{"index":"index","follow":"follow","max-snippet":"max-snippet:-1","max-image-preview":"max-image-preview:large","max-video-preview":"max-video-preview:-1"},"canonical":"https:\/\/haberkuzey.com\/index.php\/2026\/04\/30\/xxi-evvel-zaman-icinde-lurucina-panayiri-3-mayista\/","og_locale":"tr_TR","og_type":"article","og_title":"XXI. Evvel Zaman \u0130\u00e7inde Lurucina Panay\u0131r\u0131, 3 May\u0131s\u2019ta - Haber Kuzey","og_description":"De\u011firmenlik Ak\u0131nc\u0131lar Belediyesi\u2019nin d\u00fczenledi\u011fi \u201cXXI. Evvel Zaman \u0130\u00e7inde Lurucina Panay\u0131r\u0131\u201d, 3 May\u0131s\u2019ta yap\u0131l\u0131yor. Bu y\u0131l Lurucina Panay\u0131r\u0131\u2019nda bir ilke de imza at\u0131l\u0131yor. K\u0131br\u0131sl\u0131 T\u00fcrk sanat\u00e7\u0131 ve moda tasar\u0131mc\u0131s\u0131 Abdullah \u00d6ztoprak\u2019\u0131n, k\u00fclt\u00fcrel k\u00f6klerden beslenen, k\u0131sa film esteti\u011finde kurgulanan \u201cM\u0131sm\u0131l Muhabbet\u201d adl\u0131 \u015fark\u0131s\u0131n\u0131n klibinin lansman\u0131 da panay\u0131rda yap\u0131lacak. Bu \u00f6zel proje, yaln\u0131zca bir m\u00fczik eseri de\u011fil; ayn\u0131 [&hellip;]","og_url":"https:\/\/haberkuzey.com\/index.php\/2026\/04\/30\/xxi-evvel-zaman-icinde-lurucina-panayiri-3-mayista\/","og_site_name":"Haber Kuzey","article_published_time":"2026-04-30T09:42:48+00:00","article_modified_time":"2026-04-30T09:42:57+00:00","og_image":[{"width":1280,"height":720,"url":"https:\/\/haberkuzey.com\/wp-content\/uploads\/2026\/04\/luricina-panayiri-pazar-gunu-gerceklestiriliyor_dc803.jpg","type":"image\/jpeg"}],"author":"haberkuzey","twitter_card":"summary_large_image","twitter_misc":{"Yazan:":"haberkuzey","Tahmini okuma s\u00fcresi":"3 dakika"},"schema":{"@context":"https:\/\/schema.org","@graph":[{"@type":"Article","@id":"https:\/\/haberkuzey.com\/index.php\/2026\/04\/30\/xxi-evvel-zaman-icinde-lurucina-panayiri-3-mayista\/#article","isPartOf":{"@id":"https:\/\/haberkuzey.com\/index.php\/2026\/04\/30\/xxi-evvel-zaman-icinde-lurucina-panayiri-3-mayista\/"},"author":{"name":"haberkuzey","@id":"https:\/\/haberkuzey.com\/#\/schema\/person\/3372109ec735f9333f4fa47ebb9605ca"},"headline":"XXI. Evvel Zaman \u0130\u00e7inde Lurucina Panay\u0131r\u0131, 3 May\u0131s\u2019ta","datePublished":"2026-04-30T09:42:48+00:00","dateModified":"2026-04-30T09:42:57+00:00","mainEntityOfPage":{"@id":"https:\/\/haberkuzey.com\/index.php\/2026\/04\/30\/xxi-evvel-zaman-icinde-lurucina-panayiri-3-mayista\/"},"wordCount":591,"commentCount":0,"image":{"@id":"https:\/\/haberkuzey.com\/index.php\/2026\/04\/30\/xxi-evvel-zaman-icinde-lurucina-panayiri-3-mayista\/#primaryimage"},"thumbnailUrl":"https:\/\/haberkuzey.com\/wp-content\/uploads\/2026\/04\/luricina-panayiri-pazar-gunu-gerceklestiriliyor_dc803.jpg","articleSection":["K\u0131br\u0131s"],"inLanguage":"tr","potentialAction":[{"@type":"CommentAction","name":"Comment","target":["https:\/\/haberkuzey.com\/index.php\/2026\/04\/30\/xxi-evvel-zaman-icinde-lurucina-panayiri-3-mayista\/#respond"]}]},{"@type":"WebPage","@id":"https:\/\/haberkuzey.com\/index.php\/2026\/04\/30\/xxi-evvel-zaman-icinde-lurucina-panayiri-3-mayista\/","url":"https:\/\/haberkuzey.com\/index.php\/2026\/04\/30\/xxi-evvel-zaman-icinde-lurucina-panayiri-3-mayista\/","name":"XXI. Evvel Zaman \u0130\u00e7inde Lurucina Panay\u0131r\u0131, 3 May\u0131s\u2019ta - Haber Kuzey","isPartOf":{"@id":"https:\/\/haberkuzey.com\/#website"},"primaryImageOfPage":{"@id":"https:\/\/haberkuzey.com\/index.php\/2026\/04\/30\/xxi-evvel-zaman-icinde-lurucina-panayiri-3-mayista\/#primaryimage"},"image":{"@id":"https:\/\/haberkuzey.com\/index.php\/2026\/04\/30\/xxi-evvel-zaman-icinde-lurucina-panayiri-3-mayista\/#primaryimage"},"thumbnailUrl":"https:\/\/haberkuzey.com\/wp-content\/uploads\/2026\/04\/luricina-panayiri-pazar-gunu-gerceklestiriliyor_dc803.jpg","datePublished":"2026-04-30T09:42:48+00:00","dateModified":"2026-04-30T09:42:57+00:00","author":{"@id":"https:\/\/haberkuzey.com\/#\/schema\/person\/3372109ec735f9333f4fa47ebb9605ca"},"breadcrumb":{"@id":"https:\/\/haberkuzey.com\/index.php\/2026\/04\/30\/xxi-evvel-zaman-icinde-lurucina-panayiri-3-mayista\/#breadcrumb"},"inLanguage":"tr","potentialAction":[{"@type":"ReadAction","target":["https:\/\/haberkuzey.com\/index.php\/2026\/04\/30\/xxi-evvel-zaman-icinde-lurucina-panayiri-3-mayista\/"]}]},{"@type":"ImageObject","inLanguage":"tr","@id":"https:\/\/haberkuzey.com\/index.php\/2026\/04\/30\/xxi-evvel-zaman-icinde-lurucina-panayiri-3-mayista\/#primaryimage","url":"https:\/\/haberkuzey.com\/wp-content\/uploads\/2026\/04\/luricina-panayiri-pazar-gunu-gerceklestiriliyor_dc803.jpg","contentUrl":"https:\/\/haberkuzey.com\/wp-content\/uploads\/2026\/04\/luricina-panayiri-pazar-gunu-gerceklestiriliyor_dc803.jpg","width":1280,"height":720},{"@type":"BreadcrumbList","@id":"https:\/\/haberkuzey.com\/index.php\/2026\/04\/30\/xxi-evvel-zaman-icinde-lurucina-panayiri-3-mayista\/#breadcrumb","itemListElement":[{"@type":"ListItem","position":1,"name":"Anasayfa","item":"https:\/\/haberkuzey.com\/"},{"@type":"ListItem","position":2,"name":"XXI. Evvel Zaman \u0130\u00e7inde Lurucina Panay\u0131r\u0131, 3 May\u0131s\u2019ta"}]},{"@type":"WebSite","@id":"https:\/\/haberkuzey.com\/#website","url":"https:\/\/haberkuzey.com\/","name":"Haber Kuzey","description":"Do\u011fru Haberin Adresi","potentialAction":[{"@type":"SearchAction","target":{"@type":"EntryPoint","urlTemplate":"https:\/\/haberkuzey.com\/?s={search_term_string}"},"query-input":{"@type":"PropertyValueSpecification","valueRequired":true,"valueName":"search_term_string"}}],"inLanguage":"tr"},{"@type":"Person","@id":"https:\/\/haberkuzey.com\/#\/schema\/person\/3372109ec735f9333f4fa47ebb9605ca","name":"haberkuzey","image":{"@type":"ImageObject","inLanguage":"tr","@id":"https:\/\/secure.gravatar.com\/avatar\/f5fc875574b1575324358c3b9e6a32b8227aa5b74f3fa22e3cadb63e26fcc39c?s=96&d=mm&r=g","url":"https:\/\/secure.gravatar.com\/avatar\/f5fc875574b1575324358c3b9e6a32b8227aa5b74f3fa22e3cadb63e26fcc39c?s=96&d=mm&r=g","contentUrl":"https:\/\/secure.gravatar.com\/avatar\/f5fc875574b1575324358c3b9e6a32b8227aa5b74f3fa22e3cadb63e26fcc39c?s=96&d=mm&r=g","caption":"haberkuzey"},"sameAs":["https:\/\/haberkuzey.com"],"url":"https:\/\/haberkuzey.com\/index.php\/author\/haberkuzey\/"}]}},"_links":{"self":[{"href":"https:\/\/haberkuzey.com\/index.php\/wp-json\/wp\/v2\/posts\/36880","targetHints":{"allow":["GET"]}}],"collection":[{"href":"https:\/\/haberkuzey.com\/index.php\/wp-json\/wp\/v2\/posts"}],"about":[{"href":"https:\/\/haberkuzey.com\/index.php\/wp-json\/wp\/v2\/types\/post"}],"author":[{"embeddable":true,"href":"https:\/\/haberkuzey.com\/index.php\/wp-json\/wp\/v2\/users\/1"}],"replies":[{"embeddable":true,"href":"https:\/\/haberkuzey.com\/index.php\/wp-json\/wp\/v2\/comments?post=36880"}],"version-history":[{"count":1,"href":"https:\/\/haberkuzey.com\/index.php\/wp-json\/wp\/v2\/posts\/36880\/revisions"}],"predecessor-version":[{"id":36882,"href":"https:\/\/haberkuzey.com\/index.php\/wp-json\/wp\/v2\/posts\/36880\/revisions\/36882"}],"wp:featuredmedia":[{"embeddable":true,"href":"https:\/\/haberkuzey.com\/index.php\/wp-json\/wp\/v2\/media\/36881"}],"wp:attachment":[{"href":"https:\/\/haberkuzey.com\/index.php\/wp-json\/wp\/v2\/media?parent=36880"}],"wp:term":[{"taxonomy":"category","embeddable":true,"href":"https:\/\/haberkuzey.com\/index.php\/wp-json\/wp\/v2\/categories?post=36880"},{"taxonomy":"post_tag","embeddable":true,"href":"https:\/\/haberkuzey.com\/index.php\/wp-json\/wp\/v2\/tags?post=36880"}],"curies":[{"name":"wp","href":"https:\/\/api.w.org\/{rel}","templated":true}]}}