{"id":36876,"date":"2026-04-30T12:17:22","date_gmt":"2026-04-30T09:17:22","guid":{"rendered":"https:\/\/haberkuzey.com\/index.php\/2026\/04\/30\/ormanlik-alanlarda-ates-yakmak-31-ekime-kadar-yasaklandi\/"},"modified":"2026-04-30T12:17:30","modified_gmt":"2026-04-30T09:17:30","slug":"ormanlik-alanlarda-ates-yakmak-31-ekime-kadar-yasaklandi","status":"publish","type":"post","link":"https:\/\/haberkuzey.com\/index.php\/2026\/04\/30\/ormanlik-alanlarda-ates-yakmak-31-ekime-kadar-yasaklandi\/","title":{"rendered":"Ormanl\u0131k alanlarda ate\u015f yakmak 31 Ekim\u2019e kadar yasakland\u0131"},"content":{"rendered":"<p>Polis bas\u0131n subayl\u0131\u011f\u0131ndan yap\u0131lan a\u00e7\u0131klamada, 1 May\u0131s-31 Ekim tarihleri aras\u0131nda temizlik ama\u00e7l\u0131 olsa bile ate\u015f yakman\u0131n yasak oldu\u011fu belirtildi. A\u00e7\u0131klamada, ate\u015f yakmaya m\u00fcsait olmayan alanlarda kontrol d\u0131\u015f\u0131na \u00e7\u0131kabilecek ate\u015fin yang\u0131na neden olabilece\u011fi hat\u0131rlat\u0131larak, yasal kurallara uyulmas\u0131 gerekti\u011fi ifade edildi.<\/p>\n<p>Yetkili makamlar, belirlenen ate\u015fli piknik ve mesire alanlar\u0131 d\u0131\u015f\u0131nda ormanl\u0131k alanlarda ate\u015f yakman\u0131n veya mangal yapman\u0131n yasak oldu\u011funu kaydetti. Ayr\u0131ca mangal yap\u0131lacak alanlarda kolay yan\u0131c\u0131 maddelerin bulunmamas\u0131 gerekti\u011fi, mangal k\u00f6m\u00fcrlerinin ise tamamen s\u00f6nd\u00fcr\u00fclmeden b\u0131rak\u0131lmamas\u0131 gerekti\u011fi vurguland\u0131.<\/p>\n<p>A\u00e7\u0131klamada, sigara izmaritleri ve mangal k\u00f6m\u00fcrlerinin tamamen s\u00f6nd\u00fc\u011f\u00fcnden emin olunmadan yol kenarlar\u0131na, ormanl\u0131k alanlara, di\u011fer arazilere, \u00e7\u00f6p bidonlar\u0131na veya yan\u0131c\u0131 maddeler \u00fczerine at\u0131lmamas\u0131 gerekti\u011fi ifade edildi.<\/p>\n<p>Vatanda\u015flara, duman veya ate\u015f belirtisi g\u00f6r\u00fclmesi halinde 199 \u0130tfaiye \u0130hbar Hatt\u0131, 177 Orman Yang\u0131n\u0131 \u0130hbar Hatt\u0131 veya 155 Polis \u0130mdat Hatt\u0131\u2019na derhal bilgi verilmesi \u00e7a\u011fr\u0131s\u0131nda bulunuldu.<\/p>\n<p>&nbsp;<\/p>\n","protected":false},"excerpt":{"rendered":"<p>Polis bas\u0131n subayl\u0131\u011f\u0131ndan yap\u0131lan a\u00e7\u0131klamada, 1 May\u0131s-31 Ekim tarihleri aras\u0131nda temizlik ama\u00e7l\u0131 olsa bile ate\u015f yakman\u0131n yasak oldu\u011fu belirtildi. A\u00e7\u0131klamada, ate\u015f yakmaya m\u00fcsait olmayan alanlarda kontrol d\u0131\u015f\u0131na \u00e7\u0131kabilecek ate\u015fin yang\u0131na neden olabilece\u011fi hat\u0131rlat\u0131larak, yasal kurallara uyulmas\u0131 gerekti\u011fi ifade edildi. Yetkili makamlar, belirlenen ate\u015fli piknik ve mesire alanlar\u0131 d\u0131\u015f\u0131nda ormanl\u0131k alanlarda ate\u015f yakman\u0131n veya mangal yapman\u0131n [&hellip;]<\/p>\n","protected":false},"author":1,"featured_media":36877,"comment_status":"open","ping_status":"open","sticky":false,"template":"","format":"standard","meta":{"jnews-multi-image_gallery":[],"jnews_single_post":[],"jnews_primary_category":[],"footnotes":""},"categories":[1],"tags":[],"class_list":["post-36876","post","type-post","status-publish","format-standard","has-post-thumbnail","hentry","category-kibris"],"yoast_head":"<!-- This site is optimized with the Yoast SEO plugin v27.5 - https:\/\/yoast.com\/product\/yoast-seo-wordpress\/ -->\n<title>Ormanl\u0131k alanlarda ate\u015f yakmak 31 Ekim\u2019e kadar yasakland\u0131 - Haber Kuzey<\/title>\n<meta name=\"robots\" content=\"index, follow, max-snippet:-1, max-image-preview:large, max-video-preview:-1\" \/>\n<link rel=\"canonical\" href=\"https:\/\/haberkuzey.com\/index.php\/2026\/04\/30\/ormanlik-alanlarda-ates-yakmak-31-ekime-kadar-yasaklandi\/\" \/>\n<meta property=\"og:locale\" content=\"tr_TR\" \/>\n<meta property=\"og:type\" content=\"article\" \/>\n<meta property=\"og:title\" content=\"Ormanl\u0131k alanlarda ate\u015f yakmak 31 Ekim\u2019e kadar yasakland\u0131 - Haber Kuzey\" \/>\n<meta property=\"og:description\" content=\"Polis bas\u0131n subayl\u0131\u011f\u0131ndan yap\u0131lan a\u00e7\u0131klamada, 1 May\u0131s-31 Ekim tarihleri aras\u0131nda temizlik ama\u00e7l\u0131 olsa bile ate\u015f yakman\u0131n yasak oldu\u011fu belirtildi. A\u00e7\u0131klamada, ate\u015f yakmaya m\u00fcsait olmayan alanlarda kontrol d\u0131\u015f\u0131na \u00e7\u0131kabilecek ate\u015fin yang\u0131na neden olabilece\u011fi hat\u0131rlat\u0131larak, yasal kurallara uyulmas\u0131 gerekti\u011fi ifade edildi. Yetkili makamlar, belirlenen ate\u015fli piknik ve mesire alanlar\u0131 d\u0131\u015f\u0131nda ormanl\u0131k alanlarda ate\u015f yakman\u0131n veya mangal yapman\u0131n [&hellip;]\" \/>\n<meta property=\"og:url\" content=\"https:\/\/haberkuzey.com\/index.php\/2026\/04\/30\/ormanlik-alanlarda-ates-yakmak-31-ekime-kadar-yasaklandi\/\" \/>\n<meta property=\"og:site_name\" content=\"Haber Kuzey\" \/>\n<meta property=\"article:published_time\" content=\"2026-04-30T09:17:22+00:00\" \/>\n<meta property=\"article:modified_time\" content=\"2026-04-30T09:17:30+00:00\" \/>\n<meta property=\"og:image\" content=\"https:\/\/haberkuzey.com\/wp-content\/uploads\/2026\/04\/19422MaH4W6Ba_yalova-orman-ates-yasak.jpg\" \/>\n\t<meta property=\"og:image:width\" content=\"706\" \/>\n\t<meta property=\"og:image:height\" content=\"397\" \/>\n\t<meta property=\"og:image:type\" content=\"image\/jpeg\" \/>\n<meta name=\"author\" content=\"haberkuzey\" \/>\n<meta name=\"twitter:card\" content=\"summary_large_image\" \/>\n<meta name=\"twitter:label1\" content=\"Yazan:\" \/>\n\t<meta name=\"twitter:data1\" content=\"haberkuzey\" \/>\n\t<meta name=\"twitter:label2\" content=\"Tahmini okuma s\u00fcresi\" \/>\n\t<meta name=\"twitter:data2\" content=\"1 dakika\" \/>\n<script type=\"application\/ld+json\" class=\"yoast-schema-graph\">{\"@context\":\"https:\\\/\\\/schema.org\",\"@graph\":[{\"@type\":\"Article\",\"@id\":\"https:\\\/\\\/haberkuzey.com\\\/index.php\\\/2026\\\/04\\\/30\\\/ormanlik-alanlarda-ates-yakmak-31-ekime-kadar-yasaklandi\\\/#article\",\"isPartOf\":{\"@id\":\"https:\\\/\\\/haberkuzey.com\\\/index.php\\\/2026\\\/04\\\/30\\\/ormanlik-alanlarda-ates-yakmak-31-ekime-kadar-yasaklandi\\\/\"},\"author\":{\"name\":\"haberkuzey\",\"@id\":\"https:\\\/\\\/haberkuzey.com\\\/#\\\/schema\\\/person\\\/3372109ec735f9333f4fa47ebb9605ca\"},\"headline\":\"Ormanl\u0131k alanlarda ate\u015f yakmak 31 Ekim\u2019e kadar yasakland\u0131\",\"datePublished\":\"2026-04-30T09:17:22+00:00\",\"dateModified\":\"2026-04-30T09:17:30+00:00\",\"mainEntityOfPage\":{\"@id\":\"https:\\\/\\\/haberkuzey.com\\\/index.php\\\/2026\\\/04\\\/30\\\/ormanlik-alanlarda-ates-yakmak-31-ekime-kadar-yasaklandi\\\/\"},\"wordCount\":189,\"commentCount\":0,\"image\":{\"@id\":\"https:\\\/\\\/haberkuzey.com\\\/index.php\\\/2026\\\/04\\\/30\\\/ormanlik-alanlarda-ates-yakmak-31-ekime-kadar-yasaklandi\\\/#primaryimage\"},\"thumbnailUrl\":\"https:\\\/\\\/haberkuzey.com\\\/wp-content\\\/uploads\\\/2026\\\/04\\\/19422MaH4W6Ba_yalova-orman-ates-yasak.jpg\",\"articleSection\":[\"K\u0131br\u0131s\"],\"inLanguage\":\"tr\",\"potentialAction\":[{\"@type\":\"CommentAction\",\"name\":\"Comment\",\"target\":[\"https:\\\/\\\/haberkuzey.com\\\/index.php\\\/2026\\\/04\\\/30\\\/ormanlik-alanlarda-ates-yakmak-31-ekime-kadar-yasaklandi\\\/#respond\"]}]},{\"@type\":\"WebPage\",\"@id\":\"https:\\\/\\\/haberkuzey.com\\\/index.php\\\/2026\\\/04\\\/30\\\/ormanlik-alanlarda-ates-yakmak-31-ekime-kadar-yasaklandi\\\/\",\"url\":\"https:\\\/\\\/haberkuzey.com\\\/index.php\\\/2026\\\/04\\\/30\\\/ormanlik-alanlarda-ates-yakmak-31-ekime-kadar-yasaklandi\\\/\",\"name\":\"Ormanl\u0131k alanlarda ate\u015f yakmak 31 Ekim\u2019e kadar yasakland\u0131 - Haber Kuzey\",\"isPartOf\":{\"@id\":\"https:\\\/\\\/haberkuzey.com\\\/#website\"},\"primaryImageOfPage\":{\"@id\":\"https:\\\/\\\/haberkuzey.com\\\/index.php\\\/2026\\\/04\\\/30\\\/ormanlik-alanlarda-ates-yakmak-31-ekime-kadar-yasaklandi\\\/#primaryimage\"},\"image\":{\"@id\":\"https:\\\/\\\/haberkuzey.com\\\/index.php\\\/2026\\\/04\\\/30\\\/ormanlik-alanlarda-ates-yakmak-31-ekime-kadar-yasaklandi\\\/#primaryimage\"},\"thumbnailUrl\":\"https:\\\/\\\/haberkuzey.com\\\/wp-content\\\/uploads\\\/2026\\\/04\\\/19422MaH4W6Ba_yalova-orman-ates-yasak.jpg\",\"datePublished\":\"2026-04-30T09:17:22+00:00\",\"dateModified\":\"2026-04-30T09:17:30+00:00\",\"author\":{\"@id\":\"https:\\\/\\\/haberkuzey.com\\\/#\\\/schema\\\/person\\\/3372109ec735f9333f4fa47ebb9605ca\"},\"breadcrumb\":{\"@id\":\"https:\\\/\\\/haberkuzey.com\\\/index.php\\\/2026\\\/04\\\/30\\\/ormanlik-alanlarda-ates-yakmak-31-ekime-kadar-yasaklandi\\\/#breadcrumb\"},\"inLanguage\":\"tr\",\"potentialAction\":[{\"@type\":\"ReadAction\",\"target\":[\"https:\\\/\\\/haberkuzey.com\\\/index.php\\\/2026\\\/04\\\/30\\\/ormanlik-alanlarda-ates-yakmak-31-ekime-kadar-yasaklandi\\\/\"]}]},{\"@type\":\"ImageObject\",\"inLanguage\":\"tr\",\"@id\":\"https:\\\/\\\/haberkuzey.com\\\/index.php\\\/2026\\\/04\\\/30\\\/ormanlik-alanlarda-ates-yakmak-31-ekime-kadar-yasaklandi\\\/#primaryimage\",\"url\":\"https:\\\/\\\/haberkuzey.com\\\/wp-content\\\/uploads\\\/2026\\\/04\\\/19422MaH4W6Ba_yalova-orman-ates-yasak.jpg\",\"contentUrl\":\"https:\\\/\\\/haberkuzey.com\\\/wp-content\\\/uploads\\\/2026\\\/04\\\/19422MaH4W6Ba_yalova-orman-ates-yasak.jpg\",\"width\":706,\"height\":397},{\"@type\":\"BreadcrumbList\",\"@id\":\"https:\\\/\\\/haberkuzey.com\\\/index.php\\\/2026\\\/04\\\/30\\\/ormanlik-alanlarda-ates-yakmak-31-ekime-kadar-yasaklandi\\\/#breadcrumb\",\"itemListElement\":[{\"@type\":\"ListItem\",\"position\":1,\"name\":\"Anasayfa\",\"item\":\"https:\\\/\\\/haberkuzey.com\\\/\"},{\"@type\":\"ListItem\",\"position\":2,\"name\":\"Ormanl\u0131k alanlarda ate\u015f yakmak 31 Ekim\u2019e kadar yasakland\u0131\"}]},{\"@type\":\"WebSite\",\"@id\":\"https:\\\/\\\/haberkuzey.com\\\/#website\",\"url\":\"https:\\\/\\\/haberkuzey.com\\\/\",\"name\":\"Haber Kuzey\",\"description\":\"Do\u011fru Haberin Adresi\",\"potentialAction\":[{\"@type\":\"SearchAction\",\"target\":{\"@type\":\"EntryPoint\",\"urlTemplate\":\"https:\\\/\\\/haberkuzey.com\\\/?s={search_term_string}\"},\"query-input\":{\"@type\":\"PropertyValueSpecification\",\"valueRequired\":true,\"valueName\":\"search_term_string\"}}],\"inLanguage\":\"tr\"},{\"@type\":\"Person\",\"@id\":\"https:\\\/\\\/haberkuzey.com\\\/#\\\/schema\\\/person\\\/3372109ec735f9333f4fa47ebb9605ca\",\"name\":\"haberkuzey\",\"image\":{\"@type\":\"ImageObject\",\"inLanguage\":\"tr\",\"@id\":\"https:\\\/\\\/secure.gravatar.com\\\/avatar\\\/f5fc875574b1575324358c3b9e6a32b8227aa5b74f3fa22e3cadb63e26fcc39c?s=96&d=mm&r=g\",\"url\":\"https:\\\/\\\/secure.gravatar.com\\\/avatar\\\/f5fc875574b1575324358c3b9e6a32b8227aa5b74f3fa22e3cadb63e26fcc39c?s=96&d=mm&r=g\",\"contentUrl\":\"https:\\\/\\\/secure.gravatar.com\\\/avatar\\\/f5fc875574b1575324358c3b9e6a32b8227aa5b74f3fa22e3cadb63e26fcc39c?s=96&d=mm&r=g\",\"caption\":\"haberkuzey\"},\"sameAs\":[\"https:\\\/\\\/haberkuzey.com\"],\"url\":\"https:\\\/\\\/haberkuzey.com\\\/index.php\\\/author\\\/haberkuzey\\\/\"}]}<\/script>\n<!-- \/ Yoast SEO plugin. -->","yoast_head_json":{"title":"Ormanl\u0131k alanlarda ate\u015f yakmak 31 Ekim\u2019e kadar yasakland\u0131 - Haber Kuzey","robots":{"index":"index","follow":"follow","max-snippet":"max-snippet:-1","max-image-preview":"max-image-preview:large","max-video-preview":"max-video-preview:-1"},"canonical":"https:\/\/haberkuzey.com\/index.php\/2026\/04\/30\/ormanlik-alanlarda-ates-yakmak-31-ekime-kadar-yasaklandi\/","og_locale":"tr_TR","og_type":"article","og_title":"Ormanl\u0131k alanlarda ate\u015f yakmak 31 Ekim\u2019e kadar yasakland\u0131 - Haber Kuzey","og_description":"Polis bas\u0131n subayl\u0131\u011f\u0131ndan yap\u0131lan a\u00e7\u0131klamada, 1 May\u0131s-31 Ekim tarihleri aras\u0131nda temizlik ama\u00e7l\u0131 olsa bile ate\u015f yakman\u0131n yasak oldu\u011fu belirtildi. A\u00e7\u0131klamada, ate\u015f yakmaya m\u00fcsait olmayan alanlarda kontrol d\u0131\u015f\u0131na \u00e7\u0131kabilecek ate\u015fin yang\u0131na neden olabilece\u011fi hat\u0131rlat\u0131larak, yasal kurallara uyulmas\u0131 gerekti\u011fi ifade edildi. Yetkili makamlar, belirlenen ate\u015fli piknik ve mesire alanlar\u0131 d\u0131\u015f\u0131nda ormanl\u0131k alanlarda ate\u015f yakman\u0131n veya mangal yapman\u0131n [&hellip;]","og_url":"https:\/\/haberkuzey.com\/index.php\/2026\/04\/30\/ormanlik-alanlarda-ates-yakmak-31-ekime-kadar-yasaklandi\/","og_site_name":"Haber Kuzey","article_published_time":"2026-04-30T09:17:22+00:00","article_modified_time":"2026-04-30T09:17:30+00:00","og_image":[{"width":706,"height":397,"url":"https:\/\/haberkuzey.com\/wp-content\/uploads\/2026\/04\/19422MaH4W6Ba_yalova-orman-ates-yasak.jpg","type":"image\/jpeg"}],"author":"haberkuzey","twitter_card":"summary_large_image","twitter_misc":{"Yazan:":"haberkuzey","Tahmini okuma s\u00fcresi":"1 dakika"},"schema":{"@context":"https:\/\/schema.org","@graph":[{"@type":"Article","@id":"https:\/\/haberkuzey.com\/index.php\/2026\/04\/30\/ormanlik-alanlarda-ates-yakmak-31-ekime-kadar-yasaklandi\/#article","isPartOf":{"@id":"https:\/\/haberkuzey.com\/index.php\/2026\/04\/30\/ormanlik-alanlarda-ates-yakmak-31-ekime-kadar-yasaklandi\/"},"author":{"name":"haberkuzey","@id":"https:\/\/haberkuzey.com\/#\/schema\/person\/3372109ec735f9333f4fa47ebb9605ca"},"headline":"Ormanl\u0131k alanlarda ate\u015f yakmak 31 Ekim\u2019e kadar yasakland\u0131","datePublished":"2026-04-30T09:17:22+00:00","dateModified":"2026-04-30T09:17:30+00:00","mainEntityOfPage":{"@id":"https:\/\/haberkuzey.com\/index.php\/2026\/04\/30\/ormanlik-alanlarda-ates-yakmak-31-ekime-kadar-yasaklandi\/"},"wordCount":189,"commentCount":0,"image":{"@id":"https:\/\/haberkuzey.com\/index.php\/2026\/04\/30\/ormanlik-alanlarda-ates-yakmak-31-ekime-kadar-yasaklandi\/#primaryimage"},"thumbnailUrl":"https:\/\/haberkuzey.com\/wp-content\/uploads\/2026\/04\/19422MaH4W6Ba_yalova-orman-ates-yasak.jpg","articleSection":["K\u0131br\u0131s"],"inLanguage":"tr","potentialAction":[{"@type":"CommentAction","name":"Comment","target":["https:\/\/haberkuzey.com\/index.php\/2026\/04\/30\/ormanlik-alanlarda-ates-yakmak-31-ekime-kadar-yasaklandi\/#respond"]}]},{"@type":"WebPage","@id":"https:\/\/haberkuzey.com\/index.php\/2026\/04\/30\/ormanlik-alanlarda-ates-yakmak-31-ekime-kadar-yasaklandi\/","url":"https:\/\/haberkuzey.com\/index.php\/2026\/04\/30\/ormanlik-alanlarda-ates-yakmak-31-ekime-kadar-yasaklandi\/","name":"Ormanl\u0131k alanlarda ate\u015f yakmak 31 Ekim\u2019e kadar yasakland\u0131 - Haber Kuzey","isPartOf":{"@id":"https:\/\/haberkuzey.com\/#website"},"primaryImageOfPage":{"@id":"https:\/\/haberkuzey.com\/index.php\/2026\/04\/30\/ormanlik-alanlarda-ates-yakmak-31-ekime-kadar-yasaklandi\/#primaryimage"},"image":{"@id":"https:\/\/haberkuzey.com\/index.php\/2026\/04\/30\/ormanlik-alanlarda-ates-yakmak-31-ekime-kadar-yasaklandi\/#primaryimage"},"thumbnailUrl":"https:\/\/haberkuzey.com\/wp-content\/uploads\/2026\/04\/19422MaH4W6Ba_yalova-orman-ates-yasak.jpg","datePublished":"2026-04-30T09:17:22+00:00","dateModified":"2026-04-30T09:17:30+00:00","author":{"@id":"https:\/\/haberkuzey.com\/#\/schema\/person\/3372109ec735f9333f4fa47ebb9605ca"},"breadcrumb":{"@id":"https:\/\/haberkuzey.com\/index.php\/2026\/04\/30\/ormanlik-alanlarda-ates-yakmak-31-ekime-kadar-yasaklandi\/#breadcrumb"},"inLanguage":"tr","potentialAction":[{"@type":"ReadAction","target":["https:\/\/haberkuzey.com\/index.php\/2026\/04\/30\/ormanlik-alanlarda-ates-yakmak-31-ekime-kadar-yasaklandi\/"]}]},{"@type":"ImageObject","inLanguage":"tr","@id":"https:\/\/haberkuzey.com\/index.php\/2026\/04\/30\/ormanlik-alanlarda-ates-yakmak-31-ekime-kadar-yasaklandi\/#primaryimage","url":"https:\/\/haberkuzey.com\/wp-content\/uploads\/2026\/04\/19422MaH4W6Ba_yalova-orman-ates-yasak.jpg","contentUrl":"https:\/\/haberkuzey.com\/wp-content\/uploads\/2026\/04\/19422MaH4W6Ba_yalova-orman-ates-yasak.jpg","width":706,"height":397},{"@type":"BreadcrumbList","@id":"https:\/\/haberkuzey.com\/index.php\/2026\/04\/30\/ormanlik-alanlarda-ates-yakmak-31-ekime-kadar-yasaklandi\/#breadcrumb","itemListElement":[{"@type":"ListItem","position":1,"name":"Anasayfa","item":"https:\/\/haberkuzey.com\/"},{"@type":"ListItem","position":2,"name":"Ormanl\u0131k alanlarda ate\u015f yakmak 31 Ekim\u2019e kadar yasakland\u0131"}]},{"@type":"WebSite","@id":"https:\/\/haberkuzey.com\/#website","url":"https:\/\/haberkuzey.com\/","name":"Haber Kuzey","description":"Do\u011fru Haberin Adresi","potentialAction":[{"@type":"SearchAction","target":{"@type":"EntryPoint","urlTemplate":"https:\/\/haberkuzey.com\/?s={search_term_string}"},"query-input":{"@type":"PropertyValueSpecification","valueRequired":true,"valueName":"search_term_string"}}],"inLanguage":"tr"},{"@type":"Person","@id":"https:\/\/haberkuzey.com\/#\/schema\/person\/3372109ec735f9333f4fa47ebb9605ca","name":"haberkuzey","image":{"@type":"ImageObject","inLanguage":"tr","@id":"https:\/\/secure.gravatar.com\/avatar\/f5fc875574b1575324358c3b9e6a32b8227aa5b74f3fa22e3cadb63e26fcc39c?s=96&d=mm&r=g","url":"https:\/\/secure.gravatar.com\/avatar\/f5fc875574b1575324358c3b9e6a32b8227aa5b74f3fa22e3cadb63e26fcc39c?s=96&d=mm&r=g","contentUrl":"https:\/\/secure.gravatar.com\/avatar\/f5fc875574b1575324358c3b9e6a32b8227aa5b74f3fa22e3cadb63e26fcc39c?s=96&d=mm&r=g","caption":"haberkuzey"},"sameAs":["https:\/\/haberkuzey.com"],"url":"https:\/\/haberkuzey.com\/index.php\/author\/haberkuzey\/"}]}},"_links":{"self":[{"href":"https:\/\/haberkuzey.com\/index.php\/wp-json\/wp\/v2\/posts\/36876","targetHints":{"allow":["GET"]}}],"collection":[{"href":"https:\/\/haberkuzey.com\/index.php\/wp-json\/wp\/v2\/posts"}],"about":[{"href":"https:\/\/haberkuzey.com\/index.php\/wp-json\/wp\/v2\/types\/post"}],"author":[{"embeddable":true,"href":"https:\/\/haberkuzey.com\/index.php\/wp-json\/wp\/v2\/users\/1"}],"replies":[{"embeddable":true,"href":"https:\/\/haberkuzey.com\/index.php\/wp-json\/wp\/v2\/comments?post=36876"}],"version-history":[{"count":1,"href":"https:\/\/haberkuzey.com\/index.php\/wp-json\/wp\/v2\/posts\/36876\/revisions"}],"predecessor-version":[{"id":36878,"href":"https:\/\/haberkuzey.com\/index.php\/wp-json\/wp\/v2\/posts\/36876\/revisions\/36878"}],"wp:featuredmedia":[{"embeddable":true,"href":"https:\/\/haberkuzey.com\/index.php\/wp-json\/wp\/v2\/media\/36877"}],"wp:attachment":[{"href":"https:\/\/haberkuzey.com\/index.php\/wp-json\/wp\/v2\/media?parent=36876"}],"wp:term":[{"taxonomy":"category","embeddable":true,"href":"https:\/\/haberkuzey.com\/index.php\/wp-json\/wp\/v2\/categories?post=36876"},{"taxonomy":"post_tag","embeddable":true,"href":"https:\/\/haberkuzey.com\/index.php\/wp-json\/wp\/v2\/tags?post=36876"}],"curies":[{"name":"wp","href":"https:\/\/api.w.org\/{rel}","templated":true}]}}