{"id":36873,"date":"2026-04-30T12:00:06","date_gmt":"2026-04-30T09:00:06","guid":{"rendered":"https:\/\/haberkuzey.com\/index.php\/2026\/04\/30\/dau-hukuk-fakultesi-30-yilini-mezunlariyla-kutluyor\/"},"modified":"2026-04-30T12:00:18","modified_gmt":"2026-04-30T09:00:18","slug":"dau-hukuk-fakultesi-30-yilini-mezunlariyla-kutluyor","status":"publish","type":"post","link":"https:\/\/haberkuzey.com\/index.php\/2026\/04\/30\/dau-hukuk-fakultesi-30-yilini-mezunlariyla-kutluyor\/","title":{"rendered":"DA\u00dc Hukuk Fak\u00fcltesi 30. y\u0131l\u0131n\u0131 mezunlar\u0131yla kutluyor"},"content":{"rendered":"<p>Do\u011fu Akdeniz \u00dcniversitesi (DA\u00dc) Hukuk Fak\u00fcltesi, 1996 y\u0131l\u0131nda ba\u015flayan e\u011fitim hayat\u0131n\u0131n 30. y\u0131l d\u00f6n\u00fcm\u00fcn\u00fc anlaml\u0131 ve kapsaml\u0131 bir etkinlikle kutlamaya haz\u0131rlan\u0131yor. Kuruldu\u011fu g\u00fcnden bu yana nitelikli akademik kadrosu, \u00e7a\u011fda\u015f e\u011fitim anlay\u0131\u015f\u0131 ve yeti\u015ftirdi\u011fi ba\u015far\u0131l\u0131 mezunlar\u0131 ile hukuk alan\u0131nda sayg\u0131n bir konuma ula\u015fan DA\u00dc Hukuk Fak\u00fcltesi, bu \u00f6nemli d\u00f6n\u00fcm noktas\u0131n\u0131 2 May\u0131s 2026 Cumartesi g\u00fcn\u00fc, saat 18.00\u2019de ger\u00e7ekle\u015ftirilecek \u00f6zel bir programla ta\u00e7land\u0131racak. S\u00f6z konusu program, fak\u00fcltenin k\u00f6kl\u00fc ge\u00e7mi\u015fine \u0131\u015f\u0131k tutarken, mezunlar ile mevcut \u00f6\u011frencileri ayn\u0131 \u00e7at\u0131 alt\u0131nda bulu\u015fturacak \u00f6zel bir platform sunacak.<\/p>\n<p>Etkinlik kapsam\u0131nda, mezunlar ile \u00f6\u011frenciler aras\u0131nda g\u00fc\u00e7l\u00fc ba\u011flar\u0131n kurulmas\u0131na katk\u0131 sa\u011flanmas\u0131 ve mesleki dayan\u0131\u015fman\u0131n art\u0131r\u0131lmas\u0131 hedeflenirken, fak\u00fcltenin 30 y\u0131ll\u0131k akademik birikimi ile yeti\u015ftirdi\u011fi hukuk\u00e7ular\u0131n ba\u015far\u0131lar\u0131n\u0131n da bu \u00f6zel g\u00fcnde \u00f6n plana \u00e7\u0131kar\u0131lmas\u0131 planlan\u0131yor.<\/p>\n<p><strong>\u201cHukuk Alan\u0131nda Nitelikli Bireyler Yeti\u015ftirmenin Gururunu Ya\u015f\u0131yoruz\u201d<\/strong><\/p>\n<p>DA\u00dc Hukuk Fak\u00fcltesi Dekan Vekili Do\u00e7. Dr. Arzu Alibaba taraf\u0131ndan yap\u0131lan a\u00e7\u0131klamada ise \u015fu ifadelere yer verildi: \u201c30 y\u0131l boyunca hukuk alan\u0131nda nitelikli bireyler yeti\u015ftirmenin gururunu ya\u015f\u0131yoruz. Mezunlar\u0131m\u0131z\u0131n ba\u015far\u0131lar\u0131, fak\u00fcltemizin en b\u00fcy\u00fck g\u00fcc\u00fcd\u00fcr. Bu anlaml\u0131 y\u0131lda mezunlar\u0131m\u0131zla yeniden bir araya gelmek ve \u00f6\u011frencilerimizle ayn\u0131 \u00e7at\u0131 alt\u0131nda bulu\u015fmak bizler i\u00e7in b\u00fcy\u00fck bir mutluluktur. T\u00fcm mezunlar\u0131m\u0131z\u0131 bu \u00f6zel g\u00fcnde bir araya gelmeye ve 30. y\u0131l co\u015fkusunun birlikte ya\u015fanmaya davet ediyorum.\u201d<\/p>\n<p>Program hakk\u0131nda detayl\u0131 bilgi almak isteyenler, 0392 630 11 71 numaral\u0131 telefondan ya da fatos.cakici@emu.edu.tr mail adresi \u00fczerinden ileti\u015fime ge\u00e7ebilir.<\/p>\n","protected":false},"excerpt":{"rendered":"<p>Do\u011fu Akdeniz \u00dcniversitesi (DA\u00dc) Hukuk Fak\u00fcltesi, 1996 y\u0131l\u0131nda ba\u015flayan e\u011fitim hayat\u0131n\u0131n 30. y\u0131l d\u00f6n\u00fcm\u00fcn\u00fc anlaml\u0131 ve kapsaml\u0131 bir etkinlikle kutlamaya haz\u0131rlan\u0131yor. Kuruldu\u011fu g\u00fcnden bu yana nitelikli akademik kadrosu, \u00e7a\u011fda\u015f e\u011fitim anlay\u0131\u015f\u0131 ve yeti\u015ftirdi\u011fi ba\u015far\u0131l\u0131 mezunlar\u0131 ile hukuk alan\u0131nda sayg\u0131n bir konuma ula\u015fan DA\u00dc Hukuk Fak\u00fcltesi, bu \u00f6nemli d\u00f6n\u00fcm noktas\u0131n\u0131 2 May\u0131s 2026 Cumartesi g\u00fcn\u00fc, saat [&hellip;]<\/p>\n","protected":false},"author":1,"featured_media":36874,"comment_status":"open","ping_status":"open","sticky":false,"template":"","format":"standard","meta":{"jnews-multi-image_gallery":[],"jnews_single_post":[],"jnews_primary_category":[],"footnotes":""},"categories":[1],"tags":[],"class_list":["post-36873","post","type-post","status-publish","format-standard","has-post-thumbnail","hentry","category-kibris"],"yoast_head":"<!-- This site is optimized with the Yoast SEO plugin v27.5 - https:\/\/yoast.com\/product\/yoast-seo-wordpress\/ -->\n<title>DA\u00dc Hukuk Fak\u00fcltesi 30. y\u0131l\u0131n\u0131 mezunlar\u0131yla kutluyor - Haber Kuzey<\/title>\n<meta name=\"robots\" content=\"index, follow, max-snippet:-1, max-image-preview:large, max-video-preview:-1\" \/>\n<link rel=\"canonical\" href=\"https:\/\/haberkuzey.com\/index.php\/2026\/04\/30\/dau-hukuk-fakultesi-30-yilini-mezunlariyla-kutluyor\/\" \/>\n<meta property=\"og:locale\" content=\"tr_TR\" \/>\n<meta property=\"og:type\" content=\"article\" \/>\n<meta property=\"og:title\" content=\"DA\u00dc Hukuk Fak\u00fcltesi 30. y\u0131l\u0131n\u0131 mezunlar\u0131yla kutluyor - Haber Kuzey\" \/>\n<meta property=\"og:description\" content=\"Do\u011fu Akdeniz \u00dcniversitesi (DA\u00dc) Hukuk Fak\u00fcltesi, 1996 y\u0131l\u0131nda ba\u015flayan e\u011fitim hayat\u0131n\u0131n 30. y\u0131l d\u00f6n\u00fcm\u00fcn\u00fc anlaml\u0131 ve kapsaml\u0131 bir etkinlikle kutlamaya haz\u0131rlan\u0131yor. Kuruldu\u011fu g\u00fcnden bu yana nitelikli akademik kadrosu, \u00e7a\u011fda\u015f e\u011fitim anlay\u0131\u015f\u0131 ve yeti\u015ftirdi\u011fi ba\u015far\u0131l\u0131 mezunlar\u0131 ile hukuk alan\u0131nda sayg\u0131n bir konuma ula\u015fan DA\u00dc Hukuk Fak\u00fcltesi, bu \u00f6nemli d\u00f6n\u00fcm noktas\u0131n\u0131 2 May\u0131s 2026 Cumartesi g\u00fcn\u00fc, saat [&hellip;]\" \/>\n<meta property=\"og:url\" content=\"https:\/\/haberkuzey.com\/index.php\/2026\/04\/30\/dau-hukuk-fakultesi-30-yilini-mezunlariyla-kutluyor\/\" \/>\n<meta property=\"og:site_name\" content=\"Haber Kuzey\" \/>\n<meta property=\"article:published_time\" content=\"2026-04-30T09:00:06+00:00\" \/>\n<meta property=\"article:modified_time\" content=\"2026-04-30T09:00:18+00:00\" \/>\n<meta property=\"og:image\" content=\"https:\/\/haberkuzey.com\/wp-content\/uploads\/2026\/04\/dau-dunya-capinda-46-sirada-h10175-df5b8-971x551-1610980416.webp\" \/>\n\t<meta property=\"og:image:width\" content=\"1280\" \/>\n\t<meta property=\"og:image:height\" content=\"720\" \/>\n\t<meta property=\"og:image:type\" content=\"image\/webp\" \/>\n<meta name=\"author\" content=\"haberkuzey\" \/>\n<meta name=\"twitter:card\" content=\"summary_large_image\" \/>\n<meta name=\"twitter:label1\" content=\"Yazan:\" \/>\n\t<meta name=\"twitter:data1\" content=\"haberkuzey\" \/>\n\t<meta name=\"twitter:label2\" content=\"Tahmini okuma s\u00fcresi\" \/>\n\t<meta name=\"twitter:data2\" content=\"2 dakika\" \/>\n<script type=\"application\/ld+json\" class=\"yoast-schema-graph\">{\"@context\":\"https:\\\/\\\/schema.org\",\"@graph\":[{\"@type\":\"Article\",\"@id\":\"https:\\\/\\\/haberkuzey.com\\\/index.php\\\/2026\\\/04\\\/30\\\/dau-hukuk-fakultesi-30-yilini-mezunlariyla-kutluyor\\\/#article\",\"isPartOf\":{\"@id\":\"https:\\\/\\\/haberkuzey.com\\\/index.php\\\/2026\\\/04\\\/30\\\/dau-hukuk-fakultesi-30-yilini-mezunlariyla-kutluyor\\\/\"},\"author\":{\"name\":\"haberkuzey\",\"@id\":\"https:\\\/\\\/haberkuzey.com\\\/#\\\/schema\\\/person\\\/3372109ec735f9333f4fa47ebb9605ca\"},\"headline\":\"DA\u00dc Hukuk Fak\u00fcltesi 30. y\u0131l\u0131n\u0131 mezunlar\u0131yla kutluyor\",\"datePublished\":\"2026-04-30T09:00:06+00:00\",\"dateModified\":\"2026-04-30T09:00:18+00:00\",\"mainEntityOfPage\":{\"@id\":\"https:\\\/\\\/haberkuzey.com\\\/index.php\\\/2026\\\/04\\\/30\\\/dau-hukuk-fakultesi-30-yilini-mezunlariyla-kutluyor\\\/\"},\"wordCount\":319,\"commentCount\":0,\"image\":{\"@id\":\"https:\\\/\\\/haberkuzey.com\\\/index.php\\\/2026\\\/04\\\/30\\\/dau-hukuk-fakultesi-30-yilini-mezunlariyla-kutluyor\\\/#primaryimage\"},\"thumbnailUrl\":\"https:\\\/\\\/haberkuzey.com\\\/wp-content\\\/uploads\\\/2026\\\/04\\\/dau-dunya-capinda-46-sirada-h10175-df5b8-971x551-1610980416.webp\",\"articleSection\":[\"K\u0131br\u0131s\"],\"inLanguage\":\"tr\",\"potentialAction\":[{\"@type\":\"CommentAction\",\"name\":\"Comment\",\"target\":[\"https:\\\/\\\/haberkuzey.com\\\/index.php\\\/2026\\\/04\\\/30\\\/dau-hukuk-fakultesi-30-yilini-mezunlariyla-kutluyor\\\/#respond\"]}]},{\"@type\":\"WebPage\",\"@id\":\"https:\\\/\\\/haberkuzey.com\\\/index.php\\\/2026\\\/04\\\/30\\\/dau-hukuk-fakultesi-30-yilini-mezunlariyla-kutluyor\\\/\",\"url\":\"https:\\\/\\\/haberkuzey.com\\\/index.php\\\/2026\\\/04\\\/30\\\/dau-hukuk-fakultesi-30-yilini-mezunlariyla-kutluyor\\\/\",\"name\":\"DA\u00dc Hukuk Fak\u00fcltesi 30. y\u0131l\u0131n\u0131 mezunlar\u0131yla kutluyor - Haber Kuzey\",\"isPartOf\":{\"@id\":\"https:\\\/\\\/haberkuzey.com\\\/#website\"},\"primaryImageOfPage\":{\"@id\":\"https:\\\/\\\/haberkuzey.com\\\/index.php\\\/2026\\\/04\\\/30\\\/dau-hukuk-fakultesi-30-yilini-mezunlariyla-kutluyor\\\/#primaryimage\"},\"image\":{\"@id\":\"https:\\\/\\\/haberkuzey.com\\\/index.php\\\/2026\\\/04\\\/30\\\/dau-hukuk-fakultesi-30-yilini-mezunlariyla-kutluyor\\\/#primaryimage\"},\"thumbnailUrl\":\"https:\\\/\\\/haberkuzey.com\\\/wp-content\\\/uploads\\\/2026\\\/04\\\/dau-dunya-capinda-46-sirada-h10175-df5b8-971x551-1610980416.webp\",\"datePublished\":\"2026-04-30T09:00:06+00:00\",\"dateModified\":\"2026-04-30T09:00:18+00:00\",\"author\":{\"@id\":\"https:\\\/\\\/haberkuzey.com\\\/#\\\/schema\\\/person\\\/3372109ec735f9333f4fa47ebb9605ca\"},\"breadcrumb\":{\"@id\":\"https:\\\/\\\/haberkuzey.com\\\/index.php\\\/2026\\\/04\\\/30\\\/dau-hukuk-fakultesi-30-yilini-mezunlariyla-kutluyor\\\/#breadcrumb\"},\"inLanguage\":\"tr\",\"potentialAction\":[{\"@type\":\"ReadAction\",\"target\":[\"https:\\\/\\\/haberkuzey.com\\\/index.php\\\/2026\\\/04\\\/30\\\/dau-hukuk-fakultesi-30-yilini-mezunlariyla-kutluyor\\\/\"]}]},{\"@type\":\"ImageObject\",\"inLanguage\":\"tr\",\"@id\":\"https:\\\/\\\/haberkuzey.com\\\/index.php\\\/2026\\\/04\\\/30\\\/dau-hukuk-fakultesi-30-yilini-mezunlariyla-kutluyor\\\/#primaryimage\",\"url\":\"https:\\\/\\\/haberkuzey.com\\\/wp-content\\\/uploads\\\/2026\\\/04\\\/dau-dunya-capinda-46-sirada-h10175-df5b8-971x551-1610980416.webp\",\"contentUrl\":\"https:\\\/\\\/haberkuzey.com\\\/wp-content\\\/uploads\\\/2026\\\/04\\\/dau-dunya-capinda-46-sirada-h10175-df5b8-971x551-1610980416.webp\",\"width\":1280,\"height\":720},{\"@type\":\"BreadcrumbList\",\"@id\":\"https:\\\/\\\/haberkuzey.com\\\/index.php\\\/2026\\\/04\\\/30\\\/dau-hukuk-fakultesi-30-yilini-mezunlariyla-kutluyor\\\/#breadcrumb\",\"itemListElement\":[{\"@type\":\"ListItem\",\"position\":1,\"name\":\"Anasayfa\",\"item\":\"https:\\\/\\\/haberkuzey.com\\\/\"},{\"@type\":\"ListItem\",\"position\":2,\"name\":\"DA\u00dc Hukuk Fak\u00fcltesi 30. y\u0131l\u0131n\u0131 mezunlar\u0131yla kutluyor\"}]},{\"@type\":\"WebSite\",\"@id\":\"https:\\\/\\\/haberkuzey.com\\\/#website\",\"url\":\"https:\\\/\\\/haberkuzey.com\\\/\",\"name\":\"Haber Kuzey\",\"description\":\"Do\u011fru Haberin Adresi\",\"potentialAction\":[{\"@type\":\"SearchAction\",\"target\":{\"@type\":\"EntryPoint\",\"urlTemplate\":\"https:\\\/\\\/haberkuzey.com\\\/?s={search_term_string}\"},\"query-input\":{\"@type\":\"PropertyValueSpecification\",\"valueRequired\":true,\"valueName\":\"search_term_string\"}}],\"inLanguage\":\"tr\"},{\"@type\":\"Person\",\"@id\":\"https:\\\/\\\/haberkuzey.com\\\/#\\\/schema\\\/person\\\/3372109ec735f9333f4fa47ebb9605ca\",\"name\":\"haberkuzey\",\"image\":{\"@type\":\"ImageObject\",\"inLanguage\":\"tr\",\"@id\":\"https:\\\/\\\/secure.gravatar.com\\\/avatar\\\/f5fc875574b1575324358c3b9e6a32b8227aa5b74f3fa22e3cadb63e26fcc39c?s=96&d=mm&r=g\",\"url\":\"https:\\\/\\\/secure.gravatar.com\\\/avatar\\\/f5fc875574b1575324358c3b9e6a32b8227aa5b74f3fa22e3cadb63e26fcc39c?s=96&d=mm&r=g\",\"contentUrl\":\"https:\\\/\\\/secure.gravatar.com\\\/avatar\\\/f5fc875574b1575324358c3b9e6a32b8227aa5b74f3fa22e3cadb63e26fcc39c?s=96&d=mm&r=g\",\"caption\":\"haberkuzey\"},\"sameAs\":[\"https:\\\/\\\/haberkuzey.com\"],\"url\":\"https:\\\/\\\/haberkuzey.com\\\/index.php\\\/author\\\/haberkuzey\\\/\"}]}<\/script>\n<!-- \/ Yoast SEO plugin. -->","yoast_head_json":{"title":"DA\u00dc Hukuk Fak\u00fcltesi 30. y\u0131l\u0131n\u0131 mezunlar\u0131yla kutluyor - Haber Kuzey","robots":{"index":"index","follow":"follow","max-snippet":"max-snippet:-1","max-image-preview":"max-image-preview:large","max-video-preview":"max-video-preview:-1"},"canonical":"https:\/\/haberkuzey.com\/index.php\/2026\/04\/30\/dau-hukuk-fakultesi-30-yilini-mezunlariyla-kutluyor\/","og_locale":"tr_TR","og_type":"article","og_title":"DA\u00dc Hukuk Fak\u00fcltesi 30. y\u0131l\u0131n\u0131 mezunlar\u0131yla kutluyor - Haber Kuzey","og_description":"Do\u011fu Akdeniz \u00dcniversitesi (DA\u00dc) Hukuk Fak\u00fcltesi, 1996 y\u0131l\u0131nda ba\u015flayan e\u011fitim hayat\u0131n\u0131n 30. y\u0131l d\u00f6n\u00fcm\u00fcn\u00fc anlaml\u0131 ve kapsaml\u0131 bir etkinlikle kutlamaya haz\u0131rlan\u0131yor. Kuruldu\u011fu g\u00fcnden bu yana nitelikli akademik kadrosu, \u00e7a\u011fda\u015f e\u011fitim anlay\u0131\u015f\u0131 ve yeti\u015ftirdi\u011fi ba\u015far\u0131l\u0131 mezunlar\u0131 ile hukuk alan\u0131nda sayg\u0131n bir konuma ula\u015fan DA\u00dc Hukuk Fak\u00fcltesi, bu \u00f6nemli d\u00f6n\u00fcm noktas\u0131n\u0131 2 May\u0131s 2026 Cumartesi g\u00fcn\u00fc, saat [&hellip;]","og_url":"https:\/\/haberkuzey.com\/index.php\/2026\/04\/30\/dau-hukuk-fakultesi-30-yilini-mezunlariyla-kutluyor\/","og_site_name":"Haber Kuzey","article_published_time":"2026-04-30T09:00:06+00:00","article_modified_time":"2026-04-30T09:00:18+00:00","og_image":[{"width":1280,"height":720,"url":"https:\/\/haberkuzey.com\/wp-content\/uploads\/2026\/04\/dau-dunya-capinda-46-sirada-h10175-df5b8-971x551-1610980416.webp","type":"image\/webp"}],"author":"haberkuzey","twitter_card":"summary_large_image","twitter_misc":{"Yazan:":"haberkuzey","Tahmini okuma s\u00fcresi":"2 dakika"},"schema":{"@context":"https:\/\/schema.org","@graph":[{"@type":"Article","@id":"https:\/\/haberkuzey.com\/index.php\/2026\/04\/30\/dau-hukuk-fakultesi-30-yilini-mezunlariyla-kutluyor\/#article","isPartOf":{"@id":"https:\/\/haberkuzey.com\/index.php\/2026\/04\/30\/dau-hukuk-fakultesi-30-yilini-mezunlariyla-kutluyor\/"},"author":{"name":"haberkuzey","@id":"https:\/\/haberkuzey.com\/#\/schema\/person\/3372109ec735f9333f4fa47ebb9605ca"},"headline":"DA\u00dc Hukuk Fak\u00fcltesi 30. y\u0131l\u0131n\u0131 mezunlar\u0131yla kutluyor","datePublished":"2026-04-30T09:00:06+00:00","dateModified":"2026-04-30T09:00:18+00:00","mainEntityOfPage":{"@id":"https:\/\/haberkuzey.com\/index.php\/2026\/04\/30\/dau-hukuk-fakultesi-30-yilini-mezunlariyla-kutluyor\/"},"wordCount":319,"commentCount":0,"image":{"@id":"https:\/\/haberkuzey.com\/index.php\/2026\/04\/30\/dau-hukuk-fakultesi-30-yilini-mezunlariyla-kutluyor\/#primaryimage"},"thumbnailUrl":"https:\/\/haberkuzey.com\/wp-content\/uploads\/2026\/04\/dau-dunya-capinda-46-sirada-h10175-df5b8-971x551-1610980416.webp","articleSection":["K\u0131br\u0131s"],"inLanguage":"tr","potentialAction":[{"@type":"CommentAction","name":"Comment","target":["https:\/\/haberkuzey.com\/index.php\/2026\/04\/30\/dau-hukuk-fakultesi-30-yilini-mezunlariyla-kutluyor\/#respond"]}]},{"@type":"WebPage","@id":"https:\/\/haberkuzey.com\/index.php\/2026\/04\/30\/dau-hukuk-fakultesi-30-yilini-mezunlariyla-kutluyor\/","url":"https:\/\/haberkuzey.com\/index.php\/2026\/04\/30\/dau-hukuk-fakultesi-30-yilini-mezunlariyla-kutluyor\/","name":"DA\u00dc Hukuk Fak\u00fcltesi 30. y\u0131l\u0131n\u0131 mezunlar\u0131yla kutluyor - Haber Kuzey","isPartOf":{"@id":"https:\/\/haberkuzey.com\/#website"},"primaryImageOfPage":{"@id":"https:\/\/haberkuzey.com\/index.php\/2026\/04\/30\/dau-hukuk-fakultesi-30-yilini-mezunlariyla-kutluyor\/#primaryimage"},"image":{"@id":"https:\/\/haberkuzey.com\/index.php\/2026\/04\/30\/dau-hukuk-fakultesi-30-yilini-mezunlariyla-kutluyor\/#primaryimage"},"thumbnailUrl":"https:\/\/haberkuzey.com\/wp-content\/uploads\/2026\/04\/dau-dunya-capinda-46-sirada-h10175-df5b8-971x551-1610980416.webp","datePublished":"2026-04-30T09:00:06+00:00","dateModified":"2026-04-30T09:00:18+00:00","author":{"@id":"https:\/\/haberkuzey.com\/#\/schema\/person\/3372109ec735f9333f4fa47ebb9605ca"},"breadcrumb":{"@id":"https:\/\/haberkuzey.com\/index.php\/2026\/04\/30\/dau-hukuk-fakultesi-30-yilini-mezunlariyla-kutluyor\/#breadcrumb"},"inLanguage":"tr","potentialAction":[{"@type":"ReadAction","target":["https:\/\/haberkuzey.com\/index.php\/2026\/04\/30\/dau-hukuk-fakultesi-30-yilini-mezunlariyla-kutluyor\/"]}]},{"@type":"ImageObject","inLanguage":"tr","@id":"https:\/\/haberkuzey.com\/index.php\/2026\/04\/30\/dau-hukuk-fakultesi-30-yilini-mezunlariyla-kutluyor\/#primaryimage","url":"https:\/\/haberkuzey.com\/wp-content\/uploads\/2026\/04\/dau-dunya-capinda-46-sirada-h10175-df5b8-971x551-1610980416.webp","contentUrl":"https:\/\/haberkuzey.com\/wp-content\/uploads\/2026\/04\/dau-dunya-capinda-46-sirada-h10175-df5b8-971x551-1610980416.webp","width":1280,"height":720},{"@type":"BreadcrumbList","@id":"https:\/\/haberkuzey.com\/index.php\/2026\/04\/30\/dau-hukuk-fakultesi-30-yilini-mezunlariyla-kutluyor\/#breadcrumb","itemListElement":[{"@type":"ListItem","position":1,"name":"Anasayfa","item":"https:\/\/haberkuzey.com\/"},{"@type":"ListItem","position":2,"name":"DA\u00dc Hukuk Fak\u00fcltesi 30. y\u0131l\u0131n\u0131 mezunlar\u0131yla kutluyor"}]},{"@type":"WebSite","@id":"https:\/\/haberkuzey.com\/#website","url":"https:\/\/haberkuzey.com\/","name":"Haber Kuzey","description":"Do\u011fru Haberin Adresi","potentialAction":[{"@type":"SearchAction","target":{"@type":"EntryPoint","urlTemplate":"https:\/\/haberkuzey.com\/?s={search_term_string}"},"query-input":{"@type":"PropertyValueSpecification","valueRequired":true,"valueName":"search_term_string"}}],"inLanguage":"tr"},{"@type":"Person","@id":"https:\/\/haberkuzey.com\/#\/schema\/person\/3372109ec735f9333f4fa47ebb9605ca","name":"haberkuzey","image":{"@type":"ImageObject","inLanguage":"tr","@id":"https:\/\/secure.gravatar.com\/avatar\/f5fc875574b1575324358c3b9e6a32b8227aa5b74f3fa22e3cadb63e26fcc39c?s=96&d=mm&r=g","url":"https:\/\/secure.gravatar.com\/avatar\/f5fc875574b1575324358c3b9e6a32b8227aa5b74f3fa22e3cadb63e26fcc39c?s=96&d=mm&r=g","contentUrl":"https:\/\/secure.gravatar.com\/avatar\/f5fc875574b1575324358c3b9e6a32b8227aa5b74f3fa22e3cadb63e26fcc39c?s=96&d=mm&r=g","caption":"haberkuzey"},"sameAs":["https:\/\/haberkuzey.com"],"url":"https:\/\/haberkuzey.com\/index.php\/author\/haberkuzey\/"}]}},"_links":{"self":[{"href":"https:\/\/haberkuzey.com\/index.php\/wp-json\/wp\/v2\/posts\/36873","targetHints":{"allow":["GET"]}}],"collection":[{"href":"https:\/\/haberkuzey.com\/index.php\/wp-json\/wp\/v2\/posts"}],"about":[{"href":"https:\/\/haberkuzey.com\/index.php\/wp-json\/wp\/v2\/types\/post"}],"author":[{"embeddable":true,"href":"https:\/\/haberkuzey.com\/index.php\/wp-json\/wp\/v2\/users\/1"}],"replies":[{"embeddable":true,"href":"https:\/\/haberkuzey.com\/index.php\/wp-json\/wp\/v2\/comments?post=36873"}],"version-history":[{"count":1,"href":"https:\/\/haberkuzey.com\/index.php\/wp-json\/wp\/v2\/posts\/36873\/revisions"}],"predecessor-version":[{"id":36875,"href":"https:\/\/haberkuzey.com\/index.php\/wp-json\/wp\/v2\/posts\/36873\/revisions\/36875"}],"wp:featuredmedia":[{"embeddable":true,"href":"https:\/\/haberkuzey.com\/index.php\/wp-json\/wp\/v2\/media\/36874"}],"wp:attachment":[{"href":"https:\/\/haberkuzey.com\/index.php\/wp-json\/wp\/v2\/media?parent=36873"}],"wp:term":[{"taxonomy":"category","embeddable":true,"href":"https:\/\/haberkuzey.com\/index.php\/wp-json\/wp\/v2\/categories?post=36873"},{"taxonomy":"post_tag","embeddable":true,"href":"https:\/\/haberkuzey.com\/index.php\/wp-json\/wp\/v2\/tags?post=36873"}],"curies":[{"name":"wp","href":"https:\/\/api.w.org\/{rel}","templated":true}]}}