{"id":36858,"date":"2026-04-30T10:15:47","date_gmt":"2026-04-30T07:15:47","guid":{"rendered":"https:\/\/haberkuzey.com\/index.php\/2026\/04\/30\/ozturkler-f-16lar-buranin-gercek-sahiplerinin-kibrisli-turkler-oldugunu-gosterdi\/"},"modified":"2026-04-30T10:15:57","modified_gmt":"2026-04-30T07:15:57","slug":"ozturkler-f-16lar-buranin-gercek-sahiplerinin-kibrisli-turkler-oldugunu-gosterdi","status":"publish","type":"post","link":"https:\/\/haberkuzey.com\/index.php\/2026\/04\/30\/ozturkler-f-16lar-buranin-gercek-sahiplerinin-kibrisli-turkler-oldugunu-gosterdi\/","title":{"rendered":"\u00d6zt\u00fcrkler: F-16\u2019lar buran\u0131n ger\u00e7ek sahiplerinin K\u0131br\u0131sl\u0131 T\u00fcrkler oldu\u011funu g\u00f6sterdi"},"content":{"rendered":"<p>Cumhuriyet Meclisi Ba\u015fkan\u0131 Ziya \u00d6zt\u00fcrkler, BRT\u2019de yay\u0131nlanan G\u00fcndem Art\u0131 program\u0131nda Aziz Kararaziz\u2019in sorular\u0131n\u0131 yan\u0131tlayarak g\u00fcndeme ili\u015fkin \u00f6nemli a\u00e7\u0131klamalarda bulundu.<\/p>\n<p>\u00d6zt\u00fcrkler, AB\u2019nin \u00e7\u00f6z\u00fcm \u00e7a\u011fr\u0131s\u0131 yaparken T\u00fcrk taraf\u0131yla g\u00f6r\u00fc\u015fmekten ka\u00e7\u0131nmas\u0131n\u0131n a\u00e7\u0131k bir \u00e7eli\u015fki oldu\u011funu vurgulad\u0131.<\/p>\n<p>Federasyon tart\u0131\u015fmalar\u0131na da de\u011finen \u00d6zt\u00fcrkler, s\u00fcrd\u00fcr\u00fclebilir bir anla\u015fman\u0131n bu \u015fekliyle m\u00fcmk\u00fcn olmad\u0131\u011f\u0131n\u0131 savundu.<\/p>\n<p>\u201cAB ger\u00e7ekten anla\u015fma istiyor olsayd\u0131 G\u00fcney K\u0131br\u0131s\u2019a silah g\u00f6ndermezdi. Anla\u015fma isteyen biri bu kadar silaha para yat\u0131rmaz\u201d ifadelerini kullanan \u00d6zt\u00fcrkler, \u201cG\u00fcney K\u0131br\u0131s\u2019a gelip racon kesiyorlar. Biri size vurursa yan\u0131nday\u0131z diyorlar. Peki Rusya Ukrayna\u2019ya vurdu\u011funda Fransa veya Avrupa ne yapt\u0131?\u201d dedi.<\/p>\n<p>\u00d6zt\u00fcrkler, G\u00fcney K\u0131br\u0131s ve Avrupa Birli\u011fi\u2019nin tutumunu ele\u015ftirerek, b\u00f6lgede gerilimi art\u0131ran ad\u0131mlar at\u0131ld\u0131\u011f\u0131n\u0131, Avrupa Birli\u011fi ve Birle\u015fmi\u015f Milletler\u2019in bu ad\u0131mlarla sorgulan\u0131r hale geldi\u011fini belirtti.<\/p>\n<p>Adada iki devletin varl\u0131\u011f\u0131n\u0131n a\u00e7\u0131k oldu\u011funu vurgulayan \u00d6zt\u00fcrkler, \u201cBu adada iki devlet ortadad\u0131r: G\u00fcney K\u0131br\u0131s ve Kuzey K\u0131br\u0131s T\u00fcrk Cumhuriyeti. Hristodulidis g\u00f6z g\u00f6re g\u00f6re yalan s\u00f6yl\u00fcyor\u201d ifadelerini kulland\u0131.<\/p>\n<p>KKTC\u2019nin m\u00fczakere s\u00fcrecini destekledi\u011fini belirten \u00d6zt\u00fcrkler, bunun temelinde adada iki devletin varl\u0131\u011f\u0131n\u0131n kabul edilmesi ve haks\u0131z izolasyonlar\u0131n kald\u0131r\u0131lmas\u0131 gerekti\u011fini ifade etti.<\/p>\n<p>Rum taraf\u0131n\u0131n KKTC\u2019ye ait de\u011ferleri AB\u2019ye kendi mal\u0131 gibi g\u00f6stermesini ve K\u0131br\u0131s\u2019ta i\u015fgal varm\u0131\u015f gibi sunmas\u0131n\u0131 sert s\u00f6zlerle ele\u015ftiren \u00d6zt\u00fcrkler, bu yakla\u015f\u0131m\u0131n halk\u0131n iradesini yok sayd\u0131\u011f\u0131n\u0131 ve \u00e7\u00f6z\u00fcm s\u00fcrecini baltalad\u0131\u011f\u0131n\u0131 s\u00f6yledi.<\/p>\n<p>Rum y\u00f6netiminin Yunanistan ve \u0130srail\u2019den ald\u0131\u011f\u0131 tanklar\u0131n ise halk\u0131na huzur de\u011fil, tedirginlik getirdi\u011fini belirten \u00d6zt\u00fcrkler, T\u00fcrk askeri kar\u015f\u0131s\u0131nda bu giri\u015fimlerin berhava olaca\u011f\u0131n\u0131, savunma i\u00e7in gereksiz taarruz i\u00e7in ise \u00e7\u0131lg\u0131nl\u0131k oldu\u011funu dile getirdi.<\/p>\n<p>\u00d6zt\u00fcrkler, Rum taraf\u0131n\u0131n \u201cK\u0131br\u0131s Cumhuriyeti\u201d ad\u0131 alt\u0131nda yapt\u0131\u011f\u0131 tek yanl\u0131 anla\u015fmalar\u0131n KKTC s\u0131n\u0131r\u0131na kadar ge\u00e7erli oldu\u011funu, T\u00fcrk topra\u011f\u0131 \u00fczerinde herhangi bir sald\u0131r\u0131 giri\u015fiminin halk\u0131n iradesinden d\u00f6nece\u011fini vurgulad\u0131.<\/p>\n<p>KKTC\u2019nin d\u00f6rt bir yan\u0131nda dalgalanan bayraklar\u0131n egemenli\u011fin simgesi oldu\u011funu hat\u0131rlatan \u00d6zt\u00fcrkler, F-16 sava\u015f u\u00e7aklar\u0131n\u0131n Lefko\u015fa semalar\u0131nda kartal gibi s\u00fcz\u00fclerek s\u0131n\u0131rlar\u0131 korudu\u011funu, bu g\u00f6r\u00fcnt\u00fcn\u00fcn halk\u0131 gururland\u0131rd\u0131\u011f\u0131n\u0131 ve adan\u0131n kuzeyinin ger\u00e7ek sahiplerini ortaya koydu\u011funu belirtti.<\/p>\n<p>Fransa ile yap\u0131lan askeri anla\u015fmalara da tepki g\u00f6steren \u00d6zt\u00fcrkler, K\u0131br\u0131s\u2019ta g\u00fcvenli\u011fi Frans\u0131z askerlerinin de\u011fil, Anavatan T\u00fcrkiye\u2019nin garant\u00f6rl\u00fc\u011f\u00fcn\u00fcn sa\u011flad\u0131\u011f\u0131n\u0131 s\u00f6yledi.<\/p>\n<p>Avrupa \u00fclkeleri ve \u0130srail\u2019in politikalar\u0131n\u0131 \u201cs\u00f6m\u00fcrgeci\u201d olarak nitelendiren \u00d6zt\u00fcrkler, silahlanma yar\u0131\u015f\u0131na dikkat \u00e7ekti. \u201cMilli gelirlerini s\u00f6m\u00fcrgeci Avrupa ve \u0130srail\u2019e aktarmaktan ba\u015fka bir \u015fey de\u011fildir. Silahlanma derdindeler, d\u0131\u015f g\u00fc\u00e7lerin adada h\u00e2kimiyet kurma giri\u015fimleri sonu\u00e7suz kalacakt\u0131r\u201d dedi.<\/p>\n<p>Fransa ve \u0130srail\u2019in ge\u00e7mi\u015fine at\u0131fta bulunan \u00d6zt\u00fcrkler, T\u00fcrkiye\u2019nin tarihsel rol\u00fcn\u00fc de hat\u0131rlatarak, G\u00fcney K\u0131br\u0131s lideri Nikos Hristodulidis\u2019i hedef ald\u0131. \u201cHristodulidis kendi a\u015fan boyundan b\u00fcy\u00fck i\u015flerle u\u011fra\u015fmaya devam ediyor. Sonu iyi olmayacakt\u0131r, g\u00fcn\u00fc geldi\u011finde egemenli\u011fini satan, milli gelirlerini silahlanmaya harcayan bir lider olarak an\u0131lacakt\u0131r\u201d diye konu\u015ftu.<\/p>\n<p>\u00d6zt\u00fcrkler, Fransa\u2019n\u0131n askeri varl\u0131\u011f\u0131n\u0131n dengeleri de\u011fi\u015ftiremeyece\u011fini dile getirerek, \u201c\u0130stedikleri kadar anla\u015fma yaps\u0131nlar, bu ger\u00e7ek de\u011fi\u015fmeyecek\u201d s\u00f6zleriyle T\u00fcrkiye\u2019nin cayd\u0131r\u0131c\u0131 g\u00fcc\u00fcn\u00fcn ve KKTC\u2019nin iradesinin tart\u0131\u015f\u0131lmaz oldu\u011funu ortaya koydu.<\/p>\n<p>G\u00fcney\u2019de ELAM\u2019\u0131n \u00fc\u00e7\u00fcnc\u00fc parti konumuna y\u00fckselmesine de de\u011finen \u00d6zt\u00fcrkler, bunun Rum taraf\u0131nda radikal milliyet\u00e7ili\u011fin ve T\u00fcrk kar\u015f\u0131t\u0131 s\u00f6ylemlerin g\u00fc\u00e7 kazand\u0131\u011f\u0131n\u0131 g\u00f6sterdi\u011fini, bu e\u011filimin \u00e7\u00f6z\u00fcm iradesini zay\u0131flatt\u0131\u011f\u0131n\u0131 ve adada kutupla\u015fmay\u0131 art\u0131rd\u0131\u011f\u0131n\u0131 kaydetti.<\/p>\n<p>Cumhuriyet Meclisi Ba\u015fkan\u0131 Ziya \u00d6zt\u00fcrkler, \u00f6\u011frencilerden \u00f6\u011fretmenlere, sivil toplum \u00f6rg\u00fctlerinden gen\u00e7lere kadar toplumun farkl\u0131 kesimlerinin fikirlerini payla\u015fmak \u00fczere Meclis\u2019in kap\u0131lar\u0131n\u0131 aralamas\u0131n\u0131n b\u00fcy\u00fck bir gurur kayna\u011f\u0131 oldu\u011funu belirtti.<\/p>\n<p>\u00d6zt\u00fcrkler, Meclis\u2019in yaln\u0131zca kararlar\u0131n al\u0131nd\u0131\u011f\u0131 bir kurum olmad\u0131\u011f\u0131n\u0131 belirterek, toplumun farkl\u0131 kesimlerinin bir araya gelerek ortak de\u011ferler etraf\u0131nda bulu\u015ftu\u011fu ve d\u00fc\u015f\u00fcncelerini \u00f6zg\u00fcrce ifade etti\u011fi canl\u0131 bir mek\u00e2n olmas\u0131 gerekti\u011fini ifade etti.<\/p>\n<p>Bu yakla\u015f\u0131m\u0131n siyaseti daha yak\u0131ndan tan\u0131ma f\u0131rsat\u0131 sundu\u011funu, ayn\u0131 zamanda demokratik k\u00fclt\u00fcr\u00fc ve toplumsal birlikteli\u011fi g\u00fc\u00e7lendirdi\u011fini vurgulad\u0131. Kat\u0131l\u0131mc\u0131lar\u0131n katk\u0131s\u0131yla Meclis\u2019in ruhunun zenginle\u015fti\u011fini dile getiren \u00d6zt\u00fcrkler, hep birlikte ortak de\u011ferleri ya\u015fatmaya ve gelece\u011fi daha g\u00fc\u00e7l\u00fc k\u0131lmaya devam edeceklerini s\u00f6yledi.<\/p>\n","protected":false},"excerpt":{"rendered":"<p>Cumhuriyet Meclisi Ba\u015fkan\u0131 Ziya \u00d6zt\u00fcrkler, BRT\u2019de yay\u0131nlanan G\u00fcndem Art\u0131 program\u0131nda Aziz Kararaziz\u2019in sorular\u0131n\u0131 yan\u0131tlayarak g\u00fcndeme ili\u015fkin \u00f6nemli a\u00e7\u0131klamalarda bulundu. \u00d6zt\u00fcrkler, AB\u2019nin \u00e7\u00f6z\u00fcm \u00e7a\u011fr\u0131s\u0131 yaparken T\u00fcrk taraf\u0131yla g\u00f6r\u00fc\u015fmekten ka\u00e7\u0131nmas\u0131n\u0131n a\u00e7\u0131k bir \u00e7eli\u015fki oldu\u011funu vurgulad\u0131. Federasyon tart\u0131\u015fmalar\u0131na da de\u011finen \u00d6zt\u00fcrkler, s\u00fcrd\u00fcr\u00fclebilir bir anla\u015fman\u0131n bu \u015fekliyle m\u00fcmk\u00fcn olmad\u0131\u011f\u0131n\u0131 savundu. \u201cAB ger\u00e7ekten anla\u015fma istiyor olsayd\u0131 G\u00fcney K\u0131br\u0131s\u2019a silah g\u00f6ndermezdi. [&hellip;]<\/p>\n","protected":false},"author":1,"featured_media":36859,"comment_status":"open","ping_status":"open","sticky":false,"template":"","format":"standard","meta":{"jnews-multi-image_gallery":[],"jnews_single_post":[],"jnews_primary_category":[],"footnotes":""},"categories":[1],"tags":[],"class_list":["post-36858","post","type-post","status-publish","format-standard","has-post-thumbnail","hentry","category-kibris"],"yoast_head":"<!-- This site is optimized with the Yoast SEO plugin v27.5 - https:\/\/yoast.com\/product\/yoast-seo-wordpress\/ -->\n<title>\u00d6zt\u00fcrkler: F-16\u2019lar buran\u0131n ger\u00e7ek sahiplerinin K\u0131br\u0131sl\u0131 T\u00fcrkler oldu\u011funu g\u00f6sterdi - Haber Kuzey<\/title>\n<meta name=\"robots\" content=\"index, follow, max-snippet:-1, max-image-preview:large, max-video-preview:-1\" \/>\n<link rel=\"canonical\" href=\"https:\/\/haberkuzey.com\/index.php\/2026\/04\/30\/ozturkler-f-16lar-buranin-gercek-sahiplerinin-kibrisli-turkler-oldugunu-gosterdi\/\" \/>\n<meta property=\"og:locale\" content=\"tr_TR\" \/>\n<meta property=\"og:type\" content=\"article\" \/>\n<meta property=\"og:title\" content=\"\u00d6zt\u00fcrkler: F-16\u2019lar buran\u0131n ger\u00e7ek sahiplerinin K\u0131br\u0131sl\u0131 T\u00fcrkler oldu\u011funu g\u00f6sterdi - Haber Kuzey\" \/>\n<meta property=\"og:description\" content=\"Cumhuriyet Meclisi Ba\u015fkan\u0131 Ziya \u00d6zt\u00fcrkler, BRT\u2019de yay\u0131nlanan G\u00fcndem Art\u0131 program\u0131nda Aziz Kararaziz\u2019in sorular\u0131n\u0131 yan\u0131tlayarak g\u00fcndeme ili\u015fkin \u00f6nemli a\u00e7\u0131klamalarda bulundu. \u00d6zt\u00fcrkler, AB\u2019nin \u00e7\u00f6z\u00fcm \u00e7a\u011fr\u0131s\u0131 yaparken T\u00fcrk taraf\u0131yla g\u00f6r\u00fc\u015fmekten ka\u00e7\u0131nmas\u0131n\u0131n a\u00e7\u0131k bir \u00e7eli\u015fki oldu\u011funu vurgulad\u0131. Federasyon tart\u0131\u015fmalar\u0131na da de\u011finen \u00d6zt\u00fcrkler, s\u00fcrd\u00fcr\u00fclebilir bir anla\u015fman\u0131n bu \u015fekliyle m\u00fcmk\u00fcn olmad\u0131\u011f\u0131n\u0131 savundu. \u201cAB ger\u00e7ekten anla\u015fma istiyor olsayd\u0131 G\u00fcney K\u0131br\u0131s\u2019a silah g\u00f6ndermezdi. [&hellip;]\" \/>\n<meta property=\"og:url\" content=\"https:\/\/haberkuzey.com\/index.php\/2026\/04\/30\/ozturkler-f-16lar-buranin-gercek-sahiplerinin-kibrisli-turkler-oldugunu-gosterdi\/\" \/>\n<meta property=\"og:site_name\" content=\"Haber Kuzey\" \/>\n<meta property=\"article:published_time\" content=\"2026-04-30T07:15:47+00:00\" \/>\n<meta property=\"article:modified_time\" content=\"2026-04-30T07:15:57+00:00\" \/>\n<meta property=\"og:image\" content=\"https:\/\/haberkuzey.com\/wp-content\/uploads\/2026\/04\/1777533356_Yeni-Proje-36.jpg\" \/>\n\t<meta property=\"og:image:width\" content=\"971\" \/>\n\t<meta property=\"og:image:height\" content=\"551\" \/>\n\t<meta property=\"og:image:type\" content=\"image\/jpeg\" \/>\n<meta name=\"author\" content=\"haberkuzey\" \/>\n<meta name=\"twitter:card\" content=\"summary_large_image\" \/>\n<meta name=\"twitter:label1\" content=\"Yazan:\" \/>\n\t<meta name=\"twitter:data1\" content=\"haberkuzey\" \/>\n\t<meta name=\"twitter:label2\" content=\"Tahmini okuma s\u00fcresi\" \/>\n\t<meta name=\"twitter:data2\" content=\"4 dakika\" \/>\n<script type=\"application\/ld+json\" class=\"yoast-schema-graph\">{\"@context\":\"https:\\\/\\\/schema.org\",\"@graph\":[{\"@type\":\"Article\",\"@id\":\"https:\\\/\\\/haberkuzey.com\\\/index.php\\\/2026\\\/04\\\/30\\\/ozturkler-f-16lar-buranin-gercek-sahiplerinin-kibrisli-turkler-oldugunu-gosterdi\\\/#article\",\"isPartOf\":{\"@id\":\"https:\\\/\\\/haberkuzey.com\\\/index.php\\\/2026\\\/04\\\/30\\\/ozturkler-f-16lar-buranin-gercek-sahiplerinin-kibrisli-turkler-oldugunu-gosterdi\\\/\"},\"author\":{\"name\":\"haberkuzey\",\"@id\":\"https:\\\/\\\/haberkuzey.com\\\/#\\\/schema\\\/person\\\/3372109ec735f9333f4fa47ebb9605ca\"},\"headline\":\"\u00d6zt\u00fcrkler: F-16\u2019lar buran\u0131n ger\u00e7ek sahiplerinin K\u0131br\u0131sl\u0131 T\u00fcrkler oldu\u011funu g\u00f6sterdi\",\"datePublished\":\"2026-04-30T07:15:47+00:00\",\"dateModified\":\"2026-04-30T07:15:57+00:00\",\"mainEntityOfPage\":{\"@id\":\"https:\\\/\\\/haberkuzey.com\\\/index.php\\\/2026\\\/04\\\/30\\\/ozturkler-f-16lar-buranin-gercek-sahiplerinin-kibrisli-turkler-oldugunu-gosterdi\\\/\"},\"wordCount\":903,\"commentCount\":0,\"image\":{\"@id\":\"https:\\\/\\\/haberkuzey.com\\\/index.php\\\/2026\\\/04\\\/30\\\/ozturkler-f-16lar-buranin-gercek-sahiplerinin-kibrisli-turkler-oldugunu-gosterdi\\\/#primaryimage\"},\"thumbnailUrl\":\"https:\\\/\\\/haberkuzey.com\\\/wp-content\\\/uploads\\\/2026\\\/04\\\/1777533356_Yeni-Proje-36.jpg\",\"articleSection\":[\"K\u0131br\u0131s\"],\"inLanguage\":\"tr\",\"potentialAction\":[{\"@type\":\"CommentAction\",\"name\":\"Comment\",\"target\":[\"https:\\\/\\\/haberkuzey.com\\\/index.php\\\/2026\\\/04\\\/30\\\/ozturkler-f-16lar-buranin-gercek-sahiplerinin-kibrisli-turkler-oldugunu-gosterdi\\\/#respond\"]}]},{\"@type\":\"WebPage\",\"@id\":\"https:\\\/\\\/haberkuzey.com\\\/index.php\\\/2026\\\/04\\\/30\\\/ozturkler-f-16lar-buranin-gercek-sahiplerinin-kibrisli-turkler-oldugunu-gosterdi\\\/\",\"url\":\"https:\\\/\\\/haberkuzey.com\\\/index.php\\\/2026\\\/04\\\/30\\\/ozturkler-f-16lar-buranin-gercek-sahiplerinin-kibrisli-turkler-oldugunu-gosterdi\\\/\",\"name\":\"\u00d6zt\u00fcrkler: F-16\u2019lar buran\u0131n ger\u00e7ek sahiplerinin K\u0131br\u0131sl\u0131 T\u00fcrkler oldu\u011funu g\u00f6sterdi - Haber Kuzey\",\"isPartOf\":{\"@id\":\"https:\\\/\\\/haberkuzey.com\\\/#website\"},\"primaryImageOfPage\":{\"@id\":\"https:\\\/\\\/haberkuzey.com\\\/index.php\\\/2026\\\/04\\\/30\\\/ozturkler-f-16lar-buranin-gercek-sahiplerinin-kibrisli-turkler-oldugunu-gosterdi\\\/#primaryimage\"},\"image\":{\"@id\":\"https:\\\/\\\/haberkuzey.com\\\/index.php\\\/2026\\\/04\\\/30\\\/ozturkler-f-16lar-buranin-gercek-sahiplerinin-kibrisli-turkler-oldugunu-gosterdi\\\/#primaryimage\"},\"thumbnailUrl\":\"https:\\\/\\\/haberkuzey.com\\\/wp-content\\\/uploads\\\/2026\\\/04\\\/1777533356_Yeni-Proje-36.jpg\",\"datePublished\":\"2026-04-30T07:15:47+00:00\",\"dateModified\":\"2026-04-30T07:15:57+00:00\",\"author\":{\"@id\":\"https:\\\/\\\/haberkuzey.com\\\/#\\\/schema\\\/person\\\/3372109ec735f9333f4fa47ebb9605ca\"},\"breadcrumb\":{\"@id\":\"https:\\\/\\\/haberkuzey.com\\\/index.php\\\/2026\\\/04\\\/30\\\/ozturkler-f-16lar-buranin-gercek-sahiplerinin-kibrisli-turkler-oldugunu-gosterdi\\\/#breadcrumb\"},\"inLanguage\":\"tr\",\"potentialAction\":[{\"@type\":\"ReadAction\",\"target\":[\"https:\\\/\\\/haberkuzey.com\\\/index.php\\\/2026\\\/04\\\/30\\\/ozturkler-f-16lar-buranin-gercek-sahiplerinin-kibrisli-turkler-oldugunu-gosterdi\\\/\"]}]},{\"@type\":\"ImageObject\",\"inLanguage\":\"tr\",\"@id\":\"https:\\\/\\\/haberkuzey.com\\\/index.php\\\/2026\\\/04\\\/30\\\/ozturkler-f-16lar-buranin-gercek-sahiplerinin-kibrisli-turkler-oldugunu-gosterdi\\\/#primaryimage\",\"url\":\"https:\\\/\\\/haberkuzey.com\\\/wp-content\\\/uploads\\\/2026\\\/04\\\/1777533356_Yeni-Proje-36.jpg\",\"contentUrl\":\"https:\\\/\\\/haberkuzey.com\\\/wp-content\\\/uploads\\\/2026\\\/04\\\/1777533356_Yeni-Proje-36.jpg\",\"width\":971,\"height\":551},{\"@type\":\"BreadcrumbList\",\"@id\":\"https:\\\/\\\/haberkuzey.com\\\/index.php\\\/2026\\\/04\\\/30\\\/ozturkler-f-16lar-buranin-gercek-sahiplerinin-kibrisli-turkler-oldugunu-gosterdi\\\/#breadcrumb\",\"itemListElement\":[{\"@type\":\"ListItem\",\"position\":1,\"name\":\"Anasayfa\",\"item\":\"https:\\\/\\\/haberkuzey.com\\\/\"},{\"@type\":\"ListItem\",\"position\":2,\"name\":\"\u00d6zt\u00fcrkler: F-16\u2019lar buran\u0131n ger\u00e7ek sahiplerinin K\u0131br\u0131sl\u0131 T\u00fcrkler oldu\u011funu g\u00f6sterdi\"}]},{\"@type\":\"WebSite\",\"@id\":\"https:\\\/\\\/haberkuzey.com\\\/#website\",\"url\":\"https:\\\/\\\/haberkuzey.com\\\/\",\"name\":\"Haber Kuzey\",\"description\":\"Do\u011fru Haberin Adresi\",\"potentialAction\":[{\"@type\":\"SearchAction\",\"target\":{\"@type\":\"EntryPoint\",\"urlTemplate\":\"https:\\\/\\\/haberkuzey.com\\\/?s={search_term_string}\"},\"query-input\":{\"@type\":\"PropertyValueSpecification\",\"valueRequired\":true,\"valueName\":\"search_term_string\"}}],\"inLanguage\":\"tr\"},{\"@type\":\"Person\",\"@id\":\"https:\\\/\\\/haberkuzey.com\\\/#\\\/schema\\\/person\\\/3372109ec735f9333f4fa47ebb9605ca\",\"name\":\"haberkuzey\",\"image\":{\"@type\":\"ImageObject\",\"inLanguage\":\"tr\",\"@id\":\"https:\\\/\\\/secure.gravatar.com\\\/avatar\\\/f5fc875574b1575324358c3b9e6a32b8227aa5b74f3fa22e3cadb63e26fcc39c?s=96&d=mm&r=g\",\"url\":\"https:\\\/\\\/secure.gravatar.com\\\/avatar\\\/f5fc875574b1575324358c3b9e6a32b8227aa5b74f3fa22e3cadb63e26fcc39c?s=96&d=mm&r=g\",\"contentUrl\":\"https:\\\/\\\/secure.gravatar.com\\\/avatar\\\/f5fc875574b1575324358c3b9e6a32b8227aa5b74f3fa22e3cadb63e26fcc39c?s=96&d=mm&r=g\",\"caption\":\"haberkuzey\"},\"sameAs\":[\"https:\\\/\\\/haberkuzey.com\"],\"url\":\"https:\\\/\\\/haberkuzey.com\\\/index.php\\\/author\\\/haberkuzey\\\/\"}]}<\/script>\n<!-- \/ Yoast SEO plugin. -->","yoast_head_json":{"title":"\u00d6zt\u00fcrkler: F-16\u2019lar buran\u0131n ger\u00e7ek sahiplerinin K\u0131br\u0131sl\u0131 T\u00fcrkler oldu\u011funu g\u00f6sterdi - Haber Kuzey","robots":{"index":"index","follow":"follow","max-snippet":"max-snippet:-1","max-image-preview":"max-image-preview:large","max-video-preview":"max-video-preview:-1"},"canonical":"https:\/\/haberkuzey.com\/index.php\/2026\/04\/30\/ozturkler-f-16lar-buranin-gercek-sahiplerinin-kibrisli-turkler-oldugunu-gosterdi\/","og_locale":"tr_TR","og_type":"article","og_title":"\u00d6zt\u00fcrkler: F-16\u2019lar buran\u0131n ger\u00e7ek sahiplerinin K\u0131br\u0131sl\u0131 T\u00fcrkler oldu\u011funu g\u00f6sterdi - Haber Kuzey","og_description":"Cumhuriyet Meclisi Ba\u015fkan\u0131 Ziya \u00d6zt\u00fcrkler, BRT\u2019de yay\u0131nlanan G\u00fcndem Art\u0131 program\u0131nda Aziz Kararaziz\u2019in sorular\u0131n\u0131 yan\u0131tlayarak g\u00fcndeme ili\u015fkin \u00f6nemli a\u00e7\u0131klamalarda bulundu. \u00d6zt\u00fcrkler, AB\u2019nin \u00e7\u00f6z\u00fcm \u00e7a\u011fr\u0131s\u0131 yaparken T\u00fcrk taraf\u0131yla g\u00f6r\u00fc\u015fmekten ka\u00e7\u0131nmas\u0131n\u0131n a\u00e7\u0131k bir \u00e7eli\u015fki oldu\u011funu vurgulad\u0131. Federasyon tart\u0131\u015fmalar\u0131na da de\u011finen \u00d6zt\u00fcrkler, s\u00fcrd\u00fcr\u00fclebilir bir anla\u015fman\u0131n bu \u015fekliyle m\u00fcmk\u00fcn olmad\u0131\u011f\u0131n\u0131 savundu. \u201cAB ger\u00e7ekten anla\u015fma istiyor olsayd\u0131 G\u00fcney K\u0131br\u0131s\u2019a silah g\u00f6ndermezdi. [&hellip;]","og_url":"https:\/\/haberkuzey.com\/index.php\/2026\/04\/30\/ozturkler-f-16lar-buranin-gercek-sahiplerinin-kibrisli-turkler-oldugunu-gosterdi\/","og_site_name":"Haber Kuzey","article_published_time":"2026-04-30T07:15:47+00:00","article_modified_time":"2026-04-30T07:15:57+00:00","og_image":[{"width":971,"height":551,"url":"https:\/\/haberkuzey.com\/wp-content\/uploads\/2026\/04\/1777533356_Yeni-Proje-36.jpg","type":"image\/jpeg"}],"author":"haberkuzey","twitter_card":"summary_large_image","twitter_misc":{"Yazan:":"haberkuzey","Tahmini okuma s\u00fcresi":"4 dakika"},"schema":{"@context":"https:\/\/schema.org","@graph":[{"@type":"Article","@id":"https:\/\/haberkuzey.com\/index.php\/2026\/04\/30\/ozturkler-f-16lar-buranin-gercek-sahiplerinin-kibrisli-turkler-oldugunu-gosterdi\/#article","isPartOf":{"@id":"https:\/\/haberkuzey.com\/index.php\/2026\/04\/30\/ozturkler-f-16lar-buranin-gercek-sahiplerinin-kibrisli-turkler-oldugunu-gosterdi\/"},"author":{"name":"haberkuzey","@id":"https:\/\/haberkuzey.com\/#\/schema\/person\/3372109ec735f9333f4fa47ebb9605ca"},"headline":"\u00d6zt\u00fcrkler: F-16\u2019lar buran\u0131n ger\u00e7ek sahiplerinin K\u0131br\u0131sl\u0131 T\u00fcrkler oldu\u011funu g\u00f6sterdi","datePublished":"2026-04-30T07:15:47+00:00","dateModified":"2026-04-30T07:15:57+00:00","mainEntityOfPage":{"@id":"https:\/\/haberkuzey.com\/index.php\/2026\/04\/30\/ozturkler-f-16lar-buranin-gercek-sahiplerinin-kibrisli-turkler-oldugunu-gosterdi\/"},"wordCount":903,"commentCount":0,"image":{"@id":"https:\/\/haberkuzey.com\/index.php\/2026\/04\/30\/ozturkler-f-16lar-buranin-gercek-sahiplerinin-kibrisli-turkler-oldugunu-gosterdi\/#primaryimage"},"thumbnailUrl":"https:\/\/haberkuzey.com\/wp-content\/uploads\/2026\/04\/1777533356_Yeni-Proje-36.jpg","articleSection":["K\u0131br\u0131s"],"inLanguage":"tr","potentialAction":[{"@type":"CommentAction","name":"Comment","target":["https:\/\/haberkuzey.com\/index.php\/2026\/04\/30\/ozturkler-f-16lar-buranin-gercek-sahiplerinin-kibrisli-turkler-oldugunu-gosterdi\/#respond"]}]},{"@type":"WebPage","@id":"https:\/\/haberkuzey.com\/index.php\/2026\/04\/30\/ozturkler-f-16lar-buranin-gercek-sahiplerinin-kibrisli-turkler-oldugunu-gosterdi\/","url":"https:\/\/haberkuzey.com\/index.php\/2026\/04\/30\/ozturkler-f-16lar-buranin-gercek-sahiplerinin-kibrisli-turkler-oldugunu-gosterdi\/","name":"\u00d6zt\u00fcrkler: F-16\u2019lar buran\u0131n ger\u00e7ek sahiplerinin K\u0131br\u0131sl\u0131 T\u00fcrkler oldu\u011funu g\u00f6sterdi - Haber Kuzey","isPartOf":{"@id":"https:\/\/haberkuzey.com\/#website"},"primaryImageOfPage":{"@id":"https:\/\/haberkuzey.com\/index.php\/2026\/04\/30\/ozturkler-f-16lar-buranin-gercek-sahiplerinin-kibrisli-turkler-oldugunu-gosterdi\/#primaryimage"},"image":{"@id":"https:\/\/haberkuzey.com\/index.php\/2026\/04\/30\/ozturkler-f-16lar-buranin-gercek-sahiplerinin-kibrisli-turkler-oldugunu-gosterdi\/#primaryimage"},"thumbnailUrl":"https:\/\/haberkuzey.com\/wp-content\/uploads\/2026\/04\/1777533356_Yeni-Proje-36.jpg","datePublished":"2026-04-30T07:15:47+00:00","dateModified":"2026-04-30T07:15:57+00:00","author":{"@id":"https:\/\/haberkuzey.com\/#\/schema\/person\/3372109ec735f9333f4fa47ebb9605ca"},"breadcrumb":{"@id":"https:\/\/haberkuzey.com\/index.php\/2026\/04\/30\/ozturkler-f-16lar-buranin-gercek-sahiplerinin-kibrisli-turkler-oldugunu-gosterdi\/#breadcrumb"},"inLanguage":"tr","potentialAction":[{"@type":"ReadAction","target":["https:\/\/haberkuzey.com\/index.php\/2026\/04\/30\/ozturkler-f-16lar-buranin-gercek-sahiplerinin-kibrisli-turkler-oldugunu-gosterdi\/"]}]},{"@type":"ImageObject","inLanguage":"tr","@id":"https:\/\/haberkuzey.com\/index.php\/2026\/04\/30\/ozturkler-f-16lar-buranin-gercek-sahiplerinin-kibrisli-turkler-oldugunu-gosterdi\/#primaryimage","url":"https:\/\/haberkuzey.com\/wp-content\/uploads\/2026\/04\/1777533356_Yeni-Proje-36.jpg","contentUrl":"https:\/\/haberkuzey.com\/wp-content\/uploads\/2026\/04\/1777533356_Yeni-Proje-36.jpg","width":971,"height":551},{"@type":"BreadcrumbList","@id":"https:\/\/haberkuzey.com\/index.php\/2026\/04\/30\/ozturkler-f-16lar-buranin-gercek-sahiplerinin-kibrisli-turkler-oldugunu-gosterdi\/#breadcrumb","itemListElement":[{"@type":"ListItem","position":1,"name":"Anasayfa","item":"https:\/\/haberkuzey.com\/"},{"@type":"ListItem","position":2,"name":"\u00d6zt\u00fcrkler: F-16\u2019lar buran\u0131n ger\u00e7ek sahiplerinin K\u0131br\u0131sl\u0131 T\u00fcrkler oldu\u011funu g\u00f6sterdi"}]},{"@type":"WebSite","@id":"https:\/\/haberkuzey.com\/#website","url":"https:\/\/haberkuzey.com\/","name":"Haber Kuzey","description":"Do\u011fru Haberin Adresi","potentialAction":[{"@type":"SearchAction","target":{"@type":"EntryPoint","urlTemplate":"https:\/\/haberkuzey.com\/?s={search_term_string}"},"query-input":{"@type":"PropertyValueSpecification","valueRequired":true,"valueName":"search_term_string"}}],"inLanguage":"tr"},{"@type":"Person","@id":"https:\/\/haberkuzey.com\/#\/schema\/person\/3372109ec735f9333f4fa47ebb9605ca","name":"haberkuzey","image":{"@type":"ImageObject","inLanguage":"tr","@id":"https:\/\/secure.gravatar.com\/avatar\/f5fc875574b1575324358c3b9e6a32b8227aa5b74f3fa22e3cadb63e26fcc39c?s=96&d=mm&r=g","url":"https:\/\/secure.gravatar.com\/avatar\/f5fc875574b1575324358c3b9e6a32b8227aa5b74f3fa22e3cadb63e26fcc39c?s=96&d=mm&r=g","contentUrl":"https:\/\/secure.gravatar.com\/avatar\/f5fc875574b1575324358c3b9e6a32b8227aa5b74f3fa22e3cadb63e26fcc39c?s=96&d=mm&r=g","caption":"haberkuzey"},"sameAs":["https:\/\/haberkuzey.com"],"url":"https:\/\/haberkuzey.com\/index.php\/author\/haberkuzey\/"}]}},"_links":{"self":[{"href":"https:\/\/haberkuzey.com\/index.php\/wp-json\/wp\/v2\/posts\/36858","targetHints":{"allow":["GET"]}}],"collection":[{"href":"https:\/\/haberkuzey.com\/index.php\/wp-json\/wp\/v2\/posts"}],"about":[{"href":"https:\/\/haberkuzey.com\/index.php\/wp-json\/wp\/v2\/types\/post"}],"author":[{"embeddable":true,"href":"https:\/\/haberkuzey.com\/index.php\/wp-json\/wp\/v2\/users\/1"}],"replies":[{"embeddable":true,"href":"https:\/\/haberkuzey.com\/index.php\/wp-json\/wp\/v2\/comments?post=36858"}],"version-history":[{"count":1,"href":"https:\/\/haberkuzey.com\/index.php\/wp-json\/wp\/v2\/posts\/36858\/revisions"}],"predecessor-version":[{"id":36860,"href":"https:\/\/haberkuzey.com\/index.php\/wp-json\/wp\/v2\/posts\/36858\/revisions\/36860"}],"wp:featuredmedia":[{"embeddable":true,"href":"https:\/\/haberkuzey.com\/index.php\/wp-json\/wp\/v2\/media\/36859"}],"wp:attachment":[{"href":"https:\/\/haberkuzey.com\/index.php\/wp-json\/wp\/v2\/media?parent=36858"}],"wp:term":[{"taxonomy":"category","embeddable":true,"href":"https:\/\/haberkuzey.com\/index.php\/wp-json\/wp\/v2\/categories?post=36858"},{"taxonomy":"post_tag","embeddable":true,"href":"https:\/\/haberkuzey.com\/index.php\/wp-json\/wp\/v2\/tags?post=36858"}],"curies":[{"name":"wp","href":"https:\/\/api.w.org\/{rel}","templated":true}]}}