{"id":36856,"date":"2026-04-30T09:21:16","date_gmt":"2026-04-30T06:21:16","guid":{"rendered":"https:\/\/haberkuzey.com\/index.php\/2026\/04\/30\/erzurumspor-sampiyonluk-kupasini-aldi\/"},"modified":"2026-04-30T09:21:16","modified_gmt":"2026-04-30T06:21:16","slug":"erzurumspor-sampiyonluk-kupasini-aldi","status":"publish","type":"post","link":"https:\/\/haberkuzey.com\/index.php\/2026\/04\/30\/erzurumspor-sampiyonluk-kupasini-aldi\/","title":{"rendered":"Erzurumspor \u015fampiyonluk kupas\u0131n\u0131 ald\u0131"},"content":{"rendered":"<div>\n<p>&#13;<br \/>\n\tMavi-beyazl\u0131 futbolcu, teknik heyet ve kul\u00fcp y\u00f6neticileri, Erzurum Miting ve Etkinlik Alan\u0131&#8217;nda d\u00fczenlenen kutlamaya \u00fcst\u00fc a\u00e7\u0131k otob\u00fcsle geldi.<\/p>\n<p>&#13;<br \/>\n\tAlan\u0131 dolduran binlerce mavi-beyazl\u0131 taraftar, vin\u00e7lerle alana as\u0131lan &#8220;Bir dada\u015f gibi&#8221; ve &#8220;Nesilden nesile b\u00fcy\u00fcyor sevdan&#8221; pankartlar\u0131yla tak\u0131mlar\u0131n\u0131n \u015fampiyonluk co\u015fkusuna ortak oldu.<\/p>\n<p>&#13;<br \/>\n\tKutlama t\u00f6reninde konu\u015fan T\u00fcrkiye Futbol Federasyonu (TFF) Ba\u015fkan Vekili Mecnun Otyakmaz, Erzurum temsilcisinin \u00f6zellikle ligin ikinci yar\u0131s\u0131nda g\u00f6sterdi\u011fi ba\u015far\u0131ya dikkat \u00e7ekti.<\/p>\n<p><\/p>\n<p>&#13;<br \/>\n\tMavi-beyazl\u0131 tak\u0131m\u0131n \u015fampiyonlu\u011fu hak etti\u011fini belirten Otyakmaz, &#8220;G\u00f6sterilen ba\u015far\u0131l\u0131 performans ile \u015fampiyonlu\u011fu anas\u0131n\u0131n ak s\u00fct\u00fc gibi hak eden sizleri, tak\u0131m\u0131n\u0131z\u0131, malzemecisinden y\u00f6netimine kadar \u00f6zellikle Ahmet Dal ba\u015fkan\u0131m\u0131z\u0131 ayr\u0131 ayr\u0131 tebrik ediyorum. Bu \u015fampiyonlukta eme\u011fi ge\u00e7en onursal ba\u015fkan Mehmet Sekmen&#8217;e, de\u011ferli parti ba\u015fkanlar\u0131na,T\u00fcrk futboluna vermi\u015f olan herkese desteklerden dolay\u0131 \u015f\u00fckranlar\u0131m\u0131 sunuyorum. Bu \u015fampiyonluk hay\u0131rl\u0131 olsun. Bu garda\u015ftan da dada\u015flara selam olsun&#8221; diye konu\u015ftu.<\/p>\n<p><img decoding=\"async\" alt=\"Erzurumspor \u015fampiyonluk kupas\u0131n\u0131 ald\u0131\" src=\"https:\/\/www.trthaber.com\/dosyalar\/images\/aa_picture_20260429_41246405.jpg\"\/><\/p>\n<p>&#13;<br \/>\n\tErzurumspor FK Onursal Ba\u015fkan\u0131 Mehmet Sekmen de \u015fampiyonluk kutlamalar\u0131 nedeniyle heyecanl\u0131 oldu\u011funu ifade ederek, &#8220;Bug\u00fcn burada sadece bir \u015fampiyonlu\u011fu de\u011fil, bir kupan\u0131n etraf\u0131nda de\u011fil, bir \u015fehrin, bir idealin \u00f6n\u00fcnde, \u00f6z\u00fcnde toplanm\u0131\u015f bulunuyoruz. Biz y\u0131lmad\u0131k. Biliyoruz ki bu \u015fehrin ruhunda birlik, beraberlik, ruh, heyecan ve ba\u015far\u0131 var. Bu \u015fehrin ruhunda gayret var. Hep beraber bu \u015fehri tekrar aya\u011fa kald\u0131raca\u011f\u0131z. \u00c7\u00fcnk\u00fc bu \u015fehrin ruhunda \u015fampiyonluk var. T\u00fcrkiye Cumhuriyeti&#8217;ni kuran ruh, ideal, azim var. \u0130n\u015fallah biz bu ruhu, bu ideali yeniden aya\u011fa kald\u0131rmak zorunday\u0131z&#8221; dedi.<\/p>\n<p><img decoding=\"async\" alt=\"Erzurumspor \u015fampiyonluk kupas\u0131n\u0131 ald\u0131\" src=\"https:\/\/www.trthaber.com\/dosyalar\/images\/aa_picture_20260429_41246413.jpg\"\/><\/p>\n<p>&#13;<br \/>\n\tKul\u00fcp ba\u015fkan\u0131 Ahmet Dal ise \u015fampiyonlu\u011fun bir g\u00fcnde kazan\u0131lmad\u0131\u011f\u0131n\u0131 dile getirerek, \u015f\u00f6yle konu\u015ftu:<\/p>\n<p>&#13;<br \/>\n\t&#8220;Bu ba\u015far\u0131 y\u0131llar\u0131n eme\u011fiyle, sabr\u0131yla ve al\u0131n teriyle yo\u011fruldu. Zor zamanlardan ge\u00e7tik. Ele\u015ftirildik, tezah\u00fcratlarla kar\u015f\u0131land\u0131k. Yorulduk, y\u0131prand\u0131k ama bu sevdaya, bu armaya hizmet etmekten hi\u00e7 vazge\u00e7medik. Bu tak\u0131m\u0131 tarihi \u015fampiyonlu\u011fa kavu\u015fturmaya olan inanc\u0131m\u0131zdan asla vazge\u00e7medik. \u00c7\u00fcnk\u00fc biz biliyorduk bu arma pes etmeyi bilmez, bu \u015fehir diz \u00e7\u00f6kmez. Bug\u00fcn geldi\u011fimiz nokta asla tesad\u00fcf de\u011fil. Bu ba\u015far\u0131 hepimizin ve bu daha ba\u015flang\u0131\u00e7. Erzurumspor&#8217;umuzu lay\u0131k oldu\u011fu yerlere ta\u015f\u0131mak i\u00e7in hep beraber ayn\u0131 inan\u00e7la, ayn\u0131 kararl\u0131l\u0131kla \u00e7al\u0131\u015fmaya devam edece\u011fiz. \u00c7\u00fcnk\u00fc biz birlikte g\u00fc\u00e7l\u00fcy\u00fcz.&#8221;<\/p>\n<p><img decoding=\"async\" alt=\"Erzurumspor \u015fampiyonluk kupas\u0131n\u0131 ald\u0131\" src=\"https:\/\/www.trthaber.com\/dosyalar\/images\/aa_picture_20260429_41246418.jpg\"\/><\/p>\n<p>&#13;<br \/>\n\tKonu\u015fmalar\u0131n ard\u0131ndan sahneye tek tek \u00e7a\u011fr\u0131lan teknik heyet ve futbolculara madalyalar\u0131 ve \u015fampiyonluk kupas\u0131 verildi.<\/p>\n<p>&#13;<br \/>\n\tHavai fi\u015fek g\u00f6sterileriyle s\u00fcren kutlamalar, \u015fark\u0131c\u0131 Merve \u00d6zbey konseriyle sona erdi.<\/p>\n<\/p><\/div>\n","protected":false},"excerpt":{"rendered":"<p>&#13; Mavi-beyazl\u0131 futbolcu, teknik heyet ve kul\u00fcp y\u00f6neticileri, Erzurum Miting ve Etkinlik Alan\u0131&#8217;nda d\u00fczenlenen kutlamaya \u00fcst\u00fc a\u00e7\u0131k otob\u00fcsle geldi. &#13; Alan\u0131 dolduran binlerce mavi-beyazl\u0131 taraftar, vin\u00e7lerle alana as\u0131lan &#8220;Bir dada\u015f gibi&#8221; ve &#8220;Nesilden nesile b\u00fcy\u00fcyor sevdan&#8221; pankartlar\u0131yla tak\u0131mlar\u0131n\u0131n \u015fampiyonluk co\u015fkusuna ortak oldu. &#13; Kutlama t\u00f6reninde konu\u015fan T\u00fcrkiye Futbol Federasyonu (TFF) Ba\u015fkan Vekili Mecnun Otyakmaz, Erzurum [&hellip;]<\/p>\n","protected":false},"author":1,"featured_media":36857,"comment_status":"open","ping_status":"open","sticky":false,"template":"","format":"standard","meta":{"jnews-multi-image_gallery":[],"jnews_single_post":[],"jnews_primary_category":[],"footnotes":""},"categories":[4],"tags":[],"class_list":["post-36856","post","type-post","status-publish","format-standard","has-post-thumbnail","hentry","category-spor"],"yoast_head":"<!-- This site is optimized with the Yoast SEO plugin v27.5 - https:\/\/yoast.com\/product\/yoast-seo-wordpress\/ -->\n<title>Erzurumspor \u015fampiyonluk kupas\u0131n\u0131 ald\u0131 - Haber Kuzey<\/title>\n<meta name=\"robots\" content=\"index, follow, max-snippet:-1, max-image-preview:large, max-video-preview:-1\" \/>\n<link rel=\"canonical\" href=\"https:\/\/haberkuzey.com\/index.php\/2026\/04\/30\/erzurumspor-sampiyonluk-kupasini-aldi\/\" \/>\n<meta property=\"og:locale\" content=\"tr_TR\" \/>\n<meta property=\"og:type\" content=\"article\" \/>\n<meta property=\"og:title\" content=\"Erzurumspor \u015fampiyonluk kupas\u0131n\u0131 ald\u0131 - Haber Kuzey\" \/>\n<meta property=\"og:description\" content=\"&#013; Mavi-beyazl\u0131 futbolcu, teknik heyet ve kul\u00fcp y\u00f6neticileri, Erzurum Miting ve Etkinlik Alan\u0131&#8217;nda d\u00fczenlenen kutlamaya \u00fcst\u00fc a\u00e7\u0131k otob\u00fcsle geldi. &#013; Alan\u0131 dolduran binlerce mavi-beyazl\u0131 taraftar, vin\u00e7lerle alana as\u0131lan &#8220;Bir dada\u015f gibi&#8221; ve &#8220;Nesilden nesile b\u00fcy\u00fcyor sevdan&#8221; pankartlar\u0131yla tak\u0131mlar\u0131n\u0131n \u015fampiyonluk co\u015fkusuna ortak oldu. &#013; Kutlama t\u00f6reninde konu\u015fan T\u00fcrkiye Futbol Federasyonu (TFF) Ba\u015fkan Vekili Mecnun Otyakmaz, Erzurum [&hellip;]\" \/>\n<meta property=\"og:url\" content=\"https:\/\/haberkuzey.com\/index.php\/2026\/04\/30\/erzurumspor-sampiyonluk-kupasini-aldi\/\" \/>\n<meta property=\"og:site_name\" content=\"Haber Kuzey\" \/>\n<meta property=\"article:published_time\" content=\"2026-04-30T06:21:16+00:00\" \/>\n<meta property=\"og:image\" content=\"https:\/\/www.trthaber.com\/dosyalar\/images\/aa_picture_20260429_41246396.jpg\" \/>\n<meta name=\"author\" content=\"haberkuzey\" \/>\n<meta name=\"twitter:card\" content=\"summary_large_image\" \/>\n<meta name=\"twitter:label1\" content=\"Yazan:\" \/>\n\t<meta name=\"twitter:data1\" content=\"haberkuzey\" \/>\n\t<meta name=\"twitter:label2\" content=\"Tahmini okuma s\u00fcresi\" \/>\n\t<meta name=\"twitter:data2\" content=\"2 dakika\" \/>\n<script type=\"application\/ld+json\" class=\"yoast-schema-graph\">{\"@context\":\"https:\\\/\\\/schema.org\",\"@graph\":[{\"@type\":\"Article\",\"@id\":\"https:\\\/\\\/haberkuzey.com\\\/index.php\\\/2026\\\/04\\\/30\\\/erzurumspor-sampiyonluk-kupasini-aldi\\\/#article\",\"isPartOf\":{\"@id\":\"https:\\\/\\\/haberkuzey.com\\\/index.php\\\/2026\\\/04\\\/30\\\/erzurumspor-sampiyonluk-kupasini-aldi\\\/\"},\"author\":{\"name\":\"haberkuzey\",\"@id\":\"https:\\\/\\\/haberkuzey.com\\\/#\\\/schema\\\/person\\\/3372109ec735f9333f4fa47ebb9605ca\"},\"headline\":\"Erzurumspor \u015fampiyonluk kupas\u0131n\u0131 ald\u0131\",\"datePublished\":\"2026-04-30T06:21:16+00:00\",\"mainEntityOfPage\":{\"@id\":\"https:\\\/\\\/haberkuzey.com\\\/index.php\\\/2026\\\/04\\\/30\\\/erzurumspor-sampiyonluk-kupasini-aldi\\\/\"},\"wordCount\":463,\"commentCount\":0,\"image\":{\"@id\":\"https:\\\/\\\/haberkuzey.com\\\/index.php\\\/2026\\\/04\\\/30\\\/erzurumspor-sampiyonluk-kupasini-aldi\\\/#primaryimage\"},\"thumbnailUrl\":\"https:\\\/\\\/haberkuzey.com\\\/wp-content\\\/uploads\\\/2026\\\/04\\\/erzurumsporaa-2457354.jpg\",\"articleSection\":[\"Spor\"],\"inLanguage\":\"tr\",\"potentialAction\":[{\"@type\":\"CommentAction\",\"name\":\"Comment\",\"target\":[\"https:\\\/\\\/haberkuzey.com\\\/index.php\\\/2026\\\/04\\\/30\\\/erzurumspor-sampiyonluk-kupasini-aldi\\\/#respond\"]}]},{\"@type\":\"WebPage\",\"@id\":\"https:\\\/\\\/haberkuzey.com\\\/index.php\\\/2026\\\/04\\\/30\\\/erzurumspor-sampiyonluk-kupasini-aldi\\\/\",\"url\":\"https:\\\/\\\/haberkuzey.com\\\/index.php\\\/2026\\\/04\\\/30\\\/erzurumspor-sampiyonluk-kupasini-aldi\\\/\",\"name\":\"Erzurumspor \u015fampiyonluk kupas\u0131n\u0131 ald\u0131 - Haber Kuzey\",\"isPartOf\":{\"@id\":\"https:\\\/\\\/haberkuzey.com\\\/#website\"},\"primaryImageOfPage\":{\"@id\":\"https:\\\/\\\/haberkuzey.com\\\/index.php\\\/2026\\\/04\\\/30\\\/erzurumspor-sampiyonluk-kupasini-aldi\\\/#primaryimage\"},\"image\":{\"@id\":\"https:\\\/\\\/haberkuzey.com\\\/index.php\\\/2026\\\/04\\\/30\\\/erzurumspor-sampiyonluk-kupasini-aldi\\\/#primaryimage\"},\"thumbnailUrl\":\"https:\\\/\\\/haberkuzey.com\\\/wp-content\\\/uploads\\\/2026\\\/04\\\/erzurumsporaa-2457354.jpg\",\"datePublished\":\"2026-04-30T06:21:16+00:00\",\"author\":{\"@id\":\"https:\\\/\\\/haberkuzey.com\\\/#\\\/schema\\\/person\\\/3372109ec735f9333f4fa47ebb9605ca\"},\"breadcrumb\":{\"@id\":\"https:\\\/\\\/haberkuzey.com\\\/index.php\\\/2026\\\/04\\\/30\\\/erzurumspor-sampiyonluk-kupasini-aldi\\\/#breadcrumb\"},\"inLanguage\":\"tr\",\"potentialAction\":[{\"@type\":\"ReadAction\",\"target\":[\"https:\\\/\\\/haberkuzey.com\\\/index.php\\\/2026\\\/04\\\/30\\\/erzurumspor-sampiyonluk-kupasini-aldi\\\/\"]}]},{\"@type\":\"ImageObject\",\"inLanguage\":\"tr\",\"@id\":\"https:\\\/\\\/haberkuzey.com\\\/index.php\\\/2026\\\/04\\\/30\\\/erzurumspor-sampiyonluk-kupasini-aldi\\\/#primaryimage\",\"url\":\"https:\\\/\\\/haberkuzey.com\\\/wp-content\\\/uploads\\\/2026\\\/04\\\/erzurumsporaa-2457354.jpg\",\"contentUrl\":\"https:\\\/\\\/haberkuzey.com\\\/wp-content\\\/uploads\\\/2026\\\/04\\\/erzurumsporaa-2457354.jpg\",\"width\":1280,\"height\":720},{\"@type\":\"BreadcrumbList\",\"@id\":\"https:\\\/\\\/haberkuzey.com\\\/index.php\\\/2026\\\/04\\\/30\\\/erzurumspor-sampiyonluk-kupasini-aldi\\\/#breadcrumb\",\"itemListElement\":[{\"@type\":\"ListItem\",\"position\":1,\"name\":\"Anasayfa\",\"item\":\"https:\\\/\\\/haberkuzey.com\\\/\"},{\"@type\":\"ListItem\",\"position\":2,\"name\":\"Erzurumspor \u015fampiyonluk kupas\u0131n\u0131 ald\u0131\"}]},{\"@type\":\"WebSite\",\"@id\":\"https:\\\/\\\/haberkuzey.com\\\/#website\",\"url\":\"https:\\\/\\\/haberkuzey.com\\\/\",\"name\":\"Haber Kuzey\",\"description\":\"Do\u011fru Haberin Adresi\",\"potentialAction\":[{\"@type\":\"SearchAction\",\"target\":{\"@type\":\"EntryPoint\",\"urlTemplate\":\"https:\\\/\\\/haberkuzey.com\\\/?s={search_term_string}\"},\"query-input\":{\"@type\":\"PropertyValueSpecification\",\"valueRequired\":true,\"valueName\":\"search_term_string\"}}],\"inLanguage\":\"tr\"},{\"@type\":\"Person\",\"@id\":\"https:\\\/\\\/haberkuzey.com\\\/#\\\/schema\\\/person\\\/3372109ec735f9333f4fa47ebb9605ca\",\"name\":\"haberkuzey\",\"image\":{\"@type\":\"ImageObject\",\"inLanguage\":\"tr\",\"@id\":\"https:\\\/\\\/secure.gravatar.com\\\/avatar\\\/f5fc875574b1575324358c3b9e6a32b8227aa5b74f3fa22e3cadb63e26fcc39c?s=96&d=mm&r=g\",\"url\":\"https:\\\/\\\/secure.gravatar.com\\\/avatar\\\/f5fc875574b1575324358c3b9e6a32b8227aa5b74f3fa22e3cadb63e26fcc39c?s=96&d=mm&r=g\",\"contentUrl\":\"https:\\\/\\\/secure.gravatar.com\\\/avatar\\\/f5fc875574b1575324358c3b9e6a32b8227aa5b74f3fa22e3cadb63e26fcc39c?s=96&d=mm&r=g\",\"caption\":\"haberkuzey\"},\"sameAs\":[\"https:\\\/\\\/haberkuzey.com\"],\"url\":\"https:\\\/\\\/haberkuzey.com\\\/index.php\\\/author\\\/haberkuzey\\\/\"}]}<\/script>\n<!-- \/ Yoast SEO plugin. -->","yoast_head_json":{"title":"Erzurumspor \u015fampiyonluk kupas\u0131n\u0131 ald\u0131 - Haber Kuzey","robots":{"index":"index","follow":"follow","max-snippet":"max-snippet:-1","max-image-preview":"max-image-preview:large","max-video-preview":"max-video-preview:-1"},"canonical":"https:\/\/haberkuzey.com\/index.php\/2026\/04\/30\/erzurumspor-sampiyonluk-kupasini-aldi\/","og_locale":"tr_TR","og_type":"article","og_title":"Erzurumspor \u015fampiyonluk kupas\u0131n\u0131 ald\u0131 - Haber Kuzey","og_description":"&#13; Mavi-beyazl\u0131 futbolcu, teknik heyet ve kul\u00fcp y\u00f6neticileri, Erzurum Miting ve Etkinlik Alan\u0131&#8217;nda d\u00fczenlenen kutlamaya \u00fcst\u00fc a\u00e7\u0131k otob\u00fcsle geldi. &#13; Alan\u0131 dolduran binlerce mavi-beyazl\u0131 taraftar, vin\u00e7lerle alana as\u0131lan &#8220;Bir dada\u015f gibi&#8221; ve &#8220;Nesilden nesile b\u00fcy\u00fcyor sevdan&#8221; pankartlar\u0131yla tak\u0131mlar\u0131n\u0131n \u015fampiyonluk co\u015fkusuna ortak oldu. &#13; Kutlama t\u00f6reninde konu\u015fan T\u00fcrkiye Futbol Federasyonu (TFF) Ba\u015fkan Vekili Mecnun Otyakmaz, Erzurum [&hellip;]","og_url":"https:\/\/haberkuzey.com\/index.php\/2026\/04\/30\/erzurumspor-sampiyonluk-kupasini-aldi\/","og_site_name":"Haber Kuzey","article_published_time":"2026-04-30T06:21:16+00:00","og_image":[{"url":"https:\/\/www.trthaber.com\/dosyalar\/images\/aa_picture_20260429_41246396.jpg","type":"","width":"","height":""}],"author":"haberkuzey","twitter_card":"summary_large_image","twitter_misc":{"Yazan:":"haberkuzey","Tahmini okuma s\u00fcresi":"2 dakika"},"schema":{"@context":"https:\/\/schema.org","@graph":[{"@type":"Article","@id":"https:\/\/haberkuzey.com\/index.php\/2026\/04\/30\/erzurumspor-sampiyonluk-kupasini-aldi\/#article","isPartOf":{"@id":"https:\/\/haberkuzey.com\/index.php\/2026\/04\/30\/erzurumspor-sampiyonluk-kupasini-aldi\/"},"author":{"name":"haberkuzey","@id":"https:\/\/haberkuzey.com\/#\/schema\/person\/3372109ec735f9333f4fa47ebb9605ca"},"headline":"Erzurumspor \u015fampiyonluk kupas\u0131n\u0131 ald\u0131","datePublished":"2026-04-30T06:21:16+00:00","mainEntityOfPage":{"@id":"https:\/\/haberkuzey.com\/index.php\/2026\/04\/30\/erzurumspor-sampiyonluk-kupasini-aldi\/"},"wordCount":463,"commentCount":0,"image":{"@id":"https:\/\/haberkuzey.com\/index.php\/2026\/04\/30\/erzurumspor-sampiyonluk-kupasini-aldi\/#primaryimage"},"thumbnailUrl":"https:\/\/haberkuzey.com\/wp-content\/uploads\/2026\/04\/erzurumsporaa-2457354.jpg","articleSection":["Spor"],"inLanguage":"tr","potentialAction":[{"@type":"CommentAction","name":"Comment","target":["https:\/\/haberkuzey.com\/index.php\/2026\/04\/30\/erzurumspor-sampiyonluk-kupasini-aldi\/#respond"]}]},{"@type":"WebPage","@id":"https:\/\/haberkuzey.com\/index.php\/2026\/04\/30\/erzurumspor-sampiyonluk-kupasini-aldi\/","url":"https:\/\/haberkuzey.com\/index.php\/2026\/04\/30\/erzurumspor-sampiyonluk-kupasini-aldi\/","name":"Erzurumspor \u015fampiyonluk kupas\u0131n\u0131 ald\u0131 - Haber Kuzey","isPartOf":{"@id":"https:\/\/haberkuzey.com\/#website"},"primaryImageOfPage":{"@id":"https:\/\/haberkuzey.com\/index.php\/2026\/04\/30\/erzurumspor-sampiyonluk-kupasini-aldi\/#primaryimage"},"image":{"@id":"https:\/\/haberkuzey.com\/index.php\/2026\/04\/30\/erzurumspor-sampiyonluk-kupasini-aldi\/#primaryimage"},"thumbnailUrl":"https:\/\/haberkuzey.com\/wp-content\/uploads\/2026\/04\/erzurumsporaa-2457354.jpg","datePublished":"2026-04-30T06:21:16+00:00","author":{"@id":"https:\/\/haberkuzey.com\/#\/schema\/person\/3372109ec735f9333f4fa47ebb9605ca"},"breadcrumb":{"@id":"https:\/\/haberkuzey.com\/index.php\/2026\/04\/30\/erzurumspor-sampiyonluk-kupasini-aldi\/#breadcrumb"},"inLanguage":"tr","potentialAction":[{"@type":"ReadAction","target":["https:\/\/haberkuzey.com\/index.php\/2026\/04\/30\/erzurumspor-sampiyonluk-kupasini-aldi\/"]}]},{"@type":"ImageObject","inLanguage":"tr","@id":"https:\/\/haberkuzey.com\/index.php\/2026\/04\/30\/erzurumspor-sampiyonluk-kupasini-aldi\/#primaryimage","url":"https:\/\/haberkuzey.com\/wp-content\/uploads\/2026\/04\/erzurumsporaa-2457354.jpg","contentUrl":"https:\/\/haberkuzey.com\/wp-content\/uploads\/2026\/04\/erzurumsporaa-2457354.jpg","width":1280,"height":720},{"@type":"BreadcrumbList","@id":"https:\/\/haberkuzey.com\/index.php\/2026\/04\/30\/erzurumspor-sampiyonluk-kupasini-aldi\/#breadcrumb","itemListElement":[{"@type":"ListItem","position":1,"name":"Anasayfa","item":"https:\/\/haberkuzey.com\/"},{"@type":"ListItem","position":2,"name":"Erzurumspor \u015fampiyonluk kupas\u0131n\u0131 ald\u0131"}]},{"@type":"WebSite","@id":"https:\/\/haberkuzey.com\/#website","url":"https:\/\/haberkuzey.com\/","name":"Haber Kuzey","description":"Do\u011fru Haberin Adresi","potentialAction":[{"@type":"SearchAction","target":{"@type":"EntryPoint","urlTemplate":"https:\/\/haberkuzey.com\/?s={search_term_string}"},"query-input":{"@type":"PropertyValueSpecification","valueRequired":true,"valueName":"search_term_string"}}],"inLanguage":"tr"},{"@type":"Person","@id":"https:\/\/haberkuzey.com\/#\/schema\/person\/3372109ec735f9333f4fa47ebb9605ca","name":"haberkuzey","image":{"@type":"ImageObject","inLanguage":"tr","@id":"https:\/\/secure.gravatar.com\/avatar\/f5fc875574b1575324358c3b9e6a32b8227aa5b74f3fa22e3cadb63e26fcc39c?s=96&d=mm&r=g","url":"https:\/\/secure.gravatar.com\/avatar\/f5fc875574b1575324358c3b9e6a32b8227aa5b74f3fa22e3cadb63e26fcc39c?s=96&d=mm&r=g","contentUrl":"https:\/\/secure.gravatar.com\/avatar\/f5fc875574b1575324358c3b9e6a32b8227aa5b74f3fa22e3cadb63e26fcc39c?s=96&d=mm&r=g","caption":"haberkuzey"},"sameAs":["https:\/\/haberkuzey.com"],"url":"https:\/\/haberkuzey.com\/index.php\/author\/haberkuzey\/"}]}},"_links":{"self":[{"href":"https:\/\/haberkuzey.com\/index.php\/wp-json\/wp\/v2\/posts\/36856","targetHints":{"allow":["GET"]}}],"collection":[{"href":"https:\/\/haberkuzey.com\/index.php\/wp-json\/wp\/v2\/posts"}],"about":[{"href":"https:\/\/haberkuzey.com\/index.php\/wp-json\/wp\/v2\/types\/post"}],"author":[{"embeddable":true,"href":"https:\/\/haberkuzey.com\/index.php\/wp-json\/wp\/v2\/users\/1"}],"replies":[{"embeddable":true,"href":"https:\/\/haberkuzey.com\/index.php\/wp-json\/wp\/v2\/comments?post=36856"}],"version-history":[{"count":0,"href":"https:\/\/haberkuzey.com\/index.php\/wp-json\/wp\/v2\/posts\/36856\/revisions"}],"wp:featuredmedia":[{"embeddable":true,"href":"https:\/\/haberkuzey.com\/index.php\/wp-json\/wp\/v2\/media\/36857"}],"wp:attachment":[{"href":"https:\/\/haberkuzey.com\/index.php\/wp-json\/wp\/v2\/media?parent=36856"}],"wp:term":[{"taxonomy":"category","embeddable":true,"href":"https:\/\/haberkuzey.com\/index.php\/wp-json\/wp\/v2\/categories?post=36856"},{"taxonomy":"post_tag","embeddable":true,"href":"https:\/\/haberkuzey.com\/index.php\/wp-json\/wp\/v2\/tags?post=36856"}],"curies":[{"name":"wp","href":"https:\/\/api.w.org\/{rel}","templated":true}]}}