{"id":36852,"date":"2026-04-30T09:07:55","date_gmt":"2026-04-30T06:07:55","guid":{"rendered":"https:\/\/haberkuzey.com\/index.php\/2026\/04\/30\/bayindirlik-ve-ulastirma-bakani-ariklidan-1-mayis-mesaji\/"},"modified":"2026-04-30T09:08:05","modified_gmt":"2026-04-30T06:08:05","slug":"bayindirlik-ve-ulastirma-bakani-ariklidan-1-mayis-mesaji","status":"publish","type":"post","link":"https:\/\/haberkuzey.com\/index.php\/2026\/04\/30\/bayindirlik-ve-ulastirma-bakani-ariklidan-1-mayis-mesaji\/","title":{"rendered":"Bay\u0131nd\u0131rl\u0131k ve Ula\u015ft\u0131rma Bakan\u0131 Ar\u0131kl\u0131\u2019dan 1 May\u0131s mesaj\u0131"},"content":{"rendered":"<p>Bay\u0131nd\u0131rl\u0131k ve Ula\u015ft\u0131rma Bakan\u0131 Erhan Ar\u0131kl\u0131, 1 May\u0131s \u0130\u015f\u00e7i ve Emek\u00e7iler Bayram\u0131 dolay\u0131s\u0131yla yay\u0131mlad\u0131\u011f\u0131 mesajda, eme\u011fin toplumun temel ta\u015f\u0131 oldu\u011funa vurgu yapt\u0131.<\/p>\n<p>Ar\u0131kl\u0131 mesaj\u0131nda \u015fu ifadelere yer verdi:<\/p>\n<p>\u201c1 May\u0131s, eme\u011fin, al\u0131n terinin ve \u00fcretimin de\u011ferinin bir kez daha hat\u0131rland\u0131\u011f\u0131 anlaml\u0131 bir g\u00fcnd\u00fcr. \u00dclkemizin kalk\u0131nmas\u0131nda ve gelece\u011fe g\u00fcvenle ilerlemesinde en b\u00fcy\u00fck pay, fedak\u00e2rca \u00e7al\u0131\u015fan emek\u00e7ilerimize aittir.<\/p>\n<p>Hedefimiz; \u00e7al\u0131\u015fma hayat\u0131n\u0131 daha adil, daha g\u00fcvenli ve daha e\u015fitlik\u00e7i bir yap\u0131ya kavu\u015fturarak, uluslararas\u0131 standartlara uyumlu bir sistem in\u015fa etmektir. Bu do\u011frultuda, \u00e7al\u0131\u015fanlar\u0131m\u0131z\u0131n haklar\u0131n\u0131 koruyan ve ya\u015fam kalitelerini art\u0131ran politikalar\u0131 kararl\u0131l\u0131kla s\u00fcrd\u00fcrmeye devam ediyoruz. Kad\u0131n\u0131yla erke\u011fiyle, al\u0131n teriyle \u00fclkemize de\u011fer katan, \u00fcreten ve b\u00fcy\u00fcten t\u00fcm emek\u00e7ilerimize te\u015fekk\u00fcr ediyor; 1 May\u0131s \u0130\u015f\u00e7i Bayram\u0131\u2019n\u0131 en i\u00e7ten dileklerimle kutluyorum.\u201d<\/p>\n","protected":false},"excerpt":{"rendered":"<p>Bay\u0131nd\u0131rl\u0131k ve Ula\u015ft\u0131rma Bakan\u0131 Erhan Ar\u0131kl\u0131, 1 May\u0131s \u0130\u015f\u00e7i ve Emek\u00e7iler Bayram\u0131 dolay\u0131s\u0131yla yay\u0131mlad\u0131\u011f\u0131 mesajda, eme\u011fin toplumun temel ta\u015f\u0131 oldu\u011funa vurgu yapt\u0131. Ar\u0131kl\u0131 mesaj\u0131nda \u015fu ifadelere yer verdi: \u201c1 May\u0131s, eme\u011fin, al\u0131n terinin ve \u00fcretimin de\u011ferinin bir kez daha hat\u0131rland\u0131\u011f\u0131 anlaml\u0131 bir g\u00fcnd\u00fcr. \u00dclkemizin kalk\u0131nmas\u0131nda ve gelece\u011fe g\u00fcvenle ilerlemesinde en b\u00fcy\u00fck pay, fedak\u00e2rca \u00e7al\u0131\u015fan emek\u00e7ilerimize [&hellip;]<\/p>\n","protected":false},"author":1,"featured_media":36853,"comment_status":"open","ping_status":"open","sticky":false,"template":"","format":"standard","meta":{"jnews-multi-image_gallery":[],"jnews_single_post":[],"jnews_primary_category":[],"footnotes":""},"categories":[1],"tags":[],"class_list":["post-36852","post","type-post","status-publish","format-standard","has-post-thumbnail","hentry","category-kibris"],"yoast_head":"<!-- This site is optimized with the Yoast SEO plugin v27.5 - https:\/\/yoast.com\/product\/yoast-seo-wordpress\/ -->\n<title>Bay\u0131nd\u0131rl\u0131k ve Ula\u015ft\u0131rma Bakan\u0131 Ar\u0131kl\u0131\u2019dan 1 May\u0131s mesaj\u0131 - Haber Kuzey<\/title>\n<meta name=\"robots\" content=\"index, follow, max-snippet:-1, max-image-preview:large, max-video-preview:-1\" \/>\n<link rel=\"canonical\" href=\"https:\/\/haberkuzey.com\/index.php\/2026\/04\/30\/bayindirlik-ve-ulastirma-bakani-ariklidan-1-mayis-mesaji\/\" \/>\n<meta property=\"og:locale\" content=\"tr_TR\" \/>\n<meta property=\"og:type\" content=\"article\" \/>\n<meta property=\"og:title\" content=\"Bay\u0131nd\u0131rl\u0131k ve Ula\u015ft\u0131rma Bakan\u0131 Ar\u0131kl\u0131\u2019dan 1 May\u0131s mesaj\u0131 - Haber Kuzey\" \/>\n<meta property=\"og:description\" content=\"Bay\u0131nd\u0131rl\u0131k ve Ula\u015ft\u0131rma Bakan\u0131 Erhan Ar\u0131kl\u0131, 1 May\u0131s \u0130\u015f\u00e7i ve Emek\u00e7iler Bayram\u0131 dolay\u0131s\u0131yla yay\u0131mlad\u0131\u011f\u0131 mesajda, eme\u011fin toplumun temel ta\u015f\u0131 oldu\u011funa vurgu yapt\u0131. Ar\u0131kl\u0131 mesaj\u0131nda \u015fu ifadelere yer verdi: \u201c1 May\u0131s, eme\u011fin, al\u0131n terinin ve \u00fcretimin de\u011ferinin bir kez daha hat\u0131rland\u0131\u011f\u0131 anlaml\u0131 bir g\u00fcnd\u00fcr. \u00dclkemizin kalk\u0131nmas\u0131nda ve gelece\u011fe g\u00fcvenle ilerlemesinde en b\u00fcy\u00fck pay, fedak\u00e2rca \u00e7al\u0131\u015fan emek\u00e7ilerimize [&hellip;]\" \/>\n<meta property=\"og:url\" content=\"https:\/\/haberkuzey.com\/index.php\/2026\/04\/30\/bayindirlik-ve-ulastirma-bakani-ariklidan-1-mayis-mesaji\/\" \/>\n<meta property=\"og:site_name\" content=\"Haber Kuzey\" \/>\n<meta property=\"article:published_time\" content=\"2026-04-30T06:07:55+00:00\" \/>\n<meta property=\"article:modified_time\" content=\"2026-04-30T06:08:05+00:00\" \/>\n<meta property=\"og:image\" content=\"https:\/\/haberkuzey.com\/wp-content\/uploads\/2026\/04\/Yeni-Proje-36.jpg\" \/>\n\t<meta property=\"og:image:width\" content=\"971\" \/>\n\t<meta property=\"og:image:height\" content=\"551\" \/>\n\t<meta property=\"og:image:type\" content=\"image\/jpeg\" \/>\n<meta name=\"author\" content=\"haberkuzey\" \/>\n<meta name=\"twitter:card\" content=\"summary_large_image\" \/>\n<meta name=\"twitter:label1\" content=\"Yazan:\" \/>\n\t<meta name=\"twitter:data1\" content=\"haberkuzey\" \/>\n\t<meta name=\"twitter:label2\" content=\"Tahmini okuma s\u00fcresi\" \/>\n\t<meta name=\"twitter:data2\" content=\"1 dakika\" \/>\n<script type=\"application\/ld+json\" class=\"yoast-schema-graph\">{\"@context\":\"https:\\\/\\\/schema.org\",\"@graph\":[{\"@type\":\"Article\",\"@id\":\"https:\\\/\\\/haberkuzey.com\\\/index.php\\\/2026\\\/04\\\/30\\\/bayindirlik-ve-ulastirma-bakani-ariklidan-1-mayis-mesaji\\\/#article\",\"isPartOf\":{\"@id\":\"https:\\\/\\\/haberkuzey.com\\\/index.php\\\/2026\\\/04\\\/30\\\/bayindirlik-ve-ulastirma-bakani-ariklidan-1-mayis-mesaji\\\/\"},\"author\":{\"name\":\"haberkuzey\",\"@id\":\"https:\\\/\\\/haberkuzey.com\\\/#\\\/schema\\\/person\\\/3372109ec735f9333f4fa47ebb9605ca\"},\"headline\":\"Bay\u0131nd\u0131rl\u0131k ve Ula\u015ft\u0131rma Bakan\u0131 Ar\u0131kl\u0131\u2019dan 1 May\u0131s mesaj\u0131\",\"datePublished\":\"2026-04-30T06:07:55+00:00\",\"dateModified\":\"2026-04-30T06:08:05+00:00\",\"mainEntityOfPage\":{\"@id\":\"https:\\\/\\\/haberkuzey.com\\\/index.php\\\/2026\\\/04\\\/30\\\/bayindirlik-ve-ulastirma-bakani-ariklidan-1-mayis-mesaji\\\/\"},\"wordCount\":189,\"commentCount\":0,\"image\":{\"@id\":\"https:\\\/\\\/haberkuzey.com\\\/index.php\\\/2026\\\/04\\\/30\\\/bayindirlik-ve-ulastirma-bakani-ariklidan-1-mayis-mesaji\\\/#primaryimage\"},\"thumbnailUrl\":\"https:\\\/\\\/haberkuzey.com\\\/wp-content\\\/uploads\\\/2026\\\/04\\\/Yeni-Proje-36.jpg\",\"articleSection\":[\"K\u0131br\u0131s\"],\"inLanguage\":\"tr\",\"potentialAction\":[{\"@type\":\"CommentAction\",\"name\":\"Comment\",\"target\":[\"https:\\\/\\\/haberkuzey.com\\\/index.php\\\/2026\\\/04\\\/30\\\/bayindirlik-ve-ulastirma-bakani-ariklidan-1-mayis-mesaji\\\/#respond\"]}]},{\"@type\":\"WebPage\",\"@id\":\"https:\\\/\\\/haberkuzey.com\\\/index.php\\\/2026\\\/04\\\/30\\\/bayindirlik-ve-ulastirma-bakani-ariklidan-1-mayis-mesaji\\\/\",\"url\":\"https:\\\/\\\/haberkuzey.com\\\/index.php\\\/2026\\\/04\\\/30\\\/bayindirlik-ve-ulastirma-bakani-ariklidan-1-mayis-mesaji\\\/\",\"name\":\"Bay\u0131nd\u0131rl\u0131k ve Ula\u015ft\u0131rma Bakan\u0131 Ar\u0131kl\u0131\u2019dan 1 May\u0131s mesaj\u0131 - Haber Kuzey\",\"isPartOf\":{\"@id\":\"https:\\\/\\\/haberkuzey.com\\\/#website\"},\"primaryImageOfPage\":{\"@id\":\"https:\\\/\\\/haberkuzey.com\\\/index.php\\\/2026\\\/04\\\/30\\\/bayindirlik-ve-ulastirma-bakani-ariklidan-1-mayis-mesaji\\\/#primaryimage\"},\"image\":{\"@id\":\"https:\\\/\\\/haberkuzey.com\\\/index.php\\\/2026\\\/04\\\/30\\\/bayindirlik-ve-ulastirma-bakani-ariklidan-1-mayis-mesaji\\\/#primaryimage\"},\"thumbnailUrl\":\"https:\\\/\\\/haberkuzey.com\\\/wp-content\\\/uploads\\\/2026\\\/04\\\/Yeni-Proje-36.jpg\",\"datePublished\":\"2026-04-30T06:07:55+00:00\",\"dateModified\":\"2026-04-30T06:08:05+00:00\",\"author\":{\"@id\":\"https:\\\/\\\/haberkuzey.com\\\/#\\\/schema\\\/person\\\/3372109ec735f9333f4fa47ebb9605ca\"},\"breadcrumb\":{\"@id\":\"https:\\\/\\\/haberkuzey.com\\\/index.php\\\/2026\\\/04\\\/30\\\/bayindirlik-ve-ulastirma-bakani-ariklidan-1-mayis-mesaji\\\/#breadcrumb\"},\"inLanguage\":\"tr\",\"potentialAction\":[{\"@type\":\"ReadAction\",\"target\":[\"https:\\\/\\\/haberkuzey.com\\\/index.php\\\/2026\\\/04\\\/30\\\/bayindirlik-ve-ulastirma-bakani-ariklidan-1-mayis-mesaji\\\/\"]}]},{\"@type\":\"ImageObject\",\"inLanguage\":\"tr\",\"@id\":\"https:\\\/\\\/haberkuzey.com\\\/index.php\\\/2026\\\/04\\\/30\\\/bayindirlik-ve-ulastirma-bakani-ariklidan-1-mayis-mesaji\\\/#primaryimage\",\"url\":\"https:\\\/\\\/haberkuzey.com\\\/wp-content\\\/uploads\\\/2026\\\/04\\\/Yeni-Proje-36.jpg\",\"contentUrl\":\"https:\\\/\\\/haberkuzey.com\\\/wp-content\\\/uploads\\\/2026\\\/04\\\/Yeni-Proje-36.jpg\",\"width\":971,\"height\":551},{\"@type\":\"BreadcrumbList\",\"@id\":\"https:\\\/\\\/haberkuzey.com\\\/index.php\\\/2026\\\/04\\\/30\\\/bayindirlik-ve-ulastirma-bakani-ariklidan-1-mayis-mesaji\\\/#breadcrumb\",\"itemListElement\":[{\"@type\":\"ListItem\",\"position\":1,\"name\":\"Anasayfa\",\"item\":\"https:\\\/\\\/haberkuzey.com\\\/\"},{\"@type\":\"ListItem\",\"position\":2,\"name\":\"Bay\u0131nd\u0131rl\u0131k ve Ula\u015ft\u0131rma Bakan\u0131 Ar\u0131kl\u0131\u2019dan 1 May\u0131s mesaj\u0131\"}]},{\"@type\":\"WebSite\",\"@id\":\"https:\\\/\\\/haberkuzey.com\\\/#website\",\"url\":\"https:\\\/\\\/haberkuzey.com\\\/\",\"name\":\"Haber Kuzey\",\"description\":\"Do\u011fru Haberin Adresi\",\"potentialAction\":[{\"@type\":\"SearchAction\",\"target\":{\"@type\":\"EntryPoint\",\"urlTemplate\":\"https:\\\/\\\/haberkuzey.com\\\/?s={search_term_string}\"},\"query-input\":{\"@type\":\"PropertyValueSpecification\",\"valueRequired\":true,\"valueName\":\"search_term_string\"}}],\"inLanguage\":\"tr\"},{\"@type\":\"Person\",\"@id\":\"https:\\\/\\\/haberkuzey.com\\\/#\\\/schema\\\/person\\\/3372109ec735f9333f4fa47ebb9605ca\",\"name\":\"haberkuzey\",\"image\":{\"@type\":\"ImageObject\",\"inLanguage\":\"tr\",\"@id\":\"https:\\\/\\\/secure.gravatar.com\\\/avatar\\\/f5fc875574b1575324358c3b9e6a32b8227aa5b74f3fa22e3cadb63e26fcc39c?s=96&d=mm&r=g\",\"url\":\"https:\\\/\\\/secure.gravatar.com\\\/avatar\\\/f5fc875574b1575324358c3b9e6a32b8227aa5b74f3fa22e3cadb63e26fcc39c?s=96&d=mm&r=g\",\"contentUrl\":\"https:\\\/\\\/secure.gravatar.com\\\/avatar\\\/f5fc875574b1575324358c3b9e6a32b8227aa5b74f3fa22e3cadb63e26fcc39c?s=96&d=mm&r=g\",\"caption\":\"haberkuzey\"},\"sameAs\":[\"https:\\\/\\\/haberkuzey.com\"],\"url\":\"https:\\\/\\\/haberkuzey.com\\\/index.php\\\/author\\\/haberkuzey\\\/\"}]}<\/script>\n<!-- \/ Yoast SEO plugin. -->","yoast_head_json":{"title":"Bay\u0131nd\u0131rl\u0131k ve Ula\u015ft\u0131rma Bakan\u0131 Ar\u0131kl\u0131\u2019dan 1 May\u0131s mesaj\u0131 - Haber Kuzey","robots":{"index":"index","follow":"follow","max-snippet":"max-snippet:-1","max-image-preview":"max-image-preview:large","max-video-preview":"max-video-preview:-1"},"canonical":"https:\/\/haberkuzey.com\/index.php\/2026\/04\/30\/bayindirlik-ve-ulastirma-bakani-ariklidan-1-mayis-mesaji\/","og_locale":"tr_TR","og_type":"article","og_title":"Bay\u0131nd\u0131rl\u0131k ve Ula\u015ft\u0131rma Bakan\u0131 Ar\u0131kl\u0131\u2019dan 1 May\u0131s mesaj\u0131 - Haber Kuzey","og_description":"Bay\u0131nd\u0131rl\u0131k ve Ula\u015ft\u0131rma Bakan\u0131 Erhan Ar\u0131kl\u0131, 1 May\u0131s \u0130\u015f\u00e7i ve Emek\u00e7iler Bayram\u0131 dolay\u0131s\u0131yla yay\u0131mlad\u0131\u011f\u0131 mesajda, eme\u011fin toplumun temel ta\u015f\u0131 oldu\u011funa vurgu yapt\u0131. Ar\u0131kl\u0131 mesaj\u0131nda \u015fu ifadelere yer verdi: \u201c1 May\u0131s, eme\u011fin, al\u0131n terinin ve \u00fcretimin de\u011ferinin bir kez daha hat\u0131rland\u0131\u011f\u0131 anlaml\u0131 bir g\u00fcnd\u00fcr. \u00dclkemizin kalk\u0131nmas\u0131nda ve gelece\u011fe g\u00fcvenle ilerlemesinde en b\u00fcy\u00fck pay, fedak\u00e2rca \u00e7al\u0131\u015fan emek\u00e7ilerimize [&hellip;]","og_url":"https:\/\/haberkuzey.com\/index.php\/2026\/04\/30\/bayindirlik-ve-ulastirma-bakani-ariklidan-1-mayis-mesaji\/","og_site_name":"Haber Kuzey","article_published_time":"2026-04-30T06:07:55+00:00","article_modified_time":"2026-04-30T06:08:05+00:00","og_image":[{"width":971,"height":551,"url":"https:\/\/haberkuzey.com\/wp-content\/uploads\/2026\/04\/Yeni-Proje-36.jpg","type":"image\/jpeg"}],"author":"haberkuzey","twitter_card":"summary_large_image","twitter_misc":{"Yazan:":"haberkuzey","Tahmini okuma s\u00fcresi":"1 dakika"},"schema":{"@context":"https:\/\/schema.org","@graph":[{"@type":"Article","@id":"https:\/\/haberkuzey.com\/index.php\/2026\/04\/30\/bayindirlik-ve-ulastirma-bakani-ariklidan-1-mayis-mesaji\/#article","isPartOf":{"@id":"https:\/\/haberkuzey.com\/index.php\/2026\/04\/30\/bayindirlik-ve-ulastirma-bakani-ariklidan-1-mayis-mesaji\/"},"author":{"name":"haberkuzey","@id":"https:\/\/haberkuzey.com\/#\/schema\/person\/3372109ec735f9333f4fa47ebb9605ca"},"headline":"Bay\u0131nd\u0131rl\u0131k ve Ula\u015ft\u0131rma Bakan\u0131 Ar\u0131kl\u0131\u2019dan 1 May\u0131s mesaj\u0131","datePublished":"2026-04-30T06:07:55+00:00","dateModified":"2026-04-30T06:08:05+00:00","mainEntityOfPage":{"@id":"https:\/\/haberkuzey.com\/index.php\/2026\/04\/30\/bayindirlik-ve-ulastirma-bakani-ariklidan-1-mayis-mesaji\/"},"wordCount":189,"commentCount":0,"image":{"@id":"https:\/\/haberkuzey.com\/index.php\/2026\/04\/30\/bayindirlik-ve-ulastirma-bakani-ariklidan-1-mayis-mesaji\/#primaryimage"},"thumbnailUrl":"https:\/\/haberkuzey.com\/wp-content\/uploads\/2026\/04\/Yeni-Proje-36.jpg","articleSection":["K\u0131br\u0131s"],"inLanguage":"tr","potentialAction":[{"@type":"CommentAction","name":"Comment","target":["https:\/\/haberkuzey.com\/index.php\/2026\/04\/30\/bayindirlik-ve-ulastirma-bakani-ariklidan-1-mayis-mesaji\/#respond"]}]},{"@type":"WebPage","@id":"https:\/\/haberkuzey.com\/index.php\/2026\/04\/30\/bayindirlik-ve-ulastirma-bakani-ariklidan-1-mayis-mesaji\/","url":"https:\/\/haberkuzey.com\/index.php\/2026\/04\/30\/bayindirlik-ve-ulastirma-bakani-ariklidan-1-mayis-mesaji\/","name":"Bay\u0131nd\u0131rl\u0131k ve Ula\u015ft\u0131rma Bakan\u0131 Ar\u0131kl\u0131\u2019dan 1 May\u0131s mesaj\u0131 - Haber Kuzey","isPartOf":{"@id":"https:\/\/haberkuzey.com\/#website"},"primaryImageOfPage":{"@id":"https:\/\/haberkuzey.com\/index.php\/2026\/04\/30\/bayindirlik-ve-ulastirma-bakani-ariklidan-1-mayis-mesaji\/#primaryimage"},"image":{"@id":"https:\/\/haberkuzey.com\/index.php\/2026\/04\/30\/bayindirlik-ve-ulastirma-bakani-ariklidan-1-mayis-mesaji\/#primaryimage"},"thumbnailUrl":"https:\/\/haberkuzey.com\/wp-content\/uploads\/2026\/04\/Yeni-Proje-36.jpg","datePublished":"2026-04-30T06:07:55+00:00","dateModified":"2026-04-30T06:08:05+00:00","author":{"@id":"https:\/\/haberkuzey.com\/#\/schema\/person\/3372109ec735f9333f4fa47ebb9605ca"},"breadcrumb":{"@id":"https:\/\/haberkuzey.com\/index.php\/2026\/04\/30\/bayindirlik-ve-ulastirma-bakani-ariklidan-1-mayis-mesaji\/#breadcrumb"},"inLanguage":"tr","potentialAction":[{"@type":"ReadAction","target":["https:\/\/haberkuzey.com\/index.php\/2026\/04\/30\/bayindirlik-ve-ulastirma-bakani-ariklidan-1-mayis-mesaji\/"]}]},{"@type":"ImageObject","inLanguage":"tr","@id":"https:\/\/haberkuzey.com\/index.php\/2026\/04\/30\/bayindirlik-ve-ulastirma-bakani-ariklidan-1-mayis-mesaji\/#primaryimage","url":"https:\/\/haberkuzey.com\/wp-content\/uploads\/2026\/04\/Yeni-Proje-36.jpg","contentUrl":"https:\/\/haberkuzey.com\/wp-content\/uploads\/2026\/04\/Yeni-Proje-36.jpg","width":971,"height":551},{"@type":"BreadcrumbList","@id":"https:\/\/haberkuzey.com\/index.php\/2026\/04\/30\/bayindirlik-ve-ulastirma-bakani-ariklidan-1-mayis-mesaji\/#breadcrumb","itemListElement":[{"@type":"ListItem","position":1,"name":"Anasayfa","item":"https:\/\/haberkuzey.com\/"},{"@type":"ListItem","position":2,"name":"Bay\u0131nd\u0131rl\u0131k ve Ula\u015ft\u0131rma Bakan\u0131 Ar\u0131kl\u0131\u2019dan 1 May\u0131s mesaj\u0131"}]},{"@type":"WebSite","@id":"https:\/\/haberkuzey.com\/#website","url":"https:\/\/haberkuzey.com\/","name":"Haber Kuzey","description":"Do\u011fru Haberin Adresi","potentialAction":[{"@type":"SearchAction","target":{"@type":"EntryPoint","urlTemplate":"https:\/\/haberkuzey.com\/?s={search_term_string}"},"query-input":{"@type":"PropertyValueSpecification","valueRequired":true,"valueName":"search_term_string"}}],"inLanguage":"tr"},{"@type":"Person","@id":"https:\/\/haberkuzey.com\/#\/schema\/person\/3372109ec735f9333f4fa47ebb9605ca","name":"haberkuzey","image":{"@type":"ImageObject","inLanguage":"tr","@id":"https:\/\/secure.gravatar.com\/avatar\/f5fc875574b1575324358c3b9e6a32b8227aa5b74f3fa22e3cadb63e26fcc39c?s=96&d=mm&r=g","url":"https:\/\/secure.gravatar.com\/avatar\/f5fc875574b1575324358c3b9e6a32b8227aa5b74f3fa22e3cadb63e26fcc39c?s=96&d=mm&r=g","contentUrl":"https:\/\/secure.gravatar.com\/avatar\/f5fc875574b1575324358c3b9e6a32b8227aa5b74f3fa22e3cadb63e26fcc39c?s=96&d=mm&r=g","caption":"haberkuzey"},"sameAs":["https:\/\/haberkuzey.com"],"url":"https:\/\/haberkuzey.com\/index.php\/author\/haberkuzey\/"}]}},"_links":{"self":[{"href":"https:\/\/haberkuzey.com\/index.php\/wp-json\/wp\/v2\/posts\/36852","targetHints":{"allow":["GET"]}}],"collection":[{"href":"https:\/\/haberkuzey.com\/index.php\/wp-json\/wp\/v2\/posts"}],"about":[{"href":"https:\/\/haberkuzey.com\/index.php\/wp-json\/wp\/v2\/types\/post"}],"author":[{"embeddable":true,"href":"https:\/\/haberkuzey.com\/index.php\/wp-json\/wp\/v2\/users\/1"}],"replies":[{"embeddable":true,"href":"https:\/\/haberkuzey.com\/index.php\/wp-json\/wp\/v2\/comments?post=36852"}],"version-history":[{"count":1,"href":"https:\/\/haberkuzey.com\/index.php\/wp-json\/wp\/v2\/posts\/36852\/revisions"}],"predecessor-version":[{"id":36854,"href":"https:\/\/haberkuzey.com\/index.php\/wp-json\/wp\/v2\/posts\/36852\/revisions\/36854"}],"wp:featuredmedia":[{"embeddable":true,"href":"https:\/\/haberkuzey.com\/index.php\/wp-json\/wp\/v2\/media\/36853"}],"wp:attachment":[{"href":"https:\/\/haberkuzey.com\/index.php\/wp-json\/wp\/v2\/media?parent=36852"}],"wp:term":[{"taxonomy":"category","embeddable":true,"href":"https:\/\/haberkuzey.com\/index.php\/wp-json\/wp\/v2\/categories?post=36852"},{"taxonomy":"post_tag","embeddable":true,"href":"https:\/\/haberkuzey.com\/index.php\/wp-json\/wp\/v2\/tags?post=36852"}],"curies":[{"name":"wp","href":"https:\/\/api.w.org\/{rel}","templated":true}]}}