{"id":36849,"date":"2026-04-30T08:25:49","date_gmt":"2026-04-30T05:25:49","guid":{"rendered":"https:\/\/haberkuzey.com\/index.php\/2026\/04\/30\/aci-kayip-jale-sakalli-hayatini-kaybetti\/"},"modified":"2026-04-30T08:25:57","modified_gmt":"2026-04-30T05:25:57","slug":"aci-kayip-jale-sakalli-hayatini-kaybetti","status":"publish","type":"post","link":"https:\/\/haberkuzey.com\/index.php\/2026\/04\/30\/aci-kayip-jale-sakalli-hayatini-kaybetti\/","title":{"rendered":"Ac\u0131 Kay\u0131p: Jale Sakall\u0131 hayat\u0131n\u0131 kaybetti"},"content":{"rendered":"<p>Jale Sakall\u0131\u2019n\u0131n vefat\u0131 ailesi, yak\u0131nlar\u0131 ve sevenlerini yasa bo\u011fdu. Cenazesi cuma g\u00fcn\u00fc Pile\u2019de topra\u011fa verilecek.<\/p>\n<p>Jale Sakall\u0131, 29 Nisan 2026 tarihinde hayat\u0131n\u0131 kaybetti.<\/p>\n<p>Merhumenin cenazesi, 01 May\u0131s Cuma g\u00fcn\u00fc Pile Camii\u2019nde k\u0131l\u0131nacak \u00f6\u011fle namaz\u0131n\u0131n ard\u0131ndan Pile Mezarl\u0131\u011f\u0131\u2019nda defnedilecek.<\/p>\n<p>Ailesi, dostlar\u0131, akrabalar\u0131 ve sevenleri b\u00fcy\u00fck \u00fcz\u00fcnt\u00fc ya\u015farken, sevenleri son g\u00f6revlerini yerine getirmek \u00fczere cenaze t\u00f6reninde bir araya gelecek.<\/p>\n<p>&nbsp;<\/p>\n<p>E\u015fi: Kamil Sakall\u0131 (Merhum)<br \/>\nEvlatlar\u0131 ve E\u015fleri :<br \/>\nHasan &#8211; Zehra Sakall\u0131<br \/>\nS\u00fcleyman &#8211; Suzan Sakall\u0131<br \/>\nCenk &#8211; Leman Sakall\u0131<br \/>\n\u015eeniz &#8211; Sava\u015f Sakall\u0131<\/p>\n<p>Torunlar\u0131 ve Torun \u00e7ocuklar\u0131<\/p>\n","protected":false},"excerpt":{"rendered":"<p>Jale Sakall\u0131\u2019n\u0131n vefat\u0131 ailesi, yak\u0131nlar\u0131 ve sevenlerini yasa bo\u011fdu. Cenazesi cuma g\u00fcn\u00fc Pile\u2019de topra\u011fa verilecek. Jale Sakall\u0131, 29 Nisan 2026 tarihinde hayat\u0131n\u0131 kaybetti. Merhumenin cenazesi, 01 May\u0131s Cuma g\u00fcn\u00fc Pile Camii\u2019nde k\u0131l\u0131nacak \u00f6\u011fle namaz\u0131n\u0131n ard\u0131ndan Pile Mezarl\u0131\u011f\u0131\u2019nda defnedilecek. Ailesi, dostlar\u0131, akrabalar\u0131 ve sevenleri b\u00fcy\u00fck \u00fcz\u00fcnt\u00fc ya\u015farken, sevenleri son g\u00f6revlerini yerine getirmek \u00fczere cenaze t\u00f6reninde bir [&hellip;]<\/p>\n","protected":false},"author":1,"featured_media":36850,"comment_status":"open","ping_status":"open","sticky":false,"template":"","format":"standard","meta":{"jnews-multi-image_gallery":[],"jnews_single_post":[],"jnews_primary_category":[],"footnotes":""},"categories":[1],"tags":[],"class_list":["post-36849","post","type-post","status-publish","format-standard","has-post-thumbnail","hentry","category-kibris"],"yoast_head":"<!-- This site is optimized with the Yoast SEO plugin v27.5 - https:\/\/yoast.com\/product\/yoast-seo-wordpress\/ -->\n<title>Ac\u0131 Kay\u0131p: Jale Sakall\u0131 hayat\u0131n\u0131 kaybetti - Haber Kuzey<\/title>\n<meta name=\"robots\" content=\"index, follow, max-snippet:-1, max-image-preview:large, max-video-preview:-1\" \/>\n<link rel=\"canonical\" href=\"https:\/\/haberkuzey.com\/index.php\/2026\/04\/30\/aci-kayip-jale-sakalli-hayatini-kaybetti\/\" \/>\n<meta property=\"og:locale\" content=\"tr_TR\" \/>\n<meta property=\"og:type\" content=\"article\" \/>\n<meta property=\"og:title\" content=\"Ac\u0131 Kay\u0131p: Jale Sakall\u0131 hayat\u0131n\u0131 kaybetti - Haber Kuzey\" \/>\n<meta property=\"og:description\" content=\"Jale Sakall\u0131\u2019n\u0131n vefat\u0131 ailesi, yak\u0131nlar\u0131 ve sevenlerini yasa bo\u011fdu. Cenazesi cuma g\u00fcn\u00fc Pile\u2019de topra\u011fa verilecek. Jale Sakall\u0131, 29 Nisan 2026 tarihinde hayat\u0131n\u0131 kaybetti. Merhumenin cenazesi, 01 May\u0131s Cuma g\u00fcn\u00fc Pile Camii\u2019nde k\u0131l\u0131nacak \u00f6\u011fle namaz\u0131n\u0131n ard\u0131ndan Pile Mezarl\u0131\u011f\u0131\u2019nda defnedilecek. Ailesi, dostlar\u0131, akrabalar\u0131 ve sevenleri b\u00fcy\u00fck \u00fcz\u00fcnt\u00fc ya\u015farken, sevenleri son g\u00f6revlerini yerine getirmek \u00fczere cenaze t\u00f6reninde bir [&hellip;]\" \/>\n<meta property=\"og:url\" content=\"https:\/\/haberkuzey.com\/index.php\/2026\/04\/30\/aci-kayip-jale-sakalli-hayatini-kaybetti\/\" \/>\n<meta property=\"og:site_name\" content=\"Haber Kuzey\" \/>\n<meta property=\"article:published_time\" content=\"2026-04-30T05:25:49+00:00\" \/>\n<meta property=\"article:modified_time\" content=\"2026-04-30T05:25:57+00:00\" \/>\n<meta property=\"og:image\" content=\"https:\/\/haberkuzey.com\/wp-content\/uploads\/2026\/04\/Yeni-Proje-11-11.jpg\" \/>\n\t<meta property=\"og:image:width\" content=\"1920\" \/>\n\t<meta property=\"og:image:height\" content=\"1080\" \/>\n\t<meta property=\"og:image:type\" content=\"image\/jpeg\" \/>\n<meta name=\"author\" content=\"haberkuzey\" \/>\n<meta name=\"twitter:card\" content=\"summary_large_image\" \/>\n<meta name=\"twitter:label1\" content=\"Yazan:\" \/>\n\t<meta name=\"twitter:data1\" content=\"haberkuzey\" \/>\n\t<meta name=\"twitter:label2\" content=\"Tahmini okuma s\u00fcresi\" \/>\n\t<meta name=\"twitter:data2\" content=\"1 dakika\" \/>\n<script type=\"application\/ld+json\" class=\"yoast-schema-graph\">{\"@context\":\"https:\\\/\\\/schema.org\",\"@graph\":[{\"@type\":\"Article\",\"@id\":\"https:\\\/\\\/haberkuzey.com\\\/index.php\\\/2026\\\/04\\\/30\\\/aci-kayip-jale-sakalli-hayatini-kaybetti\\\/#article\",\"isPartOf\":{\"@id\":\"https:\\\/\\\/haberkuzey.com\\\/index.php\\\/2026\\\/04\\\/30\\\/aci-kayip-jale-sakalli-hayatini-kaybetti\\\/\"},\"author\":{\"name\":\"haberkuzey\",\"@id\":\"https:\\\/\\\/haberkuzey.com\\\/#\\\/schema\\\/person\\\/3372109ec735f9333f4fa47ebb9605ca\"},\"headline\":\"Ac\u0131 Kay\u0131p: Jale Sakall\u0131 hayat\u0131n\u0131 kaybetti\",\"datePublished\":\"2026-04-30T05:25:49+00:00\",\"dateModified\":\"2026-04-30T05:25:57+00:00\",\"mainEntityOfPage\":{\"@id\":\"https:\\\/\\\/haberkuzey.com\\\/index.php\\\/2026\\\/04\\\/30\\\/aci-kayip-jale-sakalli-hayatini-kaybetti\\\/\"},\"wordCount\":112,\"commentCount\":0,\"image\":{\"@id\":\"https:\\\/\\\/haberkuzey.com\\\/index.php\\\/2026\\\/04\\\/30\\\/aci-kayip-jale-sakalli-hayatini-kaybetti\\\/#primaryimage\"},\"thumbnailUrl\":\"https:\\\/\\\/haberkuzey.com\\\/wp-content\\\/uploads\\\/2026\\\/04\\\/Yeni-Proje-11-11.jpg\",\"articleSection\":[\"K\u0131br\u0131s\"],\"inLanguage\":\"tr\",\"potentialAction\":[{\"@type\":\"CommentAction\",\"name\":\"Comment\",\"target\":[\"https:\\\/\\\/haberkuzey.com\\\/index.php\\\/2026\\\/04\\\/30\\\/aci-kayip-jale-sakalli-hayatini-kaybetti\\\/#respond\"]}]},{\"@type\":\"WebPage\",\"@id\":\"https:\\\/\\\/haberkuzey.com\\\/index.php\\\/2026\\\/04\\\/30\\\/aci-kayip-jale-sakalli-hayatini-kaybetti\\\/\",\"url\":\"https:\\\/\\\/haberkuzey.com\\\/index.php\\\/2026\\\/04\\\/30\\\/aci-kayip-jale-sakalli-hayatini-kaybetti\\\/\",\"name\":\"Ac\u0131 Kay\u0131p: Jale Sakall\u0131 hayat\u0131n\u0131 kaybetti - Haber Kuzey\",\"isPartOf\":{\"@id\":\"https:\\\/\\\/haberkuzey.com\\\/#website\"},\"primaryImageOfPage\":{\"@id\":\"https:\\\/\\\/haberkuzey.com\\\/index.php\\\/2026\\\/04\\\/30\\\/aci-kayip-jale-sakalli-hayatini-kaybetti\\\/#primaryimage\"},\"image\":{\"@id\":\"https:\\\/\\\/haberkuzey.com\\\/index.php\\\/2026\\\/04\\\/30\\\/aci-kayip-jale-sakalli-hayatini-kaybetti\\\/#primaryimage\"},\"thumbnailUrl\":\"https:\\\/\\\/haberkuzey.com\\\/wp-content\\\/uploads\\\/2026\\\/04\\\/Yeni-Proje-11-11.jpg\",\"datePublished\":\"2026-04-30T05:25:49+00:00\",\"dateModified\":\"2026-04-30T05:25:57+00:00\",\"author\":{\"@id\":\"https:\\\/\\\/haberkuzey.com\\\/#\\\/schema\\\/person\\\/3372109ec735f9333f4fa47ebb9605ca\"},\"breadcrumb\":{\"@id\":\"https:\\\/\\\/haberkuzey.com\\\/index.php\\\/2026\\\/04\\\/30\\\/aci-kayip-jale-sakalli-hayatini-kaybetti\\\/#breadcrumb\"},\"inLanguage\":\"tr\",\"potentialAction\":[{\"@type\":\"ReadAction\",\"target\":[\"https:\\\/\\\/haberkuzey.com\\\/index.php\\\/2026\\\/04\\\/30\\\/aci-kayip-jale-sakalli-hayatini-kaybetti\\\/\"]}]},{\"@type\":\"ImageObject\",\"inLanguage\":\"tr\",\"@id\":\"https:\\\/\\\/haberkuzey.com\\\/index.php\\\/2026\\\/04\\\/30\\\/aci-kayip-jale-sakalli-hayatini-kaybetti\\\/#primaryimage\",\"url\":\"https:\\\/\\\/haberkuzey.com\\\/wp-content\\\/uploads\\\/2026\\\/04\\\/Yeni-Proje-11-11.jpg\",\"contentUrl\":\"https:\\\/\\\/haberkuzey.com\\\/wp-content\\\/uploads\\\/2026\\\/04\\\/Yeni-Proje-11-11.jpg\",\"width\":1920,\"height\":1080},{\"@type\":\"BreadcrumbList\",\"@id\":\"https:\\\/\\\/haberkuzey.com\\\/index.php\\\/2026\\\/04\\\/30\\\/aci-kayip-jale-sakalli-hayatini-kaybetti\\\/#breadcrumb\",\"itemListElement\":[{\"@type\":\"ListItem\",\"position\":1,\"name\":\"Anasayfa\",\"item\":\"https:\\\/\\\/haberkuzey.com\\\/\"},{\"@type\":\"ListItem\",\"position\":2,\"name\":\"Ac\u0131 Kay\u0131p: Jale Sakall\u0131 hayat\u0131n\u0131 kaybetti\"}]},{\"@type\":\"WebSite\",\"@id\":\"https:\\\/\\\/haberkuzey.com\\\/#website\",\"url\":\"https:\\\/\\\/haberkuzey.com\\\/\",\"name\":\"Haber Kuzey\",\"description\":\"Do\u011fru Haberin Adresi\",\"potentialAction\":[{\"@type\":\"SearchAction\",\"target\":{\"@type\":\"EntryPoint\",\"urlTemplate\":\"https:\\\/\\\/haberkuzey.com\\\/?s={search_term_string}\"},\"query-input\":{\"@type\":\"PropertyValueSpecification\",\"valueRequired\":true,\"valueName\":\"search_term_string\"}}],\"inLanguage\":\"tr\"},{\"@type\":\"Person\",\"@id\":\"https:\\\/\\\/haberkuzey.com\\\/#\\\/schema\\\/person\\\/3372109ec735f9333f4fa47ebb9605ca\",\"name\":\"haberkuzey\",\"image\":{\"@type\":\"ImageObject\",\"inLanguage\":\"tr\",\"@id\":\"https:\\\/\\\/secure.gravatar.com\\\/avatar\\\/f5fc875574b1575324358c3b9e6a32b8227aa5b74f3fa22e3cadb63e26fcc39c?s=96&d=mm&r=g\",\"url\":\"https:\\\/\\\/secure.gravatar.com\\\/avatar\\\/f5fc875574b1575324358c3b9e6a32b8227aa5b74f3fa22e3cadb63e26fcc39c?s=96&d=mm&r=g\",\"contentUrl\":\"https:\\\/\\\/secure.gravatar.com\\\/avatar\\\/f5fc875574b1575324358c3b9e6a32b8227aa5b74f3fa22e3cadb63e26fcc39c?s=96&d=mm&r=g\",\"caption\":\"haberkuzey\"},\"sameAs\":[\"https:\\\/\\\/haberkuzey.com\"],\"url\":\"https:\\\/\\\/haberkuzey.com\\\/index.php\\\/author\\\/haberkuzey\\\/\"}]}<\/script>\n<!-- \/ Yoast SEO plugin. -->","yoast_head_json":{"title":"Ac\u0131 Kay\u0131p: Jale Sakall\u0131 hayat\u0131n\u0131 kaybetti - Haber Kuzey","robots":{"index":"index","follow":"follow","max-snippet":"max-snippet:-1","max-image-preview":"max-image-preview:large","max-video-preview":"max-video-preview:-1"},"canonical":"https:\/\/haberkuzey.com\/index.php\/2026\/04\/30\/aci-kayip-jale-sakalli-hayatini-kaybetti\/","og_locale":"tr_TR","og_type":"article","og_title":"Ac\u0131 Kay\u0131p: Jale Sakall\u0131 hayat\u0131n\u0131 kaybetti - Haber Kuzey","og_description":"Jale Sakall\u0131\u2019n\u0131n vefat\u0131 ailesi, yak\u0131nlar\u0131 ve sevenlerini yasa bo\u011fdu. Cenazesi cuma g\u00fcn\u00fc Pile\u2019de topra\u011fa verilecek. Jale Sakall\u0131, 29 Nisan 2026 tarihinde hayat\u0131n\u0131 kaybetti. Merhumenin cenazesi, 01 May\u0131s Cuma g\u00fcn\u00fc Pile Camii\u2019nde k\u0131l\u0131nacak \u00f6\u011fle namaz\u0131n\u0131n ard\u0131ndan Pile Mezarl\u0131\u011f\u0131\u2019nda defnedilecek. Ailesi, dostlar\u0131, akrabalar\u0131 ve sevenleri b\u00fcy\u00fck \u00fcz\u00fcnt\u00fc ya\u015farken, sevenleri son g\u00f6revlerini yerine getirmek \u00fczere cenaze t\u00f6reninde bir [&hellip;]","og_url":"https:\/\/haberkuzey.com\/index.php\/2026\/04\/30\/aci-kayip-jale-sakalli-hayatini-kaybetti\/","og_site_name":"Haber Kuzey","article_published_time":"2026-04-30T05:25:49+00:00","article_modified_time":"2026-04-30T05:25:57+00:00","og_image":[{"width":1920,"height":1080,"url":"https:\/\/haberkuzey.com\/wp-content\/uploads\/2026\/04\/Yeni-Proje-11-11.jpg","type":"image\/jpeg"}],"author":"haberkuzey","twitter_card":"summary_large_image","twitter_misc":{"Yazan:":"haberkuzey","Tahmini okuma s\u00fcresi":"1 dakika"},"schema":{"@context":"https:\/\/schema.org","@graph":[{"@type":"Article","@id":"https:\/\/haberkuzey.com\/index.php\/2026\/04\/30\/aci-kayip-jale-sakalli-hayatini-kaybetti\/#article","isPartOf":{"@id":"https:\/\/haberkuzey.com\/index.php\/2026\/04\/30\/aci-kayip-jale-sakalli-hayatini-kaybetti\/"},"author":{"name":"haberkuzey","@id":"https:\/\/haberkuzey.com\/#\/schema\/person\/3372109ec735f9333f4fa47ebb9605ca"},"headline":"Ac\u0131 Kay\u0131p: Jale Sakall\u0131 hayat\u0131n\u0131 kaybetti","datePublished":"2026-04-30T05:25:49+00:00","dateModified":"2026-04-30T05:25:57+00:00","mainEntityOfPage":{"@id":"https:\/\/haberkuzey.com\/index.php\/2026\/04\/30\/aci-kayip-jale-sakalli-hayatini-kaybetti\/"},"wordCount":112,"commentCount":0,"image":{"@id":"https:\/\/haberkuzey.com\/index.php\/2026\/04\/30\/aci-kayip-jale-sakalli-hayatini-kaybetti\/#primaryimage"},"thumbnailUrl":"https:\/\/haberkuzey.com\/wp-content\/uploads\/2026\/04\/Yeni-Proje-11-11.jpg","articleSection":["K\u0131br\u0131s"],"inLanguage":"tr","potentialAction":[{"@type":"CommentAction","name":"Comment","target":["https:\/\/haberkuzey.com\/index.php\/2026\/04\/30\/aci-kayip-jale-sakalli-hayatini-kaybetti\/#respond"]}]},{"@type":"WebPage","@id":"https:\/\/haberkuzey.com\/index.php\/2026\/04\/30\/aci-kayip-jale-sakalli-hayatini-kaybetti\/","url":"https:\/\/haberkuzey.com\/index.php\/2026\/04\/30\/aci-kayip-jale-sakalli-hayatini-kaybetti\/","name":"Ac\u0131 Kay\u0131p: Jale Sakall\u0131 hayat\u0131n\u0131 kaybetti - Haber Kuzey","isPartOf":{"@id":"https:\/\/haberkuzey.com\/#website"},"primaryImageOfPage":{"@id":"https:\/\/haberkuzey.com\/index.php\/2026\/04\/30\/aci-kayip-jale-sakalli-hayatini-kaybetti\/#primaryimage"},"image":{"@id":"https:\/\/haberkuzey.com\/index.php\/2026\/04\/30\/aci-kayip-jale-sakalli-hayatini-kaybetti\/#primaryimage"},"thumbnailUrl":"https:\/\/haberkuzey.com\/wp-content\/uploads\/2026\/04\/Yeni-Proje-11-11.jpg","datePublished":"2026-04-30T05:25:49+00:00","dateModified":"2026-04-30T05:25:57+00:00","author":{"@id":"https:\/\/haberkuzey.com\/#\/schema\/person\/3372109ec735f9333f4fa47ebb9605ca"},"breadcrumb":{"@id":"https:\/\/haberkuzey.com\/index.php\/2026\/04\/30\/aci-kayip-jale-sakalli-hayatini-kaybetti\/#breadcrumb"},"inLanguage":"tr","potentialAction":[{"@type":"ReadAction","target":["https:\/\/haberkuzey.com\/index.php\/2026\/04\/30\/aci-kayip-jale-sakalli-hayatini-kaybetti\/"]}]},{"@type":"ImageObject","inLanguage":"tr","@id":"https:\/\/haberkuzey.com\/index.php\/2026\/04\/30\/aci-kayip-jale-sakalli-hayatini-kaybetti\/#primaryimage","url":"https:\/\/haberkuzey.com\/wp-content\/uploads\/2026\/04\/Yeni-Proje-11-11.jpg","contentUrl":"https:\/\/haberkuzey.com\/wp-content\/uploads\/2026\/04\/Yeni-Proje-11-11.jpg","width":1920,"height":1080},{"@type":"BreadcrumbList","@id":"https:\/\/haberkuzey.com\/index.php\/2026\/04\/30\/aci-kayip-jale-sakalli-hayatini-kaybetti\/#breadcrumb","itemListElement":[{"@type":"ListItem","position":1,"name":"Anasayfa","item":"https:\/\/haberkuzey.com\/"},{"@type":"ListItem","position":2,"name":"Ac\u0131 Kay\u0131p: Jale Sakall\u0131 hayat\u0131n\u0131 kaybetti"}]},{"@type":"WebSite","@id":"https:\/\/haberkuzey.com\/#website","url":"https:\/\/haberkuzey.com\/","name":"Haber Kuzey","description":"Do\u011fru Haberin Adresi","potentialAction":[{"@type":"SearchAction","target":{"@type":"EntryPoint","urlTemplate":"https:\/\/haberkuzey.com\/?s={search_term_string}"},"query-input":{"@type":"PropertyValueSpecification","valueRequired":true,"valueName":"search_term_string"}}],"inLanguage":"tr"},{"@type":"Person","@id":"https:\/\/haberkuzey.com\/#\/schema\/person\/3372109ec735f9333f4fa47ebb9605ca","name":"haberkuzey","image":{"@type":"ImageObject","inLanguage":"tr","@id":"https:\/\/secure.gravatar.com\/avatar\/f5fc875574b1575324358c3b9e6a32b8227aa5b74f3fa22e3cadb63e26fcc39c?s=96&d=mm&r=g","url":"https:\/\/secure.gravatar.com\/avatar\/f5fc875574b1575324358c3b9e6a32b8227aa5b74f3fa22e3cadb63e26fcc39c?s=96&d=mm&r=g","contentUrl":"https:\/\/secure.gravatar.com\/avatar\/f5fc875574b1575324358c3b9e6a32b8227aa5b74f3fa22e3cadb63e26fcc39c?s=96&d=mm&r=g","caption":"haberkuzey"},"sameAs":["https:\/\/haberkuzey.com"],"url":"https:\/\/haberkuzey.com\/index.php\/author\/haberkuzey\/"}]}},"_links":{"self":[{"href":"https:\/\/haberkuzey.com\/index.php\/wp-json\/wp\/v2\/posts\/36849","targetHints":{"allow":["GET"]}}],"collection":[{"href":"https:\/\/haberkuzey.com\/index.php\/wp-json\/wp\/v2\/posts"}],"about":[{"href":"https:\/\/haberkuzey.com\/index.php\/wp-json\/wp\/v2\/types\/post"}],"author":[{"embeddable":true,"href":"https:\/\/haberkuzey.com\/index.php\/wp-json\/wp\/v2\/users\/1"}],"replies":[{"embeddable":true,"href":"https:\/\/haberkuzey.com\/index.php\/wp-json\/wp\/v2\/comments?post=36849"}],"version-history":[{"count":1,"href":"https:\/\/haberkuzey.com\/index.php\/wp-json\/wp\/v2\/posts\/36849\/revisions"}],"predecessor-version":[{"id":36851,"href":"https:\/\/haberkuzey.com\/index.php\/wp-json\/wp\/v2\/posts\/36849\/revisions\/36851"}],"wp:featuredmedia":[{"embeddable":true,"href":"https:\/\/haberkuzey.com\/index.php\/wp-json\/wp\/v2\/media\/36850"}],"wp:attachment":[{"href":"https:\/\/haberkuzey.com\/index.php\/wp-json\/wp\/v2\/media?parent=36849"}],"wp:term":[{"taxonomy":"category","embeddable":true,"href":"https:\/\/haberkuzey.com\/index.php\/wp-json\/wp\/v2\/categories?post=36849"},{"taxonomy":"post_tag","embeddable":true,"href":"https:\/\/haberkuzey.com\/index.php\/wp-json\/wp\/v2\/tags?post=36849"}],"curies":[{"name":"wp","href":"https:\/\/api.w.org\/{rel}","templated":true}]}}