{"id":36846,"date":"2026-04-30T08:20:19","date_gmt":"2026-04-30T05:20:19","guid":{"rendered":"https:\/\/haberkuzey.com\/index.php\/2026\/04\/30\/yagisli-hava-hafta-sonu-geri-donecek\/"},"modified":"2026-04-30T08:20:28","modified_gmt":"2026-04-30T05:20:28","slug":"yagisli-hava-hafta-sonu-geri-donecek","status":"publish","type":"post","link":"https:\/\/haberkuzey.com\/index.php\/2026\/04\/30\/yagisli-hava-hafta-sonu-geri-donecek\/","title":{"rendered":"Ya\u011f\u0131\u015fl\u0131 hava hafta sonu geri d\u00f6necek"},"content":{"rendered":"<p>Meteoroloji Dairesi, cumartesi g\u00fcn\u00fc \u00f6\u011fle saatlerinden itibaren beklenen ya\u011f\u0131\u015fl\u0131 havan\u0131n pazartesi g\u00fcn\u00fcne kadar devam edece\u011fini duyurdu.<\/p>\n<p>Meteoroloji Dairesi, 30 Nisan-6 May\u0131s tarihlerini kapsayan hava tahmin raporuna g\u00f6re, b\u00f6lge periyodun ilk g\u00fcnleri \u0131l\u0131k ve nemli, di\u011fer g\u00fcnlerde ise so\u011fuk ve nemli hava k\u00fctlesinin etkisi alt\u0131nda kalacak.<\/p>\n<p>En y\u00fcksek hava s\u0131cakl\u0131\u011f\u0131n\u0131n periyodun ilk g\u00fcnleri i\u00e7 kesimlerde 26-29, di\u011fer g\u00fcnlerde ise 22-25 ve sahillerde periyot boyunca 22-25 derece dolaylar\u0131nda olmas\u0131 bekleniyor.<\/p>\n<p>Hava bug\u00fcn ve yar\u0131n az bulutlu sabah saatleri yer yer sisli, cumartesi g\u00fcn\u00fc par\u00e7al\u0131 ve \u00e7ok bulutlu \u00f6\u011fle saatlerinden itibaren yer yer sa\u011fanak veya g\u00f6k g\u00fcr\u00fclt\u00fcl\u00fc sa\u011fanak, pazar g\u00fcn\u00fc par\u00e7al\u0131 ve \u00e7ok bulutlu yer yer sa\u011fanak veya g\u00f6k g\u00fcr\u00fclt\u00fcl\u00fc sa\u011fanak, pazartesi g\u00fcn\u00fc par\u00e7al\u0131 bulutlu yer yer sa\u011fanak, sal\u0131 g\u00fcn\u00fc par\u00e7al\u0131 bulutlu ve \u00e7ar\u015famba g\u00fcn\u00fc az bulutlu zamanla par\u00e7al\u0131 bulutlu olacak.<\/p>\n<p>R\u00fczgar ise, genellikle g\u00fcney ve bat\u0131 y\u00f6nlerden orta kuvvette ya\u011f\u0131\u015f an\u0131nda yer yer kuvvetli, pazar ve pazartesi g\u00fcnleri ise f\u0131rt\u0131nams\u0131 r\u00fczgar \u015feklinde esecek.<\/p>\n","protected":false},"excerpt":{"rendered":"<p>Meteoroloji Dairesi, cumartesi g\u00fcn\u00fc \u00f6\u011fle saatlerinden itibaren beklenen ya\u011f\u0131\u015fl\u0131 havan\u0131n pazartesi g\u00fcn\u00fcne kadar devam edece\u011fini duyurdu. Meteoroloji Dairesi, 30 Nisan-6 May\u0131s tarihlerini kapsayan hava tahmin raporuna g\u00f6re, b\u00f6lge periyodun ilk g\u00fcnleri \u0131l\u0131k ve nemli, di\u011fer g\u00fcnlerde ise so\u011fuk ve nemli hava k\u00fctlesinin etkisi alt\u0131nda kalacak. En y\u00fcksek hava s\u0131cakl\u0131\u011f\u0131n\u0131n periyodun ilk g\u00fcnleri i\u00e7 kesimlerde 26-29, [&hellip;]<\/p>\n","protected":false},"author":1,"featured_media":36847,"comment_status":"open","ping_status":"open","sticky":false,"template":"","format":"standard","meta":{"jnews-multi-image_gallery":[],"jnews_single_post":[],"jnews_primary_category":[],"footnotes":""},"categories":[1],"tags":[],"class_list":["post-36846","post","type-post","status-publish","format-standard","has-post-thumbnail","hentry","category-kibris"],"yoast_head":"<!-- This site is optimized with the Yoast SEO plugin v27.5 - https:\/\/yoast.com\/product\/yoast-seo-wordpress\/ -->\n<title>Ya\u011f\u0131\u015fl\u0131 hava hafta sonu geri d\u00f6necek - Haber Kuzey<\/title>\n<meta name=\"robots\" content=\"index, follow, max-snippet:-1, max-image-preview:large, max-video-preview:-1\" \/>\n<link rel=\"canonical\" href=\"https:\/\/haberkuzey.com\/index.php\/2026\/04\/30\/yagisli-hava-hafta-sonu-geri-donecek\/\" \/>\n<meta property=\"og:locale\" content=\"tr_TR\" \/>\n<meta property=\"og:type\" content=\"article\" \/>\n<meta property=\"og:title\" content=\"Ya\u011f\u0131\u015fl\u0131 hava hafta sonu geri d\u00f6necek - Haber Kuzey\" \/>\n<meta property=\"og:description\" content=\"Meteoroloji Dairesi, cumartesi g\u00fcn\u00fc \u00f6\u011fle saatlerinden itibaren beklenen ya\u011f\u0131\u015fl\u0131 havan\u0131n pazartesi g\u00fcn\u00fcne kadar devam edece\u011fini duyurdu. Meteoroloji Dairesi, 30 Nisan-6 May\u0131s tarihlerini kapsayan hava tahmin raporuna g\u00f6re, b\u00f6lge periyodun ilk g\u00fcnleri \u0131l\u0131k ve nemli, di\u011fer g\u00fcnlerde ise so\u011fuk ve nemli hava k\u00fctlesinin etkisi alt\u0131nda kalacak. En y\u00fcksek hava s\u0131cakl\u0131\u011f\u0131n\u0131n periyodun ilk g\u00fcnleri i\u00e7 kesimlerde 26-29, [&hellip;]\" \/>\n<meta property=\"og:url\" content=\"https:\/\/haberkuzey.com\/index.php\/2026\/04\/30\/yagisli-hava-hafta-sonu-geri-donecek\/\" \/>\n<meta property=\"og:site_name\" content=\"Haber Kuzey\" \/>\n<meta property=\"article:published_time\" content=\"2026-04-30T05:20:19+00:00\" \/>\n<meta property=\"article:modified_time\" content=\"2026-04-30T05:20:28+00:00\" \/>\n<meta property=\"og:image\" content=\"https:\/\/haberkuzey.com\/wp-content\/uploads\/2026\/04\/1775382545629YAGMUR-ERO-1024x586.jpg\" \/>\n\t<meta property=\"og:image:width\" content=\"1024\" \/>\n\t<meta property=\"og:image:height\" content=\"586\" \/>\n\t<meta property=\"og:image:type\" content=\"image\/jpeg\" \/>\n<meta name=\"author\" content=\"haberkuzey\" \/>\n<meta name=\"twitter:card\" content=\"summary_large_image\" \/>\n<meta name=\"twitter:label1\" content=\"Yazan:\" \/>\n\t<meta name=\"twitter:data1\" content=\"haberkuzey\" \/>\n\t<meta name=\"twitter:label2\" content=\"Tahmini okuma s\u00fcresi\" \/>\n\t<meta name=\"twitter:data2\" content=\"1 dakika\" \/>\n<script type=\"application\/ld+json\" class=\"yoast-schema-graph\">{\"@context\":\"https:\\\/\\\/schema.org\",\"@graph\":[{\"@type\":\"Article\",\"@id\":\"https:\\\/\\\/haberkuzey.com\\\/index.php\\\/2026\\\/04\\\/30\\\/yagisli-hava-hafta-sonu-geri-donecek\\\/#article\",\"isPartOf\":{\"@id\":\"https:\\\/\\\/haberkuzey.com\\\/index.php\\\/2026\\\/04\\\/30\\\/yagisli-hava-hafta-sonu-geri-donecek\\\/\"},\"author\":{\"name\":\"haberkuzey\",\"@id\":\"https:\\\/\\\/haberkuzey.com\\\/#\\\/schema\\\/person\\\/3372109ec735f9333f4fa47ebb9605ca\"},\"headline\":\"Ya\u011f\u0131\u015fl\u0131 hava hafta sonu geri d\u00f6necek\",\"datePublished\":\"2026-04-30T05:20:19+00:00\",\"dateModified\":\"2026-04-30T05:20:28+00:00\",\"mainEntityOfPage\":{\"@id\":\"https:\\\/\\\/haberkuzey.com\\\/index.php\\\/2026\\\/04\\\/30\\\/yagisli-hava-hafta-sonu-geri-donecek\\\/\"},\"wordCount\":216,\"commentCount\":0,\"image\":{\"@id\":\"https:\\\/\\\/haberkuzey.com\\\/index.php\\\/2026\\\/04\\\/30\\\/yagisli-hava-hafta-sonu-geri-donecek\\\/#primaryimage\"},\"thumbnailUrl\":\"https:\\\/\\\/haberkuzey.com\\\/wp-content\\\/uploads\\\/2026\\\/04\\\/1775382545629YAGMUR-ERO-1024x586.jpg\",\"articleSection\":[\"K\u0131br\u0131s\"],\"inLanguage\":\"tr\",\"potentialAction\":[{\"@type\":\"CommentAction\",\"name\":\"Comment\",\"target\":[\"https:\\\/\\\/haberkuzey.com\\\/index.php\\\/2026\\\/04\\\/30\\\/yagisli-hava-hafta-sonu-geri-donecek\\\/#respond\"]}]},{\"@type\":\"WebPage\",\"@id\":\"https:\\\/\\\/haberkuzey.com\\\/index.php\\\/2026\\\/04\\\/30\\\/yagisli-hava-hafta-sonu-geri-donecek\\\/\",\"url\":\"https:\\\/\\\/haberkuzey.com\\\/index.php\\\/2026\\\/04\\\/30\\\/yagisli-hava-hafta-sonu-geri-donecek\\\/\",\"name\":\"Ya\u011f\u0131\u015fl\u0131 hava hafta sonu geri d\u00f6necek - Haber Kuzey\",\"isPartOf\":{\"@id\":\"https:\\\/\\\/haberkuzey.com\\\/#website\"},\"primaryImageOfPage\":{\"@id\":\"https:\\\/\\\/haberkuzey.com\\\/index.php\\\/2026\\\/04\\\/30\\\/yagisli-hava-hafta-sonu-geri-donecek\\\/#primaryimage\"},\"image\":{\"@id\":\"https:\\\/\\\/haberkuzey.com\\\/index.php\\\/2026\\\/04\\\/30\\\/yagisli-hava-hafta-sonu-geri-donecek\\\/#primaryimage\"},\"thumbnailUrl\":\"https:\\\/\\\/haberkuzey.com\\\/wp-content\\\/uploads\\\/2026\\\/04\\\/1775382545629YAGMUR-ERO-1024x586.jpg\",\"datePublished\":\"2026-04-30T05:20:19+00:00\",\"dateModified\":\"2026-04-30T05:20:28+00:00\",\"author\":{\"@id\":\"https:\\\/\\\/haberkuzey.com\\\/#\\\/schema\\\/person\\\/3372109ec735f9333f4fa47ebb9605ca\"},\"breadcrumb\":{\"@id\":\"https:\\\/\\\/haberkuzey.com\\\/index.php\\\/2026\\\/04\\\/30\\\/yagisli-hava-hafta-sonu-geri-donecek\\\/#breadcrumb\"},\"inLanguage\":\"tr\",\"potentialAction\":[{\"@type\":\"ReadAction\",\"target\":[\"https:\\\/\\\/haberkuzey.com\\\/index.php\\\/2026\\\/04\\\/30\\\/yagisli-hava-hafta-sonu-geri-donecek\\\/\"]}]},{\"@type\":\"ImageObject\",\"inLanguage\":\"tr\",\"@id\":\"https:\\\/\\\/haberkuzey.com\\\/index.php\\\/2026\\\/04\\\/30\\\/yagisli-hava-hafta-sonu-geri-donecek\\\/#primaryimage\",\"url\":\"https:\\\/\\\/haberkuzey.com\\\/wp-content\\\/uploads\\\/2026\\\/04\\\/1775382545629YAGMUR-ERO-1024x586.jpg\",\"contentUrl\":\"https:\\\/\\\/haberkuzey.com\\\/wp-content\\\/uploads\\\/2026\\\/04\\\/1775382545629YAGMUR-ERO-1024x586.jpg\",\"width\":1024,\"height\":586},{\"@type\":\"BreadcrumbList\",\"@id\":\"https:\\\/\\\/haberkuzey.com\\\/index.php\\\/2026\\\/04\\\/30\\\/yagisli-hava-hafta-sonu-geri-donecek\\\/#breadcrumb\",\"itemListElement\":[{\"@type\":\"ListItem\",\"position\":1,\"name\":\"Anasayfa\",\"item\":\"https:\\\/\\\/haberkuzey.com\\\/\"},{\"@type\":\"ListItem\",\"position\":2,\"name\":\"Ya\u011f\u0131\u015fl\u0131 hava hafta sonu geri d\u00f6necek\"}]},{\"@type\":\"WebSite\",\"@id\":\"https:\\\/\\\/haberkuzey.com\\\/#website\",\"url\":\"https:\\\/\\\/haberkuzey.com\\\/\",\"name\":\"Haber Kuzey\",\"description\":\"Do\u011fru Haberin Adresi\",\"potentialAction\":[{\"@type\":\"SearchAction\",\"target\":{\"@type\":\"EntryPoint\",\"urlTemplate\":\"https:\\\/\\\/haberkuzey.com\\\/?s={search_term_string}\"},\"query-input\":{\"@type\":\"PropertyValueSpecification\",\"valueRequired\":true,\"valueName\":\"search_term_string\"}}],\"inLanguage\":\"tr\"},{\"@type\":\"Person\",\"@id\":\"https:\\\/\\\/haberkuzey.com\\\/#\\\/schema\\\/person\\\/3372109ec735f9333f4fa47ebb9605ca\",\"name\":\"haberkuzey\",\"image\":{\"@type\":\"ImageObject\",\"inLanguage\":\"tr\",\"@id\":\"https:\\\/\\\/secure.gravatar.com\\\/avatar\\\/f5fc875574b1575324358c3b9e6a32b8227aa5b74f3fa22e3cadb63e26fcc39c?s=96&d=mm&r=g\",\"url\":\"https:\\\/\\\/secure.gravatar.com\\\/avatar\\\/f5fc875574b1575324358c3b9e6a32b8227aa5b74f3fa22e3cadb63e26fcc39c?s=96&d=mm&r=g\",\"contentUrl\":\"https:\\\/\\\/secure.gravatar.com\\\/avatar\\\/f5fc875574b1575324358c3b9e6a32b8227aa5b74f3fa22e3cadb63e26fcc39c?s=96&d=mm&r=g\",\"caption\":\"haberkuzey\"},\"sameAs\":[\"https:\\\/\\\/haberkuzey.com\"],\"url\":\"https:\\\/\\\/haberkuzey.com\\\/index.php\\\/author\\\/haberkuzey\\\/\"}]}<\/script>\n<!-- \/ Yoast SEO plugin. -->","yoast_head_json":{"title":"Ya\u011f\u0131\u015fl\u0131 hava hafta sonu geri d\u00f6necek - Haber Kuzey","robots":{"index":"index","follow":"follow","max-snippet":"max-snippet:-1","max-image-preview":"max-image-preview:large","max-video-preview":"max-video-preview:-1"},"canonical":"https:\/\/haberkuzey.com\/index.php\/2026\/04\/30\/yagisli-hava-hafta-sonu-geri-donecek\/","og_locale":"tr_TR","og_type":"article","og_title":"Ya\u011f\u0131\u015fl\u0131 hava hafta sonu geri d\u00f6necek - Haber Kuzey","og_description":"Meteoroloji Dairesi, cumartesi g\u00fcn\u00fc \u00f6\u011fle saatlerinden itibaren beklenen ya\u011f\u0131\u015fl\u0131 havan\u0131n pazartesi g\u00fcn\u00fcne kadar devam edece\u011fini duyurdu. Meteoroloji Dairesi, 30 Nisan-6 May\u0131s tarihlerini kapsayan hava tahmin raporuna g\u00f6re, b\u00f6lge periyodun ilk g\u00fcnleri \u0131l\u0131k ve nemli, di\u011fer g\u00fcnlerde ise so\u011fuk ve nemli hava k\u00fctlesinin etkisi alt\u0131nda kalacak. En y\u00fcksek hava s\u0131cakl\u0131\u011f\u0131n\u0131n periyodun ilk g\u00fcnleri i\u00e7 kesimlerde 26-29, [&hellip;]","og_url":"https:\/\/haberkuzey.com\/index.php\/2026\/04\/30\/yagisli-hava-hafta-sonu-geri-donecek\/","og_site_name":"Haber Kuzey","article_published_time":"2026-04-30T05:20:19+00:00","article_modified_time":"2026-04-30T05:20:28+00:00","og_image":[{"width":1024,"height":586,"url":"https:\/\/haberkuzey.com\/wp-content\/uploads\/2026\/04\/1775382545629YAGMUR-ERO-1024x586.jpg","type":"image\/jpeg"}],"author":"haberkuzey","twitter_card":"summary_large_image","twitter_misc":{"Yazan:":"haberkuzey","Tahmini okuma s\u00fcresi":"1 dakika"},"schema":{"@context":"https:\/\/schema.org","@graph":[{"@type":"Article","@id":"https:\/\/haberkuzey.com\/index.php\/2026\/04\/30\/yagisli-hava-hafta-sonu-geri-donecek\/#article","isPartOf":{"@id":"https:\/\/haberkuzey.com\/index.php\/2026\/04\/30\/yagisli-hava-hafta-sonu-geri-donecek\/"},"author":{"name":"haberkuzey","@id":"https:\/\/haberkuzey.com\/#\/schema\/person\/3372109ec735f9333f4fa47ebb9605ca"},"headline":"Ya\u011f\u0131\u015fl\u0131 hava hafta sonu geri d\u00f6necek","datePublished":"2026-04-30T05:20:19+00:00","dateModified":"2026-04-30T05:20:28+00:00","mainEntityOfPage":{"@id":"https:\/\/haberkuzey.com\/index.php\/2026\/04\/30\/yagisli-hava-hafta-sonu-geri-donecek\/"},"wordCount":216,"commentCount":0,"image":{"@id":"https:\/\/haberkuzey.com\/index.php\/2026\/04\/30\/yagisli-hava-hafta-sonu-geri-donecek\/#primaryimage"},"thumbnailUrl":"https:\/\/haberkuzey.com\/wp-content\/uploads\/2026\/04\/1775382545629YAGMUR-ERO-1024x586.jpg","articleSection":["K\u0131br\u0131s"],"inLanguage":"tr","potentialAction":[{"@type":"CommentAction","name":"Comment","target":["https:\/\/haberkuzey.com\/index.php\/2026\/04\/30\/yagisli-hava-hafta-sonu-geri-donecek\/#respond"]}]},{"@type":"WebPage","@id":"https:\/\/haberkuzey.com\/index.php\/2026\/04\/30\/yagisli-hava-hafta-sonu-geri-donecek\/","url":"https:\/\/haberkuzey.com\/index.php\/2026\/04\/30\/yagisli-hava-hafta-sonu-geri-donecek\/","name":"Ya\u011f\u0131\u015fl\u0131 hava hafta sonu geri d\u00f6necek - Haber Kuzey","isPartOf":{"@id":"https:\/\/haberkuzey.com\/#website"},"primaryImageOfPage":{"@id":"https:\/\/haberkuzey.com\/index.php\/2026\/04\/30\/yagisli-hava-hafta-sonu-geri-donecek\/#primaryimage"},"image":{"@id":"https:\/\/haberkuzey.com\/index.php\/2026\/04\/30\/yagisli-hava-hafta-sonu-geri-donecek\/#primaryimage"},"thumbnailUrl":"https:\/\/haberkuzey.com\/wp-content\/uploads\/2026\/04\/1775382545629YAGMUR-ERO-1024x586.jpg","datePublished":"2026-04-30T05:20:19+00:00","dateModified":"2026-04-30T05:20:28+00:00","author":{"@id":"https:\/\/haberkuzey.com\/#\/schema\/person\/3372109ec735f9333f4fa47ebb9605ca"},"breadcrumb":{"@id":"https:\/\/haberkuzey.com\/index.php\/2026\/04\/30\/yagisli-hava-hafta-sonu-geri-donecek\/#breadcrumb"},"inLanguage":"tr","potentialAction":[{"@type":"ReadAction","target":["https:\/\/haberkuzey.com\/index.php\/2026\/04\/30\/yagisli-hava-hafta-sonu-geri-donecek\/"]}]},{"@type":"ImageObject","inLanguage":"tr","@id":"https:\/\/haberkuzey.com\/index.php\/2026\/04\/30\/yagisli-hava-hafta-sonu-geri-donecek\/#primaryimage","url":"https:\/\/haberkuzey.com\/wp-content\/uploads\/2026\/04\/1775382545629YAGMUR-ERO-1024x586.jpg","contentUrl":"https:\/\/haberkuzey.com\/wp-content\/uploads\/2026\/04\/1775382545629YAGMUR-ERO-1024x586.jpg","width":1024,"height":586},{"@type":"BreadcrumbList","@id":"https:\/\/haberkuzey.com\/index.php\/2026\/04\/30\/yagisli-hava-hafta-sonu-geri-donecek\/#breadcrumb","itemListElement":[{"@type":"ListItem","position":1,"name":"Anasayfa","item":"https:\/\/haberkuzey.com\/"},{"@type":"ListItem","position":2,"name":"Ya\u011f\u0131\u015fl\u0131 hava hafta sonu geri d\u00f6necek"}]},{"@type":"WebSite","@id":"https:\/\/haberkuzey.com\/#website","url":"https:\/\/haberkuzey.com\/","name":"Haber Kuzey","description":"Do\u011fru Haberin Adresi","potentialAction":[{"@type":"SearchAction","target":{"@type":"EntryPoint","urlTemplate":"https:\/\/haberkuzey.com\/?s={search_term_string}"},"query-input":{"@type":"PropertyValueSpecification","valueRequired":true,"valueName":"search_term_string"}}],"inLanguage":"tr"},{"@type":"Person","@id":"https:\/\/haberkuzey.com\/#\/schema\/person\/3372109ec735f9333f4fa47ebb9605ca","name":"haberkuzey","image":{"@type":"ImageObject","inLanguage":"tr","@id":"https:\/\/secure.gravatar.com\/avatar\/f5fc875574b1575324358c3b9e6a32b8227aa5b74f3fa22e3cadb63e26fcc39c?s=96&d=mm&r=g","url":"https:\/\/secure.gravatar.com\/avatar\/f5fc875574b1575324358c3b9e6a32b8227aa5b74f3fa22e3cadb63e26fcc39c?s=96&d=mm&r=g","contentUrl":"https:\/\/secure.gravatar.com\/avatar\/f5fc875574b1575324358c3b9e6a32b8227aa5b74f3fa22e3cadb63e26fcc39c?s=96&d=mm&r=g","caption":"haberkuzey"},"sameAs":["https:\/\/haberkuzey.com"],"url":"https:\/\/haberkuzey.com\/index.php\/author\/haberkuzey\/"}]}},"_links":{"self":[{"href":"https:\/\/haberkuzey.com\/index.php\/wp-json\/wp\/v2\/posts\/36846","targetHints":{"allow":["GET"]}}],"collection":[{"href":"https:\/\/haberkuzey.com\/index.php\/wp-json\/wp\/v2\/posts"}],"about":[{"href":"https:\/\/haberkuzey.com\/index.php\/wp-json\/wp\/v2\/types\/post"}],"author":[{"embeddable":true,"href":"https:\/\/haberkuzey.com\/index.php\/wp-json\/wp\/v2\/users\/1"}],"replies":[{"embeddable":true,"href":"https:\/\/haberkuzey.com\/index.php\/wp-json\/wp\/v2\/comments?post=36846"}],"version-history":[{"count":1,"href":"https:\/\/haberkuzey.com\/index.php\/wp-json\/wp\/v2\/posts\/36846\/revisions"}],"predecessor-version":[{"id":36848,"href":"https:\/\/haberkuzey.com\/index.php\/wp-json\/wp\/v2\/posts\/36846\/revisions\/36848"}],"wp:featuredmedia":[{"embeddable":true,"href":"https:\/\/haberkuzey.com\/index.php\/wp-json\/wp\/v2\/media\/36847"}],"wp:attachment":[{"href":"https:\/\/haberkuzey.com\/index.php\/wp-json\/wp\/v2\/media?parent=36846"}],"wp:term":[{"taxonomy":"category","embeddable":true,"href":"https:\/\/haberkuzey.com\/index.php\/wp-json\/wp\/v2\/categories?post=36846"},{"taxonomy":"post_tag","embeddable":true,"href":"https:\/\/haberkuzey.com\/index.php\/wp-json\/wp\/v2\/tags?post=36846"}],"curies":[{"name":"wp","href":"https:\/\/api.w.org\/{rel}","templated":true}]}}